{"id":168725,"date":"2015-07-02T06:15:19","date_gmt":"2015-07-02T06:15:19","guid":{"rendered":"https:\/\/www.meydan.tv\/article\/baykotcular\/"},"modified":"2015-07-02T06:15:19","modified_gmt":"2015-07-02T06:15:19","slug":"baykotcular","status":"publish","type":"post","link":"https:\/\/www.meydan.tv\/az\/article\/baykotcular\/","title":{"rendered":"Baykot\u00e7ular"},"content":{"rendered":"<figure class=\"wp-block-image size-large\">\n  <img decoding=\"async\" src=\"https:\/\/www.meydan.tv\/az\/26050\/\" alt=\"\" class=\"wp-image-26050\"\/><figcaption><\/figcaption><\/figure>\n<figure class=\"wp-block-image size-large\">\n  <img decoding=\"async\" src=\"https:\/\/www.meydan.tv\/az\/26053\/\" alt=\"\" class=\"wp-image-26053\"\/><figcaption><\/figcaption><\/figure>\n<p>\n  \u018fziz v\u0259 h\u00f6rm\u0259tli m\u0259d\u0259niyy\u0259t v\u0259 s\u0259n\u0259t portallar\u0131n\u0131n redaktorlar\u0131 v\u0259 ba\u015f redaktorlar\u0131!\n<\/p>\n<p>\n  \u018fvv\u0259ld\u0259n bel\u0259 bir f\u0259ls\u0259f\u0259m olub ki, insan layiq olmad\u0131\u011f\u0131 he\u00e7 bir hadis\u0259y\u0259 m\u0259ruz qalm\u0131r. \u018fg\u0259r ba\u015f\u0131na bir i\u015f g\u0259lirs\u0259, ya da g\u0259lmirs\u0259, dem\u0259li, buna layiqdir. M\u0259s\u0259l\u0259n, g\u00f6rd\u00fcy\u00fc i\u015f b\u0259y\u0259nilmirs\u0259, dem\u0259li, yax\u015f\u0131 i\u015f deyil. Yazd\u0131qlar\u0131n\u0131 oxuyan yoxdursa, dem\u0259li, buna layiqs\u0259n. Yazd\u0131qlar\u0131n sat\u0131lm\u0131rsa, dem\u0259li, buna layiqs\u0259n. \u018fg\u0259r yax\u015f\u0131 olsayd\u0131, oxunard\u0131, sat\u0131lard\u0131.\n<\/p>\n<p>\n  Anlay\u0131ram media-portallar\u0131. M\u0259n d\u0259 redaktor olsayd\u0131m, qeyri-pe\u015f\u0259karlara, m\u0259\u015fhur olmayanlara yer ay\u0131rmazd\u0131m. \u00c7\u00fcnki provinsial hekay\u0259 v\u0259 \u015feirl\u0259r sayt\u0131n h\u0259m reytinqin\u0259, h\u0259m d\u0259 imicin\u0259 z\u0259r\u0259r verir. Sayt\u0131n yaratd\u0131\u011f\u0131 v\u0259 fikirl\u0259rd\u0259 m\u00f6vcud etdiyi kult bel\u0259 yaz\u0131larla g\u00f6zd\u0259n d\u00fc\u015f\u0259 bil\u0259r. Amma \u0259n az\u0131ndan, a\u00e7\u0131b g\u00f6nd\u0259ril\u0259nl\u0259r\u0259 baxard\u0131m, b\u0259lk\u0259 maraql\u0131 bir \u015fey var bu m\u0259ktublar\u0131n i\u00e7in\u0259.\n<\/p>\n<p>\n  M\u0259nim ilk v\u0259 ard\u0131c\u0131l olaraq ikinci, \u00fc\u00e7\u00fcnc\u00fc yaz\u0131m mediada, daha d\u0259qiq Meydan TV-nin k\u00f6\u015f\u0259 yazarlar\u0131 b\u00f6lm\u0259sind\u0259 yay\u0131mlananda yaz\u0131larda bir s\u0131ra qrammatik s\u0259hvl\u0259r var idi, yaz\u0131n\u0131 oxuyanlar bunu m\u0259nd\u0259 irad tuturdular v\u0259 m\u0259n bunlar\u0131 normal q\u0259bul edirdim. \u00c7\u00fcnki mediaya ilk \u00e7\u0131x\u0131\u015f\u0131m idi. Bundan \u0259vv\u0259l q\u0259zet, sayt v\u0259 ya ba\u015fqa K\u0130V-l\u0259rd\u0259 he\u00e7 bir yaz\u0131m d\u0259rc olunmam\u0131\u015fd\u0131. Zamanla is\u0259 bu s\u0259hvl\u0259ri d\u00fcz\u0259ltm\u0259y\u0259 \u00e7al\u0131\u015f\u0131ram.\n<\/p>\n<p>\n  \u018fziz sayt redaktorlar\u0131, \u0259g\u0259r portal\u0131n x\u00fcsusi pe\u015f\u0259kar yazarlar\u0131 varsa v\u0259 yaln\u0131z onlar\u0131n yaz\u0131lar\u0131 d\u0259rc olunursa m\u0259n pe\u015f\u0259kar olana v\u0259 ya\u015f\u0131m \u00e7atana kimi susub, k\u0259nara \u00e7\u0259kilir\u0259m. M\u0259n\u0259 v\u0259 m\u0259nim kimi bir ne\u00e7\u0259 g\u0259nc\u0259 bu saytlardan cavab g\u0259ls\u0259 v\u0259 &#8220;Hekay\u0259niz (\u015feiriniz) yay\u0131mlanma\u011fa uy\u011fun deyil&#8221; deyils\u0259, he\u00e7 bir k\u0259sin etiraz etm\u0259y\u0259 haqq\u0131 olmaz.\n<\/p>\n<p>\n  Yox, \u0259g\u0259r saytda m\u0259nd\u0259n v\u0259 m\u0259nim kimi bir ne\u00e7\u0259 g\u0259ncin yaz\u0131lar\u0131na, \u00fcmumiyy\u0259tl\u0259, bax\u0131lm\u0131rsa v\u0259 h\u0259min portallarda dig\u0259r \u0259d\u0259biyyat\u00e7\u0131 g\u0259ncl\u0259rin banal hekay\u0259l\u0259ri d\u0259rc olunursa, o zaman burada he\u00e7 bir senzuradan s\u00f6hb\u0259t ged\u0259 bilm\u0259z.\u00a0 Bunun ad\u0131 \u0259d\u0259biyyat monopoliyas\u0131d\u0131r.\n<\/p>\n<p>\n  M\u0259s\u0259l\u0259n bu yax\u0131nlarda &#8220;Ali&amp;Nino&#8221; kitab evin\u0259 qar\u015f\u0131 bir ne\u00e7\u0259 yaz\u0131\u00e7\u0131 v\u0259 jurnalist \u00fcsyana qalxm\u0131\u015fd\u0131.\u00a0 S\u0259b\u0259b bu quruma g\u00f6nd\u0259ril\u0259n kitab\u0131n sat\u0131\u015fa qoyulmamas\u0131 idi. Kifay\u0259t q\u0259d\u0259r arqumentl\u0259r s\u0259sl\u0259ndi bu hadis\u0259y\u0259 qar\u015f\u0131. Maraql\u0131 bir \u00e7\u0131x\u0131\u015f idi.\n<\/p>\n<p>\n  \u018fg\u0259r bel\u0259 saytlar \u00f6zl\u0259ri \u0259d\u0259biyyat sah\u0259sind\u0259ki monopoliyaya, totalitarizm\u0259 qar\u015f\u0131 \u00fcsyan, boykot elan edirl\u0259rs\u0259 v\u0259 dig\u0259r t\u0259r\u0259fd\u0259n yaln\u0131z m\u00fc\u0259yy\u0259n bir k\u00fctl\u0259nin yaz\u0131lar\u0131 il\u0259 m\u0259\u015f\u011fuldurlarsa, o zaman onlar\u0131n \u00f6zl\u0259ri d\u0259 bu monopoliyan\u0131n bir hiss\u0259sidir. Bu media \u00fcz\u0259rind\u0259ki tiranl\u0131q kim\u0259 laz\u0131md\u0131r ax\u0131?\n<\/p>\n<p>\n  Rasim Qaraca bir m\u00fcdd\u0259t \u0259vv\u0259l yazarlar\u0131n l\u0259q\u0259bl\u0259ri bar\u0259sind\u0259 ke\u00e7iril\u0259n sor\u011fuda s\u0259hv etmir\u0259ms\u0259, bel\u0259 demi\u015fdi : &#8221; 10 il yaz\u0131 g\u00f6nd\u0259rirdim d\u0259rgil\u0259r\u0259, yay\u0131mlanm\u0131rd\u0131. Sonunda ad\u0131m\u0131n sonuna Qaraca \u0259lav\u0259 etdim, yay\u0131mlanma\u011fa ba\u015flad\u0131.&#8221;\n<\/p>\n<p>\n  B\u0259lk\u0259 h\u0259qiq\u0259t\u0259n d\u0259, l\u0259q\u0259b laz\u0131md\u0131r bel\u0259 d\u0259rgil\u0259r\u0259 ?\n<\/p>\n<p>\n  M\u0259nc\u0259 kitab evin\u0259 bir g\u00fcnd\u0259 9-a yax\u0131n etiraz yaz\u0131s\u0131 yazan &#8220;sayt v\u0259 saytlara&#8221; bir g\u0259nc olaraq etiraz etm\u0259k v\u0259 bir yaz\u0131 yazmaq haqq\u0131md\u0131r.\n<\/p>\n<p>\n  U\u011furlar!\n<\/p>\n<p>\n  Qeyd : M\u0259ktub t\u0259k bir quruma yox haqs\u0131zl\u0131q ed\u0259n b\u00fct\u00fcn d\u0259rgil\u0259r\u0259 ithaf olunur.\n<\/p>\n<p>\n  <b><br \/>\n    Yaz\u0131dak\u0131 fikirl\u0259r m\u00fc\u0259llif\u0259 m\u0259xsusdur v\u0259 onlara g\u00f6r\u0259 Meydan TV m\u0259suliyy\u0259t da\u015f\u0131m\u0131r.<br \/>\n  <\/b><\/p>\n","protected":false},"excerpt":{"rendered":"<p>Bunun ad\u0131 \u0259d\u0259biyyat monopoliyas\u0131d\u0131r\u2026<\/p>\n","protected":false},"author":11,"featured_media":26050,"comment_status":"closed","ping_status":"open","sticky":false,"template":"","format":"standard","meta":{"_acf_changed":false,"_sitemap_exclude":false,"_sitemap_priority":"","_sitemap_frequency":"","footnotes":""},"categories":[57],"tags":[],"class_list":["post-168725","post","type-post","status-publish","format-standard","has-post-thumbnail","hentry","category-menim-fikrimce","infinite-scroll-item","generate-columns","tablet-grid-50","mobile-grid-100","grid-parent","grid-33","no-featured-image-padding"],"acf":[],"yoast_head":"<!-- This site is optimized with the Yoast SEO plugin v27.5 - https:\/\/yoast.com\/product\/yoast-seo-wordpress\/ -->\n<title>Baykot\u00e7ular - MEYDAN.TV<\/title>\n<meta name=\"robots\" content=\"index, follow, max-snippet:-1, max-image-preview:large, max-video-preview:-1\" \/>\n<link rel=\"canonical\" href=\"https:\/\/www.meydan.tv\/az\/article\/baykotcular\/\" \/>\n<meta property=\"og:locale\" content=\"az_AZ\" \/>\n<meta property=\"og:type\" content=\"article\" \/>\n<meta property=\"og:title\" content=\"Baykot\u00e7ular - MEYDAN.TV\" \/>\n<meta property=\"og:description\" content=\"Bunun ad\u0131 \u0259d\u0259biyyat monopoliyas\u0131d\u0131r\u2026\" \/>\n<meta property=\"og:url\" content=\"https:\/\/www.meydan.tv\/az\/article\/baykotcular\/\" \/>\n<meta property=\"og:site_name\" content=\"MEYDAN.TV\" \/>\n<meta property=\"article:published_time\" content=\"2015-07-02T06:15:19+00:00\" \/>\n<meta property=\"og:image\" content=\"https:\/\/www.meydan.tv\/wp-content\/uploads\/9577.jpg\" \/>\n\t<meta property=\"og:image:width\" content=\"500\" \/>\n\t<meta property=\"og:image:height\" content=\"500\" \/>\n\t<meta property=\"og:image:type\" content=\"image\/jpeg\" \/>\n<meta name=\"author\" content=\"user-manager\" \/>\n<meta name=\"twitter:card\" content=\"summary_large_image\" \/>\n<script type=\"application\/ld+json\" class=\"yoast-schema-graph\">{\"@context\":\"https:\\\/\\\/schema.org\",\"@graph\":[{\"@type\":\"Article\",\"@id\":\"https:\\\/\\\/www.meydan.tv\\\/az\\\/article\\\/baykotcular\\\/#article\",\"isPartOf\":{\"@id\":\"https:\\\/\\\/www.meydan.tv\\\/az\\\/article\\\/baykotcular\\\/\"},\"author\":{\"name\":\"user-manager\",\"@id\":\"https:\\\/\\\/www.meydan.tv\\\/az\\\/#\\\/schema\\\/person\\\/10d11eccf6da3662cf5fdab9806ea91a\"},\"headline\":\"Baykot\u00e7ular\",\"datePublished\":\"2015-07-02T06:15:19+00:00\",\"mainEntityOfPage\":{\"@id\":\"https:\\\/\\\/www.meydan.tv\\\/az\\\/article\\\/baykotcular\\\/\"},\"wordCount\":671,\"publisher\":{\"@id\":\"https:\\\/\\\/www.meydan.tv\\\/az\\\/#organization\"},\"image\":{\"@id\":\"https:\\\/\\\/www.meydan.tv\\\/az\\\/article\\\/baykotcular\\\/#primaryimage\"},\"thumbnailUrl\":\"https:\\\/\\\/www.meydan.tv\\\/wp-content\\\/uploads\\\/9577.jpg\",\"articleSection\":[\"M\u0259nim Fikrimc\u0259\"],\"inLanguage\":\"az\"},{\"@type\":\"WebPage\",\"@id\":\"https:\\\/\\\/www.meydan.tv\\\/az\\\/article\\\/baykotcular\\\/\",\"url\":\"https:\\\/\\\/www.meydan.tv\\\/az\\\/article\\\/baykotcular\\\/\",\"name\":\"Baykot\u00e7ular - MEYDAN.TV\",\"isPartOf\":{\"@id\":\"https:\\\/\\\/www.meydan.tv\\\/az\\\/#website\"},\"primaryImageOfPage\":{\"@id\":\"https:\\\/\\\/www.meydan.tv\\\/az\\\/article\\\/baykotcular\\\/#primaryimage\"},\"image\":{\"@id\":\"https:\\\/\\\/www.meydan.tv\\\/az\\\/article\\\/baykotcular\\\/#primaryimage\"},\"thumbnailUrl\":\"https:\\\/\\\/www.meydan.tv\\\/wp-content\\\/uploads\\\/9577.jpg\",\"datePublished\":\"2015-07-02T06:15:19+00:00\",\"breadcrumb\":{\"@id\":\"https:\\\/\\\/www.meydan.tv\\\/az\\\/article\\\/baykotcular\\\/#breadcrumb\"},\"inLanguage\":\"az\",\"potentialAction\":[{\"@type\":\"ReadAction\",\"target\":[\"https:\\\/\\\/www.meydan.tv\\\/az\\\/article\\\/baykotcular\\\/\"]}]},{\"@type\":\"ImageObject\",\"inLanguage\":\"az\",\"@id\":\"https:\\\/\\\/www.meydan.tv\\\/az\\\/article\\\/baykotcular\\\/#primaryimage\",\"url\":\"https:\\\/\\\/www.meydan.tv\\\/wp-content\\\/uploads\\\/9577.jpg\",\"contentUrl\":\"https:\\\/\\\/www.meydan.tv\\\/wp-content\\\/uploads\\\/9577.jpg\",\"width\":500,\"height\":500,\"caption\":\"Source:\"},{\"@type\":\"BreadcrumbList\",\"@id\":\"https:\\\/\\\/www.meydan.tv\\\/az\\\/article\\\/baykotcular\\\/#breadcrumb\",\"itemListElement\":[{\"@type\":\"ListItem\",\"position\":1,\"name\":\"Ana s\u0259hif\u0259\",\"item\":\"https:\\\/\\\/www.meydan.tv\\\/az\\\/\"},{\"@type\":\"ListItem\",\"position\":2,\"name\":\"M\u0259nim Fikrimc\u0259\",\"item\":\"https:\\\/\\\/www.meydan.tv\\\/az\\\/section\\\/menim-fikrimce\\\/\"},{\"@type\":\"ListItem\",\"position\":3,\"name\":\"Baykot\u00e7ular\"}]},{\"@type\":\"WebSite\",\"@id\":\"https:\\\/\\\/www.meydan.tv\\\/az\\\/#website\",\"url\":\"https:\\\/\\\/www.meydan.tv\\\/az\\\/\",\"name\":\"MEYDAN.TV\",\"description\":\"Meydan TV Az\u0259rbaycan\u0131n media m\u0259kan\u0131ndak\u0131 alternativ s\u0259sidir\",\"publisher\":{\"@id\":\"https:\\\/\\\/www.meydan.tv\\\/az\\\/#organization\"},\"potentialAction\":[{\"@type\":\"SearchAction\",\"target\":{\"@type\":\"EntryPoint\",\"urlTemplate\":\"https:\\\/\\\/www.meydan.tv\\\/az\\\/?s={search_term_string}\"},\"query-input\":{\"@type\":\"PropertyValueSpecification\",\"valueRequired\":true,\"valueName\":\"search_term_string\"}}],\"inLanguage\":\"az\"},{\"@type\":\"Organization\",\"@id\":\"https:\\\/\\\/www.meydan.tv\\\/az\\\/#organization\",\"name\":\"Meydan TV\",\"url\":\"https:\\\/\\\/www.meydan.tv\\\/az\\\/\",\"logo\":{\"@type\":\"ImageObject\",\"inLanguage\":\"az\",\"@id\":\"https:\\\/\\\/www.meydan.tv\\\/az\\\/#\\\/schema\\\/logo\\\/image\\\/\",\"url\":\"https:\\\/\\\/www.meydan.tv\\\/wp-content\\\/uploads\\\/2021\\\/07\\\/meydan-logo.svg\",\"contentUrl\":\"https:\\\/\\\/www.meydan.tv\\\/wp-content\\\/uploads\\\/2021\\\/07\\\/meydan-logo.svg\",\"width\":195,\"height\":46,\"caption\":\"Meydan TV\"},\"image\":{\"@id\":\"https:\\\/\\\/www.meydan.tv\\\/az\\\/#\\\/schema\\\/logo\\\/image\\\/\"}},{\"@type\":\"Person\",\"@id\":\"https:\\\/\\\/www.meydan.tv\\\/az\\\/#\\\/schema\\\/person\\\/10d11eccf6da3662cf5fdab9806ea91a\",\"name\":\"user-manager\"}]}<\/script>\n<!-- \/ Yoast SEO plugin. -->","yoast_head_json":{"title":"Baykot\u00e7ular - MEYDAN.TV","robots":{"index":"index","follow":"follow","max-snippet":"max-snippet:-1","max-image-preview":"max-image-preview:large","max-video-preview":"max-video-preview:-1"},"canonical":"https:\/\/www.meydan.tv\/az\/article\/baykotcular\/","og_locale":"az_AZ","og_type":"article","og_title":"Baykot\u00e7ular - MEYDAN.TV","og_description":"Bunun ad\u0131 \u0259d\u0259biyyat monopoliyas\u0131d\u0131r\u2026","og_url":"https:\/\/www.meydan.tv\/az\/article\/baykotcular\/","og_site_name":"MEYDAN.TV","article_published_time":"2015-07-02T06:15:19+00:00","og_image":[{"width":500,"height":500,"url":"https:\/\/www.meydan.tv\/wp-content\/uploads\/9577.jpg","type":"image\/jpeg"}],"author":"user-manager","twitter_card":"summary_large_image","schema":{"@context":"https:\/\/schema.org","@graph":[{"@type":"Article","@id":"https:\/\/www.meydan.tv\/az\/article\/baykotcular\/#article","isPartOf":{"@id":"https:\/\/www.meydan.tv\/az\/article\/baykotcular\/"},"author":{"name":"user-manager","@id":"https:\/\/www.meydan.tv\/az\/#\/schema\/person\/10d11eccf6da3662cf5fdab9806ea91a"},"headline":"Baykot\u00e7ular","datePublished":"2015-07-02T06:15:19+00:00","mainEntityOfPage":{"@id":"https:\/\/www.meydan.tv\/az\/article\/baykotcular\/"},"wordCount":671,"publisher":{"@id":"https:\/\/www.meydan.tv\/az\/#organization"},"image":{"@id":"https:\/\/www.meydan.tv\/az\/article\/baykotcular\/#primaryimage"},"thumbnailUrl":"https:\/\/www.meydan.tv\/wp-content\/uploads\/9577.jpg","articleSection":["M\u0259nim Fikrimc\u0259"],"inLanguage":"az"},{"@type":"WebPage","@id":"https:\/\/www.meydan.tv\/az\/article\/baykotcular\/","url":"https:\/\/www.meydan.tv\/az\/article\/baykotcular\/","name":"Baykot\u00e7ular - MEYDAN.TV","isPartOf":{"@id":"https:\/\/www.meydan.tv\/az\/#website"},"primaryImageOfPage":{"@id":"https:\/\/www.meydan.tv\/az\/article\/baykotcular\/#primaryimage"},"image":{"@id":"https:\/\/www.meydan.tv\/az\/article\/baykotcular\/#primaryimage"},"thumbnailUrl":"https:\/\/www.meydan.tv\/wp-content\/uploads\/9577.jpg","datePublished":"2015-07-02T06:15:19+00:00","breadcrumb":{"@id":"https:\/\/www.meydan.tv\/az\/article\/baykotcular\/#breadcrumb"},"inLanguage":"az","potentialAction":[{"@type":"ReadAction","target":["https:\/\/www.meydan.tv\/az\/article\/baykotcular\/"]}]},{"@type":"ImageObject","inLanguage":"az","@id":"https:\/\/www.meydan.tv\/az\/article\/baykotcular\/#primaryimage","url":"https:\/\/www.meydan.tv\/wp-content\/uploads\/9577.jpg","contentUrl":"https:\/\/www.meydan.tv\/wp-content\/uploads\/9577.jpg","width":500,"height":500,"caption":"Source:"},{"@type":"BreadcrumbList","@id":"https:\/\/www.meydan.tv\/az\/article\/baykotcular\/#breadcrumb","itemListElement":[{"@type":"ListItem","position":1,"name":"Ana s\u0259hif\u0259","item":"https:\/\/www.meydan.tv\/az\/"},{"@type":"ListItem","position":2,"name":"M\u0259nim Fikrimc\u0259","item":"https:\/\/www.meydan.tv\/az\/section\/menim-fikrimce\/"},{"@type":"ListItem","position":3,"name":"Baykot\u00e7ular"}]},{"@type":"WebSite","@id":"https:\/\/www.meydan.tv\/az\/#website","url":"https:\/\/www.meydan.tv\/az\/","name":"MEYDAN.TV","description":"Meydan TV Az\u0259rbaycan\u0131n media m\u0259kan\u0131ndak\u0131 alternativ s\u0259sidir","publisher":{"@id":"https:\/\/www.meydan.tv\/az\/#organization"},"potentialAction":[{"@type":"SearchAction","target":{"@type":"EntryPoint","urlTemplate":"https:\/\/www.meydan.tv\/az\/?s={search_term_string}"},"query-input":{"@type":"PropertyValueSpecification","valueRequired":true,"valueName":"search_term_string"}}],"inLanguage":"az"},{"@type":"Organization","@id":"https:\/\/www.meydan.tv\/az\/#organization","name":"Meydan TV","url":"https:\/\/www.meydan.tv\/az\/","logo":{"@type":"ImageObject","inLanguage":"az","@id":"https:\/\/www.meydan.tv\/az\/#\/schema\/logo\/image\/","url":"https:\/\/www.meydan.tv\/wp-content\/uploads\/2021\/07\/meydan-logo.svg","contentUrl":"https:\/\/www.meydan.tv\/wp-content\/uploads\/2021\/07\/meydan-logo.svg","width":195,"height":46,"caption":"Meydan TV"},"image":{"@id":"https:\/\/www.meydan.tv\/az\/#\/schema\/logo\/image\/"}},{"@type":"Person","@id":"https:\/\/www.meydan.tv\/az\/#\/schema\/person\/10d11eccf6da3662cf5fdab9806ea91a","name":"user-manager"}]}},"_links":{"self":[{"href":"https:\/\/www.meydan.tv\/az\/wp-json\/wp\/v2\/posts\/168725","targetHints":{"allow":["GET"]}}],"collection":[{"href":"https:\/\/www.meydan.tv\/az\/wp-json\/wp\/v2\/posts"}],"about":[{"href":"https:\/\/www.meydan.tv\/az\/wp-json\/wp\/v2\/types\/post"}],"author":[{"embeddable":true,"href":"https:\/\/www.meydan.tv\/az\/wp-json\/wp\/v2\/users\/11"}],"replies":[{"embeddable":true,"href":"https:\/\/www.meydan.tv\/az\/wp-json\/wp\/v2\/comments?post=168725"}],"version-history":[{"count":0,"href":"https:\/\/www.meydan.tv\/az\/wp-json\/wp\/v2\/posts\/168725\/revisions"}],"wp:featuredmedia":[{"embeddable":true,"href":"https:\/\/www.meydan.tv\/az\/wp-json\/wp\/v2\/media\/26050"}],"wp:attachment":[{"href":"https:\/\/www.meydan.tv\/az\/wp-json\/wp\/v2\/media?parent=168725"}],"wp:term":[{"taxonomy":"category","embeddable":true,"href":"https:\/\/www.meydan.tv\/az\/wp-json\/wp\/v2\/categories?post=168725"},{"taxonomy":"post_tag","embeddable":true,"href":"https:\/\/www.meydan.tv\/az\/wp-json\/wp\/v2\/tags?post=168725"}],"curies":[{"name":"wp","href":"https:\/\/api.w.org\/{rel}","templated":true}]}}