{"id":168707,"date":"2015-06-29T23:30:01","date_gmt":"2015-06-29T23:30:01","guid":{"rendered":"https:\/\/www.meydan.tv\/article\/nenem-ve-heyder-eliyev\/"},"modified":"2015-06-29T23:30:01","modified_gmt":"2015-06-29T23:30:01","slug":"nenem-ve-heyder-eliyev","status":"publish","type":"post","link":"https:\/\/www.meydan.tv\/az\/article\/nenem-ve-heyder-eliyev\/","title":{"rendered":"N\u0259n\u0259m v\u0259 Heyd\u0259r \u018fliyev"},"content":{"rendered":"<figure class=\"wp-block-image size-large\">\n  <img decoding=\"async\" src=\"https:\/\/www.meydan.tv\/az\/24303\/\" alt=\"\" class=\"wp-image-24303\"\/><figcaption><\/figcaption><\/figure>\n<figure class=\"wp-block-image size-large\">\n  <img decoding=\"async\" src=\"https:\/\/www.meydan.tv\/az\/24306\/\" alt=\"\" class=\"wp-image-24306\"\/><figcaption><\/figcaption><\/figure>\n<p>\n  N\u0259n\u0259m\u0259 sual edir\u0259m, \u201cStalin \u00f6l\u0259nd\u0259 n\u0259 etdiz?\u201d Sual\u0131 d\u00fc\u015f\u00fcnm\u0259d\u0259n, d\u0259rhal\u00a0 cavablay\u0131r: \u201cA\u011flad\u0131q. Rayonun m\u0259rk\u0259zin\u0259 toplad\u0131lar bizi, sonra da radiodan Stalinin \u00f6ld\u00fcy\u00fcn\u00fc x\u0259b\u0259r verdil\u0259r. Biz d\u0259 a\u011flad\u0131q, ham\u0131m\u0131z a\u011flad\u0131q\u201d Bu, onun \u00fc\u00e7\u00fcn son d\u0259r\u0259c\u0259 t\u0259bii, anla\u015f\u0131lan cavabd\u0131r. \u0130zah etm\u0259yi a\u011fl\u0131ndan bel\u0259 ke\u00e7irmir. M\u0259n anlama\u011fa \u00e7al\u0131\u015f\u0131ram: \u201cNiy\u0259 a\u011flay\u0131rd\u0131z?\u201d&#8230;\u00a0\u00a0 &#8211; \u201cNec\u0259 y\u0259ni niy\u0259? Stalin \u00f6lm\u00fc\u015fd\u00fc, Stalin! Ax\u0131, biz h\u0259yat\u0131m\u0131z\u0131n onsuz nec\u0259 davam ed\u0259c\u0259yini bilmirdik, biz ondan sonra nec\u0259 ya\u015f\u0131yas\u0131yd\u0131q?!\u201d\n<\/p>\n<p>\n  D\u0259c\u0259liyim\u0259 sal\u0131ram, \u201cAllah kimi idi, h\u0259?\u201d\n<\/p>\n<p>\n  Sovetl\u0259r da\u011f\u0131landan sonra ya\u015fl\u0131 n\u0259slin \u00e7ox bir \u00e7ox n\u00fcmay\u0259nd\u0259si Sovetl\u0259rin ateist aparat\u0131n\u0131n qorxusundan, qism\u0259n formla\u015fd\u0131r\u0131lm\u0131\u015f ictimai q\u0131naqdan \u00e7\u0259kin\u0259r\u0259k yaln\u0131z d\u0259rinlikl\u0259rind\u0259 gizl\u0259tdikl\u0259ri m\u00fcs\u0259lman kimlikl\u0259rin\u0259 qay\u0131d\u0131\u015f el\u0259di. N\u0259n\u0259m bir xeyli \u0259hli-kef adam oldu\u011fundan, \u0259r\u0259b \u0259li \u00e7atmad\u0131\u011f\u0131 da\u011f rayonunda do\u011fulub b\u00f6y\u00fcd\u00fcy\u00fcnd\u0259n, din\u0259, onun rituallar\u0131na qay\u0131tmad\u0131, amma m\u00fcs\u0259lman kimliyini yenid\u0259n \u015f\u0259kill\u0259ndirdi, bir az da dey\u0259s\u0259n Allaha inanma\u011fa ba\u015flad\u0131. Ya\u015fl\u0131 insand\u0131r, anla\u015f\u0131land\u0131r.<br \/>\n  <br \/>\n  Sual\u0131m ona g\u00f6r\u0259 bir az q\u0131c\u0131qland\u0131r\u0131c\u0131 olur. Amma o, sakit formada, \u201ch\u0259, o bizim \u00fc\u00e7\u00fcn Allah idi\u201d.\n<\/p>\n<p>\n  Yad\u0131ma Heyd\u0259r \u018fliyevin bir m\u00fcsahib\u0259si d\u00fc\u015f\u00fcr. Stalinl\u0259 ba\u011fl\u0131 ona ox\u015far sual ver\u0259n jurnalist m\u0259nim n\u0259n\u0259md\u0259n ald\u0131\u011f\u0131m cavab\u0131n eynisin al\u0131r. Stalin, n\u0259n\u0259ml\u0259 Heyd\u0259r \u018fliyevi eyni d\u00fc\u015f\u00fcnm\u0259y\u0259, hiss etm\u0259y\u0259 m\u0259cbur ed\u0259n adam olub. Q\u0259rib\u0259 s\u0259sl\u0259nir, f\u0259rqind\u0259y\u0259m. Amma o d\u00f6vrd\u0259 \u0259ks\u0259riyy\u0259t bel\u0259 hiss edib.<br \/>\n  <br \/>\n  Stalin &#8211; tanr\u0131n\u0131 (konsept olaraq) \u015f\u0259xsl\u0259\u015fdirmi\u015f insan. Onu g\u00f6yd\u0259n yer\u0259 dart\u0131b g\u0259tir\u0259n adam. Ruhani t\u0259hsili oldu\u011fundan, k\u00fctl\u0259nin arxetipl\u0259rini mahirc\u0259 idar\u0259 ed\u0259n tiran. K\u00fctl\u0259nin g\u00f6z\u00fcnd\u0259 m\u0259rh\u0259m\u0259tli, q\u0259ddar, bir s\u00f6zl\u0259 tanr\u0131. O indiki n\u0259sl\u0259 niy\u0259 maraql\u0131 olsun ki?<br \/>\n  \n<\/p>\n<p>\n  <b><br \/>\n    Repressiya Muzeyi<br \/>\n  <\/b>\n<\/p>\n<p>\n  Tiflisd\u0259 diqq\u0259timi \u00e7\u0259k\u0259n o oldu ki, h\u0259r yerd\u0259 Stalinin h\u0259yat\u0131na h\u0259sr olunmu\u015f kitablar sat\u0131l\u0131r. Yaln\u0131z jurnal, q\u0259zet satan yeralt\u0131 ke\u00e7idl\u0259rind\u0259 Stalin\u0259 aid kitablar\u0131n da, pi\u015ftaxtada \u00f6z\u00fcn\u0259 yer tutmas\u0131, g\u00fcrc\u00fcn\u00fcn Stalin\u0259 m\u00fcnasib\u0259tini qism\u0259n izah edir. S\u00f6hb\u0259t ed\u0259 bildiyim g\u00fcrc\u00fc g\u0259ncl\u0259rinin \u00e7oxu Stalini sevmir, ya\u015fl\u0131 n\u0259sil is\u0259 ya neytral yana\u015f\u0131r ya da, onu \u0259sl lider say\u0131r. Ola bilsin ya\u015fl\u0131lar aras\u0131nda Stalin repressiyas\u0131n\u0131 birba\u015fa v\u0259 ya dolay\u0131 dadm\u0131\u015f adamla rastla\u015fmam\u0131\u015fam h\u0259l\u0259. F\u0259rdi ya\u015fant\u0131 \u0259sas\u0131nda insanlar (\u201cinsan \u0259claf m\u0259xluqdu\u201d), xalqlar (\u201cerm\u0259ni qans\u0131zd\u0131r\u201d), cinsl\u0259r (\u201cqad\u0131n a\u011f\u0131ls\u0131zd\u0131r\u201d) v\u0259s haqq\u0131nda formala\u015fan \u00f6nyar\u011f\u0131lar\u0131n t\u0259l\u0259sin\u0259 d\u00fc\u015fm\u0259kd\u0259n qa\u00e7ma\u011fa \u00e7al\u0131\u015f\u0131ram. Rastla\u015fd\u0131\u011f\u0131m bir-iki g\u00fcrc\u00fc Stalin\u0259 r\u0259\u011fb\u0259t b\u0259sl\u0259yib dey\u0259, \u201cb\u00fct\u00fcn g\u00fcrc\u00fcl\u0259r Stalini sevir\u201d dey\u0259 bir yanl\u0131\u015fl\u0131\u011fa d\u00fc\u015fm\u0259m\u0259k \u00fc\u00e7\u00fcn sor\u011fulara bax\u0131ram. Son ke\u00e7irilmi\u015f sor\u011fularda, insanlar\u0131n Stalin\u0259 olan simpatiya faizi \u00e7oxdur.<br \/>\n  <br \/>\n  Deyil\u0259nl\u0259r\u0259 g\u00f6r\u0259 Stalin repressiyada g\u00fcrc\u00fcl\u0259r\u0259 qar\u015f\u0131 daha amans\u0131z olub, \u00e7\u00fcnki o ist\u0259mirdi ki, Sovetl\u0259rd\u0259 onun g\u00fcrc\u00fc olmas\u0131 ona problem ya\u015fats\u0131n. N\u0259 q\u0259d\u0259r do\u011fru v\u0259 ya yanl\u0131\u015fd\u0131r bilmir\u0259m.\n<\/p>\n<p>\n  Q\u0259rib\u0259 \u015f\u0259kil g\u00f6r\u00fcr\u0259m, 9 may Q\u0259l\u0259b\u0259 G\u00fcn\u00fc, brend markalardan olan \u201cErmenegildo Zegna\u201d Rustaveli prospektind\u0259 yerl\u0259\u015f\u0259n ma\u011fazas\u0131n\u0131n k\u00fc\u00e7\u0259y\u0259 baxan \u015f\u00fc\u015fl\u0259rinin birind\u0259, \u00fc\u00e7 \u0130kinci D\u00fcnya m\u00fcharib\u0259sinin qalibl\u0259ri olan Stalin, Ruzvelt, \u00c7\u00f6r\u00e7ilin b\u00f6y\u00fcd\u00fclm\u00fc\u015f birg\u0259 \u015f\u0259klini as\u0131b. N\u0259y\u0259 i\u015far\u0259 edir?<\/p>\n<p>  \u015ehota Rustavelli k\u00fc\u00e7\u0259si boyu \u00fcz\u00fc a\u015fa\u011f\u0131, Meydana t\u0259r\u0259f gedir\u0259m. Yolun sol t\u0259r\u0259find\u0259 G\u00fcrc\u00fcstan Milli M\u00fczeyi yerl\u0259\u015fir. \u0130\u00e7\u0259ri daxil olub, \u201cRepressiya M\u00fczeyinin\u201d (ad\u0131n\u0131n sonradan s\u0259hv e\u015fitdiyimi anlad\u0131m) harda oldu\u011fun soru\u015furam. M\u00fczeyin d\u00f6rd\u00fcnc\u00fc m\u0259rt\u0259b\u0259sin\u0259 qalxmal\u0131 oldu\u011fumu deyirl\u0259r. Yava\u015f-yava\u015f d\u00f6rd\u00fcnc\u00fc m\u0259rt\u0259b\u0259y\u0259 qalx\u0131ram amma l\u00f6vh\u0259d\u0259 yaz\u0131l\u0131b: \u201cSoviet Occupation Museum 1921-1991\u201d (Sovet \u0130\u015f\u011fal\u0131 M\u00fczeyi \u2013 1921 -1991). Burada s\u0259rgil\u0259n\u0259n eksponatlar\u0131n \u00e7oxu i\u015f\u011faldan daha \u00e7ox Sovet d\u00f6vr\u00fcnd\u0259 repressiyaya m\u0259ruz qalm\u0131\u015f m\u0259\u015fhur g\u00fcrc\u00fcl\u0259r haqq\u0131ndad\u0131r. Stalinin personas\u0131 q\u0259d\u0259r, onun etdikl\u0259ri d\u0259 g\u00fcrc\u00fcn\u00fcn kimliyin\u0259 d\u0259rin t\u0259siri olub. Haz\u0131rda Stalinin \u015f\u0259xsiyy\u0259ti g\u00fcrc\u00fcn\u00fcn \u00f6z\u00fcn\u00fc d\u0259 \u00e7a\u015f-ba\u015f sal\u0131b. Yeni v\u0259 k\u00f6hn\u0259 n\u0259sin at\u0131\u015fma zonas\u0131na \u00e7evrilib. Bu yeni G\u00fcrc\u00fcstan\u0131n m\u00fczeyidir, onu yenid\u0259n quranlar\u0131n, \u015f\u0259kill\u0259ndir\u0259nl\u0259rin. Bu m\u00fczey g\u00fcrc\u00fcy\u0259 yeni h\u0259yat\u0131 anlama\u011fa, ged\u0259c\u0259yi yolu ayd\u0131nla\u015fd\u0131rma\u011fa \u00e7al\u0131\u015f\u0131r. Bu M\u00fczeyin verdiyi mesaj ona o yolu g\u00f6st\u0259rir.\n<\/p>\n<p>\n  <b><br \/>\n    \u0130nsanlar xatir\u0259l\u0259rind\u0259n, xalqlar tarixind\u0259n ibar\u0259tdir<br \/>\n  <\/b>\n<\/p>\n<p>\n  Bu yaz\u0131da m\u0259n\u0259 maraql\u0131 olan Stalinin personas\u0131, g\u00fcrc\u00fcn\u00fcn ona m\u00fcnasib\u0259ti deyil. M\u0259tl\u0259bi uzad\u0131ram ki, h\u0259r \u015fey daha ayd\u0131n olsun. Stalin m\u0259nim \u00fc\u00e7\u00fcn m\u00fc\u0259yy\u0259n zaman daxilind\u0259 insanlar\u0131 birl\u0259\u015fdir\u0259n hadis\u0259, fenomendir.\u00a0 N\u0259n\u0259ml\u0259, Heyd\u0259r \u018fliyevi birl\u0259\u015fdir\u0259n, onlar\u0131 eyni duyma\u011fa, eyni hiss etm\u0259y\u0259 vadar ed\u0259n tarixdir o.<br \/>\n  <br \/>\n  M\u0259n onlar\u0131 anlaya bilmir\u0259m. N\u0259n\u0259m, Heyd\u0259r \u018fliyev zaman\u0131n o t\u0259r\u0259find\u0259 qal\u0131b. \u018fl \u00e7atmaz, \u00fcn yetm\u0259z. Amma m\u0259n onlara yol tap\u0131b onlarla q\u0131r\u0131lm\u0131\u015f ba\u011flar\u0131 b\u0259rpa etm\u0259k ist\u0259yir\u0259m. Proustvari \u201c\u0130tmi\u015f zaman\u0131n axtar\u0131\u015f\u0131nda\u201d ki kimi yola qoyulmu\u015fam. Ke\u00e7mi\u015fi x\u0131rdalamaqla m\u0259\u015f\u011fulam. Yol g\u00f6st\u0259r\u0259nim azd\u0131r, \u00e7ox az&#8230;<br \/>\n  <br \/>\n  Ham\u0131da olub bu, gec\u0259nin bir al\u0259mi yuxudan oyan\u0131rsan amma bir ne\u00e7\u0259 saniy\u0259 \u0259rzind\u0259 kim oldu\u011funu bel\u0259 xat\u0131rlam\u0131rsan. M\u00fc\u0259yy\u0259n zaman ke\u00e7ir, s\u0259nin yad\u0131na d\u00fc\u015f\u0259n ilk xatir\u0259 s\u0259nin ad\u0131n\u0131, kimliyini \u00f6z\u00fcn\u0259 xat\u0131rlad\u0131r. S\u0259n b\u0259rpa olursan, b\u00fct\u00f6vl\u0259\u015firs\u0259n. \u0130nsan\u0131n kimliyini, \u00f6z\u00fcn\u00fc m\u00fc\u0259yy\u0259n ed\u0259n onun xatir\u0259l\u0259ridir. Xatir\u0259l\u0259ri insandan qov, yerin\u0259 bo\u015f bir \u015fey qalacaq. Xaqlar da bel\u0259dir, onun tarixini \u0259lind\u0259n al, onu poz, onu yazma ortada quruca addan ba\u015fqa he\u00e7 n\u0259 qalmayacaq.<br \/>\n  <br \/>\n  Stalin, onun repressiyas\u0131 Az\u0259rbaycan xalq\u0131n\u0131n da xatir\u0259sidir. Onun kimliyind\u0259 b\u00f6y\u00fck iz buraxan hadis\u0259dir. \u0130lk m\u00fcs\u0259t\u0259qil cumhuriyy\u0259timiz d\u0259 el\u0259dir, Da\u011fl\u0131q Qaraba\u011f da el\u0259dir, Sovetd\u0259n m\u00fcst\u0259qilliy\u0259 ke\u00e7id d\u0259 el\u0259dir. El\u00e7ib\u0259yin K\u0259l\u0259kiy\u0259 gedi\u015fi (qa\u00e7\u0131\u015f\u0131 \u2013 t\u0259r\u0259fl\u0259ri \u00fczm\u0259m\u0259k \u00fc\u00e7\u00fcn h\u0259r t\u0259r\u0259fin \u015f\u0259rhin ver\u0259k), 2003 hadis\u0259l\u0259ri, neftin g\u0259tirdiyi ilk b\u00f6y\u00fck g\u0259lirl\u0259r, ilk total se\u00e7ki saxtakarl\u0131\u011f\u0131, ilk limitsiz prezidentliy\u0259 ke\u00e7id, ilk k\u00fctl\u0259vi siyasi h\u0259bsl\u0259r (siyah\u0131n\u0131 \u00e7ox uzatmaq olar) d\u0259 iz qoyub, iz qoymaqda davam edir. Amma biz bu tarixi \u0259d\u0259biyatla\u015fd\u0131ra, musiqil\u0259\u015fdir\u0259, inc\u0259s\u0259n\u0259tl\u0259\u015fdir\u0259, bir s\u00f6zl\u0259 tarixl\u0259\u015fdir\u0259 bildikmi, bilrikmi? Geriy\u0259 d\u00f6n\u00fcb baxd\u0131qda, kitab r\u0259fl\u0259ri aras\u0131nda g\u0259zdikd\u0259, internetd\u0259 z\u00fclm \u00e7\u0259k\u0259-\u00e7\u0259k\u0259 axtard\u0131qda v\u0259 ist\u0259diyini tapmad\u0131qda, b\u00fct\u00fcn hadis\u0259l\u0259ri unutdu\u011fumuzu, onlar\u0131 zamanda itirdiyimizi, h\u0259r g\u00fcn bir yeni evd\u0259 oyand\u0131\u011f\u0131m\u0131z kimi \u00f6z\u00fcm\u00fcz-\u00f6z\u00fcm\u00fcz\u0259 yadla\u015fd\u0131\u011f\u0131m\u0131z\u0131 hiss edirik. N\u0259n\u0259ml\u0259 m\u0259nim t\u0259mas\u0131m\u0131n itm\u0259sinin s\u0259b\u0259bi yaz\u0131lmal\u0131 olan amma yaz\u0131lmayan m\u0259lumatlardan qaynaqlan\u0131r.\n<\/p>\n<p>\n  Sofi Oksanen: \u201cBoyun \u0259ymi\u015f Finlandiya Sovet ittifaq\u0131n\u0131n u\u011fur tarix\u00e7\u0259sidir\u201d adl\u0131 kultura.az protal\u0131nda getmi\u015f m\u0259qal\u0259sind\u0259 deyir: \u201c\u015eifahi \u0259n\u0259n\u0259nin kitabla\u015fmas\u0131 \u00f6n\u0259mli d\u00f6n\u0259m idi, bu \u2014 milli kimliyin t\u0259m\u0259l da\u015f\u0131 idi. O zaman fin v\u0259 estonlar d\u00f6vl\u0259ti olmayan xalqlar idi, lakin onlar m\u0259d\u0259niyy\u0259tsiz v\u0259 tarixsiz deyildil\u0259r. Bizim \u00f6z dilimiz v\u0259 b\u00f6y\u00fck milli hadis\u0259l\u0259rimiz olmu\u015f, yeni do\u011fulan \u0259d\u0259biyyatda da \u00f6z\u00fcn\u00fc g\u00f6st\u0259rmi\u015fdi. Tarixi v\u0259 b\u00f6y\u00fck hadis\u0259l\u0259ri yaz\u0131lm\u0131\u015f xalqlar, tarixi v\u0259 \u00f6n\u0259mli hadis\u0259l\u0259ri yaz\u0131lmam\u0131\u015f xalqlardan h\u0259mi\u015f\u0259 daha ya\u015fl\u0131d\u0131r. Bu,o vaxt ayd\u0131n d\u0259rk edildi\u201d.\n<\/p>\n<p>\n  M\u0259n demir\u0259m, q\u0259dimliyimizi s\u00fcbut etm\u0259k \u00fc\u00e7\u00fcn tariximizi Az\u0131x Ma\u011faras\u0131ndak\u0131 \u00e7\u0259n\u0259 s\u00fcm\u00fcy\u00fcnd\u0259n ba\u015flayaq, biz Atropatenan\u0131, Albaniyan\u0131 da q\u0131ra\u011fa qoya bil\u0259rik. \u018fsas odur, biz haradansa ba\u015flay\u0131r\u0131q, yaz\u0131r\u0131q, dayanmadan yaz\u0131r\u0131q, analiz edirik, s\u00fczg\u0259cd\u0259n ke\u00e7iririk. Biz ba\u015f ver\u0259n b\u00fct\u00fcn hadis\u0259l\u0259ri yazmal\u0131y\u0131q.\n<\/p>\n<p>\n  Niy\u0259?\n<\/p>\n<p>\n  Seymur Baycan, yeni \u00e7\u0131xm\u0131\u015f \u201cAds\u0131z \u0130tin Qay\u0131d\u0131\u015f\u0131\u201d adl\u0131 hekay\u0259l\u0259r kitab\u0131n\u0131n arxa hiss\u0259sind\u0259 yaz\u0131r: \u201c\u0130ki d\u00f6vr\u00fcn adam\u0131 olmaq \u00e7ox \u00e7\u0259tindir. B\u0259z\u0259n n\u0259 q\u0259d\u0259r \u0259ll\u0259\u015fs\u0259n d\u0259, hans\u0131 d\u00f6vr\u0259 aid oldu\u011funu m\u00fc\u0259yy\u0259n ed\u0259 bilmirs\u0259n&#8230;Bir g\u00fcn taksi il\u0259 \u015f\u0259h\u0259rin m\u0259rk\u0259zind\u0259n \u018fhm\u0259dli q\u0259z\u0259b\u0259sin\u0259 ged\u0259rk\u0259n, d\u00fcz Qaqarin k\u00f6rp\u00fcs\u00fcn\u00fcn \u00fcst\u00fcnd\u0259 radioda e\u015fitdiyim x\u0259b\u0259r h\u0259yat\u0131m\u0131 iki yer\u0259 b\u00f6ld\u00fc: sovet vaxt\u0131 v\u0259 sovetd\u0259n sonra&#8230;\u201d\n<\/p>\n<p>\n  Seymur Baycan haz\u0131rda \u0259n \u00e7ox kitab n\u0259\u015fr etdir\u0259n az-maz yaz\u0131\u00e7\u0131lar\u0131m\u0131zdan biridir. O h\u0259tta m\u0259qal\u0259l\u0259rini d\u0259 kitab hal\u0131na sal\u0131r. Bir d\u0259f\u0259 ondan bunu n\u0259 \u00fc\u00e7\u00fcn etdiyini soru\u015fanda, \u201ctarix \u00fc\u00e7\u00fcn\u201d dedi.\u00a0 Qaraba\u011f m\u00f6vzusunu b\u0259dii \u0259d\u0259biyyat ed\u0259 bil\u0259n yegan\u0259 yaz\u0131\u00e7\u0131d\u0131r h\u0259l\u0259 ki. Bu kitab\u0131 il\u0259 bir \u00e7ox insan\u0131 a\u011f\u0131r Qaraba\u011f yaras\u0131ndan qurtarm\u0131\u015f adamd\u0131r. Seymur Baycan \u00f6z\u00fcn\u00fcn kimliyini, b\u00fct\u00f6vl\u00fcy\u00fcn tapmaqla m\u0259\u015f\u011fuldur. O, f\u0259rdi olaraq qurtulub. Toplum is\u0259 yar\u0131m\u00e7\u0131qd\u0131r.<br \/>\n  <br \/>\n  Ba\u015f\u0131na g\u0259l\u0259n hadis\u0259l\u0259ri, ya\u015fant\u0131lar\u0131 tarixl\u0259\u015fdirm\u0259y\u0259n xalq\u0131n mill\u0259t olmaq iddas\u0131, d\u00fcnyada \u00f6z\u00fcn\u0259 yer tutmaq ist\u0259yi, m\u00fcst\u0259qil olmaq arzusu, normal \u00f6lk\u0259 qurmaq ist\u0259yi \u00e7\u0259tindir, \u00e7ox \u00e7\u0259tindir.\n<\/p>\n<p>\n  H\u0259yat\u0131m\u0131 yuxar\u0131 \u00e7\u0131xd\u0131qca, pill\u0259l\u0259ri q\u0131r\u0131lan n\u0259rdivan kimi hiss etm\u0259k ist\u0259m\u0259diyimd\u0259n, m\u0259n \u00f6z\u00fcm \u00f6z f\u0259rdi tariximi yaz\u0131ram. \u00d6z\u00fcm\u00fcn d\u00fc\u015f\u0259 bilm\u0259y\u0259c\u0259yim g\u00fcn g\u0259ldikd\u0259, kiml\u0259rins\u0259 o pill\u0259k\u0259nd\u0259n d\u00fc\u015f\u00fcb m\u0259n\u0259, m\u0259nim tarixi prizmamdan ya\u015fad\u0131\u011f\u0131m indiki d\u00f6vr\u00fcm\u0259 ba\u015f \u00e7\u0259k\u0259 bilm\u0259sini ist\u0259yir\u0259m. B\u00fct\u00fcn yaza bil\u0259n insanlar\u0131 da, pe\u015f\u0259sin\u0259 uy\u011fun olaraq tarixini (geni\u015f anlamda) analiz edib yazma\u011fa s\u0259sl\u0259yir\u0259m. Bu psixoanalitik m\u00fcalic\u0259 kimidir, insan dan\u0131\u015fd\u0131qca xalq is\u0259 \u00f6z\u00fcn\u00fc yazd\u0131qca y\u00fcng\u00fcl\u0259\u015fir, qorxusundan, \u00fcrk\u00fcs\u00fcnd\u0259n, ona ir\u0259lil\u0259m\u0259y\u0259 mane olan sars\u0131nt\u0131lardan qurtulur. Onu narahat ed\u0259n hadis\u0259l\u0259ri ayd\u0131n d\u0259rk etdiyi, oralarda ili\u015fib qalmad\u0131\u011f\u0131 \u00fc\u00e7\u00fcn yeni yolunu da asanl\u0131qla tap\u0131r. Bir s\u00f6zl\u0259, bu durulanmaqd\u0131, ald\u0131\u011f\u0131m\u0131z d\u0259rin yaralar\u0131n sa\u011falmas\u0131d\u0131r.\u00a0 N\u0259hay\u0259td\u0259, bu, h\u0259m d\u0259, mill\u0259t ola bilm\u0259 dem\u0259kdir.\n<\/p>\n<p>\n  <b><br \/>\n    Yaz\u0131dak\u0131 fikirl\u0259r m\u00fc\u0259llif\u0259 m\u0259xsusdur v\u0259 onlara g\u00f6r\u0259 Meydan TV m\u0259suliyy\u0259t da\u015f\u0131m\u0131r.<br \/>\n  <\/b><\/p>\n","protected":false},"excerpt":{"rendered":"<p>M\u0259n \u00f6z f\u0259rdi tariximi yaz\u0131ram<\/p>\n","protected":false},"author":11,"featured_media":24303,"comment_status":"closed","ping_status":"open","sticky":false,"template":"","format":"standard","meta":{"_acf_changed":false,"_sitemap_exclude":false,"_sitemap_priority":"","_sitemap_frequency":"","footnotes":""},"categories":[57],"tags":[],"class_list":["post-168707","post","type-post","status-publish","format-standard","has-post-thumbnail","hentry","category-menim-fikrimce","infinite-scroll-item","generate-columns","tablet-grid-50","mobile-grid-100","grid-parent","grid-33","no-featured-image-padding"],"acf":[],"yoast_head":"<!-- This site is optimized with the Yoast SEO plugin v27.5 - https:\/\/yoast.com\/product\/yoast-seo-wordpress\/ -->\n<title>N\u0259n\u0259m v\u0259 Heyd\u0259r \u018fliyev - MEYDAN.TV<\/title>\n<meta name=\"robots\" content=\"index, follow, max-snippet:-1, max-image-preview:large, max-video-preview:-1\" \/>\n<link rel=\"canonical\" href=\"https:\/\/www.meydan.tv\/az\/article\/nenem-ve-heyder-eliyev\/\" \/>\n<meta property=\"og:locale\" content=\"az_AZ\" \/>\n<meta property=\"og:type\" content=\"article\" \/>\n<meta property=\"og:title\" content=\"N\u0259n\u0259m v\u0259 Heyd\u0259r \u018fliyev - MEYDAN.TV\" \/>\n<meta property=\"og:description\" content=\"M\u0259n \u00f6z f\u0259rdi tariximi yaz\u0131ram\" \/>\n<meta property=\"og:url\" content=\"https:\/\/www.meydan.tv\/az\/article\/nenem-ve-heyder-eliyev\/\" \/>\n<meta property=\"og:site_name\" content=\"MEYDAN.TV\" \/>\n<meta property=\"article:published_time\" content=\"2015-06-29T23:30:01+00:00\" \/>\n<meta property=\"og:image\" content=\"https:\/\/www.meydan.tv\/wp-content\/uploads\/8849.jpg\" \/>\n\t<meta property=\"og:image:width\" content=\"500\" \/>\n\t<meta property=\"og:image:height\" content=\"500\" \/>\n\t<meta property=\"og:image:type\" content=\"image\/jpeg\" \/>\n<meta name=\"author\" content=\"user-manager\" \/>\n<meta name=\"twitter:card\" content=\"summary_large_image\" \/>\n<script type=\"application\/ld+json\" class=\"yoast-schema-graph\">{\"@context\":\"https:\\\/\\\/schema.org\",\"@graph\":[{\"@type\":\"Article\",\"@id\":\"https:\\\/\\\/www.meydan.tv\\\/az\\\/article\\\/nenem-ve-heyder-eliyev\\\/#article\",\"isPartOf\":{\"@id\":\"https:\\\/\\\/www.meydan.tv\\\/az\\\/article\\\/nenem-ve-heyder-eliyev\\\/\"},\"author\":{\"name\":\"user-manager\",\"@id\":\"https:\\\/\\\/www.meydan.tv\\\/az\\\/#\\\/schema\\\/person\\\/10d11eccf6da3662cf5fdab9806ea91a\"},\"headline\":\"N\u0259n\u0259m v\u0259 Heyd\u0259r \u018fliyev\",\"datePublished\":\"2015-06-29T23:30:01+00:00\",\"mainEntityOfPage\":{\"@id\":\"https:\\\/\\\/www.meydan.tv\\\/az\\\/article\\\/nenem-ve-heyder-eliyev\\\/\"},\"wordCount\":2034,\"publisher\":{\"@id\":\"https:\\\/\\\/www.meydan.tv\\\/az\\\/#organization\"},\"image\":{\"@id\":\"https:\\\/\\\/www.meydan.tv\\\/az\\\/article\\\/nenem-ve-heyder-eliyev\\\/#primaryimage\"},\"thumbnailUrl\":\"https:\\\/\\\/www.meydan.tv\\\/wp-content\\\/uploads\\\/8849.jpg\",\"articleSection\":[\"M\u0259nim Fikrimc\u0259\"],\"inLanguage\":\"az\"},{\"@type\":\"WebPage\",\"@id\":\"https:\\\/\\\/www.meydan.tv\\\/az\\\/article\\\/nenem-ve-heyder-eliyev\\\/\",\"url\":\"https:\\\/\\\/www.meydan.tv\\\/az\\\/article\\\/nenem-ve-heyder-eliyev\\\/\",\"name\":\"N\u0259n\u0259m v\u0259 Heyd\u0259r \u018fliyev - MEYDAN.TV\",\"isPartOf\":{\"@id\":\"https:\\\/\\\/www.meydan.tv\\\/az\\\/#website\"},\"primaryImageOfPage\":{\"@id\":\"https:\\\/\\\/www.meydan.tv\\\/az\\\/article\\\/nenem-ve-heyder-eliyev\\\/#primaryimage\"},\"image\":{\"@id\":\"https:\\\/\\\/www.meydan.tv\\\/az\\\/article\\\/nenem-ve-heyder-eliyev\\\/#primaryimage\"},\"thumbnailUrl\":\"https:\\\/\\\/www.meydan.tv\\\/wp-content\\\/uploads\\\/8849.jpg\",\"datePublished\":\"2015-06-29T23:30:01+00:00\",\"breadcrumb\":{\"@id\":\"https:\\\/\\\/www.meydan.tv\\\/az\\\/article\\\/nenem-ve-heyder-eliyev\\\/#breadcrumb\"},\"inLanguage\":\"az\",\"potentialAction\":[{\"@type\":\"ReadAction\",\"target\":[\"https:\\\/\\\/www.meydan.tv\\\/az\\\/article\\\/nenem-ve-heyder-eliyev\\\/\"]}]},{\"@type\":\"ImageObject\",\"inLanguage\":\"az\",\"@id\":\"https:\\\/\\\/www.meydan.tv\\\/az\\\/article\\\/nenem-ve-heyder-eliyev\\\/#primaryimage\",\"url\":\"https:\\\/\\\/www.meydan.tv\\\/wp-content\\\/uploads\\\/8849.jpg\",\"contentUrl\":\"https:\\\/\\\/www.meydan.tv\\\/wp-content\\\/uploads\\\/8849.jpg\",\"width\":500,\"height\":500,\"caption\":\"Source:\"},{\"@type\":\"BreadcrumbList\",\"@id\":\"https:\\\/\\\/www.meydan.tv\\\/az\\\/article\\\/nenem-ve-heyder-eliyev\\\/#breadcrumb\",\"itemListElement\":[{\"@type\":\"ListItem\",\"position\":1,\"name\":\"Ana s\u0259hif\u0259\",\"item\":\"https:\\\/\\\/www.meydan.tv\\\/az\\\/\"},{\"@type\":\"ListItem\",\"position\":2,\"name\":\"M\u0259nim Fikrimc\u0259\",\"item\":\"https:\\\/\\\/www.meydan.tv\\\/az\\\/section\\\/menim-fikrimce\\\/\"},{\"@type\":\"ListItem\",\"position\":3,\"name\":\"N\u0259n\u0259m v\u0259 Heyd\u0259r \u018fliyev\"}]},{\"@type\":\"WebSite\",\"@id\":\"https:\\\/\\\/www.meydan.tv\\\/az\\\/#website\",\"url\":\"https:\\\/\\\/www.meydan.tv\\\/az\\\/\",\"name\":\"MEYDAN.TV\",\"description\":\"Meydan TV Az\u0259rbaycan\u0131n media m\u0259kan\u0131ndak\u0131 alternativ s\u0259sidir\",\"publisher\":{\"@id\":\"https:\\\/\\\/www.meydan.tv\\\/az\\\/#organization\"},\"potentialAction\":[{\"@type\":\"SearchAction\",\"target\":{\"@type\":\"EntryPoint\",\"urlTemplate\":\"https:\\\/\\\/www.meydan.tv\\\/az\\\/?s={search_term_string}\"},\"query-input\":{\"@type\":\"PropertyValueSpecification\",\"valueRequired\":true,\"valueName\":\"search_term_string\"}}],\"inLanguage\":\"az\"},{\"@type\":\"Organization\",\"@id\":\"https:\\\/\\\/www.meydan.tv\\\/az\\\/#organization\",\"name\":\"Meydan TV\",\"url\":\"https:\\\/\\\/www.meydan.tv\\\/az\\\/\",\"logo\":{\"@type\":\"ImageObject\",\"inLanguage\":\"az\",\"@id\":\"https:\\\/\\\/www.meydan.tv\\\/az\\\/#\\\/schema\\\/logo\\\/image\\\/\",\"url\":\"https:\\\/\\\/www.meydan.tv\\\/wp-content\\\/uploads\\\/2021\\\/07\\\/meydan-logo.svg\",\"contentUrl\":\"https:\\\/\\\/www.meydan.tv\\\/wp-content\\\/uploads\\\/2021\\\/07\\\/meydan-logo.svg\",\"width\":195,\"height\":46,\"caption\":\"Meydan TV\"},\"image\":{\"@id\":\"https:\\\/\\\/www.meydan.tv\\\/az\\\/#\\\/schema\\\/logo\\\/image\\\/\"}},{\"@type\":\"Person\",\"@id\":\"https:\\\/\\\/www.meydan.tv\\\/az\\\/#\\\/schema\\\/person\\\/10d11eccf6da3662cf5fdab9806ea91a\",\"name\":\"user-manager\"}]}<\/script>\n<!-- \/ Yoast SEO plugin. -->","yoast_head_json":{"title":"N\u0259n\u0259m v\u0259 Heyd\u0259r \u018fliyev - MEYDAN.TV","robots":{"index":"index","follow":"follow","max-snippet":"max-snippet:-1","max-image-preview":"max-image-preview:large","max-video-preview":"max-video-preview:-1"},"canonical":"https:\/\/www.meydan.tv\/az\/article\/nenem-ve-heyder-eliyev\/","og_locale":"az_AZ","og_type":"article","og_title":"N\u0259n\u0259m v\u0259 Heyd\u0259r \u018fliyev - MEYDAN.TV","og_description":"M\u0259n \u00f6z f\u0259rdi tariximi yaz\u0131ram","og_url":"https:\/\/www.meydan.tv\/az\/article\/nenem-ve-heyder-eliyev\/","og_site_name":"MEYDAN.TV","article_published_time":"2015-06-29T23:30:01+00:00","og_image":[{"width":500,"height":500,"url":"https:\/\/www.meydan.tv\/wp-content\/uploads\/8849.jpg","type":"image\/jpeg"}],"author":"user-manager","twitter_card":"summary_large_image","schema":{"@context":"https:\/\/schema.org","@graph":[{"@type":"Article","@id":"https:\/\/www.meydan.tv\/az\/article\/nenem-ve-heyder-eliyev\/#article","isPartOf":{"@id":"https:\/\/www.meydan.tv\/az\/article\/nenem-ve-heyder-eliyev\/"},"author":{"name":"user-manager","@id":"https:\/\/www.meydan.tv\/az\/#\/schema\/person\/10d11eccf6da3662cf5fdab9806ea91a"},"headline":"N\u0259n\u0259m v\u0259 Heyd\u0259r \u018fliyev","datePublished":"2015-06-29T23:30:01+00:00","mainEntityOfPage":{"@id":"https:\/\/www.meydan.tv\/az\/article\/nenem-ve-heyder-eliyev\/"},"wordCount":2034,"publisher":{"@id":"https:\/\/www.meydan.tv\/az\/#organization"},"image":{"@id":"https:\/\/www.meydan.tv\/az\/article\/nenem-ve-heyder-eliyev\/#primaryimage"},"thumbnailUrl":"https:\/\/www.meydan.tv\/wp-content\/uploads\/8849.jpg","articleSection":["M\u0259nim Fikrimc\u0259"],"inLanguage":"az"},{"@type":"WebPage","@id":"https:\/\/www.meydan.tv\/az\/article\/nenem-ve-heyder-eliyev\/","url":"https:\/\/www.meydan.tv\/az\/article\/nenem-ve-heyder-eliyev\/","name":"N\u0259n\u0259m v\u0259 Heyd\u0259r \u018fliyev - MEYDAN.TV","isPartOf":{"@id":"https:\/\/www.meydan.tv\/az\/#website"},"primaryImageOfPage":{"@id":"https:\/\/www.meydan.tv\/az\/article\/nenem-ve-heyder-eliyev\/#primaryimage"},"image":{"@id":"https:\/\/www.meydan.tv\/az\/article\/nenem-ve-heyder-eliyev\/#primaryimage"},"thumbnailUrl":"https:\/\/www.meydan.tv\/wp-content\/uploads\/8849.jpg","datePublished":"2015-06-29T23:30:01+00:00","breadcrumb":{"@id":"https:\/\/www.meydan.tv\/az\/article\/nenem-ve-heyder-eliyev\/#breadcrumb"},"inLanguage":"az","potentialAction":[{"@type":"ReadAction","target":["https:\/\/www.meydan.tv\/az\/article\/nenem-ve-heyder-eliyev\/"]}]},{"@type":"ImageObject","inLanguage":"az","@id":"https:\/\/www.meydan.tv\/az\/article\/nenem-ve-heyder-eliyev\/#primaryimage","url":"https:\/\/www.meydan.tv\/wp-content\/uploads\/8849.jpg","contentUrl":"https:\/\/www.meydan.tv\/wp-content\/uploads\/8849.jpg","width":500,"height":500,"caption":"Source:"},{"@type":"BreadcrumbList","@id":"https:\/\/www.meydan.tv\/az\/article\/nenem-ve-heyder-eliyev\/#breadcrumb","itemListElement":[{"@type":"ListItem","position":1,"name":"Ana s\u0259hif\u0259","item":"https:\/\/www.meydan.tv\/az\/"},{"@type":"ListItem","position":2,"name":"M\u0259nim Fikrimc\u0259","item":"https:\/\/www.meydan.tv\/az\/section\/menim-fikrimce\/"},{"@type":"ListItem","position":3,"name":"N\u0259n\u0259m v\u0259 Heyd\u0259r \u018fliyev"}]},{"@type":"WebSite","@id":"https:\/\/www.meydan.tv\/az\/#website","url":"https:\/\/www.meydan.tv\/az\/","name":"MEYDAN.TV","description":"Meydan TV Az\u0259rbaycan\u0131n media m\u0259kan\u0131ndak\u0131 alternativ s\u0259sidir","publisher":{"@id":"https:\/\/www.meydan.tv\/az\/#organization"},"potentialAction":[{"@type":"SearchAction","target":{"@type":"EntryPoint","urlTemplate":"https:\/\/www.meydan.tv\/az\/?s={search_term_string}"},"query-input":{"@type":"PropertyValueSpecification","valueRequired":true,"valueName":"search_term_string"}}],"inLanguage":"az"},{"@type":"Organization","@id":"https:\/\/www.meydan.tv\/az\/#organization","name":"Meydan TV","url":"https:\/\/www.meydan.tv\/az\/","logo":{"@type":"ImageObject","inLanguage":"az","@id":"https:\/\/www.meydan.tv\/az\/#\/schema\/logo\/image\/","url":"https:\/\/www.meydan.tv\/wp-content\/uploads\/2021\/07\/meydan-logo.svg","contentUrl":"https:\/\/www.meydan.tv\/wp-content\/uploads\/2021\/07\/meydan-logo.svg","width":195,"height":46,"caption":"Meydan TV"},"image":{"@id":"https:\/\/www.meydan.tv\/az\/#\/schema\/logo\/image\/"}},{"@type":"Person","@id":"https:\/\/www.meydan.tv\/az\/#\/schema\/person\/10d11eccf6da3662cf5fdab9806ea91a","name":"user-manager"}]}},"_links":{"self":[{"href":"https:\/\/www.meydan.tv\/az\/wp-json\/wp\/v2\/posts\/168707","targetHints":{"allow":["GET"]}}],"collection":[{"href":"https:\/\/www.meydan.tv\/az\/wp-json\/wp\/v2\/posts"}],"about":[{"href":"https:\/\/www.meydan.tv\/az\/wp-json\/wp\/v2\/types\/post"}],"author":[{"embeddable":true,"href":"https:\/\/www.meydan.tv\/az\/wp-json\/wp\/v2\/users\/11"}],"replies":[{"embeddable":true,"href":"https:\/\/www.meydan.tv\/az\/wp-json\/wp\/v2\/comments?post=168707"}],"version-history":[{"count":0,"href":"https:\/\/www.meydan.tv\/az\/wp-json\/wp\/v2\/posts\/168707\/revisions"}],"wp:featuredmedia":[{"embeddable":true,"href":"https:\/\/www.meydan.tv\/az\/wp-json\/wp\/v2\/media\/24303"}],"wp:attachment":[{"href":"https:\/\/www.meydan.tv\/az\/wp-json\/wp\/v2\/media?parent=168707"}],"wp:term":[{"taxonomy":"category","embeddable":true,"href":"https:\/\/www.meydan.tv\/az\/wp-json\/wp\/v2\/categories?post=168707"},{"taxonomy":"post_tag","embeddable":true,"href":"https:\/\/www.meydan.tv\/az\/wp-json\/wp\/v2\/tags?post=168707"}],"curies":[{"name":"wp","href":"https:\/\/api.w.org\/{rel}","templated":true}]}}