{"id":168703,"date":"2015-06-29T19:12:28","date_gmt":"2015-06-29T19:12:28","guid":{"rendered":"https:\/\/www.meydan.tv\/article\/olkemizi-dunyaya-nece-tanitdiq\/"},"modified":"2015-06-29T19:12:28","modified_gmt":"2015-06-29T19:12:28","slug":"olkemizi-dunyaya-nece-tanitdiq","status":"publish","type":"post","link":"https:\/\/www.meydan.tv\/az\/article\/olkemizi-dunyaya-nece-tanitdiq\/","title":{"rendered":"\u00d6lk\u0259mizi d\u00fcnyaya nec\u0259 tan\u0131td\u0131q?"},"content":{"rendered":"<figure class=\"wp-block-image size-large\">\n  <img decoding=\"async\" src=\"https:\/\/www.meydan.tv\/az\/28186\/\" alt=\"\" class=\"wp-image-28186\"\/><figcaption><\/figcaption><\/figure>\n<figure class=\"wp-block-image size-large\">\n  <img decoding=\"async\" src=\"https:\/\/www.meydan.tv\/az\/28189\/\" alt=\"\" class=\"wp-image-28189\"\/><figcaption><\/figcaption><\/figure>\n<p>\n  B\u0259li, d\u00fcn\u0259n ilk Avropa oyunlar\u0131, milyonlara ba\u015fa g\u0259l\u0259n n\u00f6vb\u0259ti m\u00f6ht\u0259\u015f\u0259m \u015fou effektl\u0259r v\u0259 \u0259yl\u0259nc\u0259vi proqramla qapand\u0131. Bu oyunlar\u0131n bir m\u00fcsb\u0259t c\u0259h\u0259ti d\u0259 ondan ibar\u0259t oldu ki, bu xalq sizin \u0259sl sif\u0259tinizi, kimliyinizi, YAP hakimiyy\u0259tinizin iki\u00fczl\u00fc oldu\u011funu bir daha g\u00f6rm\u00fc\u015f oldu. S\u00f6z\u00fcn h\u0259qiqi m\u0259nas\u0131nda n\u0259 oyunlar \u00e7\u0131xartd\u0131\u011f\u0131n\u0131z\u0131n \u015fahidi olduq.\n<\/p>\n<p>\n  Oyunlar ke\u00e7irilir dey\u0259 \u015f\u0259h\u0259r divarlar\u0131nda graffiti \u00e7\u0259km\u0259kl\u0259, ba\u015fqa vaxt polisin mane oldu\u011fu, amma indi konservatoriyan\u0131n u\u015faqlar\u0131n\u0131 k\u00fc\u00e7\u0259l\u0259r\u0259 t\u00f6k\u00fcb, g\u00fcya bizd\u0259 k\u00fc\u00e7\u0259 musiqisi var g\u00f6r\u00fcnt\u00fcs\u00fc s\u0259rgil\u0259m\u0259kl\u0259 n\u0259 q\u0259d\u0259r iki\u00fczl\u00fc m\u0259xluqlar oldu\u011funuzu d\u00fcnyaya tan\u0131td\u0131n\u0131z.\n<\/p>\n<p>\n  Atletl\u0259r k\u0259ndini, turistl\u0259rin qald\u0131\u011f\u0131 yerl\u0259ri hasara almaqla, onlar\u0131 nifr\u0259t etdiyiniz c\u0259miyy\u0259td\u0259n t\u0259crid etm\u0259kl\u0259, idman\u00e7\u0131 turistl\u0259r\u0259 \u0259n y\u00fcks\u0259k xidm\u0259t g\u00f6st\u0259rib, rayon ma\u015f\u0131nlar\u0131n\u0131 \u015f\u0259h\u0259r\u0259 buraxmamaqla, \u00f6z v\u0259t\u0259nda\u015f\u0131n\u0131za n\u0259 q\u0259d\u0259r a\u015fa\u011f\u0131l\u0131q, s\u0259viyy\u0259siz m\u00fcnasib\u0259t g\u00f6st\u0259rdiyinizi isbatlad\u0131n\u0131z.\n<\/p>\n<p>\n  Minl\u0259rl\u0259 k\u00f6n\u00fcll\u00fcn\u00fc imtahan n\u0259tic\u0259l\u0259rind\u0259n azad etm\u0259kl\u0259 t\u0259hsilin, avtobuslar\u0131n turistl\u0259ri \u015f\u00fcl-k\u00fct etm\u0259si il\u0259 n\u0259qliyyat\u0131n, yaral\u0131lar\u0131 t\u0259cili T\u00fcrkiy\u0259y\u0259 v\u0259 ya m\u0259ml\u0259k\u0259tl\u0259rin\u0259 g\u00f6nd\u0259rm\u0259kl\u0259 s\u0259hiyy\u0259mizin n\u0259 q\u0259d\u0259r b\u0259rbad v\u0259 iflic oldu\u011funu bir daha t\u0259sdiql\u0259diniz.\n<\/p>\n<p>\n  \u00d6lk\u0259d\u0259 Avropa Oyunlar\u0131 ke\u00e7irib, Bak\u0131da Avropa n\u00fcmay\u0259nd\u0259likl\u0259ri \u00f6n\u00fcnd\u0259 &#8220;Avropa Az\u0259rbaycandan \u0259lini \u00e7\u0259k&#8221; anq\u0131rmaqla, Q\u0259rbi &#8220;Avropa \u015euras\u0131ndan \u00e7\u0131xar\u0131q aa&#8221; deyib t\u0259hdidl\u0259r p\u00fcsk\u00fcrm\u0259kl\u0259 n\u0259 q\u0259d\u0259r absurd bir hakimiyy\u0259t oldu\u011funuzu biruz\u0259 verdiniz.\n<\/p>\n<p>\n  He\u00e7 bir Avropa liderinin oyunlar\u0131n a\u00e7\u0131l\u0131\u015f\u0131na qat\u0131lmamas\u0131 il\u0259 sizin q\u00fcrurland\u0131\u011f\u0131n\u0131z xarici siyas\u0259tinizin d\u0259 \u00e7\u00fcr\u00fck qoz qab\u0131\u011f\u0131ndan ibar\u0259t oldu\u011funu g\u00f6st\u0259rdiniz.\n<\/p>\n<p>\n  Bu \u00f6lk\u0259d\u0259 idmana qay\u011f\u0131n\u0131n, s\u0131rav\u0131 v\u0259t\u0259nda\u015fa, elm\u0259-t\u0259r\u0259qqiy\u0259, insan haqlar\u0131na veril\u0259n qay\u011f\u0131dan qat-qat \u00fcst\u00fcn oldu\u011funu s\u00fcbut etdiniz.\n<\/p>\n<p>\n  \u00d6lk\u0259y\u0259 turist ax\u0131n\u0131 olmad\u0131\u011f\u0131 \u00fc\u00e7\u00fcn c\u0259bray\u0131ll\u0131 qa\u00e7q\u0131ndan ingilis turist qay\u0131rmaqla n\u0259 q\u0259d\u0259r saxtakar oldu\u011funuzu gizl\u0259tm\u0259diniz.\n<\/p>\n<p>\n  Ba\u015fqa vaxt h\u0259r yer\u0259 dahi liderinizin heyk\u0259lini, ad\u0131n\u0131, \u015f\u0259klini, sitatlar\u0131n\u0131 s\u0131r\u0131ma\u011f\u0131n\u0131za baxmayaraq, turistl\u0259r g\u0259l\u0259c\u0259k dey\u0259 onun sitatlar\u0131n\u0131, \u015f\u0259kill\u0259rini \u015f\u0259h\u0259rin m\u0259rk\u0259zind\u0259n, bayram g\u00fcnl\u0259ri tv k\u00fcncl\u0259rind\u0259n y\u0131\u011f\u0131\u015fd\u0131rd\u0131n\u0131z v\u0259 m\u00fcq\u0259dd\u0259s sayd\u0131\u011f\u0131n\u0131z adam\u0131 bir oyuna nec\u0259 qurban verdiyinizi h\u0259r k\u0259s\u0259 g\u00f6st\u0259rmi\u015f oldunuz.\n<\/p>\n<p>\n  \u018fliyevl\u0259rin ail\u0259likc\u0259 m\u0259\u015f\u0259l da\u015f\u0131mas\u0131, oyunlara tama\u015fa etm\u0259si, onlar\u0131n milli idman\u00e7\u0131lara q\u0131z\u0131l medallar\u0131 t\u0259qdim etm\u0259si, kanallarda saatlarla reklam olunmalar\u0131 il\u0259 bu oyunlar\u0131n onlar\u0131n imici \u00fc\u00e7\u00fcn laz\u0131m oldu\u011fu v\u0259 bu \u00f6lk\u0259nin bir ail\u0259 t\u0259r\u0259find\u0259n istismar edildiyini bir daha d\u00fcnyaya t\u0259sdiql\u0259diniz.\n<\/p>\n<p>\n  B\u0259li, bu 16 g\u00fcnd\u0259 \u00f6lk\u0259mizi bax bu \u015f\u0259kild\u0259 d\u00fcnyaya tan\u0131td\u0131n\u0131z, f\u0259xr hissi ke\u00e7irir v\u0259 q\u00fcrurlan\u0131rs\u0131n\u0131zm\u0131, c\u0259nablar?\n<\/p>\n<p>\n  <b><br \/>\n    Yaz\u0131dak\u0131 fikirl\u0259r m\u00fc\u0259llif\u0259 m\u0259xsusdur v\u0259 onlara g\u00f6r\u0259 Meydan TV m\u0259suliyy\u0259t da\u015f\u0131m\u0131r.<br \/>\n  <\/b><\/p>\n","protected":false},"excerpt":{"rendered":"<p>Avropa Oyunlar\u0131n\u0131n xeyirl\u0259ri<\/p>\n","protected":false},"author":11,"featured_media":28186,"comment_status":"closed","ping_status":"open","sticky":false,"template":"","format":"standard","meta":{"_acf_changed":false,"_sitemap_exclude":false,"_sitemap_priority":"","_sitemap_frequency":"","footnotes":""},"categories":[57],"tags":[],"class_list":["post-168703","post","type-post","status-publish","format-standard","has-post-thumbnail","hentry","category-menim-fikrimce","infinite-scroll-item","generate-columns","tablet-grid-50","mobile-grid-100","grid-parent","grid-33","no-featured-image-padding"],"acf":[],"yoast_head":"<!-- This site is optimized with the Yoast SEO plugin v27.5 - https:\/\/yoast.com\/product\/yoast-seo-wordpress\/ -->\n<title>\u00d6lk\u0259mizi d\u00fcnyaya nec\u0259 tan\u0131td\u0131q? - MEYDAN.TV<\/title>\n<meta name=\"robots\" content=\"index, follow, max-snippet:-1, max-image-preview:large, max-video-preview:-1\" \/>\n<link rel=\"canonical\" href=\"https:\/\/www.meydan.tv\/az\/article\/olkemizi-dunyaya-nece-tanitdiq\/\" \/>\n<meta property=\"og:locale\" content=\"az_AZ\" \/>\n<meta property=\"og:type\" content=\"article\" \/>\n<meta property=\"og:title\" content=\"\u00d6lk\u0259mizi d\u00fcnyaya nec\u0259 tan\u0131td\u0131q? - MEYDAN.TV\" \/>\n<meta property=\"og:description\" content=\"Avropa Oyunlar\u0131n\u0131n xeyirl\u0259ri\" \/>\n<meta property=\"og:url\" content=\"https:\/\/www.meydan.tv\/az\/article\/olkemizi-dunyaya-nece-tanitdiq\/\" \/>\n<meta property=\"og:site_name\" content=\"MEYDAN.TV\" \/>\n<meta property=\"article:published_time\" content=\"2015-06-29T19:12:28+00:00\" \/>\n<meta property=\"og:image\" content=\"https:\/\/www.meydan.tv\/wp-content\/uploads\/10420.jpg\" \/>\n\t<meta property=\"og:image:width\" content=\"355\" \/>\n\t<meta property=\"og:image:height\" content=\"400\" \/>\n\t<meta property=\"og:image:type\" content=\"image\/jpeg\" \/>\n<meta name=\"author\" content=\"user-manager\" \/>\n<meta name=\"twitter:card\" content=\"summary_large_image\" \/>\n<script type=\"application\/ld+json\" class=\"yoast-schema-graph\">{\"@context\":\"https:\\\/\\\/schema.org\",\"@graph\":[{\"@type\":\"Article\",\"@id\":\"https:\\\/\\\/www.meydan.tv\\\/az\\\/article\\\/olkemizi-dunyaya-nece-tanitdiq\\\/#article\",\"isPartOf\":{\"@id\":\"https:\\\/\\\/www.meydan.tv\\\/az\\\/article\\\/olkemizi-dunyaya-nece-tanitdiq\\\/\"},\"author\":{\"name\":\"user-manager\",\"@id\":\"https:\\\/\\\/www.meydan.tv\\\/az\\\/#\\\/schema\\\/person\\\/10d11eccf6da3662cf5fdab9806ea91a\"},\"headline\":\"\u00d6lk\u0259mizi d\u00fcnyaya nec\u0259 tan\u0131td\u0131q?\",\"datePublished\":\"2015-06-29T19:12:28+00:00\",\"mainEntityOfPage\":{\"@id\":\"https:\\\/\\\/www.meydan.tv\\\/az\\\/article\\\/olkemizi-dunyaya-nece-tanitdiq\\\/\"},\"wordCount\":610,\"publisher\":{\"@id\":\"https:\\\/\\\/www.meydan.tv\\\/az\\\/#organization\"},\"image\":{\"@id\":\"https:\\\/\\\/www.meydan.tv\\\/az\\\/article\\\/olkemizi-dunyaya-nece-tanitdiq\\\/#primaryimage\"},\"thumbnailUrl\":\"https:\\\/\\\/www.meydan.tv\\\/wp-content\\\/uploads\\\/10420.jpg\",\"articleSection\":[\"M\u0259nim Fikrimc\u0259\"],\"inLanguage\":\"az\"},{\"@type\":\"WebPage\",\"@id\":\"https:\\\/\\\/www.meydan.tv\\\/az\\\/article\\\/olkemizi-dunyaya-nece-tanitdiq\\\/\",\"url\":\"https:\\\/\\\/www.meydan.tv\\\/az\\\/article\\\/olkemizi-dunyaya-nece-tanitdiq\\\/\",\"name\":\"\u00d6lk\u0259mizi d\u00fcnyaya nec\u0259 tan\u0131td\u0131q? - MEYDAN.TV\",\"isPartOf\":{\"@id\":\"https:\\\/\\\/www.meydan.tv\\\/az\\\/#website\"},\"primaryImageOfPage\":{\"@id\":\"https:\\\/\\\/www.meydan.tv\\\/az\\\/article\\\/olkemizi-dunyaya-nece-tanitdiq\\\/#primaryimage\"},\"image\":{\"@id\":\"https:\\\/\\\/www.meydan.tv\\\/az\\\/article\\\/olkemizi-dunyaya-nece-tanitdiq\\\/#primaryimage\"},\"thumbnailUrl\":\"https:\\\/\\\/www.meydan.tv\\\/wp-content\\\/uploads\\\/10420.jpg\",\"datePublished\":\"2015-06-29T19:12:28+00:00\",\"breadcrumb\":{\"@id\":\"https:\\\/\\\/www.meydan.tv\\\/az\\\/article\\\/olkemizi-dunyaya-nece-tanitdiq\\\/#breadcrumb\"},\"inLanguage\":\"az\",\"potentialAction\":[{\"@type\":\"ReadAction\",\"target\":[\"https:\\\/\\\/www.meydan.tv\\\/az\\\/article\\\/olkemizi-dunyaya-nece-tanitdiq\\\/\"]}]},{\"@type\":\"ImageObject\",\"inLanguage\":\"az\",\"@id\":\"https:\\\/\\\/www.meydan.tv\\\/az\\\/article\\\/olkemizi-dunyaya-nece-tanitdiq\\\/#primaryimage\",\"url\":\"https:\\\/\\\/www.meydan.tv\\\/wp-content\\\/uploads\\\/10420.jpg\",\"contentUrl\":\"https:\\\/\\\/www.meydan.tv\\\/wp-content\\\/uploads\\\/10420.jpg\",\"width\":355,\"height\":400,\"caption\":\"Source:\"},{\"@type\":\"BreadcrumbList\",\"@id\":\"https:\\\/\\\/www.meydan.tv\\\/az\\\/article\\\/olkemizi-dunyaya-nece-tanitdiq\\\/#breadcrumb\",\"itemListElement\":[{\"@type\":\"ListItem\",\"position\":1,\"name\":\"Ana s\u0259hif\u0259\",\"item\":\"https:\\\/\\\/www.meydan.tv\\\/az\\\/\"},{\"@type\":\"ListItem\",\"position\":2,\"name\":\"M\u0259nim Fikrimc\u0259\",\"item\":\"https:\\\/\\\/www.meydan.tv\\\/az\\\/section\\\/menim-fikrimce\\\/\"},{\"@type\":\"ListItem\",\"position\":3,\"name\":\"\u00d6lk\u0259mizi d\u00fcnyaya nec\u0259 tan\u0131td\u0131q?\"}]},{\"@type\":\"WebSite\",\"@id\":\"https:\\\/\\\/www.meydan.tv\\\/az\\\/#website\",\"url\":\"https:\\\/\\\/www.meydan.tv\\\/az\\\/\",\"name\":\"MEYDAN.TV\",\"description\":\"Meydan TV Az\u0259rbaycan\u0131n media m\u0259kan\u0131ndak\u0131 alternativ s\u0259sidir\",\"publisher\":{\"@id\":\"https:\\\/\\\/www.meydan.tv\\\/az\\\/#organization\"},\"potentialAction\":[{\"@type\":\"SearchAction\",\"target\":{\"@type\":\"EntryPoint\",\"urlTemplate\":\"https:\\\/\\\/www.meydan.tv\\\/az\\\/?s={search_term_string}\"},\"query-input\":{\"@type\":\"PropertyValueSpecification\",\"valueRequired\":true,\"valueName\":\"search_term_string\"}}],\"inLanguage\":\"az\"},{\"@type\":\"Organization\",\"@id\":\"https:\\\/\\\/www.meydan.tv\\\/az\\\/#organization\",\"name\":\"Meydan TV\",\"url\":\"https:\\\/\\\/www.meydan.tv\\\/az\\\/\",\"logo\":{\"@type\":\"ImageObject\",\"inLanguage\":\"az\",\"@id\":\"https:\\\/\\\/www.meydan.tv\\\/az\\\/#\\\/schema\\\/logo\\\/image\\\/\",\"url\":\"https:\\\/\\\/www.meydan.tv\\\/wp-content\\\/uploads\\\/2021\\\/07\\\/meydan-logo.svg\",\"contentUrl\":\"https:\\\/\\\/www.meydan.tv\\\/wp-content\\\/uploads\\\/2021\\\/07\\\/meydan-logo.svg\",\"width\":195,\"height\":46,\"caption\":\"Meydan TV\"},\"image\":{\"@id\":\"https:\\\/\\\/www.meydan.tv\\\/az\\\/#\\\/schema\\\/logo\\\/image\\\/\"}},{\"@type\":\"Person\",\"@id\":\"https:\\\/\\\/www.meydan.tv\\\/az\\\/#\\\/schema\\\/person\\\/10d11eccf6da3662cf5fdab9806ea91a\",\"name\":\"user-manager\"}]}<\/script>\n<!-- \/ Yoast SEO plugin. -->","yoast_head_json":{"title":"\u00d6lk\u0259mizi d\u00fcnyaya nec\u0259 tan\u0131td\u0131q? - MEYDAN.TV","robots":{"index":"index","follow":"follow","max-snippet":"max-snippet:-1","max-image-preview":"max-image-preview:large","max-video-preview":"max-video-preview:-1"},"canonical":"https:\/\/www.meydan.tv\/az\/article\/olkemizi-dunyaya-nece-tanitdiq\/","og_locale":"az_AZ","og_type":"article","og_title":"\u00d6lk\u0259mizi d\u00fcnyaya nec\u0259 tan\u0131td\u0131q? - MEYDAN.TV","og_description":"Avropa Oyunlar\u0131n\u0131n xeyirl\u0259ri","og_url":"https:\/\/www.meydan.tv\/az\/article\/olkemizi-dunyaya-nece-tanitdiq\/","og_site_name":"MEYDAN.TV","article_published_time":"2015-06-29T19:12:28+00:00","og_image":[{"width":355,"height":400,"url":"https:\/\/www.meydan.tv\/wp-content\/uploads\/10420.jpg","type":"image\/jpeg"}],"author":"user-manager","twitter_card":"summary_large_image","schema":{"@context":"https:\/\/schema.org","@graph":[{"@type":"Article","@id":"https:\/\/www.meydan.tv\/az\/article\/olkemizi-dunyaya-nece-tanitdiq\/#article","isPartOf":{"@id":"https:\/\/www.meydan.tv\/az\/article\/olkemizi-dunyaya-nece-tanitdiq\/"},"author":{"name":"user-manager","@id":"https:\/\/www.meydan.tv\/az\/#\/schema\/person\/10d11eccf6da3662cf5fdab9806ea91a"},"headline":"\u00d6lk\u0259mizi d\u00fcnyaya nec\u0259 tan\u0131td\u0131q?","datePublished":"2015-06-29T19:12:28+00:00","mainEntityOfPage":{"@id":"https:\/\/www.meydan.tv\/az\/article\/olkemizi-dunyaya-nece-tanitdiq\/"},"wordCount":610,"publisher":{"@id":"https:\/\/www.meydan.tv\/az\/#organization"},"image":{"@id":"https:\/\/www.meydan.tv\/az\/article\/olkemizi-dunyaya-nece-tanitdiq\/#primaryimage"},"thumbnailUrl":"https:\/\/www.meydan.tv\/wp-content\/uploads\/10420.jpg","articleSection":["M\u0259nim Fikrimc\u0259"],"inLanguage":"az"},{"@type":"WebPage","@id":"https:\/\/www.meydan.tv\/az\/article\/olkemizi-dunyaya-nece-tanitdiq\/","url":"https:\/\/www.meydan.tv\/az\/article\/olkemizi-dunyaya-nece-tanitdiq\/","name":"\u00d6lk\u0259mizi d\u00fcnyaya nec\u0259 tan\u0131td\u0131q? - MEYDAN.TV","isPartOf":{"@id":"https:\/\/www.meydan.tv\/az\/#website"},"primaryImageOfPage":{"@id":"https:\/\/www.meydan.tv\/az\/article\/olkemizi-dunyaya-nece-tanitdiq\/#primaryimage"},"image":{"@id":"https:\/\/www.meydan.tv\/az\/article\/olkemizi-dunyaya-nece-tanitdiq\/#primaryimage"},"thumbnailUrl":"https:\/\/www.meydan.tv\/wp-content\/uploads\/10420.jpg","datePublished":"2015-06-29T19:12:28+00:00","breadcrumb":{"@id":"https:\/\/www.meydan.tv\/az\/article\/olkemizi-dunyaya-nece-tanitdiq\/#breadcrumb"},"inLanguage":"az","potentialAction":[{"@type":"ReadAction","target":["https:\/\/www.meydan.tv\/az\/article\/olkemizi-dunyaya-nece-tanitdiq\/"]}]},{"@type":"ImageObject","inLanguage":"az","@id":"https:\/\/www.meydan.tv\/az\/article\/olkemizi-dunyaya-nece-tanitdiq\/#primaryimage","url":"https:\/\/www.meydan.tv\/wp-content\/uploads\/10420.jpg","contentUrl":"https:\/\/www.meydan.tv\/wp-content\/uploads\/10420.jpg","width":355,"height":400,"caption":"Source:"},{"@type":"BreadcrumbList","@id":"https:\/\/www.meydan.tv\/az\/article\/olkemizi-dunyaya-nece-tanitdiq\/#breadcrumb","itemListElement":[{"@type":"ListItem","position":1,"name":"Ana s\u0259hif\u0259","item":"https:\/\/www.meydan.tv\/az\/"},{"@type":"ListItem","position":2,"name":"M\u0259nim Fikrimc\u0259","item":"https:\/\/www.meydan.tv\/az\/section\/menim-fikrimce\/"},{"@type":"ListItem","position":3,"name":"\u00d6lk\u0259mizi d\u00fcnyaya nec\u0259 tan\u0131td\u0131q?"}]},{"@type":"WebSite","@id":"https:\/\/www.meydan.tv\/az\/#website","url":"https:\/\/www.meydan.tv\/az\/","name":"MEYDAN.TV","description":"Meydan TV Az\u0259rbaycan\u0131n media m\u0259kan\u0131ndak\u0131 alternativ s\u0259sidir","publisher":{"@id":"https:\/\/www.meydan.tv\/az\/#organization"},"potentialAction":[{"@type":"SearchAction","target":{"@type":"EntryPoint","urlTemplate":"https:\/\/www.meydan.tv\/az\/?s={search_term_string}"},"query-input":{"@type":"PropertyValueSpecification","valueRequired":true,"valueName":"search_term_string"}}],"inLanguage":"az"},{"@type":"Organization","@id":"https:\/\/www.meydan.tv\/az\/#organization","name":"Meydan TV","url":"https:\/\/www.meydan.tv\/az\/","logo":{"@type":"ImageObject","inLanguage":"az","@id":"https:\/\/www.meydan.tv\/az\/#\/schema\/logo\/image\/","url":"https:\/\/www.meydan.tv\/wp-content\/uploads\/2021\/07\/meydan-logo.svg","contentUrl":"https:\/\/www.meydan.tv\/wp-content\/uploads\/2021\/07\/meydan-logo.svg","width":195,"height":46,"caption":"Meydan TV"},"image":{"@id":"https:\/\/www.meydan.tv\/az\/#\/schema\/logo\/image\/"}},{"@type":"Person","@id":"https:\/\/www.meydan.tv\/az\/#\/schema\/person\/10d11eccf6da3662cf5fdab9806ea91a","name":"user-manager"}]}},"_links":{"self":[{"href":"https:\/\/www.meydan.tv\/az\/wp-json\/wp\/v2\/posts\/168703","targetHints":{"allow":["GET"]}}],"collection":[{"href":"https:\/\/www.meydan.tv\/az\/wp-json\/wp\/v2\/posts"}],"about":[{"href":"https:\/\/www.meydan.tv\/az\/wp-json\/wp\/v2\/types\/post"}],"author":[{"embeddable":true,"href":"https:\/\/www.meydan.tv\/az\/wp-json\/wp\/v2\/users\/11"}],"replies":[{"embeddable":true,"href":"https:\/\/www.meydan.tv\/az\/wp-json\/wp\/v2\/comments?post=168703"}],"version-history":[{"count":0,"href":"https:\/\/www.meydan.tv\/az\/wp-json\/wp\/v2\/posts\/168703\/revisions"}],"wp:featuredmedia":[{"embeddable":true,"href":"https:\/\/www.meydan.tv\/az\/wp-json\/wp\/v2\/media\/28186"}],"wp:attachment":[{"href":"https:\/\/www.meydan.tv\/az\/wp-json\/wp\/v2\/media?parent=168703"}],"wp:term":[{"taxonomy":"category","embeddable":true,"href":"https:\/\/www.meydan.tv\/az\/wp-json\/wp\/v2\/categories?post=168703"},{"taxonomy":"post_tag","embeddable":true,"href":"https:\/\/www.meydan.tv\/az\/wp-json\/wp\/v2\/tags?post=168703"}],"curies":[{"name":"wp","href":"https:\/\/api.w.org\/{rel}","templated":true}]}}