{"id":168671,"date":"2015-06-26T23:25:06","date_gmt":"2015-06-26T23:25:06","guid":{"rendered":"https:\/\/www.meydan.tv\/article\/isa-qemberden-gelen-xeyir\/"},"modified":"2015-06-26T23:25:06","modified_gmt":"2015-06-26T23:25:06","slug":"isa-qemberden-gelen-xeyir","status":"publish","type":"post","link":"https:\/\/www.meydan.tv\/az\/article\/isa-qemberden-gelen-xeyir\/","title":{"rendered":"\u0130sa Q\u0259mb\u0259rd\u0259n g\u0259l\u0259n xeyir&#8230;"},"content":{"rendered":"<figure class=\"wp-block-image size-large\">\n  <img decoding=\"async\" src=\"https:\/\/www.meydan.tv\/az\/27980\/\" alt=\"\" class=\"wp-image-27980\"\/><figcaption><\/figcaption><\/figure>\n<figure class=\"wp-block-image size-large\">\n  <img decoding=\"async\" src=\"https:\/\/www.meydan.tv\/az\/27977\/\" alt=\"\" class=\"wp-image-27977\"\/><figcaption><\/figcaption><\/figure>\n<p>\n  El\u0259 bil, hardansa komanda verilib. Demokratiya t\u0259l\u0259b etm\u0259k, d\u0259yi\u015fiklik \u00fc\u00e7\u00fcn \u00e7al\u0131\u015fmaq, c\u0259miyy\u0259tin b\u00fct\u00fcnl\u0259\u015fm\u0259si \u00fc\u00e7\u00fcn \u00e7abaya ehtiyac\u0131n yarand\u0131\u011f\u0131 zaman biril\u0259ri M\u00fcsavata qar\u015f\u0131 kampaniyan\u0131n n\u00f6vb\u0259ti m\u0259rh\u0259l\u0259sini ba\u015flad\u0131blar. C\u0259nablar yorulmad\u0131z?<\/p>\n<p>  Anla\u015f\u0131lmaz v\u0259 m\u0259nas\u0131z s\u00f6z davas\u0131 n\u0259 q\u0259d\u0259r ged\u0259r, a\u011fsaqqal-qarasaqqal biri-birini n\u0259 q\u0259d\u0259r s\u00f6y\u0259r, t\u0259hqir ed\u0259r? Dala\u015fmaqlar\u0131 bir yana, M\u00fcsavat Partiyas\u0131na z\u0259r\u0259r vurma\u011fa \u00e7al\u0131\u015f\u0131rlar. Partiyan\u0131 da bu &#8220;sava\u015f&#8221;a soxmaq ist\u0259yirl\u0259r. Baxmayaraq ki, M\u00fcsavat m\u0259nas\u0131z v\u0259 z\u0259r\u0259rli m\u00fczakir\u0259l\u0259rin i\u015ftirak\u00e7\u0131s\u0131 olmayaca\u011f\u0131n\u0131 davaml\u0131\u00a0 s\u00f6yl\u0259yir.<\/p>\n<p>  M\u00fcsavat m\u00fcbariz\u0259ni m\u00fcxalif\u0259tin daxilind\u0259n \u00e7\u0131xarmaq \u00fc\u00e7\u00fcn s\u0259y g\u00f6st\u0259rir. Ba\u015fqalar\u0131 israrla daxili m\u00fcbariz\u0259 g\u00f6r\u00fcnt\u00fcs\u00fc yaratmaq ist\u0259yirl\u0259r. A\u011fsaqqal- qarasaqqal qalmay\u0131b, h\u0259r k\u0259s s\u00f6y\u00fcr. Biri \u00f6z\u00fcn\u00fc \u0259n a\u011f\u0131ll\u0131, biri \u00f6z\u00fcn\u00fc \u0259n vicdanl\u0131 adland\u0131r\u0131r.<\/p>\n<p>  G\u00fclm\u0259lisi odur ki, g\u00fcya h\u0259r iki t\u0259r\u0259f M\u00fcsavat Partiyas\u0131n\u0131 d\u00fc\u015f\u00fcn\u00fcrm\u00fc\u015f kimi davranaraq, biz\u0259 qar\u015f\u0131 \u00e7irkli f\u0259aliyy\u0259tl\u0259rini davam etdirirl\u0259r. Bir t\u0259r\u0259f Lider tv s\u0259viyy\u0259sind\u0259 x\u0259b\u0259rl\u0259ri tirajlay\u0131r, yaz\u0131lar yaz\u0131r. Aztv-nin dedikl\u0259rini, &#8220;S\u0259s&#8221; q\u0259zetinin\u00a0yazd\u0131qlar\u0131n\u0131 q\u0259zetl\u0259rind\u0259 \u00e7ap etdirirl\u0259r. M\u00fcsavata qar\u015f\u0131 s\u0259b\u0259bsiz dava apar\u0131rlar. Bu davada a\u011fsaqqal birini \u00f6zl\u0259rin\u0259 qalxan edib, urvats\u0131z edirl\u0259r. Bel\u0259 etm\u0259l\u0259rinin bir \u00e7ox s\u0259b\u0259bi var. Ehtiyac olsa, o haqda da yazmaq olar.<\/p>\n<p>  Dig\u0259r t\u0259r\u0259f\u0259 g\u0259ldikd\u0259, savads\u0131z v\u0259 avant\u00fcristl\u0259rd\u0259n M\u00fcsavata qar\u015f\u0131 m\u00fcsahib\u0259l\u0259r, r\u0259yl\u0259r al\u0131r, \u0259xlaqs\u0131z adamlar\u0131n anti-M\u00fcsavat yaz\u0131lar\u0131n\u0131 d\u0259rc edir, M\u00fcsavata qar\u015f\u0131, m\u00fcsavat\u00e7\u0131lara qar\u015f\u0131 t\u0259rbiy\u0259sizlik ed\u0259nl\u0259rl\u0259 qol boyun olur, bir s\u00f6zl\u0259, M\u00fcsavata z\u0259r\u0259rli f\u0259aliyy\u0259tl\u0259 m\u0259\u015f\u011fuldurlar.<\/p>\n<p>  Siyas\u0259t meydan\u0131nda u\u011fur qazana bilm\u0259yib, getdikc\u0259 batanlar, batd\u0131qca ba\u015fqalar\u0131n\u0131 da \u00f6zl\u0259riyl\u0259 birlikd\u0259 a\u015fa\u011f\u0131 \u00e7\u0259km\u0259k ist\u0259y\u0259nl\u0259r, sona q\u0259d\u0259r davam g\u0259tir\u0259 bilm\u0259y\u0259nl\u0259r \u00a0h\u0259r f\u00fcrs\u0259td\u0259 M\u00fcsavat Partiyas\u0131na qar\u015f\u0131 olduqlar\u0131n\u0131 kiml\u0259r\u0259s\u0259 s\u00fcbut etm\u0259y\u0259 \u00e7al\u0131\u015f\u0131rlar. N\u0259dir, n\u0259 m\u0259s\u0259l\u0259dir?<br \/>\n  <br \/>\n  Ay\u0131q m\u00fc\u015fahid\u0259\u00e7il\u0259r\u0259 s\u0259b\u0259b ayd\u0131nd\u0131r. M\u00fcsavat\u0131n v\u0259 onun liderinin prinsipial v\u0259 ard\u0131c\u0131l siyasi f\u0259aliyy\u0259ti partiyan\u0131 el\u0259 bir \u00fcst\u00fcn m\u0259rt\u0259b\u0259y\u0259 g\u0259tirib \u00e7\u0131xar\u0131b ki, \u00f6z \u015f\u0259xsi maraqlar\u0131 namin\u0259 qeyri-m\u00fc\u0259yy\u0259n v\u0259 d\u0259yi\u015fk\u0259n, h\u0259tta avtoritar rejim qar\u015f\u0131s\u0131nda t\u0259slim\u00e7i m\u00f6vqe s\u0259rgil\u0259y\u0259nl\u0259rin \u00f6n\u0259 \u00e7\u0131xmas\u0131 m\u00fc\u015fg\u00fcl bir i\u015f\u0259 \u00e7evrilib. T\u0259k onlar yox, hakimiyy\u0259td\u0259kil\u0259r d\u0259 narahatd\u0131rlar.\u00a0 M\u00fcsavat\u0131 z\u0259ifl\u0259tm\u0259k, g\u00f6zd\u0259n salmaq, d\u00fc\u015f\u0259rg\u0259daxili \u00e7\u0259ki\u015fm\u0259l\u0259r\u0259 c\u0259lb edib m\u00fcbariz\u0259d\u0259n yay\u0131nd\u0131rmaq \u00a0\u00fc\u00e7\u00fcn m\u00fcxt\u0259lif \u00fcsullara \u0259l at\u0131rlar.<\/p>\n<p>  H\u0259r k\u0259sin d\u0259 g\u00f6rd\u00fcy\u00fc kimi, art\u0131q bir ne\u00e7\u0259 ayd\u0131r ki, partiyan\u0131n gizli v\u0259 a\u015fkar d\u00fc\u015fm\u0259nl\u0259rini, dost v\u0259 t\u0259\u0259ss\u00fcbke\u015f iddias\u0131yla M\u00fcsavat\u0131 \u00e7\u00f6kd\u00fcrm\u0259y\u0259 h\u0259r an haz\u0131r v\u0259 h\u0259v\u0259sli olanlar\u0131 s\u0259f\u0259rb\u0259r edib partiyaya qar\u015f\u0131 s\u0259lib y\u00fcr\u00fc\u015f\u00fc ba\u015flad\u0131blar.<\/p>\n<p>  Niy\u0259?<\/p>\n<p>  \u00c7\u00fcnki M\u00fcsavat Partiyas\u0131 \u0259n g\u00fccl\u00fc v\u0259 \u0259n prinsipial siyasi t\u0259\u015fkilat, \u0130sa Q\u0259mb\u0259r is\u0259 \u00f6lk\u0259nin \u0259n parlaq siyasi fiquru olaraq qal\u0131r. M\u00fcsavat hakimiyy\u0259tin v\u0259 onun \u0259lalt\u0131lar\u0131n\u0131n niyy\u0259tini \u00fcr\u0259yind\u0259 qoyur, planlar\u0131n\u0131 bo\u015fa \u00e7\u0131xard\u0131r, t\u0259\u015fkilatlanma i\u015fini g\u00fccl\u0259ndirir, beynalxalq al\u0259ml\u0259, c\u0259miyy\u0259tl\u0259 \u0259laq\u0259l\u0259rini g\u00fccl\u0259ndirir. Ayd\u0131n g\u00f6r\u00fcn\u00fcr ki, bu u\u011furlar kiml\u0259ris\u0259 ciddi \u015f\u0259kild\u0259 narahat edir v\u0259 onlar\u0131n aras\u0131nda t\u0259kc\u0259 hakimiyy\u0259t t\u0259msil\u00e7il\u0259ri yox, m\u00fcxalif\u0259t d\u00fc\u015f\u0259rg\u0259sind\u0259ki \u201cdostlar\u0131m\u0131z\u201d da var.<\/p>\n<p>  Onlar u\u011fursuzluq \u00e7\u00f6k\u0259yind\u0259n \u00e7\u0131xmaq \u00fc\u00e7\u00fcn M\u00fcsavat\u0131 h\u0259d\u0259f se\u00e7ibl\u0259r. B\u0259zi jurnalistl\u0259r\u0259 partiyam\u0131z haqq\u0131nda m\u0259ntiqsiz yaz\u0131lar yazd\u0131r\u0131b \u00f6z u\u011fursuzluqlar\u0131n\u0131 M\u00fcsavat\u0131n g\u00fcnah\u0131 kimi q\u0259l\u0259m\u0259 verm\u0259y\u0259 \u00e7al\u0131\u015f\u0131rlar. \u0130zafi \u0259m\u0259kdir, bo\u015funa s\u0259rf edil\u0259n enerjidir. \u00c7\u00fcnki bu partiyan\u0131n h\u0259d\u0259fl\u0259ri d\u0259 c\u0259miyy\u0259t\u0259 b\u0259llidi, m\u0259qs\u0259di d\u0259, f\u0259aliyy\u0259ti d\u0259. Bu f\u0259aliyy\u0259tin ciddiliyi he\u00e7 k\u0259sd\u0259 \u015f\u00fcbh\u0259 do\u011furmad\u0131\u011f\u0131 \u00fc\u00e7\u00fcnd\u00fcr ki, bu g\u00fcn c\u0259miyy\u0259t M\u00fcsavat\u0131n qurultay\u0131yla, partiyan\u0131n G\u0259ncl\u0259r T\u0259\u015fkilat\u0131na s\u0259dr se\u00e7kisiyl\u0259 daha \u00e7ox maraqlan\u0131r, n\u0259inki b\u0259zi partiyalar\u0131n \u00f6z\u00fc v\u0259 lideriyl\u0259.<\/p>\n<p>  Onlar\u0131n \u015f\u00fcbh\u0259li-s\u00fcr\u00fc\u015fk\u0259n f\u0259aliyy\u0259ti n\u0259tic\u0259sind\u0259 s\u0259sl\u0259rin yar\u0131dan \u00e7oxu saxtala\u015fd\u0131rl\u0131m\u0131\u015f se\u00e7ki c\u0259miyy\u0259td\u0259 c\u0259mi 3 ay m\u00fczakir\u0259 olundu.\u00a0 Y\u0259ni kimin cazib\u0259si itib, kimin cazib\u0259si qal\u0131b, g\u00f6z qaba\u011f\u0131ndad\u0131r, bunu onlar da h\u0259r k\u0259s d\u0259 bilir. Bilirl\u0259r ki, \u0130sa Q\u0259mb\u0259r tribunada olanda \u00a0tribuna, meydanda olanda meydan m\u00fczakir\u0259 edilir. Bilirl\u0259r ki, \u0130sa Q\u0259mb\u0259rin oldu\u011fu b\u00fct\u00fcn birlikl\u0259r h\u0259r zaman u\u011fur qazan\u0131b. Bilirl\u0259r ki, M\u00fcsavat\u0131n \u0259traf\u0131nda yaranan b\u00fct\u00fcn birlikl\u0259r ciddi n\u0259tic\u0259l\u0259r \u0259ld\u0259 edib. \u0130ndi cazib\u0259d\u0259n dan\u0131\u015fanlar, demokratik hakimiyy\u0259ti y\u0131xanlarla birlikd\u0259 M\u00fcsavata, \u0130sa Q\u0259mb\u0259r\u0259 qar\u015f\u0131 olanda da, hakimiyy\u0259t\u0259 yar\u0131nanlarla birlikd\u0259 restoranlarda M\u00fcsavata qar\u015f\u0131 g\u00f6r\u00fc\u015f\u0259nd\u0259 d\u0259 cazib\u0259 m\u0259rk\u0259zi M\u00fcsavat \u0259n parlaq siyasi lider \u0130sa Q\u0259mb\u0259r olub. C\u0259mil H\u0259s\u0259nlinin m\u00fcxalif\u0259tin vahid namiz\u0259di olmas\u0131 da, m\u00fcxalif\u0259tin se\u00e7kid\u0259 i\u015ftirak edib se\u00e7ki saxtakarl\u0131qlar\u0131n\u0131 if\u015fa etm\u0259si d\u0259 m\u0259hz \u0130sa Q\u0259mb\u0259rin say\u0259sind\u0259 ba\u015f tutub. Bilirl\u0259r.<\/p>\n<p>  Dediyimiz kimi, \u201cvuru\u015fan\u201d t\u0259r\u0259fl\u0259rin ikincisi d\u0259 M\u00fcsavata qar\u015f\u0131 f\u0259aliyy\u0259t g\u00f6st\u0259rir. Bu ikinci t\u0259r\u0259f d\u0259 f\u0259rqli formada eyni m\u00f6vqe s\u0259rgil\u0259m\u0259kd\u0259dir. Amma siyasi bilikl\u0259ri d\u0259, d\u00fcnya g\u00f6r\u00fc\u015f\u00fc d\u0259 b\u0259rbad olan biril\u0259rini \u0130sa Q\u0259mb\u0259r\u0259 v\u0259 \u00a0Arif Hac\u0131l\u0131ya qar\u015f\u0131 dan\u0131\u015fd\u0131rmaqla M\u00fcsavat\u0131 z\u0259ifl\u0259tm\u0259yin m\u00fcmk\u00fcn olmayaca\u011f\u0131n\u0131 siyas\u0259tin \u0259lifbas\u0131n\u0131 bil\u0259nl\u0259r bel\u0259 bilir. Bunlar guya bilmir?<\/p>\n<p>  Hakimiyy\u0259tin anti-M\u00fcsavat t\u0259bli\u011fat\u0131nda i\u015ftirak ed\u0259n siyas\u0259t piyadalar\u0131n\u0131n b\u00fct\u00fcn ciddi-c\u0259hdl\u0259rin\u0259 r\u0259\u011fm\u0259n Az\u0259rbaycan\u0131n apar\u0131c\u0131 siyasi t\u0259\u015fkilat\u0131 olan M\u00fcsavat demokratiya u\u011frunda m\u00fcbariz\u0259nin \u00f6nc\u00fcl\u00fc v\u0259 \u0259sas daya\u011f\u0131d\u0131r. Az\u0259rbaycan\u0131n d\u00f6vl\u0259t t\u0259hl\u00fck\u0259sizliyinin qarantlar\u0131ndan biri d\u0259 M\u00fcsavat Partiyas\u0131d\u0131r. Bunu g\u00f6rm\u0259m\u0259k siyasi korluqdur.<br \/>\n  <br \/>\n  Bel\u0259 bir partiyan\u0131n \u00fczv\u00fc olmaq \u015f\u0259r\u0259fdir v\u0259 biz qazanc olaraq bu \u015f\u0259r\u0259fi se\u00e7mi\u015fik, bizim \u00fc\u00e7\u00fcn \u0259n b\u00f6y\u00fck xeyir f\u0259dakar m\u00fcsavat\u00e7\u0131 ad\u0131d\u0131r.<\/p>\n<p>  Son olaraq, siyasi m\u00f6vqeyin\u0259 g\u00f6r\u0259 h\u0259bsd\u0259 olan birin\u0259 \u015f\u0259r atanlarla \u00fczvl\u0259ri h\u0259bsd\u0259 olan, prinsipial m\u00fcbariz\u0259nin simvolu olan partiyaya \u015f\u0259r atanlar\u0131n, h\u0259min partiyan\u0131 g\u00f6zd\u0259n salma\u011fa c\u0259hd ed\u0259nl\u0259rin he\u00e7 bir f\u0259rqi yoxdur.\n<\/p>\n<p>\n  Avtoritarizim\u0259 qar\u015f\u0131 m\u00fcbariz\u0259 aparan insanlara \u015f\u0259r atmaq, onlar\u0131 g\u00f6zd\u0259n salma\u011fa c\u0259ht etm\u0259k vicdanl\u0131 i\u015f deyil.\n<\/p>\n<p>\n  <b><br \/>\n    Yaz\u0131dak\u0131 fikirl\u0259r m\u00fc\u0259llif\u0259 m\u0259xsusdur v\u0259 onlara g\u00f6r\u0259 Meydan TV m\u0259suliyy\u0259t da\u015f\u0131m\u0131r.<br \/>\n  <\/b><\/p>\n","protected":false},"excerpt":{"rendered":"<p>C\u0259nablar, yorulmad\u0131n\u0131z?<\/p>\n","protected":false},"author":11,"featured_media":27980,"comment_status":"closed","ping_status":"open","sticky":false,"template":"","format":"standard","meta":{"_acf_changed":false,"_sitemap_exclude":false,"_sitemap_priority":"","_sitemap_frequency":"","footnotes":""},"categories":[57],"tags":[],"class_list":["post-168671","post","type-post","status-publish","format-standard","has-post-thumbnail","hentry","category-menim-fikrimce","infinite-scroll-item","generate-columns","tablet-grid-50","mobile-grid-100","grid-parent","grid-33","no-featured-image-padding"],"acf":[],"yoast_head":"<!-- This site is optimized with the Yoast SEO plugin v27.5 - https:\/\/yoast.com\/product\/yoast-seo-wordpress\/ -->\n<title>\u0130sa Q\u0259mb\u0259rd\u0259n g\u0259l\u0259n xeyir... - MEYDAN.TV<\/title>\n<meta name=\"robots\" content=\"index, follow, max-snippet:-1, max-image-preview:large, max-video-preview:-1\" \/>\n<link rel=\"canonical\" href=\"https:\/\/www.meydan.tv\/az\/article\/isa-qemberden-gelen-xeyir\/\" \/>\n<meta property=\"og:locale\" content=\"az_AZ\" \/>\n<meta property=\"og:type\" content=\"article\" \/>\n<meta property=\"og:title\" content=\"\u0130sa Q\u0259mb\u0259rd\u0259n g\u0259l\u0259n xeyir... - MEYDAN.TV\" \/>\n<meta property=\"og:description\" content=\"C\u0259nablar, yorulmad\u0131n\u0131z?\" \/>\n<meta property=\"og:url\" content=\"https:\/\/www.meydan.tv\/az\/article\/isa-qemberden-gelen-xeyir\/\" \/>\n<meta property=\"og:site_name\" content=\"MEYDAN.TV\" \/>\n<meta property=\"article:published_time\" content=\"2015-06-26T23:25:06+00:00\" \/>\n<meta property=\"og:image\" content=\"https:\/\/www.meydan.tv\/wp-content\/uploads\/10333.jpg\" \/>\n\t<meta property=\"og:image:width\" content=\"500\" \/>\n\t<meta property=\"og:image:height\" content=\"500\" \/>\n\t<meta property=\"og:image:type\" content=\"image\/jpeg\" \/>\n<meta name=\"author\" content=\"user-manager\" \/>\n<meta name=\"twitter:card\" content=\"summary_large_image\" \/>\n<script type=\"application\/ld+json\" class=\"yoast-schema-graph\">{\"@context\":\"https:\\\/\\\/schema.org\",\"@graph\":[{\"@type\":\"Article\",\"@id\":\"https:\\\/\\\/www.meydan.tv\\\/az\\\/article\\\/isa-qemberden-gelen-xeyir\\\/#article\",\"isPartOf\":{\"@id\":\"https:\\\/\\\/www.meydan.tv\\\/az\\\/article\\\/isa-qemberden-gelen-xeyir\\\/\"},\"author\":{\"name\":\"user-manager\",\"@id\":\"https:\\\/\\\/www.meydan.tv\\\/az\\\/#\\\/schema\\\/person\\\/10d11eccf6da3662cf5fdab9806ea91a\"},\"headline\":\"\u0130sa Q\u0259mb\u0259rd\u0259n g\u0259l\u0259n xeyir&#8230;\",\"datePublished\":\"2015-06-26T23:25:06+00:00\",\"mainEntityOfPage\":{\"@id\":\"https:\\\/\\\/www.meydan.tv\\\/az\\\/article\\\/isa-qemberden-gelen-xeyir\\\/\"},\"wordCount\":1352,\"publisher\":{\"@id\":\"https:\\\/\\\/www.meydan.tv\\\/az\\\/#organization\"},\"image\":{\"@id\":\"https:\\\/\\\/www.meydan.tv\\\/az\\\/article\\\/isa-qemberden-gelen-xeyir\\\/#primaryimage\"},\"thumbnailUrl\":\"https:\\\/\\\/www.meydan.tv\\\/wp-content\\\/uploads\\\/10333.jpg\",\"articleSection\":[\"M\u0259nim Fikrimc\u0259\"],\"inLanguage\":\"az\"},{\"@type\":\"WebPage\",\"@id\":\"https:\\\/\\\/www.meydan.tv\\\/az\\\/article\\\/isa-qemberden-gelen-xeyir\\\/\",\"url\":\"https:\\\/\\\/www.meydan.tv\\\/az\\\/article\\\/isa-qemberden-gelen-xeyir\\\/\",\"name\":\"\u0130sa Q\u0259mb\u0259rd\u0259n g\u0259l\u0259n xeyir... - MEYDAN.TV\",\"isPartOf\":{\"@id\":\"https:\\\/\\\/www.meydan.tv\\\/az\\\/#website\"},\"primaryImageOfPage\":{\"@id\":\"https:\\\/\\\/www.meydan.tv\\\/az\\\/article\\\/isa-qemberden-gelen-xeyir\\\/#primaryimage\"},\"image\":{\"@id\":\"https:\\\/\\\/www.meydan.tv\\\/az\\\/article\\\/isa-qemberden-gelen-xeyir\\\/#primaryimage\"},\"thumbnailUrl\":\"https:\\\/\\\/www.meydan.tv\\\/wp-content\\\/uploads\\\/10333.jpg\",\"datePublished\":\"2015-06-26T23:25:06+00:00\",\"breadcrumb\":{\"@id\":\"https:\\\/\\\/www.meydan.tv\\\/az\\\/article\\\/isa-qemberden-gelen-xeyir\\\/#breadcrumb\"},\"inLanguage\":\"az\",\"potentialAction\":[{\"@type\":\"ReadAction\",\"target\":[\"https:\\\/\\\/www.meydan.tv\\\/az\\\/article\\\/isa-qemberden-gelen-xeyir\\\/\"]}]},{\"@type\":\"ImageObject\",\"inLanguage\":\"az\",\"@id\":\"https:\\\/\\\/www.meydan.tv\\\/az\\\/article\\\/isa-qemberden-gelen-xeyir\\\/#primaryimage\",\"url\":\"https:\\\/\\\/www.meydan.tv\\\/wp-content\\\/uploads\\\/10333.jpg\",\"contentUrl\":\"https:\\\/\\\/www.meydan.tv\\\/wp-content\\\/uploads\\\/10333.jpg\",\"width\":500,\"height\":500,\"caption\":\"Source:\"},{\"@type\":\"BreadcrumbList\",\"@id\":\"https:\\\/\\\/www.meydan.tv\\\/az\\\/article\\\/isa-qemberden-gelen-xeyir\\\/#breadcrumb\",\"itemListElement\":[{\"@type\":\"ListItem\",\"position\":1,\"name\":\"Ana s\u0259hif\u0259\",\"item\":\"https:\\\/\\\/www.meydan.tv\\\/az\\\/\"},{\"@type\":\"ListItem\",\"position\":2,\"name\":\"M\u0259nim Fikrimc\u0259\",\"item\":\"https:\\\/\\\/www.meydan.tv\\\/az\\\/section\\\/menim-fikrimce\\\/\"},{\"@type\":\"ListItem\",\"position\":3,\"name\":\"\u0130sa Q\u0259mb\u0259rd\u0259n g\u0259l\u0259n xeyir&#8230;\"}]},{\"@type\":\"WebSite\",\"@id\":\"https:\\\/\\\/www.meydan.tv\\\/az\\\/#website\",\"url\":\"https:\\\/\\\/www.meydan.tv\\\/az\\\/\",\"name\":\"MEYDAN.TV\",\"description\":\"Meydan TV Az\u0259rbaycan\u0131n media m\u0259kan\u0131ndak\u0131 alternativ s\u0259sidir\",\"publisher\":{\"@id\":\"https:\\\/\\\/www.meydan.tv\\\/az\\\/#organization\"},\"potentialAction\":[{\"@type\":\"SearchAction\",\"target\":{\"@type\":\"EntryPoint\",\"urlTemplate\":\"https:\\\/\\\/www.meydan.tv\\\/az\\\/?s={search_term_string}\"},\"query-input\":{\"@type\":\"PropertyValueSpecification\",\"valueRequired\":true,\"valueName\":\"search_term_string\"}}],\"inLanguage\":\"az\"},{\"@type\":\"Organization\",\"@id\":\"https:\\\/\\\/www.meydan.tv\\\/az\\\/#organization\",\"name\":\"Meydan TV\",\"url\":\"https:\\\/\\\/www.meydan.tv\\\/az\\\/\",\"logo\":{\"@type\":\"ImageObject\",\"inLanguage\":\"az\",\"@id\":\"https:\\\/\\\/www.meydan.tv\\\/az\\\/#\\\/schema\\\/logo\\\/image\\\/\",\"url\":\"https:\\\/\\\/www.meydan.tv\\\/wp-content\\\/uploads\\\/2021\\\/07\\\/meydan-logo.svg\",\"contentUrl\":\"https:\\\/\\\/www.meydan.tv\\\/wp-content\\\/uploads\\\/2021\\\/07\\\/meydan-logo.svg\",\"width\":195,\"height\":46,\"caption\":\"Meydan TV\"},\"image\":{\"@id\":\"https:\\\/\\\/www.meydan.tv\\\/az\\\/#\\\/schema\\\/logo\\\/image\\\/\"}},{\"@type\":\"Person\",\"@id\":\"https:\\\/\\\/www.meydan.tv\\\/az\\\/#\\\/schema\\\/person\\\/10d11eccf6da3662cf5fdab9806ea91a\",\"name\":\"user-manager\"}]}<\/script>\n<!-- \/ Yoast SEO plugin. -->","yoast_head_json":{"title":"\u0130sa Q\u0259mb\u0259rd\u0259n g\u0259l\u0259n xeyir... - MEYDAN.TV","robots":{"index":"index","follow":"follow","max-snippet":"max-snippet:-1","max-image-preview":"max-image-preview:large","max-video-preview":"max-video-preview:-1"},"canonical":"https:\/\/www.meydan.tv\/az\/article\/isa-qemberden-gelen-xeyir\/","og_locale":"az_AZ","og_type":"article","og_title":"\u0130sa Q\u0259mb\u0259rd\u0259n g\u0259l\u0259n xeyir... - MEYDAN.TV","og_description":"C\u0259nablar, yorulmad\u0131n\u0131z?","og_url":"https:\/\/www.meydan.tv\/az\/article\/isa-qemberden-gelen-xeyir\/","og_site_name":"MEYDAN.TV","article_published_time":"2015-06-26T23:25:06+00:00","og_image":[{"width":500,"height":500,"url":"https:\/\/www.meydan.tv\/wp-content\/uploads\/10333.jpg","type":"image\/jpeg"}],"author":"user-manager","twitter_card":"summary_large_image","schema":{"@context":"https:\/\/schema.org","@graph":[{"@type":"Article","@id":"https:\/\/www.meydan.tv\/az\/article\/isa-qemberden-gelen-xeyir\/#article","isPartOf":{"@id":"https:\/\/www.meydan.tv\/az\/article\/isa-qemberden-gelen-xeyir\/"},"author":{"name":"user-manager","@id":"https:\/\/www.meydan.tv\/az\/#\/schema\/person\/10d11eccf6da3662cf5fdab9806ea91a"},"headline":"\u0130sa Q\u0259mb\u0259rd\u0259n g\u0259l\u0259n xeyir&#8230;","datePublished":"2015-06-26T23:25:06+00:00","mainEntityOfPage":{"@id":"https:\/\/www.meydan.tv\/az\/article\/isa-qemberden-gelen-xeyir\/"},"wordCount":1352,"publisher":{"@id":"https:\/\/www.meydan.tv\/az\/#organization"},"image":{"@id":"https:\/\/www.meydan.tv\/az\/article\/isa-qemberden-gelen-xeyir\/#primaryimage"},"thumbnailUrl":"https:\/\/www.meydan.tv\/wp-content\/uploads\/10333.jpg","articleSection":["M\u0259nim Fikrimc\u0259"],"inLanguage":"az"},{"@type":"WebPage","@id":"https:\/\/www.meydan.tv\/az\/article\/isa-qemberden-gelen-xeyir\/","url":"https:\/\/www.meydan.tv\/az\/article\/isa-qemberden-gelen-xeyir\/","name":"\u0130sa Q\u0259mb\u0259rd\u0259n g\u0259l\u0259n xeyir... - MEYDAN.TV","isPartOf":{"@id":"https:\/\/www.meydan.tv\/az\/#website"},"primaryImageOfPage":{"@id":"https:\/\/www.meydan.tv\/az\/article\/isa-qemberden-gelen-xeyir\/#primaryimage"},"image":{"@id":"https:\/\/www.meydan.tv\/az\/article\/isa-qemberden-gelen-xeyir\/#primaryimage"},"thumbnailUrl":"https:\/\/www.meydan.tv\/wp-content\/uploads\/10333.jpg","datePublished":"2015-06-26T23:25:06+00:00","breadcrumb":{"@id":"https:\/\/www.meydan.tv\/az\/article\/isa-qemberden-gelen-xeyir\/#breadcrumb"},"inLanguage":"az","potentialAction":[{"@type":"ReadAction","target":["https:\/\/www.meydan.tv\/az\/article\/isa-qemberden-gelen-xeyir\/"]}]},{"@type":"ImageObject","inLanguage":"az","@id":"https:\/\/www.meydan.tv\/az\/article\/isa-qemberden-gelen-xeyir\/#primaryimage","url":"https:\/\/www.meydan.tv\/wp-content\/uploads\/10333.jpg","contentUrl":"https:\/\/www.meydan.tv\/wp-content\/uploads\/10333.jpg","width":500,"height":500,"caption":"Source:"},{"@type":"BreadcrumbList","@id":"https:\/\/www.meydan.tv\/az\/article\/isa-qemberden-gelen-xeyir\/#breadcrumb","itemListElement":[{"@type":"ListItem","position":1,"name":"Ana s\u0259hif\u0259","item":"https:\/\/www.meydan.tv\/az\/"},{"@type":"ListItem","position":2,"name":"M\u0259nim Fikrimc\u0259","item":"https:\/\/www.meydan.tv\/az\/section\/menim-fikrimce\/"},{"@type":"ListItem","position":3,"name":"\u0130sa Q\u0259mb\u0259rd\u0259n g\u0259l\u0259n xeyir&#8230;"}]},{"@type":"WebSite","@id":"https:\/\/www.meydan.tv\/az\/#website","url":"https:\/\/www.meydan.tv\/az\/","name":"MEYDAN.TV","description":"Meydan TV Az\u0259rbaycan\u0131n media m\u0259kan\u0131ndak\u0131 alternativ s\u0259sidir","publisher":{"@id":"https:\/\/www.meydan.tv\/az\/#organization"},"potentialAction":[{"@type":"SearchAction","target":{"@type":"EntryPoint","urlTemplate":"https:\/\/www.meydan.tv\/az\/?s={search_term_string}"},"query-input":{"@type":"PropertyValueSpecification","valueRequired":true,"valueName":"search_term_string"}}],"inLanguage":"az"},{"@type":"Organization","@id":"https:\/\/www.meydan.tv\/az\/#organization","name":"Meydan TV","url":"https:\/\/www.meydan.tv\/az\/","logo":{"@type":"ImageObject","inLanguage":"az","@id":"https:\/\/www.meydan.tv\/az\/#\/schema\/logo\/image\/","url":"https:\/\/www.meydan.tv\/wp-content\/uploads\/2021\/07\/meydan-logo.svg","contentUrl":"https:\/\/www.meydan.tv\/wp-content\/uploads\/2021\/07\/meydan-logo.svg","width":195,"height":46,"caption":"Meydan TV"},"image":{"@id":"https:\/\/www.meydan.tv\/az\/#\/schema\/logo\/image\/"}},{"@type":"Person","@id":"https:\/\/www.meydan.tv\/az\/#\/schema\/person\/10d11eccf6da3662cf5fdab9806ea91a","name":"user-manager"}]}},"_links":{"self":[{"href":"https:\/\/www.meydan.tv\/az\/wp-json\/wp\/v2\/posts\/168671","targetHints":{"allow":["GET"]}}],"collection":[{"href":"https:\/\/www.meydan.tv\/az\/wp-json\/wp\/v2\/posts"}],"about":[{"href":"https:\/\/www.meydan.tv\/az\/wp-json\/wp\/v2\/types\/post"}],"author":[{"embeddable":true,"href":"https:\/\/www.meydan.tv\/az\/wp-json\/wp\/v2\/users\/11"}],"replies":[{"embeddable":true,"href":"https:\/\/www.meydan.tv\/az\/wp-json\/wp\/v2\/comments?post=168671"}],"version-history":[{"count":0,"href":"https:\/\/www.meydan.tv\/az\/wp-json\/wp\/v2\/posts\/168671\/revisions"}],"wp:featuredmedia":[{"embeddable":true,"href":"https:\/\/www.meydan.tv\/az\/wp-json\/wp\/v2\/media\/27980"}],"wp:attachment":[{"href":"https:\/\/www.meydan.tv\/az\/wp-json\/wp\/v2\/media?parent=168671"}],"wp:term":[{"taxonomy":"category","embeddable":true,"href":"https:\/\/www.meydan.tv\/az\/wp-json\/wp\/v2\/categories?post=168671"},{"taxonomy":"post_tag","embeddable":true,"href":"https:\/\/www.meydan.tv\/az\/wp-json\/wp\/v2\/tags?post=168671"}],"curies":[{"name":"wp","href":"https:\/\/api.w.org\/{rel}","templated":true}]}}