{"id":168652,"date":"2015-06-26T00:45:52","date_gmt":"2015-06-26T00:45:52","guid":{"rendered":"https:\/\/www.meydan.tv\/article\/nato-sisteminde-esger-ancaq-herbi-isle-mesguldur\/"},"modified":"2015-06-26T00:45:52","modified_gmt":"2015-06-26T00:45:52","slug":"nato-sisteminde-esger-ancaq-herbi-isle-mesguldur","status":"publish","type":"post","link":"https:\/\/www.meydan.tv\/az\/article\/nato-sisteminde-esger-ancaq-herbi-isle-mesguldur\/","title":{"rendered":"NATO sistemind\u0259 \u0259sg\u0259r ancaq h\u0259rbi i\u015fl\u0259 m\u0259\u015f\u011fuldur"},"content":{"rendered":"<figure class=\"wp-block-image size-large\">\n  <img decoding=\"async\" src=\"https:\/\/www.meydan.tv\/az\/27839\/\" alt=\"\" class=\"wp-image-27839\"\/><figcaption><\/figcaption><\/figure>\n<figure class=\"wp-block-image size-large\">\n  <img decoding=\"async\" src=\"https:\/\/www.meydan.tv\/az\/27842\/\" alt=\"\" class=\"wp-image-27842\"\/><figcaption><\/figcaption><\/figure>\n<p>\n  \u0130yunun 9-dan 19-d\u0259k Pol\u015fada NATO-nun\u00a0 Baltik d\u0259nizind\u0259 n\u00f6vb\u0259ti BALTOPS \u00e7oxmill\u0259tli h\u0259rbi t\u0259limi ke\u00e7irildi. Builki t\u0259limd\u0259 14 NATO \u00fczv\u00fc daxil olmaqla 17 \u00f6lk\u0259d\u0259n\u00a0 5600 h\u0259rb\u00e7i, 49 h\u0259rbi g\u0259mi, 61 h\u0259rbi t\u0259yyar\u0259 c\u0259lb olundu.<br \/>\n  <br \/>\n  AB\u015e-\u0131n r\u0259hb\u0259rliyi alt\u0131nda ke\u00e7iril\u0259n t\u0259limd\u0259\u00a0 Bel\u00e7ika, Kanada, Danimarka, Estoniya, Finlandiya, Fransa, Latviya, Almaniya, Litva, Latviya, Niderland, Norve\u00e7, Pol\u015fa, \u0130sve\u00e7, T\u00fcrky\u0259 v\u0259 B\u00f6y\u00fck Britaniya da i\u015ftirak edirdi.\n<\/p>\n<figure class=\"wp-block-image size-large\">\n  <img decoding=\"async\" src=\"https:\/\/www.meydan.tv\/az\/27845\/\" alt=\"\" class=\"wp-image-27845\"\/><figcaption><\/figcaption><\/figure>\n<p>\n  Bu t\u0259liml\u0259ri yax\u0131ndan izl\u0259m\u0259k \u00fc\u00e7\u00fcn\u00a0 NATO-nun t\u0259\u015fkilat\u00e7\u0131l\u0131\u011f\u0131 il\u0259 iyunun 14-d\u0259 8 \u00f6lk\u0259d\u0259n olan jurnalist (Az\u0259rbaycan, Bel\u00e7ika, Pol\u015fa, Macar\u0131stan, Estoniya, Litva, \u00c7exiya, Estoniya) Pol\u015fan\u0131n \u015fimal\u0131na Ustka \u015f\u0259h\u0259rin\u0259 yolland\u0131q. Buradak\u0131 h\u0259rbi bazadan helikopterl\u0259 B\u00f6y\u00fck Britaniyan\u0131n \u201cOkean\u201d (HMS Ocean) h\u0259rbi g\u0259misin\u0259 apar\u0131ld\u0131q. G\u0259mi BALTOPS t\u0259liml\u0259rinin d\u0259nizd\u0259 iki \u0259sas dayaq m\u0259nt\u0259q\u0259sind\u0259n biri idi. G\u0259minin hey\u0259ti 400 n\u0259f\u0259rd\u0259n ibar\u0259tdir, t\u0259lim zaman\u0131 is\u0259 ekipaj\u0131n say\u0131 1000 n\u0259f\u0259r\u0259 \u00e7atm\u0131\u015fd\u0131. Bel\u0259 ki, g\u0259mid\u0259 britaniyal\u0131 h\u0259rb\u00e7il\u0259rl\u0259 yana\u015f\u0131 NATO-ya \u00fczv \u00f6lk\u0259l\u0259rin d\u0259 n\u00fcmay\u0259nd\u0259l\u0259ri vard\u0131.<br \/>\n  <br \/>\n  NATO h\u0259rb\u00e7il\u0259ri bir-birl\u0259rinin t\u0259cr\u00fcb\u0259sini \u00f6yr\u0259nir.\n<\/p>\n<figure class=\"wp-block-image size-large\">\n  <img decoding=\"async\" src=\"https:\/\/www.meydan.tv\/az\/27848\/\" alt=\"\" class=\"wp-image-27848\"\/><figcaption><\/figcaption><\/figure>\n<p>\n  \u201cOkean\u201d\u0131n \u0259sas m\u0259qs\u0259di d\u00f6y\u00fc\u015f\u0259 haz\u0131rl\u0131q, Baltik d\u0259nizinin t\u0259hl\u00fck\u0259sizliyini t\u0259min etm\u0259k, \u0259m\u0259kda\u015fl\u0131q\u0131 inki\u015faf etdirm\u0259k, konfliktl\u0259rin qar\u015f\u0131s\u0131n\u0131 almaq, Avropa \u0130ttifaq\u0131 v\u0259 NATO-nun iqtisadi g\u00fcc\u00fcn\u00fc qorumaqd\u0131r.<br \/>\n  <br \/>\n  Bu g\u0259minin uzunlu\u011fu 208 metr, eni 36 metr,\u00a0 \u00e7\u0259kisi 21,500 tondur. 40 h\u0259rbi-zirehli texnika da\u015f\u0131ma qabiliyy\u0259tin\u0259 malikdir.\u00a0 G\u0259minin tikintisin\u0259 1994-c\u00fc ild\u0259 ba\u015flan\u0131l\u0131b, 1995-ci ild\u0259 ba\u015fa \u00e7atm\u0131\u015fd, 1998-ci ild\u0259 h\u0259rbi g\u0259mi v\u0259kal\u0259ti verilmi\u015fdir. G\u0259minin kapitan\u0131 Timoti Henridir.<br \/>\n  <br \/>\n  Da\u015f\u0131d\u0131\u011f\u0131 t\u0259yyar\u0259l\u0259r: 12x Sea King HC 4 helikopterl\u0259ri, 6x Lynx AH Mk7 helikopterl\u0259ri.<br \/>\n  <br \/>\n  \u018fsas q\u0259buledicil\u0259ri: Naviqasiya v\u0259 U\u00e7u\u015fa n\u0259zar\u0259t v\u0259 m\u00fc\u015fahid\u0259 radarlar\u0131 v\u0259 elektronik m\u00fc\u015fahid\u0259 sistemi il\u0259 t\u0259chiz olunub.<br \/>\n  <br \/>\n  \u00dcmumi da\u015f\u0131y\u0131c\u0131 k\u00fctl\u0259ri 1103 h\u0259rbi donanma \u0259m\u0259kda\u015f\u0131 v\u0259 helikopter eskadriyalar\u0131.<br \/>\n  <br \/>\n  G\u0259mid\u0259 \u0259n son tibbi avadanl\u0131qla t\u0259chiz olunmu\u015f tibbi m\u0259nt\u0259q\u0259si d\u0259 f\u0259aliyy\u0259t g\u00f6st\u0259rir.\n<\/p>\n<figure class=\"wp-block-image size-large\">\n  <img decoding=\"async\" src=\"https:\/\/www.meydan.tv\/az\/27851\/\" alt=\"\" class=\"wp-image-27851\"\/><figcaption><\/figcaption><\/figure>\n<p>\n  Birl\u0259\u015fmi\u015f Krall\u0131\u011fa m\u0259xsus g\u0259minin t\u0259limd\u0259 \u0259sas m\u0259qs\u0259di h\u0259rbi texnikan\u0131n v\u0259 desant birlikl\u0259rinin sudan quruya \u00e7\u0131xar\u0131lmas\u0131n\u0131 q\u00fcsursuz olaraq t\u0259min etm\u0259k idi.<br \/>\n  <br \/>\n  \u201cOkean\u201d g\u0259misind\u0259 t\u0259kc\u0259 h\u0259rbi d\u0259niz donanmas\u0131n\u0131n \u00fczvl\u0259ri yox, h\u0259m d\u0259 quru v\u0259 hava qo\u015funlar\u0131 da xidm\u0259t ke\u00e7ir. Bel\u0259 ki, NATO \u00fczv\u00fc olan \u00f6lk\u0259l\u0259rin \u0259sg\u0259r v\u0259 zabitl\u0259ri ist\u0259r i\u015f, ist\u0259rs\u0259 d\u0259 asud\u0259 vaxtlar\u0131n\u0131 daha \u00e7ox birlikd\u0259 ke\u00e7irir v\u0259 \u00f6lk\u0259l\u0259ri aras\u0131nda h\u0259rbi \u0259m\u0259kda\u015fl\u0131\u011f\u0131 inki\u015faf etdirirdil\u0259r. T\u0259limin dig\u0259r bir m\u0259qs\u0259di h\u0259m d\u0259 bu idi ki, b\u00fct\u00fcn NATO \u00f6lk\u0259l\u0259ri zabitl\u0259ri bir-birinin t\u0259cr\u00fcb\u0259sini \u00f6yr\u0259sinl\u0259r v\u0259 informasiya m\u00fcbadil\u0259l\u0259ri apars\u0131nlar.\n<\/p>\n<figure class=\"wp-block-image size-large\">\n  <img decoding=\"async\" src=\"https:\/\/www.meydan.tv\/az\/27854\/\" alt=\"\" class=\"wp-image-27854\"\/><figcaption><\/figcaption><\/figure>\n<p>\n  \u00dcnsiyy\u0259td\u0259 oldu\u011fumuz b\u00fct\u00fcn y\u00fcks\u0259k r\u00fctb\u0259li zabitl\u0259r 17 mill\u0259tin bir araya g\u0259lm\u0259sini x\u00fcsusi vur\u011fulayaraq, \u00fcmumi d\u00fc\u015fm\u0259n\u0259 qar\u015f\u0131 birg\u0259 m\u00fcbariz\u0259nin daha effektiv v\u0259 u\u011furlu olaca\u011f\u0131n\u0131 deyirdil\u0259r. Do\u011frudur, onlar \u201c\u00fcmumi d\u00fc\u015fm\u0259n\u201d dey\u0259rk\u0259n konkret hans\u0131sa bir \u00f6lk\u0259nin ad\u0131n\u0131 \u00e7\u0259kmirdil\u0259r, amma s\u00f6hb\u0259t \u0259snas\u0131nda m\u0259lum oldu ki, Rusiya Kr\u0131m\u0131n ilhaq\u0131na q\u0259d\u0259r NATO-nun bu kimi t\u0259liml\u0259rind\u0259 h\u0259r zaman i\u015ftirak edib, bu il is\u0259 d\u0259v\u0259t olunmay\u0131b.\n<\/p>\n<p>\n  \u201cOkean\u201d\u0131n suda \u0259n b\u00f6y\u00fck d\u0259st\u0259k\u00e7isi AB\u015e H\u0259rbi D\u0259niz Donanmas\u0131na m\u0259xsus San Antonio g\u0259misi idi. Britaniyal\u0131 d\u0259niz\u00e7il\u0259r bu g\u0259mi haqq\u0131nda kifay\u0259t q\u0259d\u0259r informasiya vermi\u015fdil\u0259r. Buraya da birba\u015fa helikopterl\u0259 yola d\u00fc\u015fd\u00fck. T\u0259liml\u0259r ba\u015fland\u0131\u011f\u0131 g\u00fcnd\u0259n San Antonioda 800 h\u0259rb\u00e7i xidm\u0259t edirdi.<br \/>\n  <br \/>\n  B\u00fctov ad\u0131 \u201cUSS San Antonio (LPD 17)\u201d olan donanma g\u0259misinin tikintisi 2000-ci ild\u0259 ba\u015flan\u0131b, 2003-c\u00fc ild\u0259 ba\u015fa \u00e7at\u0131b. Uzunlu\u011fu 208 metr, eni 32 metrdir. G\u0259mi \u0259n y\u00fcks\u0259k silah v\u0259 zirehli ma\u015f\u0131nlarla t\u0259chiz olunub, onun da geni\u015f helikopter meydan\u00e7as\u0131 var. Bu g\u0259minin bir \u00f6z\u0259lliyi bundan ibar\u0259tdir ki, onun 24 \u00e7arpay\u0131l\u0131q palatas\u0131, 2 \u0259m\u0259liyyat ota\u011f\u0131, 2 dental kabineti f\u0259aliyy\u0259t g\u00f6st\u0259rir.\u00a0 G\u0259minin kapitan\u0131 Maykl Pattersondur. San Antonionun \u0259sas m\u0259qs\u0259di h\u0259rbi \u0259m\u0259liyyatlara d\u0259nizd\u0259n d\u0259st\u0259k verm\u0259kd\u0259n ibar\u0259t idi.\n<\/p>\n<figure class=\"wp-block-image size-large\">\n  <img decoding=\"async\" src=\"https:\/\/www.meydan.tv\/az\/27857\/\" alt=\"\" class=\"wp-image-27857\"\/><figcaption><\/figcaption><\/figure>\n<p>\n  <b><br \/>\n    \u201cBiz h\u0259r \u015fey\u0259 haz\u0131r\u0131q\u201d<br \/>\n  <\/b>\n<\/p>\n<p>\n  H\u0259rbi d\u0259niz \u0259m\u0259liyyatlar\u0131n\u0131n son g\u00fcn\u00fc &#8211; iyunun 18-d\u0259\u00a0 h\u0259r iki h\u0259rbi g\u0259mi Baltik d\u0259nizinin Pol\u015fa sahill\u0259rin\u0259 bir q\u0259d\u0259r ir\u0259lil\u0259dikd\u0259n sonra quru qo\u015funlar\u0131na m\u0259xsus h\u0259rbi texnika v\u0259 qo\u015funu d\u0259nizd\u0259n sahil\u0259 yeritdil\u0259r, bundan \u0259lav\u0259, g\u0259mil\u0259rin helikopter meydanlar\u0131ndan F-16 t\u0259yyar\u0259l\u0259ri qalxaraq \u015f\u0259rti d\u00fc\u015fm\u0259n obyektl\u0259rini bombalama\u011fa ba\u015flad\u0131. Prosesi NATO-nun y\u00fcks\u0259k r\u00fctb\u0259li zabitl\u0259ri izl\u0259yir v\u0259 g\u00f6st\u0259ri\u015fl\u0259rini verirdil\u0259r. Admiral Kit\u00e7ener deyirdi ki, biz bu texnikan\u0131 ona g\u00f6r\u0259 inki\u015faf etdirmirik ki, o yaln\u0131z bizi m\u00fcdafi\u0259 etsin: \u201cHesab edir\u0259m ki, qar\u015f\u0131ya qoydu\u011fumuz m\u0259qs\u0259d\u0259 \u00e7atd\u0131q\u201d.<br \/>\n  <br \/>\n  AB\u015e H\u0259rbi Hava Q\u00fcvv\u0259l\u0259rinin Avropa komandan\u0131 general Filip Bridlav (Philip Breedlove) t\u0259liml\u0259ri y\u00fcks\u0259k qiym\u0259tl\u0259ndirdiyini dedi: \u201cBiz h\u0259r \u015fey\u0259 haz\u0131r\u0131q\u201d.\n<\/p>\n<figure class=\"wp-block-image size-large\">\n  <img decoding=\"async\" src=\"https:\/\/www.meydan.tv\/az\/27860\/\" alt=\"\" class=\"wp-image-27860\"\/><figcaption><\/figcaption><\/figure>\n<p>\n  NATO-nun qurudak\u0131 NOUBLE JUMP h\u0259rbi t\u0259limi Pol\u015fan\u0131n Jaqan (Zagan)\u00a0 h\u0259rbi bazas\u0131nda ke\u00e7irildi. Bu t\u0259limi NATO ba\u015f katibi, Niderland Krall\u0131\u011f\u0131 v\u0259 Almaniya Federativ Respublikas\u0131n\u0131n m\u00fcdafi\u0259 nazirl\u0259ri d\u0259 izl\u0259yirdil\u0259r. T\u0259limd\u0259 Pol\u015fa, Litva, Niderland\u0131n x\u00fcsui xidm\u0259t orqanlar\u0131n\u0131n \u0259m\u0259kda\u015flar\u0131, Pol\u015fa v\u0259 Bel\u00e7ika F-16 q\u0131r\u0131c\u0131 t\u0259yyar\u0259l\u0259ri, Pol\u015fan\u0131n M\u0130-17 v\u0259 M\u0130-24 helikopterl\u0259ri, Norve\u00e7in \u201cLeopard\u201d tanklar\u0131,\u00a0 Almaniya, \u00c7ex Respublikas\u0131, Macar\u0131stan\u00a0 v\u0259 dig\u0259r \u00f6lk\u0259l\u0259rin h\u0259rbi ehtiyatlar\u0131 c\u0259lb olunmu\u015f, NATO-nun X\u0259b\u0259rdaredici v\u0259 N\u0259zar\u0259t Sistemi (AWACS) qura\u015fd\u0131r\u0131lm\u0131\u015fd\u0131.<br \/>\n  <br \/>\n  T\u0259liml\u0259rd\u0259n sonra h\u0259rbi texnikan\u0131n n\u00fcmayi\u015fin\u0259 h\u0259sr olunmu\u015f s\u0259rgi ke\u00e7irildi.\n<\/p>\n<figure class=\"wp-block-image size-large\">\n  <img decoding=\"async\" src=\"https:\/\/www.meydan.tv\/az\/27863\/\" alt=\"\" class=\"wp-image-27863\"\/><figcaption><\/figcaption><\/figure>\n<p>\n  <b><br \/>\n    NATO qo\u015funlar\u0131nda xidm\u0259tin \u0259sas f\u0259rqli c\u0259h\u0259tl\u0259ri<br \/>\n  <\/b>\n<\/p>\n<p>\n  H\u0259r iki g\u0259mid\u0259 h\u0259rb\u00e7il\u0259rl\u0259 vaxt ke\u00e7irm\u0259k, t\u0259liml\u0259ri canl\u0131 izl\u0259m\u0259k, onlarla birg\u0259 nahar etm\u0259k h\u0259tta g\u0259mi kazarmalar\u0131nda gec\u0259l\u0259m\u0259k imkan\u0131m\u0131z oldu. Bu da biz\u0259 m\u00fc\u0259yy\u0259n m\u00fc\u015fahid\u0259l\u0259r aparma\u011fa imkan yaratd\u0131. \u00d6nc\u0259 onu qeyd etm\u0259k yerin\u0259 d\u00fc\u015f\u0259rdi ki, h\u0259rb\u00e7il\u0259r aras\u0131nda qad\u0131nlar da \u00fcst\u00fcnl\u00fck t\u0259\u015fkil edirdi. Onlar da h\u0259rbi f\u0259aliyy\u0259tin \u0259sas apar\u0131c\u0131 q\u00fcvv\u0259l\u0259ri idi. Qad\u0131n h\u0259rb\u00e7il\u0259r yaln\u0131z \u0259m\u0259liyyat ota\u011f\u0131nda komp\u00fcter qar\u015f\u0131s\u0131nda oturub koordinatlar\u0131 qeyd\u0259 alm\u0131r, h\u0259m d\u0259 desant qo\u015funlar\u0131n\u0131n t\u0259rkibind\u0259, zirehli texnikan\u0131n \u00fcz\u0259rind\u0259 f\u0259al xidm\u0259t apar\u0131rd\u0131lar. B\u00fct\u00fcn zabit v\u0259 \u0259sg\u0259rl\u0259r aras\u0131nda m\u00fcnasib\u0259t s\u0259mimiyy\u0259t \u0259sas\u0131nda qurulurdu. Onlar birg\u0259 yem\u0259k yeyir, kofe, h\u0259tta piv\u0259 i\u00e7irdil\u0259r. \u018fsg\u0259rl\u0259r t\u0259mizlik v\u0259 yem\u0259k i\u015fl\u0259ri il\u0259 m\u0259\u015f\u011ful olmurlar, bunun \u00fc\u00e7\u00fcn x\u00fcsusi i\u015f\u00e7il\u0259r var ki, onlar da g\u00f6rd\u00fckl\u0259ri i\u015fin m\u00fcqabilind\u0259 \u0259m\u0259k haqq\u0131 al\u0131rlar.\n<\/p>\n<figure class=\"wp-block-image size-large\">\n  <img decoding=\"async\" src=\"https:\/\/www.meydan.tv\/az\/27866\/\" alt=\"\" class=\"wp-image-27866\"\/><figcaption><\/figcaption><\/figure>\n<p>\n  \u00dcmumiyy\u0259tl\u0259, NATO sistemind\u0259 xidm\u0259t m\u00fcqavil\u0259 \u0259sas\u0131ndad\u0131r. H\u0259r iki g\u0259mid\u0259 m\u00fclki h\u0259yatdan g\u0259lmi\u015f, m\u00fcqavil\u0259 \u0259sas\u0131nda fotoqraf, a\u015fpaz v\u0259 dig\u0259r sah\u0259l\u0259rd\u0259 xidm\u0259t ed\u0259nl\u0259r vard\u0131. B\u0259zil\u0259rinin xidm\u0259t m\u00fcdd\u0259tl\u0259rinin bitm\u0259sin\u0259 az qalsa da, g\u0259l\u0259c\u0259kd\u0259 m\u00fcqavil\u0259sini art\u0131rmaq ist\u0259y\u0259nl\u0259r d\u0259 var idi, \u00f6lk\u0259sin\u0259 qay\u0131d\u0131b ali m\u0259kt\u0259b\u0259 daxil olmaq ist\u0259y\u0259n d\u0259. H\u0259r iki g\u0259mid\u0259 17 m\u00fcxt\u0259lif mill\u0259tin n\u00fcmay\u0259nd\u0259si xidm\u0259t ets\u0259 d\u0259, \u00fcmumi \u00fcnsiyy\u0259t dili ingilisc\u0259dir. Bu g\u00fcnl\u0259r \u0259rzind\u0259 h\u0259rb\u00e7il\u0259r aras\u0131nda g\u0259rgin m\u00fcnasib\u0259tin, anla\u015f\u0131lmazl\u0131\u011f\u0131n \u015fahidi olmad\u0131q. X\u00fcsusi olaraq, \u201cyat\u201d v\u0259 \u201cqalx\u201d komans\u0131 da yox idi. Sad\u0259c\u0259, h\u0259r k\u0259s bilir ki, axsam saat 22:00-da i\u015f\u0131qlar\u0131 s\u00f6nd\u00fcr\u00fcbs\u0259, yatmaq, s\u0259h\u0259r saat 06:00-d\u0259k qalxmaq laz\u0131md\u0131r. Gec\u0259l\u0259diyimiz kazarmada da bunun \u015fahidi olduq. Bu iki proseduru h\u0259rb\u015fil\u0259rin \u00f6zl\u0259ri t\u0259nziml\u0259yirdi. Saat 7-d\u0259k s\u0259h\u0259r yem\u0259yini bitirm\u0259k laz\u0131md\u0131r, gecik\u0259n \u0259sg\u0259rl\u0259r\u0259 \u0259lav\u0259 yem\u0259k verilmirdi. Bundan sonra h\u0259r biri aidiyyat\u0131 \u00fczr\u0259 xidm\u0259t yerin\u0259 yollan\u0131rd\u0131. Zabitl\u0259r kimi s\u0131ravil\u0259r d\u0259 burada sanki i\u015f yerl\u0259rind\u0259dirl\u0259r. F\u0259rq birc\u0259 budur ki, daim h\u0259rbi geyimd\u0259 olurlar, m\u0259zuniyy\u0259t\u0259 ild\u0259 bir d\u0259f\u0259 \u00e7\u0131x\u0131rlar, bir ne\u00e7\u0259 ay is\u0259 d\u0259nizd\u0259 olurlar. \u00c7ox nadir hallarda helikopterl\u0259 quruya getm\u0259k imkanlar\u0131 olur, bu da h\u0259r birin\u0259 \u015famil olunmur. \u0130st\u0259dikl\u0259ri zaman idmanla m\u0259\u015f\u011ful olurlar.\u00a0 Ya g\u00f6y\u0259rt\u0259d\u0259 qa\u00e7araq d\u00f6vr\u0259 vururlar, ya da g\u0259minin lap alt qat\u0131nda silah v\u0259 zirehli ma\u015f\u0131nlar olan m\u0259rt\u0259b\u0259d\u0259 idman qur\u011fular\u0131 il\u0259 m\u0259\u015fq edirl\u0259r.\n<\/p>\n<figure class=\"wp-block-image size-large\">\n  <img decoding=\"async\" src=\"https:\/\/www.meydan.tv\/az\/27869\/\" alt=\"\" class=\"wp-image-27869\"\/><figcaption><\/figcaption><\/figure>\n<p>\n  NATO \u0259sas\u0259n m\u00fcqavil\u0259li sistemdir. Az\u0259rbaycan is\u0259 m\u00fck\u0259ll\u0259fiyy\u0259tli ordudur, burada \u0259sg\u0259rin y\u00fcks\u0259k r\u00fctb\u0259li zabitl\u0259r\u0259 birba\u015fa tabe\u00e7iliyi var, onlar\u0131n orduda m\u00fcst\u0259sna h\u00fcquqlar\u0131 yoxdur. NATO-da \u0259sg\u0259r \u0259m\u0259k haqq\u0131 al\u0131r, odur ki, onun \u00f6hd\u0259likl\u0259ri oldu\u011fu kimi h\u00fcquqlar\u0131 da var. Az\u0259rbaycan \u0259sg\u0259rinin is\u0259 \u0259sas h\u00fcququ \u0259mrl\u0259r\u0259 tabe olmaq, yataq yeri, geyim, qida v\u0259 silahla t\u0259min olunmaqd\u0131r. M\u00fck\u0259ll\u0259fiyy\u0259tli ordu anlay\u0131\u015f\u0131 zabit v\u0259 \u0259sg\u0259r m\u00fcnasib\u0259tl\u0259rini d\u0259 t\u0259nziml\u0259mir, onlar aras\u0131nda m\u00fct\u0259madi konfliktl\u0259rin yaranmas\u0131na s\u0259b\u0259b olur. Bu da \u00f6l\u00fcm, d\u00f6y\u00fclm\u0259 hallar\u0131n\u0131n artmas\u0131na g\u0259tirib \u00e7\u0131xaran hald\u0131r. NATO sistemind\u0259n f\u0259rqli olaraq, \u0259sg\u0259rl\u0259r h\u0259m d\u0259 qeyri-h\u0259rbi i\u015fl\u0259rl\u0259 m\u0259\u015f\u011ful olma\u011fa y\u00f6nl\u0259ndirilirl\u0259r, bel\u0259 ki, onlar t\u0259mizlik i\u015fl\u0259r aparmaqdan tutmu\u015f, a\u015fbazl\u0131\u011fa q\u0259d\u0259r b\u00fct\u00fcn funksiyalar\u0131 yerin\u0259 yetirirl\u0259r. Halbuki \u0259sg\u0259rin orduda t\u0259k i\u015fi h\u0259rbi il\u0259 m\u0259\u015f\u011ful olmaqd\u0131r.\n<\/p>\n<figure class=\"wp-block-image size-large\">\n  <img decoding=\"async\" src=\"https:\/\/www.meydan.tv\/az\/27872\/\" alt=\"\" class=\"wp-image-27872\"\/><figcaption><\/figcaption><\/figure>\n<p>\n  Qeyd ed\u0259k ki, Az\u0259rbaycan ordusunda 2005-2009-cu ill\u0259rd\u0259 NATO standartlar\u0131ndan istifad\u0259 olunma\u011fa ba\u015flanm\u0131\u015fd\u0131. Sonradan bu proses dayand\u0131. X\u00fcsusil\u0259 d\u0259, C\u0259nubi Qafqaz regionunda geosiyasi v\u0259ziyy\u0259tin d\u0259yi\u015fm\u0259si il\u0259 \u0259laq\u0259dar, G\u00fcrc\u00fcstan-Rusiya m\u00fcharib\u0259sind\u0259n sonra Az\u0259rbaycan strateji s\u0259n\u0259dl\u0259rind\u0259 d\u0259yi\u015fiklik etdi. H\u0259rbi doktrinan\u0131n bir s\u0131ra m\u00fcdd\u0259alar\u0131 d\u0259yi\u015fdirildi. Bu m\u00fcharib\u0259d\u0259n \u00f6nc\u0259 q\u0259bul olunmu\u015f Milli T\u0259hl\u00fck\u0259sizlik Konsepsiyas\u0131n\u0131n bir s\u0131ra m\u00fcdd\u0259alar\u0131 il\u0259 ziddiyy\u0259t t\u0259\u015fkil etdi v\u0259 qar\u015f\u0131ya qoyulmu\u015f m\u0259qs\u0259d bu idi ki, balansl\u0131, qar\u0131\u015f\u0131q sistemli ordu yarad\u0131ls\u0131n.\n<\/p>\n<figure class=\"wp-block-image size-large\">\n  <img decoding=\"async\" src=\"https:\/\/www.meydan.tv\/az\/27875\/\" alt=\"\" class=\"wp-image-27875\"\/><figcaption><\/figcaption><\/figure>\n<p>\n  <br \/>\n  1997-ci ild\u0259 Az\u0259rbaycan Ali H\u0259rbi M\u0259kt\u0259bin\u0259 q\u0259bul da NATO standartlar\u0131na uy\u011fun apar\u0131l\u0131rd\u0131. 2001-ci ild\u0259 t\u0259hsili bitirdil\u0259r v\u0259 2002-ci ild\u0259 M\u00fcdafi\u0259 Nazirliyinin T\u0259lim T\u0259dris M\u0259rk\u0259zind\u0259 birillik haz\u0131rl\u0131q ke\u00e7dikd\u0259n sonra NATO standartlar\u0131na uy\u011fun kadr kimi SQ-\u0259 g\u00f6nd\u0259rildil\u0259r. Ancaq bu h\u0259rb\u00e7il\u0259r MN-nin ke\u00e7mi\u015f r\u0259hb\u0259rliyi t\u0259r\u0259find\u0259n diqq\u0259td\u0259n k\u0259narda qald\u0131, onlar\u0131n bilik v\u0259 bacar\u0131\u011f\u0131ndan istifad\u0259 olunmad\u0131, n\u0259tic\u0259d\u0259 bu zabitl\u0259rin \u0259ks\u0259riyy\u0259ti ordudan getdi v\u0259 bu da \u00f6z\u00fcn\u00fc ordu institutunun idar\u0259etm\u0259sind\u0259 g\u00f6st\u0259rdi.\n<\/p>\n<p>\n  Qeyd ed\u0259k ki, Az\u0259rbaycana qon\u015fu \u00f6lk\u0259 olan G\u00fcrc\u00fcstan m\u00fcqavil\u0259li ordu sistemin\u0259 ke\u00e7ib.\n<\/p>\n<figure class=\"wp-block-image size-large\">\n  <img decoding=\"async\" src=\"https:\/\/www.meydan.tv\/az\/27878\/\" alt=\"\" class=\"wp-image-27878\"\/><figcaption><\/figcaption><\/figure>\n","protected":false},"excerpt":{"rendered":"<p>Zabitl\u0259rl\u0259 \u0259sg\u0259rl\u0259r birg\u0259 yem\u0259k yeyir, kofe, h\u0259tta piv\u0259 i\u00e7iril\u0259r<\/p>\n","protected":false},"author":11,"featured_media":27839,"comment_status":"closed","ping_status":"open","sticky":false,"template":"","format":"standard","meta":{"_acf_changed":false,"_sitemap_exclude":false,"_sitemap_priority":"","_sitemap_frequency":"","footnotes":""},"categories":[56],"tags":[],"class_list":["post-168652","post","type-post","status-publish","format-standard","has-post-thumbnail","hentry","category-xeberler","infinite-scroll-item","generate-columns","tablet-grid-50","mobile-grid-100","grid-parent","grid-33","no-featured-image-padding"],"acf":[],"yoast_head":"<!-- This site is optimized with the Yoast SEO plugin v27.4 - https:\/\/yoast.com\/product\/yoast-seo-wordpress\/ -->\n<title>NATO sistemind\u0259 \u0259sg\u0259r ancaq h\u0259rbi i\u015fl\u0259 m\u0259\u015f\u011fuldur - MEYDAN.TV<\/title>\n<meta name=\"robots\" content=\"index, follow, max-snippet:-1, max-image-preview:large, max-video-preview:-1\" \/>\n<link rel=\"canonical\" href=\"https:\/\/www.meydan.tv\/az\/article\/nato-sisteminde-esger-ancaq-herbi-isle-mesguldur\/\" \/>\n<meta property=\"og:locale\" content=\"az_AZ\" \/>\n<meta property=\"og:type\" content=\"article\" \/>\n<meta property=\"og:title\" content=\"NATO sistemind\u0259 \u0259sg\u0259r ancaq h\u0259rbi i\u015fl\u0259 m\u0259\u015f\u011fuldur - MEYDAN.TV\" \/>\n<meta property=\"og:description\" content=\"Zabitl\u0259rl\u0259 \u0259sg\u0259rl\u0259r birg\u0259 yem\u0259k yeyir, kofe, h\u0259tta piv\u0259 i\u00e7iril\u0259r\" \/>\n<meta property=\"og:url\" content=\"https:\/\/www.meydan.tv\/az\/article\/nato-sisteminde-esger-ancaq-herbi-isle-mesguldur\/\" \/>\n<meta property=\"og:site_name\" content=\"MEYDAN.TV\" \/>\n<meta property=\"article:published_time\" content=\"2015-06-26T00:45:52+00:00\" \/>\n<meta property=\"og:image\" content=\"https:\/\/www.meydan.tv\/wp-content\/uploads\/10276.jpg\" \/>\n\t<meta property=\"og:image:width\" content=\"1000\" \/>\n\t<meta property=\"og:image:height\" content=\"667\" \/>\n\t<meta property=\"og:image:type\" content=\"image\/jpeg\" \/>\n<meta name=\"author\" content=\"user-manager\" \/>\n<meta name=\"twitter:card\" content=\"summary_large_image\" \/>\n<script type=\"application\/ld+json\" class=\"yoast-schema-graph\">{\"@context\":\"https:\\\/\\\/schema.org\",\"@graph\":[{\"@type\":\"Article\",\"@id\":\"https:\\\/\\\/www.meydan.tv\\\/az\\\/article\\\/nato-sisteminde-esger-ancaq-herbi-isle-mesguldur\\\/#article\",\"isPartOf\":{\"@id\":\"https:\\\/\\\/www.meydan.tv\\\/az\\\/article\\\/nato-sisteminde-esger-ancaq-herbi-isle-mesguldur\\\/\"},\"author\":{\"name\":\"user-manager\",\"@id\":\"https:\\\/\\\/www.meydan.tv\\\/az\\\/#\\\/schema\\\/person\\\/10d11eccf6da3662cf5fdab9806ea91a\"},\"headline\":\"NATO sistemind\u0259 \u0259sg\u0259r ancaq h\u0259rbi i\u015fl\u0259 m\u0259\u015f\u011fuldur\",\"datePublished\":\"2015-06-26T00:45:52+00:00\",\"mainEntityOfPage\":{\"@id\":\"https:\\\/\\\/www.meydan.tv\\\/az\\\/article\\\/nato-sisteminde-esger-ancaq-herbi-isle-mesguldur\\\/\"},\"wordCount\":2133,\"publisher\":{\"@id\":\"https:\\\/\\\/www.meydan.tv\\\/az\\\/#organization\"},\"image\":{\"@id\":\"https:\\\/\\\/www.meydan.tv\\\/az\\\/article\\\/nato-sisteminde-esger-ancaq-herbi-isle-mesguldur\\\/#primaryimage\"},\"thumbnailUrl\":\"https:\\\/\\\/www.meydan.tv\\\/wp-content\\\/uploads\\\/10276.jpg\",\"articleSection\":[\"X\u0259b\u0259rl\u0259r\"],\"inLanguage\":\"az\"},{\"@type\":\"WebPage\",\"@id\":\"https:\\\/\\\/www.meydan.tv\\\/az\\\/article\\\/nato-sisteminde-esger-ancaq-herbi-isle-mesguldur\\\/\",\"url\":\"https:\\\/\\\/www.meydan.tv\\\/az\\\/article\\\/nato-sisteminde-esger-ancaq-herbi-isle-mesguldur\\\/\",\"name\":\"NATO sistemind\u0259 \u0259sg\u0259r ancaq h\u0259rbi i\u015fl\u0259 m\u0259\u015f\u011fuldur - MEYDAN.TV\",\"isPartOf\":{\"@id\":\"https:\\\/\\\/www.meydan.tv\\\/az\\\/#website\"},\"primaryImageOfPage\":{\"@id\":\"https:\\\/\\\/www.meydan.tv\\\/az\\\/article\\\/nato-sisteminde-esger-ancaq-herbi-isle-mesguldur\\\/#primaryimage\"},\"image\":{\"@id\":\"https:\\\/\\\/www.meydan.tv\\\/az\\\/article\\\/nato-sisteminde-esger-ancaq-herbi-isle-mesguldur\\\/#primaryimage\"},\"thumbnailUrl\":\"https:\\\/\\\/www.meydan.tv\\\/wp-content\\\/uploads\\\/10276.jpg\",\"datePublished\":\"2015-06-26T00:45:52+00:00\",\"breadcrumb\":{\"@id\":\"https:\\\/\\\/www.meydan.tv\\\/az\\\/article\\\/nato-sisteminde-esger-ancaq-herbi-isle-mesguldur\\\/#breadcrumb\"},\"inLanguage\":\"az\",\"potentialAction\":[{\"@type\":\"ReadAction\",\"target\":[\"https:\\\/\\\/www.meydan.tv\\\/az\\\/article\\\/nato-sisteminde-esger-ancaq-herbi-isle-mesguldur\\\/\"]}]},{\"@type\":\"ImageObject\",\"inLanguage\":\"az\",\"@id\":\"https:\\\/\\\/www.meydan.tv\\\/az\\\/article\\\/nato-sisteminde-esger-ancaq-herbi-isle-mesguldur\\\/#primaryimage\",\"url\":\"https:\\\/\\\/www.meydan.tv\\\/wp-content\\\/uploads\\\/10276.jpg\",\"contentUrl\":\"https:\\\/\\\/www.meydan.tv\\\/wp-content\\\/uploads\\\/10276.jpg\",\"width\":1000,\"height\":667,\"caption\":\"Source:\"},{\"@type\":\"BreadcrumbList\",\"@id\":\"https:\\\/\\\/www.meydan.tv\\\/az\\\/article\\\/nato-sisteminde-esger-ancaq-herbi-isle-mesguldur\\\/#breadcrumb\",\"itemListElement\":[{\"@type\":\"ListItem\",\"position\":1,\"name\":\"Ana s\u0259hif\u0259\",\"item\":\"https:\\\/\\\/www.meydan.tv\\\/az\\\/\"},{\"@type\":\"ListItem\",\"position\":2,\"name\":\"X\u0259b\u0259rl\u0259r\",\"item\":\"https:\\\/\\\/www.meydan.tv\\\/az\\\/section\\\/xeberler\\\/\"},{\"@type\":\"ListItem\",\"position\":3,\"name\":\"NATO sistemind\u0259 \u0259sg\u0259r ancaq h\u0259rbi i\u015fl\u0259 m\u0259\u015f\u011fuldur\"}]},{\"@type\":\"WebSite\",\"@id\":\"https:\\\/\\\/www.meydan.tv\\\/az\\\/#website\",\"url\":\"https:\\\/\\\/www.meydan.tv\\\/az\\\/\",\"name\":\"MEYDAN.TV\",\"description\":\"Meydan TV Az\u0259rbaycan\u0131n media m\u0259kan\u0131ndak\u0131 alternativ s\u0259sidir\",\"publisher\":{\"@id\":\"https:\\\/\\\/www.meydan.tv\\\/az\\\/#organization\"},\"potentialAction\":[{\"@type\":\"SearchAction\",\"target\":{\"@type\":\"EntryPoint\",\"urlTemplate\":\"https:\\\/\\\/www.meydan.tv\\\/az\\\/?s={search_term_string}\"},\"query-input\":{\"@type\":\"PropertyValueSpecification\",\"valueRequired\":true,\"valueName\":\"search_term_string\"}}],\"inLanguage\":\"az\"},{\"@type\":\"Organization\",\"@id\":\"https:\\\/\\\/www.meydan.tv\\\/az\\\/#organization\",\"name\":\"Meydan TV\",\"url\":\"https:\\\/\\\/www.meydan.tv\\\/az\\\/\",\"logo\":{\"@type\":\"ImageObject\",\"inLanguage\":\"az\",\"@id\":\"https:\\\/\\\/www.meydan.tv\\\/az\\\/#\\\/schema\\\/logo\\\/image\\\/\",\"url\":\"https:\\\/\\\/www.meydan.tv\\\/wp-content\\\/uploads\\\/2021\\\/07\\\/meydan-logo.svg\",\"contentUrl\":\"https:\\\/\\\/www.meydan.tv\\\/wp-content\\\/uploads\\\/2021\\\/07\\\/meydan-logo.svg\",\"width\":195,\"height\":46,\"caption\":\"Meydan TV\"},\"image\":{\"@id\":\"https:\\\/\\\/www.meydan.tv\\\/az\\\/#\\\/schema\\\/logo\\\/image\\\/\"}},{\"@type\":\"Person\",\"@id\":\"https:\\\/\\\/www.meydan.tv\\\/az\\\/#\\\/schema\\\/person\\\/10d11eccf6da3662cf5fdab9806ea91a\",\"name\":\"user-manager\"}]}<\/script>\n<!-- \/ Yoast SEO plugin. -->","yoast_head_json":{"title":"NATO sistemind\u0259 \u0259sg\u0259r ancaq h\u0259rbi i\u015fl\u0259 m\u0259\u015f\u011fuldur - MEYDAN.TV","robots":{"index":"index","follow":"follow","max-snippet":"max-snippet:-1","max-image-preview":"max-image-preview:large","max-video-preview":"max-video-preview:-1"},"canonical":"https:\/\/www.meydan.tv\/az\/article\/nato-sisteminde-esger-ancaq-herbi-isle-mesguldur\/","og_locale":"az_AZ","og_type":"article","og_title":"NATO sistemind\u0259 \u0259sg\u0259r ancaq h\u0259rbi i\u015fl\u0259 m\u0259\u015f\u011fuldur - MEYDAN.TV","og_description":"Zabitl\u0259rl\u0259 \u0259sg\u0259rl\u0259r birg\u0259 yem\u0259k yeyir, kofe, h\u0259tta piv\u0259 i\u00e7iril\u0259r","og_url":"https:\/\/www.meydan.tv\/az\/article\/nato-sisteminde-esger-ancaq-herbi-isle-mesguldur\/","og_site_name":"MEYDAN.TV","article_published_time":"2015-06-26T00:45:52+00:00","og_image":[{"width":1000,"height":667,"url":"https:\/\/www.meydan.tv\/wp-content\/uploads\/10276.jpg","type":"image\/jpeg"}],"author":"user-manager","twitter_card":"summary_large_image","schema":{"@context":"https:\/\/schema.org","@graph":[{"@type":"Article","@id":"https:\/\/www.meydan.tv\/az\/article\/nato-sisteminde-esger-ancaq-herbi-isle-mesguldur\/#article","isPartOf":{"@id":"https:\/\/www.meydan.tv\/az\/article\/nato-sisteminde-esger-ancaq-herbi-isle-mesguldur\/"},"author":{"name":"user-manager","@id":"https:\/\/www.meydan.tv\/az\/#\/schema\/person\/10d11eccf6da3662cf5fdab9806ea91a"},"headline":"NATO sistemind\u0259 \u0259sg\u0259r ancaq h\u0259rbi i\u015fl\u0259 m\u0259\u015f\u011fuldur","datePublished":"2015-06-26T00:45:52+00:00","mainEntityOfPage":{"@id":"https:\/\/www.meydan.tv\/az\/article\/nato-sisteminde-esger-ancaq-herbi-isle-mesguldur\/"},"wordCount":2133,"publisher":{"@id":"https:\/\/www.meydan.tv\/az\/#organization"},"image":{"@id":"https:\/\/www.meydan.tv\/az\/article\/nato-sisteminde-esger-ancaq-herbi-isle-mesguldur\/#primaryimage"},"thumbnailUrl":"https:\/\/www.meydan.tv\/wp-content\/uploads\/10276.jpg","articleSection":["X\u0259b\u0259rl\u0259r"],"inLanguage":"az"},{"@type":"WebPage","@id":"https:\/\/www.meydan.tv\/az\/article\/nato-sisteminde-esger-ancaq-herbi-isle-mesguldur\/","url":"https:\/\/www.meydan.tv\/az\/article\/nato-sisteminde-esger-ancaq-herbi-isle-mesguldur\/","name":"NATO sistemind\u0259 \u0259sg\u0259r ancaq h\u0259rbi i\u015fl\u0259 m\u0259\u015f\u011fuldur - MEYDAN.TV","isPartOf":{"@id":"https:\/\/www.meydan.tv\/az\/#website"},"primaryImageOfPage":{"@id":"https:\/\/www.meydan.tv\/az\/article\/nato-sisteminde-esger-ancaq-herbi-isle-mesguldur\/#primaryimage"},"image":{"@id":"https:\/\/www.meydan.tv\/az\/article\/nato-sisteminde-esger-ancaq-herbi-isle-mesguldur\/#primaryimage"},"thumbnailUrl":"https:\/\/www.meydan.tv\/wp-content\/uploads\/10276.jpg","datePublished":"2015-06-26T00:45:52+00:00","breadcrumb":{"@id":"https:\/\/www.meydan.tv\/az\/article\/nato-sisteminde-esger-ancaq-herbi-isle-mesguldur\/#breadcrumb"},"inLanguage":"az","potentialAction":[{"@type":"ReadAction","target":["https:\/\/www.meydan.tv\/az\/article\/nato-sisteminde-esger-ancaq-herbi-isle-mesguldur\/"]}]},{"@type":"ImageObject","inLanguage":"az","@id":"https:\/\/www.meydan.tv\/az\/article\/nato-sisteminde-esger-ancaq-herbi-isle-mesguldur\/#primaryimage","url":"https:\/\/www.meydan.tv\/wp-content\/uploads\/10276.jpg","contentUrl":"https:\/\/www.meydan.tv\/wp-content\/uploads\/10276.jpg","width":1000,"height":667,"caption":"Source:"},{"@type":"BreadcrumbList","@id":"https:\/\/www.meydan.tv\/az\/article\/nato-sisteminde-esger-ancaq-herbi-isle-mesguldur\/#breadcrumb","itemListElement":[{"@type":"ListItem","position":1,"name":"Ana s\u0259hif\u0259","item":"https:\/\/www.meydan.tv\/az\/"},{"@type":"ListItem","position":2,"name":"X\u0259b\u0259rl\u0259r","item":"https:\/\/www.meydan.tv\/az\/section\/xeberler\/"},{"@type":"ListItem","position":3,"name":"NATO sistemind\u0259 \u0259sg\u0259r ancaq h\u0259rbi i\u015fl\u0259 m\u0259\u015f\u011fuldur"}]},{"@type":"WebSite","@id":"https:\/\/www.meydan.tv\/az\/#website","url":"https:\/\/www.meydan.tv\/az\/","name":"MEYDAN.TV","description":"Meydan TV Az\u0259rbaycan\u0131n media m\u0259kan\u0131ndak\u0131 alternativ s\u0259sidir","publisher":{"@id":"https:\/\/www.meydan.tv\/az\/#organization"},"potentialAction":[{"@type":"SearchAction","target":{"@type":"EntryPoint","urlTemplate":"https:\/\/www.meydan.tv\/az\/?s={search_term_string}"},"query-input":{"@type":"PropertyValueSpecification","valueRequired":true,"valueName":"search_term_string"}}],"inLanguage":"az"},{"@type":"Organization","@id":"https:\/\/www.meydan.tv\/az\/#organization","name":"Meydan TV","url":"https:\/\/www.meydan.tv\/az\/","logo":{"@type":"ImageObject","inLanguage":"az","@id":"https:\/\/www.meydan.tv\/az\/#\/schema\/logo\/image\/","url":"https:\/\/www.meydan.tv\/wp-content\/uploads\/2021\/07\/meydan-logo.svg","contentUrl":"https:\/\/www.meydan.tv\/wp-content\/uploads\/2021\/07\/meydan-logo.svg","width":195,"height":46,"caption":"Meydan TV"},"image":{"@id":"https:\/\/www.meydan.tv\/az\/#\/schema\/logo\/image\/"}},{"@type":"Person","@id":"https:\/\/www.meydan.tv\/az\/#\/schema\/person\/10d11eccf6da3662cf5fdab9806ea91a","name":"user-manager"}]}},"_links":{"self":[{"href":"https:\/\/www.meydan.tv\/az\/wp-json\/wp\/v2\/posts\/168652","targetHints":{"allow":["GET"]}}],"collection":[{"href":"https:\/\/www.meydan.tv\/az\/wp-json\/wp\/v2\/posts"}],"about":[{"href":"https:\/\/www.meydan.tv\/az\/wp-json\/wp\/v2\/types\/post"}],"author":[{"embeddable":true,"href":"https:\/\/www.meydan.tv\/az\/wp-json\/wp\/v2\/users\/11"}],"replies":[{"embeddable":true,"href":"https:\/\/www.meydan.tv\/az\/wp-json\/wp\/v2\/comments?post=168652"}],"version-history":[{"count":0,"href":"https:\/\/www.meydan.tv\/az\/wp-json\/wp\/v2\/posts\/168652\/revisions"}],"wp:featuredmedia":[{"embeddable":true,"href":"https:\/\/www.meydan.tv\/az\/wp-json\/wp\/v2\/media\/27839"}],"wp:attachment":[{"href":"https:\/\/www.meydan.tv\/az\/wp-json\/wp\/v2\/media?parent=168652"}],"wp:term":[{"taxonomy":"category","embeddable":true,"href":"https:\/\/www.meydan.tv\/az\/wp-json\/wp\/v2\/categories?post=168652"},{"taxonomy":"post_tag","embeddable":true,"href":"https:\/\/www.meydan.tv\/az\/wp-json\/wp\/v2\/tags?post=168652"}],"curies":[{"name":"wp","href":"https:\/\/api.w.org\/{rel}","templated":true}]}}