{"id":168650,"date":"2015-06-26T01:13:43","date_gmt":"2015-06-26T01:13:43","guid":{"rendered":"https:\/\/www.meydan.tv\/article\/atam-qerb-deyerleri-ugrunda-hebsdedir\/"},"modified":"2015-06-26T01:13:43","modified_gmt":"2015-06-26T01:13:43","slug":"atam-qerb-deyerleri-ugrunda-hebsdedir","status":"publish","type":"post","link":"https:\/\/www.meydan.tv\/az\/article\/atam-qerb-deyerleri-ugrunda-hebsdedir\/","title":{"rendered":"Atam Q\u0259rb d\u0259y\u0259rl\u0259ri u\u011frunda h\u0259bsd\u0259dir"},"content":{"rendered":"<figure class=\"wp-block-image size-large\">\n  <img decoding=\"async\" src=\"https:\/\/www.meydan.tv\/az\/27908\/\" alt=\"\" class=\"wp-image-27908\"\/><figcaption><\/figcaption><\/figure>\n<figure class=\"wp-block-image size-large\">\n  <img decoding=\"async\" src=\"https:\/\/www.meydan.tv\/az\/27911\/\" alt=\"\" class=\"wp-image-27911\"\/><figcaption><\/figcaption><\/figure>\n<p>\n  Atam Yaqublu Tofiq R\u0259\u015fid o\u011flu,\u00a0 jurnalist v\u0259 M\u00fcsavat Partiyas\u0131n\u0131n ba\u015fqan m\u00fcavinidir. O, 2013-c\u00fc ilin fevral ay\u0131n\u0131n 4-de REAL h\u0259r\u0259kat\u0131n\u0131n s\u0259dri \u0130lqar M\u0259mm\u0259dovla birlikd\u0259 h\u0259bs edilib. H\u0259min ilin yanvar ay\u0131n\u0131n 23-d\u0259 \u0130smay\u0131ll\u0131 rayonunda \u0130cra ba\u015f\u00e7\u0131s\u0131 Nizami \u018fl\u0259kb\u0259rovun qarda\u015f\u0131 o\u011flunun \u00f6zba\u015fnal\u0131\u011f\u0131na g\u00f6r\u0259 yerli camaatla qar\u015f\u0131durma ba\u015f vermi\u015fdi. Yanvar ay\u0131n\u0131n 24-d\u0259 hadis\u0259 yerin\u0259 jurnalist kimi ged\u0259n atam sonradan h\u0259min hadis\u0259nin t\u0259\u015fkilat\u00e7\u0131s\u0131 kimi CM 233 (ictimai qaydan\u0131n pozulmas\u0131na s\u0259b\u0259b olan h\u0259r\u0259k\u0259tl\u0259ri t\u0259\u015fkil etm\u0259 v\u0259 ya bu c\u00fcr h\u0259r\u0259k\u0259tl\u0259rd\u0259 f\u0259al i\u015ftirak etm\u0259) v\u0259 315.2-ci (hakimiyy\u0259t n\u00fcmay\u0259nd\u0259sin\u0259 qar\u015f\u0131 m\u00fcqavim\u0259t g\u00f6st\u0259rm\u0259 v\u0259 ya zor t\u0259tbiq etm\u0259) madd\u0259l\u0259ri il\u0259 t\u0259qsirl\u0259ndiril\u0259n \u015f\u0259xs qismind\u0259 h\u0259bs edilib.<\/p>\n<p>  \u015e\u0259ki A\u011f\u0131r Cinay\u0259tl\u0259r m\u0259hk\u0259m\u0259si atam bar\u0259d\u0259 2014-c\u00fc ilin mart ay\u0131n\u0131n 17-d\u0259 h\u00f6km \u00e7\u0131xar\u0131b. O, 5 il azadl\u0131qdan m\u0259hrum edilib. \u0130ndi atam Bak\u0131 \u015f\u0259h\u0259ri, Qarada\u011f Rayonunun, Puta q\u0259s\u0259b\u0259sind\u0259 yerl\u0259\u015f\u0259n 13 sayli c\u0259za\u00e7\u0259km\u0259 m\u00fc\u0259ss\u0259sind\u0259 saxlan\u0131l\u0131r. H\u0259bsxana \u015faraiti olduqca b\u0259rbadd\u0131r. Sovet d\u00f6vr\u00fcnd\u0259n qalan h\u0259bsxana sanki insanlar\u0131 azadl\u0131qdan m\u0259hrum etm\u0259k \u00fc\u00e7\u00fcn deyil, insanl\u0131qdan m\u0259hrum etm\u0259k \u00fc\u00e7\u00fcnd\u00fcr. Atamla dig\u0259r siyasi m\u0259hbuslar\u0131 (Anar M\u0259mm\u0259dli, \u018fli \u0130nsanov, Abd\u00fcl \u018fbilov, \u0130lkin R\u00fcst\u0259mzad\u0259, P\u0259rviz H\u0259\u015fimli) \u0259lav\u0259 c\u0259za verm\u0259k \u00fc\u00e7\u00fcn m\u0259xsusi o h\u0259bsxanada saxlay\u0131rlar. H\u0259bsxana das karxanalar\u0131 il\u0259 \u0259hat\u0259 olunub. Bir az k\u00fcl\u0259k olan kimi orada g\u00f6z-g\u00f6z\u00fc g\u00f6rm\u00fcr. Bu \u015f\u0259rait ciddi x\u0259st\u0259lik m\u0259nb\u0259yidir. H\u0259bsxanadak\u0131 m\u0259hbuslar\u0131n yars\u0131s\u0131ndan \u00e7oxu v\u0259r\u0259m x\u0259st\u0259sidir. B\u00fct\u00fcn g\u00fcn\u00fc mehbuslar bir-biri il\u0259 t\u0259masda olur. Bu is\u0259 onlar\u0131n asanl\u0131qla v\u0259r\u0259m x\u0259st\u0259liyin\u0259 tutulma t\u0259hl\u00fck\u0259si yarad\u0131r.\n<\/p>\n<p>\n  H\u0259bsxanan\u0131n daxili rejim qaydalar\u0131 is\u0259 insan \u015f\u0259xsiyy\u0259tini al\u00e7atma\u011fa y\u00f6n\u0259likdir. M\u0259hbuslar havalar\u0131n nec\u0259 olmas\u0131ndan as\u0131l\u0131 olmayaraq m\u00fc\u0259yy\u0259n saatlarda h\u0259bsxanan\u0131n h\u0259y\u0259tind\u0259 qalmal\u0131d\u0131rlar. \u018fn \u015faxtal\u0131 q\u0131\u015f aylar\u0131nda da, \u0259n isti yay aylar\u0131nda da. H\u0259bsxanan\u0131n tibb b\u00f6lm\u0259si is\u0259 demek olar ki, m\u0259hbuslara yard\u0131m g\u00f6st\u0259rmir.\n<\/p>\n<p>\n  Atam astma x\u0259st\u0259sidir. Laz\u0131m\u0131 dermanlar\u0131 ona ancaq biz al\u0131b apar\u0131r\u0131q.\n<\/p>\n<p>\n  \u0130ndi Bak\u0131da I Avropa Oyunlar\u0131 ke\u00e7irilir. Bu oyunlar\u0131n baykot edilm\u0259si t\u0259klifi ilk olaraq atamdan g\u0259lib. H\u0259l\u0259 Avropa Oyunlar\u0131n\u0131n Bak\u0131da ke\u00e7iril\u0259c\u0259yi bar\u0259d\u0259 m\u0259lumat gederk\u0259n, atam oyunlar\u0131n baykot edilm\u0259si t\u0259klifini s\u0259sl\u0259ndirmi\u015fdi. Bu t\u0259klif d\u0259f\u0259l\u0259rl\u0259 m\u0259tbuatda d\u0259rc olundu. M\u0259nsub oldu\u011fu M\u00fcsavat Partiyas\u0131 bu oyunlar\u0131 boykot b\u0259yanat\u0131 verm\u0259si il\u0259 bu t\u0259klifin do\u011fru oldu\u011funu t\u0259sdiql\u0259di.\n<\/p>\n<p>\n  Biz ist\u0259rdik ki, avropal\u0131 oyun\u00e7ular bu yar\u0131\u015fmaya qat\u0131lmas\u0131nlar. \u018fn az\u0131ndan, bu \u00f6lk\u0259d\u0259ki insan haqlar\u0131n\u0131n v\u0259 demokratiyan\u0131n durumuna g\u00f6r\u0259. Bu oyunlar\u0131n ke\u00e7irilm\u0259si \u00fc\u00e7\u00fcn b\u00fcdc\u0259d\u0259n n\u0259 q\u0259d\u0259r v\u0259sait x\u0259rcl\u0259nib v\u0259 m\u0259nims\u0259nilib. Xalq\u0131n pulunu m\u0259nims\u0259dikl\u0259ri azm\u0131\u015f kimi, h\u0259l\u0259 qalan x\u0259rcl\u0259ri bu v\u0259 ya dig\u0259r formada xalq\u0131n cibind\u0259n \u00e7\u0131xd\u0131lar. Oyunlar\u0131n boykot edilm\u0259si \u00fc\u00e7\u00fcn bir \u00e7ox Avropa \u00f6lk\u0259l\u0259rinin Bak\u0131dak\u0131 r\u0259smil\u0259ri il\u0259 g\u00f6r\u00fc\u015fl\u0259r ke\u00e7irdik. Onlar\u0131n \u0259ks\u0259riyy\u0259ti biziml\u0259 raz\u0131 idi, ancaq h\u0259min \u00f6lk\u0259l\u0259rd\u0259 \u0130dman komit\u0259l\u0259ri m\u00fcst\u0259qil oldu\u011fundan, onlar\u0131n m\u00fcdaxil\u0259 etm\u0259k h\u00fcququ yox idi. Onlar ancaq t\u00f6vsiyy\u0259 ed\u0259 bil\u0259c\u0259kl\u0259rini bildirdil\u0259r.<br \/>\n  <br \/>\n  D\u00fczd\u00fcr, bir \u00e7ox \u00f6lk\u0259l\u0259r oyunlar\u0131n a\u00e7\u0131l\u0131\u015f\u0131na g\u0259lm\u0259dil\u0259r. M\u0259nim fikrimc\u0259, \u0259g\u0259r onlar bu a\u00e7\u0131l\u0131\u015fa g\u0259lib, bu haqs\u0131zl\u0131\u011fa g\u00f6z yumub insan haqlar\u0131n\u0131n tapdanmas\u0131n\u0131 alq\u0131\u015flayacaqd\u0131larsa, bu o zaman iqtidara d\u0259st\u0259k olard\u0131.<\/p>\n<p>  Avropa \u0130nsan haqlar\u0131n\u0131n ve demokratiyan\u0131n be\u015fiyi oldu\u011fu \u00fc\u00e7\u00fcn, bel\u0259 bir \u00f6lk\u0259d\u0259, Q\u0259rb d\u0259y\u0259rl\u0259rin\u0259 sahib \u00e7\u0131xd\u0131\u011f\u0131na v\u0259 m\u00fcdafi\u0259 etdiyin\u0259 g\u00f6r\u0259 h\u0259bs edil\u0259n siyasi m\u0259hbuslara g\u00f6r\u0259 bu oyunlar\u0131 boykot etm\u0259li idi.<\/p>\n<p>  M\u0259nc\u0259 beyn\u0259lxalq c\u0259miyy\u0259t Az\u0259rbaycandak\u0131 ictimai-siyasi v\u0259ziyy\u0259ti \u00e7ox yax\u015f\u0131 bilir. Bu iqtidarla yum\u015faq dill\u0259 dan\u0131\u015fmaq yox, konkret t\u0259l\u0259bl\u0259r qoyub \u0259m\u0259l etm\u0259l\u0259rin\u0259 n\u0259zar\u0259t edilm\u0259lidir. Az\u0259rbaycan bir \u00e7ox Avropa t\u0259\u015fkilatlar\u0131n\u0131n \u00fczv\u00fcd\u00fcr. Bu t\u0259\u015fkilatlara \u00fczv olan zaman m\u00fc\u0259yy\u0259n \u00f6hd\u0259likl\u0259r g\u00f6t\u00fcr\u00fcrb. O \u00f6hd\u0259likl\u0259r ki. demokratik idar\u0259etm\u0259nin t\u0259m\u0259l prinsipl\u0259ridir. Az\u0259rbaycan is\u0259 bu prinsipl\u0259r\u0259 n\u0259inki \u0259m\u0259l edir, h\u0259tta Q\u0259rbd\u0259n g\u0259l\u0259n t\u0259l\u0259bl\u0259r\u0259 \u0259h\u0259miyy\u0259t bel\u0259 vermir.\n<\/p>\n<p>\n  \u018fg\u0259r demokratik Q\u0259rb Az\u0259rbaycana qar\u015f\u0131 sanksiya t\u0259tbiq ets\u0259, iqtidar\u0131 geri \u00e7\u0259kilm\u0259y\u0259 m\u0259cbur ed\u0259 bil\u0259r.<\/p>\n<p>  \u0130nanm\u0131ram ki, Avropa Oyunlar\u0131 Az\u0259rbaycana h\u0259r hans\u0131 m\u00fcsb\u0259t d\u0259yi\u015fiklikl\u0259r g\u0259tir\u0259 bil\u0259r. \u018fksin\u0259, bu oyunlar \u018fliyevl\u0259r hakimiyy\u0259tinin nec\u0259 korrupsioner ve despot mahiyy\u0259tini ortaya \u00e7\u0131xard\u0131. Avropal\u0131lara yax\u015f\u0131 g\u00f6r\u00fcnm\u0259k \u00fc\u00e7\u00fcn \u0259ll\u0259rind\u0259n g\u0259l\u0259ni ets\u0259l\u0259r d\u0259, A\u015ePA-da Az\u0259rbaycanla ba\u011fl\u0131 q\u0259bul edil\u0259n q\u0259tnam\u0259 Avropan\u0131n bu haqs\u0131zl\u0131\u011fa g\u00f6z yummad\u0131\u011f\u0131n\u0131n \u0259yan\u0131 s\u00fcbutu oldu.<\/p>\n<p>  O ki qald\u0131 m\u0259n\u0259, bu oyunlar insan haqlar\u0131n\u0131n pozuldu\u011fu, demokratiyan\u0131n olmad\u0131\u011f\u0131, azad fikr\u0259 g\u00f6r\u0259 insanlar\u0131n \u015f\u0259rl\u0259n\u0259r\u0259k h\u0259bs edildiyi \u00f6lk\u0259d\u0259 ke\u00e7irildiyi \u00fc\u00e7\u00fcn m\u0259n bu oyunlar\u0131 izl\u0259mir\u0259m.\n<\/p>\n<p>\n  <b><br \/>\n    Yaz\u0131dak\u0131 fikirl\u0259r m\u00fc\u0259llif\u0259 m\u0259xsusdur v\u0259 onlara g\u00f6r\u0259 Meydan TV m\u0259suliyy\u0259t da\u015f\u0131m\u0131r.<br \/>\n  <\/b><\/p>\n","protected":false},"excerpt":{"rendered":"<p>O, ilk olaraq, Avropa Oyunlar\u0131n\u0131 baykota \u00e7a\u011f\u0131rd\u0131<\/p>\n","protected":false},"author":11,"featured_media":27908,"comment_status":"closed","ping_status":"open","sticky":false,"template":"","format":"standard","meta":{"_acf_changed":false,"_sitemap_exclude":false,"_sitemap_priority":"","_sitemap_frequency":"","footnotes":""},"categories":[57],"tags":[],"class_list":["post-168650","post","type-post","status-publish","format-standard","has-post-thumbnail","hentry","category-menim-fikrimce","infinite-scroll-item","generate-columns","tablet-grid-50","mobile-grid-100","grid-parent","grid-33","no-featured-image-padding"],"acf":[],"yoast_head":"<!-- This site is optimized with the Yoast SEO plugin v27.5 - https:\/\/yoast.com\/product\/yoast-seo-wordpress\/ -->\n<title>Atam Q\u0259rb d\u0259y\u0259rl\u0259ri u\u011frunda h\u0259bsd\u0259dir - MEYDAN.TV<\/title>\n<meta name=\"robots\" content=\"index, follow, max-snippet:-1, max-image-preview:large, max-video-preview:-1\" \/>\n<link rel=\"canonical\" href=\"https:\/\/www.meydan.tv\/az\/article\/atam-qerb-deyerleri-ugrunda-hebsdedir\/\" \/>\n<meta property=\"og:locale\" content=\"az_AZ\" \/>\n<meta property=\"og:type\" content=\"article\" \/>\n<meta property=\"og:title\" content=\"Atam Q\u0259rb d\u0259y\u0259rl\u0259ri u\u011frunda h\u0259bsd\u0259dir - MEYDAN.TV\" \/>\n<meta property=\"og:description\" content=\"O, ilk olaraq, Avropa Oyunlar\u0131n\u0131 baykota \u00e7a\u011f\u0131rd\u0131\" \/>\n<meta property=\"og:url\" content=\"https:\/\/www.meydan.tv\/az\/article\/atam-qerb-deyerleri-ugrunda-hebsdedir\/\" \/>\n<meta property=\"og:site_name\" content=\"MEYDAN.TV\" \/>\n<meta property=\"article:published_time\" content=\"2015-06-26T01:13:43+00:00\" \/>\n<meta property=\"og:image\" content=\"https:\/\/www.meydan.tv\/wp-content\/uploads\/10307.jpg\" \/>\n\t<meta property=\"og:image:width\" content=\"500\" \/>\n\t<meta property=\"og:image:height\" content=\"500\" \/>\n\t<meta property=\"og:image:type\" content=\"image\/jpeg\" \/>\n<meta name=\"author\" content=\"user-manager\" \/>\n<meta name=\"twitter:card\" content=\"summary_large_image\" \/>\n<script type=\"application\/ld+json\" class=\"yoast-schema-graph\">{\"@context\":\"https:\\\/\\\/schema.org\",\"@graph\":[{\"@type\":\"Article\",\"@id\":\"https:\\\/\\\/www.meydan.tv\\\/az\\\/article\\\/atam-qerb-deyerleri-ugrunda-hebsdedir\\\/#article\",\"isPartOf\":{\"@id\":\"https:\\\/\\\/www.meydan.tv\\\/az\\\/article\\\/atam-qerb-deyerleri-ugrunda-hebsdedir\\\/\"},\"author\":{\"name\":\"user-manager\",\"@id\":\"https:\\\/\\\/www.meydan.tv\\\/az\\\/#\\\/schema\\\/person\\\/10d11eccf6da3662cf5fdab9806ea91a\"},\"headline\":\"Atam Q\u0259rb d\u0259y\u0259rl\u0259ri u\u011frunda h\u0259bsd\u0259dir\",\"datePublished\":\"2015-06-26T01:13:43+00:00\",\"mainEntityOfPage\":{\"@id\":\"https:\\\/\\\/www.meydan.tv\\\/az\\\/article\\\/atam-qerb-deyerleri-ugrunda-hebsdedir\\\/\"},\"wordCount\":1069,\"publisher\":{\"@id\":\"https:\\\/\\\/www.meydan.tv\\\/az\\\/#organization\"},\"image\":{\"@id\":\"https:\\\/\\\/www.meydan.tv\\\/az\\\/article\\\/atam-qerb-deyerleri-ugrunda-hebsdedir\\\/#primaryimage\"},\"thumbnailUrl\":\"https:\\\/\\\/www.meydan.tv\\\/wp-content\\\/uploads\\\/10307.jpg\",\"articleSection\":[\"M\u0259nim Fikrimc\u0259\"],\"inLanguage\":\"az\"},{\"@type\":\"WebPage\",\"@id\":\"https:\\\/\\\/www.meydan.tv\\\/az\\\/article\\\/atam-qerb-deyerleri-ugrunda-hebsdedir\\\/\",\"url\":\"https:\\\/\\\/www.meydan.tv\\\/az\\\/article\\\/atam-qerb-deyerleri-ugrunda-hebsdedir\\\/\",\"name\":\"Atam Q\u0259rb d\u0259y\u0259rl\u0259ri u\u011frunda h\u0259bsd\u0259dir - MEYDAN.TV\",\"isPartOf\":{\"@id\":\"https:\\\/\\\/www.meydan.tv\\\/az\\\/#website\"},\"primaryImageOfPage\":{\"@id\":\"https:\\\/\\\/www.meydan.tv\\\/az\\\/article\\\/atam-qerb-deyerleri-ugrunda-hebsdedir\\\/#primaryimage\"},\"image\":{\"@id\":\"https:\\\/\\\/www.meydan.tv\\\/az\\\/article\\\/atam-qerb-deyerleri-ugrunda-hebsdedir\\\/#primaryimage\"},\"thumbnailUrl\":\"https:\\\/\\\/www.meydan.tv\\\/wp-content\\\/uploads\\\/10307.jpg\",\"datePublished\":\"2015-06-26T01:13:43+00:00\",\"breadcrumb\":{\"@id\":\"https:\\\/\\\/www.meydan.tv\\\/az\\\/article\\\/atam-qerb-deyerleri-ugrunda-hebsdedir\\\/#breadcrumb\"},\"inLanguage\":\"az\",\"potentialAction\":[{\"@type\":\"ReadAction\",\"target\":[\"https:\\\/\\\/www.meydan.tv\\\/az\\\/article\\\/atam-qerb-deyerleri-ugrunda-hebsdedir\\\/\"]}]},{\"@type\":\"ImageObject\",\"inLanguage\":\"az\",\"@id\":\"https:\\\/\\\/www.meydan.tv\\\/az\\\/article\\\/atam-qerb-deyerleri-ugrunda-hebsdedir\\\/#primaryimage\",\"url\":\"https:\\\/\\\/www.meydan.tv\\\/wp-content\\\/uploads\\\/10307.jpg\",\"contentUrl\":\"https:\\\/\\\/www.meydan.tv\\\/wp-content\\\/uploads\\\/10307.jpg\",\"width\":500,\"height\":500,\"caption\":\"Source:\"},{\"@type\":\"BreadcrumbList\",\"@id\":\"https:\\\/\\\/www.meydan.tv\\\/az\\\/article\\\/atam-qerb-deyerleri-ugrunda-hebsdedir\\\/#breadcrumb\",\"itemListElement\":[{\"@type\":\"ListItem\",\"position\":1,\"name\":\"Ana s\u0259hif\u0259\",\"item\":\"https:\\\/\\\/www.meydan.tv\\\/az\\\/\"},{\"@type\":\"ListItem\",\"position\":2,\"name\":\"M\u0259nim Fikrimc\u0259\",\"item\":\"https:\\\/\\\/www.meydan.tv\\\/az\\\/section\\\/menim-fikrimce\\\/\"},{\"@type\":\"ListItem\",\"position\":3,\"name\":\"Atam Q\u0259rb d\u0259y\u0259rl\u0259ri u\u011frunda h\u0259bsd\u0259dir\"}]},{\"@type\":\"WebSite\",\"@id\":\"https:\\\/\\\/www.meydan.tv\\\/az\\\/#website\",\"url\":\"https:\\\/\\\/www.meydan.tv\\\/az\\\/\",\"name\":\"MEYDAN.TV\",\"description\":\"Meydan TV Az\u0259rbaycan\u0131n media m\u0259kan\u0131ndak\u0131 alternativ s\u0259sidir\",\"publisher\":{\"@id\":\"https:\\\/\\\/www.meydan.tv\\\/az\\\/#organization\"},\"potentialAction\":[{\"@type\":\"SearchAction\",\"target\":{\"@type\":\"EntryPoint\",\"urlTemplate\":\"https:\\\/\\\/www.meydan.tv\\\/az\\\/?s={search_term_string}\"},\"query-input\":{\"@type\":\"PropertyValueSpecification\",\"valueRequired\":true,\"valueName\":\"search_term_string\"}}],\"inLanguage\":\"az\"},{\"@type\":\"Organization\",\"@id\":\"https:\\\/\\\/www.meydan.tv\\\/az\\\/#organization\",\"name\":\"Meydan TV\",\"url\":\"https:\\\/\\\/www.meydan.tv\\\/az\\\/\",\"logo\":{\"@type\":\"ImageObject\",\"inLanguage\":\"az\",\"@id\":\"https:\\\/\\\/www.meydan.tv\\\/az\\\/#\\\/schema\\\/logo\\\/image\\\/\",\"url\":\"https:\\\/\\\/www.meydan.tv\\\/wp-content\\\/uploads\\\/2021\\\/07\\\/meydan-logo.svg\",\"contentUrl\":\"https:\\\/\\\/www.meydan.tv\\\/wp-content\\\/uploads\\\/2021\\\/07\\\/meydan-logo.svg\",\"width\":195,\"height\":46,\"caption\":\"Meydan TV\"},\"image\":{\"@id\":\"https:\\\/\\\/www.meydan.tv\\\/az\\\/#\\\/schema\\\/logo\\\/image\\\/\"}},{\"@type\":\"Person\",\"@id\":\"https:\\\/\\\/www.meydan.tv\\\/az\\\/#\\\/schema\\\/person\\\/10d11eccf6da3662cf5fdab9806ea91a\",\"name\":\"user-manager\"}]}<\/script>\n<!-- \/ Yoast SEO plugin. -->","yoast_head_json":{"title":"Atam Q\u0259rb d\u0259y\u0259rl\u0259ri u\u011frunda h\u0259bsd\u0259dir - MEYDAN.TV","robots":{"index":"index","follow":"follow","max-snippet":"max-snippet:-1","max-image-preview":"max-image-preview:large","max-video-preview":"max-video-preview:-1"},"canonical":"https:\/\/www.meydan.tv\/az\/article\/atam-qerb-deyerleri-ugrunda-hebsdedir\/","og_locale":"az_AZ","og_type":"article","og_title":"Atam Q\u0259rb d\u0259y\u0259rl\u0259ri u\u011frunda h\u0259bsd\u0259dir - MEYDAN.TV","og_description":"O, ilk olaraq, Avropa Oyunlar\u0131n\u0131 baykota \u00e7a\u011f\u0131rd\u0131","og_url":"https:\/\/www.meydan.tv\/az\/article\/atam-qerb-deyerleri-ugrunda-hebsdedir\/","og_site_name":"MEYDAN.TV","article_published_time":"2015-06-26T01:13:43+00:00","og_image":[{"width":500,"height":500,"url":"https:\/\/www.meydan.tv\/wp-content\/uploads\/10307.jpg","type":"image\/jpeg"}],"author":"user-manager","twitter_card":"summary_large_image","schema":{"@context":"https:\/\/schema.org","@graph":[{"@type":"Article","@id":"https:\/\/www.meydan.tv\/az\/article\/atam-qerb-deyerleri-ugrunda-hebsdedir\/#article","isPartOf":{"@id":"https:\/\/www.meydan.tv\/az\/article\/atam-qerb-deyerleri-ugrunda-hebsdedir\/"},"author":{"name":"user-manager","@id":"https:\/\/www.meydan.tv\/az\/#\/schema\/person\/10d11eccf6da3662cf5fdab9806ea91a"},"headline":"Atam Q\u0259rb d\u0259y\u0259rl\u0259ri u\u011frunda h\u0259bsd\u0259dir","datePublished":"2015-06-26T01:13:43+00:00","mainEntityOfPage":{"@id":"https:\/\/www.meydan.tv\/az\/article\/atam-qerb-deyerleri-ugrunda-hebsdedir\/"},"wordCount":1069,"publisher":{"@id":"https:\/\/www.meydan.tv\/az\/#organization"},"image":{"@id":"https:\/\/www.meydan.tv\/az\/article\/atam-qerb-deyerleri-ugrunda-hebsdedir\/#primaryimage"},"thumbnailUrl":"https:\/\/www.meydan.tv\/wp-content\/uploads\/10307.jpg","articleSection":["M\u0259nim Fikrimc\u0259"],"inLanguage":"az"},{"@type":"WebPage","@id":"https:\/\/www.meydan.tv\/az\/article\/atam-qerb-deyerleri-ugrunda-hebsdedir\/","url":"https:\/\/www.meydan.tv\/az\/article\/atam-qerb-deyerleri-ugrunda-hebsdedir\/","name":"Atam Q\u0259rb d\u0259y\u0259rl\u0259ri u\u011frunda h\u0259bsd\u0259dir - MEYDAN.TV","isPartOf":{"@id":"https:\/\/www.meydan.tv\/az\/#website"},"primaryImageOfPage":{"@id":"https:\/\/www.meydan.tv\/az\/article\/atam-qerb-deyerleri-ugrunda-hebsdedir\/#primaryimage"},"image":{"@id":"https:\/\/www.meydan.tv\/az\/article\/atam-qerb-deyerleri-ugrunda-hebsdedir\/#primaryimage"},"thumbnailUrl":"https:\/\/www.meydan.tv\/wp-content\/uploads\/10307.jpg","datePublished":"2015-06-26T01:13:43+00:00","breadcrumb":{"@id":"https:\/\/www.meydan.tv\/az\/article\/atam-qerb-deyerleri-ugrunda-hebsdedir\/#breadcrumb"},"inLanguage":"az","potentialAction":[{"@type":"ReadAction","target":["https:\/\/www.meydan.tv\/az\/article\/atam-qerb-deyerleri-ugrunda-hebsdedir\/"]}]},{"@type":"ImageObject","inLanguage":"az","@id":"https:\/\/www.meydan.tv\/az\/article\/atam-qerb-deyerleri-ugrunda-hebsdedir\/#primaryimage","url":"https:\/\/www.meydan.tv\/wp-content\/uploads\/10307.jpg","contentUrl":"https:\/\/www.meydan.tv\/wp-content\/uploads\/10307.jpg","width":500,"height":500,"caption":"Source:"},{"@type":"BreadcrumbList","@id":"https:\/\/www.meydan.tv\/az\/article\/atam-qerb-deyerleri-ugrunda-hebsdedir\/#breadcrumb","itemListElement":[{"@type":"ListItem","position":1,"name":"Ana s\u0259hif\u0259","item":"https:\/\/www.meydan.tv\/az\/"},{"@type":"ListItem","position":2,"name":"M\u0259nim Fikrimc\u0259","item":"https:\/\/www.meydan.tv\/az\/section\/menim-fikrimce\/"},{"@type":"ListItem","position":3,"name":"Atam Q\u0259rb d\u0259y\u0259rl\u0259ri u\u011frunda h\u0259bsd\u0259dir"}]},{"@type":"WebSite","@id":"https:\/\/www.meydan.tv\/az\/#website","url":"https:\/\/www.meydan.tv\/az\/","name":"MEYDAN.TV","description":"Meydan TV Az\u0259rbaycan\u0131n media m\u0259kan\u0131ndak\u0131 alternativ s\u0259sidir","publisher":{"@id":"https:\/\/www.meydan.tv\/az\/#organization"},"potentialAction":[{"@type":"SearchAction","target":{"@type":"EntryPoint","urlTemplate":"https:\/\/www.meydan.tv\/az\/?s={search_term_string}"},"query-input":{"@type":"PropertyValueSpecification","valueRequired":true,"valueName":"search_term_string"}}],"inLanguage":"az"},{"@type":"Organization","@id":"https:\/\/www.meydan.tv\/az\/#organization","name":"Meydan TV","url":"https:\/\/www.meydan.tv\/az\/","logo":{"@type":"ImageObject","inLanguage":"az","@id":"https:\/\/www.meydan.tv\/az\/#\/schema\/logo\/image\/","url":"https:\/\/www.meydan.tv\/wp-content\/uploads\/2021\/07\/meydan-logo.svg","contentUrl":"https:\/\/www.meydan.tv\/wp-content\/uploads\/2021\/07\/meydan-logo.svg","width":195,"height":46,"caption":"Meydan TV"},"image":{"@id":"https:\/\/www.meydan.tv\/az\/#\/schema\/logo\/image\/"}},{"@type":"Person","@id":"https:\/\/www.meydan.tv\/az\/#\/schema\/person\/10d11eccf6da3662cf5fdab9806ea91a","name":"user-manager"}]}},"_links":{"self":[{"href":"https:\/\/www.meydan.tv\/az\/wp-json\/wp\/v2\/posts\/168650","targetHints":{"allow":["GET"]}}],"collection":[{"href":"https:\/\/www.meydan.tv\/az\/wp-json\/wp\/v2\/posts"}],"about":[{"href":"https:\/\/www.meydan.tv\/az\/wp-json\/wp\/v2\/types\/post"}],"author":[{"embeddable":true,"href":"https:\/\/www.meydan.tv\/az\/wp-json\/wp\/v2\/users\/11"}],"replies":[{"embeddable":true,"href":"https:\/\/www.meydan.tv\/az\/wp-json\/wp\/v2\/comments?post=168650"}],"version-history":[{"count":0,"href":"https:\/\/www.meydan.tv\/az\/wp-json\/wp\/v2\/posts\/168650\/revisions"}],"wp:featuredmedia":[{"embeddable":true,"href":"https:\/\/www.meydan.tv\/az\/wp-json\/wp\/v2\/media\/27908"}],"wp:attachment":[{"href":"https:\/\/www.meydan.tv\/az\/wp-json\/wp\/v2\/media?parent=168650"}],"wp:term":[{"taxonomy":"category","embeddable":true,"href":"https:\/\/www.meydan.tv\/az\/wp-json\/wp\/v2\/categories?post=168650"},{"taxonomy":"post_tag","embeddable":true,"href":"https:\/\/www.meydan.tv\/az\/wp-json\/wp\/v2\/tags?post=168650"}],"curies":[{"name":"wp","href":"https:\/\/api.w.org\/{rel}","templated":true}]}}