{"id":168647,"date":"2015-06-25T23:57:03","date_gmt":"2015-06-25T23:57:03","guid":{"rendered":"https:\/\/www.meydan.tv\/article\/meyxanacidan-antropoloq-xanima-sige-teklifi\/"},"modified":"2015-06-25T23:57:03","modified_gmt":"2015-06-25T23:57:03","slug":"meyxanacidan-antropoloq-xanima-sige-teklifi","status":"publish","type":"post","link":"https:\/\/www.meydan.tv\/az\/article\/meyxanacidan-antropoloq-xanima-sige-teklifi\/","title":{"rendered":"Meyxana\u00e7\u0131dan antropoloq xan\u0131ma sig\u0259 t\u0259klifi"},"content":{"rendered":"<figure class=\"wp-block-image size-large\">\n  <img decoding=\"async\" src=\"https:\/\/www.meydan.tv\/az\/27887\/\" alt=\"\" class=\"wp-image-27887\"\/><figcaption><\/figcaption><\/figure>\n<figure class=\"wp-block-image size-large\">\n  <img decoding=\"async\" src=\"https:\/\/www.meydan.tv\/az\/27890\/\" alt=\"\" class=\"wp-image-27890\"\/><figcaption><\/figcaption><\/figure>\n<p>\n  \u018fzizl\u0259rim, iki-g\u00f6z\u00fcm, sizl\u0259r\u0259 haradan b\u0259hs edim? \u018flb\u0259tt\u0259 ki, M\u0259ml\u0259k\u0259ti-Az\u0259rbaycandan.\n<\/p>\n<p>\n  V\u0259t\u0259nd\u0259y\u0259m. Bak\u0131n\u0131n m\u0259nin \u00fc\u00e7\u00fcn q\u0259fl\u0259t\u0259n ba\u015flam\u0131\u015f bu c\u0131rhac\u0131r istisin\u0259 r\u0259\u011fm\u0259n, hadis\u0259l\u0259r sanki illuziondak\u0131 kimi bir-birini \u0259v\u0259z edir. Oyunlar-z\u0131r\u0131lt\u0131-r\u00fcst\u0259m m\u00fc\u0259llim-zad bir t\u0259r\u0259f\u0259, V\u0259t\u0259n\u0259 g\u0259l\u0259n kimi birinci m\u0259nb\u0259d\u0259n \u0259\u015f\u015f\u0259d\u00fc-p&#8230;des bir s\u00f6hb\u0259t e\u015fitdim, \u201cg\u00f6z\u00fcn\u00fcn ucu il\u0259 g\u00f6r\u00fcb-e\u015fid\u0259n ibr\u0259t d\u0259rsi g\u00f6t\u00fcr\u0259r\u201d dem\u0259k he\u015f-zadd\u0131.\n<\/p>\n<p>\n  Dem\u0259li, bir avropal\u0131 (\u00f6lk\u0259ni dem\u0259y\u0259c\u0259m, \u00fcz vurmay\u0131n) antropoloq xan\u0131m bizl\u0259rd\u0259n dissertasiya i\u015fi yazmaq sevdas\u0131na d\u00fc\u015f\u00fcbm\u00fc\u015f. Bac\u0131n\u0131n m\u00f6vzusunda folklor elementi kimi meyxana da varm\u0131\u015f. Dem\u0259k, bu xan\u0131m elmi h\u0259qiq\u0259tl\u0259r u\u011frunda bizim meyxana\u00e7\u0131 qarda\u015flardan m\u00fcsahib\u0259 almaq fikrin\u0259 d\u0259 d\u00fc\u015f\u00fcbm\u00fc\u015f. Praqmatik adamlar kimi, onlar\u0131n dem\u0259k olar, he\u00e7 biri bunun n\u0259y\u0259 g\u0259r\u0259k oldu\u011funu anlamay\u0131b, g\u00f6r\u00fc\u015f\u0259 d\u0259 g\u0259lm\u0259k ist\u0259m\u0259yibl\u0259r. Xan\u0131m \u00f6z\u00fc ayr\u0131-ayr\u0131 onlar\u0131n g\u00f6r\u00fc\u015f\u00fcn\u0259 getm\u0259li olubmu\u015f. Nec\u0259 dey\u0259rl\u0259r: \u201cda\u011f M\u0259h\u0259mm\u0259din yan\u0131na getm\u0259s\u0259, M\u0259h\u0259mm\u0259d da\u011f\u0131n yan\u0131na ged\u0259r.\u201d\n<\/p>\n<p>\n  Uzun s\u00f6z\u00fcn q\u0131sas\u0131, meyxana\u00e7\u0131 qarda\u015flardan biri il\u0259 tet-a-tet s\u00f6hb\u0259t \u0259snas\u0131nda, bir m\u00fcdd\u0259t sonra qarda\u015f deyibmi\u015f ki, daha n\u0259 s\u00f6hb\u0259t-m\u00fcsahib\u0259-filan?! Mollan\u0131 \u00e7a\u011f\u0131raq, bizi si\u011f\u0259 etsin, i\u015fi bitir\u0259k, v\u0259ssalam! Bu xan\u0131m da antropoloq oldu\u011fu \u00fc\u00e7\u00fcn, \u201csi\u011f\u0259\u201d s\u00f6z\u00fcn m\u0259nas\u0131n\u0131 yax\u015f\u0131 bilirmi\u015f, q\u0259fil t\u0259klifd\u0259n qad\u0131n \u00e7ox p\u0259rt olub. Dediyin\u0259 g\u00f6r\u0259, bir az da qorxubmu\u015f. Meyxana\u00e7\u0131 qarda\u015f is\u0259 etiraz\u0131n n\u0259d\u0259n do\u011fdu\u011funu anlamay\u0131b, h\u0259l\u0259 ne\u00e7\u0259 d\u0259f\u0259 israrda da bulunubmu\u015f. Y\u0259ni, utanma ay xan\u0131m, \u00f6z\u00fcm\u00fcz\u00fck d\u0259, n\u0259 var ki, burda?! Onsuz da ham\u0131ya &#8230; &#8230;).\n<\/p>\n<p>\n  Antropoloq xan\u0131m bir q\u0259d\u0259r q\u0259mgin halda g\u00fcl\u00fcms\u0259y\u0259r\u0259k, s\u00f6hb\u0259tin\u0259 davam etdi: \u201c\u018flb\u0259tt\u0259, anlay\u0131ram ki, onun g\u00f6z\u00fcnd\u0259 m\u0259n sad\u0259c\u0259 fahi\u015f\u0259 idim&#8230; H\u0259r halda, t\u0259klifini d\u0259 kifay\u0259t q\u0259d\u0259r n\u0259zak\u0259tli etdi. Bir d\u0259, \u0259n \u0259sas\u0131, he\u00e7 bir zor ba\u015f verm\u0259di. Amma&#8230; bu m\u0259n\u0259 \u00e7ox da t\u0259s\u0259lli vermir.\u201d\n<\/p>\n<p>\n  Nitqim tutuldu\u011fundan qay\u0131d\u0131b ona: \u201cDo\u011frusu, biz\u0259 d\u0259 t\u0259s\u0259lli ver\u0259n n\u0259s\u0259 \u00e7ox-\u00e7ox azd\u0131r\u201d s\u00f6yl\u0259y\u0259 bilm\u0259dim. \u018flb\u0259tt\u0259 ki, indi bunu oxuyanlar dey\u0259c\u0259k: \u201cnoooooolsun?\u201d\n<\/p>\n<p>\n  Can\u0131m, t\u0259bii ki, \u201cnooolsun?\u201d, he\u015f-zad. \u018flad\u0131, m\u00fcst\u0259snad\u0131, bel\u0259 g\u00f6z\u0259ldi, \u0259ntiq\u0259di, pakiz\u0259di v\u0259 \u0259lb\u0259tt\u0259 ki, \u201c\u00f6z\u00fcd\u00fc g\u00fcnahkar\u201d. \u201cYax\u00e7u q\u0131zun meyxana\u00e7\u0131n\u0131n yan\u0131nda n\u0259 i\u015fi vard\u0131 ki, \u0259l\u0259 d\u0259 olsuun?\u201d. Evet \u0259zizl\u0259rim, el\u0259 b\u0259lk\u0259 d\u0259 \u201c\u00f6z\u00fc d\u00fcz\u00fcb-qo\u015fub\u201d, \u201cyalandan deg\u00fcr m\u0131nnar\u0131\u201d? Vallah, h\u0259. Bir d\u0259 ki, biz \u00f6yr\u0259nc\u0259liyik, 13 ya\u015f\u0131nda q\u0131z\u0131 da XXI \u0259srin ortas\u0131nda rahat \u0259r\u0259 verib, ittiham da ed\u0259 bil\u0259rik, sonra can\u0131m siz\u0259 desin, bu yax\u0131nda Tovuzdak\u0131 olay da \u0259sla vecimiz\u0259 olmad\u0131. Toyda bakir\u0259 \u00e7\u0131xmayan q\u0131z? \u00d6z\u00fc idi g\u00fcnahkar!\n<\/p>\n<p>\n  Arxetipik c\u0259miyy\u0259tin b\u00fct\u00fcn arqumentl\u0259rini \u0259vv\u0259ld\u0259n sadalaya bil\u0259r\u0259m \u0259zizl\u0259rim, he\u00e7 \u0259ziyy\u0259t\u0259 ehtiyac yoxdu, \u00f6z\u00fcn\u00fc rahat tutun. C\u0259miyy\u0259timizin d\u0259 arxetipik olma\u011f\u0131ndan bir t\u0259la\u015f hissi kemirm\u0259yin. H\u0259r \u015fey \u0259lad\u0131. Analitik psixologiyan\u0131n banisi, isve\u00e7r\u0259li psixotepapevt C.G.Jung\u2019un arxetipl\u0259r n\u0259z\u0259riyy\u0259sin\u0259 \u0259sas\u0259n, onlar biz\u0259 \u00fc\u00e7 qaynaqdan \u2013 q\u0259dim \u0259fsan\u0259l\u0259r, yuxular v\u0259 d\u0259lil\u0259rin dan\u0131\u015f\u0131\u011f\u0131ndan g\u0259l\u0259 bil\u0259r. Bax\u0131n, bizim c\u0259miyy\u0259t bunun tam t\u0259sdiqi deyilmi? \u018ffsan\u0259l\u0259ri biz\u0259 h\u0259r g\u00fcn Az.TV n\u0259ql edir, g\u00f6z\u00fcm\u00fczl\u0259 g\u00f6rd\u00fckl\u0259rimizin ham\u0131s\u0131n\u0131 yuxu z\u0259nn edib inana bilmirik, ist\u0259nil\u0259n, bir q\u0259d\u0259r ciddi m\u00f6vzuda dan\u0131\u015fmaq c\u0259hdind\u0259 bulunanlar is\u0259 m\u00fctl\u0259q d\u0259lil\u0259ri xat\u0131rlard\u0131r. Yoxsa haql\u0131 deyil\u0259m?\n<\/p>\n<p>\n  P.S. Yeri g\u0259lmi\u015fk\u0259n, h\u0259min bu antropoloq xan\u0131mda da az yoxdu. Tovuzda ba\u015f vermi\u015f \u0259hvalat\u0131 e\u015fitc\u0259k: \u201cNec\u0259 y\u0259ni, bakir\u0259 deyildi? Bunu kim t\u0259yin etmi\u015fdi ki? Bunun \u00fc\u00e7\u00fcn \u0259n az\u0131 ekspertiza ke\u00e7irilm\u0259li idi ax\u0131\u201d. N\u0259 dey\u0259s\u0259n? R\u0259hm\u0259tliyin n\u0259v\u0259si, a\u011fl\u0131n ba\u015f\u0131na g\u0259lm\u0259yib h\u0259l\u0259 dey\u0259s\u0259n, get Avropanda qax\u0131l otur da..\n<\/p>\n<p>\n  <b><br \/>\n    Yaz\u0131dak\u0131 fikirl\u0259r m\u00fc\u0259llif\u0259 m\u0259xsusdur v\u0259 onlara g\u00f6r\u0259 Meydan TV m\u0259suliyy\u0259t da\u015f\u0131m\u0131r.<br \/>\n  <\/b><\/p>\n","protected":false},"excerpt":{"rendered":"<p>Onun \u00f6z\u00fcnd\u0259 d\u0259 az yoxdu&#8230;<\/p>\n","protected":false},"author":11,"featured_media":27887,"comment_status":"closed","ping_status":"open","sticky":false,"template":"","format":"standard","meta":{"_acf_changed":false,"_sitemap_exclude":false,"_sitemap_priority":"","_sitemap_frequency":"","footnotes":""},"categories":[57],"tags":[],"class_list":["post-168647","post","type-post","status-publish","format-standard","has-post-thumbnail","hentry","category-menim-fikrimce","infinite-scroll-item","generate-columns","tablet-grid-50","mobile-grid-100","grid-parent","grid-33","no-featured-image-padding"],"acf":[],"yoast_head":"<!-- This site is optimized with the Yoast SEO plugin v27.5 - https:\/\/yoast.com\/product\/yoast-seo-wordpress\/ -->\n<title>Meyxana\u00e7\u0131dan antropoloq xan\u0131ma sig\u0259 t\u0259klifi - MEYDAN.TV<\/title>\n<meta name=\"robots\" content=\"index, follow, max-snippet:-1, max-image-preview:large, max-video-preview:-1\" \/>\n<link rel=\"canonical\" href=\"https:\/\/www.meydan.tv\/az\/article\/meyxanacidan-antropoloq-xanima-sige-teklifi\/\" \/>\n<meta property=\"og:locale\" content=\"az_AZ\" \/>\n<meta property=\"og:type\" content=\"article\" \/>\n<meta property=\"og:title\" content=\"Meyxana\u00e7\u0131dan antropoloq xan\u0131ma sig\u0259 t\u0259klifi - MEYDAN.TV\" \/>\n<meta property=\"og:description\" content=\"Onun \u00f6z\u00fcnd\u0259 d\u0259 az yoxdu...\" \/>\n<meta property=\"og:url\" content=\"https:\/\/www.meydan.tv\/az\/article\/meyxanacidan-antropoloq-xanima-sige-teklifi\/\" \/>\n<meta property=\"og:site_name\" content=\"MEYDAN.TV\" \/>\n<meta property=\"article:published_time\" content=\"2015-06-25T23:57:03+00:00\" \/>\n<meta property=\"og:image\" content=\"https:\/\/www.meydan.tv\/wp-content\/uploads\/10271.png\" \/>\n\t<meta property=\"og:image:width\" content=\"500\" \/>\n\t<meta property=\"og:image:height\" content=\"500\" \/>\n\t<meta property=\"og:image:type\" content=\"image\/png\" \/>\n<meta name=\"author\" content=\"user-manager\" \/>\n<meta name=\"twitter:card\" content=\"summary_large_image\" \/>\n<script type=\"application\/ld+json\" class=\"yoast-schema-graph\">{\"@context\":\"https:\\\/\\\/schema.org\",\"@graph\":[{\"@type\":\"Article\",\"@id\":\"https:\\\/\\\/www.meydan.tv\\\/az\\\/article\\\/meyxanacidan-antropoloq-xanima-sige-teklifi\\\/#article\",\"isPartOf\":{\"@id\":\"https:\\\/\\\/www.meydan.tv\\\/az\\\/article\\\/meyxanacidan-antropoloq-xanima-sige-teklifi\\\/\"},\"author\":{\"name\":\"user-manager\",\"@id\":\"https:\\\/\\\/www.meydan.tv\\\/az\\\/#\\\/schema\\\/person\\\/10d11eccf6da3662cf5fdab9806ea91a\"},\"headline\":\"Meyxana\u00e7\u0131dan antropoloq xan\u0131ma sig\u0259 t\u0259klifi\",\"datePublished\":\"2015-06-25T23:57:03+00:00\",\"mainEntityOfPage\":{\"@id\":\"https:\\\/\\\/www.meydan.tv\\\/az\\\/article\\\/meyxanacidan-antropoloq-xanima-sige-teklifi\\\/\"},\"wordCount\":830,\"publisher\":{\"@id\":\"https:\\\/\\\/www.meydan.tv\\\/az\\\/#organization\"},\"image\":{\"@id\":\"https:\\\/\\\/www.meydan.tv\\\/az\\\/article\\\/meyxanacidan-antropoloq-xanima-sige-teklifi\\\/#primaryimage\"},\"thumbnailUrl\":\"https:\\\/\\\/www.meydan.tv\\\/wp-content\\\/uploads\\\/10271.png\",\"articleSection\":[\"M\u0259nim Fikrimc\u0259\"],\"inLanguage\":\"az\"},{\"@type\":\"WebPage\",\"@id\":\"https:\\\/\\\/www.meydan.tv\\\/az\\\/article\\\/meyxanacidan-antropoloq-xanima-sige-teklifi\\\/\",\"url\":\"https:\\\/\\\/www.meydan.tv\\\/az\\\/article\\\/meyxanacidan-antropoloq-xanima-sige-teklifi\\\/\",\"name\":\"Meyxana\u00e7\u0131dan antropoloq xan\u0131ma sig\u0259 t\u0259klifi - MEYDAN.TV\",\"isPartOf\":{\"@id\":\"https:\\\/\\\/www.meydan.tv\\\/az\\\/#website\"},\"primaryImageOfPage\":{\"@id\":\"https:\\\/\\\/www.meydan.tv\\\/az\\\/article\\\/meyxanacidan-antropoloq-xanima-sige-teklifi\\\/#primaryimage\"},\"image\":{\"@id\":\"https:\\\/\\\/www.meydan.tv\\\/az\\\/article\\\/meyxanacidan-antropoloq-xanima-sige-teklifi\\\/#primaryimage\"},\"thumbnailUrl\":\"https:\\\/\\\/www.meydan.tv\\\/wp-content\\\/uploads\\\/10271.png\",\"datePublished\":\"2015-06-25T23:57:03+00:00\",\"breadcrumb\":{\"@id\":\"https:\\\/\\\/www.meydan.tv\\\/az\\\/article\\\/meyxanacidan-antropoloq-xanima-sige-teklifi\\\/#breadcrumb\"},\"inLanguage\":\"az\",\"potentialAction\":[{\"@type\":\"ReadAction\",\"target\":[\"https:\\\/\\\/www.meydan.tv\\\/az\\\/article\\\/meyxanacidan-antropoloq-xanima-sige-teklifi\\\/\"]}]},{\"@type\":\"ImageObject\",\"inLanguage\":\"az\",\"@id\":\"https:\\\/\\\/www.meydan.tv\\\/az\\\/article\\\/meyxanacidan-antropoloq-xanima-sige-teklifi\\\/#primaryimage\",\"url\":\"https:\\\/\\\/www.meydan.tv\\\/wp-content\\\/uploads\\\/10271.png\",\"contentUrl\":\"https:\\\/\\\/www.meydan.tv\\\/wp-content\\\/uploads\\\/10271.png\",\"width\":500,\"height\":500,\"caption\":\"Source:\"},{\"@type\":\"BreadcrumbList\",\"@id\":\"https:\\\/\\\/www.meydan.tv\\\/az\\\/article\\\/meyxanacidan-antropoloq-xanima-sige-teklifi\\\/#breadcrumb\",\"itemListElement\":[{\"@type\":\"ListItem\",\"position\":1,\"name\":\"Ana s\u0259hif\u0259\",\"item\":\"https:\\\/\\\/www.meydan.tv\\\/az\\\/\"},{\"@type\":\"ListItem\",\"position\":2,\"name\":\"M\u0259nim Fikrimc\u0259\",\"item\":\"https:\\\/\\\/www.meydan.tv\\\/az\\\/section\\\/menim-fikrimce\\\/\"},{\"@type\":\"ListItem\",\"position\":3,\"name\":\"Meyxana\u00e7\u0131dan antropoloq xan\u0131ma sig\u0259 t\u0259klifi\"}]},{\"@type\":\"WebSite\",\"@id\":\"https:\\\/\\\/www.meydan.tv\\\/az\\\/#website\",\"url\":\"https:\\\/\\\/www.meydan.tv\\\/az\\\/\",\"name\":\"MEYDAN.TV\",\"description\":\"Meydan TV Az\u0259rbaycan\u0131n media m\u0259kan\u0131ndak\u0131 alternativ s\u0259sidir\",\"publisher\":{\"@id\":\"https:\\\/\\\/www.meydan.tv\\\/az\\\/#organization\"},\"potentialAction\":[{\"@type\":\"SearchAction\",\"target\":{\"@type\":\"EntryPoint\",\"urlTemplate\":\"https:\\\/\\\/www.meydan.tv\\\/az\\\/?s={search_term_string}\"},\"query-input\":{\"@type\":\"PropertyValueSpecification\",\"valueRequired\":true,\"valueName\":\"search_term_string\"}}],\"inLanguage\":\"az\"},{\"@type\":\"Organization\",\"@id\":\"https:\\\/\\\/www.meydan.tv\\\/az\\\/#organization\",\"name\":\"Meydan TV\",\"url\":\"https:\\\/\\\/www.meydan.tv\\\/az\\\/\",\"logo\":{\"@type\":\"ImageObject\",\"inLanguage\":\"az\",\"@id\":\"https:\\\/\\\/www.meydan.tv\\\/az\\\/#\\\/schema\\\/logo\\\/image\\\/\",\"url\":\"https:\\\/\\\/www.meydan.tv\\\/wp-content\\\/uploads\\\/2021\\\/07\\\/meydan-logo.svg\",\"contentUrl\":\"https:\\\/\\\/www.meydan.tv\\\/wp-content\\\/uploads\\\/2021\\\/07\\\/meydan-logo.svg\",\"width\":195,\"height\":46,\"caption\":\"Meydan TV\"},\"image\":{\"@id\":\"https:\\\/\\\/www.meydan.tv\\\/az\\\/#\\\/schema\\\/logo\\\/image\\\/\"}},{\"@type\":\"Person\",\"@id\":\"https:\\\/\\\/www.meydan.tv\\\/az\\\/#\\\/schema\\\/person\\\/10d11eccf6da3662cf5fdab9806ea91a\",\"name\":\"user-manager\"}]}<\/script>\n<!-- \/ Yoast SEO plugin. -->","yoast_head_json":{"title":"Meyxana\u00e7\u0131dan antropoloq xan\u0131ma sig\u0259 t\u0259klifi - MEYDAN.TV","robots":{"index":"index","follow":"follow","max-snippet":"max-snippet:-1","max-image-preview":"max-image-preview:large","max-video-preview":"max-video-preview:-1"},"canonical":"https:\/\/www.meydan.tv\/az\/article\/meyxanacidan-antropoloq-xanima-sige-teklifi\/","og_locale":"az_AZ","og_type":"article","og_title":"Meyxana\u00e7\u0131dan antropoloq xan\u0131ma sig\u0259 t\u0259klifi - MEYDAN.TV","og_description":"Onun \u00f6z\u00fcnd\u0259 d\u0259 az yoxdu...","og_url":"https:\/\/www.meydan.tv\/az\/article\/meyxanacidan-antropoloq-xanima-sige-teklifi\/","og_site_name":"MEYDAN.TV","article_published_time":"2015-06-25T23:57:03+00:00","og_image":[{"width":500,"height":500,"url":"https:\/\/www.meydan.tv\/wp-content\/uploads\/10271.png","type":"image\/png"}],"author":"user-manager","twitter_card":"summary_large_image","schema":{"@context":"https:\/\/schema.org","@graph":[{"@type":"Article","@id":"https:\/\/www.meydan.tv\/az\/article\/meyxanacidan-antropoloq-xanima-sige-teklifi\/#article","isPartOf":{"@id":"https:\/\/www.meydan.tv\/az\/article\/meyxanacidan-antropoloq-xanima-sige-teklifi\/"},"author":{"name":"user-manager","@id":"https:\/\/www.meydan.tv\/az\/#\/schema\/person\/10d11eccf6da3662cf5fdab9806ea91a"},"headline":"Meyxana\u00e7\u0131dan antropoloq xan\u0131ma sig\u0259 t\u0259klifi","datePublished":"2015-06-25T23:57:03+00:00","mainEntityOfPage":{"@id":"https:\/\/www.meydan.tv\/az\/article\/meyxanacidan-antropoloq-xanima-sige-teklifi\/"},"wordCount":830,"publisher":{"@id":"https:\/\/www.meydan.tv\/az\/#organization"},"image":{"@id":"https:\/\/www.meydan.tv\/az\/article\/meyxanacidan-antropoloq-xanima-sige-teklifi\/#primaryimage"},"thumbnailUrl":"https:\/\/www.meydan.tv\/wp-content\/uploads\/10271.png","articleSection":["M\u0259nim Fikrimc\u0259"],"inLanguage":"az"},{"@type":"WebPage","@id":"https:\/\/www.meydan.tv\/az\/article\/meyxanacidan-antropoloq-xanima-sige-teklifi\/","url":"https:\/\/www.meydan.tv\/az\/article\/meyxanacidan-antropoloq-xanima-sige-teklifi\/","name":"Meyxana\u00e7\u0131dan antropoloq xan\u0131ma sig\u0259 t\u0259klifi - MEYDAN.TV","isPartOf":{"@id":"https:\/\/www.meydan.tv\/az\/#website"},"primaryImageOfPage":{"@id":"https:\/\/www.meydan.tv\/az\/article\/meyxanacidan-antropoloq-xanima-sige-teklifi\/#primaryimage"},"image":{"@id":"https:\/\/www.meydan.tv\/az\/article\/meyxanacidan-antropoloq-xanima-sige-teklifi\/#primaryimage"},"thumbnailUrl":"https:\/\/www.meydan.tv\/wp-content\/uploads\/10271.png","datePublished":"2015-06-25T23:57:03+00:00","breadcrumb":{"@id":"https:\/\/www.meydan.tv\/az\/article\/meyxanacidan-antropoloq-xanima-sige-teklifi\/#breadcrumb"},"inLanguage":"az","potentialAction":[{"@type":"ReadAction","target":["https:\/\/www.meydan.tv\/az\/article\/meyxanacidan-antropoloq-xanima-sige-teklifi\/"]}]},{"@type":"ImageObject","inLanguage":"az","@id":"https:\/\/www.meydan.tv\/az\/article\/meyxanacidan-antropoloq-xanima-sige-teklifi\/#primaryimage","url":"https:\/\/www.meydan.tv\/wp-content\/uploads\/10271.png","contentUrl":"https:\/\/www.meydan.tv\/wp-content\/uploads\/10271.png","width":500,"height":500,"caption":"Source:"},{"@type":"BreadcrumbList","@id":"https:\/\/www.meydan.tv\/az\/article\/meyxanacidan-antropoloq-xanima-sige-teklifi\/#breadcrumb","itemListElement":[{"@type":"ListItem","position":1,"name":"Ana s\u0259hif\u0259","item":"https:\/\/www.meydan.tv\/az\/"},{"@type":"ListItem","position":2,"name":"M\u0259nim Fikrimc\u0259","item":"https:\/\/www.meydan.tv\/az\/section\/menim-fikrimce\/"},{"@type":"ListItem","position":3,"name":"Meyxana\u00e7\u0131dan antropoloq xan\u0131ma sig\u0259 t\u0259klifi"}]},{"@type":"WebSite","@id":"https:\/\/www.meydan.tv\/az\/#website","url":"https:\/\/www.meydan.tv\/az\/","name":"MEYDAN.TV","description":"Meydan TV Az\u0259rbaycan\u0131n media m\u0259kan\u0131ndak\u0131 alternativ s\u0259sidir","publisher":{"@id":"https:\/\/www.meydan.tv\/az\/#organization"},"potentialAction":[{"@type":"SearchAction","target":{"@type":"EntryPoint","urlTemplate":"https:\/\/www.meydan.tv\/az\/?s={search_term_string}"},"query-input":{"@type":"PropertyValueSpecification","valueRequired":true,"valueName":"search_term_string"}}],"inLanguage":"az"},{"@type":"Organization","@id":"https:\/\/www.meydan.tv\/az\/#organization","name":"Meydan TV","url":"https:\/\/www.meydan.tv\/az\/","logo":{"@type":"ImageObject","inLanguage":"az","@id":"https:\/\/www.meydan.tv\/az\/#\/schema\/logo\/image\/","url":"https:\/\/www.meydan.tv\/wp-content\/uploads\/2021\/07\/meydan-logo.svg","contentUrl":"https:\/\/www.meydan.tv\/wp-content\/uploads\/2021\/07\/meydan-logo.svg","width":195,"height":46,"caption":"Meydan TV"},"image":{"@id":"https:\/\/www.meydan.tv\/az\/#\/schema\/logo\/image\/"}},{"@type":"Person","@id":"https:\/\/www.meydan.tv\/az\/#\/schema\/person\/10d11eccf6da3662cf5fdab9806ea91a","name":"user-manager"}]}},"_links":{"self":[{"href":"https:\/\/www.meydan.tv\/az\/wp-json\/wp\/v2\/posts\/168647","targetHints":{"allow":["GET"]}}],"collection":[{"href":"https:\/\/www.meydan.tv\/az\/wp-json\/wp\/v2\/posts"}],"about":[{"href":"https:\/\/www.meydan.tv\/az\/wp-json\/wp\/v2\/types\/post"}],"author":[{"embeddable":true,"href":"https:\/\/www.meydan.tv\/az\/wp-json\/wp\/v2\/users\/11"}],"replies":[{"embeddable":true,"href":"https:\/\/www.meydan.tv\/az\/wp-json\/wp\/v2\/comments?post=168647"}],"version-history":[{"count":0,"href":"https:\/\/www.meydan.tv\/az\/wp-json\/wp\/v2\/posts\/168647\/revisions"}],"wp:featuredmedia":[{"embeddable":true,"href":"https:\/\/www.meydan.tv\/az\/wp-json\/wp\/v2\/media\/27887"}],"wp:attachment":[{"href":"https:\/\/www.meydan.tv\/az\/wp-json\/wp\/v2\/media?parent=168647"}],"wp:term":[{"taxonomy":"category","embeddable":true,"href":"https:\/\/www.meydan.tv\/az\/wp-json\/wp\/v2\/categories?post=168647"},{"taxonomy":"post_tag","embeddable":true,"href":"https:\/\/www.meydan.tv\/az\/wp-json\/wp\/v2\/tags?post=168647"}],"curies":[{"name":"wp","href":"https:\/\/api.w.org\/{rel}","templated":true}]}}