{"id":168629,"date":"2015-06-25T01:48:56","date_gmt":"2015-06-25T01:48:56","guid":{"rendered":"https:\/\/www.meydan.tv\/article\/men-islemek-isteyirem\/"},"modified":"2015-06-25T01:48:56","modified_gmt":"2015-06-25T01:48:56","slug":"men-islemek-isteyirem","status":"publish","type":"post","link":"https:\/\/www.meydan.tv\/az\/article\/men-islemek-isteyirem\/","title":{"rendered":"M\u0259n i\u015fl\u0259m\u0259k ist\u0259yir\u0259m"},"content":{"rendered":"<figure class=\"wp-block-image size-large\">\n  <img decoding=\"async\" src=\"https:\/\/www.meydan.tv\/az\/27773\/\" alt=\"\" class=\"wp-image-27773\"\/><figcaption><\/figcaption><\/figure>\n<figure class=\"wp-block-image size-large\">\n  <img decoding=\"async\" src=\"https:\/\/www.meydan.tv\/az\/27776\/\" alt=\"\" class=\"wp-image-27776\"\/><figcaption><\/figcaption><\/figure>\n<p>\n  Ax\u0131r\u0131nc\u0131 d\u0259f\u0259 n\u0259 vaxt normal istirah\u0259t etdiyim yad\u0131mda deyil. 10 ay \u0259vv\u0259l Kr\u0131mda m\u00fcalic\u0259 ald\u0131\u011f\u0131m\u0131 n\u0259z\u0259r\u0259 almasam&#8230; Kr\u0131ma da s\u0131rf m\u00fcalic\u0259 \u00fc\u00e7\u00fcn getmi\u015fdim. Ona istirah\u0259t dem\u0259k olmaz. G\u00fcn\u00fcm\u00fc a\u011f\u0131r v\u0259 \u00e7\u0259tin prosedurlarda ke\u00e7irirdim. \u015eikay\u0259t etmir\u0259m. Bunu \u00e7ox yax\u015f\u0131 qiym\u0259tl\u0259ndirir\u0259m \u0259slind\u0259. Sonucda fiziki m\u0259\u015fql\u0259r v\u0259 fizioterapiyalar say\u0259sind\u0259 sa\u011flaml\u0131\u011f\u0131m \u00fc\u00e7\u00fcn z\u0259hm\u0259t \u00e7\u0259kmi\u015f\u0259m. A\u011fla\u015fmaq kimi \u00e7\u0131xmas\u0131n, o vaxtdan b\u0259ri m\u00fcalic\u0259y\u0259 getm\u0259y\u0259 maddi imkan\u0131m yol vermir.<\/p>\n<p>  \u00d6lk\u0259mizd\u0259 normal m\u00fcalic\u0259 yeri yoxdur. Reabilitasiya m\u0259rk\u0259zl\u0259rinin binalar\u0131 q\u0259\u015f\u0259ngdir, h\u0259tta Kr\u0131mdak\u0131 sanatoriyadan. Amma g\u0259l ki, h\u0259min binalar\u0131n i\u00e7ind\u0259 pe\u015f\u0259kar h\u0259kim v\u0259 fizioterapevt-reabilitoloqlar yoxdur. M\u00fcalic\u0259 \u00fc\u00e7\u00fcn b\u0259zi tan\u0131\u015flar\u0131m\u0131n m\u0259nim \u00fc\u00e7\u00fcn \u201cxeyriyy\u0259\u201d kampaniyas\u0131 t\u0259klifl\u0259rind\u0259n n\u0259zak\u0259tl\u0259 imtina edir\u0259m. H\u0259tta televizora \u00e7\u0131xma\u011f\u0131 bel\u0259 t\u0259klif etmi\u015fdil\u0259r. Bu c\u00fcr \u015feyl\u0259rd\u0259n istifad\u0259 m\u0259nim \u00fc\u00e7\u00fcn q\u00fcrurumun tapdanmas\u0131 dem\u0259kdir. Ed\u0259nl\u0259ri q\u0131nam\u0131ram vallah. Sad\u0259c\u0259 m\u0259nim prinsipl\u0259rim\u0259 yadd\u0131r. He\u00e7 atamdan pul alma\u011fa \u00fcz\u00fcm g\u0259lmir \u0259lilliy\u0259 g\u00f6r\u0259 ald\u0131\u011f\u0131m sosial m\u00fcavinat\u0131m bit\u0259nd\u0259.<\/p>\n<p>  N\u0259s\u0259. Sizl\u0259ri \u00f6z \u015f\u0259xsi probleml\u0259riml\u0259 y\u00fckl\u0259m\u0259yim. Qay\u0131daq bayaqk\u0131 m\u0259tl\u0259b\u0259. \u018fm\u0259k f\u0259aliyy\u0259ti il\u0259 m\u0259\u015f\u011ful olan h\u0259r k\u0259sin istirah\u0259t h\u00fcququ Konstitusiya il\u0259 t\u0259sbit edilib. \u0130ndi sual yarana bil\u0259r \u201cay qarda\u015f, ay v\u0259t\u0259nda\u015f, s\u0259n d\u00f6vl\u0259t v\u0259 ya \u00f6z\u0259l sektor olsun, hardasa i\u015fl\u0259yirs\u0259n\u201d? \u201cYOX\u201d dey\u0259 cavab ver\u0259c\u0259m. Bu \u201cyox\u201d-u t\u0259nb\u0259llik, acizlik v\u0259 s\u0259ri\u015ft\u0259sizlik kimi q\u0259bul etm\u0259yin. Sad\u0259c\u0259 dar imkan v\u0259 resurs q\u0131tl\u0131\u011f\u0131 kimi n\u0259z\u0259r\u0259 al\u0131n. Niy\u0259? \u00c7\u00fcnki, \u0259lilliyim var! Yen\u0259 k\u0259nardan x\u0259yali olaraq,\u00a0 \u015fapalaq kimi suallar yap\u0131\u015fd\u0131r\u0131r m\u0259n\u0259: \u201c\u018flilliyin varsa, \u00f6z\u00fcn\u00fc i\u015f\u0259 verm\u0259m\u0259lis\u0259n, a\u011fl\u0131ndam\u0131 yoxdur, s\u0259n\u0259 ancaq g\u0259r\u0259k kims\u0259 \u201cbaxmal\u0131d\u0131r\u201d sona q\u0259d\u0259r?\u201d Dahi v\u0259 qa\u00e7\u0131lmaz suallard\u0131r m\u0259n\u0259 g\u00f6r\u0259. Cavabland\u0131rma\u011fa \u00e7al\u0131\u015f\u0131m.<\/p>\n<p>  Fiziki m\u0259hdudiyy\u0259tim olma\u011f\u0131na baxmayaraq, a\u011fl\u0131m yerind\u0259di. G\u0259z\u0259n vaxtlar\u0131mda iki il\u0259 yax\u0131n AKF-n\u0131n g\u0259ncl\u0259r m\u0259kt\u0259binin direktoru v\u0259zif\u0259sind\u0259 \u00e7al\u0131\u015fm\u0131\u015fam. Direktorluqdan \u0259lav\u0259 40-45 n\u0259f\u0259r\u0259 m\u0259\u015fqi d\u0259 \u00f6z\u00fcm ke\u00e7irdim. M\u0259ni \u0259n \u00e7ox sevindir\u0259n u\u011furlar\u0131 olub. H\u0259tta q\u0259za ke\u00e7irtdiyim il, m\u0259n evd\u0259, yataq \u015f\u0259raitind\u0259 olanda, Bak\u0131da ke\u00e7iril\u0259n yar\u0131\u015fmada t\u0259l\u0259b\u0259l\u0259rim f\u0259rql\u0259nm\u0259kl\u0259 \u00e7\u0131x\u0131\u015f etdikl\u0259ri \u00fc\u00e7\u00fcn federasiya m\u0259ni \u201cf\u0259xri m\u0259\u015fq\u00e7i\u201d ad\u0131 il\u0259 t\u0259ltif etdi. Inan\u0131n, m\u0259\u015fq\u00e7ilikl\u0259 he\u00e7 d\u0259 pis qazanm\u0131rd\u0131m. T\u0259l\u0259b\u0259 idim v\u0259 h\u0259min pulnan \u00f6z\u00fcm\u00fc doland\u0131ra bilirdim.<\/p>\n<p>  Daha \u00e7ox pula ehtiyac\u0131m oldu\u011fu vaxtlarda ofisantl\u0131q edirdim. Yas m\u0259clisl\u0259ri \u00fc\u00e7\u00fcn \u00e7ad\u0131rlar\u0131 y\u0131\u011f\u0131b-s\u00f6k\u00fcrd\u00fcm. Bunlarla b\u0259rab\u0259r kompyuter bilikl\u0259mi art\u0131r\u0131b, \u0259lav\u0259 olaraq alman dili kursuna gedirdim ki, t\u0259hsilimi Almaniyada davam etdirim. G\u0259l\u0259c\u0259kd\u0259 m\u0259ni b\u00f6y\u00fck perspektivl\u0259r g\u00f6zl\u0259yirdi. Ke\u00e7irtdiyim q\u0259za is\u0259 bunlar\u0131 yar\u0131m\u00e7\u0131q qoyma\u011f\u0131ma s\u0259b\u0259b oldu. Indi buna g\u00f6r\u0259 b\u00f6y\u00fck t\u0259\u0259ss\u00fcf ya\u015fam\u0131ram. H\u0259yat m\u0259nim \u00fc\u00e7\u00fcn davam edir. \u018flillik qazanandan sonra is\u0259 \u201cWorld Capoeira Federation\u201d (D\u00fcnya Kapoeyra Federasiyas\u0131nda) v\u0259 Az\u0259rbaycan Kiok\u015finkay Federasiyalar\u0131n\u0131n d\u00fcnya \u00e7empionat\u0131 ke\u00e7iril\u0259c\u0259k \u0259r\u0259f\u0259sind\u0259 xarici \u00f6lk\u0259l\u0259rl\u0259 ilgili \u0259laq\u0259l\u0259ndirici katib v\u0259zif\u0259sind\u0259 \u00e7al\u0131\u015fm\u0131\u015fam. QHT, h\u00f6k\u00fcm\u0259t, media n\u00fcmay\u0259nd\u0259l\u0259rin\u0259 v\u0259 \u0259lilliyi olan insanlara h\u00f6k\u00fcm\u0259timizin ratifikasiya etdiyi, BMT-d\u0259 n\u0259z\u0259rd\u0259 tutulmu\u015f inkluziyaya aid t\u0259liml\u0259r ke\u00e7mi\u015f\u0259m. \u00dcmid edir\u0259m, cavab\u0131m qaneedicidir. Bu g\u00fcn is\u0259 \u0259lilliyim\u0259 g\u00f6r\u0259 normal i\u015f tapa bilmir\u0259m.<\/p>\n<p>  Qay\u0131daq istirah\u0259t m\u0259s\u0259l\u0259sin\u0259. Bu g\u00fcn \u00f6lk\u0259mizd\u0259 d\u00f6vl\u0259t sifari\u015fi il\u0259 \u0259ililliyi olan insanlar \u00fc\u00e7\u00fcn tikil\u0259n evl\u0259r z\u0259bt olunub, ba\u015fqalar\u0131na sat\u0131l\u0131r. Torpaq \u0259lilliyi olan insanlar\u0131n ad\u0131na s\u0259n\u0259dl\u0259\u015fdirilib, m\u0259murlar\u0131n m\u00fclkiyy\u0259tin\u0259 verilir, h\u0259tta reabilitasiya m\u0259rk\u0259zl\u0259ri v\u0259 m\u0259hz \u0259lilliyi olan insanlar\u0131n ayr\u0131-ayr\u0131 rayonlarda xidm\u0259t g\u00f6st\u0259r\u0259n istirah\u0259t m\u0259rk\u0259zl\u0259ri d\u0259 el\u0259 s\u00f6z\u00fcged\u0259n xidm\u0259t qurumlar\u0131n\u0131n g\u0259lir obyektin\u0259 \u00e7evrilir. Nabranda bir ne\u015f\u0259 milyon manatl\u0131q d\u0259y\u0259ri olan istirah\u0259t m\u0259rk\u0259zi bu yax\u0131n ill\u0259rd\u0259 \u00f6z\u0259ll\u0259\u015fdirildi. Bunlar, h\u0259l\u0259 bildikl\u0259rimdir.<\/p>\n<p>  \u018flilliyi olan bir q\u0131z tan\u0131\u015f\u0131m ax\u0131r\u0131nc\u0131 d\u0259f\u0259 Q\u0259b\u0259l\u0259d\u0259 \u0259lilliyi olan insanlar \u00fc\u00e7\u00fcn n\u0259z\u0259rd\u0259 tutulan istirah\u0259t m\u0259rk\u0259zind\u0259 dinc\u0259lmi\u015fdi. H\u0259min xan\u0131m\u0131n ba\u015f-beyin travmas\u0131 var v\u0259 \u00e7\u0259tinlikl\u0259 olsa da, kimins\u0259 k\u00f6m\u0259yi olmadan\u00a0 yeriy\u0259 bilir. O, m\u0259n\u0259 bildirdi ki, yerim\u0259yin\u0259 baxmayaraq, h\u0259min istirah\u0259t m\u0259rk\u0259zind\u0259 b\u00f6y\u00fck pill\u0259k\u0259nl\u0259r v\u0259 dar giri\u015f \u00e7\u0131x\u0131\u015f var ki, bunlar da \u0259lil arabas\u0131 istifad\u0259\u00e7il\u0259ri \u00fc\u00e7\u00fcn m\u00fc\u0259ss\u0259r deyil. Ordak\u0131 \u015f\u0259rait onun \u00fcr\u0259yinc\u0259 olmay\u0131b. M\u0259n is\u0259 \u00f6z\u00fcm\u00fc orda he\u00e7 t\u0259s\u0259vv\u00fcr ed\u0259 bilmir\u0259m.\n<\/p>\n<p>\n  M\u0259n normal v\u0259t\u0259nda\u015f v\u0259 \u0259lilliyi olan insan kimi, torpa\u011f\u0131m\u0131z\u0131n biz\u0259 b\u0259x\u015f etdiyi t\u0259bii s\u0259rv\u0259tl\u0259r hesab\u0131na d\u00f6vl\u0259t b\u00fcdc\u0259sini dolduran pullarla, \u00f6z pay\u0131ma istirah\u0259t etm\u0259k ist\u0259yir\u0259m. Bu m\u0259nim \u0259n t\u0259bii haqq\u0131md\u0131r. M\u0259n i\u015fl\u0259m\u0259k v\u0259 normal v\u0259t\u0259nda\u015f kimi vergi \u00f6d\u0259yicisi olmaq ist\u0259yir\u0259m. Bu da, m\u0259nim haqq\u0131md\u0131r. Haqq\u0131ma gir\u0259nl\u0259ri \u0259sla ba\u011f\u0131\u015flamayacam.\n<\/p>\n<p>\n  <b><br \/>\n    Yaz\u0131dak\u0131 fikirl\u0259r m\u00fc\u0259llif\u0259 m\u0259xsusdur v\u0259 onlara g\u00f6r\u0259 Meydan TV m\u0259suliyy\u0259t da\u015f\u0131m\u0131r.<br \/>\n  <\/b><\/p>\n","protected":false},"excerpt":{"rendered":"<p>\u0130stirah\u0259t etm\u0259k ist\u0259yir\u0259m, bu da m\u0259nim haqq\u0131md\u0131r<\/p>\n","protected":false},"author":11,"featured_media":27773,"comment_status":"closed","ping_status":"open","sticky":false,"template":"","format":"standard","meta":{"_acf_changed":false,"_sitemap_exclude":false,"_sitemap_priority":"","_sitemap_frequency":"","footnotes":""},"categories":[57],"tags":[],"class_list":["post-168629","post","type-post","status-publish","format-standard","has-post-thumbnail","hentry","category-menim-fikrimce","infinite-scroll-item","generate-columns","tablet-grid-50","mobile-grid-100","grid-parent","grid-33","no-featured-image-padding"],"acf":[],"yoast_head":"<!-- This site is optimized with the Yoast SEO plugin v27.5 - https:\/\/yoast.com\/product\/yoast-seo-wordpress\/ -->\n<title>M\u0259n i\u015fl\u0259m\u0259k ist\u0259yir\u0259m - MEYDAN.TV<\/title>\n<meta name=\"robots\" content=\"index, follow, max-snippet:-1, max-image-preview:large, max-video-preview:-1\" \/>\n<link rel=\"canonical\" href=\"https:\/\/www.meydan.tv\/az\/article\/men-islemek-isteyirem\/\" \/>\n<meta property=\"og:locale\" content=\"az_AZ\" \/>\n<meta property=\"og:type\" content=\"article\" \/>\n<meta property=\"og:title\" content=\"M\u0259n i\u015fl\u0259m\u0259k ist\u0259yir\u0259m - MEYDAN.TV\" \/>\n<meta property=\"og:description\" content=\"\u0130stirah\u0259t etm\u0259k ist\u0259yir\u0259m, bu da m\u0259nim haqq\u0131md\u0131r\" \/>\n<meta property=\"og:url\" content=\"https:\/\/www.meydan.tv\/az\/article\/men-islemek-isteyirem\/\" \/>\n<meta property=\"og:site_name\" content=\"MEYDAN.TV\" \/>\n<meta property=\"article:published_time\" content=\"2015-06-25T01:48:56+00:00\" \/>\n<meta property=\"og:image\" content=\"https:\/\/www.meydan.tv\/wp-content\/uploads\/10251.jpg\" \/>\n\t<meta property=\"og:image:width\" content=\"500\" \/>\n\t<meta property=\"og:image:height\" content=\"500\" \/>\n\t<meta property=\"og:image:type\" content=\"image\/jpeg\" \/>\n<meta name=\"author\" content=\"user-manager\" \/>\n<meta name=\"twitter:card\" content=\"summary_large_image\" \/>\n<script type=\"application\/ld+json\" class=\"yoast-schema-graph\">{\"@context\":\"https:\\\/\\\/schema.org\",\"@graph\":[{\"@type\":\"Article\",\"@id\":\"https:\\\/\\\/www.meydan.tv\\\/az\\\/article\\\/men-islemek-isteyirem\\\/#article\",\"isPartOf\":{\"@id\":\"https:\\\/\\\/www.meydan.tv\\\/az\\\/article\\\/men-islemek-isteyirem\\\/\"},\"author\":{\"name\":\"user-manager\",\"@id\":\"https:\\\/\\\/www.meydan.tv\\\/az\\\/#\\\/schema\\\/person\\\/10d11eccf6da3662cf5fdab9806ea91a\"},\"headline\":\"M\u0259n i\u015fl\u0259m\u0259k ist\u0259yir\u0259m\",\"datePublished\":\"2015-06-25T01:48:56+00:00\",\"mainEntityOfPage\":{\"@id\":\"https:\\\/\\\/www.meydan.tv\\\/az\\\/article\\\/men-islemek-isteyirem\\\/\"},\"wordCount\":1064,\"publisher\":{\"@id\":\"https:\\\/\\\/www.meydan.tv\\\/az\\\/#organization\"},\"image\":{\"@id\":\"https:\\\/\\\/www.meydan.tv\\\/az\\\/article\\\/men-islemek-isteyirem\\\/#primaryimage\"},\"thumbnailUrl\":\"https:\\\/\\\/www.meydan.tv\\\/wp-content\\\/uploads\\\/10251.jpg\",\"articleSection\":[\"M\u0259nim Fikrimc\u0259\"],\"inLanguage\":\"az\"},{\"@type\":\"WebPage\",\"@id\":\"https:\\\/\\\/www.meydan.tv\\\/az\\\/article\\\/men-islemek-isteyirem\\\/\",\"url\":\"https:\\\/\\\/www.meydan.tv\\\/az\\\/article\\\/men-islemek-isteyirem\\\/\",\"name\":\"M\u0259n i\u015fl\u0259m\u0259k ist\u0259yir\u0259m - MEYDAN.TV\",\"isPartOf\":{\"@id\":\"https:\\\/\\\/www.meydan.tv\\\/az\\\/#website\"},\"primaryImageOfPage\":{\"@id\":\"https:\\\/\\\/www.meydan.tv\\\/az\\\/article\\\/men-islemek-isteyirem\\\/#primaryimage\"},\"image\":{\"@id\":\"https:\\\/\\\/www.meydan.tv\\\/az\\\/article\\\/men-islemek-isteyirem\\\/#primaryimage\"},\"thumbnailUrl\":\"https:\\\/\\\/www.meydan.tv\\\/wp-content\\\/uploads\\\/10251.jpg\",\"datePublished\":\"2015-06-25T01:48:56+00:00\",\"breadcrumb\":{\"@id\":\"https:\\\/\\\/www.meydan.tv\\\/az\\\/article\\\/men-islemek-isteyirem\\\/#breadcrumb\"},\"inLanguage\":\"az\",\"potentialAction\":[{\"@type\":\"ReadAction\",\"target\":[\"https:\\\/\\\/www.meydan.tv\\\/az\\\/article\\\/men-islemek-isteyirem\\\/\"]}]},{\"@type\":\"ImageObject\",\"inLanguage\":\"az\",\"@id\":\"https:\\\/\\\/www.meydan.tv\\\/az\\\/article\\\/men-islemek-isteyirem\\\/#primaryimage\",\"url\":\"https:\\\/\\\/www.meydan.tv\\\/wp-content\\\/uploads\\\/10251.jpg\",\"contentUrl\":\"https:\\\/\\\/www.meydan.tv\\\/wp-content\\\/uploads\\\/10251.jpg\",\"width\":500,\"height\":500,\"caption\":\"Source:\"},{\"@type\":\"BreadcrumbList\",\"@id\":\"https:\\\/\\\/www.meydan.tv\\\/az\\\/article\\\/men-islemek-isteyirem\\\/#breadcrumb\",\"itemListElement\":[{\"@type\":\"ListItem\",\"position\":1,\"name\":\"Ana s\u0259hif\u0259\",\"item\":\"https:\\\/\\\/www.meydan.tv\\\/az\\\/\"},{\"@type\":\"ListItem\",\"position\":2,\"name\":\"M\u0259nim Fikrimc\u0259\",\"item\":\"https:\\\/\\\/www.meydan.tv\\\/az\\\/section\\\/menim-fikrimce\\\/\"},{\"@type\":\"ListItem\",\"position\":3,\"name\":\"M\u0259n i\u015fl\u0259m\u0259k ist\u0259yir\u0259m\"}]},{\"@type\":\"WebSite\",\"@id\":\"https:\\\/\\\/www.meydan.tv\\\/az\\\/#website\",\"url\":\"https:\\\/\\\/www.meydan.tv\\\/az\\\/\",\"name\":\"MEYDAN.TV\",\"description\":\"Meydan TV Az\u0259rbaycan\u0131n media m\u0259kan\u0131ndak\u0131 alternativ s\u0259sidir\",\"publisher\":{\"@id\":\"https:\\\/\\\/www.meydan.tv\\\/az\\\/#organization\"},\"potentialAction\":[{\"@type\":\"SearchAction\",\"target\":{\"@type\":\"EntryPoint\",\"urlTemplate\":\"https:\\\/\\\/www.meydan.tv\\\/az\\\/?s={search_term_string}\"},\"query-input\":{\"@type\":\"PropertyValueSpecification\",\"valueRequired\":true,\"valueName\":\"search_term_string\"}}],\"inLanguage\":\"az\"},{\"@type\":\"Organization\",\"@id\":\"https:\\\/\\\/www.meydan.tv\\\/az\\\/#organization\",\"name\":\"Meydan TV\",\"url\":\"https:\\\/\\\/www.meydan.tv\\\/az\\\/\",\"logo\":{\"@type\":\"ImageObject\",\"inLanguage\":\"az\",\"@id\":\"https:\\\/\\\/www.meydan.tv\\\/az\\\/#\\\/schema\\\/logo\\\/image\\\/\",\"url\":\"https:\\\/\\\/www.meydan.tv\\\/wp-content\\\/uploads\\\/2021\\\/07\\\/meydan-logo.svg\",\"contentUrl\":\"https:\\\/\\\/www.meydan.tv\\\/wp-content\\\/uploads\\\/2021\\\/07\\\/meydan-logo.svg\",\"width\":195,\"height\":46,\"caption\":\"Meydan TV\"},\"image\":{\"@id\":\"https:\\\/\\\/www.meydan.tv\\\/az\\\/#\\\/schema\\\/logo\\\/image\\\/\"}},{\"@type\":\"Person\",\"@id\":\"https:\\\/\\\/www.meydan.tv\\\/az\\\/#\\\/schema\\\/person\\\/10d11eccf6da3662cf5fdab9806ea91a\",\"name\":\"user-manager\"}]}<\/script>\n<!-- \/ Yoast SEO plugin. -->","yoast_head_json":{"title":"M\u0259n i\u015fl\u0259m\u0259k ist\u0259yir\u0259m - MEYDAN.TV","robots":{"index":"index","follow":"follow","max-snippet":"max-snippet:-1","max-image-preview":"max-image-preview:large","max-video-preview":"max-video-preview:-1"},"canonical":"https:\/\/www.meydan.tv\/az\/article\/men-islemek-isteyirem\/","og_locale":"az_AZ","og_type":"article","og_title":"M\u0259n i\u015fl\u0259m\u0259k ist\u0259yir\u0259m - MEYDAN.TV","og_description":"\u0130stirah\u0259t etm\u0259k ist\u0259yir\u0259m, bu da m\u0259nim haqq\u0131md\u0131r","og_url":"https:\/\/www.meydan.tv\/az\/article\/men-islemek-isteyirem\/","og_site_name":"MEYDAN.TV","article_published_time":"2015-06-25T01:48:56+00:00","og_image":[{"width":500,"height":500,"url":"https:\/\/www.meydan.tv\/wp-content\/uploads\/10251.jpg","type":"image\/jpeg"}],"author":"user-manager","twitter_card":"summary_large_image","schema":{"@context":"https:\/\/schema.org","@graph":[{"@type":"Article","@id":"https:\/\/www.meydan.tv\/az\/article\/men-islemek-isteyirem\/#article","isPartOf":{"@id":"https:\/\/www.meydan.tv\/az\/article\/men-islemek-isteyirem\/"},"author":{"name":"user-manager","@id":"https:\/\/www.meydan.tv\/az\/#\/schema\/person\/10d11eccf6da3662cf5fdab9806ea91a"},"headline":"M\u0259n i\u015fl\u0259m\u0259k ist\u0259yir\u0259m","datePublished":"2015-06-25T01:48:56+00:00","mainEntityOfPage":{"@id":"https:\/\/www.meydan.tv\/az\/article\/men-islemek-isteyirem\/"},"wordCount":1064,"publisher":{"@id":"https:\/\/www.meydan.tv\/az\/#organization"},"image":{"@id":"https:\/\/www.meydan.tv\/az\/article\/men-islemek-isteyirem\/#primaryimage"},"thumbnailUrl":"https:\/\/www.meydan.tv\/wp-content\/uploads\/10251.jpg","articleSection":["M\u0259nim Fikrimc\u0259"],"inLanguage":"az"},{"@type":"WebPage","@id":"https:\/\/www.meydan.tv\/az\/article\/men-islemek-isteyirem\/","url":"https:\/\/www.meydan.tv\/az\/article\/men-islemek-isteyirem\/","name":"M\u0259n i\u015fl\u0259m\u0259k ist\u0259yir\u0259m - MEYDAN.TV","isPartOf":{"@id":"https:\/\/www.meydan.tv\/az\/#website"},"primaryImageOfPage":{"@id":"https:\/\/www.meydan.tv\/az\/article\/men-islemek-isteyirem\/#primaryimage"},"image":{"@id":"https:\/\/www.meydan.tv\/az\/article\/men-islemek-isteyirem\/#primaryimage"},"thumbnailUrl":"https:\/\/www.meydan.tv\/wp-content\/uploads\/10251.jpg","datePublished":"2015-06-25T01:48:56+00:00","breadcrumb":{"@id":"https:\/\/www.meydan.tv\/az\/article\/men-islemek-isteyirem\/#breadcrumb"},"inLanguage":"az","potentialAction":[{"@type":"ReadAction","target":["https:\/\/www.meydan.tv\/az\/article\/men-islemek-isteyirem\/"]}]},{"@type":"ImageObject","inLanguage":"az","@id":"https:\/\/www.meydan.tv\/az\/article\/men-islemek-isteyirem\/#primaryimage","url":"https:\/\/www.meydan.tv\/wp-content\/uploads\/10251.jpg","contentUrl":"https:\/\/www.meydan.tv\/wp-content\/uploads\/10251.jpg","width":500,"height":500,"caption":"Source:"},{"@type":"BreadcrumbList","@id":"https:\/\/www.meydan.tv\/az\/article\/men-islemek-isteyirem\/#breadcrumb","itemListElement":[{"@type":"ListItem","position":1,"name":"Ana s\u0259hif\u0259","item":"https:\/\/www.meydan.tv\/az\/"},{"@type":"ListItem","position":2,"name":"M\u0259nim Fikrimc\u0259","item":"https:\/\/www.meydan.tv\/az\/section\/menim-fikrimce\/"},{"@type":"ListItem","position":3,"name":"M\u0259n i\u015fl\u0259m\u0259k ist\u0259yir\u0259m"}]},{"@type":"WebSite","@id":"https:\/\/www.meydan.tv\/az\/#website","url":"https:\/\/www.meydan.tv\/az\/","name":"MEYDAN.TV","description":"Meydan TV Az\u0259rbaycan\u0131n media m\u0259kan\u0131ndak\u0131 alternativ s\u0259sidir","publisher":{"@id":"https:\/\/www.meydan.tv\/az\/#organization"},"potentialAction":[{"@type":"SearchAction","target":{"@type":"EntryPoint","urlTemplate":"https:\/\/www.meydan.tv\/az\/?s={search_term_string}"},"query-input":{"@type":"PropertyValueSpecification","valueRequired":true,"valueName":"search_term_string"}}],"inLanguage":"az"},{"@type":"Organization","@id":"https:\/\/www.meydan.tv\/az\/#organization","name":"Meydan TV","url":"https:\/\/www.meydan.tv\/az\/","logo":{"@type":"ImageObject","inLanguage":"az","@id":"https:\/\/www.meydan.tv\/az\/#\/schema\/logo\/image\/","url":"https:\/\/www.meydan.tv\/wp-content\/uploads\/2021\/07\/meydan-logo.svg","contentUrl":"https:\/\/www.meydan.tv\/wp-content\/uploads\/2021\/07\/meydan-logo.svg","width":195,"height":46,"caption":"Meydan TV"},"image":{"@id":"https:\/\/www.meydan.tv\/az\/#\/schema\/logo\/image\/"}},{"@type":"Person","@id":"https:\/\/www.meydan.tv\/az\/#\/schema\/person\/10d11eccf6da3662cf5fdab9806ea91a","name":"user-manager"}]}},"_links":{"self":[{"href":"https:\/\/www.meydan.tv\/az\/wp-json\/wp\/v2\/posts\/168629","targetHints":{"allow":["GET"]}}],"collection":[{"href":"https:\/\/www.meydan.tv\/az\/wp-json\/wp\/v2\/posts"}],"about":[{"href":"https:\/\/www.meydan.tv\/az\/wp-json\/wp\/v2\/types\/post"}],"author":[{"embeddable":true,"href":"https:\/\/www.meydan.tv\/az\/wp-json\/wp\/v2\/users\/11"}],"replies":[{"embeddable":true,"href":"https:\/\/www.meydan.tv\/az\/wp-json\/wp\/v2\/comments?post=168629"}],"version-history":[{"count":0,"href":"https:\/\/www.meydan.tv\/az\/wp-json\/wp\/v2\/posts\/168629\/revisions"}],"wp:featuredmedia":[{"embeddable":true,"href":"https:\/\/www.meydan.tv\/az\/wp-json\/wp\/v2\/media\/27773"}],"wp:attachment":[{"href":"https:\/\/www.meydan.tv\/az\/wp-json\/wp\/v2\/media?parent=168629"}],"wp:term":[{"taxonomy":"category","embeddable":true,"href":"https:\/\/www.meydan.tv\/az\/wp-json\/wp\/v2\/categories?post=168629"},{"taxonomy":"post_tag","embeddable":true,"href":"https:\/\/www.meydan.tv\/az\/wp-json\/wp\/v2\/tags?post=168629"}],"curies":[{"name":"wp","href":"https:\/\/api.w.org\/{rel}","templated":true}]}}