{"id":168628,"date":"2015-06-25T01:44:31","date_gmt":"2015-06-25T01:44:31","guid":{"rendered":"https:\/\/www.meydan.tv\/article\/konullu-qefese-girmek-istedim\/"},"modified":"2015-06-25T01:44:31","modified_gmt":"2015-06-25T01:44:31","slug":"konullu-qefese-girmek-istedim","status":"publish","type":"post","link":"https:\/\/www.meydan.tv\/az\/article\/konullu-qefese-girmek-istedim\/","title":{"rendered":"K\u00f6n\u00fcll\u00fc q\u0259f\u0259s\u0259 girm\u0259k ist\u0259dim"},"content":{"rendered":"<figure class=\"wp-block-image size-large\">\n  <img decoding=\"async\" src=\"https:\/\/www.meydan.tv\/az\/27565\/\" alt=\"\" class=\"wp-image-27565\"\/><figcaption><\/figcaption><\/figure>\n<figure class=\"wp-block-image size-large\">\n  <img decoding=\"async\" src=\"https:\/\/www.meydan.tv\/az\/27568\/\" alt=\"\" class=\"wp-image-27568\"\/><figcaption><\/figcaption><\/figure>\n<p>\n  Nec\u0259 vaxtd\u0131r u\u015faqlar m\u0259cazi m\u0259nada (hans\u0131 m\u0259nada yazd\u0131\u011f\u0131n\u0131 g\u0259r\u0259k m\u00fctl\u0259q qeyd ed\u0259s\u0259n ) yaxamdan yap\u0131\u015f\u0131b el\u0259 hey \u201cbizi zooparka apar\u201d, \u201cbizi zooparka apar\u201d deyirdil\u0259r. Aparmaq ist\u0259yirdim. He\u00e7 c\u00fcr\u0259 al\u0131nm\u0131rd\u0131. Gah m\u0259n Bak\u0131da olmurdum, gah da u\u015faqlar\u0131n vaxt\u0131 olmurdu. M\u0259kt\u0259b\u0259 gedirdil\u0259r. N\u0259hay\u0259t, q\u0259tiyy\u0259t g\u00f6st\u0259rdim. Biz \u00f6t\u0259n ay bir bazar g\u00fcn\u00fc zooparka t\u0259r\u0259f \u00fcz tutduq. \u201cG\u0259nclik\u201d metrosundan \u00e7\u0131xanda, \u00e7a\u015f\u0131b qald\u0131m. Burada o q\u0259d\u0259r d\u0259yi\u015fiklikl\u0259r ba\u015f vermi\u015fdi ki, hans\u0131 s\u0259mt\u0259 ged\u0259c\u0259yimi m\u00fc\u0259yy\u0259n ed\u0259 bilm\u0259dim. Son ill\u0259r \u00f6lk\u0259mizd\u0259 apar\u0131lan tikinti, quruculuq, abadl\u0131q i\u015fl\u0259rinin \u00e7ox geni\u015f v\u00fcs\u0259t almas\u0131 n\u0259tic\u0259sind\u0259 \u0259vv\u0259ll\u0259r \u00a0yax\u015f\u0131 tan\u0131d\u0131\u011f\u0131n yerd\u0259 \u00e7a\u015f\u0131b qal\u0131rsan, \u015fair demi\u015fk\u0259n, bilmirs\u0259n haraya, hayana ged\u0259s\u0259n.\n<\/p>\n<p>\n  M\u0259n d\u0259 bel\u0259 bir v\u0259ziyy\u0259t\u0259 d\u00fc\u015fd\u00fcm. U\u015faqlar\u0131n yan\u0131nda p\u0259rt olmu\u015fdum. V\u0259ziyy\u0259td\u0259n \u00e7\u0131xmaq \u00fc\u00e7\u00fcn ba\u015flad\u0131m bu m\u00f6vzuda dan\u0131\u015fma\u011fa. Dedim ki, u\u015faqlar, buralar\u0131 \u0259vv\u0259l yax\u015f\u0131 tan\u0131y\u0131rd\u0131m. \u0130ndi bura d\u0259yi\u015fib. H\u0259tta \u0259vv\u0259l buran\u0131 yax\u015f\u0131 tan\u0131d\u0131\u011f\u0131m\u0131 s\u00fcbut etm\u0259k xeyrin\u0259 bir-iki \u0259hvalat dan\u0131\u015fd\u0131m. Bir n\u0259f\u0259r ma\u015f\u0131n\u0131n \u015f\u00fc\u015f\u0259l\u0259rini silirdi. Yax\u0131nla\u015fd\u0131m bu adama. \u018fd\u0259b-\u0259rkanla salamla\u015fd\u0131m. Dedim:\n<\/p>\n<p>\n  &#8211; H\u0259r vaxt\u0131n\u0131z xeyir olsun.\n<\/p>\n<p>\n  &#8211; Salam-\u0259leyk\u00fcm.\n<\/p>\n<p>\n  N\u0259d\u0259ns\u0259 bu adamdan \u00a0zoopark\u0131n yerini birba\u015fa soru\u015fmaq ist\u0259m\u0259dim. Dem\u0259dim, zoopark hans\u0131 t\u0259r\u0259fd\u0259di, ora nec\u0259 getm\u0259k olar? Dedim, \u0259vv\u0259ll\u0259r buran\u0131 yax\u015f\u0131 tan\u0131y\u0131rd\u0131m. \u0130ndi \u00e7ox d\u0259yi\u015fib buralar. Adam s\u00f6z\u00fcm\u00fc k\u0259sdi. \u0130mkan verm\u0259di oralar\u0131n d\u0259yi\u015fm\u0259sind\u0259n dan\u0131\u015fam. M\u0259n d\u0259 zoopark\u0131n yerini soru\u015fdum. Dedi ki, bel\u0259 get, qar\u015f\u0131na g\u00f6l \u00e7\u0131xacaq, ist\u0259s\u0259n g\u00f6l\u00fcn ba\u015f\u0131na f\u0131rlanarsan, ist\u0259s\u0259n yan\u0131ndan d\u00fcz ged\u0259rs\u0259n. Orda soru\u015f, dey\u0259c\u0259kl\u0259r.\n<\/p>\n<p>\n  Xeyli vaxt onun s\u00f6z\u00fc beynimd\u0259 f\u0131rland\u0131. Bu n\u0259 q\u044drib\u0259 s\u00f6z idi? \u0130st\u0259s\u0259n, g\u00f6l\u00fcn ba\u015f\u0131na f\u0131rlanarsan, ist\u0259s\u0259n, yan\u0131ndan d\u00fcz ged\u0259rs\u0259n. Na\u011f\u0131l dili y\u00fcyr\u0259k olar. G\u0259lib \u00e7atd\u0131q zooparka. Susuzlam\u0131\u015fd\u0131m. H\u0259m d\u0259 ac idim. U\u015faqlara dedim, bir st\u0259kan \u00e7ay i\u00e7\u0259k. Sonra gir\u0259rik zooparka. \u00c7ay sifari\u015f verdik. Pe\u00e7enye v\u0259 rulet d\u0259 ald\u0131m. U\u015faqlar heyvanlara do\u011fru can at\u0131rd\u0131lar. Onlar\u0131n narahat\u00e7\u0131l\u0131\u011f\u0131na fikir verm\u0259dim. \u00c7ay\u0131m\u0131z\u0131 i\u00e7dik. Pe\u00e7enyel\u0259ri yedim.\n<\/p>\n<p>\n  Getdik heyvanlar\u0131n yan\u0131na. Ka\u015f, getm\u0259y\u0259ydik. Zooparkda h\u0259ngam\u0259 vard\u0131. Hardansa avtobuslarla u\u015faqlar g\u0259lmi\u015fdi. U\u015faqlar\u0131n ba\u015f\u0131n\u0131n \u00fcst\u00fcnd\u0259 \u00a0h\u0259m analar, h\u0259m d\u0259 m\u00fc\u0259llim\u0259l\u0259r dayanm\u0131\u015fd\u0131&#8230; \u00c7\u00fcnki aralar\u0131nda qad\u0131nlara h\u0259m \u201cm\u00fc\u0259llim\u0259\u201d dey\u0259nl\u0259r d\u0259 vard\u0131, \u201cmama\u201d, \u201cana\u201d dey\u0259nl\u0259r d\u0259. Dig\u0259r t\u0259r\u0259fd\u0259n davran\u0131\u015flar da burda h\u0259m ana, h\u0259m d\u0259 m\u00fc\u0259llim\u0259 oldu\u011funu \u00a0g\u00f6st\u0259rirdi. U\u015faqlar \u00f6zl\u0259rini \u00e7ox pis apar\u0131rd\u0131lar. D\u0259li kimi ora-bura qa\u00e7\u0131\u015f\u0131r, q\u0131\u015fq\u0131r\u0131\u015f\u0131r, bir-birl\u0259rini didirdil\u0259r, heyvanlara qar\u015f\u0131 is\u0259 q\u0259rib\u0259 m\u00fcnasib\u0259t g\u00f6st\u0259rirdil\u0259r. H\u0259tta iki u\u015faq heyvanlar\u0131n \u00fcz\u00fcn\u0259 t\u00fcp\u00fcrd\u00fc. U\u015faqlar q\u0259f\u0259s\u0259 yax\u0131nla\u015fd\u0131lar. Heyvan da u\u015faqlara yax\u0131nla\u015fd\u0131 v\u0259 bu zaman u\u015faqlar onun \u00fcz\u00fcn\u0259 t\u00fcp\u00fcrd\u00fcl\u0259r.\n<\/p>\n<p>\n  Bu m\u0259nz\u0259r\u0259 m\u0259n\u0259 pis t\u0259sir etdi. M\u00fc\u0259llim\u0259l\u0259r v\u0259 analar is\u0259 ancaq \u015f\u0259kill\u0259r \u00e7\u0259kdirirdil\u0259r. H\u0259rd\u0259n bir d\u0259 u\u015faqlar\u0131n \u00fcst\u00fcn\u0259 q\u0131\u015fq\u0131r\u0131rd\u0131lar. M\u00fc\u0259llim\u0259l\u0259r he\u00e7 d\u0259 m\u00fc\u0259llim\u0259l\u0259r\u0259 ox\u015fam\u0131rd\u0131lar. M\u0259s\u0259l\u0259n, k\u00fc\u00e7\u0259d\u0259 onlar\u0131 g\u00f6rs\u0259n, a\u011fl\u0131na g\u0259lm\u0259z ki, bu adam\u0131n pe\u015f\u0259si m\u00fc\u0259llim\u0259dir. Bax\u0131rd\u0131m onlara, d\u00fc\u015f\u00fcn\u00fcrd\u00fcm, bu qad\u0131nlar \u00f6z u\u015faqlar\u0131na v\u0259 \u015fagirdl\u0259rin\u0259 n\u0259 \u00f6yr\u0259d\u0259 bil\u0259rl\u0259r? Bir n\u0259f\u0259r q\u0131z vard\u0131. Texnikoma girmi\u015fdi. Deyirdi ki, m\u00fc\u0259llim\u0259 girdi sinif\u0259. Onun ilk d\u0259rsi imi\u015f. Guya q\u0131zlarla tan\u0131\u015f olurmu\u015f. Adlar\u0131, familyalar\u0131 oxuduqca q\u0131zlar qalx\u0131rm\u0131\u015f aya\u011fa. Bu da suallar verirmi\u015f-hardansan, kims\u0259n, n\u0259\u00e7is\u0259n, atan-anan kimdi? Ax\u0131rda da soru\u015furmu\u015f ki, q\u0131zsan, \u00a0yoxsa g\u0259lin?\n<\/p>\n<p>\n  S\u00f6z\u00fcn h\u0259qiqi m\u0259nas\u0131nda zooparka g\u0259lm\u0259yim\u0259 \u00e7ox pe\u015fman olmu\u015fdum. Heyvanlar\u0131n v\u0259ziyy\u0259ti \u00e7ox a\u011f\u0131r idi. Onlara baxanda adam\u0131n yaz\u0131\u011f\u0131 g\u0259lirdi. O c\u00fcr zoopark\u0131n olma\u011f\u0131ndansa, olmama\u011f\u0131 daha yax\u015f\u0131d\u0131. \u00a0 heyvanlar\u0131 \u00a0o c\u00fcr miskin, aciz, yaz\u0131q v\u0259ziyy\u0259td\u0259 g\u00f6rm\u0259k ist\u0259mir\u0259m. Adamda t\u0259bi\u0259t haqq\u0131nda \u00e7ox pis t\u0259\u0259ss\u00fcrat yaran\u0131r. Dilsiz-a\u011f\u0131zs\u0131z canl\u0131lara el\u0259 z\u00fclm verm\u0259yin m\u0259nas\u0131 n\u0259dir? U\u015faqlarda t\u0259bi\u0259t\u0259 maraq oyatmaq ? U\u015fa\u011fa el\u0259 t\u0259bi\u0259t g\u00f6st\u0259rm\u0259yin ancaq z\u0259r\u0259ri ola bil\u0259r. Bir d\u0259 ki, u\u015faqlar \u00fcmumiyy\u0259tl\u0259 t\u0259bi\u0259ti hiss etm\u0259k ist\u0259yirl\u0259rmi? \u00a0H\u0259l\u0259 bir az k\u0259nardan g\u0259lmi\u015f sivil adam heyvanlar\u0131 o v\u0259ziyy\u0259td\u0259 g\u00f6rs\u0259, \u00fcr\u0259yi a\u011fr\u0131yar. Ya bir az x\u0259rc \u00e7\u0259kib, o zoopark\u0131 ab\u0131ra salmaq, \u00a0ya da ba\u011flamaq laz\u0131md\u0131. \u00dc\u00e7\u00fcncu variant da var. Heyvanlar\u0131 paylas\u0131nlar imkanl\u0131 \u015f\u0259xsl\u0259r\u0259, onlar da bu heyvanlar\u0131 apar\u0131b ba\u011flar\u0131nda saxlas\u0131nlar.\n<\/p>\n<p>\n  \u00dcr\u0259yim s\u0131x\u0131ld\u0131 zooparkda. B\u0259rk k\u0259d\u0259rl\u0259nmi\u015fdim. Bird\u0259n-bir\u0259 \u00f6z\u00fcm\u00fc bo\u015fluqda hiss etdim. U\u015faqlar da art\u0131q heyvanlara bax\u0131b, qurtarm\u0131\u015fd\u0131lar. Burda dayanma\u011f\u0131n m\u0259nas\u0131 yox idi. Getdikc\u0259, \u00f6z\u00fcm \u00f6z g\u00f6z\u00fcmd\u0259 m\u0259nas\u0131zla\u015f\u0131rd\u0131m. Beynimd\u0259 qarmaqar\u0131\u015f\u0131q fikirl\u0259r dola\u015f\u0131rd\u0131. 2000-ci \u00a0ill\u0259rin \u0259vv\u0259lind\u0259 jurnalistikaya yeni g\u0259lmi\u015f g\u0259ncl\u0259ri zooparkdan reportaj yazma\u011fa g\u00f6nd\u0259rirdil\u0259r. Ona g\u00f6r\u0259 q\u0259zetl\u0259rd\u0259 tez-tez zooparkdan reportajlar oxuyurduq. H\u0259tta bizim yax\u0131n dostlar\u0131m\u0131zdan biri zooparkdan yazd\u0131\u011f\u0131 reportajda babat qu\u015f buraxm\u0131\u015fd\u0131 . Redaktor da burax\u0131lan qu\u015fu g\u00f6rm\u0259mi\u015fdi. Reportaj d\u0259rc olunandan sonra al\u0259m qar\u0131\u015fm\u0131\u015fd\u0131.\n<\/p>\n<p>\n  Bel\u0259c\u0259, yaz\u0131 haqq\u0131nda d\u00fc\u015f\u00fcnm\u0259y\u0259 ba\u015flad\u0131m. Ovqat\u0131m\u0131n t\u0259siri alt\u0131nda yaz\u0131 v\u0259 yazmaq prosesi \u00a0\u0259h\u0259miyy\u0259tini itirm\u0259y\u0259 ba\u015flad\u0131. Fikirl\u0259\u015fdim, n\u0259y\u0259 laz\u0131md\u0131 b\u00fct\u00fcn bunlar? M\u0259nas\u0131 n\u0259dir? \u018fh\u0259miyy\u0259ti varm\u0131? B\u0259lk\u0259 d\u0259 ortada he\u00e7 n\u0259, he\u00e7 bir proses yoxdu, b\u00fct\u00fcn bunlar ill\u00fcziyad\u0131r. \u00d6z\u00fcm\u00fc \u00e7ox laz\u0131ms\u0131z hiss etdim. \u018flac\u0131m olsayd\u0131, \u00f6z\u00fcm \u00f6z aya\u011f\u0131mla \u00a0g\u0259lmi\u015fk\u0259n, u\u015faqlara \u201csa\u011f olun\u201d deyib, k\u00f6n\u00fcll\u00fc \u015f\u0259kild\u0259 \u00a0q\u0259f\u0259sl\u0259rd\u0259n birin\u0259 girib, oturard\u0131m. Onsuz da o q\u0259f\u0259sd\u0259 oturan heyvanlarla \u00f6z h\u0259yat\u0131m aras\u0131nda ciddi bir f\u0259rq g\u00f6rm\u00fcr\u0259m.\n<\/p>\n<p>\n  U\u015faqlara dedim acm\u0131\u015fam. Gedib yem\u0259k yey\u0259yin. Zooparkdan \u00e7\u0131xanda hardansa yen\u0259 u\u015faqlar g\u0259tirdil\u0259r. U\u015faqlar\u0131n g\u00f6r\u00fcn\u00fc\u015fl\u0259ri diqq\u0259timi c\u0259lb etdi. Ayaq saxlad\u0131q. Bu u\u015faqlara b\u00f6y\u00fckl\u0259ri g\u00f6st\u0259ri\u015f verdi. Onlar bir ne\u00e7\u0259 \u015f\u0259n mahn\u0131lar oxudular. \u00d6zl\u0259ri d\u0259 \u00e7\u0259pik \u00e7al\u0131rd\u0131lar.Bilm\u0259dim, do\u011furdan da \u015f\u0259ndirl\u0259r, yoxsa \u00f6zl\u0259rini \u015f\u0259n g\u00f6st\u0259rirl\u0259r. Sonra bu u\u015faqlar\u0131 d\u00fczd\u00fcl\u0259r q\u0259f\u0259sl\u0259rin qaba\u011f\u0131na v\u0259 u\u015faqlar himn oxuma\u011fa ba\u015flad\u0131lar.\n<\/p>\n<p>\n  G\u00fcn\u00fcm z\u0259h\u0259r\u0259 d\u00f6nm\u00fc\u015fd\u00fc. G\u0259lib \u00e7\u0131xd\u0131q \u201cAzadl\u0131q\u201d prospektin\u0259. Prospektl\u0259 yuxar\u0131dan \u00fcz\u00fca\u015fa\u011f\u0131 add\u0131mlayark\u0259n \u00a0xeyli hadis\u0259l\u0259r yad\u0131ma d\u00fc\u015fd\u00fc. Xat\u0131rlad\u0131\u011f\u0131m hadis\u0259l\u0259rin d\u0259 \u00e7oxu k\u0259d\u0259rli idi. \u00c7\u0259tin g\u00fcnl\u0259r ke\u00e7irmi\u015fdim burda. Partlay\u0131ram. Dan\u0131\u015fmaq ist\u0259yir\u0259m. Kim\u0259 dan\u0131\u015facam? Yan\u0131mdak\u0131lar \u00f6z al\u0259ml\u0259rin\u0259dirl\u0259r. Statusumdan istifad\u0259 ed\u0259r\u0259k dan\u0131\u015f\u0131b-dan\u0131\u015f\u0131b, bo\u015f yer\u0259 niy\u0259 z\u0259hl\u0259l\u0259rini t\u00f6k\u00fcm? Bilir\u0259m ki, dan\u0131\u015fd\u0131qlar\u0131m onlar \u00fc\u00e7\u00fcn maraql\u0131 olmayacaq. He\u00e7 n\u0259 ba\u015fa d\u00fc\u015fm\u0259y\u0259c\u0259kl\u0259r. X\u0259st\u0259xanan\u0131n yan\u0131ndan ke\u00e7diyimiz vaxt u\u015faqlardan b\u00f6y\u00fcy\u00fcn\u0259 \u00a0dedim:\n<\/p>\n<p>\n  &#8211; \u00a0N\u0259n\u0259n burda i\u015fl\u0259yirdi.\n<\/p>\n<p>\n  U\u015faq \u00fcz\u00fcm\u0259 baxd\u0131. Soru\u015fdu:\n<\/p>\n<p>\n  &#8211; Hans\u0131 n\u0259n\u0259m?\n<\/p>\n<p>\n  Bird\u0259n m\u0259n\u0259 ayd\u0131n oldu ki, \u00a0bu u\u015fa\u011f\u0131n \u00a0day\u0131s\u0131yam. \u00d6z n\u0259n\u0259md\u0259n dan\u0131\u015f\u0131ram. M\u0259nim n\u0259n\u0259m onun n\u0259n\u0259si olmay\u0131b. \u00dcmumiyy\u0259tl\u0259, onlar he\u00e7 bir-birl\u0259rini g\u00f6rm\u0259yibl\u0259r. Bu do\u011fulanda, o birisi art\u0131q \u00f6lm\u00fc\u015fd\u00fc.\n<\/p>\n<p>\n  <b><br \/>\n    Yaz\u0131dak\u0131 fikirl\u0259r m\u00fc\u0259llif\u0259 m\u0259xsusdur v\u0259 onlara g\u00f6r\u0259 Meydan TV m\u0259suliyy\u0259t da\u015f\u0131m\u0131r.<br \/>\n  <\/b><\/p>\n","protected":false},"excerpt":{"rendered":"<p>Onsuz da, he\u00e7 bir f\u0259rq yoxdur\u2026<\/p>\n","protected":false},"author":11,"featured_media":27565,"comment_status":"closed","ping_status":"open","sticky":false,"template":"","format":"standard","meta":{"_acf_changed":false,"_sitemap_exclude":false,"_sitemap_priority":"","_sitemap_frequency":"","footnotes":""},"categories":[57],"tags":[],"class_list":["post-168628","post","type-post","status-publish","format-standard","has-post-thumbnail","hentry","category-menim-fikrimce","infinite-scroll-item","generate-columns","tablet-grid-50","mobile-grid-100","grid-parent","grid-33","no-featured-image-padding"],"acf":[],"yoast_head":"<!-- This site is optimized with the Yoast SEO plugin v27.5 - https:\/\/yoast.com\/product\/yoast-seo-wordpress\/ -->\n<title>K\u00f6n\u00fcll\u00fc q\u0259f\u0259s\u0259 girm\u0259k ist\u0259dim - MEYDAN.TV<\/title>\n<meta name=\"robots\" content=\"index, follow, max-snippet:-1, max-image-preview:large, max-video-preview:-1\" \/>\n<link rel=\"canonical\" href=\"https:\/\/www.meydan.tv\/az\/article\/konullu-qefese-girmek-istedim\/\" \/>\n<meta property=\"og:locale\" content=\"az_AZ\" \/>\n<meta property=\"og:type\" content=\"article\" \/>\n<meta property=\"og:title\" content=\"K\u00f6n\u00fcll\u00fc q\u0259f\u0259s\u0259 girm\u0259k ist\u0259dim - MEYDAN.TV\" \/>\n<meta property=\"og:description\" content=\"Onsuz da, he\u00e7 bir f\u0259rq yoxdur\u2026\" \/>\n<meta property=\"og:url\" content=\"https:\/\/www.meydan.tv\/az\/article\/konullu-qefese-girmek-istedim\/\" \/>\n<meta property=\"og:site_name\" content=\"MEYDAN.TV\" \/>\n<meta property=\"article:published_time\" content=\"2015-06-25T01:44:31+00:00\" \/>\n<meta property=\"og:image\" content=\"https:\/\/www.meydan.tv\/wp-content\/uploads\/10249.jpg\" \/>\n\t<meta property=\"og:image:width\" content=\"500\" \/>\n\t<meta property=\"og:image:height\" content=\"500\" \/>\n\t<meta property=\"og:image:type\" content=\"image\/jpeg\" \/>\n<meta name=\"author\" content=\"user-manager\" \/>\n<meta name=\"twitter:card\" content=\"summary_large_image\" \/>\n<script type=\"application\/ld+json\" class=\"yoast-schema-graph\">{\"@context\":\"https:\\\/\\\/schema.org\",\"@graph\":[{\"@type\":\"Article\",\"@id\":\"https:\\\/\\\/www.meydan.tv\\\/az\\\/article\\\/konullu-qefese-girmek-istedim\\\/#article\",\"isPartOf\":{\"@id\":\"https:\\\/\\\/www.meydan.tv\\\/az\\\/article\\\/konullu-qefese-girmek-istedim\\\/\"},\"author\":{\"name\":\"user-manager\",\"@id\":\"https:\\\/\\\/www.meydan.tv\\\/az\\\/#\\\/schema\\\/person\\\/10d11eccf6da3662cf5fdab9806ea91a\"},\"headline\":\"K\u00f6n\u00fcll\u00fc q\u0259f\u0259s\u0259 girm\u0259k ist\u0259dim\",\"datePublished\":\"2015-06-25T01:44:31+00:00\",\"mainEntityOfPage\":{\"@id\":\"https:\\\/\\\/www.meydan.tv\\\/az\\\/article\\\/konullu-qefese-girmek-istedim\\\/\"},\"wordCount\":1821,\"publisher\":{\"@id\":\"https:\\\/\\\/www.meydan.tv\\\/az\\\/#organization\"},\"image\":{\"@id\":\"https:\\\/\\\/www.meydan.tv\\\/az\\\/article\\\/konullu-qefese-girmek-istedim\\\/#primaryimage\"},\"thumbnailUrl\":\"https:\\\/\\\/www.meydan.tv\\\/wp-content\\\/uploads\\\/10249.jpg\",\"articleSection\":[\"M\u0259nim Fikrimc\u0259\"],\"inLanguage\":\"az\"},{\"@type\":\"WebPage\",\"@id\":\"https:\\\/\\\/www.meydan.tv\\\/az\\\/article\\\/konullu-qefese-girmek-istedim\\\/\",\"url\":\"https:\\\/\\\/www.meydan.tv\\\/az\\\/article\\\/konullu-qefese-girmek-istedim\\\/\",\"name\":\"K\u00f6n\u00fcll\u00fc q\u0259f\u0259s\u0259 girm\u0259k ist\u0259dim - MEYDAN.TV\",\"isPartOf\":{\"@id\":\"https:\\\/\\\/www.meydan.tv\\\/az\\\/#website\"},\"primaryImageOfPage\":{\"@id\":\"https:\\\/\\\/www.meydan.tv\\\/az\\\/article\\\/konullu-qefese-girmek-istedim\\\/#primaryimage\"},\"image\":{\"@id\":\"https:\\\/\\\/www.meydan.tv\\\/az\\\/article\\\/konullu-qefese-girmek-istedim\\\/#primaryimage\"},\"thumbnailUrl\":\"https:\\\/\\\/www.meydan.tv\\\/wp-content\\\/uploads\\\/10249.jpg\",\"datePublished\":\"2015-06-25T01:44:31+00:00\",\"breadcrumb\":{\"@id\":\"https:\\\/\\\/www.meydan.tv\\\/az\\\/article\\\/konullu-qefese-girmek-istedim\\\/#breadcrumb\"},\"inLanguage\":\"az\",\"potentialAction\":[{\"@type\":\"ReadAction\",\"target\":[\"https:\\\/\\\/www.meydan.tv\\\/az\\\/article\\\/konullu-qefese-girmek-istedim\\\/\"]}]},{\"@type\":\"ImageObject\",\"inLanguage\":\"az\",\"@id\":\"https:\\\/\\\/www.meydan.tv\\\/az\\\/article\\\/konullu-qefese-girmek-istedim\\\/#primaryimage\",\"url\":\"https:\\\/\\\/www.meydan.tv\\\/wp-content\\\/uploads\\\/10249.jpg\",\"contentUrl\":\"https:\\\/\\\/www.meydan.tv\\\/wp-content\\\/uploads\\\/10249.jpg\",\"width\":500,\"height\":500,\"caption\":\"Source:\"},{\"@type\":\"BreadcrumbList\",\"@id\":\"https:\\\/\\\/www.meydan.tv\\\/az\\\/article\\\/konullu-qefese-girmek-istedim\\\/#breadcrumb\",\"itemListElement\":[{\"@type\":\"ListItem\",\"position\":1,\"name\":\"Ana s\u0259hif\u0259\",\"item\":\"https:\\\/\\\/www.meydan.tv\\\/az\\\/\"},{\"@type\":\"ListItem\",\"position\":2,\"name\":\"M\u0259nim Fikrimc\u0259\",\"item\":\"https:\\\/\\\/www.meydan.tv\\\/az\\\/section\\\/menim-fikrimce\\\/\"},{\"@type\":\"ListItem\",\"position\":3,\"name\":\"K\u00f6n\u00fcll\u00fc q\u0259f\u0259s\u0259 girm\u0259k ist\u0259dim\"}]},{\"@type\":\"WebSite\",\"@id\":\"https:\\\/\\\/www.meydan.tv\\\/az\\\/#website\",\"url\":\"https:\\\/\\\/www.meydan.tv\\\/az\\\/\",\"name\":\"MEYDAN.TV\",\"description\":\"Meydan TV Az\u0259rbaycan\u0131n media m\u0259kan\u0131ndak\u0131 alternativ s\u0259sidir\",\"publisher\":{\"@id\":\"https:\\\/\\\/www.meydan.tv\\\/az\\\/#organization\"},\"potentialAction\":[{\"@type\":\"SearchAction\",\"target\":{\"@type\":\"EntryPoint\",\"urlTemplate\":\"https:\\\/\\\/www.meydan.tv\\\/az\\\/?s={search_term_string}\"},\"query-input\":{\"@type\":\"PropertyValueSpecification\",\"valueRequired\":true,\"valueName\":\"search_term_string\"}}],\"inLanguage\":\"az\"},{\"@type\":\"Organization\",\"@id\":\"https:\\\/\\\/www.meydan.tv\\\/az\\\/#organization\",\"name\":\"Meydan TV\",\"url\":\"https:\\\/\\\/www.meydan.tv\\\/az\\\/\",\"logo\":{\"@type\":\"ImageObject\",\"inLanguage\":\"az\",\"@id\":\"https:\\\/\\\/www.meydan.tv\\\/az\\\/#\\\/schema\\\/logo\\\/image\\\/\",\"url\":\"https:\\\/\\\/www.meydan.tv\\\/wp-content\\\/uploads\\\/2021\\\/07\\\/meydan-logo.svg\",\"contentUrl\":\"https:\\\/\\\/www.meydan.tv\\\/wp-content\\\/uploads\\\/2021\\\/07\\\/meydan-logo.svg\",\"width\":195,\"height\":46,\"caption\":\"Meydan TV\"},\"image\":{\"@id\":\"https:\\\/\\\/www.meydan.tv\\\/az\\\/#\\\/schema\\\/logo\\\/image\\\/\"}},{\"@type\":\"Person\",\"@id\":\"https:\\\/\\\/www.meydan.tv\\\/az\\\/#\\\/schema\\\/person\\\/10d11eccf6da3662cf5fdab9806ea91a\",\"name\":\"user-manager\"}]}<\/script>\n<!-- \/ Yoast SEO plugin. -->","yoast_head_json":{"title":"K\u00f6n\u00fcll\u00fc q\u0259f\u0259s\u0259 girm\u0259k ist\u0259dim - MEYDAN.TV","robots":{"index":"index","follow":"follow","max-snippet":"max-snippet:-1","max-image-preview":"max-image-preview:large","max-video-preview":"max-video-preview:-1"},"canonical":"https:\/\/www.meydan.tv\/az\/article\/konullu-qefese-girmek-istedim\/","og_locale":"az_AZ","og_type":"article","og_title":"K\u00f6n\u00fcll\u00fc q\u0259f\u0259s\u0259 girm\u0259k ist\u0259dim - MEYDAN.TV","og_description":"Onsuz da, he\u00e7 bir f\u0259rq yoxdur\u2026","og_url":"https:\/\/www.meydan.tv\/az\/article\/konullu-qefese-girmek-istedim\/","og_site_name":"MEYDAN.TV","article_published_time":"2015-06-25T01:44:31+00:00","og_image":[{"width":500,"height":500,"url":"https:\/\/www.meydan.tv\/wp-content\/uploads\/10249.jpg","type":"image\/jpeg"}],"author":"user-manager","twitter_card":"summary_large_image","schema":{"@context":"https:\/\/schema.org","@graph":[{"@type":"Article","@id":"https:\/\/www.meydan.tv\/az\/article\/konullu-qefese-girmek-istedim\/#article","isPartOf":{"@id":"https:\/\/www.meydan.tv\/az\/article\/konullu-qefese-girmek-istedim\/"},"author":{"name":"user-manager","@id":"https:\/\/www.meydan.tv\/az\/#\/schema\/person\/10d11eccf6da3662cf5fdab9806ea91a"},"headline":"K\u00f6n\u00fcll\u00fc q\u0259f\u0259s\u0259 girm\u0259k ist\u0259dim","datePublished":"2015-06-25T01:44:31+00:00","mainEntityOfPage":{"@id":"https:\/\/www.meydan.tv\/az\/article\/konullu-qefese-girmek-istedim\/"},"wordCount":1821,"publisher":{"@id":"https:\/\/www.meydan.tv\/az\/#organization"},"image":{"@id":"https:\/\/www.meydan.tv\/az\/article\/konullu-qefese-girmek-istedim\/#primaryimage"},"thumbnailUrl":"https:\/\/www.meydan.tv\/wp-content\/uploads\/10249.jpg","articleSection":["M\u0259nim Fikrimc\u0259"],"inLanguage":"az"},{"@type":"WebPage","@id":"https:\/\/www.meydan.tv\/az\/article\/konullu-qefese-girmek-istedim\/","url":"https:\/\/www.meydan.tv\/az\/article\/konullu-qefese-girmek-istedim\/","name":"K\u00f6n\u00fcll\u00fc q\u0259f\u0259s\u0259 girm\u0259k ist\u0259dim - MEYDAN.TV","isPartOf":{"@id":"https:\/\/www.meydan.tv\/az\/#website"},"primaryImageOfPage":{"@id":"https:\/\/www.meydan.tv\/az\/article\/konullu-qefese-girmek-istedim\/#primaryimage"},"image":{"@id":"https:\/\/www.meydan.tv\/az\/article\/konullu-qefese-girmek-istedim\/#primaryimage"},"thumbnailUrl":"https:\/\/www.meydan.tv\/wp-content\/uploads\/10249.jpg","datePublished":"2015-06-25T01:44:31+00:00","breadcrumb":{"@id":"https:\/\/www.meydan.tv\/az\/article\/konullu-qefese-girmek-istedim\/#breadcrumb"},"inLanguage":"az","potentialAction":[{"@type":"ReadAction","target":["https:\/\/www.meydan.tv\/az\/article\/konullu-qefese-girmek-istedim\/"]}]},{"@type":"ImageObject","inLanguage":"az","@id":"https:\/\/www.meydan.tv\/az\/article\/konullu-qefese-girmek-istedim\/#primaryimage","url":"https:\/\/www.meydan.tv\/wp-content\/uploads\/10249.jpg","contentUrl":"https:\/\/www.meydan.tv\/wp-content\/uploads\/10249.jpg","width":500,"height":500,"caption":"Source:"},{"@type":"BreadcrumbList","@id":"https:\/\/www.meydan.tv\/az\/article\/konullu-qefese-girmek-istedim\/#breadcrumb","itemListElement":[{"@type":"ListItem","position":1,"name":"Ana s\u0259hif\u0259","item":"https:\/\/www.meydan.tv\/az\/"},{"@type":"ListItem","position":2,"name":"M\u0259nim Fikrimc\u0259","item":"https:\/\/www.meydan.tv\/az\/section\/menim-fikrimce\/"},{"@type":"ListItem","position":3,"name":"K\u00f6n\u00fcll\u00fc q\u0259f\u0259s\u0259 girm\u0259k ist\u0259dim"}]},{"@type":"WebSite","@id":"https:\/\/www.meydan.tv\/az\/#website","url":"https:\/\/www.meydan.tv\/az\/","name":"MEYDAN.TV","description":"Meydan TV Az\u0259rbaycan\u0131n media m\u0259kan\u0131ndak\u0131 alternativ s\u0259sidir","publisher":{"@id":"https:\/\/www.meydan.tv\/az\/#organization"},"potentialAction":[{"@type":"SearchAction","target":{"@type":"EntryPoint","urlTemplate":"https:\/\/www.meydan.tv\/az\/?s={search_term_string}"},"query-input":{"@type":"PropertyValueSpecification","valueRequired":true,"valueName":"search_term_string"}}],"inLanguage":"az"},{"@type":"Organization","@id":"https:\/\/www.meydan.tv\/az\/#organization","name":"Meydan TV","url":"https:\/\/www.meydan.tv\/az\/","logo":{"@type":"ImageObject","inLanguage":"az","@id":"https:\/\/www.meydan.tv\/az\/#\/schema\/logo\/image\/","url":"https:\/\/www.meydan.tv\/wp-content\/uploads\/2021\/07\/meydan-logo.svg","contentUrl":"https:\/\/www.meydan.tv\/wp-content\/uploads\/2021\/07\/meydan-logo.svg","width":195,"height":46,"caption":"Meydan TV"},"image":{"@id":"https:\/\/www.meydan.tv\/az\/#\/schema\/logo\/image\/"}},{"@type":"Person","@id":"https:\/\/www.meydan.tv\/az\/#\/schema\/person\/10d11eccf6da3662cf5fdab9806ea91a","name":"user-manager"}]}},"_links":{"self":[{"href":"https:\/\/www.meydan.tv\/az\/wp-json\/wp\/v2\/posts\/168628","targetHints":{"allow":["GET"]}}],"collection":[{"href":"https:\/\/www.meydan.tv\/az\/wp-json\/wp\/v2\/posts"}],"about":[{"href":"https:\/\/www.meydan.tv\/az\/wp-json\/wp\/v2\/types\/post"}],"author":[{"embeddable":true,"href":"https:\/\/www.meydan.tv\/az\/wp-json\/wp\/v2\/users\/11"}],"replies":[{"embeddable":true,"href":"https:\/\/www.meydan.tv\/az\/wp-json\/wp\/v2\/comments?post=168628"}],"version-history":[{"count":0,"href":"https:\/\/www.meydan.tv\/az\/wp-json\/wp\/v2\/posts\/168628\/revisions"}],"wp:featuredmedia":[{"embeddable":true,"href":"https:\/\/www.meydan.tv\/az\/wp-json\/wp\/v2\/media\/27565"}],"wp:attachment":[{"href":"https:\/\/www.meydan.tv\/az\/wp-json\/wp\/v2\/media?parent=168628"}],"wp:term":[{"taxonomy":"category","embeddable":true,"href":"https:\/\/www.meydan.tv\/az\/wp-json\/wp\/v2\/categories?post=168628"},{"taxonomy":"post_tag","embeddable":true,"href":"https:\/\/www.meydan.tv\/az\/wp-json\/wp\/v2\/tags?post=168628"}],"curies":[{"name":"wp","href":"https:\/\/api.w.org\/{rel}","templated":true}]}}