{"id":168598,"date":"2015-06-23T23:42:55","date_gmt":"2015-06-23T23:42:55","guid":{"rendered":"https:\/\/www.meydan.tv\/article\/rejime-boyun-eyenlerde-leyaqet\/"},"modified":"2015-06-23T23:42:55","modified_gmt":"2015-06-23T23:42:55","slug":"rejime-boyun-eyenlerde-leyaqet","status":"publish","type":"post","link":"https:\/\/www.meydan.tv\/az\/article\/rejime-boyun-eyenlerde-leyaqet\/","title":{"rendered":"Rejim\u0259 boyun \u0259y\u0259nl\u0259rd\u0259 l\u0259yaq\u0259t&#8230;"},"content":{"rendered":"<figure class=\"wp-block-image size-large\">\n  <img decoding=\"async\" src=\"https:\/\/www.meydan.tv\/az\/22315\/\" alt=\"\" class=\"wp-image-22315\"\/><figcaption><\/figcaption><\/figure>\n<figure class=\"wp-block-image size-large\">\n  <img decoding=\"async\" src=\"https:\/\/www.meydan.tv\/az\/22318\/\" alt=\"\" class=\"wp-image-22318\"\/><figcaption><\/figcaption><\/figure>\n<p>\n  Bu yax\u0131nda bir videoya baxd\u0131m. \u0130pd\u0259n as\u0131lan palto misal\u0131nda evd\u0259 ki\u015finin ail\u0259ni nec\u0259 qorumas\u0131 haqda idi. Beyn\u0259lxalq Atalar G\u00fcn\u00fcnd\u0259 payla\u015f\u0131l\u0131rd\u0131 daha \u00e7ox.<br \/>\n  <br \/>\n  Baxd\u0131qca adam t\u0259sirl\u0259nir, d\u00fc\u015f\u00fcn\u00fcr ki, ki\u015finin ail\u0259d\u0259ki qoruyucu rolu \u00e7\u0259tin, \u015f\u0259r\u0259fli bir i\u015fdir. Bizim atalar\u0131m\u0131z da bu i\u015fi yerin\u0259 yetirirl\u0259r ad\u0259t\u0259n. Az\u0259rbaycandak\u0131 atalar\u0131 deyir\u0259m. Di\u015fl\u0259ri-d\u0131rnaqlar\u0131 il\u0259 ail\u0259l\u0259rini, x\u00fcsus\u0259n, u\u015faqlar\u0131 qoruyur, onlar \u00fc\u00e7\u00fcn anlad\u0131qlar\u0131 anlamda yax\u015f\u0131 g\u0259l\u0259c\u0259k t\u0259min etm\u0259y\u0259 \u00e7al\u0131\u015f\u0131rlar.<br \/>\n  <br \/>\n  \u0130ndi bir sual ortaya \u00e7\u0131x\u0131r \u2013 m\u0259qs\u0259d vasit\u0259y\u0259 b\u0259ra\u0259t qazand\u0131r\u0131rm\u0131? Bu suala Az\u0259rbaycandak\u0131 atalar misal\u0131nda baxsaq, g\u00f6r\u0259c\u0259yik ki, vasit\u0259 \u00e7ox m\u00fch\u00fcmd\u00fcr v\u0259 m\u0259qs\u0259d he\u00e7 d\u0259 h\u0259mi\u015f\u0259 vasit\u0259y\u0259 b\u0259ra\u0259t qazand\u0131rm\u0131r.\n<\/p>\n<p>\n  \u018fvv\u0259l baxaq g\u00f6r\u0259k, atalar\u0131m\u0131z\u0131n yuxar\u0131da dediyim \u201cyax\u015f\u0131\u201d anlam\u0131 n\u0259d\u0259n ibar\u0259tdir. Onlar ist\u0259y\u0259rdil\u0259r ki, bu anlam\u0131n dair\u0259si geni\u015f olsun. \u00d6vladlar\u0131na m\u0259n\u0259vi, maddi anlamda \u00e7ox \u015fey ver\u0259 bilsinl\u0259r. Amma \u00f6lk\u0259d\u0259 ya\u015fay\u0131\u015f \u00e7\u0259tindir, bir qrup insan atalar\u0131m\u0131z\u0131n haqq\u0131n\u0131, haqq\u0131 \u00e7atan pulunu m\u0259nims\u0259yir, onlar\u0131 h\u0259r g\u00fcn al\u00e7ald\u0131r. Bu v\u0259ziyy\u0259td\u0259 t\u0259miz qalmaq \u00e7ox \u00e7\u0259tindir, x\u00fcsus\u0259n, s\u0259ni q\u0259hr\u0259man, ham\u0131dan g\u00fccl\u00fc bil\u0259n \u00f6vladlar\u0131n qar\u015f\u0131s\u0131nda.\n<\/p>\n<p>\n  Lakin bu \u00e7\u0259tin v\u0259zif\u0259nin \u00f6hd\u0259sind\u0259n \u0259ks\u0259riyy\u0259t layiqinc\u0259 g\u0259l\u0259 bilmir. \u201cYax\u015f\u0131\u201d anlay\u0131\u015f\u0131n\u0131n dair\u0259si zaman-zaman darald\u0131l\u0131r. V\u0259ziyy\u0259tin \u00e7\u0259tinliyi b\u0259han\u0259 kimi istifad\u0259 edilir. Atalar\u0131m\u0131z ist\u0259rdi ki, \u00f6vlad\u0131na \u201cr\u00fc\u015fv\u0259t alma\u201d, \u201cba\u015f\u0131n\u0131 dik tut\u201d, \u201che\u00e7 kim\u0259 \u0259yilm\u0259\u201d desin. Amma \u201cv\u0259ziyy\u0259t \u00e7\u0259tindir\u201d ax\u0131. \u201c\u00c7ax-\u00e7uxla dolan\u201d deyirl\u0259r, \u201cba\u015f\u0131n\u0131 a\u015fa\u011f\u0131 sal, i\u015fini g\u00f6r\u201d deyirl\u0259r, \u201cay\u0131ya day\u0131 de, i\u015finin x\u0259trin\u0259\u201d deyirl\u0259r.<br \/>\n  <br \/>\n  V\u0259 atalar\u0131m\u0131z hesab edirl\u0259r ki, ail\u0259nin t\u0259hl\u00fck\u0259sizliyini t\u0259min etm\u0259k, onu yedirm\u0259k \u201cyax\u015f\u0131\u201d anlay\u0131\u015f\u0131na daxil olan yegan\u0259 \u0259sas \u015feydir. Ba\u015fqa \u015fey d\u0259 daxil ola bil\u0259r, amma atalar\u0131m\u0131z vicdanlar\u0131n\u0131 susdurmaq \u00fc\u00e7\u00fcn h\u0259min \u201cba\u015fqa \u015feyl\u0259ri\u201d \u0259lav\u0259 say\u0131rlar, \u201c\u00e7\u0259tin z\u0259man\u0259y\u0259, \u00e7\u0259tin v\u0259ziyy\u0259t\u0259\u201d g\u00f6r\u0259 siyah\u0131dan \u00e7\u0131xar\u0131rlar.\n<\/p>\n<p>\n  Anlam\u0131rlar ki, r\u00fc\u015fv\u0259t alan insanda l\u0259yaq\u0259t, ba\u015f\u0131a\u015fa\u011f\u0131 olan insanda q\u00fcrur, t\u0259hsili m\u0259hv ed\u0259n hakimiyy\u0259t\u0259 ba\u015f \u0259y\u0259n insanda is\u0259 m\u0259n\u0259viyyat c\u0259h\u0259td\u0259n he\u00e7 n\u0259 ola bilm\u0259z. Onlar ac\u0131ndan \u00f6lm\u0259m\u0259k u\u011frunda puldan ba\u015fqa h\u0259r \u015feyi tapdalaya bil\u0259n n\u0259sil yeti\u015fdirirl\u0259r. Vicdanlar\u0131 is\u0259 sakitdir, \u00e7\u00fcnki \u201cyax\u015f\u0131\u201dlar\u0131n\u0131n dair\u0259si darald\u0131l\u0131b \u2013 b\u0259han\u0259 olmalar\u0131 bar\u0259d\u0259 vicdanlar\u0131 qar\u015f\u0131s\u0131nda susduqlar\u0131 b\u0259han\u0259l\u0259rl\u0259.\n<\/p>\n<p>\n  Amma ham\u0131 el\u0259 deyil ax\u0131. \u0130stisna da olsa, el\u0259 atalar\u0131m\u0131z var ki, \u00f6vladlar\u0131na t\u0259rbiy\u0259 etdikl\u0259ri \u201cyax\u015f\u0131\u201dlar\u0131n\u0131n dair\u0259sin\u0259 yax\u015f\u0131 m\u0259qs\u0259dl\u0259rl\u0259 yana\u015f\u0131, yax\u015f\u0131 vasit\u0259l\u0259r d\u0259 daxildir. U\u015fa\u011f\u0131 ya\u015fatmaq namin\u0259 \u0259clafl\u0131q etmirl\u0259r. M\u0259s\u0259l\u0259n, xeyli vicdanl\u0131 g\u0259ncd\u0259n ibar\u0259t bir qrup var ki, onlar\u0131n \u0259ks\u0259riyy\u0259tinin t\u0259rbiy\u0259si bu n\u0259tic\u0259ni verib. Konkret ad \u00e7\u0259ks\u0259k, Tofiq Yaqublu var. T\u0259slimsizliyin, l\u0259yaq\u0259tli atan\u0131n simvolu. Yegan\u0259 \u00f6vlad\u0131n\u0131n \u00fcz\u00fcn\u00fc azadl\u0131qda g\u00f6rm\u0259mi\u015f R\u0259\u015fad\u0259t Axundov var. Bizim n\u0259sil \u00fc\u00e7\u00fcn vicdan s\u00f6z\u00fcn\u00fcn ad\u0131.\n<\/p>\n<p>\n  M\u0259qs\u0259d \u00f6vlad\u0131 g\u00f6z\u0259l yeti\u015fdirm\u0259k ola bil\u0259r. Hitlerin d\u0259 m\u0259qs\u0259di Almaniyan\u0131 \u0259n b\u00f6y\u00fck etm\u0259k idi. Amma \u0259n r\u0259zil Almaniya yaratd\u0131. \u00c7\u00fcnki vasit\u0259 axmaq idi. Vasit\u0259l\u0259r d\u0259 g\u00f6z\u0259l olmal\u0131d\u0131r ki, s\u0259n g\u00f6z\u0259l n\u0259tic\u0259y\u0259 nail ola bil\u0259s\u0259n. Yax\u015f\u0131lar\u0131m\u0131z\u0131n dair\u0259sind\u0259n \u00e7\u0131xara bilm\u0259y\u0259c\u0259yimiz \u015feyl\u0259r var. Maddi \u015feyl\u0259ri, b\u0259z\u0259n h\u0259yat\u0131m\u0131z\u0131 qurban verm\u0259k bahas\u0131na n\u0259l\u0259rs\u0259 qorunmal\u0131d\u0131r. \u018fslind\u0259, bizim 1993-d\u0259 El\u00e7ib\u0259yd\u0259n, 2003-d\u0259 \u0130sa Q\u0259mb\u0259rd\u0259n ist\u0259dikl\u0259rimiz d\u0259 acizlikd\u0259n atalardan ist\u0259dikl\u0259rimiz kimidir \u2013 qurban ged\u0259rdiniz, amma maddi, fiziki olmayan n\u0259l\u0259ris\u0259 qoruyard\u0131n\u0131z \u2013 yax\u015f\u0131lar dair\u0259sind\u0259n \u00e7\u0131xard\u0131lmas\u0131 m\u00fcmk\u00fcns\u00fcz olan n\u0259l\u0259ris\u0259.<br \/>\n  <br \/>\n  M\u0259s\u0259l\u0259n, Elnur Astanb\u0259ylinin R\u0259\u015fad\u0259t\u0259 yazd\u0131\u011f\u0131 \u015feird\u0259ki kimi:\n<\/p>\n<p>\n  M\u0259n indi ordan \u00e7\u0131xd\u0131qda s\u0259n\u0259<br \/>\n  <br \/>\n  t\u00fcp\u00fcrm\u0259y\u0259c\u0259yin bir \u00fcz,<br \/>\n  <br \/>\n  yen\u0259 bir dost kimi s\u0131xa bil\u0259c\u0259yin<br \/>\n  <br \/>\n  bir \u0259l saxlamaqla m\u0259\u015f\u011fulam&#8230;\n<\/p>\n<p>\n  <b><br \/>\n    Yaz\u0131dak\u0131 fikirl\u0259r m\u00fc\u0259llif\u0259 m\u0259xsusdur v\u0259 onlara g\u00f6r\u0259 Meydan TV m\u0259suliyy\u0259t da\u015f\u0131m\u0131r.<br \/>\n  <\/b><\/p>\n","protected":false},"excerpt":{"rendered":"<p>Yax\u015f\u0131 atalar\u0131n \u00f6vladlar\u0131na \u00f6yr\u0259tdikl\u0259ri<\/p>\n","protected":false},"author":11,"featured_media":22315,"comment_status":"closed","ping_status":"open","sticky":false,"template":"","format":"standard","meta":{"_acf_changed":false,"_sitemap_exclude":false,"_sitemap_priority":"","_sitemap_frequency":"","footnotes":""},"categories":[57],"tags":[],"class_list":["post-168598","post","type-post","status-publish","format-standard","has-post-thumbnail","hentry","category-menim-fikrimce","infinite-scroll-item","generate-columns","tablet-grid-50","mobile-grid-100","grid-parent","grid-33","no-featured-image-padding"],"acf":[],"yoast_head":"<!-- This site is optimized with the Yoast SEO plugin v27.5 - https:\/\/yoast.com\/product\/yoast-seo-wordpress\/ -->\n<title>Rejim\u0259 boyun \u0259y\u0259nl\u0259rd\u0259 l\u0259yaq\u0259t... - MEYDAN.TV<\/title>\n<meta name=\"robots\" content=\"index, follow, max-snippet:-1, max-image-preview:large, max-video-preview:-1\" \/>\n<link rel=\"canonical\" href=\"https:\/\/www.meydan.tv\/az\/article\/rejime-boyun-eyenlerde-leyaqet\/\" \/>\n<meta property=\"og:locale\" content=\"az_AZ\" \/>\n<meta property=\"og:type\" content=\"article\" \/>\n<meta property=\"og:title\" content=\"Rejim\u0259 boyun \u0259y\u0259nl\u0259rd\u0259 l\u0259yaq\u0259t... - MEYDAN.TV\" \/>\n<meta property=\"og:description\" content=\"Yax\u015f\u0131 atalar\u0131n \u00f6vladlar\u0131na \u00f6yr\u0259tdikl\u0259ri\" \/>\n<meta property=\"og:url\" content=\"https:\/\/www.meydan.tv\/az\/article\/rejime-boyun-eyenlerde-leyaqet\/\" \/>\n<meta property=\"og:site_name\" content=\"MEYDAN.TV\" \/>\n<meta property=\"article:published_time\" content=\"2015-06-23T23:42:55+00:00\" \/>\n<meta property=\"og:image\" content=\"https:\/\/www.meydan.tv\/wp-content\/uploads\/8073.jpg\" \/>\n\t<meta property=\"og:image:width\" content=\"500\" \/>\n\t<meta property=\"og:image:height\" content=\"500\" \/>\n\t<meta property=\"og:image:type\" content=\"image\/jpeg\" \/>\n<meta name=\"author\" content=\"user-manager\" \/>\n<meta name=\"twitter:card\" content=\"summary_large_image\" \/>\n<script type=\"application\/ld+json\" class=\"yoast-schema-graph\">{\"@context\":\"https:\\\/\\\/schema.org\",\"@graph\":[{\"@type\":\"Article\",\"@id\":\"https:\\\/\\\/www.meydan.tv\\\/az\\\/article\\\/rejime-boyun-eyenlerde-leyaqet\\\/#article\",\"isPartOf\":{\"@id\":\"https:\\\/\\\/www.meydan.tv\\\/az\\\/article\\\/rejime-boyun-eyenlerde-leyaqet\\\/\"},\"author\":{\"name\":\"user-manager\",\"@id\":\"https:\\\/\\\/www.meydan.tv\\\/az\\\/#\\\/schema\\\/person\\\/10d11eccf6da3662cf5fdab9806ea91a\"},\"headline\":\"Rejim\u0259 boyun \u0259y\u0259nl\u0259rd\u0259 l\u0259yaq\u0259t&#8230;\",\"datePublished\":\"2015-06-23T23:42:55+00:00\",\"mainEntityOfPage\":{\"@id\":\"https:\\\/\\\/www.meydan.tv\\\/az\\\/article\\\/rejime-boyun-eyenlerde-leyaqet\\\/\"},\"wordCount\":844,\"publisher\":{\"@id\":\"https:\\\/\\\/www.meydan.tv\\\/az\\\/#organization\"},\"image\":{\"@id\":\"https:\\\/\\\/www.meydan.tv\\\/az\\\/article\\\/rejime-boyun-eyenlerde-leyaqet\\\/#primaryimage\"},\"thumbnailUrl\":\"https:\\\/\\\/www.meydan.tv\\\/wp-content\\\/uploads\\\/8073.jpg\",\"articleSection\":[\"M\u0259nim Fikrimc\u0259\"],\"inLanguage\":\"az\"},{\"@type\":\"WebPage\",\"@id\":\"https:\\\/\\\/www.meydan.tv\\\/az\\\/article\\\/rejime-boyun-eyenlerde-leyaqet\\\/\",\"url\":\"https:\\\/\\\/www.meydan.tv\\\/az\\\/article\\\/rejime-boyun-eyenlerde-leyaqet\\\/\",\"name\":\"Rejim\u0259 boyun \u0259y\u0259nl\u0259rd\u0259 l\u0259yaq\u0259t... - MEYDAN.TV\",\"isPartOf\":{\"@id\":\"https:\\\/\\\/www.meydan.tv\\\/az\\\/#website\"},\"primaryImageOfPage\":{\"@id\":\"https:\\\/\\\/www.meydan.tv\\\/az\\\/article\\\/rejime-boyun-eyenlerde-leyaqet\\\/#primaryimage\"},\"image\":{\"@id\":\"https:\\\/\\\/www.meydan.tv\\\/az\\\/article\\\/rejime-boyun-eyenlerde-leyaqet\\\/#primaryimage\"},\"thumbnailUrl\":\"https:\\\/\\\/www.meydan.tv\\\/wp-content\\\/uploads\\\/8073.jpg\",\"datePublished\":\"2015-06-23T23:42:55+00:00\",\"breadcrumb\":{\"@id\":\"https:\\\/\\\/www.meydan.tv\\\/az\\\/article\\\/rejime-boyun-eyenlerde-leyaqet\\\/#breadcrumb\"},\"inLanguage\":\"az\",\"potentialAction\":[{\"@type\":\"ReadAction\",\"target\":[\"https:\\\/\\\/www.meydan.tv\\\/az\\\/article\\\/rejime-boyun-eyenlerde-leyaqet\\\/\"]}]},{\"@type\":\"ImageObject\",\"inLanguage\":\"az\",\"@id\":\"https:\\\/\\\/www.meydan.tv\\\/az\\\/article\\\/rejime-boyun-eyenlerde-leyaqet\\\/#primaryimage\",\"url\":\"https:\\\/\\\/www.meydan.tv\\\/wp-content\\\/uploads\\\/8073.jpg\",\"contentUrl\":\"https:\\\/\\\/www.meydan.tv\\\/wp-content\\\/uploads\\\/8073.jpg\",\"width\":500,\"height\":500,\"caption\":\"Source:\"},{\"@type\":\"BreadcrumbList\",\"@id\":\"https:\\\/\\\/www.meydan.tv\\\/az\\\/article\\\/rejime-boyun-eyenlerde-leyaqet\\\/#breadcrumb\",\"itemListElement\":[{\"@type\":\"ListItem\",\"position\":1,\"name\":\"Ana s\u0259hif\u0259\",\"item\":\"https:\\\/\\\/www.meydan.tv\\\/az\\\/\"},{\"@type\":\"ListItem\",\"position\":2,\"name\":\"M\u0259nim Fikrimc\u0259\",\"item\":\"https:\\\/\\\/www.meydan.tv\\\/az\\\/section\\\/menim-fikrimce\\\/\"},{\"@type\":\"ListItem\",\"position\":3,\"name\":\"Rejim\u0259 boyun \u0259y\u0259nl\u0259rd\u0259 l\u0259yaq\u0259t&#8230;\"}]},{\"@type\":\"WebSite\",\"@id\":\"https:\\\/\\\/www.meydan.tv\\\/az\\\/#website\",\"url\":\"https:\\\/\\\/www.meydan.tv\\\/az\\\/\",\"name\":\"MEYDAN.TV\",\"description\":\"Meydan TV Az\u0259rbaycan\u0131n media m\u0259kan\u0131ndak\u0131 alternativ s\u0259sidir\",\"publisher\":{\"@id\":\"https:\\\/\\\/www.meydan.tv\\\/az\\\/#organization\"},\"potentialAction\":[{\"@type\":\"SearchAction\",\"target\":{\"@type\":\"EntryPoint\",\"urlTemplate\":\"https:\\\/\\\/www.meydan.tv\\\/az\\\/?s={search_term_string}\"},\"query-input\":{\"@type\":\"PropertyValueSpecification\",\"valueRequired\":true,\"valueName\":\"search_term_string\"}}],\"inLanguage\":\"az\"},{\"@type\":\"Organization\",\"@id\":\"https:\\\/\\\/www.meydan.tv\\\/az\\\/#organization\",\"name\":\"Meydan TV\",\"url\":\"https:\\\/\\\/www.meydan.tv\\\/az\\\/\",\"logo\":{\"@type\":\"ImageObject\",\"inLanguage\":\"az\",\"@id\":\"https:\\\/\\\/www.meydan.tv\\\/az\\\/#\\\/schema\\\/logo\\\/image\\\/\",\"url\":\"https:\\\/\\\/www.meydan.tv\\\/wp-content\\\/uploads\\\/2021\\\/07\\\/meydan-logo.svg\",\"contentUrl\":\"https:\\\/\\\/www.meydan.tv\\\/wp-content\\\/uploads\\\/2021\\\/07\\\/meydan-logo.svg\",\"width\":195,\"height\":46,\"caption\":\"Meydan TV\"},\"image\":{\"@id\":\"https:\\\/\\\/www.meydan.tv\\\/az\\\/#\\\/schema\\\/logo\\\/image\\\/\"}},{\"@type\":\"Person\",\"@id\":\"https:\\\/\\\/www.meydan.tv\\\/az\\\/#\\\/schema\\\/person\\\/10d11eccf6da3662cf5fdab9806ea91a\",\"name\":\"user-manager\"}]}<\/script>\n<!-- \/ Yoast SEO plugin. -->","yoast_head_json":{"title":"Rejim\u0259 boyun \u0259y\u0259nl\u0259rd\u0259 l\u0259yaq\u0259t... - MEYDAN.TV","robots":{"index":"index","follow":"follow","max-snippet":"max-snippet:-1","max-image-preview":"max-image-preview:large","max-video-preview":"max-video-preview:-1"},"canonical":"https:\/\/www.meydan.tv\/az\/article\/rejime-boyun-eyenlerde-leyaqet\/","og_locale":"az_AZ","og_type":"article","og_title":"Rejim\u0259 boyun \u0259y\u0259nl\u0259rd\u0259 l\u0259yaq\u0259t... - MEYDAN.TV","og_description":"Yax\u015f\u0131 atalar\u0131n \u00f6vladlar\u0131na \u00f6yr\u0259tdikl\u0259ri","og_url":"https:\/\/www.meydan.tv\/az\/article\/rejime-boyun-eyenlerde-leyaqet\/","og_site_name":"MEYDAN.TV","article_published_time":"2015-06-23T23:42:55+00:00","og_image":[{"width":500,"height":500,"url":"https:\/\/www.meydan.tv\/wp-content\/uploads\/8073.jpg","type":"image\/jpeg"}],"author":"user-manager","twitter_card":"summary_large_image","schema":{"@context":"https:\/\/schema.org","@graph":[{"@type":"Article","@id":"https:\/\/www.meydan.tv\/az\/article\/rejime-boyun-eyenlerde-leyaqet\/#article","isPartOf":{"@id":"https:\/\/www.meydan.tv\/az\/article\/rejime-boyun-eyenlerde-leyaqet\/"},"author":{"name":"user-manager","@id":"https:\/\/www.meydan.tv\/az\/#\/schema\/person\/10d11eccf6da3662cf5fdab9806ea91a"},"headline":"Rejim\u0259 boyun \u0259y\u0259nl\u0259rd\u0259 l\u0259yaq\u0259t&#8230;","datePublished":"2015-06-23T23:42:55+00:00","mainEntityOfPage":{"@id":"https:\/\/www.meydan.tv\/az\/article\/rejime-boyun-eyenlerde-leyaqet\/"},"wordCount":844,"publisher":{"@id":"https:\/\/www.meydan.tv\/az\/#organization"},"image":{"@id":"https:\/\/www.meydan.tv\/az\/article\/rejime-boyun-eyenlerde-leyaqet\/#primaryimage"},"thumbnailUrl":"https:\/\/www.meydan.tv\/wp-content\/uploads\/8073.jpg","articleSection":["M\u0259nim Fikrimc\u0259"],"inLanguage":"az"},{"@type":"WebPage","@id":"https:\/\/www.meydan.tv\/az\/article\/rejime-boyun-eyenlerde-leyaqet\/","url":"https:\/\/www.meydan.tv\/az\/article\/rejime-boyun-eyenlerde-leyaqet\/","name":"Rejim\u0259 boyun \u0259y\u0259nl\u0259rd\u0259 l\u0259yaq\u0259t... - MEYDAN.TV","isPartOf":{"@id":"https:\/\/www.meydan.tv\/az\/#website"},"primaryImageOfPage":{"@id":"https:\/\/www.meydan.tv\/az\/article\/rejime-boyun-eyenlerde-leyaqet\/#primaryimage"},"image":{"@id":"https:\/\/www.meydan.tv\/az\/article\/rejime-boyun-eyenlerde-leyaqet\/#primaryimage"},"thumbnailUrl":"https:\/\/www.meydan.tv\/wp-content\/uploads\/8073.jpg","datePublished":"2015-06-23T23:42:55+00:00","breadcrumb":{"@id":"https:\/\/www.meydan.tv\/az\/article\/rejime-boyun-eyenlerde-leyaqet\/#breadcrumb"},"inLanguage":"az","potentialAction":[{"@type":"ReadAction","target":["https:\/\/www.meydan.tv\/az\/article\/rejime-boyun-eyenlerde-leyaqet\/"]}]},{"@type":"ImageObject","inLanguage":"az","@id":"https:\/\/www.meydan.tv\/az\/article\/rejime-boyun-eyenlerde-leyaqet\/#primaryimage","url":"https:\/\/www.meydan.tv\/wp-content\/uploads\/8073.jpg","contentUrl":"https:\/\/www.meydan.tv\/wp-content\/uploads\/8073.jpg","width":500,"height":500,"caption":"Source:"},{"@type":"BreadcrumbList","@id":"https:\/\/www.meydan.tv\/az\/article\/rejime-boyun-eyenlerde-leyaqet\/#breadcrumb","itemListElement":[{"@type":"ListItem","position":1,"name":"Ana s\u0259hif\u0259","item":"https:\/\/www.meydan.tv\/az\/"},{"@type":"ListItem","position":2,"name":"M\u0259nim Fikrimc\u0259","item":"https:\/\/www.meydan.tv\/az\/section\/menim-fikrimce\/"},{"@type":"ListItem","position":3,"name":"Rejim\u0259 boyun \u0259y\u0259nl\u0259rd\u0259 l\u0259yaq\u0259t&#8230;"}]},{"@type":"WebSite","@id":"https:\/\/www.meydan.tv\/az\/#website","url":"https:\/\/www.meydan.tv\/az\/","name":"MEYDAN.TV","description":"Meydan TV Az\u0259rbaycan\u0131n media m\u0259kan\u0131ndak\u0131 alternativ s\u0259sidir","publisher":{"@id":"https:\/\/www.meydan.tv\/az\/#organization"},"potentialAction":[{"@type":"SearchAction","target":{"@type":"EntryPoint","urlTemplate":"https:\/\/www.meydan.tv\/az\/?s={search_term_string}"},"query-input":{"@type":"PropertyValueSpecification","valueRequired":true,"valueName":"search_term_string"}}],"inLanguage":"az"},{"@type":"Organization","@id":"https:\/\/www.meydan.tv\/az\/#organization","name":"Meydan TV","url":"https:\/\/www.meydan.tv\/az\/","logo":{"@type":"ImageObject","inLanguage":"az","@id":"https:\/\/www.meydan.tv\/az\/#\/schema\/logo\/image\/","url":"https:\/\/www.meydan.tv\/wp-content\/uploads\/2021\/07\/meydan-logo.svg","contentUrl":"https:\/\/www.meydan.tv\/wp-content\/uploads\/2021\/07\/meydan-logo.svg","width":195,"height":46,"caption":"Meydan TV"},"image":{"@id":"https:\/\/www.meydan.tv\/az\/#\/schema\/logo\/image\/"}},{"@type":"Person","@id":"https:\/\/www.meydan.tv\/az\/#\/schema\/person\/10d11eccf6da3662cf5fdab9806ea91a","name":"user-manager"}]}},"_links":{"self":[{"href":"https:\/\/www.meydan.tv\/az\/wp-json\/wp\/v2\/posts\/168598","targetHints":{"allow":["GET"]}}],"collection":[{"href":"https:\/\/www.meydan.tv\/az\/wp-json\/wp\/v2\/posts"}],"about":[{"href":"https:\/\/www.meydan.tv\/az\/wp-json\/wp\/v2\/types\/post"}],"author":[{"embeddable":true,"href":"https:\/\/www.meydan.tv\/az\/wp-json\/wp\/v2\/users\/11"}],"replies":[{"embeddable":true,"href":"https:\/\/www.meydan.tv\/az\/wp-json\/wp\/v2\/comments?post=168598"}],"version-history":[{"count":0,"href":"https:\/\/www.meydan.tv\/az\/wp-json\/wp\/v2\/posts\/168598\/revisions"}],"wp:featuredmedia":[{"embeddable":true,"href":"https:\/\/www.meydan.tv\/az\/wp-json\/wp\/v2\/media\/22315"}],"wp:attachment":[{"href":"https:\/\/www.meydan.tv\/az\/wp-json\/wp\/v2\/media?parent=168598"}],"wp:term":[{"taxonomy":"category","embeddable":true,"href":"https:\/\/www.meydan.tv\/az\/wp-json\/wp\/v2\/categories?post=168598"},{"taxonomy":"post_tag","embeddable":true,"href":"https:\/\/www.meydan.tv\/az\/wp-json\/wp\/v2\/tags?post=168598"}],"curies":[{"name":"wp","href":"https:\/\/api.w.org\/{rel}","templated":true}]}}