{"id":168590,"date":"2015-06-23T20:37:42","date_gmt":"2015-06-23T20:37:42","guid":{"rendered":"https:\/\/www.meydan.tv\/article\/kamal-abdulla-sen-giren-mese-deyil\/"},"modified":"2015-06-23T20:37:42","modified_gmt":"2015-06-23T20:37:42","slug":"kamal-abdulla-sen-giren-mese-deyil","status":"publish","type":"post","link":"https:\/\/www.meydan.tv\/az\/article\/kamal-abdulla-sen-giren-mese-deyil\/","title":{"rendered":"Kamal Abdulla s\u0259n gir\u0259n me\u015f\u0259 deyil"},"content":{"rendered":"<figure class=\"wp-block-image size-large\">\n  <img decoding=\"async\" src=\"https:\/\/www.meydan.tv\/az\/27655\/\" alt=\"\" class=\"wp-image-27655\"\/><figcaption><\/figcaption><\/figure>\n<\/p>\n<figure class=\"wp-block-image size-large\">\n  <img decoding=\"async\" src=\"https:\/\/www.meydan.tv\/az\/27649\/\" alt=\"\" class=\"wp-image-27649\"\/><figcaption><\/figcaption><\/figure>\n<p>\n  A\u011falar ayd\u0131r\u0131r:\u00a0 \u201cH\u0259r g\u00fcn minbir yerd\u0259 dindarlar\u00a0 Axundovu s\u00f6y\u00fcrl\u0259r. C\u0131nq\u0131r\u0131n\u0131 da \u00e7\u0131xaran yoxdur. Ancaq Cavid\u0259 dill\u0259nm\u0259k olmaz\u201d.\u00a0Dem\u0259k, Axundov s\u00f6y\u00fcl\u00fcrs\u0259, Cavidi d\u0259 s\u00f6ym\u0259k olar? Biz burda tin davas\u0131 apar\u0131r\u0131q, m\u0259g\u0259r? Siz Axundovu s\u00f6y\u00fcrs\u00fcn\u00fcz, biz d\u0259 Cavidi s\u00f6y\u0259c\u0259yik? M\u0259g\u0259r biz s\u00f6y\u00fc\u015fm\u0259k \u00fc\u00e7\u00fcn yaz\u0131 yaz\u0131r\u0131q?<\/p>\n<p>  A\u011falar Kamal Abdullaya qar\u015f\u0131 t\u0259hqirl\u0259ri g\u00f6y\u0259 sovurur. M\u0259n\u0259 qar\u015f\u0131 etikadan k\u0259nar s\u00f6zl\u0259r deyir. Ax\u0131 biz burda dil m\u00fczakir\u0259si apar\u0131rd\u0131q. A\u00e7, oxu, g\u00f6r o m\u00fcsahib\u0259d\u0259 s\u0259nin haqq\u0131nda birc\u0259 d\u0259n\u0259 d\u0259 olsun t\u0259hqir varm\u0131? Ax\u0131 elmi m\u00fczakir\u0259 bel\u0259 apar\u0131lm\u0131r.\u00a0 Savad\u0131n varsa, buyur \u0259r meydan\u0131na. M\u0259hz ba\u015f\u0131n\u0131n balaca, a\u011fl\u0131n\u0131n az olma\u011f\u0131n s\u0259b\u0259bind\u0259n s\u0259n H\u00fcseyn Cavidi \u201cQ\u0131z m\u0259kt\u0259bind\u0259\u201d \u015feirin\u0259 g\u00f6r\u0259 v\u0259hhabi adland\u0131r\u0131rsan. Q\u0131z\u0131n da g\u00fcnah\u0131 birinci Allah\u0131n ad\u0131n\u0131 \u00e7\u0259km\u0259yi imi\u015f. \u201cB\u00fct\u00fcn insanlar\u0131n sev\u0259n\u201d bir q\u0131zc\u0131\u011faz\u0131 \u0130\u015e\u0130D militan\u0131 hesab etm\u0259k&#8230; S\u0259nin m\u0259tn duyumun do\u011frudan bu s\u0259viyy\u0259d\u0259dir?<\/p>\n<p>  V\u0259 s\u0259nin Kamal Abdulla haqda b\u00fct\u00fcn t\u0259hqirl\u0259rinin birc\u0259 s\u0259b\u0259bi var: O da s\u0259nin, \u201cm\u0259nim Tanr\u0131m g\u00f6z\u0259llikdir, sevgidir\u201d s\u00f6zl\u0259rini yazan Cavidi \u201cv\u0259hhabi\u201d adland\u0131ran qanmazl\u0131\u011f\u0131nd\u0131r. V\u0259 \u201cQ\u0131z m\u0259kt\u0259bi\u201d \u015feirini v\u0259hhabi m\u0259tn sayan adam\u0131n da Kamal Abdullaya bu q\u0259d\u0259r atavistik nifr\u0259tl\u0259 yana\u015fmas\u0131 da S\u0259dinin s\u00f6z\u00fcn\u00fc yad\u0131m\u0131za sal\u0131r: \u201cAlimin cahil\u0259 nifr\u0259ti birdirs\u0259, cahilin alim\u0259 nifr\u0259ti mindir\u201d<\/p>\n<p>  A\u011falar ayd\u0131r\u0131r:\u00a0 \u201cCavid xalq\u0131n\u0131 saya salmay\u0131b, onun \u00fc\u00e7\u00fcn yazmay\u0131bm\u0131\u015f\u201d.\u00a0 B\u0259s Cavidin premyeralar\u0131ndak\u0131 an\u015flaq\u0131 kimin aya\u011f\u0131na yazaq? M\u0259g\u0259r onlar \u0130stanbuldanm\u0131 g\u0259lmi\u015fdi? Fakt \u00f6z yerind\u0259, m\u0259g\u0259r xalq \u00fc\u00e7\u00fcn yazmaq vacib \u015f\u0259rtdirmi? Cavid \u00f6z\u00fc yaz\u0131rd\u0131 ki, \u201cM\u0259n f\u0259q\u0259t h\u00fcsn\u00fc-x\u00fcda \u015fairiy\u0259m; Yer\u0259 enm\u0259m d\u0259, s\u0259ma \u015fairiy\u0259m\u201d. Onun \u00f6z ist\u0259diyi kimi yazmaq h\u00fcququ yoxdurmu?<\/p>\n<p>  Cavid\u0259 veril\u0259n bu ittiham repressiya ittiham\u0131na \u00e7ox b\u0259nz\u0259yir, \u00e7\u00fcnki eyni \u015feyi siyas\u0259t\u00e7i S\u0259m\u0259d Vur\u011fun da deyirdi: \u201cN\u0259d\u0259n \u015feirimizin ba\u015f q\u0259hr\u0259man\u0131. Gah Turandan g\u0259lir, gah da \u0130randan. B\u0259s m\u0259nim \u00f6lk\u0259min varl\u0131\u011f\u0131 han\u0131?\u201d Kimis\u0259 n\u0259y\u0259 m\u0259cbur etm\u0259yin ad\u0131 totalitarizm deyilmi? \u015eair S\u0259m\u0259d Vur\u011fun is\u0259 H\u00fcseyn Cavid\u0259 \u015feir h\u0259sr edirdi.<\/p>\n<p>  A\u011falar ayd\u0131rd\u0131: \u201cVaxt\u0131nda repressiya edilm\u0259s\u0259ydi\u201d. Amma sonra ayd\u0131rd\u0131 ki, b\u0259s q\u0259l\u0259t d\u00fc\u015f\u00fcb, barmaq boyda c\u00fcml\u0259y\u0259 \u00fc\u00e7 abzasda izah buyurur. Qarda\u015f, s\u0259n h\u0259r \u201cyar\u0131mc\u00fcml\u0259\u201d adland\u0131rd\u0131\u011f\u0131n bu ifad\u0259 zat\u0259n \u00e7ox a\u00e7\u0131qd\u0131r, Az\u0259rbaycan dilin\u0259 bu q\u0259d\u0259r b\u0259l\u0259d olma\u011f\u0131n\u0131n m\u00fcqabilind\u0259 s\u0259n h\u0259l\u0259 d\u0259 dil d\u0259rsi verirs\u0259n. Fikir ver: \u201cVaxt\u0131nda repressiya edilm\u0259s\u0259ydi\u201d. Nec\u0259 y\u0259ni vaxt\u0131nda? N\u0259yin vaxt\u0131nda? M\u0259g\u0259r h\u0259r yaz\u0131\u00e7\u0131n\u0131n bir repressiya zaman\u0131 olur? Y\u0259ni Cavid vaxt\u0131ndan \u0259vv\u0259l d\u0259 repressiya oluna bil\u0259rdi, vaxt\u0131ndan sonra da? Mirz\u0259 C\u0259lil vaxt\u0131nda repressiya olunmad\u0131, tez \u00f6ld\u00fc, \u018fhm\u0259d Cavad\u0131n vaxt\u0131 ke\u00e7di, gec repressiya oldu, S\u0259m\u0259d Vur\u011funun vaxt\u0131 g\u0259ldi, amma repressiya olmad\u0131.<\/p>\n<p>  A\u011falar bu c\u00fcml\u0259ni bel\u0259 izah edir: \u201dVaxt\u0131nda\u201d \u2013 o vaxt, h\u0259min vaxt, vaxt\u0131-zaman\u0131nda dem\u0259kdir. Bel\u0259likl\u0259, \u201cVaxt\u0131nda repressiya edilm\u0259s\u0259ydi, dilimizi daha da zibill\u0259y\u0259c\u0259kdi\u201d: O vaxt\u0131 repressiya n\u0259tic\u0259sind\u0259 \u00f6lm\u0259mi\u015f olsayd\u0131, y\u0259ni vaxt\u0131-zaman\u0131nda bu proses dayan(d\u0131r\u0131l)mam\u0131\u015f olsayd\u0131, dilimizi zibill\u0259m\u0259y\u0259 davam ed\u0259c\u0259kdi.<\/p>\n<p>  Vaxt\u0131nda, y\u0259ni o vaxt. \u00c7ox g\u00f6z\u0259l izahd\u0131r! Vaxt\u0131-zaman\u0131nda. B\u0259lk\u0259 zaman vaxt\u0131nda? Y\u0259ni ki, h\u0259min vaxt.<\/p>\n<p>  Kamal Abdullaya g\u0259linc\u0259. S\u0259n gir\u0259n me\u015f\u0259 deyil. \u00c7a\u015f\u0131b qalarsan. \u00d6z i\u015find\u0259 ol.<\/p>\n<p>  1977-ci ilin yanvar ay\u0131.\u00a0Moskva. H\u0259min vaxtda Kamal Abdulla D\u0259d\u0259 Qorqud dili \u0259sas\u0131nda \u201cSintaktik paralelizm\u201d dissertasiyan m\u00fcdafi\u0259 el\u0259mi\u015fdi. Vaxt\u0131nda s\u0259n o kitab\u0131 oxusayd\u0131n, indi bel\u0259 ayd\u0131rmazd\u0131n.\n<\/p>\n<p>\n  <b><br \/>\n    Yaz\u0131dak\u0131 fikirl\u0259r m\u00fc\u0259llif\u0259 m\u0259xsusdur v\u0259 onlara g\u00f6r\u0259 Meydan TV m\u0259suliyy\u0259t da\u015f\u0131m\u0131r.<br \/>\n  <\/b><\/p>\n","protected":false},"excerpt":{"rendered":"<p>A\u011falar\u0131n ayd\u0131rmas\u0131<\/p>\n","protected":false},"author":11,"featured_media":27655,"comment_status":"closed","ping_status":"open","sticky":false,"template":"","format":"standard","meta":{"_acf_changed":false,"_sitemap_exclude":false,"_sitemap_priority":"","_sitemap_frequency":"","footnotes":""},"categories":[57],"tags":[],"class_list":["post-168590","post","type-post","status-publish","format-standard","has-post-thumbnail","hentry","category-menim-fikrimce","infinite-scroll-item","generate-columns","tablet-grid-50","mobile-grid-100","grid-parent","grid-33","no-featured-image-padding"],"acf":[],"yoast_head":"<!-- This site is optimized with the Yoast SEO plugin v27.5 - https:\/\/yoast.com\/product\/yoast-seo-wordpress\/ -->\n<title>Kamal Abdulla s\u0259n gir\u0259n me\u015f\u0259 deyil - MEYDAN.TV<\/title>\n<meta name=\"robots\" content=\"index, follow, max-snippet:-1, max-image-preview:large, max-video-preview:-1\" \/>\n<link rel=\"canonical\" href=\"https:\/\/www.meydan.tv\/az\/article\/kamal-abdulla-sen-giren-mese-deyil\/\" \/>\n<meta property=\"og:locale\" content=\"az_AZ\" \/>\n<meta property=\"og:type\" content=\"article\" \/>\n<meta property=\"og:title\" content=\"Kamal Abdulla s\u0259n gir\u0259n me\u015f\u0259 deyil - MEYDAN.TV\" \/>\n<meta property=\"og:description\" content=\"A\u011falar\u0131n ayd\u0131rmas\u0131\" \/>\n<meta property=\"og:url\" content=\"https:\/\/www.meydan.tv\/az\/article\/kamal-abdulla-sen-giren-mese-deyil\/\" \/>\n<meta property=\"og:site_name\" content=\"MEYDAN.TV\" \/>\n<meta property=\"article:published_time\" content=\"2015-06-23T20:37:42+00:00\" \/>\n<meta property=\"og:image\" content=\"https:\/\/www.meydan.tv\/wp-content\/uploads\/10190.jpg\" \/>\n\t<meta property=\"og:image:width\" content=\"400\" \/>\n\t<meta property=\"og:image:height\" content=\"400\" \/>\n\t<meta property=\"og:image:type\" content=\"image\/jpeg\" \/>\n<meta name=\"author\" content=\"user-manager\" \/>\n<meta name=\"twitter:card\" content=\"summary_large_image\" \/>\n<script type=\"application\/ld+json\" class=\"yoast-schema-graph\">{\"@context\":\"https:\\\/\\\/schema.org\",\"@graph\":[{\"@type\":\"Article\",\"@id\":\"https:\\\/\\\/www.meydan.tv\\\/az\\\/article\\\/kamal-abdulla-sen-giren-mese-deyil\\\/#article\",\"isPartOf\":{\"@id\":\"https:\\\/\\\/www.meydan.tv\\\/az\\\/article\\\/kamal-abdulla-sen-giren-mese-deyil\\\/\"},\"author\":{\"name\":\"user-manager\",\"@id\":\"https:\\\/\\\/www.meydan.tv\\\/az\\\/#\\\/schema\\\/person\\\/10d11eccf6da3662cf5fdab9806ea91a\"},\"headline\":\"Kamal Abdulla s\u0259n gir\u0259n me\u015f\u0259 deyil\",\"datePublished\":\"2015-06-23T20:37:42+00:00\",\"mainEntityOfPage\":{\"@id\":\"https:\\\/\\\/www.meydan.tv\\\/az\\\/article\\\/kamal-abdulla-sen-giren-mese-deyil\\\/\"},\"wordCount\":784,\"publisher\":{\"@id\":\"https:\\\/\\\/www.meydan.tv\\\/az\\\/#organization\"},\"image\":{\"@id\":\"https:\\\/\\\/www.meydan.tv\\\/az\\\/article\\\/kamal-abdulla-sen-giren-mese-deyil\\\/#primaryimage\"},\"thumbnailUrl\":\"https:\\\/\\\/www.meydan.tv\\\/wp-content\\\/uploads\\\/10190.jpg\",\"articleSection\":[\"M\u0259nim Fikrimc\u0259\"],\"inLanguage\":\"az\"},{\"@type\":\"WebPage\",\"@id\":\"https:\\\/\\\/www.meydan.tv\\\/az\\\/article\\\/kamal-abdulla-sen-giren-mese-deyil\\\/\",\"url\":\"https:\\\/\\\/www.meydan.tv\\\/az\\\/article\\\/kamal-abdulla-sen-giren-mese-deyil\\\/\",\"name\":\"Kamal Abdulla s\u0259n gir\u0259n me\u015f\u0259 deyil - MEYDAN.TV\",\"isPartOf\":{\"@id\":\"https:\\\/\\\/www.meydan.tv\\\/az\\\/#website\"},\"primaryImageOfPage\":{\"@id\":\"https:\\\/\\\/www.meydan.tv\\\/az\\\/article\\\/kamal-abdulla-sen-giren-mese-deyil\\\/#primaryimage\"},\"image\":{\"@id\":\"https:\\\/\\\/www.meydan.tv\\\/az\\\/article\\\/kamal-abdulla-sen-giren-mese-deyil\\\/#primaryimage\"},\"thumbnailUrl\":\"https:\\\/\\\/www.meydan.tv\\\/wp-content\\\/uploads\\\/10190.jpg\",\"datePublished\":\"2015-06-23T20:37:42+00:00\",\"breadcrumb\":{\"@id\":\"https:\\\/\\\/www.meydan.tv\\\/az\\\/article\\\/kamal-abdulla-sen-giren-mese-deyil\\\/#breadcrumb\"},\"inLanguage\":\"az\",\"potentialAction\":[{\"@type\":\"ReadAction\",\"target\":[\"https:\\\/\\\/www.meydan.tv\\\/az\\\/article\\\/kamal-abdulla-sen-giren-mese-deyil\\\/\"]}]},{\"@type\":\"ImageObject\",\"inLanguage\":\"az\",\"@id\":\"https:\\\/\\\/www.meydan.tv\\\/az\\\/article\\\/kamal-abdulla-sen-giren-mese-deyil\\\/#primaryimage\",\"url\":\"https:\\\/\\\/www.meydan.tv\\\/wp-content\\\/uploads\\\/10190.jpg\",\"contentUrl\":\"https:\\\/\\\/www.meydan.tv\\\/wp-content\\\/uploads\\\/10190.jpg\",\"width\":400,\"height\":400,\"caption\":\"Source:\"},{\"@type\":\"BreadcrumbList\",\"@id\":\"https:\\\/\\\/www.meydan.tv\\\/az\\\/article\\\/kamal-abdulla-sen-giren-mese-deyil\\\/#breadcrumb\",\"itemListElement\":[{\"@type\":\"ListItem\",\"position\":1,\"name\":\"Ana s\u0259hif\u0259\",\"item\":\"https:\\\/\\\/www.meydan.tv\\\/az\\\/\"},{\"@type\":\"ListItem\",\"position\":2,\"name\":\"M\u0259nim Fikrimc\u0259\",\"item\":\"https:\\\/\\\/www.meydan.tv\\\/az\\\/section\\\/menim-fikrimce\\\/\"},{\"@type\":\"ListItem\",\"position\":3,\"name\":\"Kamal Abdulla s\u0259n gir\u0259n me\u015f\u0259 deyil\"}]},{\"@type\":\"WebSite\",\"@id\":\"https:\\\/\\\/www.meydan.tv\\\/az\\\/#website\",\"url\":\"https:\\\/\\\/www.meydan.tv\\\/az\\\/\",\"name\":\"MEYDAN.TV\",\"description\":\"Meydan TV Az\u0259rbaycan\u0131n media m\u0259kan\u0131ndak\u0131 alternativ s\u0259sidir\",\"publisher\":{\"@id\":\"https:\\\/\\\/www.meydan.tv\\\/az\\\/#organization\"},\"potentialAction\":[{\"@type\":\"SearchAction\",\"target\":{\"@type\":\"EntryPoint\",\"urlTemplate\":\"https:\\\/\\\/www.meydan.tv\\\/az\\\/?s={search_term_string}\"},\"query-input\":{\"@type\":\"PropertyValueSpecification\",\"valueRequired\":true,\"valueName\":\"search_term_string\"}}],\"inLanguage\":\"az\"},{\"@type\":\"Organization\",\"@id\":\"https:\\\/\\\/www.meydan.tv\\\/az\\\/#organization\",\"name\":\"Meydan TV\",\"url\":\"https:\\\/\\\/www.meydan.tv\\\/az\\\/\",\"logo\":{\"@type\":\"ImageObject\",\"inLanguage\":\"az\",\"@id\":\"https:\\\/\\\/www.meydan.tv\\\/az\\\/#\\\/schema\\\/logo\\\/image\\\/\",\"url\":\"https:\\\/\\\/www.meydan.tv\\\/wp-content\\\/uploads\\\/2021\\\/07\\\/meydan-logo.svg\",\"contentUrl\":\"https:\\\/\\\/www.meydan.tv\\\/wp-content\\\/uploads\\\/2021\\\/07\\\/meydan-logo.svg\",\"width\":195,\"height\":46,\"caption\":\"Meydan TV\"},\"image\":{\"@id\":\"https:\\\/\\\/www.meydan.tv\\\/az\\\/#\\\/schema\\\/logo\\\/image\\\/\"}},{\"@type\":\"Person\",\"@id\":\"https:\\\/\\\/www.meydan.tv\\\/az\\\/#\\\/schema\\\/person\\\/10d11eccf6da3662cf5fdab9806ea91a\",\"name\":\"user-manager\"}]}<\/script>\n<!-- \/ Yoast SEO plugin. -->","yoast_head_json":{"title":"Kamal Abdulla s\u0259n gir\u0259n me\u015f\u0259 deyil - MEYDAN.TV","robots":{"index":"index","follow":"follow","max-snippet":"max-snippet:-1","max-image-preview":"max-image-preview:large","max-video-preview":"max-video-preview:-1"},"canonical":"https:\/\/www.meydan.tv\/az\/article\/kamal-abdulla-sen-giren-mese-deyil\/","og_locale":"az_AZ","og_type":"article","og_title":"Kamal Abdulla s\u0259n gir\u0259n me\u015f\u0259 deyil - MEYDAN.TV","og_description":"A\u011falar\u0131n ayd\u0131rmas\u0131","og_url":"https:\/\/www.meydan.tv\/az\/article\/kamal-abdulla-sen-giren-mese-deyil\/","og_site_name":"MEYDAN.TV","article_published_time":"2015-06-23T20:37:42+00:00","og_image":[{"width":400,"height":400,"url":"https:\/\/www.meydan.tv\/wp-content\/uploads\/10190.jpg","type":"image\/jpeg"}],"author":"user-manager","twitter_card":"summary_large_image","schema":{"@context":"https:\/\/schema.org","@graph":[{"@type":"Article","@id":"https:\/\/www.meydan.tv\/az\/article\/kamal-abdulla-sen-giren-mese-deyil\/#article","isPartOf":{"@id":"https:\/\/www.meydan.tv\/az\/article\/kamal-abdulla-sen-giren-mese-deyil\/"},"author":{"name":"user-manager","@id":"https:\/\/www.meydan.tv\/az\/#\/schema\/person\/10d11eccf6da3662cf5fdab9806ea91a"},"headline":"Kamal Abdulla s\u0259n gir\u0259n me\u015f\u0259 deyil","datePublished":"2015-06-23T20:37:42+00:00","mainEntityOfPage":{"@id":"https:\/\/www.meydan.tv\/az\/article\/kamal-abdulla-sen-giren-mese-deyil\/"},"wordCount":784,"publisher":{"@id":"https:\/\/www.meydan.tv\/az\/#organization"},"image":{"@id":"https:\/\/www.meydan.tv\/az\/article\/kamal-abdulla-sen-giren-mese-deyil\/#primaryimage"},"thumbnailUrl":"https:\/\/www.meydan.tv\/wp-content\/uploads\/10190.jpg","articleSection":["M\u0259nim Fikrimc\u0259"],"inLanguage":"az"},{"@type":"WebPage","@id":"https:\/\/www.meydan.tv\/az\/article\/kamal-abdulla-sen-giren-mese-deyil\/","url":"https:\/\/www.meydan.tv\/az\/article\/kamal-abdulla-sen-giren-mese-deyil\/","name":"Kamal Abdulla s\u0259n gir\u0259n me\u015f\u0259 deyil - MEYDAN.TV","isPartOf":{"@id":"https:\/\/www.meydan.tv\/az\/#website"},"primaryImageOfPage":{"@id":"https:\/\/www.meydan.tv\/az\/article\/kamal-abdulla-sen-giren-mese-deyil\/#primaryimage"},"image":{"@id":"https:\/\/www.meydan.tv\/az\/article\/kamal-abdulla-sen-giren-mese-deyil\/#primaryimage"},"thumbnailUrl":"https:\/\/www.meydan.tv\/wp-content\/uploads\/10190.jpg","datePublished":"2015-06-23T20:37:42+00:00","breadcrumb":{"@id":"https:\/\/www.meydan.tv\/az\/article\/kamal-abdulla-sen-giren-mese-deyil\/#breadcrumb"},"inLanguage":"az","potentialAction":[{"@type":"ReadAction","target":["https:\/\/www.meydan.tv\/az\/article\/kamal-abdulla-sen-giren-mese-deyil\/"]}]},{"@type":"ImageObject","inLanguage":"az","@id":"https:\/\/www.meydan.tv\/az\/article\/kamal-abdulla-sen-giren-mese-deyil\/#primaryimage","url":"https:\/\/www.meydan.tv\/wp-content\/uploads\/10190.jpg","contentUrl":"https:\/\/www.meydan.tv\/wp-content\/uploads\/10190.jpg","width":400,"height":400,"caption":"Source:"},{"@type":"BreadcrumbList","@id":"https:\/\/www.meydan.tv\/az\/article\/kamal-abdulla-sen-giren-mese-deyil\/#breadcrumb","itemListElement":[{"@type":"ListItem","position":1,"name":"Ana s\u0259hif\u0259","item":"https:\/\/www.meydan.tv\/az\/"},{"@type":"ListItem","position":2,"name":"M\u0259nim Fikrimc\u0259","item":"https:\/\/www.meydan.tv\/az\/section\/menim-fikrimce\/"},{"@type":"ListItem","position":3,"name":"Kamal Abdulla s\u0259n gir\u0259n me\u015f\u0259 deyil"}]},{"@type":"WebSite","@id":"https:\/\/www.meydan.tv\/az\/#website","url":"https:\/\/www.meydan.tv\/az\/","name":"MEYDAN.TV","description":"Meydan TV Az\u0259rbaycan\u0131n media m\u0259kan\u0131ndak\u0131 alternativ s\u0259sidir","publisher":{"@id":"https:\/\/www.meydan.tv\/az\/#organization"},"potentialAction":[{"@type":"SearchAction","target":{"@type":"EntryPoint","urlTemplate":"https:\/\/www.meydan.tv\/az\/?s={search_term_string}"},"query-input":{"@type":"PropertyValueSpecification","valueRequired":true,"valueName":"search_term_string"}}],"inLanguage":"az"},{"@type":"Organization","@id":"https:\/\/www.meydan.tv\/az\/#organization","name":"Meydan TV","url":"https:\/\/www.meydan.tv\/az\/","logo":{"@type":"ImageObject","inLanguage":"az","@id":"https:\/\/www.meydan.tv\/az\/#\/schema\/logo\/image\/","url":"https:\/\/www.meydan.tv\/wp-content\/uploads\/2021\/07\/meydan-logo.svg","contentUrl":"https:\/\/www.meydan.tv\/wp-content\/uploads\/2021\/07\/meydan-logo.svg","width":195,"height":46,"caption":"Meydan TV"},"image":{"@id":"https:\/\/www.meydan.tv\/az\/#\/schema\/logo\/image\/"}},{"@type":"Person","@id":"https:\/\/www.meydan.tv\/az\/#\/schema\/person\/10d11eccf6da3662cf5fdab9806ea91a","name":"user-manager"}]}},"_links":{"self":[{"href":"https:\/\/www.meydan.tv\/az\/wp-json\/wp\/v2\/posts\/168590","targetHints":{"allow":["GET"]}}],"collection":[{"href":"https:\/\/www.meydan.tv\/az\/wp-json\/wp\/v2\/posts"}],"about":[{"href":"https:\/\/www.meydan.tv\/az\/wp-json\/wp\/v2\/types\/post"}],"author":[{"embeddable":true,"href":"https:\/\/www.meydan.tv\/az\/wp-json\/wp\/v2\/users\/11"}],"replies":[{"embeddable":true,"href":"https:\/\/www.meydan.tv\/az\/wp-json\/wp\/v2\/comments?post=168590"}],"version-history":[{"count":0,"href":"https:\/\/www.meydan.tv\/az\/wp-json\/wp\/v2\/posts\/168590\/revisions"}],"wp:featuredmedia":[{"embeddable":true,"href":"https:\/\/www.meydan.tv\/az\/wp-json\/wp\/v2\/media\/27655"}],"wp:attachment":[{"href":"https:\/\/www.meydan.tv\/az\/wp-json\/wp\/v2\/media?parent=168590"}],"wp:term":[{"taxonomy":"category","embeddable":true,"href":"https:\/\/www.meydan.tv\/az\/wp-json\/wp\/v2\/categories?post=168590"},{"taxonomy":"post_tag","embeddable":true,"href":"https:\/\/www.meydan.tv\/az\/wp-json\/wp\/v2\/tags?post=168590"}],"curies":[{"name":"wp","href":"https:\/\/api.w.org\/{rel}","templated":true}]}}