{"id":168570,"date":"2015-06-22T22:01:37","date_gmt":"2015-06-22T22:01:37","guid":{"rendered":"https:\/\/www.meydan.tv\/article\/kamal-abdullaya-cavab-hcavid-ilan-balasi-kimi\/"},"modified":"2015-06-22T22:01:37","modified_gmt":"2015-06-22T22:01:37","slug":"kamal-abdullaya-cavab-hcavid-ilan-balasi-kimi","status":"publish","type":"post","link":"https:\/\/www.meydan.tv\/az\/article\/kamal-abdullaya-cavab-hcavid-ilan-balasi-kimi\/","title":{"rendered":"Kamal Abdullaya cavab: H.Cavid &#8221;ilan balas\u0131&#8221; kimi"},"content":{"rendered":"<figure class=\"wp-block-image size-large\">\n  <img decoding=\"async\" src=\"https:\/\/www.meydan.tv\/az\/27423\/\" alt=\"\" class=\"wp-image-27423\"\/><figcaption><\/figcaption><\/figure>\n<figure class=\"wp-block-image size-large\">\n  <img decoding=\"async\" src=\"https:\/\/www.meydan.tv\/az\/27420\/\" alt=\"\" class=\"wp-image-27420\"\/><figcaption><\/figcaption><\/figure>\n<p>\n  Dilimizin t\u00fcrkiy\u0259c\u0259 qar\u015f\u0131s\u0131nda d\u00fc\u015fm\u0259y\u0259 ba\u015flad\u0131\u011f\u0131 \u201ck\u0259nd\u00e7i\u201d statusu haqq\u0131nda son zamanlar az qala q\u0131\u015fq\u0131ra-q\u0131\u015fq\u0131ra, silsil\u0259 m\u0259qal\u0259l\u0259r yaz\u0131ram. Bak\u0131dan is\u0259 he\u00e7 bir reaksiya g\u0259lmir. \u018fd\u0259biyyat saytlar\u0131n\u0131 i\u015fl\u0259d\u0259nl\u0259r, ola bilsin sizin \u00f6z\u00fcn\u00fcz\u00fcn bu m\u00fczakir\u0259l\u0259r\u0259 qo\u015fulma\u011fa biliyiniz \u00e7atm\u0131r, b\u0259s n\u0259 \u00fc\u00e7\u00fcn birc\u0259 yol da olsun kimd\u0259ns\u0259 bu m\u00f6vzuda bir fikir soru\u015fmad\u0131n\u0131z, r\u0259y ist\u0259m\u0259diniz, polemika a\u00e7mad\u0131n\u0131z? \u018fd\u0259biyyat\u0131n dill\u0259 azac\u0131q ba\u011fl\u0131l\u0131\u011f\u0131 olmal\u0131d\u0131r, dey\u0259s\u0259n, yox?\n<\/p>\n<p>\n  Bel\u0259 saytlardan birinin \u201cX\u0259b\u0259riniz var? A\u011falar Cavidi t\u0259hqir el\u0259yib!\u201d t\u0259qdimat\u0131 il\u0259 m\u00f6vzudan bix\u0259b\u0259r adamlar\u0131 \u00fcst\u00fcm\u0259 f\u0131sq\u0131rtmas\u0131n\u0131n mahiyy\u0259ti n\u0259dir? M\u0259n deyim n\u0259dir.\n<\/p>\n<p>\n  Bu, m\u00fcbariz\u0259dir, s\u0131radan \u00e7\u0131xarma m\u00fcbariz\u0259si, qaba\u011f\u0131n\u0131 alma m\u00fcbariz\u0259si, s\u0259si e\u015fidilm\u0259sin dey\u0259 d\u0259rc etm\u0259m\u0259k v\u0259 s\u00fcni xor d\u00fcz\u0259ld\u0259r\u0259k t\u0259kl\u0259m\u0259k, bel\u0259likl\u0259 g\u00f6zd\u0259n salma \u0259m\u0259liyyat\u0131, virtual da\u015f-qalaq, gizli r\u0259qab\u0259t d\u00f6y\u00fc\u015f\u00fc, \u00e7apan at\u0131n qaba\u011f\u0131na niz\u0259 uzatmaq f\u0259ndi. S\u0259b\u0259bl\u0259r bunlard\u0131r. Sizi n\u0259 intellektual polemika, n\u0259 dil, n\u0259 d\u0259 Cavid maraqland\u0131r\u0131r. Sizi m\u0259n maraqland\u0131r\u0131ram.\n<\/p>\n<p>\n  Qald\u0131rd\u0131\u011f\u0131m problemi K.Abdullaya a\u011f\u0131ll\u0131-ba\u015fl\u0131 yolla \u00e7atd\u0131rmaq, ondan bu m\u0259s\u0259l\u0259y\u0259 m\u00fcnasib\u0259t bildirm\u0259sini ist\u0259m\u0259k, bel\u0259likl\u0259, g\u00fccl\u0259rimizi, \u0259m\u0259kl\u0259rimizi birl\u0259\u015fdirm\u0259y\u0259 vasit\u0259\u00e7ilik etm\u0259k olard\u0131. Ancaq beyind\u0259n \u00e7olaq do\u011fulmu\u015f v\u0259 buna g\u00f6r\u0259 d\u0259 \u00f6m\u00fcrl\u00fck pax\u0131ll\u0131\u011fa m\u0259hkum edilmi\u015f miskin bir b\u00f6c\u0259k K.Abdullan\u0131 \u00fcst\u00fcm\u0259 m\u0259ni d\u00f6ys\u00fcn dey\u0259 g\u0259tirib.\n<\/p>\n<p>\n  ***\n<\/p>\n<p>\n  K.Abdulla da m\u00fcsahib\u0259sind\u0259 az qala h\u0259r sual\u0131n cavab\u0131nda m\u0259n\u0259 t\u0259hqir v\u0259 kin qusaraq, m\u0259ni tan\u0131maza-bilm\u0259z\u0259, oxumaza-anlamaza t\u00fcrk d\u0259y\u0259rl\u0259rin\u0259 nifr\u0259t ed\u0259n adam, hans\u0131sa siyasi oyunun bir par\u00e7as\u0131, bol\u015fevik, l\u0259yaq\u0259tsiz v\u0259 s. kimi olmaz\u0131n yarl\u0131qlarla xarakteriz\u0259 edib qoyub. S\u00f6z\u00fcn d\u00fcz\u00fc, bu kompleksli yek\u0259xana m\u0259mur-yaz\u0131\u00e7\u0131n\u0131, ya da o biril\u0259ri \u00e7ox da q\u0131namal\u0131 deyil, \u201cFilank\u0259s filank\u0259si s\u00f6y\u00fcb\u201d formas\u0131nda aravurucu qar\u0131lar\u0131n \u00fcsuluyla ortaya at\u0131lm\u0131\u015f m\u0259s\u0259l\u0259y\u0259 m\u00fcnasib\u0259t ba\u015fqa nec\u0259 olmal\u0131 idi. Ancaq h\u0259r halda g\u0259l\u0259n d\u00f6n\u00fcm bir az ehtiyatl\u0131 olsun dey\u0259 bir-iki s\u00f6z\u00fcm olacaq K.Abdullaya.\n<\/p>\n<p>\n  M\u00fcsahib\u0259l\u0259rind\u0259 ona qar\u015f\u0131 yaz\u0131lm\u0131\u015f b\u00fct\u00fcn t\u0259nqidl\u0259ri \u201ch\u0259dyan\u201d adland\u0131ran, \u00f6z t\u0259nqid\u00e7il\u0259rini a\u00e7\u0131q-a\u00e7\u0131\u011f\u0131na \u201cqanmay\u0131blar\u201d dey\u0259 xarakteriz\u0259 ed\u0259n, \u00f6z\u00fc haqq\u0131nda \u201cM\u0259n bil\u0259n, Kamal Abdulladan k\u0259narda \u0259d\u0259bi proses yoxdur\u201d dey\u0259n bu adam \u00f6z\u00fcn\u00fcn v\u0259hhabi mahiyy\u0259tini m\u0259n\u0259 s\u0131r\u0131\u015fd\u0131r\u0131r, m\u00f6vqeyimi \u201c\u0259d\u0259bi v\u0259hhabilik\u201d adland\u0131r\u0131r.\n<\/p>\n<p>\n  M\u0259n buradaca dayan\u0131b, onun m\u00fcdafi\u0259 etdiyi Cavidin u\u015faqlar \u00fc\u00e7\u00fcn m\u0259lum \u015feirini xat\u0131rlad\u0131ram ona: \u201c&#8230;\u2013 Bu d\u00fcnyada s\u0259nin \u0259n \u00e7oq sevdiyin, Kimdir quzum s\u00f6yl\u0259rmis\u0259n? \u2013 \u018fn \u00e7ox sevdiyim ilkin, O allah ki, yeri-g\u00f6y\u00fc, insanlar\u0131 x\u0259lq eyl\u0259r. \u2013 Sonra kiml\u0259r? \u2013 Sonra onun g\u00f6nd\u0259rdiyi el\u00e7il\u0259r. \u2013 Ba\u015fqa sevdikl\u0259rin nas\u0131l, yoqmu? Var&#8230; \u2013 Kimdir onlar? \u2013 Annem, babam, m\u00fc\u0259llim\u0259m, bir d\u0259 b\u00fct\u00fcn insanlar&#8230;\u201d\n<\/p>\n<p>\n  (H)\u0130erarxiyaya diqq\u0259tl\u0259 bax\u0131n: Allah, sonra 124 min pey\u011f\u0259mb\u0259r s\u00fcr\u00fcs\u00fc, ard\u0131nca ata-ana, n\u0259hay\u0259t \u0259n sonda elm v\u0259 insanl\u0131q! V\u0259hhabi \u015feirini kim yaz\u0131b, bu \u015feiri u\u015faq kitablar\u0131na kim sal\u0131b, v\u0259hhabiliyi \u00f6lk\u0259mizd\u0259 kim bec\u0259rir, g\u00f6r\u00fcrs\u00fcn\u00fczm\u00fc?! \u00d6t\u0259n m\u0259qal\u0259l\u0259rimin birind\u0259 yazm\u0131\u015fd\u0131m: Demokratiya \u2013 islam\u0131n l\u0259n\u0259tl\u0259diyi m\u00fc\u015friklikdir (pl\u00fcralizm); totalitarizm \u2013 islam\u0131n t\u0259bli\u011f etdiyi t\u00f6vhiddir (monoteizm). \u0130ndi vicdan\u0131n\u0131zla deyin, hans\u0131m\u0131z v\u0259hhabi d\u00fc\u015f\u00fcnc\u0259 s\u0259pkisin\u0259 yax\u0131n\u0131q, m\u0259n, ya Cavid v\u0259 siz?\n<\/p>\n<p>\n  K.Abdullaya t\u0259klifim budur: meydan.tv sayt\u0131n\u0131n arxivind\u0259n, ya da m\u0259nim bloqumdan (<br \/>\n  <a href=\"https:\/\/agalarmammadov.wordpress.com\/\" target=\"_blank\" rel=\"noopener\"><br \/>\n    https:\/\/agalarmammadov.wordpress.com<br \/>\n  <\/a><br \/>\n  ) dil m\u00f6vzusunda ard-arda yazd\u0131\u011f\u0131m be\u015f m\u0259qal\u0259mi bir-bir tap\u0131b oxusun, sonra dan\u0131\u015faq. Yoxsa, qalmaqal janr\u0131nda dan\u0131\u015fma\u011f\u0131 o \u00f6z\u00fcn\u0259 yara\u015fd\u0131rsa da, m\u0259n o s\u0259pkid\u0259 polemika etm\u0259k ist\u0259mir\u0259m. El\u0259 buna g\u00f6r\u0259 d\u0259, ona \u00f6z\u00fcm\u0259 yara\u015fan m\u00fcnasib\u0259t bildirim, onun v\u0259ziyy\u0259tin\u0259 d\u00fc\u015fm\u0259yim dey\u0259, h\u0259m d\u0259 \u00f6z m\u00f6vzumdan sapmay\u0131m dey\u0259 bu m\u0259qal\u0259ni yazmam\u0131\u015fdan qabaq internetd\u0259 onun dil m\u00f6vzusunda di\u015f\u0259d\u0259y\u0259n d\u00fc\u015f\u00fcnc\u0259l\u0259rini axtar\u0131b oxudum.\n<\/p>\n<p>\n  K.Abdulla deyir: \u201cM\u0259n Az\u0259rbaycan dilinin potensial\u0131nda yaz\u0131ram.\u201d O, el\u0259 bilir \u201cona el\u0259 g\u0259lir\u201d kimi bir c\u00fcml\u0259 qurmursa, \u0259r\u0259bc\u0259 \u201c\u0259hvalat\u201d s\u00f6z\u00fcnd\u0259n \u201c\u0259vv\u0259lat\u201d s\u00f6z\u00fc yarad\u0131rsa, \u0259r\u0259bc\u0259 \u201cinsan\u201d s\u00f6z\u00fcn\u0259 nam\u0259lum \u201c-san\u201d \u015f\u0259kil\u00e7isini art\u0131r\u0131b \u201cinsansan\u201d neoloqizmi yarad\u0131rsa v\u0259 s. dem\u0259li, art\u0131q potensialda yaz\u0131r.M\u0259n soru\u015fmaq ist\u0259rdim ondan: Az\u0259rbaycan dilinin potensial\u0131nda yazd\u0131\u011f\u0131n\u0131 iddia ed\u0259n bir yaz\u0131\u00e7\u0131 \u00f6z yaz\u0131\u00e7\u0131 \u00f6mr\u00fc boyunca dilimizin yuxuya getmi\u015f hans\u0131sa bir arxaizmini oyand\u0131r\u0131bm\u0131? El\u0259 D\u0259d\u0259 Qorqutun dilind\u0259n: imr\u0259nm\u0259k, imr\u0259nc\u0259, inaq, udlu, ay\u0131tmaq, \u00e7avlanmaq, yom, toxunc&#8230; Birc\u0259 d\u0259n\u0259sini d\u0259 oyatmay\u0131b!\n<\/p>\n<p>\n  Bu adam dilimizin filoloqudur, akademikdir, 40 ildir d\u0259d\u0259qorqut\u015f\u00fcnasl\u0131q el\u0259yir, ancaq \u201cB\u0259yr\u0259k\u201d ad\u0131n\u0131 h\u0259l\u0259 d\u0259 \u201cBeyr\u0259k\u201d yaz\u0131r. Bu adam h\u0259l\u0259 d\u0259 ba\u015fa d\u00fc\u015f\u0259 bilm\u0259yib indi oxuyacaqlar\u0131n\u0131z\u0131: \u201cboylu\u201d, \u201cbayraq\u201d, \u201cbay\u201d, \u201cb\u00f6y(\u00fck)\u201d kimi s\u00f6zl\u0259rl\u0259 do\u011fma olan \u201cb\u0259y\u201d s\u00f6z\u00fcn\u00fcn \u00f6z\u00fcl-denotativ m\u0259nas\u0131 h\u00fcnd\u00fcrl\u00fck, y\u00fcks\u0259klik, ucal\u0131q; derivativ-konnotativ m\u0259nas\u0131ysa z\u0259nginlik dem\u0259kdir. -raq, -r\u0259k sonlu\u011funa g\u0259ldikd\u0259, M.Kaz\u0131mb\u0259yin d\u0259 yazd\u0131\u011f\u0131 kimi, t\u00fcrk dill\u0259rind\u0259 bu sonluq sif\u0259tin \u00fcst\u00fcnl\u00fck d\u0259r\u0259c\u0259sini bildirir: art\u0131qraq \u2013 daha art\u0131q dem\u0259kdir, b\u00f6y\u00fckr\u0259k \u2013 daha b\u00f6y\u00fck dem\u0259kdir v\u0259 s. Bel\u0259likl\u0259, b\u0259yr\u0259k \u2013 daha h\u00fcnd\u00fcr, daha y\u00fcks\u0259k, daha uca, daha z\u0259ngin, bir s\u00f6zl\u0259, daha b\u0259y, b\u0259yd\u0259n \u00fcst\u00fcn dem\u0259kdir. Az\u0259rbaycan dilinin potensial\u0131nda yazd\u0131\u011f\u0131n\u0131 iddia ed\u0259n bizim bu d\u0259d\u0259qorqut\u015f\u00fcnas is\u0259 bu s\u00f6z\u00fc 40 ildir \u201cBeyr\u0259k\u201d kimi yaz\u0131r. \u018fzb\u0259r\u00e7i oldu\u011fu \u00fc\u00e7\u00fcn, k\u00f6\u00e7\u00fcrd\u00fcy\u00fc \u00fc\u00e7\u00fcn, d\u00fc\u015f\u00fcnm\u0259diyi \u00fc\u00e7\u00fcn.\n<\/p>\n<p>\n  T\u00fcrk dill\u0259rinin, bu s\u0131radan Az\u0259rbaycan t\u00fcrkc\u0259sinin prepozisional dil deyil, postpozisional dil oldu\u011fu b\u0259llidir. Bu, \u0259datlar\u0131n, qo\u015fmalar\u0131n, ba\u011flay\u0131c\u0131lar\u0131n aid olduqlar\u0131 s\u00f6zl\u0259rd\u0259n qabaq (pre) yox, sonra (post) dayanmas\u0131 qaydas\u0131d\u0131r; m\u0259s\u0259l\u0259n, \u201cs\u0259nin \u00fc\u00e7\u00fcn\u201d birl\u0259\u015fm\u0259sind\u0259 \u201c\u00fc\u00e7\u00fcn\u201d qo\u015fmas\u0131 \u201cs\u0259nin\u201dd\u0259n sonra (post) dayan\u0131r. Buna g\u00f6r\u0259 d\u0259 \u201cN\u0259 \u00fc\u00e7\u00fcn?\u201d kimi bir suala ana dilimizin sintaksisi il\u0259 \u201cHava isti oldu\u011fu \u00fc\u00e7\u00fcn\u201d kimi bir c\u00fcml\u0259yl\u0259 cavab verilm\u0259lidir, \u201c\u00c7\u00fcnki hava istidir\u201d c\u00fcml\u0259siyl\u0259 yox. \u201c(\u00dc)\u00c7\u00fcnki hava istidir\u201d kimi bir c\u00fcml\u0259d\u0259 \u201c\u00e7\u00fcnki\u201d x\u0259b\u0259rd\u0259n qaba\u011fa (pre) qoyulmu\u015f oldu\u011fu \u00fc\u00e7\u00fcn, bu c\u00fcml\u0259 tipik fars sintaksisi il\u0259 qurulmu\u015f olur. \u201cM\u0259n Az\u0259rbaycan dilind\u0259 yox, onun potensial\u0131nda yaz\u0131ram\u201d dey\u0259n yaz\u0131\u00e7\u0131n\u0131n romanlar\u0131 c\u00fcml\u0259ba\u015f\u0131 \u201c\u00e7\u00fcnki\u201dl\u0259rl\u0259, ba\u015fqa s\u00f6zl\u0259rl\u0259 des\u0259k, fars sintaksisiyl\u0259 qurulmu\u015f c\u00fcml\u0259l\u0259rl\u0259 doludur.\n<\/p>\n<p>\n  Yeri g\u0259lmi\u015fk\u0259n, maraqlananlar \u00fc\u00e7\u00fcn deyim: C\u00fcml\u0259daxili \u201cki\u201dl\u0259rd\u0259n qurtulmaq yetmir, c\u00fcml\u0259ba\u015f\u0131 \u201c\u00e7\u00fcnki\u201dl\u0259rd\u0259n d\u0259 \u0259l \u00e7\u0259km\u0259liyik. Potensiala yax\u0131nla\u015fmaq bel\u0259 olur.\n<\/p>\n<p>\n  K.Abdullan\u0131n dilinin says\u0131z probleml\u0259ri var: \u201cn\u0259 \u00fc\u00e7\u00fcn?\u201d il\u0259 \u201cniy\u0259?\u201dni f\u0259rql\u0259ndirm\u0259d\u0259n yaz\u0131r; \u201chans\u0131\u201d il\u0259 \u201chank\u0131\u201dn\u0131 ay\u0131rd etm\u0259d\u0259n yaz\u0131r v\u0259 s. M\u0259nim burada bu bir-iki misalla g\u00f6st\u0259rm\u0259k ist\u0259diyim budur: K.Abdullan\u0131n \u201cM\u0259n Az\u0259rbaycan dilinin potensial\u0131nda yaz\u0131ram\u201d dem\u0259si \u00fc\u00e7\u00fcn \u201cbir q\u0131lca(n)\u201d da (M.F\u00fczuli) haqq\u0131 yoxdur. Sad\u0259c\u0259 olaraq, onun dilimizin potensial\u0131 haqq\u0131nda t\u0259s\u0259vv\u00fcrl\u0259ri \u00e7ox dard\u0131r. Ancaq yen\u0259 d\u0259 \u201cM\u0259n Az\u0259rbaycan dilinin potensial\u0131nda yaz\u0131ram\u201d dey\u0259c\u0259ks\u0259, bu art\u0131q onun h\u0259m d\u0259 h\u0259yas\u0131n\u0131n s\u0259viyy\u0259sini g\u00f6st\u0259r\u0259c\u0259k.\n<\/p>\n<p>\n  ***\n<\/p>\n<p>\n  Ke\u00e7\u0259k H\u00fcseyn Cavid\u0259.\n<\/p>\n<p>\n  H\u0259r g\u00fcn minbir yerd\u0259 dindarlar M.F.Axundovu s\u00f6y\u00fcrl\u0259r. C\u0131nq\u0131r\u0131n\u0131 da \u00e7\u0131xaran yoxdur. Ancaq Cavid\u0259 dill\u0259nm\u0259k olmaz. Niy\u0259? Cavid \u2013 hakim klan\u0131n sevimlisi oldu\u011fu \u00fc\u00e7\u00fcn. Korrupt nazirl\u0259rd\u0259n birinin maliyy\u0259si il\u0259 i\u015fl\u0259y\u0259n saytlardan birinin \u00e7oban\u0131n\u0131n tez y\u00fcy\u00fcr\u00fcb d\u00f6vl\u0259t m\u0259muru K.Abdulladan m\u00fcsahib\u0259 almas\u0131n\u0131n s\u0259b\u0259bl\u0259rind\u0259n biri d\u0259 budur. Yaz\u0131\u00e7\u0131-m\u0259mur \u00f6z\u00fc bunu \u0259d\u0259bi s\u0259pkid\u0259 boynuna al\u0131b: \u201cCavidin da\u015f\u0131 a\u011f\u0131rd\u0131r.\u201d\n<\/p>\n<p>\n  Yaz\u0131\u00e7\u0131 dil \u00fc\u00e7\u00fcnd\u00fcr, dil yaz\u0131\u00e7\u0131 \u00fc\u00e7\u00fcn deyildir. N\u0259simil\u0259rd\u0259n, f\u00fczulil\u0259rd\u0259n bu xalqa n\u0259 qald\u0131? Ancaq dil. \u018fd\u0259biyyat\u0131n birinci i\u015fi dildir. Xalq da dili \u00fc\u00e7\u00fcnd\u00fcr. \u00dcmumiyy\u0259tl\u0259, dil n\u0259 \u00fc\u00e7\u00fcns\u0259 deyildir, n\u0259 varsa dil \u00fc\u00e7\u00fcnd\u00fcr. Az\u0259rbaycan \u0259d\u0259biyyat\u0131n\u0131n bu g\u00fcnk\u00fc ac\u0131nacaql\u0131 hal\u0131 dil\u0259 \u0259h\u0259miyy\u0259t verm\u0259m\u0259sind\u0259ndir. \u201cBa\u015fqa xalqlarda d\u00fc\u015f\u00fcnm\u0259nin (f\u0259ls\u0259f\u0259nin \u2013 A.Q.) geri qalmas\u0131 \u2013 o xalqlar\u0131n \u00f6z dill\u0259rind\u0259ki s\u0259si e\u015fid\u0259 bilm\u0259m\u0259kl\u0259rind\u0259ndir\u201d (M.Heidegger). Bizim bo\u015fbeyin bamb\u0131l\u0131lar is\u0259 T\u00fcrkiy\u0259 dil idar\u0259sinin kabinetl\u0259rind\u0259 yumurtlanm\u0131\u015f \u00f6n\u0259m, \u00f6z\u0259l, a\u00e7\u0131qlamaq kimi gic-gic\u0259 s\u00f6zl\u0259ri yaz\u0131lar\u0131nda i\u015fl\u0259tm\u0259kl\u0259 \u00f6zl\u0259rini modern san\u0131rlar; el\u0259 bilirl\u0259r bel\u0259 yazanda t\u00fcrkiy\u0259lil\u0259r onlar\u0131 oxuyur.\n<\/p>\n<p>\n  Cavidin g\u00fccl\u00fc sand\u0131\u011f\u0131 dil qar\u015f\u0131s\u0131nda buncan s\u0131y\u0131lmas\u0131n\u0131; Az\u0259rbaycan t\u00fcrkc\u0259sin\u0259 a\u011f\u0131z b\u00fcz\u00fcb onu osmanl\u0131can\u0131n aya\u011f\u0131na verm\u0259sini; Konyada oturub farsca yazan M\u00f6vlana kimi, G\u0259nc\u0259d\u0259 oturub farsca yazan Nizami kimi, Bak\u0131da oturub osmanl\u0131ca yazmas\u0131n\u0131; \u00f6z xalq\u0131n\u0131 saya salmay\u0131b onun \u00fc\u00e7\u00fcn yazmamas\u0131n\u0131; \u00f6z \u015fairliyini \u201cc\u0131r\u0131q-m\u0131r\u0131q\u201d az\u0259rbaycanl\u0131 k\u0259ndlisinin dilinin t\u0259r\u0259qqisi \u00fc\u00e7\u00fcn s\u0259rf etm\u0259m\u0259sini niy\u0259 \u201cO, ortaq t\u00fcrkc\u0259 yarad\u0131rd\u0131\u201d kimi t\u0259qdim edirsiniz? Osmanl\u0131ca n\u0259 zamandan t\u00fcrkc\u0259 adlan\u0131r? B\u0259y\u0259m, Az\u0259rbaycan dili t\u00fcrkc\u0259 deyil? T\u00fcrkiy\u0259d\u0259n ba\u015fqa bu boyda Turan\u0131n haras\u0131nda t\u00fcrkl\u0259r \u201cana\u201dya \u201cann\u0259\u201d deyibl\u0259r, deyirl\u0259r, dey\u0259rl\u0259r? A bunu m\u00fcdafi\u0259 etm\u0259k olar?!\n<\/p>\n<p>\n  A\u00e7\u0131q-ayd\u0131n: Cavid osmanl\u0131can\u0131n Az\u0259rbaycanda qulbe\u00e7\u0259liyini el\u0259yirdi, \u00f6z\u00fc d\u0259 ba\u015f qulbe\u00e7\u0259liyini. Az\u0259rbaycan t\u00fcrkc\u0259sini ikinci sort dil say\u0131b, t\u00fcrkiy\u0259c\u0259 qar\u015f\u0131s\u0131nda toyuqlanan indiki publisist, yaz\u0131\u00e7\u0131, \u015fair v\u0259 ba\u015fqalar\u0131n\u0131n ba\u015f qulbe\u00e7\u0259si Caviddir (bundan qabaqk\u0131 m\u0259qal\u0259l\u0259rimd\u0259 dan\u0131\u015fd\u0131\u011f\u0131m toyuq hekay\u0259sini xat\u0131rlay\u0131n). H\u0259min \u0259n\u0259n\u0259dir. Cavidin qulbe\u00e7\u0259liyini m\u00fcdafi\u0259 ed\u0259nl\u0259r\u0259 fikir verin: \u00c7oxusu m\u0259n dey\u0259n h\u0259min o toyuqlard\u0131r, t\u00fcrkiy\u0259c\u0259y\u0259 toyuqlananlar. Siz m\u0259ni Cavidi t\u0259hqir etdiyim\u0259 inand\u0131\u011f\u0131n\u0131za g\u00f6r\u0259 t\u0259hqir\u0259 layiq g\u00f6r\u00fcrs\u00fcn\u00fcz, m\u0259n d\u0259 Cavidi dilimizi saya salmad\u0131\u011f\u0131na g\u00f6r\u0259 osmanl\u0131can\u0131n qulbe\u00e7\u0259si adland\u0131rma\u011fa layiq g\u00f6r\u00fcr\u0259m.\n<\/p>\n<p>\n  Xalq\u0131n\u0131 \u201cm\u0259nim c\u0131r\u0131q-m\u0131r\u0131q qarda\u015flar\u0131m\u201d dey\u0259 \u00e7a\u011f\u0131ran M.C\u0259lil isinm\u0259k \u00fc\u00e7\u00fcn \u0259lyazmalar\u0131n\u0131 yanan oca\u011fa atanda Cavid M.Ba\u011f\u0131rova balkonu d\u0259niz\u0259 baxan evd\u0259 ya\u015famaq \u00fc\u00e7\u00fcn xahi\u015fnam\u0259 yaz\u0131rd\u0131. (G\u00f6r\u0259s\u0259n, bu m\u0259ktubu da osmanl\u0131ca yazm\u0131\u015fd\u0131?) H.Cavid o d\u00f6vr\u00fcn Anar\u0131, \u00c7ingizi, Kamal\u0131 idi; iddia v\u0259 t\u0259\u015f\u0259xx\u00fcsl\u0259ri z\u0259ka v\u0259 l\u0259yaq\u0259tl\u0259rind\u0259n \u00e7ox olan me\u015f\u015fanlar. \u015e\u0259xs\u0259n m\u0259n bunlar\u0131n ham\u0131s\u0131n\u0131 ke\u00e7\u0259r\u0259m Cavid\u0259, Sibird\u0259 donmas\u0131 da \u00fcr\u0259yimi y\u0131rt\u0131r, ancaq Az\u0259rbaycan t\u00fcrkc\u0259sini osmanl\u0131cadan a\u015fa\u011f\u0131 tutmas\u0131n\u0131 ba\u011f\u0131\u015flamaq olmur.\n<\/p>\n<p>\n  Se\u00e7ilm\u0259k \u00fc\u00e7\u00fcn \u00f6z\u00fc il\u0259 ba\u015fqalar\u0131 aras\u0131nda s\u00fcni dil baryeri yaradan adamlar dilin \u015feyxn\u0259srullahlar\u0131d\u0131r. Az\u0259rbaycanl\u0131 bir \u015fairin \u201cyuxu\u201dnu \u201cuyqu\u201d; \u201cqorxuram\u201d\u0131 \u201cqorquyorum\u201d, \u201cana\u201dn\u0131 \u201cann\u0259\u201d v\u0259 s. yazmaqla diqq\u0259t c\u0259lb ed\u0259c\u0259yin\u0259 inanmas\u0131 \u00fc\u00e7\u00fcn n\u0259 q\u0259d\u0259r \u00e7iy v\u0259 kal olmas\u0131 laz\u0131md\u0131r. Cavid yeniyetm\u0259 \u015f\u00fcurunda idi.\n<\/p>\n<p>\n  Ana dilimiz m\u0259s\u0259l\u0259sind\u0259 Cavid bizim \u00fc\u00e7\u00fcn \u0259n yax\u015f\u0131 halda \u201cd\u00f6\u015f\u00fcn\u00fcn alt\u0131nda sev\u0259n bir \u00fcr\u0259k, dilinin alt\u0131nda z\u0259h\u0259r tulu\u011fu\u201d g\u0259zdir\u0259n \u201cilan balas\u0131\u201d idi. Bu, ac\u0131 h\u0259qiq\u0259tdir.\n<\/p>\n<p>\n  ***\n<\/p>\n<p>\n  G\u0259l\u0259k, m\u0259nim \u201cvaxt\u0131nda repressiya edilm\u0259s\u0259ydi\u201d yar\u0131mc\u00fcml\u0259m\u0259.\n<\/p>\n<p>\n  O yar\u0131mc\u00fcml\u0259 bel\u0259 d\u0259 qurula bil\u0259rdi: vaxt\u0131nda qon\u015fusu t\u0259r\u0259find\u0259n b\u0131\u00e7aqlan\u0131b \u00f6ld\u00fcr\u00fclm\u0259s\u0259ydi, vaxt\u0131nda h\u0259yat yolda\u015f\u0131 t\u0259r\u0259find\u0259n q\u0131sqancl\u0131q z\u0259minind\u0259 q\u0259tl edilm\u0259s\u0259ydi, vaxt\u0131nda suda bo\u011fulmasayd\u0131, vaxt\u0131nda iflic ke\u00e7irib yazma\u011f\u0131 dayand\u0131rmasayd\u0131 v\u0259 s. B\u0259y\u0259m, indi bel\u0259 yar\u0131mc\u00fcml\u0259l\u0259r qon\u015fusu t\u0259r\u0259find\u0259n b\u0131\u00e7aqlanma\u011fa haq qazand\u0131r\u0131r, ya h\u0259yat yolda\u015f\u0131n\u0131 q\u0131sqancl\u0131q z\u0259minind\u0259 \u00f6ld\u00fcrm\u0259y\u0259, b\u0259lk\u0259 h\u0259yat\u0131n fatalist-dini \u015f\u0259rhin\u0259?\n<\/p>\n<p>\n  H\u0259min m\u0259qal\u0259d\u0259 bel\u0259 bir c\u00fcml\u0259mi d\u0259 oxumusunuz: \u201cCavidin osmanl\u0131ca dan\u0131\u015f\u0131\u011f\u0131n\u0131n Az\u0259rbaycan dili \u00fcz\u0259rind\u0259 t\u0259sirini azaldan faktorlardan ba\u015fl\u0131cas\u0131 Sovet ideologiyas\u0131n\u0131n pant\u00fcrkizm\u0259 d\u00fc\u015fm\u0259nc\u0259sin\u0259 yana\u015fmas\u0131 oldu, \u0259ks halda, indiy\u0259 Az\u0259rbaycan t\u00fcrkc\u0259si osmanl\u0131can\u0131n g\u00fcn\u00fcn\u0259 d\u00fc\u015fm\u00fc\u015fd\u00fc.\u201d Onda bel\u0259 \u00e7\u0131x\u0131r m\u0259n bu c\u00fcml\u0259yl\u0259 d\u0259 sovetin antit\u00fcrkizmini m\u00fcdafi\u0259 etmi\u015f\u0259m, ya alq\u0131\u015flam\u0131\u015fam?!\n<\/p>\n<p>\n  O yar\u0131mc\u00fcml\u0259d\u0259 m\u00fc\u0259yy\u0259n bir f\u0259aliyy\u0259ti yar\u0131da k\u0259s\u0259n hans\u0131sa tarixi-t\u0259sad\u00fcfi s\u0259b\u0259b g\u00f6st\u0259rilir; o s\u0259b\u0259b q\u0259bul edilib, alq\u0131\u015flanm\u0131r, \u201cay n\u0259 yax\u015f\u0131 oldu\u201d deyilmir.\n<\/p>\n<p>\n  \u201cVaxt\u0131nda\u201d \u2013 o vaxt, h\u0259min vaxt, vaxt\u0131-zaman\u0131nda dem\u0259kdir. Bel\u0259likl\u0259, \u201cVaxt\u0131nda repressiya edilm\u0259s\u0259ydi, dilimizi daha da zibill\u0259y\u0259c\u0259kdi\u201d: O vaxt\u0131 repressiya n\u0259tic\u0259sind\u0259 \u00f6lm\u0259mi\u015f olsayd\u0131, y\u0259ni vaxt\u0131-zaman\u0131nda bu proses dayan(d\u0131r\u0131l)mam\u0131\u015f olsayd\u0131, dilimizi zibill\u0259m\u0259y\u0259 davam ed\u0259c\u0259kdi.\n<\/p>\n<p>\n  Sizi q\u0131namal\u0131 da deyil, m\u0259n\u0259 qar\u015f\u0131 nifr\u0259t qatran\u0131n\u0131z yaman qat\u0131d\u0131r, \u00f6z\u00fc d\u0259 bu qatran n\u0259 \u00fc\u00e7\u00fcns\u0259 g\u00fcnd\u0259n-g\u00fcn\u0259 qat\u0131la\u015f\u0131r, n\u0259 qat\u0131la\u015f\u0131r; bu da m\u0259nim c\u00fcml\u0259l\u0259rimi, h\u0259tta bir yar\u0131mc\u00fcml\u0259ciyimi bel\u0259 sevinc\u0259k pis\u0259 yozmaq \u00fc\u00e7\u00fcn siz\u0259 preloqik t\u0259sir g\u00f6st\u0259rir.<\/p>\n","protected":false},"excerpt":{"rendered":"<p>Dil n\u0259 \u00fc\u00e7\u00fcns\u0259 deyildir, n\u0259 varsa dil \u00fc\u00e7\u00fcnd\u00fcr&#8230;<\/p>\n","protected":false},"author":11,"featured_media":27423,"comment_status":"closed","ping_status":"open","sticky":false,"template":"","format":"standard","meta":{"_acf_changed":false,"_sitemap_exclude":false,"_sitemap_priority":"","_sitemap_frequency":"","footnotes":""},"categories":[57],"tags":[],"class_list":["post-168570","post","type-post","status-publish","format-standard","has-post-thumbnail","hentry","category-menim-fikrimce","infinite-scroll-item","generate-columns","tablet-grid-50","mobile-grid-100","grid-parent","grid-33","no-featured-image-padding"],"acf":[],"yoast_head":"<!-- This site is optimized with the Yoast SEO plugin v27.5 - https:\/\/yoast.com\/product\/yoast-seo-wordpress\/ -->\n<title>Kamal Abdullaya cavab: H.Cavid &#039;&#039;ilan balas\u0131&#039;&#039; kimi - MEYDAN.TV<\/title>\n<meta name=\"robots\" content=\"index, follow, max-snippet:-1, max-image-preview:large, max-video-preview:-1\" \/>\n<link rel=\"canonical\" href=\"https:\/\/www.meydan.tv\/az\/article\/kamal-abdullaya-cavab-hcavid-ilan-balasi-kimi\/\" \/>\n<meta property=\"og:locale\" content=\"az_AZ\" \/>\n<meta property=\"og:type\" content=\"article\" \/>\n<meta property=\"og:title\" content=\"Kamal Abdullaya cavab: H.Cavid &#039;&#039;ilan balas\u0131&#039;&#039; kimi - MEYDAN.TV\" \/>\n<meta property=\"og:description\" content=\"Dil n\u0259 \u00fc\u00e7\u00fcns\u0259 deyildir, n\u0259 varsa dil \u00fc\u00e7\u00fcnd\u00fcr...\" \/>\n<meta property=\"og:url\" content=\"https:\/\/www.meydan.tv\/az\/article\/kamal-abdullaya-cavab-hcavid-ilan-balasi-kimi\/\" \/>\n<meta property=\"og:site_name\" content=\"MEYDAN.TV\" \/>\n<meta property=\"article:published_time\" content=\"2015-06-22T22:01:37+00:00\" \/>\n<meta property=\"og:image\" content=\"https:\/\/www.meydan.tv\/wp-content\/uploads\/10160.jpg\" \/>\n\t<meta property=\"og:image:width\" content=\"500\" \/>\n\t<meta property=\"og:image:height\" content=\"500\" \/>\n\t<meta property=\"og:image:type\" content=\"image\/jpeg\" \/>\n<meta name=\"author\" content=\"user-manager\" \/>\n<meta name=\"twitter:card\" content=\"summary_large_image\" \/>\n<script type=\"application\/ld+json\" class=\"yoast-schema-graph\">{\"@context\":\"https:\\\/\\\/schema.org\",\"@graph\":[{\"@type\":\"Article\",\"@id\":\"https:\\\/\\\/www.meydan.tv\\\/az\\\/article\\\/kamal-abdullaya-cavab-hcavid-ilan-balasi-kimi\\\/#article\",\"isPartOf\":{\"@id\":\"https:\\\/\\\/www.meydan.tv\\\/az\\\/article\\\/kamal-abdullaya-cavab-hcavid-ilan-balasi-kimi\\\/\"},\"author\":{\"name\":\"user-manager\",\"@id\":\"https:\\\/\\\/www.meydan.tv\\\/az\\\/#\\\/schema\\\/person\\\/10d11eccf6da3662cf5fdab9806ea91a\"},\"headline\":\"Kamal Abdullaya cavab: H.Cavid &#8221;ilan balas\u0131&#8221; kimi\",\"datePublished\":\"2015-06-22T22:01:37+00:00\",\"mainEntityOfPage\":{\"@id\":\"https:\\\/\\\/www.meydan.tv\\\/az\\\/article\\\/kamal-abdullaya-cavab-hcavid-ilan-balasi-kimi\\\/\"},\"wordCount\":2594,\"publisher\":{\"@id\":\"https:\\\/\\\/www.meydan.tv\\\/az\\\/#organization\"},\"image\":{\"@id\":\"https:\\\/\\\/www.meydan.tv\\\/az\\\/article\\\/kamal-abdullaya-cavab-hcavid-ilan-balasi-kimi\\\/#primaryimage\"},\"thumbnailUrl\":\"https:\\\/\\\/www.meydan.tv\\\/wp-content\\\/uploads\\\/10160.jpg\",\"articleSection\":[\"M\u0259nim Fikrimc\u0259\"],\"inLanguage\":\"az\"},{\"@type\":\"WebPage\",\"@id\":\"https:\\\/\\\/www.meydan.tv\\\/az\\\/article\\\/kamal-abdullaya-cavab-hcavid-ilan-balasi-kimi\\\/\",\"url\":\"https:\\\/\\\/www.meydan.tv\\\/az\\\/article\\\/kamal-abdullaya-cavab-hcavid-ilan-balasi-kimi\\\/\",\"name\":\"Kamal Abdullaya cavab: H.Cavid ''ilan balas\u0131'' kimi - MEYDAN.TV\",\"isPartOf\":{\"@id\":\"https:\\\/\\\/www.meydan.tv\\\/az\\\/#website\"},\"primaryImageOfPage\":{\"@id\":\"https:\\\/\\\/www.meydan.tv\\\/az\\\/article\\\/kamal-abdullaya-cavab-hcavid-ilan-balasi-kimi\\\/#primaryimage\"},\"image\":{\"@id\":\"https:\\\/\\\/www.meydan.tv\\\/az\\\/article\\\/kamal-abdullaya-cavab-hcavid-ilan-balasi-kimi\\\/#primaryimage\"},\"thumbnailUrl\":\"https:\\\/\\\/www.meydan.tv\\\/wp-content\\\/uploads\\\/10160.jpg\",\"datePublished\":\"2015-06-22T22:01:37+00:00\",\"breadcrumb\":{\"@id\":\"https:\\\/\\\/www.meydan.tv\\\/az\\\/article\\\/kamal-abdullaya-cavab-hcavid-ilan-balasi-kimi\\\/#breadcrumb\"},\"inLanguage\":\"az\",\"potentialAction\":[{\"@type\":\"ReadAction\",\"target\":[\"https:\\\/\\\/www.meydan.tv\\\/az\\\/article\\\/kamal-abdullaya-cavab-hcavid-ilan-balasi-kimi\\\/\"]}]},{\"@type\":\"ImageObject\",\"inLanguage\":\"az\",\"@id\":\"https:\\\/\\\/www.meydan.tv\\\/az\\\/article\\\/kamal-abdullaya-cavab-hcavid-ilan-balasi-kimi\\\/#primaryimage\",\"url\":\"https:\\\/\\\/www.meydan.tv\\\/wp-content\\\/uploads\\\/10160.jpg\",\"contentUrl\":\"https:\\\/\\\/www.meydan.tv\\\/wp-content\\\/uploads\\\/10160.jpg\",\"width\":500,\"height\":500,\"caption\":\"Source:\"},{\"@type\":\"BreadcrumbList\",\"@id\":\"https:\\\/\\\/www.meydan.tv\\\/az\\\/article\\\/kamal-abdullaya-cavab-hcavid-ilan-balasi-kimi\\\/#breadcrumb\",\"itemListElement\":[{\"@type\":\"ListItem\",\"position\":1,\"name\":\"Ana s\u0259hif\u0259\",\"item\":\"https:\\\/\\\/www.meydan.tv\\\/az\\\/\"},{\"@type\":\"ListItem\",\"position\":2,\"name\":\"M\u0259nim Fikrimc\u0259\",\"item\":\"https:\\\/\\\/www.meydan.tv\\\/az\\\/section\\\/menim-fikrimce\\\/\"},{\"@type\":\"ListItem\",\"position\":3,\"name\":\"Kamal Abdullaya cavab: H.Cavid &#8221;ilan balas\u0131&#8221; kimi\"}]},{\"@type\":\"WebSite\",\"@id\":\"https:\\\/\\\/www.meydan.tv\\\/az\\\/#website\",\"url\":\"https:\\\/\\\/www.meydan.tv\\\/az\\\/\",\"name\":\"MEYDAN.TV\",\"description\":\"Meydan TV Az\u0259rbaycan\u0131n media m\u0259kan\u0131ndak\u0131 alternativ s\u0259sidir\",\"publisher\":{\"@id\":\"https:\\\/\\\/www.meydan.tv\\\/az\\\/#organization\"},\"potentialAction\":[{\"@type\":\"SearchAction\",\"target\":{\"@type\":\"EntryPoint\",\"urlTemplate\":\"https:\\\/\\\/www.meydan.tv\\\/az\\\/?s={search_term_string}\"},\"query-input\":{\"@type\":\"PropertyValueSpecification\",\"valueRequired\":true,\"valueName\":\"search_term_string\"}}],\"inLanguage\":\"az\"},{\"@type\":\"Organization\",\"@id\":\"https:\\\/\\\/www.meydan.tv\\\/az\\\/#organization\",\"name\":\"Meydan TV\",\"url\":\"https:\\\/\\\/www.meydan.tv\\\/az\\\/\",\"logo\":{\"@type\":\"ImageObject\",\"inLanguage\":\"az\",\"@id\":\"https:\\\/\\\/www.meydan.tv\\\/az\\\/#\\\/schema\\\/logo\\\/image\\\/\",\"url\":\"https:\\\/\\\/www.meydan.tv\\\/wp-content\\\/uploads\\\/2021\\\/07\\\/meydan-logo.svg\",\"contentUrl\":\"https:\\\/\\\/www.meydan.tv\\\/wp-content\\\/uploads\\\/2021\\\/07\\\/meydan-logo.svg\",\"width\":195,\"height\":46,\"caption\":\"Meydan TV\"},\"image\":{\"@id\":\"https:\\\/\\\/www.meydan.tv\\\/az\\\/#\\\/schema\\\/logo\\\/image\\\/\"}},{\"@type\":\"Person\",\"@id\":\"https:\\\/\\\/www.meydan.tv\\\/az\\\/#\\\/schema\\\/person\\\/10d11eccf6da3662cf5fdab9806ea91a\",\"name\":\"user-manager\"}]}<\/script>\n<!-- \/ Yoast SEO plugin. -->","yoast_head_json":{"title":"Kamal Abdullaya cavab: H.Cavid ''ilan balas\u0131'' kimi - MEYDAN.TV","robots":{"index":"index","follow":"follow","max-snippet":"max-snippet:-1","max-image-preview":"max-image-preview:large","max-video-preview":"max-video-preview:-1"},"canonical":"https:\/\/www.meydan.tv\/az\/article\/kamal-abdullaya-cavab-hcavid-ilan-balasi-kimi\/","og_locale":"az_AZ","og_type":"article","og_title":"Kamal Abdullaya cavab: H.Cavid ''ilan balas\u0131'' kimi - MEYDAN.TV","og_description":"Dil n\u0259 \u00fc\u00e7\u00fcns\u0259 deyildir, n\u0259 varsa dil \u00fc\u00e7\u00fcnd\u00fcr...","og_url":"https:\/\/www.meydan.tv\/az\/article\/kamal-abdullaya-cavab-hcavid-ilan-balasi-kimi\/","og_site_name":"MEYDAN.TV","article_published_time":"2015-06-22T22:01:37+00:00","og_image":[{"width":500,"height":500,"url":"https:\/\/www.meydan.tv\/wp-content\/uploads\/10160.jpg","type":"image\/jpeg"}],"author":"user-manager","twitter_card":"summary_large_image","schema":{"@context":"https:\/\/schema.org","@graph":[{"@type":"Article","@id":"https:\/\/www.meydan.tv\/az\/article\/kamal-abdullaya-cavab-hcavid-ilan-balasi-kimi\/#article","isPartOf":{"@id":"https:\/\/www.meydan.tv\/az\/article\/kamal-abdullaya-cavab-hcavid-ilan-balasi-kimi\/"},"author":{"name":"user-manager","@id":"https:\/\/www.meydan.tv\/az\/#\/schema\/person\/10d11eccf6da3662cf5fdab9806ea91a"},"headline":"Kamal Abdullaya cavab: H.Cavid &#8221;ilan balas\u0131&#8221; kimi","datePublished":"2015-06-22T22:01:37+00:00","mainEntityOfPage":{"@id":"https:\/\/www.meydan.tv\/az\/article\/kamal-abdullaya-cavab-hcavid-ilan-balasi-kimi\/"},"wordCount":2594,"publisher":{"@id":"https:\/\/www.meydan.tv\/az\/#organization"},"image":{"@id":"https:\/\/www.meydan.tv\/az\/article\/kamal-abdullaya-cavab-hcavid-ilan-balasi-kimi\/#primaryimage"},"thumbnailUrl":"https:\/\/www.meydan.tv\/wp-content\/uploads\/10160.jpg","articleSection":["M\u0259nim Fikrimc\u0259"],"inLanguage":"az"},{"@type":"WebPage","@id":"https:\/\/www.meydan.tv\/az\/article\/kamal-abdullaya-cavab-hcavid-ilan-balasi-kimi\/","url":"https:\/\/www.meydan.tv\/az\/article\/kamal-abdullaya-cavab-hcavid-ilan-balasi-kimi\/","name":"Kamal Abdullaya cavab: H.Cavid ''ilan balas\u0131'' kimi - MEYDAN.TV","isPartOf":{"@id":"https:\/\/www.meydan.tv\/az\/#website"},"primaryImageOfPage":{"@id":"https:\/\/www.meydan.tv\/az\/article\/kamal-abdullaya-cavab-hcavid-ilan-balasi-kimi\/#primaryimage"},"image":{"@id":"https:\/\/www.meydan.tv\/az\/article\/kamal-abdullaya-cavab-hcavid-ilan-balasi-kimi\/#primaryimage"},"thumbnailUrl":"https:\/\/www.meydan.tv\/wp-content\/uploads\/10160.jpg","datePublished":"2015-06-22T22:01:37+00:00","breadcrumb":{"@id":"https:\/\/www.meydan.tv\/az\/article\/kamal-abdullaya-cavab-hcavid-ilan-balasi-kimi\/#breadcrumb"},"inLanguage":"az","potentialAction":[{"@type":"ReadAction","target":["https:\/\/www.meydan.tv\/az\/article\/kamal-abdullaya-cavab-hcavid-ilan-balasi-kimi\/"]}]},{"@type":"ImageObject","inLanguage":"az","@id":"https:\/\/www.meydan.tv\/az\/article\/kamal-abdullaya-cavab-hcavid-ilan-balasi-kimi\/#primaryimage","url":"https:\/\/www.meydan.tv\/wp-content\/uploads\/10160.jpg","contentUrl":"https:\/\/www.meydan.tv\/wp-content\/uploads\/10160.jpg","width":500,"height":500,"caption":"Source:"},{"@type":"BreadcrumbList","@id":"https:\/\/www.meydan.tv\/az\/article\/kamal-abdullaya-cavab-hcavid-ilan-balasi-kimi\/#breadcrumb","itemListElement":[{"@type":"ListItem","position":1,"name":"Ana s\u0259hif\u0259","item":"https:\/\/www.meydan.tv\/az\/"},{"@type":"ListItem","position":2,"name":"M\u0259nim Fikrimc\u0259","item":"https:\/\/www.meydan.tv\/az\/section\/menim-fikrimce\/"},{"@type":"ListItem","position":3,"name":"Kamal Abdullaya cavab: H.Cavid &#8221;ilan balas\u0131&#8221; kimi"}]},{"@type":"WebSite","@id":"https:\/\/www.meydan.tv\/az\/#website","url":"https:\/\/www.meydan.tv\/az\/","name":"MEYDAN.TV","description":"Meydan TV Az\u0259rbaycan\u0131n media m\u0259kan\u0131ndak\u0131 alternativ s\u0259sidir","publisher":{"@id":"https:\/\/www.meydan.tv\/az\/#organization"},"potentialAction":[{"@type":"SearchAction","target":{"@type":"EntryPoint","urlTemplate":"https:\/\/www.meydan.tv\/az\/?s={search_term_string}"},"query-input":{"@type":"PropertyValueSpecification","valueRequired":true,"valueName":"search_term_string"}}],"inLanguage":"az"},{"@type":"Organization","@id":"https:\/\/www.meydan.tv\/az\/#organization","name":"Meydan TV","url":"https:\/\/www.meydan.tv\/az\/","logo":{"@type":"ImageObject","inLanguage":"az","@id":"https:\/\/www.meydan.tv\/az\/#\/schema\/logo\/image\/","url":"https:\/\/www.meydan.tv\/wp-content\/uploads\/2021\/07\/meydan-logo.svg","contentUrl":"https:\/\/www.meydan.tv\/wp-content\/uploads\/2021\/07\/meydan-logo.svg","width":195,"height":46,"caption":"Meydan TV"},"image":{"@id":"https:\/\/www.meydan.tv\/az\/#\/schema\/logo\/image\/"}},{"@type":"Person","@id":"https:\/\/www.meydan.tv\/az\/#\/schema\/person\/10d11eccf6da3662cf5fdab9806ea91a","name":"user-manager"}]}},"_links":{"self":[{"href":"https:\/\/www.meydan.tv\/az\/wp-json\/wp\/v2\/posts\/168570","targetHints":{"allow":["GET"]}}],"collection":[{"href":"https:\/\/www.meydan.tv\/az\/wp-json\/wp\/v2\/posts"}],"about":[{"href":"https:\/\/www.meydan.tv\/az\/wp-json\/wp\/v2\/types\/post"}],"author":[{"embeddable":true,"href":"https:\/\/www.meydan.tv\/az\/wp-json\/wp\/v2\/users\/11"}],"replies":[{"embeddable":true,"href":"https:\/\/www.meydan.tv\/az\/wp-json\/wp\/v2\/comments?post=168570"}],"version-history":[{"count":0,"href":"https:\/\/www.meydan.tv\/az\/wp-json\/wp\/v2\/posts\/168570\/revisions"}],"wp:featuredmedia":[{"embeddable":true,"href":"https:\/\/www.meydan.tv\/az\/wp-json\/wp\/v2\/media\/27423"}],"wp:attachment":[{"href":"https:\/\/www.meydan.tv\/az\/wp-json\/wp\/v2\/media?parent=168570"}],"wp:term":[{"taxonomy":"category","embeddable":true,"href":"https:\/\/www.meydan.tv\/az\/wp-json\/wp\/v2\/categories?post=168570"},{"taxonomy":"post_tag","embeddable":true,"href":"https:\/\/www.meydan.tv\/az\/wp-json\/wp\/v2\/tags?post=168570"}],"curies":[{"name":"wp","href":"https:\/\/api.w.org\/{rel}","templated":true}]}}