{"id":168555,"date":"2015-06-22T06:51:47","date_gmt":"2015-06-22T06:51:47","guid":{"rendered":"https:\/\/www.meydan.tv\/article\/kutle-adli-pozgun-qadin\/"},"modified":"2015-06-22T06:51:47","modified_gmt":"2015-06-22T06:51:47","slug":"kutle-adli-pozgun-qadin","status":"publish","type":"post","link":"https:\/\/www.meydan.tv\/az\/article\/kutle-adli-pozgun-qadin\/","title":{"rendered":"K\u00fctl\u0259 adl\u0131 pozgun qad\u0131n"},"content":{"rendered":"<figure class=\"wp-block-image size-large\">\n  <img decoding=\"async\" src=\"https:\/\/www.meydan.tv\/az\/26050\/\" alt=\"\" class=\"wp-image-26050\"\/><figcaption><\/figcaption><\/figure>\n<figure class=\"wp-block-image size-large\">\n  <img decoding=\"async\" src=\"https:\/\/www.meydan.tv\/az\/26053\/\" alt=\"\" class=\"wp-image-26053\"\/><figcaption><\/figcaption><\/figure>\n<p>\n  O g\u00fcnl\u0259rd\u0259 bir sitat oxudum.<br \/>\n  <br \/>\n  &#8220;K\u00fctl\u0259 poz\u011fun qad\u0131n kimidir, kim g\u00fccl\u00fcd\u00fcrs\u0259 onunla yata\u011fa girir.&#8221;\n<\/p>\n<p>\n  Orxan Fikr\u0259to\u011flunun &#8221; \u00d6l\u00fc M\u0259tn&#8221; \u0259s\u0259rind\u0259n \u00e7\u0131xar\u0131lm\u0131\u015fd\u0131.Maraql\u0131 fikirl\u0259r idi. B\u0259lk\u0259 d\u0259 m\u0259nim beynimd\u0259 ne\u00e7\u0259 g\u00fcnd\u00fcr yap\u0131\u015f\u0131b qalm\u0131\u015f fikirl\u0259r \u00f6z yolunu tapd\u0131lar dey\u0259 m\u0259n\u0259 c\u0259zbedici g\u0259ldi.\u00a0 K\u00fctl\u0259 d\u00fc\u015f\u00fcnc\u0259si, c\u0259miyy\u0259tin fikri insanlar\u0131 u\u00e7uruma aparan s\u0259b\u0259bl\u0259rd\u0259ndir. \u018fvv\u0259lc\u0259 bir analogiyan\u0131 n\u0259z\u0259riniz\u0259 \u00e7atd\u0131rmaq ist\u0259rdim.\n<\/p>\n<p>\n  U\u015faq vaxt\u0131 d\u0259rsd\u0259n qabaq y\u0131g\u0131\u015fard\u0131lar. D\u0259rsi kimin \u00f6yr\u0259nib, kimin \u00f6yr\u0259nm\u0259diyini m\u00fc\u0259yy\u0259nl\u0259\u015fdir\u0259rdil\u0259r. M\u0259lum olard\u0131 ki, \u00e7ox u\u015faq \u00f6yr\u0259nm\u0259yib v\u0259 he\u00e7 kimin dan\u0131\u015fmayaca\u011f\u0131n\u0131 planla\u015fd\u0131rard\u0131lar. V\u0259 d\u0259rs ba\u015flay\u0131rd\u0131. Ham\u0131 bir-bir quzu kimi l\u00f6vh\u0259y\u0259 \u00e7\u0131x\u0131b dan\u0131\u015fard\u0131. \u00d6nc\u0259 dan\u0131\u015f\u0131lanlar da unudulard\u0131. \u0130ll\u0259r ke\u00e7di, b\u00f6y\u00fcd\u00fc h\u0259min adamlar. \u00c7ayxanada, kafed\u0259, restoranda y\u0131\u011f\u0131\u015fanda s\u00f6hb\u0259t hakimiyy\u0259td\u0259n d\u00fc\u015f\u0259nd\u0259, m\u0259nfi t\u0259r\u0259fl\u0259rini s\u0259rt tonla dan\u0131\u015fma\u011fa ba\u015flad\u0131lar. Ham\u0131 t\u0259nqid\u00e7i oldu. Amma media, m\u0259mur qar\u015f\u0131s\u0131na \u00e7\u0131xanda, susdu adamlar. M\u00fcsb\u0259t t\u0259r\u0259fl\u0259rd\u0259n dan\u0131\u015f\u0131b yaltaqlanma\u011fa ba\u015flad\u0131lar. H\u0259r \u015fey bel\u0259c\u0259 davam etm\u0259y\u0259 ba\u015flad\u0131.\n<\/p>\n<p>\n  Buna k\u00fctl\u0259 psixologiyas\u0131 da deyirl\u0259r. F\u0259rdin d\u00fc\u015f\u00fcnc\u0259si, v\u0259t\u0259nda\u015f m\u00f6vqeyi insanda h\u0259l\u0259 u\u015faqk\u0259n yaranma\u011fa ba\u015flamal\u0131d\u0131r. Yaran\u0131r, amma m\u0259s\u0259l\u0259 ictimai q\u0131na\u011fa \u00e7atanda ham\u0131 \u00f6z s\u00fcr\u00fc d\u00fc\u015f\u00fcnc\u0259sini g\u00f6st\u0259rm\u0259y\u0259 ba\u015flay\u0131r. El\u0259 bil ki, \u0259trafdak\u0131lardan as\u0131l\u0131l\u0131q yaran\u0131r insanlarda. Sovet imperiyas\u0131 d\u00f6vr\u00fcnd\u0259 f\u0259hl\u0259d\u0259n, m\u0259mura kimi ham\u0131 i\u015f yolda\u015f\u0131n\u0131n onun ad\u0131ndan t\u0259nqid m\u0259ktubu yazmas\u0131ndan qorxurdu. \u0130\u015f\u00e7il\u0259r bir-birind\u0259n as\u0131l\u0131 v\u0259ziyy\u0259td\u0259, qorxaraq yax\u015f\u0131 i\u015fl\u0259yirdil\u0259r. Z\u0259ncir kimi ba\u011fl\u0131 v\u0259ziyy\u0259td\u0259. An etibaril\u0259 k\u00fctl\u0259nin d\u00fc\u015f\u00fcnc\u0259si d\u0259 bunu xat\u0131rlad\u0131r. H\u0259l\u0259 d\u0259 z\u0259man\u0259mizd\u0259 &#8220;A\u011f\u0131r oturub, batman g\u0259l\u0259n&#8221; ail\u0259nin aktyor olmaq ist\u0259y\u0259n q\u0131z\u0131 kimi b\u0259db\u0259xt insanlar var. Buna n\u0259 imkan vermir ? T\u0259bii ki, c\u0259miyy\u0259tin z\u0259ncir kimi ba\u011fl\u0131 d\u00fc\u015f\u00fcnc\u0259si.\n<\/p>\n<p>\n  \u0130nsanlarda bir yenilik qorxusu var. M\u0259s\u0259l\u0259n d\u00fcnyada k\u00fctl\u0259nin \u00e7ox faizi \u015eekspir,H\u00f6te, F\u00fczulinin a\u011f v\u0259r\u0259q olmas\u0131n\u0131 q\u0259bul etm\u0259k ist\u0259mir. Ham\u0131 onlara &#8220;klassik&#8221; kimi bax\u0131r. V\u0259 bir kims\u0259 \u00e7\u0131x\u0131b onlar\u0131 t\u0259nqid etdikd\u0259, ona yad planetli kimi bax\u0131b, s\u00f6y\u00fcb qovurlar. He\u00e7 birind\u0259n bir \u0259s\u0259r oxumayanlar bel\u0259. Bu k\u00fctl\u0259 psixologiyas\u0131 deyil ? \u018fminlikl\u0259 dey\u0259 bil\u0259r\u0259m ki, 50 ild\u0259n sonra Az\u0259rbaycanda klassika sev\u0259n d\u0259 qalmayacaq. Yan\u0131b ged\u0259c\u0259k klassika. O da k\u00fctl\u0259nin vasit\u0259sil\u0259 olacaq. Z\u0259ncir kimi bir-birin\u0259 ba\u011fl\u0131 k\u00fctl\u0259 h\u0259r \u015feyi inkar ed\u0259c\u0259k.<br \/>\n  <br \/>\n  B\u0259s kim idar\u0259 edir k\u00fctl\u0259nin fikirl\u0259rini ?\n<\/p>\n<p>\n  K\u0130V ? Yox t\u0259bii ki. \u0130nformasiya vasit\u0259l\u0259ri k\u0259nardan v\u0259t\u0259nda\u015f m\u00f6vqeyin\u0259 t\u0259sir ed\u0259 bil\u0259rl\u0259r. O da bir s\u0259rh\u0259dd\u0259 q\u0259d\u0259r. M\u00fc\u0259yy\u0259n bir n\u00f6qt\u0259d\u0259n sonra onlar\u0131n da i\u015fi bitir. B\u0259lk\u0259 k\u00fctl\u0259ni ke\u00e7mi\u015f d\u00fc\u015f\u00fcnd\u00fcr\u00fcr ? Y\u0259ni b\u0259lk\u0259 h\u0259l\u0259 d\u0259 zaman\u0131n d\u0259yi\u015fdiyini q\u0259bul etm\u0259k ist\u0259m\u0259m\u0259kd\u0259n ir\u0259li g\u0259lir.\n<\/p>\n<p>\n  Bir arqumenti n\u0259z\u0259riniz\u0259 \u00e7atd\u0131r\u0131m. \u0130ngilt\u0259r\u0259d\u0259 &#8220;Underground Theatre&#8221; adl\u0131 m\u0259kan var. Bu s\u0259hn\u0259 yeralt\u0131 teatr \u0259n\u0259n\u0259l\u0259rin\u0259 \u0259saslan\u0131r. Tama\u015falar\u0131n \u0259ks\u0259riyy\u0259tini klassik pyesl\u0259rin d\u0259yi\u015fdirilmi\u015f variantlar\u0131, homoseksuall\u0131\u011fa d\u00f6z\u00fcml\u00fcl\u00fck t\u0259bli\u011f ed\u0259n v\u0259 f\u0259rqli n\u0259z\u0259riyy\u0259d\u0259 haz\u0131rlanm\u0131\u015f \u0259s\u0259rl\u0259r t\u0259\u015fkil edir. B\u0259z\u0259n aktyorlar\u0131n \u0259yinl\u0259rind\u0259 alt paltar bel\u0259 olmur. V\u0259 bu \u0130ngilt\u0259r\u0259d\u0259 insanlar t\u0259r\u0259find\u0259n normal qar\u015f\u0131lan\u0131r. S\u00f6zs\u00fcz ki, bu d\u00fc\u015f\u00fcnc\u0259 t\u0259rzi \u0130ngilt\u0259r\u0259d\u0259 bird\u0259n-bir\u0259 yaranmay\u0131b. \u0130ngilt\u0259r\u0259nin d\u0259 Az\u0259rbaycan kimi \u015fort gey\u0259n o\u011flanlara v\u0259 q\u0131zlara pis baxd\u0131\u011f\u0131 d\u00f6vr olub. V\u0259 zamanla \u0130ngilt\u0259r\u0259 bu v\u0259ziyy\u0259t\u0259 g\u0259lib. Az\u0259rbaycan da \u0259vv\u0259l ax\u0131r, 100 ild\u0259n sonra olsa bel\u0259 g\u0259lib yeralt\u0131 d\u00fc\u015f\u00fcnc\u0259l\u0259rinin yuxar\u0131 t\u0259b\u0259q\u0259d\u0259 normal qar\u015f\u0131land\u0131\u011f\u0131 d\u00f6vr\u0259 \u00e7atacaq. M\u0259n n\u0259 q\u0259d\u0259r d\u0259 m\u00fchafiz\u0259kar d\u00fc\u015f\u00fcnc\u0259li olsam da, bunu \u00e7oxdan q\u0259bul etmi\u015f\u0259m. \u00c7\u00fcnki k\u00fctl\u0259 h\u0259qiq\u0259t\u0259n d\u0259 poz\u011fun qad\u0131n kimidir v\u0259 c\u0259miyy\u0259td\u0259 \u00f6z\u00fcn\u0259 yer alm\u0131\u015f \u0259n g\u00fccl\u00fc fikir\u0259 avtomatik tabe olur. \u0130st\u0259r m\u00fcasir olsun, ist\u0259r ke\u00e7mi\u015f fikir.\n<\/p>\n<p>\n  <b><br \/>\n    Yaz\u0131dak\u0131 fikirl\u0259r m\u00fc\u0259llif\u0259 m\u0259xsusdur v\u0259 onlara g\u00f6r\u0259 Meydan TV m\u0259suliyy\u0259t da\u015f\u0131m\u0131r.<br \/>\n  <\/b><\/p>\n","protected":false},"excerpt":{"rendered":"<p>50 ild\u0259n sonra klassika da qalmayacaq\u2026<\/p>\n","protected":false},"author":11,"featured_media":26050,"comment_status":"closed","ping_status":"open","sticky":false,"template":"","format":"standard","meta":{"_acf_changed":false,"_sitemap_exclude":false,"_sitemap_priority":"","_sitemap_frequency":"","footnotes":""},"categories":[57],"tags":[],"class_list":["post-168555","post","type-post","status-publish","format-standard","has-post-thumbnail","hentry","category-menim-fikrimce","infinite-scroll-item","generate-columns","tablet-grid-50","mobile-grid-100","grid-parent","grid-33","no-featured-image-padding"],"acf":[],"yoast_head":"<!-- This site is optimized with the Yoast SEO plugin v27.5 - https:\/\/yoast.com\/product\/yoast-seo-wordpress\/ -->\n<title>K\u00fctl\u0259 adl\u0131 pozgun qad\u0131n - MEYDAN.TV<\/title>\n<meta name=\"robots\" content=\"index, follow, max-snippet:-1, max-image-preview:large, max-video-preview:-1\" \/>\n<link rel=\"canonical\" href=\"https:\/\/www.meydan.tv\/az\/article\/kutle-adli-pozgun-qadin\/\" \/>\n<meta property=\"og:locale\" content=\"az_AZ\" \/>\n<meta property=\"og:type\" content=\"article\" \/>\n<meta property=\"og:title\" content=\"K\u00fctl\u0259 adl\u0131 pozgun qad\u0131n - MEYDAN.TV\" \/>\n<meta property=\"og:description\" content=\"50 ild\u0259n sonra klassika da qalmayacaq\u2026\" \/>\n<meta property=\"og:url\" content=\"https:\/\/www.meydan.tv\/az\/article\/kutle-adli-pozgun-qadin\/\" \/>\n<meta property=\"og:site_name\" content=\"MEYDAN.TV\" \/>\n<meta property=\"article:published_time\" content=\"2015-06-22T06:51:47+00:00\" \/>\n<meta property=\"og:image\" content=\"https:\/\/www.meydan.tv\/wp-content\/uploads\/9577.jpg\" \/>\n\t<meta property=\"og:image:width\" content=\"500\" \/>\n\t<meta property=\"og:image:height\" content=\"500\" \/>\n\t<meta property=\"og:image:type\" content=\"image\/jpeg\" \/>\n<meta name=\"author\" content=\"user-manager\" \/>\n<meta name=\"twitter:card\" content=\"summary_large_image\" \/>\n<script type=\"application\/ld+json\" class=\"yoast-schema-graph\">{\"@context\":\"https:\\\/\\\/schema.org\",\"@graph\":[{\"@type\":\"Article\",\"@id\":\"https:\\\/\\\/www.meydan.tv\\\/az\\\/article\\\/kutle-adli-pozgun-qadin\\\/#article\",\"isPartOf\":{\"@id\":\"https:\\\/\\\/www.meydan.tv\\\/az\\\/article\\\/kutle-adli-pozgun-qadin\\\/\"},\"author\":{\"name\":\"user-manager\",\"@id\":\"https:\\\/\\\/www.meydan.tv\\\/az\\\/#\\\/schema\\\/person\\\/10d11eccf6da3662cf5fdab9806ea91a\"},\"headline\":\"K\u00fctl\u0259 adl\u0131 pozgun qad\u0131n\",\"datePublished\":\"2015-06-22T06:51:47+00:00\",\"mainEntityOfPage\":{\"@id\":\"https:\\\/\\\/www.meydan.tv\\\/az\\\/article\\\/kutle-adli-pozgun-qadin\\\/\"},\"wordCount\":878,\"publisher\":{\"@id\":\"https:\\\/\\\/www.meydan.tv\\\/az\\\/#organization\"},\"image\":{\"@id\":\"https:\\\/\\\/www.meydan.tv\\\/az\\\/article\\\/kutle-adli-pozgun-qadin\\\/#primaryimage\"},\"thumbnailUrl\":\"https:\\\/\\\/www.meydan.tv\\\/wp-content\\\/uploads\\\/9577.jpg\",\"articleSection\":[\"M\u0259nim Fikrimc\u0259\"],\"inLanguage\":\"az\"},{\"@type\":\"WebPage\",\"@id\":\"https:\\\/\\\/www.meydan.tv\\\/az\\\/article\\\/kutle-adli-pozgun-qadin\\\/\",\"url\":\"https:\\\/\\\/www.meydan.tv\\\/az\\\/article\\\/kutle-adli-pozgun-qadin\\\/\",\"name\":\"K\u00fctl\u0259 adl\u0131 pozgun qad\u0131n - MEYDAN.TV\",\"isPartOf\":{\"@id\":\"https:\\\/\\\/www.meydan.tv\\\/az\\\/#website\"},\"primaryImageOfPage\":{\"@id\":\"https:\\\/\\\/www.meydan.tv\\\/az\\\/article\\\/kutle-adli-pozgun-qadin\\\/#primaryimage\"},\"image\":{\"@id\":\"https:\\\/\\\/www.meydan.tv\\\/az\\\/article\\\/kutle-adli-pozgun-qadin\\\/#primaryimage\"},\"thumbnailUrl\":\"https:\\\/\\\/www.meydan.tv\\\/wp-content\\\/uploads\\\/9577.jpg\",\"datePublished\":\"2015-06-22T06:51:47+00:00\",\"breadcrumb\":{\"@id\":\"https:\\\/\\\/www.meydan.tv\\\/az\\\/article\\\/kutle-adli-pozgun-qadin\\\/#breadcrumb\"},\"inLanguage\":\"az\",\"potentialAction\":[{\"@type\":\"ReadAction\",\"target\":[\"https:\\\/\\\/www.meydan.tv\\\/az\\\/article\\\/kutle-adli-pozgun-qadin\\\/\"]}]},{\"@type\":\"ImageObject\",\"inLanguage\":\"az\",\"@id\":\"https:\\\/\\\/www.meydan.tv\\\/az\\\/article\\\/kutle-adli-pozgun-qadin\\\/#primaryimage\",\"url\":\"https:\\\/\\\/www.meydan.tv\\\/wp-content\\\/uploads\\\/9577.jpg\",\"contentUrl\":\"https:\\\/\\\/www.meydan.tv\\\/wp-content\\\/uploads\\\/9577.jpg\",\"width\":500,\"height\":500,\"caption\":\"Source:\"},{\"@type\":\"BreadcrumbList\",\"@id\":\"https:\\\/\\\/www.meydan.tv\\\/az\\\/article\\\/kutle-adli-pozgun-qadin\\\/#breadcrumb\",\"itemListElement\":[{\"@type\":\"ListItem\",\"position\":1,\"name\":\"Ana s\u0259hif\u0259\",\"item\":\"https:\\\/\\\/www.meydan.tv\\\/az\\\/\"},{\"@type\":\"ListItem\",\"position\":2,\"name\":\"M\u0259nim Fikrimc\u0259\",\"item\":\"https:\\\/\\\/www.meydan.tv\\\/az\\\/section\\\/menim-fikrimce\\\/\"},{\"@type\":\"ListItem\",\"position\":3,\"name\":\"K\u00fctl\u0259 adl\u0131 pozgun qad\u0131n\"}]},{\"@type\":\"WebSite\",\"@id\":\"https:\\\/\\\/www.meydan.tv\\\/az\\\/#website\",\"url\":\"https:\\\/\\\/www.meydan.tv\\\/az\\\/\",\"name\":\"MEYDAN.TV\",\"description\":\"Meydan TV Az\u0259rbaycan\u0131n media m\u0259kan\u0131ndak\u0131 alternativ s\u0259sidir\",\"publisher\":{\"@id\":\"https:\\\/\\\/www.meydan.tv\\\/az\\\/#organization\"},\"potentialAction\":[{\"@type\":\"SearchAction\",\"target\":{\"@type\":\"EntryPoint\",\"urlTemplate\":\"https:\\\/\\\/www.meydan.tv\\\/az\\\/?s={search_term_string}\"},\"query-input\":{\"@type\":\"PropertyValueSpecification\",\"valueRequired\":true,\"valueName\":\"search_term_string\"}}],\"inLanguage\":\"az\"},{\"@type\":\"Organization\",\"@id\":\"https:\\\/\\\/www.meydan.tv\\\/az\\\/#organization\",\"name\":\"Meydan TV\",\"url\":\"https:\\\/\\\/www.meydan.tv\\\/az\\\/\",\"logo\":{\"@type\":\"ImageObject\",\"inLanguage\":\"az\",\"@id\":\"https:\\\/\\\/www.meydan.tv\\\/az\\\/#\\\/schema\\\/logo\\\/image\\\/\",\"url\":\"https:\\\/\\\/www.meydan.tv\\\/wp-content\\\/uploads\\\/2021\\\/07\\\/meydan-logo.svg\",\"contentUrl\":\"https:\\\/\\\/www.meydan.tv\\\/wp-content\\\/uploads\\\/2021\\\/07\\\/meydan-logo.svg\",\"width\":195,\"height\":46,\"caption\":\"Meydan TV\"},\"image\":{\"@id\":\"https:\\\/\\\/www.meydan.tv\\\/az\\\/#\\\/schema\\\/logo\\\/image\\\/\"}},{\"@type\":\"Person\",\"@id\":\"https:\\\/\\\/www.meydan.tv\\\/az\\\/#\\\/schema\\\/person\\\/10d11eccf6da3662cf5fdab9806ea91a\",\"name\":\"user-manager\"}]}<\/script>\n<!-- \/ Yoast SEO plugin. -->","yoast_head_json":{"title":"K\u00fctl\u0259 adl\u0131 pozgun qad\u0131n - MEYDAN.TV","robots":{"index":"index","follow":"follow","max-snippet":"max-snippet:-1","max-image-preview":"max-image-preview:large","max-video-preview":"max-video-preview:-1"},"canonical":"https:\/\/www.meydan.tv\/az\/article\/kutle-adli-pozgun-qadin\/","og_locale":"az_AZ","og_type":"article","og_title":"K\u00fctl\u0259 adl\u0131 pozgun qad\u0131n - MEYDAN.TV","og_description":"50 ild\u0259n sonra klassika da qalmayacaq\u2026","og_url":"https:\/\/www.meydan.tv\/az\/article\/kutle-adli-pozgun-qadin\/","og_site_name":"MEYDAN.TV","article_published_time":"2015-06-22T06:51:47+00:00","og_image":[{"width":500,"height":500,"url":"https:\/\/www.meydan.tv\/wp-content\/uploads\/9577.jpg","type":"image\/jpeg"}],"author":"user-manager","twitter_card":"summary_large_image","schema":{"@context":"https:\/\/schema.org","@graph":[{"@type":"Article","@id":"https:\/\/www.meydan.tv\/az\/article\/kutle-adli-pozgun-qadin\/#article","isPartOf":{"@id":"https:\/\/www.meydan.tv\/az\/article\/kutle-adli-pozgun-qadin\/"},"author":{"name":"user-manager","@id":"https:\/\/www.meydan.tv\/az\/#\/schema\/person\/10d11eccf6da3662cf5fdab9806ea91a"},"headline":"K\u00fctl\u0259 adl\u0131 pozgun qad\u0131n","datePublished":"2015-06-22T06:51:47+00:00","mainEntityOfPage":{"@id":"https:\/\/www.meydan.tv\/az\/article\/kutle-adli-pozgun-qadin\/"},"wordCount":878,"publisher":{"@id":"https:\/\/www.meydan.tv\/az\/#organization"},"image":{"@id":"https:\/\/www.meydan.tv\/az\/article\/kutle-adli-pozgun-qadin\/#primaryimage"},"thumbnailUrl":"https:\/\/www.meydan.tv\/wp-content\/uploads\/9577.jpg","articleSection":["M\u0259nim Fikrimc\u0259"],"inLanguage":"az"},{"@type":"WebPage","@id":"https:\/\/www.meydan.tv\/az\/article\/kutle-adli-pozgun-qadin\/","url":"https:\/\/www.meydan.tv\/az\/article\/kutle-adli-pozgun-qadin\/","name":"K\u00fctl\u0259 adl\u0131 pozgun qad\u0131n - MEYDAN.TV","isPartOf":{"@id":"https:\/\/www.meydan.tv\/az\/#website"},"primaryImageOfPage":{"@id":"https:\/\/www.meydan.tv\/az\/article\/kutle-adli-pozgun-qadin\/#primaryimage"},"image":{"@id":"https:\/\/www.meydan.tv\/az\/article\/kutle-adli-pozgun-qadin\/#primaryimage"},"thumbnailUrl":"https:\/\/www.meydan.tv\/wp-content\/uploads\/9577.jpg","datePublished":"2015-06-22T06:51:47+00:00","breadcrumb":{"@id":"https:\/\/www.meydan.tv\/az\/article\/kutle-adli-pozgun-qadin\/#breadcrumb"},"inLanguage":"az","potentialAction":[{"@type":"ReadAction","target":["https:\/\/www.meydan.tv\/az\/article\/kutle-adli-pozgun-qadin\/"]}]},{"@type":"ImageObject","inLanguage":"az","@id":"https:\/\/www.meydan.tv\/az\/article\/kutle-adli-pozgun-qadin\/#primaryimage","url":"https:\/\/www.meydan.tv\/wp-content\/uploads\/9577.jpg","contentUrl":"https:\/\/www.meydan.tv\/wp-content\/uploads\/9577.jpg","width":500,"height":500,"caption":"Source:"},{"@type":"BreadcrumbList","@id":"https:\/\/www.meydan.tv\/az\/article\/kutle-adli-pozgun-qadin\/#breadcrumb","itemListElement":[{"@type":"ListItem","position":1,"name":"Ana s\u0259hif\u0259","item":"https:\/\/www.meydan.tv\/az\/"},{"@type":"ListItem","position":2,"name":"M\u0259nim Fikrimc\u0259","item":"https:\/\/www.meydan.tv\/az\/section\/menim-fikrimce\/"},{"@type":"ListItem","position":3,"name":"K\u00fctl\u0259 adl\u0131 pozgun qad\u0131n"}]},{"@type":"WebSite","@id":"https:\/\/www.meydan.tv\/az\/#website","url":"https:\/\/www.meydan.tv\/az\/","name":"MEYDAN.TV","description":"Meydan TV Az\u0259rbaycan\u0131n media m\u0259kan\u0131ndak\u0131 alternativ s\u0259sidir","publisher":{"@id":"https:\/\/www.meydan.tv\/az\/#organization"},"potentialAction":[{"@type":"SearchAction","target":{"@type":"EntryPoint","urlTemplate":"https:\/\/www.meydan.tv\/az\/?s={search_term_string}"},"query-input":{"@type":"PropertyValueSpecification","valueRequired":true,"valueName":"search_term_string"}}],"inLanguage":"az"},{"@type":"Organization","@id":"https:\/\/www.meydan.tv\/az\/#organization","name":"Meydan TV","url":"https:\/\/www.meydan.tv\/az\/","logo":{"@type":"ImageObject","inLanguage":"az","@id":"https:\/\/www.meydan.tv\/az\/#\/schema\/logo\/image\/","url":"https:\/\/www.meydan.tv\/wp-content\/uploads\/2021\/07\/meydan-logo.svg","contentUrl":"https:\/\/www.meydan.tv\/wp-content\/uploads\/2021\/07\/meydan-logo.svg","width":195,"height":46,"caption":"Meydan TV"},"image":{"@id":"https:\/\/www.meydan.tv\/az\/#\/schema\/logo\/image\/"}},{"@type":"Person","@id":"https:\/\/www.meydan.tv\/az\/#\/schema\/person\/10d11eccf6da3662cf5fdab9806ea91a","name":"user-manager"}]}},"_links":{"self":[{"href":"https:\/\/www.meydan.tv\/az\/wp-json\/wp\/v2\/posts\/168555","targetHints":{"allow":["GET"]}}],"collection":[{"href":"https:\/\/www.meydan.tv\/az\/wp-json\/wp\/v2\/posts"}],"about":[{"href":"https:\/\/www.meydan.tv\/az\/wp-json\/wp\/v2\/types\/post"}],"author":[{"embeddable":true,"href":"https:\/\/www.meydan.tv\/az\/wp-json\/wp\/v2\/users\/11"}],"replies":[{"embeddable":true,"href":"https:\/\/www.meydan.tv\/az\/wp-json\/wp\/v2\/comments?post=168555"}],"version-history":[{"count":0,"href":"https:\/\/www.meydan.tv\/az\/wp-json\/wp\/v2\/posts\/168555\/revisions"}],"wp:featuredmedia":[{"embeddable":true,"href":"https:\/\/www.meydan.tv\/az\/wp-json\/wp\/v2\/media\/26050"}],"wp:attachment":[{"href":"https:\/\/www.meydan.tv\/az\/wp-json\/wp\/v2\/media?parent=168555"}],"wp:term":[{"taxonomy":"category","embeddable":true,"href":"https:\/\/www.meydan.tv\/az\/wp-json\/wp\/v2\/categories?post=168555"},{"taxonomy":"post_tag","embeddable":true,"href":"https:\/\/www.meydan.tv\/az\/wp-json\/wp\/v2\/tags?post=168555"}],"curies":[{"name":"wp","href":"https:\/\/api.w.org\/{rel}","templated":true}]}}