{"id":168542,"date":"2015-06-20T01:59:03","date_gmt":"2015-06-20T01:59:03","guid":{"rendered":"https:\/\/www.meydan.tv\/article\/o-illerin-usagi\/"},"modified":"2015-06-20T01:59:03","modified_gmt":"2015-06-20T01:59:03","slug":"o-illerin-usagi","status":"publish","type":"post","link":"https:\/\/www.meydan.tv\/az\/article\/o-illerin-usagi\/","title":{"rendered":"O ill\u0259rin u\u015fa\u011f\u0131"},"content":{"rendered":"<figure class=\"wp-block-image size-large\">\n  <img decoding=\"async\" src=\"https:\/\/www.meydan.tv\/az\/24303\/\" alt=\"\" class=\"wp-image-24303\"\/><figcaption><\/figcaption><\/figure>\n<figure class=\"wp-block-image size-large\">\n  <img decoding=\"async\" src=\"https:\/\/www.meydan.tv\/az\/24306\/\" alt=\"\" class=\"wp-image-24306\"\/><figcaption><\/figcaption><\/figure>\n<p>\n  Bu g\u00fcnl\u0259rd\u0259 Tiflis kafel\u0259rinin birind\u0259 bir amerikanl\u0131 il\u0259 tan\u0131\u015f oldum. O, iki il m\u00fcdd\u0259tind\u0259 \u201cPeace Corps\u201d \u2013un layih\u0259si \u00e7\u0259r\u00e7iv\u0259sind\u0259 Az\u0259rbaycanda, Zaqatala \u015f\u0259h\u0259rind\u0259 ya\u015fay\u0131b. S\u00f6hb\u0259tin bir yerind\u0259, bir d\u0259 ay\u0131ld\u0131m \u00a0ikimiz d\u0259 Da\u011fl\u0131q Qaraba\u011f, onun insanlara vurdu\u011fu a\u011f\u0131r maddi-m\u0259n\u0259vi ziyan bar\u0259d\u0259 dan\u0131\u015f\u0131r\u0131q. Onun m\u0259n\u0259 dediyi s\u00f6zl\u0259ri oldu\u011fu kimi siz\u0259 \u00e7atd\u0131r\u0131ram: \u201cEmin, bu m\u00fcharib\u0259d\u0259 kimin haqql\u0131 v\u0259 ya haqqs\u0131z oldu\u011funu qoyaq q\u0131ra\u011fa. M\u0259nim dostum A\u011fc\u0259b\u0259did\u0259, Taxta K\u00f6rp\u00fc deyil\u0259n yerd\u0259 \u00e7al\u0131\u015f\u0131rd\u0131. O, orada insanlar\u0131n h\u0259r g\u00fcn torpaqlar\u0131na geri d\u00f6n\u0259c\u0259kl\u0259rin\u0259 inand\u0131qlar\u0131, \u0259vv\u0259lki yerl\u0259rind\u0259 nec\u0259 xo\u015fb\u0259xt olduqlar\u0131n\u0131 haqq\u0131nda m\u0259ni harda g\u00f6rd\u00fc, tutub dan\u0131\u015f\u0131rd\u0131. S\u0259n t\u0259s\u0259vv\u00fcr edirs\u0259nmi, d\u00f6vl\u0259tin h\u0259r il insanlara \u201cn\u00f6vb\u0259ti il\u0259 torpaqlar\u0131 qaytaraca\u011f\u0131q\u201d \u00a0\u015f\u0259klind\u0259 \u00fcmid verm\u0259si n\u0259 dem\u0259kdir?! \u201cThis is insane!\u201d \u201cThis is horrible!\u201d.\n<\/p>\n<p>\n  Onun dilin\u0259 g\u0259tirdiyi c\u00fcml\u0259l\u0259r qula\u011f\u0131mda u\u00e7u\u015fur v\u0259 m\u0259ni \u00f6z xatir\u0259l\u0259rim\u0259 apar\u0131r. Adam haql\u0131d\u0131r, he\u00e7 bir etiraz\u0131m yoxdur. M\u0259n s\u0259ninl\u0259 tamamil\u0259 raz\u0131yam deyib, \u00f6z\u00fcm\u00fcn d\u0259 m\u0259cburi k\u00f6\u00e7k\u00fcn oldu\u011fumu, alt\u0131 ya\u015f\u0131mda La\u00e7\u0131ndan nec\u0259 \u00e7\u0259tin v\u0259 qorxulu formada \u00e7\u0131xd\u0131\u011f\u0131m\u0131z\u0131 buna dan\u0131\u015f\u0131ram. \u018fslind\u0259 ona dan\u0131\u015fm\u0131ram, \u00f6z\u00fcm \u00f6z ke\u00e7mi\u015fimi refleksiya edir\u0259m, \u00f6z\u00fcm-\u00f6z\u00fcm\u00fc t\u0259mizl\u0259m\u0259y\u0259 \u00e7al\u0131\u015f\u0131ram, m\u0259ni indiki m\u0259n ed\u0259n durumu anlama\u011fa \u00e7al\u015f\u0131ram. Hayat\u0131m\u0131n h\u0259r bir an\u0131nda, m\u00fcharib\u0259nin t\u0259sirini da\u015f\u0131d\u0131\u011f\u0131m bu iyirmi doqquz illik h\u0259yat\u0131m\u0131 anlama\u011fa, d\u0259rk etm\u0259y\u0259 \u00e7al\u0131\u015f\u0131ram.\n<\/p>\n<p>\n  Bu c\u00fcml\u0259l\u0259ri yaza-yaza bunun media orqan\u0131 \u00fc\u00e7\u00fcn laz\u0131m olub-olmad\u0131\u011f\u0131n\u0131, n\u0259tic\u0259 olaraq adi bir insan\u0131n xatir\u0259l\u0259rinin kiml\u0259r \u00fc\u00e7\u00fcns\u0259 maraql\u0131 olub-olmayaca\u011f\u0131n\u0131 sor\u011fu-sual edir\u0259m. Amma m\u0259s\u0259l\u0259nin \u00f6n\u0259mli t\u0259r\u0259fi odur ki, bu t\u0259kc\u0259 m\u0259nim f\u0259rdi faci\u0259m v\u0259 problemim deyil, minl\u0259rl\u0259 m\u0259nim kimi insan bunu ya\u015fay\u0131b v\u0259 onun \u00e7ox az bir qismi yaz\u0131ya k\u00f6\u00e7\u00fcr\u00fcl\u00fcb.\n<\/p>\n<p>\n  M\u0259n m\u00fcharib\u0259 u\u015fa\u011f\u0131yam.\n<\/p>\n<p>\n  Bak\u0131da 4 n\u00f6mr\u0259li Slavyan Universitetinin yataqxanas\u0131nda ya\u015fay\u0131r\u0131q. Be\u015f insan, iki balaca otaqda. \u015e\u0259xsi \u0259razid\u0259n, intim d\u00fcnyadan s\u00f6hb\u0259t bel\u0259 ged\u0259 bilm\u0259z. Ham\u0131 h\u0259r k\u0259sin eyibini, yax\u015f\u0131 v\u0259 pis t\u0259r\u0259fini g\u00f6r\u00fcr. H\u0259rd\u0259n naqolay durumlar ya\u015fan\u0131r. H\u0259min anlarda ham\u0131 q\u0131zar\u0131r, ba\u015f\u0131n\u0131 a\u015fa\u011f\u0131 sal\u0131r, b\u0259z\u0259n yar\u0131m\u00e7\u0131q g\u00fcl\u00fcms\u0259yir, amma d\u00fc\u015fd\u00fckl\u0259ri durum h\u0259r k\u0259s\u0259 ayd\u0131n oldu\u011fu \u00fc\u00e7\u00fcn, ham\u0131 bir-birini anlay\u0131\u015fla qar\u015f\u0131lay\u0131r v\u0259 hadis\u0259 tez d\u0259 unudulur. B\u0259z\u0259n is\u0259 d\u00f6z\u00fclm\u0259z olur, ota\u011f\u0131 d\u0259yi\u015fm\u0259k kimi bir l\u00fcksun yoxdur, evd\u0259n \u00e7\u0131x\u0131b hara g\u0259ldi, gedirs\u0259n.\n<\/p>\n<p>\n  Q\u0259fil yad\u0131ma d\u00fc\u015f\u00fcr, u\u015faql\u0131qda bir d\u0259f\u0259 zibilxanadan ev\u0259 s\u0131n\u0131q-salxaq ma\u015f\u0131nlar g\u0259tirmi\u015fdim, buna g\u00f6r\u0259 anam m\u0259ni b\u0259rk d\u00f6ym\u00fc\u015fd\u00fc. Yaz\u0131n\u0131n bu yerind\u0259 Platonovun \u201c\u00c7evenqur\u201d roman\u0131nda niy\u0259 bu c\u00fcml\u0259l\u0259rin alt\u0131ndan x\u0259tt \u00e7\u0259kdiyimi xat\u0131rlay\u0131b, x\u0259tl\u0259diyim yerl\u0259ri bir daha oxuyuram, \u00e7\u00fcnki bu c\u00fcml\u0259l\u0259r m\u0259nim u\u015faql\u0131\u011f\u0131m haqq\u0131ndad\u0131r: \u201dDvanov ev\u0259 su i\u00e7m\u0259k \u00fc\u00e7\u00fcn ev\u0259 girir, orda oyuncaqlarla yox, x\u0259yallar\u0131 il\u0259 oynayan kas\u0131b u\u015faqlar\u0131 g\u00f6r\u00fcr\u201d. Bu, q\u0131rm\u0131z\u0131 x\u0259ttl\u0259 h\u0259yat\u0131ma yaz\u0131l\u0131b.\n<\/p>\n<p>\n  244 sayl\u0131 Bak\u0131 \u015f\u0259h\u0259r m\u0259kt\u0259binin \u00fc\u00e7\u00fcnc\u00fc m\u0259rt\u0259b\u0259si, 2 sayl\u0131 La\u00e7\u0131n rayon m\u0259kt\u0259bi \u00fc\u00e7\u00fcn ayr\u0131l\u0131b. D\u0259rsl\u0259rimiz 11-ci sinifi bitir\u0259n\u0259 kimi g\u00fcnorta saat ikid\u0259 ba\u015flay\u0131b, fasil\u0259siz olaraq ax\u015fam saat 5-d\u0259 bitirdi. T\u0259n\u0259ff\u00fcs yoxdur, d\u0259rsl\u0259rd\u0259n t\u0259ngn\u0259f\u0259s oluruq. H\u0259r sinifd\u0259n bir d\u0259n\u0259dir. Bir d\u0259, on bir d\u0259 t\u0259kdir, A, B, C sinfi kimi \u015feyl\u0259r biz\u0259 yadd\u0131r. Arada imkan olanda birinci, ikinci m\u0259rt\u0259b\u0259l\u0259rd\u0259 qayna\u015fan \u015f\u0259h\u0259r u\u015faqlar\u0131na maraqla tama\u015fa edirik. Bizi g\u00f6r\u0259n kimi \u201cqa\u00e7q\u0131nlar!\u201d dey\u0259 ba\u011f\u0131ran bir ne\u00e7\u0259 d\u0259c\u0259li olur. \u0130btidai sinifd\u0259 bu s\u00f6zl\u0259r sa\u011f qula\u011f\u0131mdan girib, sol qula\u011f\u0131mdan \u00e7\u0131x\u0131r, s\u00f6zl\u0259rd\u0259 n\u0259s\u0259 al\u00e7ald\u0131lma var, amma u\u015faq \u00fc\u00e7\u00fcn \u0259trafdak\u0131\u00a0 yenilik o q\u0259d\u0259rdir, bu s\u00f6zl\u0259r t\u0259sir etmir.\n<\/p>\n<p>\n  Zaman ke\u00e7dikc\u0259, m\u0259n b\u00f6y\u00fcd\u00fck\u00e7\u0259 qa\u015flar\u0131m \u00e7at\u0131l\u0131r, aln\u0131m q\u0131r\u0131\u015fl\u0131, \u0259trafa q\u0259z\u0259b siqanallar\u0131 \u00f6t\u00fcr\u0259-\u00f6t\u00fcr\u0259 g\u0259zm\u0259y\u0259 ba\u015flay\u0131ram. \u00c7\u00fcnki ya\u015f\u0131m 16-d\u0131r, \u0259ks cins\u0259 maraq yaran\u0131b, sinifd\u0259ki q\u0131zlar bac\u0131 kimidir, onlar maraql\u0131 deyil, \u00e7\u00f6l\u0259 can at\u0131rsan, biz\u0259 ekzotik g\u0259l\u0259n \u015f\u0259h\u0259r m\u0259kt\u0259bin\u0259&#8230; \u015e\u0259h\u0259r m\u0259kt\u0259bind\u0259 yuxar\u0131 sinifin d\u0259rsl\u0259ri g\u00fcnorta saat bird\u0259 bitir. \u00c7oxlu, f\u0259rqli g\u00f6r\u00fcn\u00fc\u015fl\u00fc, geyimli q\u0131z var. Saat bir\u0259 qalm\u0131\u015f m\u0259kt\u0259b darvazas\u0131n\u0131n qar\u015f\u0131s\u0131nda y\u0131\u011f\u0131\u015fan topa \u201cqa\u00e7q\u0131n\u201d o\u011flanlar\u0131 \u015f\u0259h\u0259r q\u0131zlar\u0131na baxma\u011fa g\u0259lirl\u0259r. Amma z\u0259rb\u0259 \u00f6z\u00fcn\u00fc \u00e7ox g\u00f6zl\u0259tmir. Onlar s\u0259ni tan\u0131y\u0131r, bilirl\u0259r ki, \u201cqa\u00e7q\u0131nsan\u201d, yataqxanada qal\u0131rsan. \u015eans\u0131n s\u0131f\u0131rd\u0131r. Qa\u015flar t\u0259bii ki, \u00e7at\u0131lar.\n<\/p>\n<p>\n  Evd\u0259. Atam b\u00fct\u00fcn g\u00fcn\u00fc x\u0259b\u0259rl\u0259ri izl\u0259yir, \u015f\u0259rhl\u0259r g\u00f6yd\u0259 u\u00e7u\u015fur. Ki\u015finin \u0259sas d\u0259rdi Da\u011fl\u0131q Qaraba\u011f v\u0259 La\u00e7\u0131nd\u0131r. El\u0259 anam\u0131n da. H\u0259r d\u0259f\u0259 xo\u015fag\u0259lm\u0259z v\u0259ziyy\u0259t yarananda, ev\u0259 pul olmayanda, qonaq g\u0259l\u0259nd\u0259 evin ki\u00e7ikliyind\u0259n \u015fikay\u0259tl\u0259n\u0259n anam erm\u0259nil\u0259rin qaras\u0131na s\u00f6y\u00fcr. \u201cG\u00fcl kimi evimiz vard\u0131, b\u00f6y\u00fck, geni\u015f, h\u0259y\u0259ti\u201d&#8230;Atam m\u00fcharib\u0259 i\u015ftirak\u00e7\u0131s\u0131 olub, 4 il d\u00f6y\u00fc\u015f\u00fcb. Sonra ev\u0259 g\u0259l\u0259nd\u0259, ilk s\u00f6z\u00fc bu olub: \u201ctorpaqlar\u0131 satd\u0131lar\u201d. Bununla onun m\u00f6vzusu qapanm\u0131r, bar\u0131\u015fa bilmir, el\u0259 hey o torpaqlar v\u0259 onun sat\u0131lmas\u0131ndan dan\u0131\u015f\u0131r. H\u0259l\u0259 d\u0259 m\u00f6vcudlu\u011funu s\u00fcrd\u00fcr\u0259n indiki h\u00f6k\u00fcm\u0259ti s\u00f6y\u00fcr. \u015e\u0259r\u0259fsizdil\u0259r, bir k\u0259lm\u0259.\n<\/p>\n<p>\n  Yadda\u015f\u0131mdad\u0131 atam\u0131n dedikl\u0259ri&#8230; evd\u0259ki ab-hava, kas\u0131bl\u0131q, anam\u0131n a\u011flamalar\u0131, atam\u0131n q\u0259z\u0259b qar\u0131\u015f\u0131q-g\u00fccs\u00fczl\u00fck ya\u011fan bax\u0131\u015flar\u0131.\u00a0 Ev nisgil, q\u0259z\u0259b, nifr\u0259t doludur. El\u0259 ona g\u00f6r\u0259 d\u0259, \u00e7ox ya\u015famad\u0131lar. Arada doqquz ayl\u0131q f\u0259rql\u0259 ikisini d\u0259 itirdik. Bac\u0131mla t\u0259k qalm\u0131\u015f\u0131q, aradan ill\u0259r ke\u00e7ib, amma onlar\u0131n dan\u0131\u015fd\u0131\u011f\u0131 m\u00f6vzulara bir daha he\u00e7 zaman qay\u0131tmad\u0131q. \u00c7\u00fcnki onlar\u0131n yar\u0131mcanl\u0131l\u0131\u011f\u0131n biz \u00f6z\u00fcm\u00fczd\u0259 ya\u015fatmaq, davam etdirm\u0259k ist\u0259mirdik. Bunu untma\u011fa \u00e7al\u015f\u0131r\u0131q. Ayr\u0131-ayr\u0131, h\u0259r\u0259 \u00f6z buca\u011f\u0131nda&#8230;\n<\/p>\n<p>\n  Dey\u0259 bilm\u0259diyim \u00e7ox \u015fey qal\u0131r, \u00e7ox intim \u015feyl\u0259rdir. Dan\u0131\u015fmaq ay\u0131bd\u0131r.\n<\/p>\n<p>\n  Dostlar\u0131mdan biri, bu yax\u0131nlarda bir layih\u0259 \u00e7\u0259r\u00e7iv\u0259sind\u0259 konfiktd\u0259n \u0259ziyy\u0259t \u00e7\u0259k\u0259n g\u0259nc n\u0259slin m\u00fcsahib\u0259l\u0259rini al\u0131b, n\u0259\u015fr etdirirdi. Ona m\u00fcsahib\u0259 ver\u0259n bir ba\u015fqa k\u00f6\u00e7\u00fcn d\u00fc\u015fm\u00fc\u015f dostum dan\u0131\u015f\u0131r: \u201cqa\u00e7q\u0131n d\u00fc\u015f\u0259nd\u0259, atam b\u00fct\u00fcn s\u0259rv\u0259tini itirdi. Ruhi x\u0259st\u0259lik tapd\u0131. Paranoyak olmu\u015fdu, h\u0259tta evd\u0259 d\u0259 t\u0259k qoymaq olmazd\u0131. Qarabasmalar\u0131 olurdu, onu kimins\u0259 izl\u0259yib, \u00f6ld\u00fcr\u0259c\u0259yini d\u00fc\u015f\u00fcn\u00fcrd\u00fc. M\u0259nim s\u0259kkiz ya\u015f\u0131m var idi, evd\u0259 i\u015fl\u0259y\u0259n yegan\u0259 adam anam idi. H\u0259r g\u00fcn s\u0259h\u0259r alt\u0131da i\u015f\u0259 getm\u0259k \u00fc\u00e7\u00fcn s\u0259h\u0259rl\u0259r anam m\u0259ni d\u0259 oyad\u0131r, atamla birg\u0259 anam\u0131 i\u015f\u0259 apar\u0131rd\u0131q. Qay\u0131danda k\u00fc\u00e7\u0259l\u0259r h\u0259l\u0259 d\u0259 qaranl\u0131q olurdu, atam \u0259trafdan qorxdu\u011fu \u00fc\u00e7\u00fcn m\u0259nim \u0259limd\u0259n b\u0259rk-b\u0259rk yap\u015f\u0131rd\u0131. \u018flim a\u011fr\u0131y\u0131rd\u0131. M\u0259n d\u0259 qorxurdum, o da&#8230;\u201d\n<\/p>\n<p>\n  Eyni layih\u0259 v\u0259 bu d\u0259f\u0259 sevdiyim biri dan\u0131\u015f\u0131r : \u201dqa\u00e7q\u0131n d\u00fc\u015f\u0259nd\u0259, evd\u0259ki erm\u0259ni s\u00f6hb\u0259ti \u0259ksik olmurdu. O q\u0259d\u0259r qorxurdum ki, erm\u0259nil\u0259rin Bak\u0131ya kimi g\u0259lib, bizi \u00f6ld\u00fcr\u0259c\u0259yini d\u00fc\u015f\u00fcn\u00fcrd\u00fcm. Bunun \u00fc\u00e7\u00fcn gizl\u0259nm\u0259, d\u00f6y\u00fc\u015fm\u0259 plan\u0131 qurmu\u015fdum: bac\u0131m\u0131 \u015fkafda gizl\u0259d\u0259c\u0259k \u00f6z\u00fcm is\u0259 b\u0131\u00e7aqla erm\u0259nini \u00f6ld\u00fcr\u0259c\u0259m\u201d. S\u00f6hb\u0259t bitmir, \u00f6l\u0259n\u0259 kimi yad\u0131mda saxlayaca\u011f\u0131m c\u00fcml\u0259l\u0259ri dilin\u0259 g\u0259tirir: \u201cM\u0259kt\u0259bd\u0259 h\u0259r d\u0259f\u0259 iyirmi yanvar v\u0259 Xocal\u0131 faci\u0259si il\u0259 ba\u011fl\u0131 biz\u0259 r\u0259sml\u0259r \u00e7\u0259km\u0259yi tap\u015f\u0131r\u0131rd\u0131lar. Bunu biz\u0259 m\u0259cbur edirdil\u0259r. M\u00fc\u0259llim m\u0259nd\u0259n qan, u\u015faq \u00f6l\u00fcml\u0259rini t\u0259svir ed\u0259n n\u0259s\u0259 ist\u0259yirdi. M\u0259n is\u0259 h\u0259mi\u015f\u0259 ev v\u0259 orda ya\u015fayan ail\u0259mi t\u0259svir edirdim. R\u0259smd\u0259n qiym\u0259tim h\u0259mi\u015f\u0259 iki olub&#8230;\u201d.\n<\/p>\n<p>\n  Dostlar\u0131m v\u0259 sevdikl\u0259rim m\u00fcharib\u0259y\u0259 nifr\u0259t qusurlar. Faci\u0259l\u0259rinin f\u0259rqind\u0259dirl\u0259r. Ya\u015fad\u0131qlar\u0131 m\u0259n\u0259vi v\u0259 maddi terroru unutma\u011fa v\u0259 yeni h\u0259yata ba\u015flamaq ist\u0259yirl\u0259r amma&#8230;\n<\/p>\n<p>\n  TV-l\u0259r h\u0259r g\u00fcn v\u0259 h\u0259r saat c\u0259miyy\u0259ti total terrora m\u0259ruz qoyur. ANS h\u0259r saatdan bir \u201cm\u00fcharib\u0259nin aln\u0131m\u0131za yaz\u0131ld\u0131\u011f\u0131n\u0131\u201d elan edir. H\u00f6k\u00fcm\u0259tin h\u0259r il verdiyi \u00fcmidl\u0259r i\u015f\u011f\u0131nda torpa\u011f\u0131n geri qay\u0131tmamas\u0131 insanlar\u0131 art\u0131q laqeyd edib. Daha d\u0259qiq, insanlar bu terrordan qurtulma\u011fa \u00e7al\u0131\u015f\u0131r.\n<\/p>\n<p>\n  A\u011fl\u0131ma q\u0259rib\u0259 fikirl\u0259r g\u0259lir: \u015eadl\u0131q saraylar\u0131 ( \u0259yl\u0259nc\u0259) il\u0259 TV, radio v\u0259 median\u0131n terroru aras\u0131nda s\u0131x \u0259laq\u0259 var. Onlar terrorun \u015fidd\u0259tin art\u0131rd\u0131qca insanlar daha \u00e7ox \u015fadl\u0131q saray\u0131 tikir v\u0259 toy edir. Bu g\u00f6r\u00fcnm\u0259y\u0259n v\u0259 ba\u015fa d\u00fc\u015f\u00fclm\u0259y\u0259n etiraz formas\u0131d\u0131r.\n<\/p>\n<p>\n  M\u0259n\u0259 paradoksal g\u0259l\u0259n durum: m\u00fcharib\u0259ni g\u00f6rm\u00fc\u015f he\u00e7 kim, onun bir daha ba\u015flanmas\u0131n\u0131 ist\u0259mir. Az\u0259rbaycanda m\u00fcharib\u0259 t\u0259r\u0259fdarlar\u0131n\u0131n \u00e7oxu m\u00fcharib\u0259 il\u0259 birba\u015fa yox, dolay\u0131 t\u0259mas\u0131 olan insanlard\u0131r. H\u0259rd\u0259n d\u00fc\u015f\u00fcn\u00fcr\u0259m, onlar n\u0259y\u0259 can atd\u0131qlar\u0131n\u0131 \u00f6zl\u0259ri d\u0259 d\u0259rk etmir.\n<\/p>\n<p>\n  Total faci\u0259, 700 mind\u0259n \u00e7ox insan, a\u011f\u0131r maddi, d\u0259rin m\u0259n\u0259vi b\u00f6hran ya\u015fay\u0131r. N\u0259sill\u0259r dayanm\u0131r, indi saylar\u0131 daha \u00e7oxdur. D\u00f6vl\u0259tin kas\u0131b vaxt\u0131nda qa\u00e7q\u0131n v\u0259 m\u0259cburi k\u00f6\u00e7k\u00fcn d\u00fc\u015fm\u00fc\u015f insanar\u0131n yerl\u0259\u015fdirilm\u0259si d\u00fczg\u00fcn apar\u0131lmad\u0131. D\u00f6vl\u0259t varland\u0131, bu, yen\u0259 ba\u015f verm\u0259di. Da\u011flardan g\u0259l\u0259n insanlar aran rayonlar\u0131nda ya\u015fama\u011fa ba\u015flad\u0131. \u0130sti onlar\u0131n ax\u0131r\u0131na \u00e7\u0131xd\u0131. \u018fks\u0259riyy\u0259t he\u00e7 60 ya\u015f\u0131 ke\u00e7\u0259 bilm\u0259di. Maddi yard\u0131mlar m\u0259murlar\u0131n m\u0259d\u0259l\u0259rin\u0259 getdi. Bu yaz\u0131da bu haqqda yaz\u0131b, bu insanlar\u0131n faci\u0259sini \u00e7irk\u0259ndirm\u0259k ist\u0259mir\u0259m. \u00a0C\u0259h\u0259nn\u0259m olsunlar. Onlar \u00e7oxdan, lap \u00e7oxdan m\u0259nim m\u0259nim \u00fc\u00e7\u00fcn insan olmaqdan \u00e7\u0131x\u0131blar.\n<\/p>\n<p>\n  H\u0259l\u0259 d\u0259, ail\u0259l\u0259ri, c\u0259miyy\u0259t, d\u00f6vl\u0259t baba yar\u0131m\u00e7\u0131q d\u00fcnyalar\u0131n\u0131 bu g\u0259ncl\u0259r\u0259, u\u015faqlara y\u00fckl\u0259yirl\u0259r. Bu terror durdurulmal\u0131d\u0131r.\n<\/p>\n<p>\n  H\u0259rd\u0259n d\u00fc\u015f\u00fcn\u00fcr\u0259m, d\u00f6vl\u0259tl\u0259rin revan\u015fizmi il\u0259 indi ham\u0131n\u0131n gerid\u0259qalm\u0131\u015f v\u0259h\u015fi ad\u0259t kimi q\u0131nad\u0131\u011f\u0131 qan d\u00fc\u015fm\u0259n\u00e7iliyi aras\u0131nda hans\u0131 f\u0259rq var ki?\n<\/p>\n<p>\n  Bitdi.\n<\/p>\n<p>\n  <b><br \/>\n    Yaz\u0131dak\u0131 fikirl\u0259r m\u00fc\u0259llif\u0259 m\u0259xsusdur v\u0259 onlara g\u00f6r\u0259 Meydan TV m\u0259suliyy\u0259t da\u015f\u0131m\u0131r.<br \/>\n  <\/b><\/p>\n","protected":false},"excerpt":{"rendered":"<p>M\u00fcharib\u0259 ist\u0259y\u0259nl\u0259rin bunlardan x\u0259b\u0259ri yoxdur\u2026<\/p>\n","protected":false},"author":11,"featured_media":24303,"comment_status":"closed","ping_status":"open","sticky":false,"template":"","format":"standard","meta":{"_acf_changed":false,"_sitemap_exclude":false,"_sitemap_priority":"","_sitemap_frequency":"","footnotes":""},"categories":[57],"tags":[],"class_list":["post-168542","post","type-post","status-publish","format-standard","has-post-thumbnail","hentry","category-menim-fikrimce","infinite-scroll-item","generate-columns","tablet-grid-50","mobile-grid-100","grid-parent","grid-33","no-featured-image-padding"],"acf":[],"yoast_head":"<!-- This site is optimized with the Yoast SEO plugin v27.5 - https:\/\/yoast.com\/product\/yoast-seo-wordpress\/ -->\n<title>O ill\u0259rin u\u015fa\u011f\u0131 - MEYDAN.TV<\/title>\n<meta name=\"robots\" content=\"index, follow, max-snippet:-1, max-image-preview:large, max-video-preview:-1\" \/>\n<link rel=\"canonical\" href=\"https:\/\/www.meydan.tv\/az\/article\/o-illerin-usagi\/\" \/>\n<meta property=\"og:locale\" content=\"az_AZ\" \/>\n<meta property=\"og:type\" content=\"article\" \/>\n<meta property=\"og:title\" content=\"O ill\u0259rin u\u015fa\u011f\u0131 - MEYDAN.TV\" \/>\n<meta property=\"og:description\" content=\"M\u00fcharib\u0259 ist\u0259y\u0259nl\u0259rin bunlardan x\u0259b\u0259ri yoxdur\u2026\" \/>\n<meta property=\"og:url\" content=\"https:\/\/www.meydan.tv\/az\/article\/o-illerin-usagi\/\" \/>\n<meta property=\"og:site_name\" content=\"MEYDAN.TV\" \/>\n<meta property=\"article:published_time\" content=\"2015-06-20T01:59:03+00:00\" \/>\n<meta property=\"og:image\" content=\"https:\/\/www.meydan.tv\/wp-content\/uploads\/8849.jpg\" \/>\n\t<meta property=\"og:image:width\" content=\"500\" \/>\n\t<meta property=\"og:image:height\" content=\"500\" \/>\n\t<meta property=\"og:image:type\" content=\"image\/jpeg\" \/>\n<meta name=\"author\" content=\"user-manager\" \/>\n<meta name=\"twitter:card\" content=\"summary_large_image\" \/>\n<script type=\"application\/ld+json\" class=\"yoast-schema-graph\">{\"@context\":\"https:\\\/\\\/schema.org\",\"@graph\":[{\"@type\":\"Article\",\"@id\":\"https:\\\/\\\/www.meydan.tv\\\/az\\\/article\\\/o-illerin-usagi\\\/#article\",\"isPartOf\":{\"@id\":\"https:\\\/\\\/www.meydan.tv\\\/az\\\/article\\\/o-illerin-usagi\\\/\"},\"author\":{\"name\":\"user-manager\",\"@id\":\"https:\\\/\\\/www.meydan.tv\\\/az\\\/#\\\/schema\\\/person\\\/10d11eccf6da3662cf5fdab9806ea91a\"},\"headline\":\"O ill\u0259rin u\u015fa\u011f\u0131\",\"datePublished\":\"2015-06-20T01:59:03+00:00\",\"mainEntityOfPage\":{\"@id\":\"https:\\\/\\\/www.meydan.tv\\\/az\\\/article\\\/o-illerin-usagi\\\/\"},\"wordCount\":2066,\"publisher\":{\"@id\":\"https:\\\/\\\/www.meydan.tv\\\/az\\\/#organization\"},\"image\":{\"@id\":\"https:\\\/\\\/www.meydan.tv\\\/az\\\/article\\\/o-illerin-usagi\\\/#primaryimage\"},\"thumbnailUrl\":\"https:\\\/\\\/www.meydan.tv\\\/wp-content\\\/uploads\\\/8849.jpg\",\"articleSection\":[\"M\u0259nim Fikrimc\u0259\"],\"inLanguage\":\"az\"},{\"@type\":\"WebPage\",\"@id\":\"https:\\\/\\\/www.meydan.tv\\\/az\\\/article\\\/o-illerin-usagi\\\/\",\"url\":\"https:\\\/\\\/www.meydan.tv\\\/az\\\/article\\\/o-illerin-usagi\\\/\",\"name\":\"O ill\u0259rin u\u015fa\u011f\u0131 - MEYDAN.TV\",\"isPartOf\":{\"@id\":\"https:\\\/\\\/www.meydan.tv\\\/az\\\/#website\"},\"primaryImageOfPage\":{\"@id\":\"https:\\\/\\\/www.meydan.tv\\\/az\\\/article\\\/o-illerin-usagi\\\/#primaryimage\"},\"image\":{\"@id\":\"https:\\\/\\\/www.meydan.tv\\\/az\\\/article\\\/o-illerin-usagi\\\/#primaryimage\"},\"thumbnailUrl\":\"https:\\\/\\\/www.meydan.tv\\\/wp-content\\\/uploads\\\/8849.jpg\",\"datePublished\":\"2015-06-20T01:59:03+00:00\",\"breadcrumb\":{\"@id\":\"https:\\\/\\\/www.meydan.tv\\\/az\\\/article\\\/o-illerin-usagi\\\/#breadcrumb\"},\"inLanguage\":\"az\",\"potentialAction\":[{\"@type\":\"ReadAction\",\"target\":[\"https:\\\/\\\/www.meydan.tv\\\/az\\\/article\\\/o-illerin-usagi\\\/\"]}]},{\"@type\":\"ImageObject\",\"inLanguage\":\"az\",\"@id\":\"https:\\\/\\\/www.meydan.tv\\\/az\\\/article\\\/o-illerin-usagi\\\/#primaryimage\",\"url\":\"https:\\\/\\\/www.meydan.tv\\\/wp-content\\\/uploads\\\/8849.jpg\",\"contentUrl\":\"https:\\\/\\\/www.meydan.tv\\\/wp-content\\\/uploads\\\/8849.jpg\",\"width\":500,\"height\":500,\"caption\":\"Source:\"},{\"@type\":\"BreadcrumbList\",\"@id\":\"https:\\\/\\\/www.meydan.tv\\\/az\\\/article\\\/o-illerin-usagi\\\/#breadcrumb\",\"itemListElement\":[{\"@type\":\"ListItem\",\"position\":1,\"name\":\"Ana s\u0259hif\u0259\",\"item\":\"https:\\\/\\\/www.meydan.tv\\\/az\\\/\"},{\"@type\":\"ListItem\",\"position\":2,\"name\":\"M\u0259nim Fikrimc\u0259\",\"item\":\"https:\\\/\\\/www.meydan.tv\\\/az\\\/section\\\/menim-fikrimce\\\/\"},{\"@type\":\"ListItem\",\"position\":3,\"name\":\"O ill\u0259rin u\u015fa\u011f\u0131\"}]},{\"@type\":\"WebSite\",\"@id\":\"https:\\\/\\\/www.meydan.tv\\\/az\\\/#website\",\"url\":\"https:\\\/\\\/www.meydan.tv\\\/az\\\/\",\"name\":\"MEYDAN.TV\",\"description\":\"Meydan TV Az\u0259rbaycan\u0131n media m\u0259kan\u0131ndak\u0131 alternativ s\u0259sidir\",\"publisher\":{\"@id\":\"https:\\\/\\\/www.meydan.tv\\\/az\\\/#organization\"},\"potentialAction\":[{\"@type\":\"SearchAction\",\"target\":{\"@type\":\"EntryPoint\",\"urlTemplate\":\"https:\\\/\\\/www.meydan.tv\\\/az\\\/?s={search_term_string}\"},\"query-input\":{\"@type\":\"PropertyValueSpecification\",\"valueRequired\":true,\"valueName\":\"search_term_string\"}}],\"inLanguage\":\"az\"},{\"@type\":\"Organization\",\"@id\":\"https:\\\/\\\/www.meydan.tv\\\/az\\\/#organization\",\"name\":\"Meydan TV\",\"url\":\"https:\\\/\\\/www.meydan.tv\\\/az\\\/\",\"logo\":{\"@type\":\"ImageObject\",\"inLanguage\":\"az\",\"@id\":\"https:\\\/\\\/www.meydan.tv\\\/az\\\/#\\\/schema\\\/logo\\\/image\\\/\",\"url\":\"https:\\\/\\\/www.meydan.tv\\\/wp-content\\\/uploads\\\/2021\\\/07\\\/meydan-logo.svg\",\"contentUrl\":\"https:\\\/\\\/www.meydan.tv\\\/wp-content\\\/uploads\\\/2021\\\/07\\\/meydan-logo.svg\",\"width\":195,\"height\":46,\"caption\":\"Meydan TV\"},\"image\":{\"@id\":\"https:\\\/\\\/www.meydan.tv\\\/az\\\/#\\\/schema\\\/logo\\\/image\\\/\"}},{\"@type\":\"Person\",\"@id\":\"https:\\\/\\\/www.meydan.tv\\\/az\\\/#\\\/schema\\\/person\\\/10d11eccf6da3662cf5fdab9806ea91a\",\"name\":\"user-manager\"}]}<\/script>\n<!-- \/ Yoast SEO plugin. -->","yoast_head_json":{"title":"O ill\u0259rin u\u015fa\u011f\u0131 - MEYDAN.TV","robots":{"index":"index","follow":"follow","max-snippet":"max-snippet:-1","max-image-preview":"max-image-preview:large","max-video-preview":"max-video-preview:-1"},"canonical":"https:\/\/www.meydan.tv\/az\/article\/o-illerin-usagi\/","og_locale":"az_AZ","og_type":"article","og_title":"O ill\u0259rin u\u015fa\u011f\u0131 - MEYDAN.TV","og_description":"M\u00fcharib\u0259 ist\u0259y\u0259nl\u0259rin bunlardan x\u0259b\u0259ri yoxdur\u2026","og_url":"https:\/\/www.meydan.tv\/az\/article\/o-illerin-usagi\/","og_site_name":"MEYDAN.TV","article_published_time":"2015-06-20T01:59:03+00:00","og_image":[{"width":500,"height":500,"url":"https:\/\/www.meydan.tv\/wp-content\/uploads\/8849.jpg","type":"image\/jpeg"}],"author":"user-manager","twitter_card":"summary_large_image","schema":{"@context":"https:\/\/schema.org","@graph":[{"@type":"Article","@id":"https:\/\/www.meydan.tv\/az\/article\/o-illerin-usagi\/#article","isPartOf":{"@id":"https:\/\/www.meydan.tv\/az\/article\/o-illerin-usagi\/"},"author":{"name":"user-manager","@id":"https:\/\/www.meydan.tv\/az\/#\/schema\/person\/10d11eccf6da3662cf5fdab9806ea91a"},"headline":"O ill\u0259rin u\u015fa\u011f\u0131","datePublished":"2015-06-20T01:59:03+00:00","mainEntityOfPage":{"@id":"https:\/\/www.meydan.tv\/az\/article\/o-illerin-usagi\/"},"wordCount":2066,"publisher":{"@id":"https:\/\/www.meydan.tv\/az\/#organization"},"image":{"@id":"https:\/\/www.meydan.tv\/az\/article\/o-illerin-usagi\/#primaryimage"},"thumbnailUrl":"https:\/\/www.meydan.tv\/wp-content\/uploads\/8849.jpg","articleSection":["M\u0259nim Fikrimc\u0259"],"inLanguage":"az"},{"@type":"WebPage","@id":"https:\/\/www.meydan.tv\/az\/article\/o-illerin-usagi\/","url":"https:\/\/www.meydan.tv\/az\/article\/o-illerin-usagi\/","name":"O ill\u0259rin u\u015fa\u011f\u0131 - MEYDAN.TV","isPartOf":{"@id":"https:\/\/www.meydan.tv\/az\/#website"},"primaryImageOfPage":{"@id":"https:\/\/www.meydan.tv\/az\/article\/o-illerin-usagi\/#primaryimage"},"image":{"@id":"https:\/\/www.meydan.tv\/az\/article\/o-illerin-usagi\/#primaryimage"},"thumbnailUrl":"https:\/\/www.meydan.tv\/wp-content\/uploads\/8849.jpg","datePublished":"2015-06-20T01:59:03+00:00","breadcrumb":{"@id":"https:\/\/www.meydan.tv\/az\/article\/o-illerin-usagi\/#breadcrumb"},"inLanguage":"az","potentialAction":[{"@type":"ReadAction","target":["https:\/\/www.meydan.tv\/az\/article\/o-illerin-usagi\/"]}]},{"@type":"ImageObject","inLanguage":"az","@id":"https:\/\/www.meydan.tv\/az\/article\/o-illerin-usagi\/#primaryimage","url":"https:\/\/www.meydan.tv\/wp-content\/uploads\/8849.jpg","contentUrl":"https:\/\/www.meydan.tv\/wp-content\/uploads\/8849.jpg","width":500,"height":500,"caption":"Source:"},{"@type":"BreadcrumbList","@id":"https:\/\/www.meydan.tv\/az\/article\/o-illerin-usagi\/#breadcrumb","itemListElement":[{"@type":"ListItem","position":1,"name":"Ana s\u0259hif\u0259","item":"https:\/\/www.meydan.tv\/az\/"},{"@type":"ListItem","position":2,"name":"M\u0259nim Fikrimc\u0259","item":"https:\/\/www.meydan.tv\/az\/section\/menim-fikrimce\/"},{"@type":"ListItem","position":3,"name":"O ill\u0259rin u\u015fa\u011f\u0131"}]},{"@type":"WebSite","@id":"https:\/\/www.meydan.tv\/az\/#website","url":"https:\/\/www.meydan.tv\/az\/","name":"MEYDAN.TV","description":"Meydan TV Az\u0259rbaycan\u0131n media m\u0259kan\u0131ndak\u0131 alternativ s\u0259sidir","publisher":{"@id":"https:\/\/www.meydan.tv\/az\/#organization"},"potentialAction":[{"@type":"SearchAction","target":{"@type":"EntryPoint","urlTemplate":"https:\/\/www.meydan.tv\/az\/?s={search_term_string}"},"query-input":{"@type":"PropertyValueSpecification","valueRequired":true,"valueName":"search_term_string"}}],"inLanguage":"az"},{"@type":"Organization","@id":"https:\/\/www.meydan.tv\/az\/#organization","name":"Meydan TV","url":"https:\/\/www.meydan.tv\/az\/","logo":{"@type":"ImageObject","inLanguage":"az","@id":"https:\/\/www.meydan.tv\/az\/#\/schema\/logo\/image\/","url":"https:\/\/www.meydan.tv\/wp-content\/uploads\/2021\/07\/meydan-logo.svg","contentUrl":"https:\/\/www.meydan.tv\/wp-content\/uploads\/2021\/07\/meydan-logo.svg","width":195,"height":46,"caption":"Meydan TV"},"image":{"@id":"https:\/\/www.meydan.tv\/az\/#\/schema\/logo\/image\/"}},{"@type":"Person","@id":"https:\/\/www.meydan.tv\/az\/#\/schema\/person\/10d11eccf6da3662cf5fdab9806ea91a","name":"user-manager"}]}},"_links":{"self":[{"href":"https:\/\/www.meydan.tv\/az\/wp-json\/wp\/v2\/posts\/168542","targetHints":{"allow":["GET"]}}],"collection":[{"href":"https:\/\/www.meydan.tv\/az\/wp-json\/wp\/v2\/posts"}],"about":[{"href":"https:\/\/www.meydan.tv\/az\/wp-json\/wp\/v2\/types\/post"}],"author":[{"embeddable":true,"href":"https:\/\/www.meydan.tv\/az\/wp-json\/wp\/v2\/users\/11"}],"replies":[{"embeddable":true,"href":"https:\/\/www.meydan.tv\/az\/wp-json\/wp\/v2\/comments?post=168542"}],"version-history":[{"count":0,"href":"https:\/\/www.meydan.tv\/az\/wp-json\/wp\/v2\/posts\/168542\/revisions"}],"wp:featuredmedia":[{"embeddable":true,"href":"https:\/\/www.meydan.tv\/az\/wp-json\/wp\/v2\/media\/24303"}],"wp:attachment":[{"href":"https:\/\/www.meydan.tv\/az\/wp-json\/wp\/v2\/media?parent=168542"}],"wp:term":[{"taxonomy":"category","embeddable":true,"href":"https:\/\/www.meydan.tv\/az\/wp-json\/wp\/v2\/categories?post=168542"},{"taxonomy":"post_tag","embeddable":true,"href":"https:\/\/www.meydan.tv\/az\/wp-json\/wp\/v2\/tags?post=168542"}],"curies":[{"name":"wp","href":"https:\/\/api.w.org\/{rel}","templated":true}]}}