{"id":168488,"date":"2015-06-17T22:03:24","date_gmt":"2015-06-17T22:03:24","guid":{"rendered":"https:\/\/www.meydan.tv\/article\/apanin-kitayski-menbeye-istinadi\/"},"modified":"2015-06-17T22:03:24","modified_gmt":"2015-06-17T22:03:24","slug":"apanin-kitayski-menbeye-istinadi","status":"publish","type":"post","link":"https:\/\/www.meydan.tv\/az\/article\/apanin-kitayski-menbeye-istinadi\/","title":{"rendered":"APA&#8217;n\u0131n &#8221;kitayski&#8221; m\u0259nb\u0259y\u0259 istinad\u0131"},"content":{"rendered":"<figure class=\"wp-block-image size-large\">\n  <img decoding=\"async\" src=\"https:\/\/www.meydan.tv\/az\/27204\/\" alt=\"\" class=\"wp-image-27204\"\/><figcaption><\/figcaption><\/figure>\n<figure class=\"wp-block-image size-large\">\n  <img decoding=\"async\" src=\"https:\/\/www.meydan.tv\/az\/26465\/\" alt=\"\" class=\"wp-image-26465\"\/><figcaption><\/figcaption><\/figure>\n<p>\n  Son ill\u0259r beyn\u0259lxalq m\u0259tbuatda &#8220;informasiya m\u00fcharib\u0259si&#8221; ad\u0131 alt\u0131nda bir \u00e7ox dezinformasiya v\u0259 saxta m\u0259lumatlar yayan orqanlar v\u0259 saytlar sur\u0259tl\u0259 yay\u0131lmaqdad\u0131r.<\/p>\n<p>  Biz bunun bariz n\u00fcmun\u0259sinin Rusiya-Ukrayna sava\u015f\u0131nda daha \u00e7ox \u015fahidi olduq. Yeni a\u00e7\u0131lan rusiyameyilli saytlar, s\u0259hif\u0259l\u0259r yalan v\u0259 saxta m\u0259lumatlarla, bu i\u015fin s\u00f6z\u00fcn \u0259sl m\u0259nas\u0131nda pe\u015f\u0259kar\u0131na \u00e7evrildil\u0259r.<\/p>\n<p>  Az\u0259rbaycandak\u0131 hakimiyy\u0259t d\u0259 h\u0259r zaman oldu\u011fu kimi \u00f6z \u015fimal qon\u015fusunda olan bu saxtakarl\u0131qla yo\u011frulmu\u015f d\u0259y\u0259rl\u0259ri bizd\u0259 t\u0259tbiq etm\u0259y\u0259 v\u0259 a\u015f\u0131lama\u011fa h\u0259v\u0259slidir. \u0130st\u0259r troll insanlar vasit\u0259sil\u0259, spamlar yollayaraq h\u00fcc\u00fcmlar t\u0259\u015fkil etm\u0259kl\u0259, ist\u0259rs\u0259 d\u0259 yalan m\u0259nb\u0259l\u0259r\u0259 istinad etm\u0259kl\u0259, yalan x\u0259b\u0259r uydurmaqla bunu realla\u015fd\u0131r\u0131rlar.<\/p>\n<p>  Bunu \u0259n yax\u015f\u0131 v\u0259 f\u0259ras\u0259tl\u0259 ed\u0259n is\u0259 telekanallar\u0131m\u0131zd\u0131r. Son g\u00fcnl\u0259r sosial \u015f\u0259b\u0259k\u0259l\u0259rd\u0259, Meydan TV olaraq \u00f6lk\u0259d\u0259ki hakimiyy\u0259tin ruporu olan kanallar\u0131n saxtakarl\u0131qlar\u0131n\u0131 \u00fcz\u0259 \u00e7\u0131xar\u0131r\u0131q. Bizim m\u0259qs\u0259dimiz kimis\u0259, n\u0259yis\u0259 g\u00f6zd\u0259n salmaq yox, h\u0259qiq\u0259ti ictimaiyy\u0259tl\u0259 payla\u015fmaqd\u0131r. D\u00fc\u015f\u00fcn\u00fcr\u0259m ki, normal media m\u0259hz bunu etm\u0259ldir.\n<\/p>\n<figure class=\"wp-block-image size-large\">\n  <img decoding=\"async\" src=\"https:\/\/www.meydan.tv\/az\/27207\/\" alt=\"\" class=\"wp-image-27207\"\/><figcaption><\/figcaption><\/figure>\n<p>  Bu d\u0259f\u0259 is\u0259 h\u0259r zaman pe\u015f\u0259karl\u0131qdan, d\u00fcr\u00fcstl\u00fckd\u0259n, jurnalistikan\u0131n etik qaydalar\u0131ndan dan\u0131\u015fan APA \u0130nformasiya Agentliyi saxtakarl\u0131\u011fa \u0259l atma\u011fa m\u0259cbur oldu. Agentliyin r\u0259hb\u0259ri V\u00fcsal\u0259 Mahirq\u0131z\u0131 d\u0259f\u0259l\u0259rl\u0259 ist\u0259r mediada olsun, ist\u0259r sosial \u015f\u0259b\u0259k\u0259l\u0259rd\u0259, \u00f6z\u00fcn\u00fc v\u0259 agentliyini pe\u015f\u0259karl\u0131\u011fa, d\u00fczg\u00fcn informasiya \u00e7atd\u0131rma\u011fa iddial\u0131 olaraq, yer\u0259-g\u00f6y\u0259 s\u0131\u011fd\u0131rm\u0131r.<\/p>\n<p>  Amma n\u0259 etsinl\u0259r, v\u0259ziyy\u0259t \u00e7ox a\u011f\u0131rd\u0131r. \u0130st\u0259r \u00f6lk\u0259d\u0259ki 2-3 vicdanl\u0131 media, ist\u0259rs\u0259 d\u0259 beyn\u0259lxalq mediadak\u0131 d\u00fcr\u00fcst t\u0259r\u0259fda\u015flar, \u018fliyevl\u0259r hakimiyy\u0259tinin Avropa Oyunlar\u0131ndan istifad\u0259 edib, xalq\u0131m\u0131z\u0131n s\u0259rv\u0259tini talayaraq \u00f6z imicl\u0259rini, ail\u0259 \u00fczvl\u0259rinin reklam\u0131na \u00e7evirdikl\u0259rini yazmaya, t\u0259nqid etm\u0259y\u0259 bilm\u0259zdil\u0259r.<\/p>\n<p>  Bu if\u015falar\u0131n m\u00fcqabilind\u0259 m\u00fctl\u0259q saxtakarl\u0131\u011fa \u0259l atmaq laz\u0131m idi. V\u0259 budur, APA \u00f6z sayt\u0131nda bel\u0259 bir m\u0259qal\u0259 d\u0259rc edir: &#8220;Almaniya q\u0259zeti Q\u0259rb medias\u0131nda Az\u0259rbaycan \u0259leyhin\u0259 apar\u0131lan kampaniyan\u0131 if\u015fa edib&#8221;. M\u0259qal\u0259ni b\u00fct\u00f6vl\u00fckd\u0259<br \/>\n  <a href=\"http:\/\/az.apa.az\/news\/387452\" target=\"_blank\" rel=\"noopener\"><br \/>\n    buradan oxuya<br \/>\n  <\/a><br \/>\n  bil\u0259rsiniz.\n<\/p>\n<figure class=\"wp-block-image size-large\">\n  <img decoding=\"async\" src=\"https:\/\/www.meydan.tv\/az\/27210\/\" alt=\"\" class=\"wp-image-27210\"\/><figcaption><\/figcaption><\/figure>\n<p>  M\u0259qal\u0259d\u0259 iddia olunur ki, Almaniyan\u0131n \u201c<br \/>\n  <a href=\"http:\/\/berlinertageszeitung.com\/index.php\/politik\/46-nachrichten-aus-der-politik\/3075-europa-spiele-in-aserbaidschan-deutsche-gazetten.html\" target=\"_blank\" rel=\"noopener\"><br \/>\n    Berlinertageszeitung<br \/>\n  <\/a><br \/>\n  \u201d q\u0259zetind\u0259 alman medias\u0131n\u0131n ilk Avropa Oyunlar\u0131 \u00fcz\u0259rind\u0259n Az\u0259rbaycana qar\u015f\u0131 h\u00fccumlar\u0131 t\u0259nqid olunub. S\u0259n dem\u0259, \u0259slind\u0259 Almaniyada r\u0259smi olaraq \u201c<br \/>\n  <a href=\"http:\/\/berlinertageszeitung.com\/index.php\/politik\/46-nachrichten-aus-der-politik\/3075-europa-spiele-in-aserbaidschan-deutsche-gazetten.html\" target=\"_blank\" rel=\"noopener\"><br \/>\n    Berlinertageszeitung<br \/>\n  <\/a><br \/>\n  \u201d adl\u0131 q\u0259zet, \u00fcmumiyy\u0259tl\u0259, m\u00f6vcud deyilmi\u015f. Bu adda q\u0259zet d\u0259rc olunmur v\u0259 soru\u015fdu\u011fumuz bir ne\u00e7\u0259 berlinli jurnalist bel\u0259 bu q\u0259zetd\u0259n x\u0259b\u0259rsizdirl\u0259r.<\/p>\n<p>  \u018fslind\u0259 is\u0259 n\u0259 ba\u015f verib? Almaniyada \u201cBerliner Zeitung\u201d v\u0259 ayr\u0131ca \u201cTages Zeitung\u201d adl\u0131 iki q\u0259zet var. Bir rusofil, alman olub-olmad\u0131\u011f\u0131 bilinm\u0259y\u0259n adam is\u0259 bu iki q\u0259zetin ba\u015fl\u0131\u011f\u0131n\u0131 birl\u0259\u015fdir\u0259r\u0259k, \u201cBerlinertageszeitung\u201d adl\u0131 saxta online q\u0259zet d\u00fcz\u0259ldib.<\/p>\n<p>  D\u00fcz\u00fc, bu d\u0131rnaqaras\u0131 alman q\u0259zetinin sayt\u0131na daxil olanda bel\u0259, onun hans\u0131 keyfiyy\u0259t\u0259 malik oldu\u011funu g\u00f6rm\u0259k olur. H\u0259tta V\u00fcsal\u0259 Mahirq\u0131z\u0131 il\u0259 eyni d\u0259y\u0259rl\u0259ri payla\u015fan, h\u0259mkar\u0131, \u015f\u0259xs\u0259n nifr\u0259t etdiyi Aynur Camalq\u0131z\u0131n\u0131n saytlar\u0131 bel\u0259 bu saytdan daha s\u0259viyy\u0259li v\u0259 keyfiyy\u0259tlidir. H\u0259tta Ruslan B\u0259\u015firlinin, Eynulla F\u0259tullayevin saytlar\u0131 bel\u0259 bu saytdan daha n\u00fcfuzlu v\u0259 keyfiyy\u0259tlidir.\n<\/p>\n<figure class=\"wp-block-image size-large\">\n  <img decoding=\"async\" src=\"https:\/\/www.meydan.tv\/az\/27213\/\" alt=\"\" class=\"wp-image-27213\"\/><figcaption><\/figcaption><\/figure>\n<p>  \u201cBerlinertageszeitung\u201d sayt\u0131na daxil olduqda is\u0259 orda Putini t\u0259rifl\u0259y\u0259n m\u0259qal\u0259l\u0259rin oldu\u011funu, \u00c7e\u00e7enistana, Abxaziyaya s\u0259yah\u0259tl\u0259rin t\u0259\u015fkil edildiyi reklamlar\u0131n, Avropada sanksiya t\u0259tbiq olunmu\u015f v\u0259 qada\u011fan edilmi\u015f firmalar\u0131n elanlar\u0131ndan tutmu\u015f, \u015eimali Koreyaya s\u0259yah\u0259t bannerin\u0259 q\u0259d\u0259r yerl\u0259\u015fdirilm\u0259sinin<br \/>\n  <a href=\"\/images\/cms-image-000010015.png\" target=\"_blank\" rel=\"noopener\"><br \/>\n    \u015fahidi olars\u0131n\u0131z<br \/>\n  <\/a><br \/>\n  . \u018fslind\u0259 bir-birl\u0259rini \u00e7ox yax\u015f\u0131 tamamlayan, eyni t\u0259f\u0259kk\u00fcr\u0259 sahib \u00f6lk\u0259l\u0259rin, bel\u0259 saxta platformada m\u0259dh edilm\u0259si, bu sayt\u0131n mahiyy\u0259tini \u00e7ox yax\u015f\u0131 ortaya qoyur.\n<\/p>\n<figure class=\"wp-block-image size-large\">\n  <img decoding=\"async\" src=\"https:\/\/www.meydan.tv\/az\/27216\/\" alt=\"\" class=\"wp-image-27216\"\/><figcaption><\/figcaption><\/figure>\n<p>  F\u0259q\u0259t \u0259n maraql\u0131s\u0131 sayt\u0131n &#8220;Haqq\u0131m\u0131zda&#8221; b\u00f6lm\u0259sind\u0259 \u00e7ox x\u0131rda h\u0259rfl\u0259rl\u0259 yaz\u0131lanlard\u0131r. Burada sayt\u0131n n\u00f6mr\u0259si, b\u0259lk\u0259 d\u0259 yerl\u0259\u015fdiyi \u00fcnvan v\u0259 e-mail adresl\u0259ri var. Sayt \u00c7ind\u0259 qeydiyyata al\u0131nm\u0131\u015f \u015firk\u0259t\u0259 m\u0259xsusdur, telefon n\u00f6mr\u0259si \u00e7in n\u00f6mr\u0259si v\u0259 \u0259ndr\u0259badi e-mail adresi is\u0259 list.ru adl\u0131 sayta aiddir:\n<\/p>\n<figure class=\"wp-block-image size-large\">\n  <img decoding=\"async\" src=\"https:\/\/www.meydan.tv\/az\/27219\/\" alt=\"\" class=\"wp-image-27219\"\/><figcaption><\/figcaption><\/figure>\n<p>  B\u0259li, h\u0259r zaman y\u00fcks\u0259k d\u0259y\u0259rl\u0259r\u0259 arxalanan, pe\u015f\u0259karl\u0131qdan d\u0259m vuran V\u00fcsal\u0259 xan\u0131m Mahirq\u0131z\u0131 o v\u0259ziyy\u0259t\u0259 d\u00fc\u015f\u00fcb ki, art\u0131q &#8220;kitayski&#8221; m\u0259nb\u0259l\u0259rin \u00fcmidin\u0259 qal\u0131b. V\u0259ziyy\u0259t bu q\u0259d\u0259r ac\u0131nacaql\u0131d\u0131r y\u0259ni? \u018fslind\u0259 burda t\u0259\u0259cc\u00fcb olunas\u0131 bir \u015fey d\u0259 yoxdur. D\u0259f\u0259l\u0259rl\u0259 saxta ara\u015fd\u0131rmalarla, bir \u00e7ox istinads\u0131z x\u0259b\u0259rl\u0259 \u00f6zl\u0259rini qism\u0259n yand\u0131r\u0131blar. Sad\u0259c\u0259 bunu \u00e7ox a\u00e7\u0131b-a\u011fartmam\u0131\u015fam, bu d\u0259f\u0259 is\u0259 a\u011f oldu.<\/p>\n<p>  Do\u011frusu, bu rejim\u0259 muzdlu olan he\u00e7 bir media orqan\u0131n\u0131n, d\u00fcr\u00fcstl\u00fckd\u0259n, d\u0259qiqlikd\u0259n, q\u0259r\u0259zsizlikd\u0259n d\u0259m vurma\u011fa haqq\u0131 bel\u0259 yoxdur. \u00c7\u00fcnki bunlar\u0131n x\u0259miri yalanlarla, o\u011furlanm\u0131\u015f pullar v\u0259 saxtakarl\u0131qlarla yo\u011frulub, s\u0259n nec\u0259 onun ruporu ola-ola t\u0259miz ola bil\u0259rs\u0259n ki? S\u0259ni d\u0259 n\u0259 vaxtsa \u00e7irkin \u0259m\u0259ll\u0259rin\u0259 al\u0259t ed\u0259c\u0259kl\u0259r, nec\u0259 ki, etdil\u0259r. \u00c7ox t\u0259\u0259ss\u00fcfl\u0259ndirici v\u0259 ac\u0131nacaql\u0131 durumdur.<\/p>\n<p>  Yalan v\u0259 saxtal\u0131qla qurulan h\u0259r bir \u015fey f\u0131r\u0131lda\u011fa, \u0259yriliy\u0259, saxtakarl\u0131\u011fa m\u00f6htacd\u0131r v\u0259 daim onunla \u00f6z\u00fcn\u00fc qoruma\u011fa \u00e7al\u0131\u015far. Az\u0259rbaycan hakimiyy\u0259ti d\u0259 bu d\u0259y\u0259rl\u0259r \u00fcz\u0259rind\u0259 quruldu\u011fundan xalqa yalan s\u0131r\u0131maq, u\u011fursuzluqlar\u0131 \u00f6rt-basd\u0131r etm\u0259k \u00fc\u00e7\u00fcn saxtakarl\u0131q etm\u0259y\u0259 ehtiyac\u0131 var. Bizim d\u0259 v\u0259zif\u0259miz xalq\u0131 aldadanlar\u0131, ona yalan dan\u0131\u015fanlar\u0131 if\u015fa etm\u0259k v\u0259 d\u00fczg\u00fcnl\u00fcy\u00fc \u00e7atd\u0131rmaqd\u0131r.\n<\/p>\n<p>\n  <b><br \/>\n    Yaz\u0131dak\u0131 fikirl\u0259r m\u00fc\u0259llif\u0259 m\u0259xsusdur v\u0259 onlara g\u00f6r\u0259 Meydan TV m\u0259suliyy\u0259t da\u015f\u0131m\u0131r.<br \/>\n  <\/b><\/p>\n","protected":false},"excerpt":{"rendered":"<p>\u201cBerlinertageszeitung\u201d q\u0259zeti bar\u0259d\u0259 g\u0259r\u00e7\u0259kl\u0259r<\/p>\n","protected":false},"author":11,"featured_media":27204,"comment_status":"closed","ping_status":"open","sticky":false,"template":"","format":"standard","meta":{"_acf_changed":false,"_sitemap_exclude":false,"_sitemap_priority":"","_sitemap_frequency":"","footnotes":""},"categories":[57],"tags":[],"class_list":["post-168488","post","type-post","status-publish","format-standard","has-post-thumbnail","hentry","category-menim-fikrimce","infinite-scroll-item","generate-columns","tablet-grid-50","mobile-grid-100","grid-parent","grid-33","no-featured-image-padding"],"acf":[],"yoast_head":"<!-- This site is optimized with the Yoast SEO plugin v27.5 - https:\/\/yoast.com\/product\/yoast-seo-wordpress\/ -->\n<title>APA&#039;n\u0131n &#039;&#039;kitayski&#039;&#039; m\u0259nb\u0259y\u0259 istinad\u0131 - MEYDAN.TV<\/title>\n<meta name=\"robots\" content=\"index, follow, max-snippet:-1, max-image-preview:large, max-video-preview:-1\" \/>\n<link rel=\"canonical\" href=\"https:\/\/www.meydan.tv\/az\/article\/apanin-kitayski-menbeye-istinadi\/\" \/>\n<meta property=\"og:locale\" content=\"az_AZ\" \/>\n<meta property=\"og:type\" content=\"article\" \/>\n<meta property=\"og:title\" content=\"APA&#039;n\u0131n &#039;&#039;kitayski&#039;&#039; m\u0259nb\u0259y\u0259 istinad\u0131 - MEYDAN.TV\" \/>\n<meta property=\"og:description\" content=\"\u201cBerlinertageszeitung\u201d q\u0259zeti bar\u0259d\u0259 g\u0259r\u00e7\u0259kl\u0259r\" \/>\n<meta property=\"og:url\" content=\"https:\/\/www.meydan.tv\/az\/article\/apanin-kitayski-menbeye-istinadi\/\" \/>\n<meta property=\"og:site_name\" content=\"MEYDAN.TV\" \/>\n<meta property=\"article:published_time\" content=\"2015-06-17T22:03:24+00:00\" \/>\n<meta property=\"og:image\" content=\"https:\/\/www.meydan.tv\/wp-content\/uploads\/10009.jpg\" \/>\n\t<meta property=\"og:image:width\" content=\"500\" \/>\n\t<meta property=\"og:image:height\" content=\"304\" \/>\n\t<meta property=\"og:image:type\" content=\"image\/jpeg\" \/>\n<meta name=\"author\" content=\"user-manager\" \/>\n<meta name=\"twitter:card\" content=\"summary_large_image\" \/>\n<script type=\"application\/ld+json\" class=\"yoast-schema-graph\">{\"@context\":\"https:\\\/\\\/schema.org\",\"@graph\":[{\"@type\":\"Article\",\"@id\":\"https:\\\/\\\/www.meydan.tv\\\/az\\\/article\\\/apanin-kitayski-menbeye-istinadi\\\/#article\",\"isPartOf\":{\"@id\":\"https:\\\/\\\/www.meydan.tv\\\/az\\\/article\\\/apanin-kitayski-menbeye-istinadi\\\/\"},\"author\":{\"name\":\"user-manager\",\"@id\":\"https:\\\/\\\/www.meydan.tv\\\/az\\\/#\\\/schema\\\/person\\\/10d11eccf6da3662cf5fdab9806ea91a\"},\"headline\":\"APA&#8217;n\u0131n &#8221;kitayski&#8221; m\u0259nb\u0259y\u0259 istinad\u0131\",\"datePublished\":\"2015-06-17T22:03:24+00:00\",\"mainEntityOfPage\":{\"@id\":\"https:\\\/\\\/www.meydan.tv\\\/az\\\/article\\\/apanin-kitayski-menbeye-istinadi\\\/\"},\"wordCount\":1074,\"publisher\":{\"@id\":\"https:\\\/\\\/www.meydan.tv\\\/az\\\/#organization\"},\"image\":{\"@id\":\"https:\\\/\\\/www.meydan.tv\\\/az\\\/article\\\/apanin-kitayski-menbeye-istinadi\\\/#primaryimage\"},\"thumbnailUrl\":\"https:\\\/\\\/www.meydan.tv\\\/wp-content\\\/uploads\\\/10009.jpg\",\"articleSection\":[\"M\u0259nim Fikrimc\u0259\"],\"inLanguage\":\"az\"},{\"@type\":\"WebPage\",\"@id\":\"https:\\\/\\\/www.meydan.tv\\\/az\\\/article\\\/apanin-kitayski-menbeye-istinadi\\\/\",\"url\":\"https:\\\/\\\/www.meydan.tv\\\/az\\\/article\\\/apanin-kitayski-menbeye-istinadi\\\/\",\"name\":\"APA'n\u0131n ''kitayski'' m\u0259nb\u0259y\u0259 istinad\u0131 - MEYDAN.TV\",\"isPartOf\":{\"@id\":\"https:\\\/\\\/www.meydan.tv\\\/az\\\/#website\"},\"primaryImageOfPage\":{\"@id\":\"https:\\\/\\\/www.meydan.tv\\\/az\\\/article\\\/apanin-kitayski-menbeye-istinadi\\\/#primaryimage\"},\"image\":{\"@id\":\"https:\\\/\\\/www.meydan.tv\\\/az\\\/article\\\/apanin-kitayski-menbeye-istinadi\\\/#primaryimage\"},\"thumbnailUrl\":\"https:\\\/\\\/www.meydan.tv\\\/wp-content\\\/uploads\\\/10009.jpg\",\"datePublished\":\"2015-06-17T22:03:24+00:00\",\"breadcrumb\":{\"@id\":\"https:\\\/\\\/www.meydan.tv\\\/az\\\/article\\\/apanin-kitayski-menbeye-istinadi\\\/#breadcrumb\"},\"inLanguage\":\"az\",\"potentialAction\":[{\"@type\":\"ReadAction\",\"target\":[\"https:\\\/\\\/www.meydan.tv\\\/az\\\/article\\\/apanin-kitayski-menbeye-istinadi\\\/\"]}]},{\"@type\":\"ImageObject\",\"inLanguage\":\"az\",\"@id\":\"https:\\\/\\\/www.meydan.tv\\\/az\\\/article\\\/apanin-kitayski-menbeye-istinadi\\\/#primaryimage\",\"url\":\"https:\\\/\\\/www.meydan.tv\\\/wp-content\\\/uploads\\\/10009.jpg\",\"contentUrl\":\"https:\\\/\\\/www.meydan.tv\\\/wp-content\\\/uploads\\\/10009.jpg\",\"width\":500,\"height\":304,\"caption\":\"Source:\"},{\"@type\":\"BreadcrumbList\",\"@id\":\"https:\\\/\\\/www.meydan.tv\\\/az\\\/article\\\/apanin-kitayski-menbeye-istinadi\\\/#breadcrumb\",\"itemListElement\":[{\"@type\":\"ListItem\",\"position\":1,\"name\":\"Ana s\u0259hif\u0259\",\"item\":\"https:\\\/\\\/www.meydan.tv\\\/az\\\/\"},{\"@type\":\"ListItem\",\"position\":2,\"name\":\"M\u0259nim Fikrimc\u0259\",\"item\":\"https:\\\/\\\/www.meydan.tv\\\/az\\\/section\\\/menim-fikrimce\\\/\"},{\"@type\":\"ListItem\",\"position\":3,\"name\":\"APA&#8217;n\u0131n &#8221;kitayski&#8221; m\u0259nb\u0259y\u0259 istinad\u0131\"}]},{\"@type\":\"WebSite\",\"@id\":\"https:\\\/\\\/www.meydan.tv\\\/az\\\/#website\",\"url\":\"https:\\\/\\\/www.meydan.tv\\\/az\\\/\",\"name\":\"MEYDAN.TV\",\"description\":\"Meydan TV Az\u0259rbaycan\u0131n media m\u0259kan\u0131ndak\u0131 alternativ s\u0259sidir\",\"publisher\":{\"@id\":\"https:\\\/\\\/www.meydan.tv\\\/az\\\/#organization\"},\"potentialAction\":[{\"@type\":\"SearchAction\",\"target\":{\"@type\":\"EntryPoint\",\"urlTemplate\":\"https:\\\/\\\/www.meydan.tv\\\/az\\\/?s={search_term_string}\"},\"query-input\":{\"@type\":\"PropertyValueSpecification\",\"valueRequired\":true,\"valueName\":\"search_term_string\"}}],\"inLanguage\":\"az\"},{\"@type\":\"Organization\",\"@id\":\"https:\\\/\\\/www.meydan.tv\\\/az\\\/#organization\",\"name\":\"Meydan TV\",\"url\":\"https:\\\/\\\/www.meydan.tv\\\/az\\\/\",\"logo\":{\"@type\":\"ImageObject\",\"inLanguage\":\"az\",\"@id\":\"https:\\\/\\\/www.meydan.tv\\\/az\\\/#\\\/schema\\\/logo\\\/image\\\/\",\"url\":\"https:\\\/\\\/www.meydan.tv\\\/wp-content\\\/uploads\\\/2021\\\/07\\\/meydan-logo.svg\",\"contentUrl\":\"https:\\\/\\\/www.meydan.tv\\\/wp-content\\\/uploads\\\/2021\\\/07\\\/meydan-logo.svg\",\"width\":195,\"height\":46,\"caption\":\"Meydan TV\"},\"image\":{\"@id\":\"https:\\\/\\\/www.meydan.tv\\\/az\\\/#\\\/schema\\\/logo\\\/image\\\/\"}},{\"@type\":\"Person\",\"@id\":\"https:\\\/\\\/www.meydan.tv\\\/az\\\/#\\\/schema\\\/person\\\/10d11eccf6da3662cf5fdab9806ea91a\",\"name\":\"user-manager\"}]}<\/script>\n<!-- \/ Yoast SEO plugin. -->","yoast_head_json":{"title":"APA'n\u0131n ''kitayski'' m\u0259nb\u0259y\u0259 istinad\u0131 - MEYDAN.TV","robots":{"index":"index","follow":"follow","max-snippet":"max-snippet:-1","max-image-preview":"max-image-preview:large","max-video-preview":"max-video-preview:-1"},"canonical":"https:\/\/www.meydan.tv\/az\/article\/apanin-kitayski-menbeye-istinadi\/","og_locale":"az_AZ","og_type":"article","og_title":"APA'n\u0131n ''kitayski'' m\u0259nb\u0259y\u0259 istinad\u0131 - MEYDAN.TV","og_description":"\u201cBerlinertageszeitung\u201d q\u0259zeti bar\u0259d\u0259 g\u0259r\u00e7\u0259kl\u0259r","og_url":"https:\/\/www.meydan.tv\/az\/article\/apanin-kitayski-menbeye-istinadi\/","og_site_name":"MEYDAN.TV","article_published_time":"2015-06-17T22:03:24+00:00","og_image":[{"width":500,"height":304,"url":"https:\/\/www.meydan.tv\/wp-content\/uploads\/10009.jpg","type":"image\/jpeg"}],"author":"user-manager","twitter_card":"summary_large_image","schema":{"@context":"https:\/\/schema.org","@graph":[{"@type":"Article","@id":"https:\/\/www.meydan.tv\/az\/article\/apanin-kitayski-menbeye-istinadi\/#article","isPartOf":{"@id":"https:\/\/www.meydan.tv\/az\/article\/apanin-kitayski-menbeye-istinadi\/"},"author":{"name":"user-manager","@id":"https:\/\/www.meydan.tv\/az\/#\/schema\/person\/10d11eccf6da3662cf5fdab9806ea91a"},"headline":"APA&#8217;n\u0131n &#8221;kitayski&#8221; m\u0259nb\u0259y\u0259 istinad\u0131","datePublished":"2015-06-17T22:03:24+00:00","mainEntityOfPage":{"@id":"https:\/\/www.meydan.tv\/az\/article\/apanin-kitayski-menbeye-istinadi\/"},"wordCount":1074,"publisher":{"@id":"https:\/\/www.meydan.tv\/az\/#organization"},"image":{"@id":"https:\/\/www.meydan.tv\/az\/article\/apanin-kitayski-menbeye-istinadi\/#primaryimage"},"thumbnailUrl":"https:\/\/www.meydan.tv\/wp-content\/uploads\/10009.jpg","articleSection":["M\u0259nim Fikrimc\u0259"],"inLanguage":"az"},{"@type":"WebPage","@id":"https:\/\/www.meydan.tv\/az\/article\/apanin-kitayski-menbeye-istinadi\/","url":"https:\/\/www.meydan.tv\/az\/article\/apanin-kitayski-menbeye-istinadi\/","name":"APA'n\u0131n ''kitayski'' m\u0259nb\u0259y\u0259 istinad\u0131 - MEYDAN.TV","isPartOf":{"@id":"https:\/\/www.meydan.tv\/az\/#website"},"primaryImageOfPage":{"@id":"https:\/\/www.meydan.tv\/az\/article\/apanin-kitayski-menbeye-istinadi\/#primaryimage"},"image":{"@id":"https:\/\/www.meydan.tv\/az\/article\/apanin-kitayski-menbeye-istinadi\/#primaryimage"},"thumbnailUrl":"https:\/\/www.meydan.tv\/wp-content\/uploads\/10009.jpg","datePublished":"2015-06-17T22:03:24+00:00","breadcrumb":{"@id":"https:\/\/www.meydan.tv\/az\/article\/apanin-kitayski-menbeye-istinadi\/#breadcrumb"},"inLanguage":"az","potentialAction":[{"@type":"ReadAction","target":["https:\/\/www.meydan.tv\/az\/article\/apanin-kitayski-menbeye-istinadi\/"]}]},{"@type":"ImageObject","inLanguage":"az","@id":"https:\/\/www.meydan.tv\/az\/article\/apanin-kitayski-menbeye-istinadi\/#primaryimage","url":"https:\/\/www.meydan.tv\/wp-content\/uploads\/10009.jpg","contentUrl":"https:\/\/www.meydan.tv\/wp-content\/uploads\/10009.jpg","width":500,"height":304,"caption":"Source:"},{"@type":"BreadcrumbList","@id":"https:\/\/www.meydan.tv\/az\/article\/apanin-kitayski-menbeye-istinadi\/#breadcrumb","itemListElement":[{"@type":"ListItem","position":1,"name":"Ana s\u0259hif\u0259","item":"https:\/\/www.meydan.tv\/az\/"},{"@type":"ListItem","position":2,"name":"M\u0259nim Fikrimc\u0259","item":"https:\/\/www.meydan.tv\/az\/section\/menim-fikrimce\/"},{"@type":"ListItem","position":3,"name":"APA&#8217;n\u0131n &#8221;kitayski&#8221; m\u0259nb\u0259y\u0259 istinad\u0131"}]},{"@type":"WebSite","@id":"https:\/\/www.meydan.tv\/az\/#website","url":"https:\/\/www.meydan.tv\/az\/","name":"MEYDAN.TV","description":"Meydan TV Az\u0259rbaycan\u0131n media m\u0259kan\u0131ndak\u0131 alternativ s\u0259sidir","publisher":{"@id":"https:\/\/www.meydan.tv\/az\/#organization"},"potentialAction":[{"@type":"SearchAction","target":{"@type":"EntryPoint","urlTemplate":"https:\/\/www.meydan.tv\/az\/?s={search_term_string}"},"query-input":{"@type":"PropertyValueSpecification","valueRequired":true,"valueName":"search_term_string"}}],"inLanguage":"az"},{"@type":"Organization","@id":"https:\/\/www.meydan.tv\/az\/#organization","name":"Meydan TV","url":"https:\/\/www.meydan.tv\/az\/","logo":{"@type":"ImageObject","inLanguage":"az","@id":"https:\/\/www.meydan.tv\/az\/#\/schema\/logo\/image\/","url":"https:\/\/www.meydan.tv\/wp-content\/uploads\/2021\/07\/meydan-logo.svg","contentUrl":"https:\/\/www.meydan.tv\/wp-content\/uploads\/2021\/07\/meydan-logo.svg","width":195,"height":46,"caption":"Meydan TV"},"image":{"@id":"https:\/\/www.meydan.tv\/az\/#\/schema\/logo\/image\/"}},{"@type":"Person","@id":"https:\/\/www.meydan.tv\/az\/#\/schema\/person\/10d11eccf6da3662cf5fdab9806ea91a","name":"user-manager"}]}},"_links":{"self":[{"href":"https:\/\/www.meydan.tv\/az\/wp-json\/wp\/v2\/posts\/168488","targetHints":{"allow":["GET"]}}],"collection":[{"href":"https:\/\/www.meydan.tv\/az\/wp-json\/wp\/v2\/posts"}],"about":[{"href":"https:\/\/www.meydan.tv\/az\/wp-json\/wp\/v2\/types\/post"}],"author":[{"embeddable":true,"href":"https:\/\/www.meydan.tv\/az\/wp-json\/wp\/v2\/users\/11"}],"replies":[{"embeddable":true,"href":"https:\/\/www.meydan.tv\/az\/wp-json\/wp\/v2\/comments?post=168488"}],"version-history":[{"count":0,"href":"https:\/\/www.meydan.tv\/az\/wp-json\/wp\/v2\/posts\/168488\/revisions"}],"wp:featuredmedia":[{"embeddable":true,"href":"https:\/\/www.meydan.tv\/az\/wp-json\/wp\/v2\/media\/27204"}],"wp:attachment":[{"href":"https:\/\/www.meydan.tv\/az\/wp-json\/wp\/v2\/media?parent=168488"}],"wp:term":[{"taxonomy":"category","embeddable":true,"href":"https:\/\/www.meydan.tv\/az\/wp-json\/wp\/v2\/categories?post=168488"},{"taxonomy":"post_tag","embeddable":true,"href":"https:\/\/www.meydan.tv\/az\/wp-json\/wp\/v2\/tags?post=168488"}],"curies":[{"name":"wp","href":"https:\/\/api.w.org\/{rel}","templated":true}]}}