{"id":168486,"date":"2015-06-18T00:44:44","date_gmt":"2015-06-18T00:44:44","guid":{"rendered":"https:\/\/www.meydan.tv\/article\/sen-de-daha-evvelki-kimi-yazmirsan\/"},"modified":"2015-06-18T00:44:44","modified_gmt":"2015-06-18T00:44:44","slug":"sen-de-daha-evvelki-kimi-yazmirsan","status":"publish","type":"post","link":"https:\/\/www.meydan.tv\/az\/article\/sen-de-daha-evvelki-kimi-yazmirsan\/","title":{"rendered":"S\u0259n d\u0259 daha \u0259vv\u0259lki kimi yazm\u0131rsan"},"content":{"rendered":"<figure class=\"wp-block-image size-large\">\n  <img decoding=\"async\" src=\"https:\/\/www.meydan.tv\/az\/25231\/\" alt=\"\" class=\"wp-image-25231\"\/><figcaption><\/figcaption><\/figure>\n<figure class=\"wp-block-image size-large\">\n  <img decoding=\"async\" src=\"https:\/\/www.meydan.tv\/az\/25234\/\" alt=\"\" class=\"wp-image-25234\"\/><figcaption><\/figcaption><\/figure>\n<p>\n  <b><br \/>\n    Qurdlar v\u0259 Qazlar<br \/>\n  <\/b>\n<\/p>\n<p>\n  Kimd\u0259n ba\u015flay\u0131ramsa \u00f6z\u00fcm\u0259, hardan ba\u015flay\u0131ramsa k\u0259ndim\u0259 g\u0259lib \u00e7\u0131x\u0131ram<br \/>\n  <br \/>\n  U\u015faq vaxtlar\u0131m\u0131zda \u201cQazlar, qazlar\u201d adlanan oyun oynayard\u0131q. Bir d\u0259st\u0259miz \u0259l-\u0259l\u0259 tutu\u015fub dayanar, o biri b\u00f6y\u00fck d\u0259st\u0259 qaz olub \u00e7\u0259m\u0259nd\u0259 otlayard\u0131q. Sonuncular \u2013 canavarlar pusquda dayanard\u0131. Sonra ba\u015flayard\u0131q:<br \/>\n  <br \/>\n  \u201c\u2013 Qazlar, qazlar!<br \/>\n  <br \/>\n  \u00a0\u2013 N\u0259 var, n\u0259 var?<br \/>\n  <br \/>\n  \u00a0\u2013 Yolda qurd var,<br \/>\n  <br \/>\n  U\u00e7un, g\u0259lin\u201d.<br \/>\n  <br \/>\n  Qazlar qaz\u0131n \u201cu\u00e7a\u201d bildiyi q\u0259d\u0259r s\u00fcr\u0259tl\u0259 y\u00fcy\u00fcr\u00fcb g\u0259l\u0259nd\u0259 qurdlar pusqudan \u00e7\u0131x\u0131b, onlar\u0131 tutard\u0131. M\u0259nzil\u0259 yaln\u0131z can\u0131n\u0131 g\u00fccl\u0259 qurtaran yaral\u0131 qazlar \u00e7ata bilirdi. T\u0259krar h\u00fccumlarda\u00a0 h\u0259min yoluq, axsaq qazlar da \u0259ld\u0259n d\u00fc\u015f\u00fcb asanl\u0131qla qurdlar\u0131n a\u011fz\u0131na girirdil\u0259r.<br \/>\n  <br \/>\n  M\u0259ntiqli-m\u0259ntiqsiz bu, bizim u\u015faq oyunumuz idi. \u018flli il\u0259 yax\u0131n bir m\u00f6hl\u0259tdir ki, h\u0259min oyunun ac\u0131 h\u0259yat ger\u00e7\u0259kl\u0259riyl\u0259 h\u0259r g\u00fcn qar\u015f\u0131la\u015f\u0131ram. Amma n\u0259 yaz\u0131qlar ki, o vaxt-bu vaxt n\u0259 qazlar\u0131n qeyr\u0259t\u0259 g\u0259ldiyini g\u00f6rd\u00fcm, n\u0259 d\u0259 qurdlar\u0131n insafa\u2026<\/p>\n<p>  <b><br \/>\n    S\u00f6z\u0259 q\u00fcvv\u0259t<br \/>\n  <\/b><\/p>\n<p>  Magistral yola \u00e7\u0131xan h\u0259r k\u0259s avtomobill\u0259rin bir-birin\u0259 i\u015f\u0131q yand\u0131raraq verdiyi i\u015far\u0259nin m\u0259nas\u0131n\u0131 yax\u015f\u0131 bilir: \u2013 \u00d6z\u00fcn\u00fcz\u00fc g\u00f6zl\u0259yin, yolda polis var! Y\u0259ni, d\u00f6vl\u0259t yol polisi (DYP). Fikir vermi\u015f\u0259m, m\u0259lum toxunulmazlardan savay\u0131 b\u00fct\u00fcn yol adam\u0131 bir-birin\u0259 bu h\u0259mr\u0259yliyi g\u00f6st\u0259rir. S\u0259mimi v\u0259 t\u0259mannas\u0131z olaraq. Siqnal\u0131 alan \u015f\u0259xs k\u0259m\u0259rini tax\u0131r, s\u00fcr\u0259ti azald\u0131r v\u0259 sair ehtiyat t\u0259dbirini g\u00f6r\u00fcr ki, q\u0259fil yaxalanmas\u0131n.<br \/>\n  <br \/>\n  Bu m\u0259s\u0259l\u0259d\u0259 m\u0259nim xo\u015fuma g\u0259l\u0259n yegan\u0259 \u015fey xalq\u0131n h\u0259mr\u0259yliyidir. Amma n\u0259d\u0259n yaln\u0131z s\u00fckan arxas\u0131nda h\u0259mr\u0259y oluruq, bunu ba\u015fa d\u00fc\u015fm\u00fcr\u0259m.<br \/>\n  <br \/>\n  D\u00f6vl\u0259t yol polisl\u0259rin\u0259 is\u0259 \u00fcr\u0259yim yan\u0131r. H\u0259r k\u0259s bel\u0259 ed\u0259rs\u0259, b\u0259s onlar kimi tutacaqlar? Boyunlar\u0131na d\u00fc\u015f\u0259n m\u0259bl\u0259\u011fi kimd\u0259n y\u0131\u011f\u0131b \u00f6d\u0259y\u0259c\u0259kl\u0259r? \u018fy\u0259r \u00f6d\u0259ni\u015f olmasa yaz\u0131qlar\u0131 i\u015fd\u0259n qovarlar ax\u0131\u2026 Onlar da bizim kimi ac qalmasalar da, i\u015fsiz qalarlar. Amma qalmazlar. \u00c7\u00fcnki, \u00f6lk\u0259d\u0259 ma\u015fallah intizaml\u0131 s\u00fcr\u00fcc\u00fcl\u0259r \u00e7oxdur. M\u0259n h\u0259tta o g\u00fcnl\u0259ri ba\u015f\u0131n\u0131 s\u00fckana s\u00f6yk\u0259yib yatan d\u00f6vl\u0259t yol polisini oyad\u0131b \u201chaqq\u201d ver\u0259n \u201cKamaz\u201d s\u00fcr\u00fcc\u00fcs\u00fc g\u00f6rm\u00fc\u015f\u0259m. Onda bir daha anlad\u0131m ki, v\u0259t\u0259ni sevm\u0259yin zaman\u0131 v\u0259 m\u0259kan\u0131 olmur, v\u0259t\u0259nda\u015fl\u0131q borcunu yol\u00fcst\u00fc d\u0259 icra ed\u0259 bil\u0259rs\u0259n. T\u0259ki buna ist\u0259k v\u0259 imkan olsun.<br \/>\n  <br \/>\n  Tez-tez \u00f6lk\u0259ni qaz kimi yolub-yolu\u015fduranlardan dan\u0131\u015f\u0131rlar. O saatca yad\u0131ma u\u015faq vaxtlar\u0131m\u0131zda oynad\u0131\u011f\u0131m\u0131z h\u0259min oyun d\u00fc\u015f\u00fcr. \u018fcaba, qaz dey\u0259rk\u0259n bizl\u0259rimi n\u0259z\u0259rd\u0259 tuturlar?! Amma daha bizim di\u015f\u0259 v\u0259 \u0259l\u0259 g\u0259l\u0259si n\u0259yimiz qal\u0131b ki\u2026<br \/>\n  <br \/>\n  \u00a0\u201cYaz\u0131q\u201d qurdlar!<\/p>\n<p>  <b><br \/>\n    M\u00fcasir Xudayarlar\u0131n internet qorxusu<br \/>\n  <\/b><\/p>\n<p>  \u2013 \u00d6lk\u0259d\u0259 c\u0259sar\u0259tli, vicdanl\u0131 jurnaistl\u0259r qalmay\u0131b, s\u0259n d\u0259 daha \u0259vv\u0259lki kimi yazma\u011fa qorxursan.<br \/>\n  <br \/>\n  \u018fdas\u0131 yer\u0259-g\u00f6y\u0259 s\u0131\u011fmayan tipin hans\u0131 \u0259sasla bu n\u0259tic\u0259y\u0259 g\u0259ldiyini soru\u015fmay\u0131b t\u0259rbiy\u0259m daxilind\u0259 cavab verdim:<br \/>\n  <br \/>\n  \u2013 \u018fvv\u0259lki kimi yaz\u0131ram, narahat olmay\u0131n.<br \/>\n  <br \/>\n  \u2013 B\u0259s niy\u0259 m\u0259nim x\u0259b\u0259rim yoxdu?<br \/>\n  <br \/>\n  \u2013 Ona g\u00f6r\u0259 ki, m\u0259tbuat\u0131 izl\u0259mirsiniz.<br \/>\n  <br \/>\n  Q\u0131c\u0131q m\u00fcsahibim cavabdan xo\u015flanmad\u0131:<br \/>\n  <br \/>\n  \u00a0\u2013 Birincisi, indi q\u0259zet oxuyan kimdi? \u0130kinci d\u0259 ki, r\u0259hb\u0259rlik m\u00fcxalif m\u0259tbuata birt\u0259h\u0259r bax\u0131r.<br \/>\n  <br \/>\n  \u0130kinci s\u0259b\u0259bin \u0259slind\u0259 birinci oldu\u011funu ikimiz d\u0259 bilirdik, amma yen\u0259 h\u00f6vs\u0259l\u0259mi bas\u0131b yalan\u00e7\u0131n\u0131 m\u0259nzilin\u0259c\u0259n qovmaq q\u0259rar\u0131na g\u0259ldim:<br \/>\n  <br \/>\n  \u2013 Evd\u0259 komputeriniz var?<br \/>\n  <br \/>\n  \u00dcz\u00fcm\u0259 el\u0259 baxd\u0131 ki, guya \u201c\u0259ynind\u0259 tuman\u0131n varm\u0131?\u201d \u2013 dey\u0259 soru\u015furam.<br \/>\n  <br \/>\n  \u00a0\u2013 \u0130ndi hans\u0131 zamand\u0131r? H\u0259r u\u015faqda biri var, bizimki d\u0259 arvadla \u015f\u0259riklidi.<br \/>\n  <br \/>\n  Yaz\u0131lar\u0131m\u0131n d\u0259rc olundu\u011fu saytlar\u0131 ka\u011f\u0131za yaz\u0131b ona uzatd\u0131m:<br \/>\n  <br \/>\n  \u00a0\u2013 Ma\u015fallah, m\u00fcasir ail\u0259sinizmi\u015f. Buyurun, g\u00f6st\u0259ril\u0259n qaydada internet\u0259 girib m\u0259qal\u0259l\u0259ri oxuya bil\u0259rsiz.<br \/>\n  <br \/>\n  N\u0259 fikirl\u0259\u015fdis\u0259 tez \u0259lini \u00e7\u0259kib \u00fcz\u00fcm\u0259 bozard\u0131:<br \/>\n  <br \/>\n  \u2013 Yox-yox, qoy qals\u0131n! N\u0259 m\u0259lum ki, ora kimin hardan girdiyi bilinm\u0259y\u0259c\u0259k? Duran yerd\u0259 \u00f6z\u00fcm\u00fc, ail\u0259mi risk\u0259 ata bilm\u0259r\u0259m. K\u00fcr\u0259k\u0259nim\u0259 yuxar\u0131larda i\u015f dan\u0131\u015fm\u0131\u015f\u0131q, bird\u0259n kimins\u0259 qula\u011f\u0131na \u00e7at\u0131b el\u0259y\u0259r&#8230;<br \/>\n  <br \/>\n  Qar\u015f\u0131mdak\u0131 geyimli-kecimli, bazburutlu tox canl\u0131ya xeyli tama\u015fa el\u0259dim. Bilmir\u0259m n\u0259 i\u015fdirs\u0259, bizim h\u0259min o u\u015faq oyunumuz zaman\u0131 qazlar k\u00f6vr\u0259k v\u0259 m\u0259nim kimi\u00a0 \u201cc\u0131rq\u0259n\u0259t\u201d olard\u0131lar, qurdlar is\u0259 k\u00f6t\u00fck kimi duy\u011fusuz v\u0259 yo\u011fun idil\u0259r.<br \/>\n  <br \/>\n  \u2013 \u201cG\u00f6r\u0259s\u0259n bu tip he\u00e7 u\u015faql\u0131\u011f\u0131n\u0131 xat\u0131rlay\u0131rm\u0131?\u201d \u2013 dey\u0259 d\u00fc\u015f\u00fcnd\u00fcm. Sif\u0259tind\u0259 sual\u0131ma m\u00fcsb\u0259t cavab ver\u0259c\u0259k birc\u0259 \u0259z\u0259l\u0259 bel\u0259 t\u0259rp\u0259nmirdi. Allah bilir, bel\u0259 qal\u0131n, ya\u011fl\u0131 \u015f\u0259kl\u0259 d\u00fc\u015fm\u0259k \u00fc\u00e7\u00fcn n\u0259 q\u0259d\u0259r g\u00fcnahs\u0131z adam\u0131n haqq\u0131n\u0131 yeyib&#8230;<br \/>\n  <br \/>\n  \u00d6lk\u0259 \u0259dal\u0259tsizlikl\u0259rl\u0259 doludur v\u0259 gec-tez bunun hesab\u0131n\u0131 ver\u0259c\u0259k h\u0259r hans\u0131 q\u00fcvv\u0259nin qurtulu\u015fu yoxdur. H\u0259m d\u0259 k\u00fclli-ixtiyar sahibi oldu\u011fu indiki hal\u0131nda bel\u0259&#8230;\n<\/p>\n<p>\n  <b><br \/>\n    Yaz\u0131dak\u0131 fikirl\u0259r m\u00fc\u0259llif\u0259 m\u0259xsusdur v\u0259 onlara g\u00f6r\u0259 Meydan TV m\u0259suliyy\u0259t da\u015f\u0131m\u0131r.<br \/>\n  <\/b><\/p>\n","protected":false},"excerpt":{"rendered":"<p>Kimd\u0259n ba\u015flay\u0131ramsa \u00f6z\u00fcm\u0259, hardan ba\u015flay\u0131ramsa k\u0259ndim\u0259 g\u0259lib \u00e7\u0131x\u0131ram<\/p>\n","protected":false},"author":11,"featured_media":25231,"comment_status":"closed","ping_status":"open","sticky":false,"template":"","format":"standard","meta":{"_acf_changed":false,"_sitemap_exclude":false,"_sitemap_priority":"","_sitemap_frequency":"","footnotes":""},"categories":[57],"tags":[],"class_list":["post-168486","post","type-post","status-publish","format-standard","has-post-thumbnail","hentry","category-menim-fikrimce","infinite-scroll-item","generate-columns","tablet-grid-50","mobile-grid-100","grid-parent","grid-33","no-featured-image-padding"],"acf":[],"yoast_head":"<!-- This site is optimized with the Yoast SEO plugin v27.5 - https:\/\/yoast.com\/product\/yoast-seo-wordpress\/ -->\n<title>S\u0259n d\u0259 daha \u0259vv\u0259lki kimi yazm\u0131rsan - MEYDAN.TV<\/title>\n<meta name=\"robots\" content=\"index, follow, max-snippet:-1, max-image-preview:large, max-video-preview:-1\" \/>\n<link rel=\"canonical\" href=\"https:\/\/www.meydan.tv\/az\/article\/sen-de-daha-evvelki-kimi-yazmirsan\/\" \/>\n<meta property=\"og:locale\" content=\"az_AZ\" \/>\n<meta property=\"og:type\" content=\"article\" \/>\n<meta property=\"og:title\" content=\"S\u0259n d\u0259 daha \u0259vv\u0259lki kimi yazm\u0131rsan - MEYDAN.TV\" \/>\n<meta property=\"og:description\" content=\"Kimd\u0259n ba\u015flay\u0131ramsa \u00f6z\u00fcm\u0259, hardan ba\u015flay\u0131ramsa k\u0259ndim\u0259 g\u0259lib \u00e7\u0131x\u0131ram\" \/>\n<meta property=\"og:url\" content=\"https:\/\/www.meydan.tv\/az\/article\/sen-de-daha-evvelki-kimi-yazmirsan\/\" \/>\n<meta property=\"og:site_name\" content=\"MEYDAN.TV\" \/>\n<meta property=\"article:published_time\" content=\"2015-06-18T00:44:44+00:00\" \/>\n<meta property=\"og:image\" content=\"https:\/\/www.meydan.tv\/wp-content\/uploads\/9226.jpg\" \/>\n\t<meta property=\"og:image:width\" content=\"500\" \/>\n\t<meta property=\"og:image:height\" content=\"500\" \/>\n\t<meta property=\"og:image:type\" content=\"image\/jpeg\" \/>\n<meta name=\"author\" content=\"user-manager\" \/>\n<meta name=\"twitter:card\" content=\"summary_large_image\" \/>\n<script type=\"application\/ld+json\" class=\"yoast-schema-graph\">{\"@context\":\"https:\\\/\\\/schema.org\",\"@graph\":[{\"@type\":\"Article\",\"@id\":\"https:\\\/\\\/www.meydan.tv\\\/az\\\/article\\\/sen-de-daha-evvelki-kimi-yazmirsan\\\/#article\",\"isPartOf\":{\"@id\":\"https:\\\/\\\/www.meydan.tv\\\/az\\\/article\\\/sen-de-daha-evvelki-kimi-yazmirsan\\\/\"},\"author\":{\"name\":\"user-manager\",\"@id\":\"https:\\\/\\\/www.meydan.tv\\\/az\\\/#\\\/schema\\\/person\\\/10d11eccf6da3662cf5fdab9806ea91a\"},\"headline\":\"S\u0259n d\u0259 daha \u0259vv\u0259lki kimi yazm\u0131rsan\",\"datePublished\":\"2015-06-18T00:44:44+00:00\",\"mainEntityOfPage\":{\"@id\":\"https:\\\/\\\/www.meydan.tv\\\/az\\\/article\\\/sen-de-daha-evvelki-kimi-yazmirsan\\\/\"},\"wordCount\":963,\"publisher\":{\"@id\":\"https:\\\/\\\/www.meydan.tv\\\/az\\\/#organization\"},\"image\":{\"@id\":\"https:\\\/\\\/www.meydan.tv\\\/az\\\/article\\\/sen-de-daha-evvelki-kimi-yazmirsan\\\/#primaryimage\"},\"thumbnailUrl\":\"https:\\\/\\\/www.meydan.tv\\\/wp-content\\\/uploads\\\/9226.jpg\",\"articleSection\":[\"M\u0259nim Fikrimc\u0259\"],\"inLanguage\":\"az\"},{\"@type\":\"WebPage\",\"@id\":\"https:\\\/\\\/www.meydan.tv\\\/az\\\/article\\\/sen-de-daha-evvelki-kimi-yazmirsan\\\/\",\"url\":\"https:\\\/\\\/www.meydan.tv\\\/az\\\/article\\\/sen-de-daha-evvelki-kimi-yazmirsan\\\/\",\"name\":\"S\u0259n d\u0259 daha \u0259vv\u0259lki kimi yazm\u0131rsan - MEYDAN.TV\",\"isPartOf\":{\"@id\":\"https:\\\/\\\/www.meydan.tv\\\/az\\\/#website\"},\"primaryImageOfPage\":{\"@id\":\"https:\\\/\\\/www.meydan.tv\\\/az\\\/article\\\/sen-de-daha-evvelki-kimi-yazmirsan\\\/#primaryimage\"},\"image\":{\"@id\":\"https:\\\/\\\/www.meydan.tv\\\/az\\\/article\\\/sen-de-daha-evvelki-kimi-yazmirsan\\\/#primaryimage\"},\"thumbnailUrl\":\"https:\\\/\\\/www.meydan.tv\\\/wp-content\\\/uploads\\\/9226.jpg\",\"datePublished\":\"2015-06-18T00:44:44+00:00\",\"breadcrumb\":{\"@id\":\"https:\\\/\\\/www.meydan.tv\\\/az\\\/article\\\/sen-de-daha-evvelki-kimi-yazmirsan\\\/#breadcrumb\"},\"inLanguage\":\"az\",\"potentialAction\":[{\"@type\":\"ReadAction\",\"target\":[\"https:\\\/\\\/www.meydan.tv\\\/az\\\/article\\\/sen-de-daha-evvelki-kimi-yazmirsan\\\/\"]}]},{\"@type\":\"ImageObject\",\"inLanguage\":\"az\",\"@id\":\"https:\\\/\\\/www.meydan.tv\\\/az\\\/article\\\/sen-de-daha-evvelki-kimi-yazmirsan\\\/#primaryimage\",\"url\":\"https:\\\/\\\/www.meydan.tv\\\/wp-content\\\/uploads\\\/9226.jpg\",\"contentUrl\":\"https:\\\/\\\/www.meydan.tv\\\/wp-content\\\/uploads\\\/9226.jpg\",\"width\":500,\"height\":500,\"caption\":\"Source:\"},{\"@type\":\"BreadcrumbList\",\"@id\":\"https:\\\/\\\/www.meydan.tv\\\/az\\\/article\\\/sen-de-daha-evvelki-kimi-yazmirsan\\\/#breadcrumb\",\"itemListElement\":[{\"@type\":\"ListItem\",\"position\":1,\"name\":\"Ana s\u0259hif\u0259\",\"item\":\"https:\\\/\\\/www.meydan.tv\\\/az\\\/\"},{\"@type\":\"ListItem\",\"position\":2,\"name\":\"M\u0259nim Fikrimc\u0259\",\"item\":\"https:\\\/\\\/www.meydan.tv\\\/az\\\/section\\\/menim-fikrimce\\\/\"},{\"@type\":\"ListItem\",\"position\":3,\"name\":\"S\u0259n d\u0259 daha \u0259vv\u0259lki kimi yazm\u0131rsan\"}]},{\"@type\":\"WebSite\",\"@id\":\"https:\\\/\\\/www.meydan.tv\\\/az\\\/#website\",\"url\":\"https:\\\/\\\/www.meydan.tv\\\/az\\\/\",\"name\":\"MEYDAN.TV\",\"description\":\"Meydan TV Az\u0259rbaycan\u0131n media m\u0259kan\u0131ndak\u0131 alternativ s\u0259sidir\",\"publisher\":{\"@id\":\"https:\\\/\\\/www.meydan.tv\\\/az\\\/#organization\"},\"potentialAction\":[{\"@type\":\"SearchAction\",\"target\":{\"@type\":\"EntryPoint\",\"urlTemplate\":\"https:\\\/\\\/www.meydan.tv\\\/az\\\/?s={search_term_string}\"},\"query-input\":{\"@type\":\"PropertyValueSpecification\",\"valueRequired\":true,\"valueName\":\"search_term_string\"}}],\"inLanguage\":\"az\"},{\"@type\":\"Organization\",\"@id\":\"https:\\\/\\\/www.meydan.tv\\\/az\\\/#organization\",\"name\":\"Meydan TV\",\"url\":\"https:\\\/\\\/www.meydan.tv\\\/az\\\/\",\"logo\":{\"@type\":\"ImageObject\",\"inLanguage\":\"az\",\"@id\":\"https:\\\/\\\/www.meydan.tv\\\/az\\\/#\\\/schema\\\/logo\\\/image\\\/\",\"url\":\"https:\\\/\\\/www.meydan.tv\\\/wp-content\\\/uploads\\\/2021\\\/07\\\/meydan-logo.svg\",\"contentUrl\":\"https:\\\/\\\/www.meydan.tv\\\/wp-content\\\/uploads\\\/2021\\\/07\\\/meydan-logo.svg\",\"width\":195,\"height\":46,\"caption\":\"Meydan TV\"},\"image\":{\"@id\":\"https:\\\/\\\/www.meydan.tv\\\/az\\\/#\\\/schema\\\/logo\\\/image\\\/\"}},{\"@type\":\"Person\",\"@id\":\"https:\\\/\\\/www.meydan.tv\\\/az\\\/#\\\/schema\\\/person\\\/10d11eccf6da3662cf5fdab9806ea91a\",\"name\":\"user-manager\"}]}<\/script>\n<!-- \/ Yoast SEO plugin. -->","yoast_head_json":{"title":"S\u0259n d\u0259 daha \u0259vv\u0259lki kimi yazm\u0131rsan - MEYDAN.TV","robots":{"index":"index","follow":"follow","max-snippet":"max-snippet:-1","max-image-preview":"max-image-preview:large","max-video-preview":"max-video-preview:-1"},"canonical":"https:\/\/www.meydan.tv\/az\/article\/sen-de-daha-evvelki-kimi-yazmirsan\/","og_locale":"az_AZ","og_type":"article","og_title":"S\u0259n d\u0259 daha \u0259vv\u0259lki kimi yazm\u0131rsan - MEYDAN.TV","og_description":"Kimd\u0259n ba\u015flay\u0131ramsa \u00f6z\u00fcm\u0259, hardan ba\u015flay\u0131ramsa k\u0259ndim\u0259 g\u0259lib \u00e7\u0131x\u0131ram","og_url":"https:\/\/www.meydan.tv\/az\/article\/sen-de-daha-evvelki-kimi-yazmirsan\/","og_site_name":"MEYDAN.TV","article_published_time":"2015-06-18T00:44:44+00:00","og_image":[{"width":500,"height":500,"url":"https:\/\/www.meydan.tv\/wp-content\/uploads\/9226.jpg","type":"image\/jpeg"}],"author":"user-manager","twitter_card":"summary_large_image","schema":{"@context":"https:\/\/schema.org","@graph":[{"@type":"Article","@id":"https:\/\/www.meydan.tv\/az\/article\/sen-de-daha-evvelki-kimi-yazmirsan\/#article","isPartOf":{"@id":"https:\/\/www.meydan.tv\/az\/article\/sen-de-daha-evvelki-kimi-yazmirsan\/"},"author":{"name":"user-manager","@id":"https:\/\/www.meydan.tv\/az\/#\/schema\/person\/10d11eccf6da3662cf5fdab9806ea91a"},"headline":"S\u0259n d\u0259 daha \u0259vv\u0259lki kimi yazm\u0131rsan","datePublished":"2015-06-18T00:44:44+00:00","mainEntityOfPage":{"@id":"https:\/\/www.meydan.tv\/az\/article\/sen-de-daha-evvelki-kimi-yazmirsan\/"},"wordCount":963,"publisher":{"@id":"https:\/\/www.meydan.tv\/az\/#organization"},"image":{"@id":"https:\/\/www.meydan.tv\/az\/article\/sen-de-daha-evvelki-kimi-yazmirsan\/#primaryimage"},"thumbnailUrl":"https:\/\/www.meydan.tv\/wp-content\/uploads\/9226.jpg","articleSection":["M\u0259nim Fikrimc\u0259"],"inLanguage":"az"},{"@type":"WebPage","@id":"https:\/\/www.meydan.tv\/az\/article\/sen-de-daha-evvelki-kimi-yazmirsan\/","url":"https:\/\/www.meydan.tv\/az\/article\/sen-de-daha-evvelki-kimi-yazmirsan\/","name":"S\u0259n d\u0259 daha \u0259vv\u0259lki kimi yazm\u0131rsan - MEYDAN.TV","isPartOf":{"@id":"https:\/\/www.meydan.tv\/az\/#website"},"primaryImageOfPage":{"@id":"https:\/\/www.meydan.tv\/az\/article\/sen-de-daha-evvelki-kimi-yazmirsan\/#primaryimage"},"image":{"@id":"https:\/\/www.meydan.tv\/az\/article\/sen-de-daha-evvelki-kimi-yazmirsan\/#primaryimage"},"thumbnailUrl":"https:\/\/www.meydan.tv\/wp-content\/uploads\/9226.jpg","datePublished":"2015-06-18T00:44:44+00:00","breadcrumb":{"@id":"https:\/\/www.meydan.tv\/az\/article\/sen-de-daha-evvelki-kimi-yazmirsan\/#breadcrumb"},"inLanguage":"az","potentialAction":[{"@type":"ReadAction","target":["https:\/\/www.meydan.tv\/az\/article\/sen-de-daha-evvelki-kimi-yazmirsan\/"]}]},{"@type":"ImageObject","inLanguage":"az","@id":"https:\/\/www.meydan.tv\/az\/article\/sen-de-daha-evvelki-kimi-yazmirsan\/#primaryimage","url":"https:\/\/www.meydan.tv\/wp-content\/uploads\/9226.jpg","contentUrl":"https:\/\/www.meydan.tv\/wp-content\/uploads\/9226.jpg","width":500,"height":500,"caption":"Source:"},{"@type":"BreadcrumbList","@id":"https:\/\/www.meydan.tv\/az\/article\/sen-de-daha-evvelki-kimi-yazmirsan\/#breadcrumb","itemListElement":[{"@type":"ListItem","position":1,"name":"Ana s\u0259hif\u0259","item":"https:\/\/www.meydan.tv\/az\/"},{"@type":"ListItem","position":2,"name":"M\u0259nim Fikrimc\u0259","item":"https:\/\/www.meydan.tv\/az\/section\/menim-fikrimce\/"},{"@type":"ListItem","position":3,"name":"S\u0259n d\u0259 daha \u0259vv\u0259lki kimi yazm\u0131rsan"}]},{"@type":"WebSite","@id":"https:\/\/www.meydan.tv\/az\/#website","url":"https:\/\/www.meydan.tv\/az\/","name":"MEYDAN.TV","description":"Meydan TV Az\u0259rbaycan\u0131n media m\u0259kan\u0131ndak\u0131 alternativ s\u0259sidir","publisher":{"@id":"https:\/\/www.meydan.tv\/az\/#organization"},"potentialAction":[{"@type":"SearchAction","target":{"@type":"EntryPoint","urlTemplate":"https:\/\/www.meydan.tv\/az\/?s={search_term_string}"},"query-input":{"@type":"PropertyValueSpecification","valueRequired":true,"valueName":"search_term_string"}}],"inLanguage":"az"},{"@type":"Organization","@id":"https:\/\/www.meydan.tv\/az\/#organization","name":"Meydan TV","url":"https:\/\/www.meydan.tv\/az\/","logo":{"@type":"ImageObject","inLanguage":"az","@id":"https:\/\/www.meydan.tv\/az\/#\/schema\/logo\/image\/","url":"https:\/\/www.meydan.tv\/wp-content\/uploads\/2021\/07\/meydan-logo.svg","contentUrl":"https:\/\/www.meydan.tv\/wp-content\/uploads\/2021\/07\/meydan-logo.svg","width":195,"height":46,"caption":"Meydan TV"},"image":{"@id":"https:\/\/www.meydan.tv\/az\/#\/schema\/logo\/image\/"}},{"@type":"Person","@id":"https:\/\/www.meydan.tv\/az\/#\/schema\/person\/10d11eccf6da3662cf5fdab9806ea91a","name":"user-manager"}]}},"_links":{"self":[{"href":"https:\/\/www.meydan.tv\/az\/wp-json\/wp\/v2\/posts\/168486","targetHints":{"allow":["GET"]}}],"collection":[{"href":"https:\/\/www.meydan.tv\/az\/wp-json\/wp\/v2\/posts"}],"about":[{"href":"https:\/\/www.meydan.tv\/az\/wp-json\/wp\/v2\/types\/post"}],"author":[{"embeddable":true,"href":"https:\/\/www.meydan.tv\/az\/wp-json\/wp\/v2\/users\/11"}],"replies":[{"embeddable":true,"href":"https:\/\/www.meydan.tv\/az\/wp-json\/wp\/v2\/comments?post=168486"}],"version-history":[{"count":0,"href":"https:\/\/www.meydan.tv\/az\/wp-json\/wp\/v2\/posts\/168486\/revisions"}],"wp:featuredmedia":[{"embeddable":true,"href":"https:\/\/www.meydan.tv\/az\/wp-json\/wp\/v2\/media\/25231"}],"wp:attachment":[{"href":"https:\/\/www.meydan.tv\/az\/wp-json\/wp\/v2\/media?parent=168486"}],"wp:term":[{"taxonomy":"category","embeddable":true,"href":"https:\/\/www.meydan.tv\/az\/wp-json\/wp\/v2\/categories?post=168486"},{"taxonomy":"post_tag","embeddable":true,"href":"https:\/\/www.meydan.tv\/az\/wp-json\/wp\/v2\/tags?post=168486"}],"curies":[{"name":"wp","href":"https:\/\/api.w.org\/{rel}","templated":true}]}}