{"id":168433,"date":"2015-06-15T03:14:44","date_gmt":"2015-06-15T03:14:44","guid":{"rendered":"https:\/\/www.meydan.tv\/article\/felaketlere-reaksiya\/"},"modified":"2015-06-15T03:14:44","modified_gmt":"2015-06-15T03:14:44","slug":"felaketlere-reaksiya","status":"publish","type":"post","link":"https:\/\/www.meydan.tv\/az\/article\/felaketlere-reaksiya\/","title":{"rendered":"F\u0259lak\u0259tl\u0259r\u0259 reaksiya"},"content":{"rendered":"<figure class=\"wp-block-image size-large\">\n  <img decoding=\"async\" src=\"https:\/\/www.meydan.tv\/az\/25042\/\" alt=\"\" class=\"wp-image-25042\"\/><figcaption><\/figcaption><\/figure>\n<figure class=\"wp-block-image size-large\">\n  <img decoding=\"async\" src=\"https:\/\/www.meydan.tv\/az\/26894\/\" alt=\"\" class=\"wp-image-26894\"\/><figcaption><\/figcaption><\/figure>\n<p>\n  Az\u0259rbaycanda 19 may 15 n\u0259f\u0259rin \u00f6l\u00fcm\u00fc il\u0259 n\u0259tic\u0259l\u0259n\u0259n yan\u011f\u0131n hadis\u0259si v\u0259 G\u00fcrc\u00fcstanda 14 iyunda ba\u015f ver\u0259n t\u0259bii sel f\u0259lak\u0259tin\u0259 r\u0259smil\u0259rin reaksiyas\u0131, h\u00f6kum\u0259tin g\u00f6rd\u00fcy\u00fc t\u0259dbirl\u0259ri siz\u0259 t\u0259qdim edir\u0259m:\n<\/p>\n<p>\n  1) 19 may Bak\u0131dak\u0131 binan\u0131n \u00fcz\u00fcn\u0259 keyfiyy\u0259tsiz, tez al\u0131\u015fan ponoplast madd\u0259sinin vurulmas\u0131n\u0131n s\u0259b\u0259b oldu\u011fu yan\u011f\u0131n: 15 \u00f6l\u00fc, 67 yaral\u0131. D\u00f6vl\u0259t t\u0259r\u0259find\u0259n he\u00e7 bir r\u0259smi mat\u0259m elan olunmur.<\/p>\n<p>  14 iyun Tiflisd\u0259 gec\u0259 rad\u0259l\u0259rind\u0259 ya\u011fan \u015fidd\u0259tli ya\u011f\u0131\u015fdan sonra ba\u015f ver\u0259n sel f\u0259lak\u0259ti: 12 \u00f6l\u00fc. Yaral\u0131 say\u0131 artd\u0131\u011f\u0131ndan, d\u0259qiq m\u0259lumat yazm\u0131r\u0131q. Sel f\u0259lak\u0259tind\u0259n d\u0259rhal sonra, g\u00fcnd\u00fcz saat 11:00 rad\u0259l\u0259rin\u0259 yax\u0131n Ba\u015f nazirin t\u0259cili h\u00f6kum\u0259t il\u0259 birlikd\u0259 m\u00fc\u015favir\u0259si ba\u015f tutur v\u0259 mat\u0259m elan olunur.<\/p>\n<p>  2) Bak\u0131da ba\u015f ver\u0259n yan\u011f\u0131n\u0131n s\u0259hvi birba\u015fa h\u00f6kum\u0259tin s\u0259hl\u0259nkarl\u0131\u011f\u0131 ucbat\u0131ndan ba\u015f verir. Bel\u0259 ki, binan\u0131n fasadla\u015fd\u0131rma i\u015fl\u0259rin\u0259 birba\u015fa Bak\u0131 \u015e\u0259h\u0259r \u0130cra Hakimiyy\u0259ti n\u0259zar\u0259t edir, \u00fczl\u00fckl\u0259rin gec al\u0131\u015fan olmas\u0131na v\u0259 binan\u0131n t\u0259hvil g\u00f6t\u00fcr\u00fclm\u0259sin\u0259 is\u0259 F\u00f6vq\u0259lad\u0259 Hallar Nazirliyi cavabdehdir.<\/p>\n<p>  Tiflisd\u0259ki sel f\u0259lak\u0259ti t\u0259bii hadis\u0259dir (d\u00fcnyan\u0131n h\u0259r \u00f6lk\u0259sind\u0259, \u0259n inki\u015faf etmi\u015f \u00f6lk\u0259l\u0259r bel\u0259, selin qaba\u011f\u0131n\u0131 almaq \u00fc\u00e7\u00fcn t\u0259dbir g\u00f6r\u0259 bilmirl\u0259r) v\u0259 K\u00fcr \u00e7ay\u0131n\u0131n da\u015fmas\u0131ndan ir\u0259li g\u0259lir, burada n\u0259 q\u0259d\u0259r h\u00f6kum\u0259tin s\u0259hvi olmasa da, yen\u0259 d\u0259 sakinl\u0259r b\u0259zi k\u00fc\u00e7\u0259l\u0259r\u0259 drenaj sisteminin qoyulmamas\u0131 s\u0259b\u0259bind\u0259n Tiflis meri David Narmanian\u0131n istefas\u0131n\u0131 t\u0259l\u0259b edirl\u0259r.<\/p>\n<p>  3) Bak\u0131da ba\u015f ver\u0259n yan\u011f\u0131nda hadis\u0259 yerin\u0259 prezident v\u0259 nazirl\u0259r bir g\u00fcn sonra, hadis\u0259 yeri tam t\u0259mizl\u0259n\u0259nd\u0259n sonra g\u0259lirl\u0259r. Yan\u011f\u0131ndan bir ne\u00e7\u0259 saat sonra prezident \u0130lham \u018fliyev yol tikintisinin a\u00e7\u0131l\u0131\u015f\u0131nda i\u015ftirak edir.\n<\/p>\n<p>\n  Tiflisd\u0259 gec\u0259 ba\u015f ver\u0259n sel f\u0259lak\u0259tind\u0259 Tiflis meri David Narmania, Ba\u015f nazirin m\u00fcavini v\u0259 energetika naziri Kaxa Kaladze, Ba\u015f nazir \u0130rakli Gariba\u015fvili v\u0259 daha adlar\u0131n\u0131 saymad\u0131\u011f\u0131m\u0131z bir \u00e7ox nazir s\u0259h\u0259r\u0259 q\u0259d\u0259r xalqla birlikd\u0259 pal\u00e7\u0131\u011f\u0131n i\u00e7ind\u0259 i\u015fl\u0259yir, avtomobil it\u0259l\u0259yir, evl\u0259r\u0259 ba\u015f \u00e7\u0259kir, zooparkdan qa\u00e7an heyvanlar\u0131n axtar\u0131\u015f\u0131nda \u015f\u0259xs\u0259n i\u015ftirak edirl\u0259r. (halbuki h\u0259min vaxt \u0259rzind\u0259 xalqa v\u0259h\u015fi heyvanlar oldu\u011fu \u00fc\u00e7\u00fcn k\u00fc\u00e7\u0259y\u0259 \u00e7\u0131xmamaq m\u0259sl\u0259h\u0259t g\u00f6r\u00fclm\u00fc\u015fd\u00fc) Foto faktlar\u0131 siz\u0259 t\u0259qdim edir\u0259m:<\/p>\n<figure class=\"wp-block-image size-large\">\n  <img decoding=\"async\" src=\"https:\/\/www.meydan.tv\/az\/26898\/\" alt=\"\" class=\"wp-image-26898\"\/><figcaption><\/figcaption><\/figure>\n<figure class=\"wp-block-image size-large\">\n  <img decoding=\"async\" src=\"https:\/\/www.meydan.tv\/az\/26901\/\" alt=\"\" class=\"wp-image-26901\"\/><figcaption><\/figcaption><\/figure>\n<p>\n  4) Bak\u0131da yan\u011f\u0131n hadis\u0259sin\u0259 ilk qalmaqall\u0131 reaksiya ba\u015f nazirin m\u00fcavini Abid \u015e\u0259rifovdan g\u0259lir. O, jurnalistl\u0259r\u0259 g\u00fcl\u0259r\u0259k m\u00fcsahib\u0259 verir v\u0259 jurnalistin sual\u0131na: \u201cSiz\u0259 n\u0259 var, alabala ed\u0259c\u0259k\u201d cavab\u0131 verir.<\/p>\n<p>  Tiflisd\u0259 f\u0259lak\u0259td\u0259 ba\u015f nazir, ba\u015f nazirin m\u00fcavini, dig\u0259r r\u0259smil\u0259r h\u0259tta gec\u0259d\u0259n \u00f6z tivtter, facebook hesablar\u0131nda xalqa dayanmadan m\u0259lumatland\u0131r\u0131r, \u015f\u0259kill\u0259r payla\u015f\u0131b, suallar\u0131 cavabland\u0131r\u0131rlar.<\/p>\n<p>  5) Bak\u0131da h\u00f6kum\u0259tin m\u00fc\u015favir\u0259sind\u0259n canl\u0131 yay\u0131m olmur, sonradan televiziyalar material haz\u0131rlay\u0131b verir.<\/p>\n<p>  Tiflisd\u0259 ba\u015f nazirin r\u0259smi facebook s\u0259hif\u0259si v\u0259 televiziyalar m\u00fc\u015favir\u0259ni canl\u0131 verir, xalq n\u0259yin m\u00fczakir\u0259 olundu\u011funu ayd\u0131n g\u00f6r\u00fcr.<\/p>\n<p>  6) Bak\u0131da penoplastlar\u0131 s\u00f6km\u0259k \u00fc\u00e7\u00fcn \u00e7a\u011f\u0131r\u0131\u015f ed\u0259n, yan\u011f\u0131n\u0131n g\u00fcnahkarlar\u0131 haqq\u0131nda yazan bir ne\u00e7\u0259 f\u0259al prokurorluqda v\u0259 polis orqanlar\u0131nda dindirilir, hadis\u0259 yerin\u0259 ilk g\u00fcn g\u00fcl qoyma\u011fa bel\u0259 polis m\u00fcdaxil\u0259si olur, sonradan izdiham\u0131n \u00e7ox oldu\u011funu g\u00f6r\u00fcb icaz\u0259 verirl\u0259r.<\/p><\/p>\n","protected":false},"excerpt":{"rendered":"<p>Az\u0259rbaycan v\u0259 G\u00fcrc\u00fcstan aras\u0131ndak\u0131 f\u0259rq<\/p>\n","protected":false},"author":11,"featured_media":25042,"comment_status":"closed","ping_status":"open","sticky":false,"template":"","format":"standard","meta":{"_acf_changed":false,"_sitemap_exclude":false,"_sitemap_priority":"","_sitemap_frequency":"","footnotes":""},"categories":[57],"tags":[],"class_list":["post-168433","post","type-post","status-publish","format-standard","has-post-thumbnail","hentry","category-menim-fikrimce","infinite-scroll-item","generate-columns","tablet-grid-50","mobile-grid-100","grid-parent","grid-33","no-featured-image-padding"],"acf":[],"yoast_head":"<!-- This site is optimized with the Yoast SEO plugin v27.5 - https:\/\/yoast.com\/product\/yoast-seo-wordpress\/ -->\n<title>F\u0259lak\u0259tl\u0259r\u0259 reaksiya - MEYDAN.TV<\/title>\n<meta name=\"robots\" content=\"index, follow, max-snippet:-1, max-image-preview:large, max-video-preview:-1\" \/>\n<link rel=\"canonical\" href=\"https:\/\/www.meydan.tv\/az\/article\/felaketlere-reaksiya\/\" \/>\n<meta property=\"og:locale\" content=\"az_AZ\" \/>\n<meta property=\"og:type\" content=\"article\" \/>\n<meta property=\"og:title\" content=\"F\u0259lak\u0259tl\u0259r\u0259 reaksiya - MEYDAN.TV\" \/>\n<meta property=\"og:description\" content=\"Az\u0259rbaycan v\u0259 G\u00fcrc\u00fcstan aras\u0131ndak\u0131 f\u0259rq\" \/>\n<meta property=\"og:url\" content=\"https:\/\/www.meydan.tv\/az\/article\/felaketlere-reaksiya\/\" \/>\n<meta property=\"og:site_name\" content=\"MEYDAN.TV\" \/>\n<meta property=\"article:published_time\" content=\"2015-06-15T03:14:44+00:00\" \/>\n<meta property=\"og:image\" content=\"https:\/\/www.meydan.tv\/wp-content\/uploads\/9151.jpg\" \/>\n\t<meta property=\"og:image:width\" content=\"500\" \/>\n\t<meta property=\"og:image:height\" content=\"500\" \/>\n\t<meta property=\"og:image:type\" content=\"image\/jpeg\" \/>\n<meta name=\"author\" content=\"user-manager\" \/>\n<meta name=\"twitter:card\" content=\"summary_large_image\" \/>\n<script type=\"application\/ld+json\" class=\"yoast-schema-graph\">{\"@context\":\"https:\\\/\\\/schema.org\",\"@graph\":[{\"@type\":\"Article\",\"@id\":\"https:\\\/\\\/www.meydan.tv\\\/az\\\/article\\\/felaketlere-reaksiya\\\/#article\",\"isPartOf\":{\"@id\":\"https:\\\/\\\/www.meydan.tv\\\/az\\\/article\\\/felaketlere-reaksiya\\\/\"},\"author\":{\"name\":\"user-manager\",\"@id\":\"https:\\\/\\\/www.meydan.tv\\\/az\\\/#\\\/schema\\\/person\\\/10d11eccf6da3662cf5fdab9806ea91a\"},\"headline\":\"F\u0259lak\u0259tl\u0259r\u0259 reaksiya\",\"datePublished\":\"2015-06-15T03:14:44+00:00\",\"mainEntityOfPage\":{\"@id\":\"https:\\\/\\\/www.meydan.tv\\\/az\\\/article\\\/felaketlere-reaksiya\\\/\"},\"wordCount\":656,\"publisher\":{\"@id\":\"https:\\\/\\\/www.meydan.tv\\\/az\\\/#organization\"},\"image\":{\"@id\":\"https:\\\/\\\/www.meydan.tv\\\/az\\\/article\\\/felaketlere-reaksiya\\\/#primaryimage\"},\"thumbnailUrl\":\"https:\\\/\\\/www.meydan.tv\\\/wp-content\\\/uploads\\\/9151.jpg\",\"articleSection\":[\"M\u0259nim Fikrimc\u0259\"],\"inLanguage\":\"az\"},{\"@type\":\"WebPage\",\"@id\":\"https:\\\/\\\/www.meydan.tv\\\/az\\\/article\\\/felaketlere-reaksiya\\\/\",\"url\":\"https:\\\/\\\/www.meydan.tv\\\/az\\\/article\\\/felaketlere-reaksiya\\\/\",\"name\":\"F\u0259lak\u0259tl\u0259r\u0259 reaksiya - MEYDAN.TV\",\"isPartOf\":{\"@id\":\"https:\\\/\\\/www.meydan.tv\\\/az\\\/#website\"},\"primaryImageOfPage\":{\"@id\":\"https:\\\/\\\/www.meydan.tv\\\/az\\\/article\\\/felaketlere-reaksiya\\\/#primaryimage\"},\"image\":{\"@id\":\"https:\\\/\\\/www.meydan.tv\\\/az\\\/article\\\/felaketlere-reaksiya\\\/#primaryimage\"},\"thumbnailUrl\":\"https:\\\/\\\/www.meydan.tv\\\/wp-content\\\/uploads\\\/9151.jpg\",\"datePublished\":\"2015-06-15T03:14:44+00:00\",\"breadcrumb\":{\"@id\":\"https:\\\/\\\/www.meydan.tv\\\/az\\\/article\\\/felaketlere-reaksiya\\\/#breadcrumb\"},\"inLanguage\":\"az\",\"potentialAction\":[{\"@type\":\"ReadAction\",\"target\":[\"https:\\\/\\\/www.meydan.tv\\\/az\\\/article\\\/felaketlere-reaksiya\\\/\"]}]},{\"@type\":\"ImageObject\",\"inLanguage\":\"az\",\"@id\":\"https:\\\/\\\/www.meydan.tv\\\/az\\\/article\\\/felaketlere-reaksiya\\\/#primaryimage\",\"url\":\"https:\\\/\\\/www.meydan.tv\\\/wp-content\\\/uploads\\\/9151.jpg\",\"contentUrl\":\"https:\\\/\\\/www.meydan.tv\\\/wp-content\\\/uploads\\\/9151.jpg\",\"width\":500,\"height\":500,\"caption\":\"Source:\"},{\"@type\":\"BreadcrumbList\",\"@id\":\"https:\\\/\\\/www.meydan.tv\\\/az\\\/article\\\/felaketlere-reaksiya\\\/#breadcrumb\",\"itemListElement\":[{\"@type\":\"ListItem\",\"position\":1,\"name\":\"Ana s\u0259hif\u0259\",\"item\":\"https:\\\/\\\/www.meydan.tv\\\/az\\\/\"},{\"@type\":\"ListItem\",\"position\":2,\"name\":\"M\u0259nim Fikrimc\u0259\",\"item\":\"https:\\\/\\\/www.meydan.tv\\\/az\\\/section\\\/menim-fikrimce\\\/\"},{\"@type\":\"ListItem\",\"position\":3,\"name\":\"F\u0259lak\u0259tl\u0259r\u0259 reaksiya\"}]},{\"@type\":\"WebSite\",\"@id\":\"https:\\\/\\\/www.meydan.tv\\\/az\\\/#website\",\"url\":\"https:\\\/\\\/www.meydan.tv\\\/az\\\/\",\"name\":\"MEYDAN.TV\",\"description\":\"Meydan TV Az\u0259rbaycan\u0131n media m\u0259kan\u0131ndak\u0131 alternativ s\u0259sidir\",\"publisher\":{\"@id\":\"https:\\\/\\\/www.meydan.tv\\\/az\\\/#organization\"},\"potentialAction\":[{\"@type\":\"SearchAction\",\"target\":{\"@type\":\"EntryPoint\",\"urlTemplate\":\"https:\\\/\\\/www.meydan.tv\\\/az\\\/?s={search_term_string}\"},\"query-input\":{\"@type\":\"PropertyValueSpecification\",\"valueRequired\":true,\"valueName\":\"search_term_string\"}}],\"inLanguage\":\"az\"},{\"@type\":\"Organization\",\"@id\":\"https:\\\/\\\/www.meydan.tv\\\/az\\\/#organization\",\"name\":\"Meydan TV\",\"url\":\"https:\\\/\\\/www.meydan.tv\\\/az\\\/\",\"logo\":{\"@type\":\"ImageObject\",\"inLanguage\":\"az\",\"@id\":\"https:\\\/\\\/www.meydan.tv\\\/az\\\/#\\\/schema\\\/logo\\\/image\\\/\",\"url\":\"https:\\\/\\\/www.meydan.tv\\\/wp-content\\\/uploads\\\/2021\\\/07\\\/meydan-logo.svg\",\"contentUrl\":\"https:\\\/\\\/www.meydan.tv\\\/wp-content\\\/uploads\\\/2021\\\/07\\\/meydan-logo.svg\",\"width\":195,\"height\":46,\"caption\":\"Meydan TV\"},\"image\":{\"@id\":\"https:\\\/\\\/www.meydan.tv\\\/az\\\/#\\\/schema\\\/logo\\\/image\\\/\"}},{\"@type\":\"Person\",\"@id\":\"https:\\\/\\\/www.meydan.tv\\\/az\\\/#\\\/schema\\\/person\\\/10d11eccf6da3662cf5fdab9806ea91a\",\"name\":\"user-manager\"}]}<\/script>\n<!-- \/ Yoast SEO plugin. -->","yoast_head_json":{"title":"F\u0259lak\u0259tl\u0259r\u0259 reaksiya - MEYDAN.TV","robots":{"index":"index","follow":"follow","max-snippet":"max-snippet:-1","max-image-preview":"max-image-preview:large","max-video-preview":"max-video-preview:-1"},"canonical":"https:\/\/www.meydan.tv\/az\/article\/felaketlere-reaksiya\/","og_locale":"az_AZ","og_type":"article","og_title":"F\u0259lak\u0259tl\u0259r\u0259 reaksiya - MEYDAN.TV","og_description":"Az\u0259rbaycan v\u0259 G\u00fcrc\u00fcstan aras\u0131ndak\u0131 f\u0259rq","og_url":"https:\/\/www.meydan.tv\/az\/article\/felaketlere-reaksiya\/","og_site_name":"MEYDAN.TV","article_published_time":"2015-06-15T03:14:44+00:00","og_image":[{"width":500,"height":500,"url":"https:\/\/www.meydan.tv\/wp-content\/uploads\/9151.jpg","type":"image\/jpeg"}],"author":"user-manager","twitter_card":"summary_large_image","schema":{"@context":"https:\/\/schema.org","@graph":[{"@type":"Article","@id":"https:\/\/www.meydan.tv\/az\/article\/felaketlere-reaksiya\/#article","isPartOf":{"@id":"https:\/\/www.meydan.tv\/az\/article\/felaketlere-reaksiya\/"},"author":{"name":"user-manager","@id":"https:\/\/www.meydan.tv\/az\/#\/schema\/person\/10d11eccf6da3662cf5fdab9806ea91a"},"headline":"F\u0259lak\u0259tl\u0259r\u0259 reaksiya","datePublished":"2015-06-15T03:14:44+00:00","mainEntityOfPage":{"@id":"https:\/\/www.meydan.tv\/az\/article\/felaketlere-reaksiya\/"},"wordCount":656,"publisher":{"@id":"https:\/\/www.meydan.tv\/az\/#organization"},"image":{"@id":"https:\/\/www.meydan.tv\/az\/article\/felaketlere-reaksiya\/#primaryimage"},"thumbnailUrl":"https:\/\/www.meydan.tv\/wp-content\/uploads\/9151.jpg","articleSection":["M\u0259nim Fikrimc\u0259"],"inLanguage":"az"},{"@type":"WebPage","@id":"https:\/\/www.meydan.tv\/az\/article\/felaketlere-reaksiya\/","url":"https:\/\/www.meydan.tv\/az\/article\/felaketlere-reaksiya\/","name":"F\u0259lak\u0259tl\u0259r\u0259 reaksiya - MEYDAN.TV","isPartOf":{"@id":"https:\/\/www.meydan.tv\/az\/#website"},"primaryImageOfPage":{"@id":"https:\/\/www.meydan.tv\/az\/article\/felaketlere-reaksiya\/#primaryimage"},"image":{"@id":"https:\/\/www.meydan.tv\/az\/article\/felaketlere-reaksiya\/#primaryimage"},"thumbnailUrl":"https:\/\/www.meydan.tv\/wp-content\/uploads\/9151.jpg","datePublished":"2015-06-15T03:14:44+00:00","breadcrumb":{"@id":"https:\/\/www.meydan.tv\/az\/article\/felaketlere-reaksiya\/#breadcrumb"},"inLanguage":"az","potentialAction":[{"@type":"ReadAction","target":["https:\/\/www.meydan.tv\/az\/article\/felaketlere-reaksiya\/"]}]},{"@type":"ImageObject","inLanguage":"az","@id":"https:\/\/www.meydan.tv\/az\/article\/felaketlere-reaksiya\/#primaryimage","url":"https:\/\/www.meydan.tv\/wp-content\/uploads\/9151.jpg","contentUrl":"https:\/\/www.meydan.tv\/wp-content\/uploads\/9151.jpg","width":500,"height":500,"caption":"Source:"},{"@type":"BreadcrumbList","@id":"https:\/\/www.meydan.tv\/az\/article\/felaketlere-reaksiya\/#breadcrumb","itemListElement":[{"@type":"ListItem","position":1,"name":"Ana s\u0259hif\u0259","item":"https:\/\/www.meydan.tv\/az\/"},{"@type":"ListItem","position":2,"name":"M\u0259nim Fikrimc\u0259","item":"https:\/\/www.meydan.tv\/az\/section\/menim-fikrimce\/"},{"@type":"ListItem","position":3,"name":"F\u0259lak\u0259tl\u0259r\u0259 reaksiya"}]},{"@type":"WebSite","@id":"https:\/\/www.meydan.tv\/az\/#website","url":"https:\/\/www.meydan.tv\/az\/","name":"MEYDAN.TV","description":"Meydan TV Az\u0259rbaycan\u0131n media m\u0259kan\u0131ndak\u0131 alternativ s\u0259sidir","publisher":{"@id":"https:\/\/www.meydan.tv\/az\/#organization"},"potentialAction":[{"@type":"SearchAction","target":{"@type":"EntryPoint","urlTemplate":"https:\/\/www.meydan.tv\/az\/?s={search_term_string}"},"query-input":{"@type":"PropertyValueSpecification","valueRequired":true,"valueName":"search_term_string"}}],"inLanguage":"az"},{"@type":"Organization","@id":"https:\/\/www.meydan.tv\/az\/#organization","name":"Meydan TV","url":"https:\/\/www.meydan.tv\/az\/","logo":{"@type":"ImageObject","inLanguage":"az","@id":"https:\/\/www.meydan.tv\/az\/#\/schema\/logo\/image\/","url":"https:\/\/www.meydan.tv\/wp-content\/uploads\/2021\/07\/meydan-logo.svg","contentUrl":"https:\/\/www.meydan.tv\/wp-content\/uploads\/2021\/07\/meydan-logo.svg","width":195,"height":46,"caption":"Meydan TV"},"image":{"@id":"https:\/\/www.meydan.tv\/az\/#\/schema\/logo\/image\/"}},{"@type":"Person","@id":"https:\/\/www.meydan.tv\/az\/#\/schema\/person\/10d11eccf6da3662cf5fdab9806ea91a","name":"user-manager"}]}},"_links":{"self":[{"href":"https:\/\/www.meydan.tv\/az\/wp-json\/wp\/v2\/posts\/168433","targetHints":{"allow":["GET"]}}],"collection":[{"href":"https:\/\/www.meydan.tv\/az\/wp-json\/wp\/v2\/posts"}],"about":[{"href":"https:\/\/www.meydan.tv\/az\/wp-json\/wp\/v2\/types\/post"}],"author":[{"embeddable":true,"href":"https:\/\/www.meydan.tv\/az\/wp-json\/wp\/v2\/users\/11"}],"replies":[{"embeddable":true,"href":"https:\/\/www.meydan.tv\/az\/wp-json\/wp\/v2\/comments?post=168433"}],"version-history":[{"count":0,"href":"https:\/\/www.meydan.tv\/az\/wp-json\/wp\/v2\/posts\/168433\/revisions"}],"wp:featuredmedia":[{"embeddable":true,"href":"https:\/\/www.meydan.tv\/az\/wp-json\/wp\/v2\/media\/25042"}],"wp:attachment":[{"href":"https:\/\/www.meydan.tv\/az\/wp-json\/wp\/v2\/media?parent=168433"}],"wp:term":[{"taxonomy":"category","embeddable":true,"href":"https:\/\/www.meydan.tv\/az\/wp-json\/wp\/v2\/categories?post=168433"},{"taxonomy":"post_tag","embeddable":true,"href":"https:\/\/www.meydan.tv\/az\/wp-json\/wp\/v2\/tags?post=168433"}],"curies":[{"name":"wp","href":"https:\/\/api.w.org\/{rel}","templated":true}]}}