{"id":168426,"date":"2015-06-14T17:40:30","date_gmt":"2015-06-14T17:40:30","guid":{"rendered":"https:\/\/www.meydan.tv\/article\/felaket-gecesi-yasadiqlarimiz\/"},"modified":"2015-06-14T17:40:30","modified_gmt":"2015-06-14T17:40:30","slug":"felaket-gecesi-yasadiqlarimiz","status":"publish","type":"post","link":"https:\/\/www.meydan.tv\/az\/article\/felaket-gecesi-yasadiqlarimiz\/","title":{"rendered":"F\u0259lak\u0259t gec\u0259si ya\u015fad\u0131qlar\u0131m\u0131z"},"content":{"rendered":"<figure class=\"wp-block-image size-large\">\n  <img decoding=\"async\" src=\"https:\/\/www.meydan.tv\/az\/26820\/\" alt=\"\" class=\"wp-image-26820\"\/><figcaption><\/figcaption><\/figure>\n<p>\n  Ya\u011f\u0131\u015f d\u00fcn\u0259n ax\u015fam, t\u0259xmin\u0259n 21-22 aras\u0131 ba\u015flad\u0131. Sad\u0259, sakit kurort \u015f\u0259h\u0259rinin yay ya\u011f\u0131\u015f\u0131 kimi ba\u015flayan ya\u011f\u0131\u015f t\u0259dric\u0259n g\u00fccl\u0259ns\u0259 d\u0259, he\u00e7 n\u0259d\u0259n \u015f\u00fcbh\u0259l\u0259nm\u0259dik. H\u0259tta leysan\u0131n ba\u015flad\u0131\u011f\u0131n\u0131 g\u00f6r\u0259nd\u0259, telefonla leysan\u0131 videoya da ald\u0131q, el\u0259-bel\u0259-s\u0131rf mara\u011fa&#8230;n\u0259 bil\u0259ydik ki, sonras\u0131 bel\u0259 \u0259yl\u0259nc\u0259li olmayacaq bu leysan\u0131n!\n<\/p>\n<p>\n  T\u0259xmin\u0259n iki saat bel\u0259 davam el\u0259di. Gec\u0259 saat bird\u0259 yataqlar\u0131m\u0131za uzand\u0131q. Amma bir m\u00fcdd\u0259t sonra bizi yuxudan \u015f\u0259h\u0259ri a\u011fz\u0131na g\u00f6t\u00fcrm\u00fc\u015f s\u0259s-k\u00fcy, q\u0131\u015fq\u0131r\u0131q oyatd\u0131. H\u0259y\u0259td\u0259n d\u0259h\u015f\u0259tli s\u0259sl\u0259r g\u0259lirdi. P\u0259nc\u0259r\u0259ni a\u00e7maq is\u0259t\u0259y\u0259nd\u0259, bay\u0131rdan i\u00e7\u0259ri dolan k\u00fcl\u0259k \u00f6z\u00fc il\u0259 az qala bir vedr\u0259 su g\u0259tirdi. Yox, k\u00fc\u00e7\u0259d\u0259ki ya\u011f\u0131\u015f deyildi, leysan da deyildi, tufan da. Bu, d\u00fcnyan\u0131n sonu idi! Kanalizasiya \u201clyuk\u201dlar\u0131n\u0131n a\u011fz\u0131n\u0131 t\u0259p\u0259l\u0259rd\u0259n g\u0259lmi\u015f qamqalaq, da\u015f-k\u0259s\u0259k tutdu\u011fundan, su getdikc\u0259 qalx\u0131rd\u0131. Yer-g\u00f6y s\u00fc i\u00e7ind\u0259 idi. K\u00fc\u00e7\u0259nin o ba\u015f\u0131ndan q\u0131\u015fq\u0131r\u0131q, n\u0259rilti, d\u0259h\u015f\u0259tli s\u0259sl\u0259r g\u0259lirdi. \u00c7\u0259tirl\u0259ri g\u00f6t\u00fcr\u00fcb, evd\u0259n \u00e7\u0131xmaq ist\u0259dik. Tufan \u00e7\u0259tirl\u0259ri bir an\u0131n i\u00e7ind\u0259 s\u0131nd\u0131rd\u0131, ild\u0131r\u0131m s\u00fcr\u0259tli k\u00fcl\u0259k sin\u0259mizd\u0259n geri it\u0259l\u0259di.\n<\/p>\n<figure class=\"wp-block-image size-large\">\n  <img decoding=\"async\" src=\"https:\/\/www.meydan.tv\/az\/26826\/\" alt=\"\" class=\"wp-image-26826\"\/><figcaption><\/figcaption><\/figure>\n<p>\n  Ev\u0259 qay\u0131d\u0131b, tez kompyuterl\u0259ri a\u00e7d\u0131q. X\u0259b\u0259r lenti K\u00fcr\u00fcn da\u015fd\u0131\u011f\u0131n\u0131, bir ne\u00e7\u0259 ma\u015f\u0131n\u0131n a\u015fd\u0131\u011f\u0131n\u0131, bir ne\u00e7\u0259sinin K\u00fcr\u0259 d\u00fc\u015fd\u00fcy\u00fcn\u00fc, K\u00fcr sahilind\u0259ki daxmalar\u0131n darmada\u011f\u0131n da\u011f\u0131ld\u0131\u011f\u0131n\u0131 deyirdi. H\u0259min saatlarda art\u0131q onlarla ail\u0259 evsiz halda \u00e7\u00f6ld\u0259 idi. \u015e\u0259h\u0259rin ba\u015f\u0131n\u0131n \u00fcst\u00fcnd\u0259 vertolyotlar d\u00f6vr\u0259 vururdu. Yar\u0131zirz\u0259mi evl\u0259rd\u0259 ya\u015fayan ne\u00e7\u0259 sakin yuxulu oldu\u011fundan, evin i\u00e7ini su basma\u011f\u0131ndan x\u0259b\u0259r tuta bilm\u0259mi\u015fdi. B\u0259zil\u0259rinin \u00f6l\u00fcm x\u0259b\u0259rini al\u0131rd\u0131q.\n<\/p>\n<p>\n  X\u0259b\u0259r lentind\u0259 oxuduqlar\u0131m\u0131z k\u00fc\u00e7\u0259d\u0259n g\u0259l\u0259n v\u0259h\u015fi heyvan n\u0259riltil\u0259rinin yan\u0131nda he\u00e7 n\u0259 idi. Bu s\u0259sl\u0259rin hardan v\u0259 niy\u0259 g\u0259ldiyini anlaya bilmirdik. Amma q\u0259fild\u0259n \u015f\u0259h\u0259r zoopark\u0131n\u0131n darmada\u011f\u0131n oldu\u011funu, b\u00fct\u00fcn heyvanlar\u0131n \u015f\u0259h\u0259r\u0259 qa\u00e7d\u0131\u011f\u0131n\u0131 oxuduq. Bu, damarlar\u0131m\u0131zda qan\u0131 donduran x\u0259b\u0259r idi! Zoopark evimizd\u0259n \u00e7ox da uzaqda deyildi. Evin yuxar\u0131 t\u0259r\u0259fi me\u015f\u0259 idi. Dem\u0259li, indi o v\u0259h\u015fi heyvanlar p\u0259nc\u0259r\u0259mizin o tay\u0131nda idi. Biz d\u00fcz p\u0259l\u0259ngl\u0259rin, timsahlar\u0131n, filin, ay\u0131lar\u0131n, canavar v\u0259 ilanlar\u0131n qon\u015fulu\u011funda idik!<br \/>\n  <br \/>\n  S\u00fcr\u0259tl\u0259 qalx\u0131b, b\u00fct\u00fcn p\u0259nc\u0259r\u0259l\u0259rin ba\u011fl\u0131 olub-olmad\u0131\u011f\u0131n\u0131 yoxlad\u0131q. Suyun, k\u00fcl\u0259yin g\u0259tirdiyi ilanlardan biri p\u0259nc\u0259r\u0259d\u0259n rahatca i\u00e7\u0259ri gir\u0259 bil\u0259rdi. Biz d\u0259h\u015f\u0259t i\u00e7ind\u0259 idik. Yax\u0131nda ya\u015fayan dostlardan x\u0259b\u0259rsizdik, onlar\u0131n ba\u015flar\u0131na n\u0259 g\u0259lmi\u015fdi?\n<\/p>\n<figure class=\"wp-block-image size-large\">\n  <img decoding=\"async\" src=\"https:\/\/www.meydan.tv\/az\/26829\/\" alt=\"\" class=\"wp-image-26829\"\/><figcaption><\/figcaption><\/figure>\n<p>\n  K\u00fc\u00e7\u0259d\u0259n arams\u0131z yay\u0131lan, s\u0259ngim\u0259k bilm\u0259y\u0259n q\u0131\u015fq\u0131r\u0131qlar d\u00fc\u015f\u00fcnm\u0259y\u0259 imkan vermirdi. Sad\u0259c\u0259 \u00fcmid edirdik. \u00dcmid edirdik ki, he\u00e7 kim\u0259 he\u00e7 n\u0259 olmayacaq. \u00dcmid edirdik ki, dostlar\u0131m\u0131z sa\u011fd\u0131r, salamatd\u0131r. \u00dcmid edirdik ki, indi evl\u0259ri da\u011f\u0131lan insanlara k\u00f6m\u0259k ed\u0259c\u0259kl\u0259r. \u00dcmid edirdik ki, indi k\u00fc\u00e7\u0259l\u0259ri g\u0259z\u0259n, \u00f6zl\u0259rin\u0259 yad ortamlarda \u00e7a\u015f\u0131b qalan heyvanlar da sa\u011f qalacaq, he\u00e7 kim\u0259 toxunmaycaq. \u00dcmid edirdik ki, bu gec\u0259, Markesin Makondosunun aqib\u0259tini ya\u015famayacaq.\n<\/p>\n<p>\n  Biz s\u0259h\u0259ri bu \u00fcmidl\u0259 a\u00e7d\u0131q. S\u0259h\u0259r fili evimizin yan\u0131ndan tutub apard\u0131lar. Bir polis n\u0259f\u0259ri bir p\u0259l\u0259ngi g\u00fcll\u0259 il\u0259 vurmu\u015fdu. \u015e\u0259h\u0259rd\u0259 daha yeddi p\u0259l\u0259ngin, d\u00f6rd \u015firin, bir timsah\u0131n, bir begemotun, alt\u0131 canavar\u0131n oldu\u011funu deyirdil\u0259r. Televiziya insanlara m\u00fcraci\u0259t edirdi ki, evd\u0259n \u00e7\u0131xmas\u0131nlar. G\u00fcrc\u00fc dostlar\u0131m\u0131zdan bir s\u0259h\u0259r evinin yan\u0131nda ay\u0131 g\u00f6rd\u00fcy\u00fcn\u00fc yaz\u0131rd\u0131. Daha bir ay\u0131 evimizin yax\u0131nl\u0131\u011f\u0131ndak\u0131 parkda seld\u0259n bo\u011fulub \u00f6lm\u00fc\u015fd\u00fc.\n<\/p>\n<figure class=\"wp-block-image size-large\">\n  <img decoding=\"async\" src=\"https:\/\/www.meydan.tv\/az\/26835\/\" alt=\"\" class=\"wp-image-26835\"\/><figcaption><\/figcaption><\/figure>\n<p>\n  Tiflis meri, G\u00fcrc\u00fcstan\u0131n ba\u015f naziri, \u00f6lk\u0259 prezidenti \u015f\u0259h\u0259ri g\u0259zirdil\u0259r. R\u0259smi deyil, g\u00fcnd\u0259lik paltarlarda. Prezidentin geyindiyi mayka h\u0259tta \u00e7irkli v\u0259 t\u0259rli idi. \u00c7\u00fcnki o saatlar idi ki, sel basan yerl\u0259ri g\u0259zir, bu f\u0259lak\u0259td\u0259 z\u0259r\u0259r \u00e7\u0259k\u0259n, \u0259yni-ba\u015f\u0131 ya\u015f v\u0259 \u00e7irkli insanlar\u0131 ba\u011fr\u0131na bas\u0131r v\u0259 h\u0259yacandan t\u0259rl\u0259yirdi.<br \/>\n  <br \/>\n  Dostlar\u0131m\u0131zla \u0259laq\u0259 saxlad\u0131q. Ham\u0131s\u0131 salamat idi. Bu gec\u0259 ba\u015f ver\u0259n f\u0259lak\u0259t bizd\u0259n v\u0259 do\u011fmalar\u0131m\u0131zdan yan \u00f6tm\u00fc\u015fd\u00fc.\n<\/p>\n<p>\n  Amma bu s\u0259h\u0259r Tiflis darmada\u011f\u0131n idi&#8230;<\/p>\n","protected":false},"excerpt":{"rendered":"<p>Makondonun da\u011f\u0131lmas\u0131na b\u0259nz\u0259y\u0259n gec\u0259<\/p>\n","protected":false},"author":11,"featured_media":26820,"comment_status":"closed","ping_status":"open","sticky":false,"template":"","format":"standard","meta":{"_acf_changed":false,"_sitemap_exclude":false,"_sitemap_priority":"","_sitemap_frequency":"","footnotes":""},"categories":[57],"tags":[],"class_list":["post-168426","post","type-post","status-publish","format-standard","has-post-thumbnail","hentry","category-menim-fikrimce","infinite-scroll-item","generate-columns","tablet-grid-50","mobile-grid-100","grid-parent","grid-33","no-featured-image-padding"],"acf":[],"yoast_head":"<!-- This site is optimized with the Yoast SEO plugin v27.5 - https:\/\/yoast.com\/product\/yoast-seo-wordpress\/ -->\n<title>F\u0259lak\u0259t gec\u0259si ya\u015fad\u0131qlar\u0131m\u0131z - MEYDAN.TV<\/title>\n<meta name=\"robots\" content=\"index, follow, max-snippet:-1, max-image-preview:large, max-video-preview:-1\" \/>\n<link rel=\"canonical\" href=\"https:\/\/www.meydan.tv\/az\/article\/felaket-gecesi-yasadiqlarimiz\/\" \/>\n<meta property=\"og:locale\" content=\"az_AZ\" \/>\n<meta property=\"og:type\" content=\"article\" \/>\n<meta property=\"og:title\" content=\"F\u0259lak\u0259t gec\u0259si ya\u015fad\u0131qlar\u0131m\u0131z - MEYDAN.TV\" \/>\n<meta property=\"og:description\" content=\"Makondonun da\u011f\u0131lmas\u0131na b\u0259nz\u0259y\u0259n gec\u0259\" \/>\n<meta property=\"og:url\" content=\"https:\/\/www.meydan.tv\/az\/article\/felaket-gecesi-yasadiqlarimiz\/\" \/>\n<meta property=\"og:site_name\" content=\"MEYDAN.TV\" \/>\n<meta property=\"article:published_time\" content=\"2015-06-14T17:40:30+00:00\" \/>\n<meta property=\"og:image\" content=\"https:\/\/www.meydan.tv\/wp-content\/uploads\/9887.jpg\" \/>\n\t<meta property=\"og:image:width\" content=\"615\" \/>\n\t<meta property=\"og:image:height\" content=\"409\" \/>\n\t<meta property=\"og:image:type\" content=\"image\/jpeg\" \/>\n<meta name=\"author\" content=\"user-manager\" \/>\n<meta name=\"twitter:card\" content=\"summary_large_image\" \/>\n<script type=\"application\/ld+json\" class=\"yoast-schema-graph\">{\"@context\":\"https:\\\/\\\/schema.org\",\"@graph\":[{\"@type\":\"Article\",\"@id\":\"https:\\\/\\\/www.meydan.tv\\\/az\\\/article\\\/felaket-gecesi-yasadiqlarimiz\\\/#article\",\"isPartOf\":{\"@id\":\"https:\\\/\\\/www.meydan.tv\\\/az\\\/article\\\/felaket-gecesi-yasadiqlarimiz\\\/\"},\"author\":{\"name\":\"user-manager\",\"@id\":\"https:\\\/\\\/www.meydan.tv\\\/az\\\/#\\\/schema\\\/person\\\/10d11eccf6da3662cf5fdab9806ea91a\"},\"headline\":\"F\u0259lak\u0259t gec\u0259si ya\u015fad\u0131qlar\u0131m\u0131z\",\"datePublished\":\"2015-06-14T17:40:30+00:00\",\"mainEntityOfPage\":{\"@id\":\"https:\\\/\\\/www.meydan.tv\\\/az\\\/article\\\/felaket-gecesi-yasadiqlarimiz\\\/\"},\"wordCount\":860,\"publisher\":{\"@id\":\"https:\\\/\\\/www.meydan.tv\\\/az\\\/#organization\"},\"image\":{\"@id\":\"https:\\\/\\\/www.meydan.tv\\\/az\\\/article\\\/felaket-gecesi-yasadiqlarimiz\\\/#primaryimage\"},\"thumbnailUrl\":\"https:\\\/\\\/www.meydan.tv\\\/wp-content\\\/uploads\\\/9887.jpg\",\"articleSection\":[\"M\u0259nim Fikrimc\u0259\"],\"inLanguage\":\"az\"},{\"@type\":\"WebPage\",\"@id\":\"https:\\\/\\\/www.meydan.tv\\\/az\\\/article\\\/felaket-gecesi-yasadiqlarimiz\\\/\",\"url\":\"https:\\\/\\\/www.meydan.tv\\\/az\\\/article\\\/felaket-gecesi-yasadiqlarimiz\\\/\",\"name\":\"F\u0259lak\u0259t gec\u0259si ya\u015fad\u0131qlar\u0131m\u0131z - MEYDAN.TV\",\"isPartOf\":{\"@id\":\"https:\\\/\\\/www.meydan.tv\\\/az\\\/#website\"},\"primaryImageOfPage\":{\"@id\":\"https:\\\/\\\/www.meydan.tv\\\/az\\\/article\\\/felaket-gecesi-yasadiqlarimiz\\\/#primaryimage\"},\"image\":{\"@id\":\"https:\\\/\\\/www.meydan.tv\\\/az\\\/article\\\/felaket-gecesi-yasadiqlarimiz\\\/#primaryimage\"},\"thumbnailUrl\":\"https:\\\/\\\/www.meydan.tv\\\/wp-content\\\/uploads\\\/9887.jpg\",\"datePublished\":\"2015-06-14T17:40:30+00:00\",\"breadcrumb\":{\"@id\":\"https:\\\/\\\/www.meydan.tv\\\/az\\\/article\\\/felaket-gecesi-yasadiqlarimiz\\\/#breadcrumb\"},\"inLanguage\":\"az\",\"potentialAction\":[{\"@type\":\"ReadAction\",\"target\":[\"https:\\\/\\\/www.meydan.tv\\\/az\\\/article\\\/felaket-gecesi-yasadiqlarimiz\\\/\"]}]},{\"@type\":\"ImageObject\",\"inLanguage\":\"az\",\"@id\":\"https:\\\/\\\/www.meydan.tv\\\/az\\\/article\\\/felaket-gecesi-yasadiqlarimiz\\\/#primaryimage\",\"url\":\"https:\\\/\\\/www.meydan.tv\\\/wp-content\\\/uploads\\\/9887.jpg\",\"contentUrl\":\"https:\\\/\\\/www.meydan.tv\\\/wp-content\\\/uploads\\\/9887.jpg\",\"width\":615,\"height\":409,\"caption\":\"Source:\"},{\"@type\":\"BreadcrumbList\",\"@id\":\"https:\\\/\\\/www.meydan.tv\\\/az\\\/article\\\/felaket-gecesi-yasadiqlarimiz\\\/#breadcrumb\",\"itemListElement\":[{\"@type\":\"ListItem\",\"position\":1,\"name\":\"Ana s\u0259hif\u0259\",\"item\":\"https:\\\/\\\/www.meydan.tv\\\/az\\\/\"},{\"@type\":\"ListItem\",\"position\":2,\"name\":\"M\u0259nim Fikrimc\u0259\",\"item\":\"https:\\\/\\\/www.meydan.tv\\\/az\\\/section\\\/menim-fikrimce\\\/\"},{\"@type\":\"ListItem\",\"position\":3,\"name\":\"F\u0259lak\u0259t gec\u0259si ya\u015fad\u0131qlar\u0131m\u0131z\"}]},{\"@type\":\"WebSite\",\"@id\":\"https:\\\/\\\/www.meydan.tv\\\/az\\\/#website\",\"url\":\"https:\\\/\\\/www.meydan.tv\\\/az\\\/\",\"name\":\"MEYDAN.TV\",\"description\":\"Meydan TV Az\u0259rbaycan\u0131n media m\u0259kan\u0131ndak\u0131 alternativ s\u0259sidir\",\"publisher\":{\"@id\":\"https:\\\/\\\/www.meydan.tv\\\/az\\\/#organization\"},\"potentialAction\":[{\"@type\":\"SearchAction\",\"target\":{\"@type\":\"EntryPoint\",\"urlTemplate\":\"https:\\\/\\\/www.meydan.tv\\\/az\\\/?s={search_term_string}\"},\"query-input\":{\"@type\":\"PropertyValueSpecification\",\"valueRequired\":true,\"valueName\":\"search_term_string\"}}],\"inLanguage\":\"az\"},{\"@type\":\"Organization\",\"@id\":\"https:\\\/\\\/www.meydan.tv\\\/az\\\/#organization\",\"name\":\"Meydan TV\",\"url\":\"https:\\\/\\\/www.meydan.tv\\\/az\\\/\",\"logo\":{\"@type\":\"ImageObject\",\"inLanguage\":\"az\",\"@id\":\"https:\\\/\\\/www.meydan.tv\\\/az\\\/#\\\/schema\\\/logo\\\/image\\\/\",\"url\":\"https:\\\/\\\/www.meydan.tv\\\/wp-content\\\/uploads\\\/2021\\\/07\\\/meydan-logo.svg\",\"contentUrl\":\"https:\\\/\\\/www.meydan.tv\\\/wp-content\\\/uploads\\\/2021\\\/07\\\/meydan-logo.svg\",\"width\":195,\"height\":46,\"caption\":\"Meydan TV\"},\"image\":{\"@id\":\"https:\\\/\\\/www.meydan.tv\\\/az\\\/#\\\/schema\\\/logo\\\/image\\\/\"}},{\"@type\":\"Person\",\"@id\":\"https:\\\/\\\/www.meydan.tv\\\/az\\\/#\\\/schema\\\/person\\\/10d11eccf6da3662cf5fdab9806ea91a\",\"name\":\"user-manager\"}]}<\/script>\n<!-- \/ Yoast SEO plugin. -->","yoast_head_json":{"title":"F\u0259lak\u0259t gec\u0259si ya\u015fad\u0131qlar\u0131m\u0131z - MEYDAN.TV","robots":{"index":"index","follow":"follow","max-snippet":"max-snippet:-1","max-image-preview":"max-image-preview:large","max-video-preview":"max-video-preview:-1"},"canonical":"https:\/\/www.meydan.tv\/az\/article\/felaket-gecesi-yasadiqlarimiz\/","og_locale":"az_AZ","og_type":"article","og_title":"F\u0259lak\u0259t gec\u0259si ya\u015fad\u0131qlar\u0131m\u0131z - MEYDAN.TV","og_description":"Makondonun da\u011f\u0131lmas\u0131na b\u0259nz\u0259y\u0259n gec\u0259","og_url":"https:\/\/www.meydan.tv\/az\/article\/felaket-gecesi-yasadiqlarimiz\/","og_site_name":"MEYDAN.TV","article_published_time":"2015-06-14T17:40:30+00:00","og_image":[{"width":615,"height":409,"url":"https:\/\/www.meydan.tv\/wp-content\/uploads\/9887.jpg","type":"image\/jpeg"}],"author":"user-manager","twitter_card":"summary_large_image","schema":{"@context":"https:\/\/schema.org","@graph":[{"@type":"Article","@id":"https:\/\/www.meydan.tv\/az\/article\/felaket-gecesi-yasadiqlarimiz\/#article","isPartOf":{"@id":"https:\/\/www.meydan.tv\/az\/article\/felaket-gecesi-yasadiqlarimiz\/"},"author":{"name":"user-manager","@id":"https:\/\/www.meydan.tv\/az\/#\/schema\/person\/10d11eccf6da3662cf5fdab9806ea91a"},"headline":"F\u0259lak\u0259t gec\u0259si ya\u015fad\u0131qlar\u0131m\u0131z","datePublished":"2015-06-14T17:40:30+00:00","mainEntityOfPage":{"@id":"https:\/\/www.meydan.tv\/az\/article\/felaket-gecesi-yasadiqlarimiz\/"},"wordCount":860,"publisher":{"@id":"https:\/\/www.meydan.tv\/az\/#organization"},"image":{"@id":"https:\/\/www.meydan.tv\/az\/article\/felaket-gecesi-yasadiqlarimiz\/#primaryimage"},"thumbnailUrl":"https:\/\/www.meydan.tv\/wp-content\/uploads\/9887.jpg","articleSection":["M\u0259nim Fikrimc\u0259"],"inLanguage":"az"},{"@type":"WebPage","@id":"https:\/\/www.meydan.tv\/az\/article\/felaket-gecesi-yasadiqlarimiz\/","url":"https:\/\/www.meydan.tv\/az\/article\/felaket-gecesi-yasadiqlarimiz\/","name":"F\u0259lak\u0259t gec\u0259si ya\u015fad\u0131qlar\u0131m\u0131z - MEYDAN.TV","isPartOf":{"@id":"https:\/\/www.meydan.tv\/az\/#website"},"primaryImageOfPage":{"@id":"https:\/\/www.meydan.tv\/az\/article\/felaket-gecesi-yasadiqlarimiz\/#primaryimage"},"image":{"@id":"https:\/\/www.meydan.tv\/az\/article\/felaket-gecesi-yasadiqlarimiz\/#primaryimage"},"thumbnailUrl":"https:\/\/www.meydan.tv\/wp-content\/uploads\/9887.jpg","datePublished":"2015-06-14T17:40:30+00:00","breadcrumb":{"@id":"https:\/\/www.meydan.tv\/az\/article\/felaket-gecesi-yasadiqlarimiz\/#breadcrumb"},"inLanguage":"az","potentialAction":[{"@type":"ReadAction","target":["https:\/\/www.meydan.tv\/az\/article\/felaket-gecesi-yasadiqlarimiz\/"]}]},{"@type":"ImageObject","inLanguage":"az","@id":"https:\/\/www.meydan.tv\/az\/article\/felaket-gecesi-yasadiqlarimiz\/#primaryimage","url":"https:\/\/www.meydan.tv\/wp-content\/uploads\/9887.jpg","contentUrl":"https:\/\/www.meydan.tv\/wp-content\/uploads\/9887.jpg","width":615,"height":409,"caption":"Source:"},{"@type":"BreadcrumbList","@id":"https:\/\/www.meydan.tv\/az\/article\/felaket-gecesi-yasadiqlarimiz\/#breadcrumb","itemListElement":[{"@type":"ListItem","position":1,"name":"Ana s\u0259hif\u0259","item":"https:\/\/www.meydan.tv\/az\/"},{"@type":"ListItem","position":2,"name":"M\u0259nim Fikrimc\u0259","item":"https:\/\/www.meydan.tv\/az\/section\/menim-fikrimce\/"},{"@type":"ListItem","position":3,"name":"F\u0259lak\u0259t gec\u0259si ya\u015fad\u0131qlar\u0131m\u0131z"}]},{"@type":"WebSite","@id":"https:\/\/www.meydan.tv\/az\/#website","url":"https:\/\/www.meydan.tv\/az\/","name":"MEYDAN.TV","description":"Meydan TV Az\u0259rbaycan\u0131n media m\u0259kan\u0131ndak\u0131 alternativ s\u0259sidir","publisher":{"@id":"https:\/\/www.meydan.tv\/az\/#organization"},"potentialAction":[{"@type":"SearchAction","target":{"@type":"EntryPoint","urlTemplate":"https:\/\/www.meydan.tv\/az\/?s={search_term_string}"},"query-input":{"@type":"PropertyValueSpecification","valueRequired":true,"valueName":"search_term_string"}}],"inLanguage":"az"},{"@type":"Organization","@id":"https:\/\/www.meydan.tv\/az\/#organization","name":"Meydan TV","url":"https:\/\/www.meydan.tv\/az\/","logo":{"@type":"ImageObject","inLanguage":"az","@id":"https:\/\/www.meydan.tv\/az\/#\/schema\/logo\/image\/","url":"https:\/\/www.meydan.tv\/wp-content\/uploads\/2021\/07\/meydan-logo.svg","contentUrl":"https:\/\/www.meydan.tv\/wp-content\/uploads\/2021\/07\/meydan-logo.svg","width":195,"height":46,"caption":"Meydan TV"},"image":{"@id":"https:\/\/www.meydan.tv\/az\/#\/schema\/logo\/image\/"}},{"@type":"Person","@id":"https:\/\/www.meydan.tv\/az\/#\/schema\/person\/10d11eccf6da3662cf5fdab9806ea91a","name":"user-manager"}]}},"_links":{"self":[{"href":"https:\/\/www.meydan.tv\/az\/wp-json\/wp\/v2\/posts\/168426","targetHints":{"allow":["GET"]}}],"collection":[{"href":"https:\/\/www.meydan.tv\/az\/wp-json\/wp\/v2\/posts"}],"about":[{"href":"https:\/\/www.meydan.tv\/az\/wp-json\/wp\/v2\/types\/post"}],"author":[{"embeddable":true,"href":"https:\/\/www.meydan.tv\/az\/wp-json\/wp\/v2\/users\/11"}],"replies":[{"embeddable":true,"href":"https:\/\/www.meydan.tv\/az\/wp-json\/wp\/v2\/comments?post=168426"}],"version-history":[{"count":0,"href":"https:\/\/www.meydan.tv\/az\/wp-json\/wp\/v2\/posts\/168426\/revisions"}],"wp:featuredmedia":[{"embeddable":true,"href":"https:\/\/www.meydan.tv\/az\/wp-json\/wp\/v2\/media\/26820"}],"wp:attachment":[{"href":"https:\/\/www.meydan.tv\/az\/wp-json\/wp\/v2\/media?parent=168426"}],"wp:term":[{"taxonomy":"category","embeddable":true,"href":"https:\/\/www.meydan.tv\/az\/wp-json\/wp\/v2\/categories?post=168426"},{"taxonomy":"post_tag","embeddable":true,"href":"https:\/\/www.meydan.tv\/az\/wp-json\/wp\/v2\/tags?post=168426"}],"curies":[{"name":"wp","href":"https:\/\/api.w.org\/{rel}","templated":true}]}}