{"id":168417,"date":"2015-06-13T20:32:10","date_gmt":"2015-06-13T20:32:10","guid":{"rendered":"https:\/\/www.meydan.tv\/article\/iqbal-agazadenin-yazisi\/"},"modified":"2015-06-13T20:32:10","modified_gmt":"2015-06-13T20:32:10","slug":"iqbal-agazadenin-yazisi","status":"publish","type":"post","link":"https:\/\/www.meydan.tv\/az\/article\/iqbal-agazadenin-yazisi\/","title":{"rendered":"\u0130qbal A\u011fazad\u0259nin yaz\u0131s\u0131"},"content":{"rendered":"<figure class=\"wp-block-image size-large\">\n  <img decoding=\"async\" src=\"https:\/\/www.meydan.tv\/az\/26808\/\" alt=\"\" class=\"wp-image-26808\"\/><figcaption><\/figcaption><\/figure>\n<figure class=\"wp-block-image size-large\">\n  <img decoding=\"async\" src=\"https:\/\/www.meydan.tv\/az\/26814\/\" alt=\"\" class=\"wp-image-26814\"\/><figcaption><\/figcaption><\/figure>\n<p>\n  \u00dcmid partiyas\u0131n\u0131n s\u0259dri, deputat v\u0259 \u201c125-l\u0259r\u201d Siyasi Klubunun t\u0259sis\u00e7il\u0259rind\u0259n (\u0259slind\u0259 is\u0259 sahibi) olan \u0130qbal A\u011fazad\u0259nin \u201cSiyasi m\u0259hbus olsayd\u0131m&#8230;\u201d adl\u0131 yaz\u0131s\u0131n\u0131 oxudum. \u00d6nc\u0259 onu deyim ki, c\u0259nab A\u011fazad\u0259 bu yaz\u0131s\u0131 il\u0259 \u00f6z\u00fcn\u00fc sanki 2003-c\u00fc ilin \u0130sa Q\u0259mb\u0259ri oldu\u011funu g\u00f6st\u0259rm\u0259k ist\u0259yib. Y\u0259ni c\u0259nab A\u011fazad\u0259 \u00f6z\u00fc bar\u0259d\u0259 t\u0259\u0259ss\u00fcrat yaratma\u011fa \u00e7al\u0131\u015f\u0131r ki, Az\u0259rbaycanda demokratik, azad v\u0259 \u0259dal\u0259tli c\u0259miyy\u0259tin qurulmas\u0131 u\u011frunda apar\u0131lan m\u00fcbariz\u0259nin lideridir v\u0259 insanlar\u0131n da ondan g\u00f6zl\u0259ntil\u0259ri var.<\/p>\n<p>  M\u0259lum b\u0259yanata imza atd\u0131\u011f\u0131na g\u00f6r\u0259 sosial \u015f\u0259b\u0259k\u0259l\u0259rd\u0259 c\u0259nab A\u011fazad\u0259ni v\u0259 onun siyasi t\u0259\u015fkilatlar\u0131n\u0131 t\u0259nqid ed\u0259n \u015f\u0259xsl\u0259rin xeylisini \u015f\u0259xs\u0259n tan\u0131y\u0131ram. V\u0259 bilir\u0259m ki, o insanlar\u0131n c\u0259nab A\u011fazad\u0259d\u0259n siyasi lider kimi he\u00e7 bir g\u00f6zl\u0259ntisi yoxdur. M\u0259s\u0259l\u0259 ba\u015fqad\u0131r. C\u0259nab A\u011fazad\u0259 t\u0259r\u0259find\u0259n yarad\u0131lan v\u0259 onun n\u0259zar\u0259tind\u0259 olan \u201c125-l\u0259r\u201d Siyasi Klubu bir m\u00fcdd\u0259t \u00f6nc\u0259 vicdan m\u0259hbusu, pe\u015f\u0259kar h\u00fcquq\u015f\u00fcnas v\u0259 g\u00f6z\u0259l insan olan \u0130ntiqam \u018fliyevl\u0259 ba\u011fl\u0131 kampaniyalar apar\u0131rd\u0131, yaz\u0131 m\u00fcsabiq\u0259l\u0259ri elan edirdi v\u0259 m\u00fckafat verirdi. O vaxt bunun imitasiya oldu\u011funu \u00e7oxu anlay\u0131rd\u0131 v\u0259 bu imitasiyan\u0131n arxas\u0131nda c\u0259nab A\u011fazad\u0259 gizl\u0259nirdi. Zaman \u00e7ox g\u00f6zl\u0259tm\u0259di, h\u0259qiq\u0259ti \u00fcz\u0259 \u00e7\u0131xard\u0131 v\u0259 c\u0259nab A\u011fazad\u0259 siyasi m\u0259hbuslar\u0131 cinay\u0259tkar hesab ed\u0259n b\u0259yanata imza atd\u0131. Bir daha s\u00fcbut olundu ki, \u0130ntiqam \u018fliyevl\u0259 ba\u011fl\u0131 apar\u0131lan h\u0259min kampaniya s\u0259mimi deyilmi\u015f. \u018fslind\u0259 siyasi bax\u0131mdan \u00f6z\u00fc-\u00f6z\u00fcn\u00fc if\u015fa etdiyi \u00fc\u00e7\u00fcn c\u0259nab A\u011fazad\u0259y\u0259 t\u0259\u015f\u0259kk\u00fcr d\u00fc\u015f\u00fcr.<\/p>\n<p>  \u00dcmid s\u0259dri yaz\u0131s\u0131nda siyasi m\u0259hbuslar\u0131 cinay\u0259tkar hesab ed\u0259n b\u0259yanata niy\u0259 imza atmas\u0131na tutarl\u0131 izahat ver\u0259 bilm\u0259yib. O, h\u0259min yaz\u0131da \u00f6z\u00fcn\u00fc daha \u00e7ox politoloq kimi g\u00f6st\u0259rib. C\u0259nab A\u011fazad\u0259, biz\u0259 sizin politoloqlu\u011funuz laz\u0131m idi? \u0130nsanlar sizd\u0259n m\u0259lum b\u0259yanata niy\u0259 imza atd\u0131\u011f\u0131n\u0131z\u0131 soru\u015fmu\u015fdular ax\u0131. Siz is\u0259 o yaz\u0131 il\u0259 sanki r\u0259hm\u0259tlik politoloq V\u0259fa m\u00fc\u0259llimin pe\u015f\u0259sini m\u0259nims\u0259m\u0259kl\u0259 m\u0259\u015f\u011ful olmusunuz.<\/p>\n<p>  Yaz\u0131n\u0131zda Rusiyan\u0131n \u00f6lk\u0259miz \u00fc\u00e7\u00fcn t\u0259hl\u00fck\u0259 oldu\u011funu qeyd etmisiniz. Bu is\u0259 t\u0259z\u0259 x\u0259b\u0259r deyil. Hesab edirsiniz ki, Q\u0259rbd\u0259 Az\u0259rbaycandak\u0131 siyasi m\u0259hbuslar\u0131n azadl\u0131\u011f\u0131n\u0131 ist\u0259y\u0259nl\u0259rin aras\u0131nda Az\u0259rbaycan\u0131 sevm\u0259y\u0259nl\u0259r var. Ola bil\u0259r. Amma bu, siz\u0259 \u0259sas verirmi ki, siyasi m\u0259hbuslar\u0131 cinay\u0259tkar hesab ed\u0259n b\u0259yanata imza atas\u0131n\u0131z? Siz Az\u0259rbaycan\u0131 sevm\u0259y\u0259n q\u00fcvv\u0259l\u0259rl\u0259 m\u00fcbariz\u0259 aparmaq \u00fc\u00e7\u00fcn \u00f6lk\u0259mizd\u0259ki siyasi m\u0259hbuslar\u0131, he\u00e7 bir g\u00fcnah\u0131 olmayaraq h\u0259bs\u0259 at\u0131lan insanlar\u0131 cinay\u0259tkar hesab etm\u0259lisiniz? Sizin \u00fc\u00e7\u00fcn d\u00f6vl\u0259ti m\u00fcdafi\u0259 etm\u0259k g\u00fcnahs\u0131z yer\u0259 h\u0259bs\u0259 at\u0131lan insanlar\u0131 cinay\u0259tkar hesab etm\u0259kdir?<\/p>\n<p>  Yaz\u0131n\u0131zda \u201cM\u0259n siyasi m\u0259hbus olsayd\u0131m, beyn\u0259lxalq strukturlara bir m\u00fcraci\u0259t g\u00f6nd\u0259r\u0259rdim &#8211; m\u0259nim haqq\u0131m \u00fcz\u0259rind\u0259n mill\u0259timin v\u0259 d\u00f6vl\u0259timin haqq\u0131na girm\u0259yin\u201d kimi siyasi m\u0259hbuslara q\u0131naq olan fikirl\u0259r d\u0259 i\u015fl\u0259tmisiniz. Siz d\u0259 vaxtil\u0259 g\u00fcnahs\u0131z yer\u0259 h\u0259bs\u0259 at\u0131lm\u0131s\u0131n\u0131z v\u0259 siyasi m\u0259hbus olmusunuz. Amma sizd\u0259n f\u0259rqli olaraq, haz\u0131rda siyasi m\u0259hbus h\u0259yat\u0131 ya\u015fayan \u015f\u0259xsl\u0259rin bay\u0131ra bir ka\u011f\u0131z par\u00e7as\u0131 g\u00f6nd\u0259rm\u0259k imkanlar\u0131 \u0259ll\u0259rind\u0259n al\u0131n\u0131b. Haz\u0131rk\u0131 siyasi m\u0259hbuslardan f\u0259rqli olaraq siz siyasi m\u0259hbus olark\u0259n h\u0259bsxanaya plastik qap\u0131 v\u0259 p\u0259nc\u0259r\u0259 ke\u00e7ir\u0259 bilirdiniz. V\u0259 buna g\u00f6r\u0259 o vaxt sizin saxlan\u0131ld\u0131\u011f\u0131n\u0131z c\u0259za\u00e7\u0259km\u0259 m\u00fc\u0259ssis\u0259sinin r\u0259isi Mahir \u018fliyevin i\u015fd\u0259n \u00e7\u0131xar\u0131ld\u0131\u011f\u0131n\u0131 da bilir\u0259m. Dem\u0259yim odur ki, siz \u00f6z\u00fcn\u00fcz\u00fc indiki siyasi m\u0259hbuslar\u0131n yerin\u0259 qoyma\u011fa \u00e7al\u0131\u015fmay\u0131n&#8230; H\u0259m d\u0259 ona g\u00f6r\u0259 ki, onlar o zaman sizin cinay\u0259tkar olma\u011f\u0131n\u0131z bar\u0259d\u0259 s\u0259n\u0259d\u0259 imza atmay\u0131blar!\n<\/p>\n<p>\n  <b><br \/>\n    Yaz\u0131dak\u0131 fikirl\u0259r m\u00fc\u0259llif\u0259 m\u0259xsusdur v\u0259 onlara g\u00f6r\u0259 Meydan TV m\u0259suliyy\u0259t da\u015f\u0131m\u0131r.<br \/>\n  <\/b><\/p>\n","protected":false},"excerpt":{"rendered":"<p>Siyasi m\u0259hbuslara \u201ccinay\u0259tkar\u201d dem\u0259k&#8230;<\/p>\n","protected":false},"author":11,"featured_media":26808,"comment_status":"closed","ping_status":"open","sticky":false,"template":"","format":"standard","meta":{"_acf_changed":false,"_sitemap_exclude":false,"_sitemap_priority":"","_sitemap_frequency":"","footnotes":""},"categories":[57],"tags":[],"class_list":["post-168417","post","type-post","status-publish","format-standard","has-post-thumbnail","hentry","category-menim-fikrimce","infinite-scroll-item","generate-columns","tablet-grid-50","mobile-grid-100","grid-parent","grid-33","no-featured-image-padding"],"acf":[],"yoast_head":"<!-- This site is optimized with the Yoast SEO plugin v27.5 - https:\/\/yoast.com\/product\/yoast-seo-wordpress\/ -->\n<title>\u0130qbal A\u011fazad\u0259nin yaz\u0131s\u0131 - MEYDAN.TV<\/title>\n<meta name=\"robots\" content=\"index, follow, max-snippet:-1, max-image-preview:large, max-video-preview:-1\" \/>\n<link rel=\"canonical\" href=\"https:\/\/www.meydan.tv\/az\/article\/iqbal-agazadenin-yazisi\/\" \/>\n<meta property=\"og:locale\" content=\"az_AZ\" \/>\n<meta property=\"og:type\" content=\"article\" \/>\n<meta property=\"og:title\" content=\"\u0130qbal A\u011fazad\u0259nin yaz\u0131s\u0131 - MEYDAN.TV\" \/>\n<meta property=\"og:description\" content=\"Siyasi m\u0259hbuslara \u201ccinay\u0259tkar\u201d dem\u0259k...\" \/>\n<meta property=\"og:url\" content=\"https:\/\/www.meydan.tv\/az\/article\/iqbal-agazadenin-yazisi\/\" \/>\n<meta property=\"og:site_name\" content=\"MEYDAN.TV\" \/>\n<meta property=\"article:published_time\" content=\"2015-06-13T20:32:10+00:00\" \/>\n<meta property=\"og:image\" content=\"https:\/\/www.meydan.tv\/wp-content\/uploads\/9875.jpg\" \/>\n\t<meta property=\"og:image:width\" content=\"400\" \/>\n\t<meta property=\"og:image:height\" content=\"400\" \/>\n\t<meta property=\"og:image:type\" content=\"image\/jpeg\" \/>\n<meta name=\"author\" content=\"user-manager\" \/>\n<meta name=\"twitter:card\" content=\"summary_large_image\" \/>\n<script type=\"application\/ld+json\" class=\"yoast-schema-graph\">{\"@context\":\"https:\\\/\\\/schema.org\",\"@graph\":[{\"@type\":\"Article\",\"@id\":\"https:\\\/\\\/www.meydan.tv\\\/az\\\/article\\\/iqbal-agazadenin-yazisi\\\/#article\",\"isPartOf\":{\"@id\":\"https:\\\/\\\/www.meydan.tv\\\/az\\\/article\\\/iqbal-agazadenin-yazisi\\\/\"},\"author\":{\"name\":\"user-manager\",\"@id\":\"https:\\\/\\\/www.meydan.tv\\\/az\\\/#\\\/schema\\\/person\\\/10d11eccf6da3662cf5fdab9806ea91a\"},\"headline\":\"\u0130qbal A\u011fazad\u0259nin yaz\u0131s\u0131\",\"datePublished\":\"2015-06-13T20:32:10+00:00\",\"mainEntityOfPage\":{\"@id\":\"https:\\\/\\\/www.meydan.tv\\\/az\\\/article\\\/iqbal-agazadenin-yazisi\\\/\"},\"wordCount\":770,\"publisher\":{\"@id\":\"https:\\\/\\\/www.meydan.tv\\\/az\\\/#organization\"},\"image\":{\"@id\":\"https:\\\/\\\/www.meydan.tv\\\/az\\\/article\\\/iqbal-agazadenin-yazisi\\\/#primaryimage\"},\"thumbnailUrl\":\"https:\\\/\\\/www.meydan.tv\\\/wp-content\\\/uploads\\\/9875.jpg\",\"articleSection\":[\"M\u0259nim Fikrimc\u0259\"],\"inLanguage\":\"az\"},{\"@type\":\"WebPage\",\"@id\":\"https:\\\/\\\/www.meydan.tv\\\/az\\\/article\\\/iqbal-agazadenin-yazisi\\\/\",\"url\":\"https:\\\/\\\/www.meydan.tv\\\/az\\\/article\\\/iqbal-agazadenin-yazisi\\\/\",\"name\":\"\u0130qbal A\u011fazad\u0259nin yaz\u0131s\u0131 - MEYDAN.TV\",\"isPartOf\":{\"@id\":\"https:\\\/\\\/www.meydan.tv\\\/az\\\/#website\"},\"primaryImageOfPage\":{\"@id\":\"https:\\\/\\\/www.meydan.tv\\\/az\\\/article\\\/iqbal-agazadenin-yazisi\\\/#primaryimage\"},\"image\":{\"@id\":\"https:\\\/\\\/www.meydan.tv\\\/az\\\/article\\\/iqbal-agazadenin-yazisi\\\/#primaryimage\"},\"thumbnailUrl\":\"https:\\\/\\\/www.meydan.tv\\\/wp-content\\\/uploads\\\/9875.jpg\",\"datePublished\":\"2015-06-13T20:32:10+00:00\",\"breadcrumb\":{\"@id\":\"https:\\\/\\\/www.meydan.tv\\\/az\\\/article\\\/iqbal-agazadenin-yazisi\\\/#breadcrumb\"},\"inLanguage\":\"az\",\"potentialAction\":[{\"@type\":\"ReadAction\",\"target\":[\"https:\\\/\\\/www.meydan.tv\\\/az\\\/article\\\/iqbal-agazadenin-yazisi\\\/\"]}]},{\"@type\":\"ImageObject\",\"inLanguage\":\"az\",\"@id\":\"https:\\\/\\\/www.meydan.tv\\\/az\\\/article\\\/iqbal-agazadenin-yazisi\\\/#primaryimage\",\"url\":\"https:\\\/\\\/www.meydan.tv\\\/wp-content\\\/uploads\\\/9875.jpg\",\"contentUrl\":\"https:\\\/\\\/www.meydan.tv\\\/wp-content\\\/uploads\\\/9875.jpg\",\"width\":400,\"height\":400,\"caption\":\"Source:\"},{\"@type\":\"BreadcrumbList\",\"@id\":\"https:\\\/\\\/www.meydan.tv\\\/az\\\/article\\\/iqbal-agazadenin-yazisi\\\/#breadcrumb\",\"itemListElement\":[{\"@type\":\"ListItem\",\"position\":1,\"name\":\"Ana s\u0259hif\u0259\",\"item\":\"https:\\\/\\\/www.meydan.tv\\\/az\\\/\"},{\"@type\":\"ListItem\",\"position\":2,\"name\":\"M\u0259nim Fikrimc\u0259\",\"item\":\"https:\\\/\\\/www.meydan.tv\\\/az\\\/section\\\/menim-fikrimce\\\/\"},{\"@type\":\"ListItem\",\"position\":3,\"name\":\"\u0130qbal A\u011fazad\u0259nin yaz\u0131s\u0131\"}]},{\"@type\":\"WebSite\",\"@id\":\"https:\\\/\\\/www.meydan.tv\\\/az\\\/#website\",\"url\":\"https:\\\/\\\/www.meydan.tv\\\/az\\\/\",\"name\":\"MEYDAN.TV\",\"description\":\"Meydan TV Az\u0259rbaycan\u0131n media m\u0259kan\u0131ndak\u0131 alternativ s\u0259sidir\",\"publisher\":{\"@id\":\"https:\\\/\\\/www.meydan.tv\\\/az\\\/#organization\"},\"potentialAction\":[{\"@type\":\"SearchAction\",\"target\":{\"@type\":\"EntryPoint\",\"urlTemplate\":\"https:\\\/\\\/www.meydan.tv\\\/az\\\/?s={search_term_string}\"},\"query-input\":{\"@type\":\"PropertyValueSpecification\",\"valueRequired\":true,\"valueName\":\"search_term_string\"}}],\"inLanguage\":\"az\"},{\"@type\":\"Organization\",\"@id\":\"https:\\\/\\\/www.meydan.tv\\\/az\\\/#organization\",\"name\":\"Meydan TV\",\"url\":\"https:\\\/\\\/www.meydan.tv\\\/az\\\/\",\"logo\":{\"@type\":\"ImageObject\",\"inLanguage\":\"az\",\"@id\":\"https:\\\/\\\/www.meydan.tv\\\/az\\\/#\\\/schema\\\/logo\\\/image\\\/\",\"url\":\"https:\\\/\\\/www.meydan.tv\\\/wp-content\\\/uploads\\\/2021\\\/07\\\/meydan-logo.svg\",\"contentUrl\":\"https:\\\/\\\/www.meydan.tv\\\/wp-content\\\/uploads\\\/2021\\\/07\\\/meydan-logo.svg\",\"width\":195,\"height\":46,\"caption\":\"Meydan TV\"},\"image\":{\"@id\":\"https:\\\/\\\/www.meydan.tv\\\/az\\\/#\\\/schema\\\/logo\\\/image\\\/\"}},{\"@type\":\"Person\",\"@id\":\"https:\\\/\\\/www.meydan.tv\\\/az\\\/#\\\/schema\\\/person\\\/10d11eccf6da3662cf5fdab9806ea91a\",\"name\":\"user-manager\"}]}<\/script>\n<!-- \/ Yoast SEO plugin. -->","yoast_head_json":{"title":"\u0130qbal A\u011fazad\u0259nin yaz\u0131s\u0131 - MEYDAN.TV","robots":{"index":"index","follow":"follow","max-snippet":"max-snippet:-1","max-image-preview":"max-image-preview:large","max-video-preview":"max-video-preview:-1"},"canonical":"https:\/\/www.meydan.tv\/az\/article\/iqbal-agazadenin-yazisi\/","og_locale":"az_AZ","og_type":"article","og_title":"\u0130qbal A\u011fazad\u0259nin yaz\u0131s\u0131 - MEYDAN.TV","og_description":"Siyasi m\u0259hbuslara \u201ccinay\u0259tkar\u201d dem\u0259k...","og_url":"https:\/\/www.meydan.tv\/az\/article\/iqbal-agazadenin-yazisi\/","og_site_name":"MEYDAN.TV","article_published_time":"2015-06-13T20:32:10+00:00","og_image":[{"width":400,"height":400,"url":"https:\/\/www.meydan.tv\/wp-content\/uploads\/9875.jpg","type":"image\/jpeg"}],"author":"user-manager","twitter_card":"summary_large_image","schema":{"@context":"https:\/\/schema.org","@graph":[{"@type":"Article","@id":"https:\/\/www.meydan.tv\/az\/article\/iqbal-agazadenin-yazisi\/#article","isPartOf":{"@id":"https:\/\/www.meydan.tv\/az\/article\/iqbal-agazadenin-yazisi\/"},"author":{"name":"user-manager","@id":"https:\/\/www.meydan.tv\/az\/#\/schema\/person\/10d11eccf6da3662cf5fdab9806ea91a"},"headline":"\u0130qbal A\u011fazad\u0259nin yaz\u0131s\u0131","datePublished":"2015-06-13T20:32:10+00:00","mainEntityOfPage":{"@id":"https:\/\/www.meydan.tv\/az\/article\/iqbal-agazadenin-yazisi\/"},"wordCount":770,"publisher":{"@id":"https:\/\/www.meydan.tv\/az\/#organization"},"image":{"@id":"https:\/\/www.meydan.tv\/az\/article\/iqbal-agazadenin-yazisi\/#primaryimage"},"thumbnailUrl":"https:\/\/www.meydan.tv\/wp-content\/uploads\/9875.jpg","articleSection":["M\u0259nim Fikrimc\u0259"],"inLanguage":"az"},{"@type":"WebPage","@id":"https:\/\/www.meydan.tv\/az\/article\/iqbal-agazadenin-yazisi\/","url":"https:\/\/www.meydan.tv\/az\/article\/iqbal-agazadenin-yazisi\/","name":"\u0130qbal A\u011fazad\u0259nin yaz\u0131s\u0131 - MEYDAN.TV","isPartOf":{"@id":"https:\/\/www.meydan.tv\/az\/#website"},"primaryImageOfPage":{"@id":"https:\/\/www.meydan.tv\/az\/article\/iqbal-agazadenin-yazisi\/#primaryimage"},"image":{"@id":"https:\/\/www.meydan.tv\/az\/article\/iqbal-agazadenin-yazisi\/#primaryimage"},"thumbnailUrl":"https:\/\/www.meydan.tv\/wp-content\/uploads\/9875.jpg","datePublished":"2015-06-13T20:32:10+00:00","breadcrumb":{"@id":"https:\/\/www.meydan.tv\/az\/article\/iqbal-agazadenin-yazisi\/#breadcrumb"},"inLanguage":"az","potentialAction":[{"@type":"ReadAction","target":["https:\/\/www.meydan.tv\/az\/article\/iqbal-agazadenin-yazisi\/"]}]},{"@type":"ImageObject","inLanguage":"az","@id":"https:\/\/www.meydan.tv\/az\/article\/iqbal-agazadenin-yazisi\/#primaryimage","url":"https:\/\/www.meydan.tv\/wp-content\/uploads\/9875.jpg","contentUrl":"https:\/\/www.meydan.tv\/wp-content\/uploads\/9875.jpg","width":400,"height":400,"caption":"Source:"},{"@type":"BreadcrumbList","@id":"https:\/\/www.meydan.tv\/az\/article\/iqbal-agazadenin-yazisi\/#breadcrumb","itemListElement":[{"@type":"ListItem","position":1,"name":"Ana s\u0259hif\u0259","item":"https:\/\/www.meydan.tv\/az\/"},{"@type":"ListItem","position":2,"name":"M\u0259nim Fikrimc\u0259","item":"https:\/\/www.meydan.tv\/az\/section\/menim-fikrimce\/"},{"@type":"ListItem","position":3,"name":"\u0130qbal A\u011fazad\u0259nin yaz\u0131s\u0131"}]},{"@type":"WebSite","@id":"https:\/\/www.meydan.tv\/az\/#website","url":"https:\/\/www.meydan.tv\/az\/","name":"MEYDAN.TV","description":"Meydan TV Az\u0259rbaycan\u0131n media m\u0259kan\u0131ndak\u0131 alternativ s\u0259sidir","publisher":{"@id":"https:\/\/www.meydan.tv\/az\/#organization"},"potentialAction":[{"@type":"SearchAction","target":{"@type":"EntryPoint","urlTemplate":"https:\/\/www.meydan.tv\/az\/?s={search_term_string}"},"query-input":{"@type":"PropertyValueSpecification","valueRequired":true,"valueName":"search_term_string"}}],"inLanguage":"az"},{"@type":"Organization","@id":"https:\/\/www.meydan.tv\/az\/#organization","name":"Meydan TV","url":"https:\/\/www.meydan.tv\/az\/","logo":{"@type":"ImageObject","inLanguage":"az","@id":"https:\/\/www.meydan.tv\/az\/#\/schema\/logo\/image\/","url":"https:\/\/www.meydan.tv\/wp-content\/uploads\/2021\/07\/meydan-logo.svg","contentUrl":"https:\/\/www.meydan.tv\/wp-content\/uploads\/2021\/07\/meydan-logo.svg","width":195,"height":46,"caption":"Meydan TV"},"image":{"@id":"https:\/\/www.meydan.tv\/az\/#\/schema\/logo\/image\/"}},{"@type":"Person","@id":"https:\/\/www.meydan.tv\/az\/#\/schema\/person\/10d11eccf6da3662cf5fdab9806ea91a","name":"user-manager"}]}},"_links":{"self":[{"href":"https:\/\/www.meydan.tv\/az\/wp-json\/wp\/v2\/posts\/168417","targetHints":{"allow":["GET"]}}],"collection":[{"href":"https:\/\/www.meydan.tv\/az\/wp-json\/wp\/v2\/posts"}],"about":[{"href":"https:\/\/www.meydan.tv\/az\/wp-json\/wp\/v2\/types\/post"}],"author":[{"embeddable":true,"href":"https:\/\/www.meydan.tv\/az\/wp-json\/wp\/v2\/users\/11"}],"replies":[{"embeddable":true,"href":"https:\/\/www.meydan.tv\/az\/wp-json\/wp\/v2\/comments?post=168417"}],"version-history":[{"count":0,"href":"https:\/\/www.meydan.tv\/az\/wp-json\/wp\/v2\/posts\/168417\/revisions"}],"wp:featuredmedia":[{"embeddable":true,"href":"https:\/\/www.meydan.tv\/az\/wp-json\/wp\/v2\/media\/26808"}],"wp:attachment":[{"href":"https:\/\/www.meydan.tv\/az\/wp-json\/wp\/v2\/media?parent=168417"}],"wp:term":[{"taxonomy":"category","embeddable":true,"href":"https:\/\/www.meydan.tv\/az\/wp-json\/wp\/v2\/categories?post=168417"},{"taxonomy":"post_tag","embeddable":true,"href":"https:\/\/www.meydan.tv\/az\/wp-json\/wp\/v2\/tags?post=168417"}],"curies":[{"name":"wp","href":"https:\/\/api.w.org\/{rel}","templated":true}]}}