{"id":168383,"date":"2015-06-12T13:22:30","date_gmt":"2015-06-12T13:22:30","guid":{"rendered":"https:\/\/www.meydan.tv\/article\/atletler-kendinde-bas-vermis-qezanin-goruntuleri-yayildi-video\/"},"modified":"2015-06-12T13:22:30","modified_gmt":"2015-06-12T13:22:30","slug":"atletler-kendinde-bas-vermis-qezanin-goruntuleri-yayildi-video","status":"publish","type":"post","link":"https:\/\/www.meydan.tv\/az\/article\/atletler-kendinde-bas-vermis-qezanin-goruntuleri-yayildi-video\/","title":{"rendered":"Atletl\u0259r k\u0259ndind\u0259 ba\u015f vermi\u015f q\u0259zan\u0131n g\u00f6r\u00fcnt\u00fcl\u0259ri yay\u0131ld\u0131 (V\u0130DEO)"},"content":{"rendered":"<figure class=\"wp-block-embed is-type-video is-provider-youtube wp-block-embed-youtube wp-embed-aspect-16-9 wp-has-aspect-ratio\">\n<div class=\"wp-block-embed__wrapper\">\n    <iframe loading=\"lazy\"\ttitle=\"\" width=\"1200\" height=\"675\" src=\"https:\/\/www.youtube.com\/embed\/zv9giF24ouM\"\tframeborder=\"0\"\tallow=\"accelerometer; autoplay; clipboard-write; encrypted-media; gyroscope; picture-in-picture\" allowfullscreen><\/iframe>\n  <\/div><figcaption><\/figcaption><\/figure>\n<p>\n  <i><br \/>\n    <b><br \/>\n      S\u00fcr\u0259tl\u0259 g\u0259l\u0259n avtobus s\u0259kid\u0259 ged\u0259n bir ne\u00e7\u0259 n\u0259f\u0259ri vurur v\u0259 dayanm\u0131r<br \/>\n    <\/b><br \/>\n  <\/i>\n<\/p>\n<p>\n  \u0130yunun 10-da Bak\u0131 \u015f\u0259h\u0259rind\u0259 I Avropa Oyunlar\u0131 il\u0259 \u0259laq\u0259dar paytaxta g\u0259lmi\u015f \u0259cn\u0259bil\u0259ri da\u015f\u0131yan avtobus q\u0259zaya u\u011fray\u0131b. Q\u0259za n\u0259tic\u0259sind\u0259 3 idman\u00e7\u0131 yaralan\u0131b. Avstriya Olimpiya Komit\u0259si 3 sinxron \u00fczg\u00fc\u00e7\u00fc atletl\u0259rin q\u0259zaya d\u00fc\u015fm\u0259sini t\u0259sdiql\u0259yib. Q\u0131zlar s\u0259kid\u0259 piyada g\u0259z\u0259rk\u0259n xidm\u0259ti avtobus t\u0259r\u0259find\u0259n vurulub. Avstriya Olimpiya Komit\u0259sinin r\u0259smi sayt\u0131n\u0131n yazd\u0131\u011f\u0131na g\u00f6r\u0259, x\u0259sar\u0259t alanlar Verena Breit, 15 ya\u015fl\u0131 Vanessa Sahinovic v\u0259 Luna Pajerdir. H\u0259r \u00fc\u00e7\u00fc \u00fczg\u00fc\u00e7\u00fcd\u00fcr, 15 ya\u015flar\u0131 var. Sosial \u015f\u0259b\u0259k\u0259l\u0259rd\u0259 q\u0259zan\u0131n g\u00f6r\u00fcnt\u00fcl\u0259ri yay\u0131l\u0131b. Meydan TV h\u0259min videog\u00f6r\u00fcnt\u00fcl\u0259ri t\u0259qdim edir. G\u00f6r\u00fcnt\u00fcl\u0259rd\u0259n m\u0259lum olur ki, avtobus q\u0259zan\u0131 t\u00f6r\u0259dir v\u0259 dayanm\u0131r.<\/p>\n","protected":false},"excerpt":{"rendered":"<p>S\u00fcr\u0259tl\u0259 g\u0259l\u0259n avtobus s\u0259kid\u0259 ged\u0259n bir ne\u00e7\u0259 n\u0259f\u0259ri vurur v\u0259 dayanm\u0131r<\/p>\n","protected":false},"author":11,"featured_media":26652,"comment_status":"closed","ping_status":"open","sticky":false,"template":"","format":"standard","meta":{"_acf_changed":false,"_sitemap_exclude":false,"_sitemap_priority":"","_sitemap_frequency":"","footnotes":""},"categories":[63],"tags":[],"class_list":["post-168383","post","type-post","status-publish","format-standard","has-post-thumbnail","hentry","category-video-2","infinite-scroll-item","generate-columns","tablet-grid-50","mobile-grid-100","grid-parent","grid-33","no-featured-image-padding"],"acf":[],"yoast_head":"<!-- This site is optimized with the Yoast SEO plugin v28.3 - https:\/\/yoast.com\/product\/yoast-seo-wordpress\/ -->\n<title>Atletl\u0259r k\u0259ndind\u0259 ba\u015f vermi\u015f q\u0259zan\u0131n g\u00f6r\u00fcnt\u00fcl\u0259ri yay\u0131ld\u0131 (V\u0130DEO) - MEYDAN.TV<\/title>\n<meta name=\"robots\" content=\"index, follow, max-snippet:-1, max-image-preview:large, max-video-preview:-1\" \/>\n<link rel=\"canonical\" href=\"https:\/\/www.meydan.tv\/az\/article\/atletler-kendinde-bas-vermis-qezanin-goruntuleri-yayildi-video\/\" \/>\n<meta property=\"og:locale\" content=\"az_AZ\" \/>\n<meta property=\"og:type\" content=\"article\" \/>\n<meta property=\"og:title\" content=\"Atletl\u0259r k\u0259ndind\u0259 ba\u015f vermi\u015f q\u0259zan\u0131n g\u00f6r\u00fcnt\u00fcl\u0259ri yay\u0131ld\u0131 (V\u0130DEO) - MEYDAN.TV\" \/>\n<meta property=\"og:description\" content=\"S\u00fcr\u0259tl\u0259 g\u0259l\u0259n avtobus s\u0259kid\u0259 ged\u0259n bir ne\u00e7\u0259 n\u0259f\u0259ri vurur v\u0259 dayanm\u0131r\" \/>\n<meta property=\"og:url\" content=\"https:\/\/www.meydan.tv\/az\/article\/atletler-kendinde-bas-vermis-qezanin-goruntuleri-yayildi-video\/\" \/>\n<meta property=\"og:site_name\" content=\"MEYDAN.TV\" \/>\n<meta property=\"article:published_time\" content=\"2015-06-12T13:22:30+00:00\" \/>\n<meta property=\"og:image\" content=\"https:\/\/www.meydan.tv\/wp-content\/uploads\/9810.jpg\" \/>\n\t<meta property=\"og:image:width\" content=\"844\" \/>\n\t<meta property=\"og:image:height\" content=\"462\" \/>\n\t<meta property=\"og:image:type\" content=\"image\/jpeg\" \/>\n<meta name=\"twitter:card\" content=\"summary_large_image\" \/>\n<!-- \/ Yoast SEO plugin. -->","yoast_head_json":{"title":"Atletl\u0259r k\u0259ndind\u0259 ba\u015f vermi\u015f q\u0259zan\u0131n g\u00f6r\u00fcnt\u00fcl\u0259ri yay\u0131ld\u0131 (V\u0130DEO) - MEYDAN.TV","robots":{"index":"index","follow":"follow","max-snippet":"max-snippet:-1","max-image-preview":"max-image-preview:large","max-video-preview":"max-video-preview:-1"},"canonical":"https:\/\/www.meydan.tv\/az\/article\/atletler-kendinde-bas-vermis-qezanin-goruntuleri-yayildi-video\/","og_locale":"az_AZ","og_type":"article","og_title":"Atletl\u0259r k\u0259ndind\u0259 ba\u015f vermi\u015f q\u0259zan\u0131n g\u00f6r\u00fcnt\u00fcl\u0259ri yay\u0131ld\u0131 (V\u0130DEO) - MEYDAN.TV","og_description":"S\u00fcr\u0259tl\u0259 g\u0259l\u0259n avtobus s\u0259kid\u0259 ged\u0259n bir ne\u00e7\u0259 n\u0259f\u0259ri vurur v\u0259 dayanm\u0131r","og_url":"https:\/\/www.meydan.tv\/az\/article\/atletler-kendinde-bas-vermis-qezanin-goruntuleri-yayildi-video\/","og_site_name":"MEYDAN.TV","article_published_time":"2015-06-12T13:22:30+00:00","og_image":[{"width":844,"height":462,"url":"https:\/\/www.meydan.tv\/wp-content\/uploads\/9810.jpg","type":"image\/jpeg"}],"twitter_card":"summary_large_image","schema":{"@context":"https:\/\/schema.org","@graph":[{"@type":"Article","@id":"https:\/\/www.meydan.tv\/az\/article\/atletler-kendinde-bas-vermis-qezanin-goruntuleri-yayildi-video\/#article","isPartOf":{"@id":"https:\/\/www.meydan.tv\/az\/article\/atletler-kendinde-bas-vermis-qezanin-goruntuleri-yayildi-video\/"},"author":{"name":"user-manager","@id":"https:\/\/www.meydan.tv\/az\/#\/schema\/person\/10d11eccf6da3662cf5fdab9806ea91a"},"headline":"Atletl\u0259r k\u0259ndind\u0259 ba\u015f vermi\u015f q\u0259zan\u0131n g\u00f6r\u00fcnt\u00fcl\u0259ri yay\u0131ld\u0131 (V\u0130DEO)","datePublished":"2015-06-12T13:22:30+00:00","mainEntityOfPage":{"@id":"https:\/\/www.meydan.tv\/az\/article\/atletler-kendinde-bas-vermis-qezanin-goruntuleri-yayildi-video\/"},"wordCount":185,"publisher":{"@id":"https:\/\/www.meydan.tv\/az\/#organization"},"image":{"@id":"https:\/\/www.meydan.tv\/az\/article\/atletler-kendinde-bas-vermis-qezanin-goruntuleri-yayildi-video\/#primaryimage"},"thumbnailUrl":"https:\/\/www.meydan.tv\/wp-content\/uploads\/9810.jpg","articleSection":["Video"],"inLanguage":"az"},{"@type":"WebPage","@id":"https:\/\/www.meydan.tv\/az\/article\/atletler-kendinde-bas-vermis-qezanin-goruntuleri-yayildi-video\/","url":"https:\/\/www.meydan.tv\/az\/article\/atletler-kendinde-bas-vermis-qezanin-goruntuleri-yayildi-video\/","name":"Atletl\u0259r k\u0259ndind\u0259 ba\u015f vermi\u015f q\u0259zan\u0131n g\u00f6r\u00fcnt\u00fcl\u0259ri yay\u0131ld\u0131 (V\u0130DEO) - MEYDAN.TV","isPartOf":{"@id":"https:\/\/www.meydan.tv\/az\/#website"},"primaryImageOfPage":{"@id":"https:\/\/www.meydan.tv\/az\/article\/atletler-kendinde-bas-vermis-qezanin-goruntuleri-yayildi-video\/#primaryimage"},"image":{"@id":"https:\/\/www.meydan.tv\/az\/article\/atletler-kendinde-bas-vermis-qezanin-goruntuleri-yayildi-video\/#primaryimage"},"thumbnailUrl":"https:\/\/www.meydan.tv\/wp-content\/uploads\/9810.jpg","datePublished":"2015-06-12T13:22:30+00:00","breadcrumb":{"@id":"https:\/\/www.meydan.tv\/az\/article\/atletler-kendinde-bas-vermis-qezanin-goruntuleri-yayildi-video\/#breadcrumb"},"inLanguage":"az","potentialAction":[{"@type":"ReadAction","target":["https:\/\/www.meydan.tv\/az\/article\/atletler-kendinde-bas-vermis-qezanin-goruntuleri-yayildi-video\/"]}]},{"@type":"ImageObject","inLanguage":"az","@id":"https:\/\/www.meydan.tv\/az\/article\/atletler-kendinde-bas-vermis-qezanin-goruntuleri-yayildi-video\/#primaryimage","url":"https:\/\/www.meydan.tv\/wp-content\/uploads\/9810.jpg","contentUrl":"https:\/\/www.meydan.tv\/wp-content\/uploads\/9810.jpg","width":844,"height":462,"caption":"Source:"},{"@type":"BreadcrumbList","@id":"https:\/\/www.meydan.tv\/az\/article\/atletler-kendinde-bas-vermis-qezanin-goruntuleri-yayildi-video\/#breadcrumb","itemListElement":[{"@type":"ListItem","position":1,"name":"Ana s\u0259hif\u0259","item":"https:\/\/www.meydan.tv\/az\/"},{"@type":"ListItem","position":2,"name":"Video","item":"https:\/\/www.meydan.tv\/az\/section\/video-2\/"},{"@type":"ListItem","position":3,"name":"Atletl\u0259r k\u0259ndind\u0259 ba\u015f vermi\u015f q\u0259zan\u0131n g\u00f6r\u00fcnt\u00fcl\u0259ri yay\u0131ld\u0131 (V\u0130DEO)"}]},{"@type":"WebSite","@id":"https:\/\/www.meydan.tv\/az\/#website","url":"https:\/\/www.meydan.tv\/az\/","name":"MEYDAN.TV","description":"Meydan TV Az\u0259rbaycan\u0131n media m\u0259kan\u0131ndak\u0131 alternativ s\u0259sidir","publisher":{"@id":"https:\/\/www.meydan.tv\/az\/#organization"},"potentialAction":[{"@type":"SearchAction","target":{"@type":"EntryPoint","urlTemplate":"https:\/\/www.meydan.tv\/az\/?s={search_term_string}"},"query-input":{"@type":"PropertyValueSpecification","valueRequired":true,"valueName":"search_term_string"}}],"inLanguage":"az"},{"@type":"Organization","@id":"https:\/\/www.meydan.tv\/az\/#organization","name":"Meydan TV","url":"https:\/\/www.meydan.tv\/az\/","logo":{"@type":"ImageObject","inLanguage":"az","@id":"https:\/\/www.meydan.tv\/az\/#\/schema\/logo\/image\/","url":"https:\/\/www.meydan.tv\/wp-content\/uploads\/2021\/07\/meydan-logo.svg","contentUrl":"https:\/\/www.meydan.tv\/wp-content\/uploads\/2021\/07\/meydan-logo.svg","width":195,"height":46,"caption":"Meydan TV"},"image":{"@id":"https:\/\/www.meydan.tv\/az\/#\/schema\/logo\/image\/"}},{"@type":"Person","@id":"https:\/\/www.meydan.tv\/az\/#\/schema\/person\/10d11eccf6da3662cf5fdab9806ea91a","name":"user-manager"}]}},"_links":{"self":[{"href":"https:\/\/www.meydan.tv\/az\/wp-json\/wp\/v2\/posts\/168383","targetHints":{"allow":["GET"]}}],"collection":[{"href":"https:\/\/www.meydan.tv\/az\/wp-json\/wp\/v2\/posts"}],"about":[{"href":"https:\/\/www.meydan.tv\/az\/wp-json\/wp\/v2\/types\/post"}],"author":[{"embeddable":true,"href":"https:\/\/www.meydan.tv\/az\/wp-json\/wp\/v2\/users\/11"}],"replies":[{"embeddable":true,"href":"https:\/\/www.meydan.tv\/az\/wp-json\/wp\/v2\/comments?post=168383"}],"version-history":[{"count":0,"href":"https:\/\/www.meydan.tv\/az\/wp-json\/wp\/v2\/posts\/168383\/revisions"}],"wp:featuredmedia":[{"embeddable":true,"href":"https:\/\/www.meydan.tv\/az\/wp-json\/wp\/v2\/media\/26652"}],"wp:attachment":[{"href":"https:\/\/www.meydan.tv\/az\/wp-json\/wp\/v2\/media?parent=168383"}],"wp:term":[{"taxonomy":"category","embeddable":true,"href":"https:\/\/www.meydan.tv\/az\/wp-json\/wp\/v2\/categories?post=168383"},{"taxonomy":"post_tag","embeddable":true,"href":"https:\/\/www.meydan.tv\/az\/wp-json\/wp\/v2\/tags?post=168383"}],"curies":[{"name":"wp","href":"https:\/\/api.w.org\/{rel}","templated":true}]}}