{"id":168360,"date":"2015-06-11T18:53:50","date_gmt":"2015-06-11T18:53:50","guid":{"rendered":"https:\/\/www.meydan.tv\/article\/ayo-nun-basi-ayb-ni-ittiham-etmeye-qarisib\/"},"modified":"2015-06-11T18:53:50","modified_gmt":"2015-06-11T18:53:50","slug":"ayo-nun-basi-ayb-ni-ittiham-etmeye-qarisib","status":"publish","type":"post","link":"https:\/\/www.meydan.tv\/az\/article\/ayo-nun-basi-ayb-ni-ittiham-etmeye-qarisib\/","title":{"rendered":"AYO-nun ba\u015f\u0131 AYB-ni ittiham etm\u0259y\u0259 qar\u0131\u015f\u0131b"},"content":{"rendered":"<figure class=\"wp-block-image size-large\">\n  <img decoding=\"async\" src=\"https:\/\/www.meydan.tv\/az\/26050\/\" alt=\"\" class=\"wp-image-26050\"\/><figcaption><\/figcaption><\/figure>\n<figure class=\"wp-block-image size-large\">\n  <img decoding=\"async\" src=\"https:\/\/www.meydan.tv\/az\/26053\/\" alt=\"\" class=\"wp-image-26053\"\/><figcaption><\/figcaption><\/figure>\n<p>\n  Arada kitab ma\u011fazalar\u0131na ba\u015f \u00e7\u0259kir\u0259m. Orada r\u0259fl\u0259rd\u0259 s\u0259liq\u0259 il\u0259 d\u00fcz\u00fclm\u00fc\u015f kitablara diqq\u0259t yetirm\u0259m\u0259k olmur. M\u00fcxt\u0259lif n\u00f6v kitablar\u0131n stendl\u0259ri s\u0131ra il\u0259 d\u00fcz\u00fcl\u00fcr. Klassik \u0259s\u0259rl\u0259r, rus dilind\u0259 olan kitablar, az\u0259rbaycanl\u0131 yazarlar, t\u00fcrkiy\u0259li yazarlar v\u0259 s. Bir stend var ki, h\u0259mi\u015f\u0259 dig\u0259r r\u0259fl\u0259rd\u0259n daha \u00e7ox diqq\u0259timi c\u0259lb edib. Ma\u011fazan\u0131n bestseller kitablar r\u0259fi. Y\u0259ni ay \u00fczr\u0259 \u0259n \u00e7ox sat\u0131lan kitablar\u0131 o b\u00f6lm\u0259y\u0259 d\u00fcz\u00fcrl\u0259r. Bu siyah\u0131n\u0131n qanunauy\u011fun, yoxsa, qeyri-leqal yollarla t\u0259tbiq edildiyini dey\u0259 bilm\u0259r\u0259m, amma m\u0259n\u0259 maraql\u0131 olan, bu siyah\u0131da olan kitablar\u0131n m\u0259zmunudur. H\u0259l\u0259 bu ma\u011faza Az\u0259rbaycan\u0131n \u0259n m\u0259\u015fhur kitab ma\u011fazas\u0131d\u0131rsa, onda, bu siyah\u0131 daha b\u00f6y\u00fck m\u0259na da\u015f\u0131y\u0131r.\n<\/p>\n<p>\n  <b><br \/>\n    Bu siyah\u0131n\u0131n \u00f6n\u0259m da\u015f\u0131mas\u0131na s\u0259b\u0259b n\u0259dir ?<br \/>\n  <\/b>\n<\/p>\n<p>\n  \u00d6lk\u0259d\u0259ki ayl\u0131q v\u0259 ya illik bestseller siyah\u0131lar\u0131 c\u0259miyy\u0259tin hans\u0131 tip kitablar oxudu\u011funa, insanlar\u0131n m\u0259n\u0259vi olaraq, n\u0259y\u0259 ehtiyac\u0131 oldu\u011funa v\u0259 k\u00fctl\u0259nin oxuduqlar\u0131 kitablara uy\u011fun hans\u0131 s\u0259viyy\u0259d\u0259 oldu\u011funun g\u00f6st\u0259ricisidir.\n<\/p>\n<p>\n  \u0130ndi is\u0259 Az\u0259rbaycan\u0131n \u0259n b\u00f6y\u00fck kitab ma\u011fazas\u0131n\u0131n bestseller siyah\u0131s\u0131na diqq\u0259t yetir\u0259k. Kitab r\u0259finin \u0259n yuxar\u0131 hiss\u0259sind\u0259 Az\u0259rbaycanl\u0131 aktrisan\u0131n (?) yazd\u0131\u011f\u0131 t\u00fcrk dilind\u0259 olan &#8220;p.s. Zaten boyun da k\u00fc\u00e7\u00fckt\u00fc&#8221;\u00a0 roman\u0131 yer al\u0131r. Bel\u0259 t\u00fcrkvari v\u0259 kommersiya \u0259s\u0259rl\u0259rind\u0259n \u00e7ox uzun-uzad\u0131 dan\u0131\u015fmaq ist\u0259mir\u0259m. \u00c7\u00fcnki bu tip \u0259s\u0259rl\u0259r nec\u0259 dey\u0259rl\u0259r \u201cbulvar\u201d \u0259d\u0259biyyat\u0131na aiddir v\u0259 ciddi q\u0259bul olunmur. H\u0259m\u00e7inin, bel\u0259 kitablar haqq\u0131nda kifay\u0259t q\u0259d\u0259r yaz\u0131lar yaz\u0131l\u0131b. Sosial \u015f\u0259b\u0259k\u0259 romantizminin t\u0259siri alt\u0131nda olan insanlar\u0131n oxudu\u011fu kitablar\u0131n adlar\u0131n\u0131 \u00e7\u0259ks\u0259k, uzun bir siyah\u0131 al\u0131nar.\n<\/p>\n<p>\n  Sonrak\u0131 yerl\u0259rd\u0259 az\u0259rbaycanl\u0131 reper Qaraqan\u0131n yazd\u0131\u011f\u0131 kitablar durur. Aktrisam\u0131z\u0131n yazd\u0131\u011f\u0131 kitabdan f\u0259rqli olaraq, bu kitablar \u00f6z dilimizd\u0259 yaz\u0131l\u0131b. Lakin biz bunlara \u201c\u0259d\u0259biyyat\u201d dey\u0259 bilm\u0259rik. \u00c7\u00fcnki bel\u0259 \u0259s\u0259rl\u0259r c\u0259miyy\u0259ti yox, hans\u0131sa k\u00fctl\u0259ni doyuzdurmaq \u00fc\u00e7\u00fcn yaz\u0131l\u0131r v\u0259 kifay\u0259t q\u0259d\u0259r sevilir. V\u0259 \u00e7ox oxundu\u011funa g\u00f6r\u0259 d\u0259, insanlara \u201cyax\u015f\u0131 \u0259s\u0259r\u201d t\u0259\u0259ss\u00fcrat\u0131 ba\u011f\u0131\u015flay\u0131r. Bu kitablar\u0131n m\u0259zmunu is\u0259 ensiklopedik m\u00f6vzularda yaz\u0131l\u0131r. \u0130nternetd\u0259 v\u0259 kitabxanalarda is\u0259 bel\u0259 m\u0259lumatlar\u0131 tapmaq asand\u0131r.\n<\/p>\n<p>\n  Dig\u0259r yerl\u0259ri is\u0259 h\u0259tta d\u00fcnyada bel\u0259 bestseller hal\u0131na g\u0259lmi\u015f \u015f\u0259xsi inki\u015faf kitablar\u0131d\u0131r. H\u0259qiq\u0259t\u0259nmi insanl\u0131q bu v\u0259ziyy\u0259t\u0259 d\u00fc\u015f\u00fcb ki, onlar\u0131n \u201c\u00d6z\u00fcn\u00fc tan\u0131ma\u011f\u0131n 10 yolu\u201d , \u201cVarlanma\u011f\u0131n 40 yolu\u201d, \u201cKas\u0131blama\u011f\u0131n 50 yolu\u201d v\u0259 dig\u0259r tipli kitablara ehtiyac\u0131 var ? N\u0259y\u0259 g\u00f6r\u0259 insanlar \u015f\u0259xsi d\u00fc\u015f\u00fcnc\u0259l\u0259rin\u0259 \u0259ziyy\u0259t verm\u0259k ist\u0259mirl\u0259r ? B\u0259lk\u0259 d\u0259, t\u0259nb\u0259llik art\u0131q\u00a0 fiziki i\u015fd\u0259n beyin i\u015fin\u0259 ke\u00e7ib.\n<\/p>\n<p>\n  \u018flb\u0259tt\u0259, Az\u0259rbaycanda ciddi bir yaz\u0131\u00e7\u0131n\u0131n \u201c\u0259n \u00e7ox satan\u201d hal\u0131na g\u0259lm\u0259yi \u00fc\u00e7\u00fcn uzun bir zaman laz\u0131md\u0131r. Bunda ilk olaraq, oxucu k\u00fctl\u0259sinin artma\u011f\u0131, h\u0259min k\u00fctl\u0259nin kitab se\u00e7m\u0259k qabiliyy\u0259ti olmal\u0131d\u0131r. Birm\u0259nal\u0131 olaraq, bu \u201cbestseller\u201d yaz\u0131\u00e7\u0131larda g\u00fcnah g\u00f6rm\u0259k, onlar\u0131n d\u00fc\u015f\u00fcnc\u0259 t\u0259rzini g\u00fcnahland\u0131rmaq da d\u00fczg\u00fcn deyil, \u00e7\u00fcnki onlar da oxucu k\u00fctl\u0259sini d\u00fc\u015f\u00fcn\u00fcb, yaz\u0131rlar. \u018fg\u0259r oxucu onlardan daha a\u011f\u0131r \u0259s\u0259rl\u0259r t\u0259l\u0259b ets\u0259, bu zaman m\u0259suliyy\u0259tl\u0259ri artar v\u0259 daha keyfiyy\u0259tli i\u015f g\u00f6rm\u0259y\u0259 \u00e7al\u0131\u015farlar.\n<\/p>\n<p>\n  Bu m\u00f6vzuda \u0259sas m\u0259s\u0259l\u0259l\u0259rd\u0259n biri d\u0259 \u00f6lk\u0259nin b\u00f6y\u00fck yaz\u0131\u00e7\u0131 birlikl\u0259rinin hans\u0131 ideya a\u015f\u0131lamas\u0131d\u0131r. AYB yazarlar\u0131n\u0131n ba\u015f\u0131 siyas\u0259t\u0259, AYO-nun is\u0259 fikri AYB-ni ittiham etm\u0259y\u0259 qar\u0131\u015fd\u0131\u011f\u0131 d\u00f6vrd\u0259 itir\u0259n yaln\u0131z Az\u0259rbaycan \u0259d\u0259biyyat\u0131 olur.\n<\/p>\n<p>\n  \u018fg\u0259r oxucu v\u0259 \u0259d\u0259biyyat\u00e7\u0131lar\u0131n \u201cd\u00fcnya \u0259d\u0259biyyat\u0131na \u00e7\u0131xmaq\u201d, \u201cNobel m\u00fckafat\u0131 almaq\u201d kimi bir ist\u0259k v\u0259 iddialar\u0131 varsa, ilk \u00f6nc\u0259 biz \u00f6z \u0259d\u0259biyyat\u0131m\u0131zda oxucu problemi il\u0259 m\u0259\u015f\u011ful olmal\u0131y\u0131q. \u00d6lk\u0259d\u0259 olan m\u00fc\u0259yy\u0259n bir k\u00fctl\u0259 \u0259g\u0259r yuxar\u0131da qeyd etdiyim tip kitablara maraq g\u00f6st\u0259rirs\u0259, art\u0131q bu t\u0259kc\u0259 yaz\u0131\u00e7\u0131lar\u0131n yox, c\u0259miyy\u0259timizin problemidir.\n<\/p>\n<p>\n  <b><br \/>\n    Yaz\u0131dak\u0131 fikirl\u0259r m\u00fc\u0259llif\u0259 m\u0259xsusdur v\u0259 onlara g\u00f6r\u0259 Meydan TV m\u0259suliyy\u0259t da\u015f\u0131m\u0131r.<br \/>\n  <\/b><\/p>\n","protected":false},"excerpt":{"rendered":"<p>AYB-nin ba\u015f\u0131 is\u0259 siyas\u0259t\u0259<\/p>\n","protected":false},"author":11,"featured_media":26050,"comment_status":"closed","ping_status":"open","sticky":false,"template":"","format":"standard","meta":{"_acf_changed":false,"_sitemap_exclude":false,"_sitemap_priority":"","_sitemap_frequency":"","footnotes":""},"categories":[57],"tags":[],"class_list":["post-168360","post","type-post","status-publish","format-standard","has-post-thumbnail","hentry","category-menim-fikrimce","infinite-scroll-item","generate-columns","tablet-grid-50","mobile-grid-100","grid-parent","grid-33","no-featured-image-padding"],"acf":[],"yoast_head":"<!-- This site is optimized with the Yoast SEO plugin v27.5 - https:\/\/yoast.com\/product\/yoast-seo-wordpress\/ -->\n<title>AYO-nun ba\u015f\u0131 AYB-ni ittiham etm\u0259y\u0259 qar\u0131\u015f\u0131b - MEYDAN.TV<\/title>\n<meta name=\"robots\" content=\"index, follow, max-snippet:-1, max-image-preview:large, max-video-preview:-1\" \/>\n<link rel=\"canonical\" href=\"https:\/\/www.meydan.tv\/az\/article\/ayo-nun-basi-ayb-ni-ittiham-etmeye-qarisib\/\" \/>\n<meta property=\"og:locale\" content=\"az_AZ\" \/>\n<meta property=\"og:type\" content=\"article\" \/>\n<meta property=\"og:title\" content=\"AYO-nun ba\u015f\u0131 AYB-ni ittiham etm\u0259y\u0259 qar\u0131\u015f\u0131b - MEYDAN.TV\" \/>\n<meta property=\"og:description\" content=\"AYB-nin ba\u015f\u0131 is\u0259 siyas\u0259t\u0259\" \/>\n<meta property=\"og:url\" content=\"https:\/\/www.meydan.tv\/az\/article\/ayo-nun-basi-ayb-ni-ittiham-etmeye-qarisib\/\" \/>\n<meta property=\"og:site_name\" content=\"MEYDAN.TV\" \/>\n<meta property=\"article:published_time\" content=\"2015-06-11T18:53:50+00:00\" \/>\n<meta property=\"og:image\" content=\"https:\/\/www.meydan.tv\/wp-content\/uploads\/9577.jpg\" \/>\n\t<meta property=\"og:image:width\" content=\"500\" \/>\n\t<meta property=\"og:image:height\" content=\"500\" \/>\n\t<meta property=\"og:image:type\" content=\"image\/jpeg\" \/>\n<meta name=\"author\" content=\"user-manager\" \/>\n<meta name=\"twitter:card\" content=\"summary_large_image\" \/>\n<script type=\"application\/ld+json\" class=\"yoast-schema-graph\">{\"@context\":\"https:\\\/\\\/schema.org\",\"@graph\":[{\"@type\":\"Article\",\"@id\":\"https:\\\/\\\/www.meydan.tv\\\/az\\\/article\\\/ayo-nun-basi-ayb-ni-ittiham-etmeye-qarisib\\\/#article\",\"isPartOf\":{\"@id\":\"https:\\\/\\\/www.meydan.tv\\\/az\\\/article\\\/ayo-nun-basi-ayb-ni-ittiham-etmeye-qarisib\\\/\"},\"author\":{\"name\":\"user-manager\",\"@id\":\"https:\\\/\\\/www.meydan.tv\\\/az\\\/#\\\/schema\\\/person\\\/10d11eccf6da3662cf5fdab9806ea91a\"},\"headline\":\"AYO-nun ba\u015f\u0131 AYB-ni ittiham etm\u0259y\u0259 qar\u0131\u015f\u0131b\",\"datePublished\":\"2015-06-11T18:53:50+00:00\",\"mainEntityOfPage\":{\"@id\":\"https:\\\/\\\/www.meydan.tv\\\/az\\\/article\\\/ayo-nun-basi-ayb-ni-ittiham-etmeye-qarisib\\\/\"},\"wordCount\":805,\"publisher\":{\"@id\":\"https:\\\/\\\/www.meydan.tv\\\/az\\\/#organization\"},\"image\":{\"@id\":\"https:\\\/\\\/www.meydan.tv\\\/az\\\/article\\\/ayo-nun-basi-ayb-ni-ittiham-etmeye-qarisib\\\/#primaryimage\"},\"thumbnailUrl\":\"https:\\\/\\\/www.meydan.tv\\\/wp-content\\\/uploads\\\/9577.jpg\",\"articleSection\":[\"M\u0259nim Fikrimc\u0259\"],\"inLanguage\":\"az\"},{\"@type\":\"WebPage\",\"@id\":\"https:\\\/\\\/www.meydan.tv\\\/az\\\/article\\\/ayo-nun-basi-ayb-ni-ittiham-etmeye-qarisib\\\/\",\"url\":\"https:\\\/\\\/www.meydan.tv\\\/az\\\/article\\\/ayo-nun-basi-ayb-ni-ittiham-etmeye-qarisib\\\/\",\"name\":\"AYO-nun ba\u015f\u0131 AYB-ni ittiham etm\u0259y\u0259 qar\u0131\u015f\u0131b - MEYDAN.TV\",\"isPartOf\":{\"@id\":\"https:\\\/\\\/www.meydan.tv\\\/az\\\/#website\"},\"primaryImageOfPage\":{\"@id\":\"https:\\\/\\\/www.meydan.tv\\\/az\\\/article\\\/ayo-nun-basi-ayb-ni-ittiham-etmeye-qarisib\\\/#primaryimage\"},\"image\":{\"@id\":\"https:\\\/\\\/www.meydan.tv\\\/az\\\/article\\\/ayo-nun-basi-ayb-ni-ittiham-etmeye-qarisib\\\/#primaryimage\"},\"thumbnailUrl\":\"https:\\\/\\\/www.meydan.tv\\\/wp-content\\\/uploads\\\/9577.jpg\",\"datePublished\":\"2015-06-11T18:53:50+00:00\",\"breadcrumb\":{\"@id\":\"https:\\\/\\\/www.meydan.tv\\\/az\\\/article\\\/ayo-nun-basi-ayb-ni-ittiham-etmeye-qarisib\\\/#breadcrumb\"},\"inLanguage\":\"az\",\"potentialAction\":[{\"@type\":\"ReadAction\",\"target\":[\"https:\\\/\\\/www.meydan.tv\\\/az\\\/article\\\/ayo-nun-basi-ayb-ni-ittiham-etmeye-qarisib\\\/\"]}]},{\"@type\":\"ImageObject\",\"inLanguage\":\"az\",\"@id\":\"https:\\\/\\\/www.meydan.tv\\\/az\\\/article\\\/ayo-nun-basi-ayb-ni-ittiham-etmeye-qarisib\\\/#primaryimage\",\"url\":\"https:\\\/\\\/www.meydan.tv\\\/wp-content\\\/uploads\\\/9577.jpg\",\"contentUrl\":\"https:\\\/\\\/www.meydan.tv\\\/wp-content\\\/uploads\\\/9577.jpg\",\"width\":500,\"height\":500,\"caption\":\"Source:\"},{\"@type\":\"BreadcrumbList\",\"@id\":\"https:\\\/\\\/www.meydan.tv\\\/az\\\/article\\\/ayo-nun-basi-ayb-ni-ittiham-etmeye-qarisib\\\/#breadcrumb\",\"itemListElement\":[{\"@type\":\"ListItem\",\"position\":1,\"name\":\"Ana s\u0259hif\u0259\",\"item\":\"https:\\\/\\\/www.meydan.tv\\\/az\\\/\"},{\"@type\":\"ListItem\",\"position\":2,\"name\":\"M\u0259nim Fikrimc\u0259\",\"item\":\"https:\\\/\\\/www.meydan.tv\\\/az\\\/section\\\/menim-fikrimce\\\/\"},{\"@type\":\"ListItem\",\"position\":3,\"name\":\"AYO-nun ba\u015f\u0131 AYB-ni ittiham etm\u0259y\u0259 qar\u0131\u015f\u0131b\"}]},{\"@type\":\"WebSite\",\"@id\":\"https:\\\/\\\/www.meydan.tv\\\/az\\\/#website\",\"url\":\"https:\\\/\\\/www.meydan.tv\\\/az\\\/\",\"name\":\"MEYDAN.TV\",\"description\":\"Meydan TV Az\u0259rbaycan\u0131n media m\u0259kan\u0131ndak\u0131 alternativ s\u0259sidir\",\"publisher\":{\"@id\":\"https:\\\/\\\/www.meydan.tv\\\/az\\\/#organization\"},\"potentialAction\":[{\"@type\":\"SearchAction\",\"target\":{\"@type\":\"EntryPoint\",\"urlTemplate\":\"https:\\\/\\\/www.meydan.tv\\\/az\\\/?s={search_term_string}\"},\"query-input\":{\"@type\":\"PropertyValueSpecification\",\"valueRequired\":true,\"valueName\":\"search_term_string\"}}],\"inLanguage\":\"az\"},{\"@type\":\"Organization\",\"@id\":\"https:\\\/\\\/www.meydan.tv\\\/az\\\/#organization\",\"name\":\"Meydan TV\",\"url\":\"https:\\\/\\\/www.meydan.tv\\\/az\\\/\",\"logo\":{\"@type\":\"ImageObject\",\"inLanguage\":\"az\",\"@id\":\"https:\\\/\\\/www.meydan.tv\\\/az\\\/#\\\/schema\\\/logo\\\/image\\\/\",\"url\":\"https:\\\/\\\/www.meydan.tv\\\/wp-content\\\/uploads\\\/2021\\\/07\\\/meydan-logo.svg\",\"contentUrl\":\"https:\\\/\\\/www.meydan.tv\\\/wp-content\\\/uploads\\\/2021\\\/07\\\/meydan-logo.svg\",\"width\":195,\"height\":46,\"caption\":\"Meydan TV\"},\"image\":{\"@id\":\"https:\\\/\\\/www.meydan.tv\\\/az\\\/#\\\/schema\\\/logo\\\/image\\\/\"}},{\"@type\":\"Person\",\"@id\":\"https:\\\/\\\/www.meydan.tv\\\/az\\\/#\\\/schema\\\/person\\\/10d11eccf6da3662cf5fdab9806ea91a\",\"name\":\"user-manager\"}]}<\/script>\n<!-- \/ Yoast SEO plugin. -->","yoast_head_json":{"title":"AYO-nun ba\u015f\u0131 AYB-ni ittiham etm\u0259y\u0259 qar\u0131\u015f\u0131b - MEYDAN.TV","robots":{"index":"index","follow":"follow","max-snippet":"max-snippet:-1","max-image-preview":"max-image-preview:large","max-video-preview":"max-video-preview:-1"},"canonical":"https:\/\/www.meydan.tv\/az\/article\/ayo-nun-basi-ayb-ni-ittiham-etmeye-qarisib\/","og_locale":"az_AZ","og_type":"article","og_title":"AYO-nun ba\u015f\u0131 AYB-ni ittiham etm\u0259y\u0259 qar\u0131\u015f\u0131b - MEYDAN.TV","og_description":"AYB-nin ba\u015f\u0131 is\u0259 siyas\u0259t\u0259","og_url":"https:\/\/www.meydan.tv\/az\/article\/ayo-nun-basi-ayb-ni-ittiham-etmeye-qarisib\/","og_site_name":"MEYDAN.TV","article_published_time":"2015-06-11T18:53:50+00:00","og_image":[{"width":500,"height":500,"url":"https:\/\/www.meydan.tv\/wp-content\/uploads\/9577.jpg","type":"image\/jpeg"}],"author":"user-manager","twitter_card":"summary_large_image","schema":{"@context":"https:\/\/schema.org","@graph":[{"@type":"Article","@id":"https:\/\/www.meydan.tv\/az\/article\/ayo-nun-basi-ayb-ni-ittiham-etmeye-qarisib\/#article","isPartOf":{"@id":"https:\/\/www.meydan.tv\/az\/article\/ayo-nun-basi-ayb-ni-ittiham-etmeye-qarisib\/"},"author":{"name":"user-manager","@id":"https:\/\/www.meydan.tv\/az\/#\/schema\/person\/10d11eccf6da3662cf5fdab9806ea91a"},"headline":"AYO-nun ba\u015f\u0131 AYB-ni ittiham etm\u0259y\u0259 qar\u0131\u015f\u0131b","datePublished":"2015-06-11T18:53:50+00:00","mainEntityOfPage":{"@id":"https:\/\/www.meydan.tv\/az\/article\/ayo-nun-basi-ayb-ni-ittiham-etmeye-qarisib\/"},"wordCount":805,"publisher":{"@id":"https:\/\/www.meydan.tv\/az\/#organization"},"image":{"@id":"https:\/\/www.meydan.tv\/az\/article\/ayo-nun-basi-ayb-ni-ittiham-etmeye-qarisib\/#primaryimage"},"thumbnailUrl":"https:\/\/www.meydan.tv\/wp-content\/uploads\/9577.jpg","articleSection":["M\u0259nim Fikrimc\u0259"],"inLanguage":"az"},{"@type":"WebPage","@id":"https:\/\/www.meydan.tv\/az\/article\/ayo-nun-basi-ayb-ni-ittiham-etmeye-qarisib\/","url":"https:\/\/www.meydan.tv\/az\/article\/ayo-nun-basi-ayb-ni-ittiham-etmeye-qarisib\/","name":"AYO-nun ba\u015f\u0131 AYB-ni ittiham etm\u0259y\u0259 qar\u0131\u015f\u0131b - MEYDAN.TV","isPartOf":{"@id":"https:\/\/www.meydan.tv\/az\/#website"},"primaryImageOfPage":{"@id":"https:\/\/www.meydan.tv\/az\/article\/ayo-nun-basi-ayb-ni-ittiham-etmeye-qarisib\/#primaryimage"},"image":{"@id":"https:\/\/www.meydan.tv\/az\/article\/ayo-nun-basi-ayb-ni-ittiham-etmeye-qarisib\/#primaryimage"},"thumbnailUrl":"https:\/\/www.meydan.tv\/wp-content\/uploads\/9577.jpg","datePublished":"2015-06-11T18:53:50+00:00","breadcrumb":{"@id":"https:\/\/www.meydan.tv\/az\/article\/ayo-nun-basi-ayb-ni-ittiham-etmeye-qarisib\/#breadcrumb"},"inLanguage":"az","potentialAction":[{"@type":"ReadAction","target":["https:\/\/www.meydan.tv\/az\/article\/ayo-nun-basi-ayb-ni-ittiham-etmeye-qarisib\/"]}]},{"@type":"ImageObject","inLanguage":"az","@id":"https:\/\/www.meydan.tv\/az\/article\/ayo-nun-basi-ayb-ni-ittiham-etmeye-qarisib\/#primaryimage","url":"https:\/\/www.meydan.tv\/wp-content\/uploads\/9577.jpg","contentUrl":"https:\/\/www.meydan.tv\/wp-content\/uploads\/9577.jpg","width":500,"height":500,"caption":"Source:"},{"@type":"BreadcrumbList","@id":"https:\/\/www.meydan.tv\/az\/article\/ayo-nun-basi-ayb-ni-ittiham-etmeye-qarisib\/#breadcrumb","itemListElement":[{"@type":"ListItem","position":1,"name":"Ana s\u0259hif\u0259","item":"https:\/\/www.meydan.tv\/az\/"},{"@type":"ListItem","position":2,"name":"M\u0259nim Fikrimc\u0259","item":"https:\/\/www.meydan.tv\/az\/section\/menim-fikrimce\/"},{"@type":"ListItem","position":3,"name":"AYO-nun ba\u015f\u0131 AYB-ni ittiham etm\u0259y\u0259 qar\u0131\u015f\u0131b"}]},{"@type":"WebSite","@id":"https:\/\/www.meydan.tv\/az\/#website","url":"https:\/\/www.meydan.tv\/az\/","name":"MEYDAN.TV","description":"Meydan TV Az\u0259rbaycan\u0131n media m\u0259kan\u0131ndak\u0131 alternativ s\u0259sidir","publisher":{"@id":"https:\/\/www.meydan.tv\/az\/#organization"},"potentialAction":[{"@type":"SearchAction","target":{"@type":"EntryPoint","urlTemplate":"https:\/\/www.meydan.tv\/az\/?s={search_term_string}"},"query-input":{"@type":"PropertyValueSpecification","valueRequired":true,"valueName":"search_term_string"}}],"inLanguage":"az"},{"@type":"Organization","@id":"https:\/\/www.meydan.tv\/az\/#organization","name":"Meydan TV","url":"https:\/\/www.meydan.tv\/az\/","logo":{"@type":"ImageObject","inLanguage":"az","@id":"https:\/\/www.meydan.tv\/az\/#\/schema\/logo\/image\/","url":"https:\/\/www.meydan.tv\/wp-content\/uploads\/2021\/07\/meydan-logo.svg","contentUrl":"https:\/\/www.meydan.tv\/wp-content\/uploads\/2021\/07\/meydan-logo.svg","width":195,"height":46,"caption":"Meydan TV"},"image":{"@id":"https:\/\/www.meydan.tv\/az\/#\/schema\/logo\/image\/"}},{"@type":"Person","@id":"https:\/\/www.meydan.tv\/az\/#\/schema\/person\/10d11eccf6da3662cf5fdab9806ea91a","name":"user-manager"}]}},"_links":{"self":[{"href":"https:\/\/www.meydan.tv\/az\/wp-json\/wp\/v2\/posts\/168360","targetHints":{"allow":["GET"]}}],"collection":[{"href":"https:\/\/www.meydan.tv\/az\/wp-json\/wp\/v2\/posts"}],"about":[{"href":"https:\/\/www.meydan.tv\/az\/wp-json\/wp\/v2\/types\/post"}],"author":[{"embeddable":true,"href":"https:\/\/www.meydan.tv\/az\/wp-json\/wp\/v2\/users\/11"}],"replies":[{"embeddable":true,"href":"https:\/\/www.meydan.tv\/az\/wp-json\/wp\/v2\/comments?post=168360"}],"version-history":[{"count":0,"href":"https:\/\/www.meydan.tv\/az\/wp-json\/wp\/v2\/posts\/168360\/revisions"}],"wp:featuredmedia":[{"embeddable":true,"href":"https:\/\/www.meydan.tv\/az\/wp-json\/wp\/v2\/media\/26050"}],"wp:attachment":[{"href":"https:\/\/www.meydan.tv\/az\/wp-json\/wp\/v2\/media?parent=168360"}],"wp:term":[{"taxonomy":"category","embeddable":true,"href":"https:\/\/www.meydan.tv\/az\/wp-json\/wp\/v2\/categories?post=168360"},{"taxonomy":"post_tag","embeddable":true,"href":"https:\/\/www.meydan.tv\/az\/wp-json\/wp\/v2\/tags?post=168360"}],"curies":[{"name":"wp","href":"https:\/\/api.w.org\/{rel}","templated":true}]}}