{"id":168325,"date":"2015-06-10T17:13:28","date_gmt":"2015-06-10T17:13:28","guid":{"rendered":"https:\/\/www.meydan.tv\/article\/agalarin-hirsli-yazisi\/"},"modified":"2015-06-10T17:13:28","modified_gmt":"2015-06-10T17:13:28","slug":"agalarin-hirsli-yazisi","status":"publish","type":"post","link":"https:\/\/www.meydan.tv\/az\/article\/agalarin-hirsli-yazisi\/","title":{"rendered":"A\u011falar\u0131n hirsli yaz\u0131s\u0131"},"content":{"rendered":"<figure class=\"wp-block-image size-large\">\n  <img decoding=\"async\" src=\"https:\/\/www.meydan.tv\/az\/26387\/\" alt=\"\" class=\"wp-image-26387\"\/><figcaption><\/figcaption><\/figure>\n<figure class=\"wp-block-image size-large\">\n  <img decoding=\"async\" src=\"https:\/\/www.meydan.tv\/az\/26393\/\" alt=\"\" class=\"wp-image-26393\"\/><figcaption><\/figcaption><\/figure>\n<p>\n  A\u011falar Qutun \u201ct\u00fcrkiy\u0259c\u0259\u201d anlay\u0131\u015f\u0131 adl\u0131 silsil\u0259 yaz\u0131lar\u0131n\u0131 oxudum. Quzeyli-g\u00fcneyli A\u011falar\u0131n yaz\u0131lar\u0131n\u0131n oxucusu \u00e7ox oldu\u011fu q\u0259d\u0259r, buraxd\u0131\u011f\u0131 etki d\u0259 geni\u015fdir. Yaz\u0131dan, m\u0259nc\u0259, iki m\u00fcsb\u0259t-m\u0259nfi n\u0259tic\u0259 \u00e7\u0131xarmaq olar. Birinci budur ki, \u0259n az\u0131ndan g\u00fcneyd\u0259 ged\u0259n dil d\u0259yi\u015fikliyi, dil yenil\u0259\u015fm\u0259 gedi\u015fi l\u0259ngim\u0259y\u0259 t\u0259r\u0259f ged\u0259 bil\u0259r. Quzeyd\u0259 dil yenilikl\u0259rind\u0259n \u0259lini \u00fcz\u0259r\u0259k, T\u00fcrkiy\u0259d\u0259 yaranan yenilikl\u0259ri \u00f6z i\u00e7ind\u0259 sal-\u00e7\u0131x ed\u0259n g\u00fcney bu yaz\u0131 il\u0259 iki yol ayr\u0131c\u0131nda qalaca\u011f\u0131 a\u00e7\u0131q-ayd\u0131n g\u00f6r\u00fcn\u00fcr.\n<\/p>\n<p>\n  Ikincisi budur ki, dilin A\u011falar b\u0259y demi\u015fk\u0259n \u201cnec\u0259 g\u0259ldi\u201d \u201cyarad\u0131ls\u0131n\u201d gedi\u015fat\u0131n\u0131n qaba\u011f\u0131 al\u0131nma ehtimal\u0131 var.\n<\/p>\n<p>\n  A\u011falar\u0131n hirsli yaz\u0131s\u0131nda bir \u00e7ox h\u0259qiq\u0259tl\u0259r var. \u00d6z\u0259llikl\u0259, onun bu s\u00f6z\u00fc tam \u015f\u00fcbh\u0259 etm\u0259d\u0259n, yerli-yerind\u0259dir: \u201c\u00dcst\u0259lik, (T\u00fcrkiy\u0259d\u0259) t\u00fcrk dill\u0259ri ail\u0259si i\u00e7ind\u0259 t\u0259kl\u0259nibl\u0259r, bizd\u0259n ba\u015fqa he\u00e7 kimi ba\u015fa d\u00fc\u015fm\u00fcrl\u0259r. Ancaq bu yanl\u0131\u015flar\u0131n\u0131 aradan qald\u0131rmaq \u00fc\u00e7\u00fcn, \u00e7ox pis m\u00f6vqe tutublar: \u201cSiz bizim s\u00f6zl\u0259rimizi \u00f6yr\u0259nin, D\u0259d\u0259 Qorqut-un, M. Ka\u015f\u011fari-nin s\u00f6zl\u0259rini i\u015fl\u0259ts\u0259niz bel\u0259, o s\u00f6zl\u0259ri bizim verdiyimiz m\u0259nalarda i\u015fl\u0259din, biz sizi ba\u015fa d\u00fc\u015fm\u0259s\u0259k d\u0259 olar, siz bizi ba\u015fa d\u00fc\u015f\u00fcn, sonra da siz bizim dilimizd\u0259 dan\u0131\u015f\u0131n. Ortaq t\u00fcrkc\u0259 d\u0259 bizim t\u00fcrkiy\u0259c\u0259miz olsun.\u201d\n<\/p>\n<p>\n  A\u011falar\u0131n yaz\u0131s\u0131n\u0131n bir \u00e7ox b\u00f6l\u00fcm\u00fc il\u0259 d\u0259 raz\u0131la\u015fmaq olmur.\n<\/p>\n<p>\n  \u00dcmumiy\u0259tl\u0259. F.D.Sussure-y\u0259\u00a0 q\u0259d\u0259r dil m\u0259s\u0259l\u0259sind\u0259 Gramer\u00e7il\u0259rin dedikl\u0259ri h\u0259r \u015feyd\u0259n \u00f6n s\u0131rada durur. Sussurela dil\u00e7ilik yarand\u0131qdan sonra, dilin s\u0259rt qayda-qanunlar\u0131 yumu\u015falaraq, d\u00fc\u015f\u00fcnc\u0259l\u0259r d\u0259, Gramer\u00e7il\u0259rl\u0259 dil\u00e7il\u0259r aras\u0131nda par\u00e7alanaraq, f\u0259rql\u0259ndi. A\u011falar\u0131n indiy\u0259d\u0259k yazd\u0131\u011f\u0131 v\u0259 yaxud t\u0259rc\u00fcm\u0259 etdiyi yaz\u0131lar\u0131nda, \u00fcmumiyy\u0259tl\u0259, ikinci ax\u0131m\u0131 qabar\u0131q \u015f\u0259kild\u0259 g\u00f6rm\u00fc\u015fd\u00fcm.\n<\/p>\n<p>\n  Dem\u0259yim budur ki, A\u011falardan daha \u00e7ox dil\u0259 f\u0259ls\u0259f\u0259 v\u0259 dil f\u0259ls\u0259f\u0259si v\u0259 yeni n\u0259z\u0259riyy\u0259\u00e7ilik bax\u0131m\u0131ndan yana\u015fmas\u0131n\u0131 g\u00f6zl\u0259yirdik.\n<\/p>\n<p>\n  Dil\u00e7ilik buca\u011f\u0131ndan m\u0259s\u0259l\u0259y\u0259 yana\u015fd\u0131qda, yaranan h\u0259r bir k\u0259lm\u0259nin \u00fcz\u0259rind\u0259\u00a0 bir n\u00f6v raz\u0131la\u015fma oldu\u011funu g\u00f6r\u00fcr\u00fck. Daha do\u011frusu, A\u011falar b\u0259y Sussuredan \u00f6nc\u0259ki d\u00fc\u00e7\u00fcnc\u0259ni do\u011frultmaq q\u0259sdind\u0259dir. On doqquzuncu yz illiy\u0259 q\u0259d\u0259r dili, \u0259\u015fya v\u0259 anlay\u0131\u015flarla uy\u011fun g\u0259ldiyi \u00fc\u00e7\u00fcn normal san\u0131rd\u0131lar. Y\u0259ni dild\u0259 bunlar\u0131n h\u0259r boyutu \u00fc\u00e7\u00fcn uy\u011fun bir k\u0259lm\u0259nin oldu\u011funu vur\u011fulay\u0131rd\u0131lar. Onlardan q\u0131ra\u011fa \u00e7\u0131xmaq is\u0259 b\u00f6y\u00fck su\u00e7 say\u0131l\u0131rd\u0131. Eyniyl\u0259 A\u011falar\u0131n bu yaz\u0131s\u0131nda y\u00fcr\u00fctd\u00fcy\u00fc d\u00fc\u015f\u00fcnc\u0259 kimi. Sussure is\u0259 bu d\u00fc\u015f\u00fcnc\u0259nin \u0259leyhin\u0259 oldu; v\u0259 dilin i\u00e7ind\u0259 yaranan k\u0259lm\u0259l\u0259ri bir n\u00f6v raz\u0131la\u015fma adland\u0131rd\u0131.\n<\/p>\n<p>\n  Bu raz\u0131la\u015fma ist\u0259nil\u0259n anda pozula bil\u0259r, d\u0259yi\u015fil\u0259 bil\u0259r, g\u0259li\u015fdiril\u0259 bil\u0259rdi. Y\u0259ni onun n\u0259z\u0259rind\u0259 m\u0259s\u0259l\u0259n A\u011falar demi\u015fk\u0259n \u201ctualet\u201d s\u00f6z\u00fc ba\u015fqa dill\u0259rd\u0259 m\u00fcmk\u00fcnd\u00fcr, ba\u015fqa-ba\u015fqa s\u00f6zl\u0259rl\u0259 (el\u0259 bel\u0259dir d\u0259) i\u015far\u0259tl\u0259nirdi. Bu zaman, y\u0259ni raz\u0131la\u015fma \u00a0n\u0259tic\u0259sind\u0259\u00a0 \u201cu\u00e7aq\u201d k\u0259lm\u0259sin\u0259 \u201ctualet\u201d d\u0259 dem\u0259k olard\u0131.\n<\/p>\n<p>\n  Dem\u0259yim budur ki, he\u00e7 dild\u0259, \u00fcmumiyy\u0259tl\u0259 sinonim k\u0259lm\u0259l\u0259r yoxdur. Sinoniml\u0259ri raz\u0131la\u015fma n\u0259tic\u0259sind\u0259 bir-birin\u0259 yax\u0131nla\u015fd\u0131r\u0131r\u0131q. \u00c7ox sad\u0259 bir \u00f6rn\u0259k deyir\u0259m. Siz dostunuzu ev\u0259 d\u0259v\u0259t etdikd\u0259 v\u0259 he\u00e7 \u00e7\u0259tinlik \u00e7\u0259km\u0259d\u0259n ona deyirsiniz ki: \u201cbuyur ev\u0259!\u201d. Indi soru\u015furam \u201cbuyur\u201d s\u00f6z\u00fcn\u00fc \u201ctualet\u0259 buyur\u201d kimi d\u0259 istifad\u0259 etm\u0259k olarm\u0131? Y\u0259ni bunu dostunuz tualet\u0259 ke\u00e7m\u0259k \u00fc\u00e7\u00fcn d\u0259 istifad\u0259 ed\u0259 bil\u0259rmisiniz?\n<\/p>\n<p>\n  G\u00f6r\u00fcnd\u00fcy\u00fc kimi, bir k\u0259lm\u0259 m\u00fcxt\u0259lif m\u0259qamlarda yerl\u0259\u015fdikd\u0259, he\u00e7 zaman bir m\u0259na da\u015f\u0131m\u0131r. Yek\u0259, b\u00f6y\u00fck v\u0259 n\u0259h\u0259ng s\u00f6zl\u0259ri sinonim kimidir. Ancaq c\u00fcml\u0259 qurulu\u015funda sinonim ola bilmirl\u0259r. Boyca b\u00fcy\u00fck olana \u201cyek\u0259, z\u0131rp\u0131\u201d dem\u0259k olur. Ancaq bu adam\u0131 d\u00fchal\u0131, z\u0259kal\u0131 v\u0259 yaxud m\u0259n\u0259vi bir adam olmas\u0131 \u00fc\u00e7\u00fcn \u201c z\u0131rp\u0131d\u0131r\u201d dem\u0259k olmaz.\n<\/p>\n<p>\n  A\u011falar b\u0259yin metodundan istifad\u0259 ed\u0259r\u0259k, bir s\u0131ra s\u00f6zl\u0259ri onun t\u0259r\u0259find\u0259n yanl\u0131\u015f yozuldu\u011funu da g\u00f6r\u00fcr\u00fck. M\u0259s\u0259l\u0259n, \u201cson uc\u201d s\u00f6z\u00fcnd\u0259 bel\u0259 fikir ir\u0259li s\u00fcr\u00fcr ki, bu s\u00f6z \u0259r\u0259bc\u0259d\u0259 \u201cax\u0131r\u201d s\u00f6z\u00fcnd\u0259n yaxa qurtarmaq \u00fc\u00e7\u00fcn yaranm\u0131\u015fd\u0131r. Bel\u0259 deyil. T\u00fcrkiy\u0259d\u0259 (bizd\u0259 d\u0259) \u201cax\u0131r\u201d k\u0259lm\u0259sinin qar\u015f\u0131l\u0131\u011f\u0131 son uc yox, son s\u00f6z\u00fcd\u00fcr. Diqq\u0259tiniz\u0259 yetirm\u0259liy\u0259m ki, \u0259r\u0259bc\u0259d\u0259 \u201cax\u0131r\u201d s\u00f6z\u00fcn\u00fcn m\u0259nas\u0131 \u201cson uc\u201d yox, \u201cba\u015fqa\u201dd\u0131r. Bunu h\u0259m d\u0259, fars qaynaqlar\u0131nda \u201cbe ebaret_i oxra\u201d y\u0259ni bizim dild\u0259 \u201cba\u015fqa s\u00f6zl\u0259 des\u0259k\u201d ibar\u0259tind\u0259 d\u0259 a\u00e7\u0131q-ayd\u0131n g\u00f6r\u00fcr\u00fck.<br \/>\n  <br \/>\n  M\u0259nim bu kimi i\u015fl\u0259rl\u0259 aram yoxdur. Onlar\u0131n k\u00f6k\u00fc n\u0259 olur olsun, indilikd\u0259 onlar\u0131n anlam\u0131 d\u0259yi\u015fil\u0259r\u0259k, ba\u015fqa cihazda istifad\u0259 olunur. M\u0259g\u0259r, t\u0259kc\u0259 bizim dild\u0259 k\u0259lm\u0259l\u0259r k\u00f6k\u00fcnd\u0259 olan m\u0259nan\u0131 d\u0259yi\u015fib? B\u00fct\u00fcn dill\u0259rd\u0259 anlam d\u0259yi\u015fm\u0259 prosesi g\u00f6r\u00fcn\u00fcr.\n<\/p>\n<p>\n  M\u0259nc\u0259 t\u0259nb\u0259llik onlar\u0131 istifad\u0259 etm\u0259kd\u0259 deyil. Bu, s\u0131n\u0131xm\u0131\u015fl\u0131q da deyil. T\u0259nb\u0259llik \u00f6z\u00fcn\u0259 he\u00e7 z\u0259hm\u0259t verm\u0259d\u0259n, ingilis, rus, fars, \u0259r\u0259b v\u0259 b. dill\u0259rd\u0259 istifad\u0259 olunan s\u00f6zl\u0259ri eyni il\u0259 dilimizd\u0259 istifad\u0259 etm\u0259kdir. Do\u011fa, durum, sonuc kimi s\u00f6zl\u0259rin k\u00f6k\u00fc (A\u011falar\u0131n yaz\u0131s\u0131ndan bel\u0259 \u00e7\u0131x\u0131r) bizim ana dilimizd\u0259 d\u0259 vard\u0131r.\n<\/p>\n<p>\n  Do\u011fa (do\u011fmaq), durum (durmaq) \u2026 ancaq i\u015fl\u0259k dair\u0259l\u0259ri f\u0259rq edir. Birinin boyunu g\u00f6st\u0259rm\u0259 \u00fc\u00e7\u00fcn Ka\u015f\u011farid\u0259 bel\u0259dir dey\u0259: durumun 150 SM dir dey\u0259 bilm\u0259rik. T\u0259bii ki, Ka\u015f\u011fari zaman\u0131ndan indiy\u0259d\u0259k s\u00f6zl\u0259r anlam\u0131n\u0131 t\u0259z\u0259l\u0259mi\u015fdir. V\u0259 yaxud, co\u011frafi bax\u0131mdan \u201cq\u0259rb\u201d c\u0259h\u0259tini g\u00f6st\u0259rm\u0259k \u00fc\u00e7\u00fcn \u201cg\u00fcn batan- batar\u0131\u201d dey\u0259 bil\u0259rik. Ancaq q\u0259rb \u00f6lk\u0259l\u0259ri anlay\u0131\u015f\u0131na n\u0259 dey\u0259c\u0259yik. \u201cG\u00fcnbatar \u00f6lk\u0259l\u0259ri\u201d dem\u0259k olarm\u0131?\n<\/p>\n<p>\n  M\u0259nc\u0259, bunlar\u0131n i\u015fl\u0259k yanl\u0131\u015fl\u0131qlar\u0131 onlar\u0131n yanl\u0131\u015f m\u0259na do\u011furmas\u0131ndad\u0131r. Yanl\u0131\u015f v\u0259 yaxud, iki m\u0259nal\u0131q t\u00f6r\u0259d\u0259n s\u00f6zl\u0259ri istifad\u0259 etm\u0259kd\u0259n \u00e7\u0259kinm\u0259liyik. \u00d6rn\u0259k \u00fc\u00e7\u00fcn: \u201c\u00f6z\u00fcm\u00fc tapd\u0131m\u201d yerin\u0259 \u201ck\u0259ndimi tapd\u0131m\u201d ibar\u0259tini istifad\u0259 etdikd\u0259, yanl\u0131\u015fl\u0131q yaranacaq. Ilk bax\u0131\u015fda \u201ck\u0259ndi\u201d s\u00f6z\u00fc co\u011frafi bir yer oldu\u011fu kimi sezil\u0259c\u0259k.\n<\/p>\n<p>\n  Bir sor\u011fu kimi soru\u015fmaq ist\u0259yir\u0259m. A\u011falar b\u0259y f\u0259ls\u0259f\u0259 v\u0259 yeni n\u0259z\u0259riyy\u0259l\u0259r adam\u0131d\u0131r. G\u00f6r\u0259s\u0259n, bu n\u0259z\u0259riyy\u0259l\u0259ri oxuduqda, onlarda i\u015fl\u0259n\u0259n, y\u0259ni anlay\u0131\u015fl\u0131 s\u00f6zl\u0259rin ana dilind\u0259 qar\u015f\u0131l\u0131\u011f\u0131na fikirl\u0259\u015fibmi? H\u0259tta yeni f\u0259ls\u0259f\u0259d\u0259 bir \u00e7ox s\u00f6zl\u0259r ke\u00e7mi\u015f anlam\u0131nda oldu\u011fu kimi i\u015fl\u0259nmir. Bu s\u00f6zl\u0259r\u0259 yeni anlay\u0131\u015flar y\u00fckl\u0259mi\u015fl\u0259r. B\u0259s, bu kimi prosesin qar\u015f\u0131s\u0131nda n\u0259 etm\u0259sini d\u00fc\u015f\u00fcnm\u00fc\u015fl\u0259rmi? Bir s\u00f6zl\u0259, quzeyd\u0259ki t\u0259nb\u0259lliyi davam etm\u0259li, yoxsa T\u00fcrkiy\u0259d\u0259 yaranan s\u00f6zl\u0259rd\u0259n yararlanmal\u0131y\u0131q?!\n<\/p>\n<p>\n  \u018fg\u0259r yeni s\u00f6zl\u0259rin yerin\u0259 yeni bir k\u00f6ks\u00fcz s\u00f6z yarad\u0131r\u0131qsa, bu, \u00f6n\u0259mlidir. \u00c7\u00fcnki, dild\u0259 dediyim kimi, \u201craz\u0131la\u015fma\u201d birinci \u015f\u0259rt kimi \u00f6n\u0259m da\u015f\u0131y\u0131r. Eyni halda T\u00fcrkiy\u0259d\u0259 yaranan s\u00f6zl\u0259rin ham\u0131s\u0131n\u0131n da bizd\u0259 i\u015fl\u0259k dair\u0259sinin f\u0259rqli olmas\u0131na riay\u0259t etm\u0259liyik. \u201cStrukturalizm\u201d\u0259 \u201cyap\u0131salc\u0131l\u0131k\u201d deyilir T\u00fcrkiy\u0259d\u0259. Bizd\u0259 is\u0259 yerli, yara\u015f\u0131ql\u0131 qar\u015f\u0131l\u0131\u011f\u0131 var:\u201dQurulu\u015f\u00e7uluq\u201d.\n<\/p>\n<p>\n  Quzeyd\u0259 rahat yolu onun el\u0259 \u00f6z\u00fcn\u00fc istifad\u0259 etm\u0259kd\u0259 g\u00f6rm\u00fc\u015fl\u0259r. Bunlara riay\u0259t etdikd\u0259, T\u00fcrkiy\u0259d\u0259 i\u015fl\u0259n\u0259n s\u00f6zl\u0259rin hans\u0131 z\u0259r\u0259ri var biz\u0259? Daha do\u011frusu, biz\u0259 hans\u0131 s\u0131nm\u0131\u015fl\u0131q, v\u0259 yaxud qul \u015f\u00fcuru verir: dilimizi yad v\u0259 ba\u015fa d\u00fc\u015f\u00fcn\u00fclm\u0259y\u0259n rus, fars, ingilis, \u0259r\u0259b \u2026 yoxsa \u0259n az\u0131ndan bir qismi t\u00fcrk k\u00f6kl\u00fc olan T\u00fcrkiy\u0259d\u0259 yaranan s\u00f6zl\u0259rmi?\n<\/p>\n<p>\n  <b><\/b><\/p>\n","protected":false},"excerpt":{"rendered":"<p>Dild\u0259 sinonim yoxdur\u2026<\/p>\n","protected":false},"author":11,"featured_media":26387,"comment_status":"closed","ping_status":"open","sticky":false,"template":"","format":"standard","meta":{"_acf_changed":false,"_sitemap_exclude":false,"_sitemap_priority":"","_sitemap_frequency":"","footnotes":""},"categories":[57],"tags":[],"class_list":["post-168325","post","type-post","status-publish","format-standard","has-post-thumbnail","hentry","category-menim-fikrimce","infinite-scroll-item","generate-columns","tablet-grid-50","mobile-grid-100","grid-parent","grid-33","no-featured-image-padding"],"acf":[],"yoast_head":"<!-- This site is optimized with the Yoast SEO plugin v27.5 - https:\/\/yoast.com\/product\/yoast-seo-wordpress\/ -->\n<title>A\u011falar\u0131n hirsli yaz\u0131s\u0131 - MEYDAN.TV<\/title>\n<meta name=\"robots\" content=\"index, follow, max-snippet:-1, max-image-preview:large, max-video-preview:-1\" \/>\n<link rel=\"canonical\" href=\"https:\/\/www.meydan.tv\/az\/article\/agalarin-hirsli-yazisi\/\" \/>\n<meta property=\"og:locale\" content=\"az_AZ\" \/>\n<meta property=\"og:type\" content=\"article\" \/>\n<meta property=\"og:title\" content=\"A\u011falar\u0131n hirsli yaz\u0131s\u0131 - MEYDAN.TV\" \/>\n<meta property=\"og:description\" content=\"Dild\u0259 sinonim yoxdur\u2026\" \/>\n<meta property=\"og:url\" content=\"https:\/\/www.meydan.tv\/az\/article\/agalarin-hirsli-yazisi\/\" \/>\n<meta property=\"og:site_name\" content=\"MEYDAN.TV\" \/>\n<meta property=\"article:published_time\" content=\"2015-06-10T17:13:28+00:00\" \/>\n<meta property=\"og:image\" content=\"https:\/\/www.meydan.tv\/wp-content\/uploads\/9703.jpg\" \/>\n\t<meta property=\"og:image:width\" content=\"400\" \/>\n\t<meta property=\"og:image:height\" content=\"400\" \/>\n\t<meta property=\"og:image:type\" content=\"image\/jpeg\" \/>\n<meta name=\"author\" content=\"user-manager\" \/>\n<meta name=\"twitter:card\" content=\"summary_large_image\" \/>\n<script type=\"application\/ld+json\" class=\"yoast-schema-graph\">{\"@context\":\"https:\\\/\\\/schema.org\",\"@graph\":[{\"@type\":\"Article\",\"@id\":\"https:\\\/\\\/www.meydan.tv\\\/az\\\/article\\\/agalarin-hirsli-yazisi\\\/#article\",\"isPartOf\":{\"@id\":\"https:\\\/\\\/www.meydan.tv\\\/az\\\/article\\\/agalarin-hirsli-yazisi\\\/\"},\"author\":{\"name\":\"user-manager\",\"@id\":\"https:\\\/\\\/www.meydan.tv\\\/az\\\/#\\\/schema\\\/person\\\/10d11eccf6da3662cf5fdab9806ea91a\"},\"headline\":\"A\u011falar\u0131n hirsli yaz\u0131s\u0131\",\"datePublished\":\"2015-06-10T17:13:28+00:00\",\"mainEntityOfPage\":{\"@id\":\"https:\\\/\\\/www.meydan.tv\\\/az\\\/article\\\/agalarin-hirsli-yazisi\\\/\"},\"wordCount\":1547,\"publisher\":{\"@id\":\"https:\\\/\\\/www.meydan.tv\\\/az\\\/#organization\"},\"image\":{\"@id\":\"https:\\\/\\\/www.meydan.tv\\\/az\\\/article\\\/agalarin-hirsli-yazisi\\\/#primaryimage\"},\"thumbnailUrl\":\"https:\\\/\\\/www.meydan.tv\\\/wp-content\\\/uploads\\\/9703.jpg\",\"articleSection\":[\"M\u0259nim Fikrimc\u0259\"],\"inLanguage\":\"az\"},{\"@type\":\"WebPage\",\"@id\":\"https:\\\/\\\/www.meydan.tv\\\/az\\\/article\\\/agalarin-hirsli-yazisi\\\/\",\"url\":\"https:\\\/\\\/www.meydan.tv\\\/az\\\/article\\\/agalarin-hirsli-yazisi\\\/\",\"name\":\"A\u011falar\u0131n hirsli yaz\u0131s\u0131 - MEYDAN.TV\",\"isPartOf\":{\"@id\":\"https:\\\/\\\/www.meydan.tv\\\/az\\\/#website\"},\"primaryImageOfPage\":{\"@id\":\"https:\\\/\\\/www.meydan.tv\\\/az\\\/article\\\/agalarin-hirsli-yazisi\\\/#primaryimage\"},\"image\":{\"@id\":\"https:\\\/\\\/www.meydan.tv\\\/az\\\/article\\\/agalarin-hirsli-yazisi\\\/#primaryimage\"},\"thumbnailUrl\":\"https:\\\/\\\/www.meydan.tv\\\/wp-content\\\/uploads\\\/9703.jpg\",\"datePublished\":\"2015-06-10T17:13:28+00:00\",\"breadcrumb\":{\"@id\":\"https:\\\/\\\/www.meydan.tv\\\/az\\\/article\\\/agalarin-hirsli-yazisi\\\/#breadcrumb\"},\"inLanguage\":\"az\",\"potentialAction\":[{\"@type\":\"ReadAction\",\"target\":[\"https:\\\/\\\/www.meydan.tv\\\/az\\\/article\\\/agalarin-hirsli-yazisi\\\/\"]}]},{\"@type\":\"ImageObject\",\"inLanguage\":\"az\",\"@id\":\"https:\\\/\\\/www.meydan.tv\\\/az\\\/article\\\/agalarin-hirsli-yazisi\\\/#primaryimage\",\"url\":\"https:\\\/\\\/www.meydan.tv\\\/wp-content\\\/uploads\\\/9703.jpg\",\"contentUrl\":\"https:\\\/\\\/www.meydan.tv\\\/wp-content\\\/uploads\\\/9703.jpg\",\"width\":400,\"height\":400,\"caption\":\"Source:\"},{\"@type\":\"BreadcrumbList\",\"@id\":\"https:\\\/\\\/www.meydan.tv\\\/az\\\/article\\\/agalarin-hirsli-yazisi\\\/#breadcrumb\",\"itemListElement\":[{\"@type\":\"ListItem\",\"position\":1,\"name\":\"Ana s\u0259hif\u0259\",\"item\":\"https:\\\/\\\/www.meydan.tv\\\/az\\\/\"},{\"@type\":\"ListItem\",\"position\":2,\"name\":\"M\u0259nim Fikrimc\u0259\",\"item\":\"https:\\\/\\\/www.meydan.tv\\\/az\\\/section\\\/menim-fikrimce\\\/\"},{\"@type\":\"ListItem\",\"position\":3,\"name\":\"A\u011falar\u0131n hirsli yaz\u0131s\u0131\"}]},{\"@type\":\"WebSite\",\"@id\":\"https:\\\/\\\/www.meydan.tv\\\/az\\\/#website\",\"url\":\"https:\\\/\\\/www.meydan.tv\\\/az\\\/\",\"name\":\"MEYDAN.TV\",\"description\":\"Meydan TV Az\u0259rbaycan\u0131n media m\u0259kan\u0131ndak\u0131 alternativ s\u0259sidir\",\"publisher\":{\"@id\":\"https:\\\/\\\/www.meydan.tv\\\/az\\\/#organization\"},\"potentialAction\":[{\"@type\":\"SearchAction\",\"target\":{\"@type\":\"EntryPoint\",\"urlTemplate\":\"https:\\\/\\\/www.meydan.tv\\\/az\\\/?s={search_term_string}\"},\"query-input\":{\"@type\":\"PropertyValueSpecification\",\"valueRequired\":true,\"valueName\":\"search_term_string\"}}],\"inLanguage\":\"az\"},{\"@type\":\"Organization\",\"@id\":\"https:\\\/\\\/www.meydan.tv\\\/az\\\/#organization\",\"name\":\"Meydan TV\",\"url\":\"https:\\\/\\\/www.meydan.tv\\\/az\\\/\",\"logo\":{\"@type\":\"ImageObject\",\"inLanguage\":\"az\",\"@id\":\"https:\\\/\\\/www.meydan.tv\\\/az\\\/#\\\/schema\\\/logo\\\/image\\\/\",\"url\":\"https:\\\/\\\/www.meydan.tv\\\/wp-content\\\/uploads\\\/2021\\\/07\\\/meydan-logo.svg\",\"contentUrl\":\"https:\\\/\\\/www.meydan.tv\\\/wp-content\\\/uploads\\\/2021\\\/07\\\/meydan-logo.svg\",\"width\":195,\"height\":46,\"caption\":\"Meydan TV\"},\"image\":{\"@id\":\"https:\\\/\\\/www.meydan.tv\\\/az\\\/#\\\/schema\\\/logo\\\/image\\\/\"}},{\"@type\":\"Person\",\"@id\":\"https:\\\/\\\/www.meydan.tv\\\/az\\\/#\\\/schema\\\/person\\\/10d11eccf6da3662cf5fdab9806ea91a\",\"name\":\"user-manager\"}]}<\/script>\n<!-- \/ Yoast SEO plugin. -->","yoast_head_json":{"title":"A\u011falar\u0131n hirsli yaz\u0131s\u0131 - MEYDAN.TV","robots":{"index":"index","follow":"follow","max-snippet":"max-snippet:-1","max-image-preview":"max-image-preview:large","max-video-preview":"max-video-preview:-1"},"canonical":"https:\/\/www.meydan.tv\/az\/article\/agalarin-hirsli-yazisi\/","og_locale":"az_AZ","og_type":"article","og_title":"A\u011falar\u0131n hirsli yaz\u0131s\u0131 - MEYDAN.TV","og_description":"Dild\u0259 sinonim yoxdur\u2026","og_url":"https:\/\/www.meydan.tv\/az\/article\/agalarin-hirsli-yazisi\/","og_site_name":"MEYDAN.TV","article_published_time":"2015-06-10T17:13:28+00:00","og_image":[{"width":400,"height":400,"url":"https:\/\/www.meydan.tv\/wp-content\/uploads\/9703.jpg","type":"image\/jpeg"}],"author":"user-manager","twitter_card":"summary_large_image","schema":{"@context":"https:\/\/schema.org","@graph":[{"@type":"Article","@id":"https:\/\/www.meydan.tv\/az\/article\/agalarin-hirsli-yazisi\/#article","isPartOf":{"@id":"https:\/\/www.meydan.tv\/az\/article\/agalarin-hirsli-yazisi\/"},"author":{"name":"user-manager","@id":"https:\/\/www.meydan.tv\/az\/#\/schema\/person\/10d11eccf6da3662cf5fdab9806ea91a"},"headline":"A\u011falar\u0131n hirsli yaz\u0131s\u0131","datePublished":"2015-06-10T17:13:28+00:00","mainEntityOfPage":{"@id":"https:\/\/www.meydan.tv\/az\/article\/agalarin-hirsli-yazisi\/"},"wordCount":1547,"publisher":{"@id":"https:\/\/www.meydan.tv\/az\/#organization"},"image":{"@id":"https:\/\/www.meydan.tv\/az\/article\/agalarin-hirsli-yazisi\/#primaryimage"},"thumbnailUrl":"https:\/\/www.meydan.tv\/wp-content\/uploads\/9703.jpg","articleSection":["M\u0259nim Fikrimc\u0259"],"inLanguage":"az"},{"@type":"WebPage","@id":"https:\/\/www.meydan.tv\/az\/article\/agalarin-hirsli-yazisi\/","url":"https:\/\/www.meydan.tv\/az\/article\/agalarin-hirsli-yazisi\/","name":"A\u011falar\u0131n hirsli yaz\u0131s\u0131 - MEYDAN.TV","isPartOf":{"@id":"https:\/\/www.meydan.tv\/az\/#website"},"primaryImageOfPage":{"@id":"https:\/\/www.meydan.tv\/az\/article\/agalarin-hirsli-yazisi\/#primaryimage"},"image":{"@id":"https:\/\/www.meydan.tv\/az\/article\/agalarin-hirsli-yazisi\/#primaryimage"},"thumbnailUrl":"https:\/\/www.meydan.tv\/wp-content\/uploads\/9703.jpg","datePublished":"2015-06-10T17:13:28+00:00","breadcrumb":{"@id":"https:\/\/www.meydan.tv\/az\/article\/agalarin-hirsli-yazisi\/#breadcrumb"},"inLanguage":"az","potentialAction":[{"@type":"ReadAction","target":["https:\/\/www.meydan.tv\/az\/article\/agalarin-hirsli-yazisi\/"]}]},{"@type":"ImageObject","inLanguage":"az","@id":"https:\/\/www.meydan.tv\/az\/article\/agalarin-hirsli-yazisi\/#primaryimage","url":"https:\/\/www.meydan.tv\/wp-content\/uploads\/9703.jpg","contentUrl":"https:\/\/www.meydan.tv\/wp-content\/uploads\/9703.jpg","width":400,"height":400,"caption":"Source:"},{"@type":"BreadcrumbList","@id":"https:\/\/www.meydan.tv\/az\/article\/agalarin-hirsli-yazisi\/#breadcrumb","itemListElement":[{"@type":"ListItem","position":1,"name":"Ana s\u0259hif\u0259","item":"https:\/\/www.meydan.tv\/az\/"},{"@type":"ListItem","position":2,"name":"M\u0259nim Fikrimc\u0259","item":"https:\/\/www.meydan.tv\/az\/section\/menim-fikrimce\/"},{"@type":"ListItem","position":3,"name":"A\u011falar\u0131n hirsli yaz\u0131s\u0131"}]},{"@type":"WebSite","@id":"https:\/\/www.meydan.tv\/az\/#website","url":"https:\/\/www.meydan.tv\/az\/","name":"MEYDAN.TV","description":"Meydan TV Az\u0259rbaycan\u0131n media m\u0259kan\u0131ndak\u0131 alternativ s\u0259sidir","publisher":{"@id":"https:\/\/www.meydan.tv\/az\/#organization"},"potentialAction":[{"@type":"SearchAction","target":{"@type":"EntryPoint","urlTemplate":"https:\/\/www.meydan.tv\/az\/?s={search_term_string}"},"query-input":{"@type":"PropertyValueSpecification","valueRequired":true,"valueName":"search_term_string"}}],"inLanguage":"az"},{"@type":"Organization","@id":"https:\/\/www.meydan.tv\/az\/#organization","name":"Meydan TV","url":"https:\/\/www.meydan.tv\/az\/","logo":{"@type":"ImageObject","inLanguage":"az","@id":"https:\/\/www.meydan.tv\/az\/#\/schema\/logo\/image\/","url":"https:\/\/www.meydan.tv\/wp-content\/uploads\/2021\/07\/meydan-logo.svg","contentUrl":"https:\/\/www.meydan.tv\/wp-content\/uploads\/2021\/07\/meydan-logo.svg","width":195,"height":46,"caption":"Meydan TV"},"image":{"@id":"https:\/\/www.meydan.tv\/az\/#\/schema\/logo\/image\/"}},{"@type":"Person","@id":"https:\/\/www.meydan.tv\/az\/#\/schema\/person\/10d11eccf6da3662cf5fdab9806ea91a","name":"user-manager"}]}},"_links":{"self":[{"href":"https:\/\/www.meydan.tv\/az\/wp-json\/wp\/v2\/posts\/168325","targetHints":{"allow":["GET"]}}],"collection":[{"href":"https:\/\/www.meydan.tv\/az\/wp-json\/wp\/v2\/posts"}],"about":[{"href":"https:\/\/www.meydan.tv\/az\/wp-json\/wp\/v2\/types\/post"}],"author":[{"embeddable":true,"href":"https:\/\/www.meydan.tv\/az\/wp-json\/wp\/v2\/users\/11"}],"replies":[{"embeddable":true,"href":"https:\/\/www.meydan.tv\/az\/wp-json\/wp\/v2\/comments?post=168325"}],"version-history":[{"count":0,"href":"https:\/\/www.meydan.tv\/az\/wp-json\/wp\/v2\/posts\/168325\/revisions"}],"wp:featuredmedia":[{"embeddable":true,"href":"https:\/\/www.meydan.tv\/az\/wp-json\/wp\/v2\/media\/26387"}],"wp:attachment":[{"href":"https:\/\/www.meydan.tv\/az\/wp-json\/wp\/v2\/media?parent=168325"}],"wp:term":[{"taxonomy":"category","embeddable":true,"href":"https:\/\/www.meydan.tv\/az\/wp-json\/wp\/v2\/categories?post=168325"},{"taxonomy":"post_tag","embeddable":true,"href":"https:\/\/www.meydan.tv\/az\/wp-json\/wp\/v2\/tags?post=168325"}],"curies":[{"name":"wp","href":"https:\/\/api.w.org\/{rel}","templated":true}]}}