{"id":168322,"date":"2015-06-10T16:08:30","date_gmt":"2015-06-10T16:08:30","guid":{"rendered":"https:\/\/www.meydan.tv\/article\/men-cavan-bir-idmanci-olsaydim\/"},"modified":"2015-06-10T16:08:30","modified_gmt":"2015-06-10T16:08:30","slug":"men-cavan-bir-idmanci-olsaydim","status":"publish","type":"post","link":"https:\/\/www.meydan.tv\/az\/article\/men-cavan-bir-idmanci-olsaydim\/","title":{"rendered":"M\u0259n cavan bir idman\u00e7\u0131 olsayd\u0131m\u2026"},"content":{"rendered":"<figure class=\"wp-block-image size-large\">\n  <img decoding=\"async\" src=\"https:\/\/www.meydan.tv\/az\/26378\/\" alt=\"\" class=\"wp-image-26378\"\/><figcaption><\/figcaption><\/figure>\n<figure class=\"wp-block-image size-large\">\n  <img decoding=\"async\" src=\"https:\/\/www.meydan.tv\/az\/26378\/\" alt=\"\" class=\"wp-image-26378\"\/><figcaption><\/figcaption><\/figure>\n<p>\n  <i><br \/>\n    Elmira \u0130smay\u0131lova haz\u0131rda h\u0259bsd\u0259 olan ara\u015fd\u0131rma\u00e7\u0131 jurnalist X\u0259dic\u0259 \u0130smay\u0131lovan\u0131n anas\u0131d\u0131r. \u0130xtisasca mexanikdir. 71 ya\u015f\u0131 var.<br \/>\n  <\/i>\n<\/p>\n<p>\n  A\u015fa\u011f\u0131dak\u0131 s\u0259tirl\u0259r Elmira \u0130smay\u0131lovan\u0131n Avropa Oyunlar\u0131 v\u0259 beyn\u0259lxalq icitmaiyy\u0259tin bu oyunlara m\u00fcnasib\u0259ti bar\u0259d\u0259 Meydan TV \u00fc\u00e7\u00fcn yazd\u0131\u011f\u0131 fikirl\u0259ridir&#8230;<br \/>\n  <br \/>\n  Q\u0131z\u0131m \u0130smay\u0131lova X\u0259dic\u0259, 05.12.2014-ci il tarixind\u0259, \u00f6z\u00fcn\u00fc \u00f6ld\u00fcrm\u0259 h\u0259ddin\u0259 \u00e7atd\u0131rma madd\u0259si il\u0259 h\u0259bs olunub. O, saxlanma \u015f\u0259raitind\u0259n m\u0259n\u0259 he\u00e7 bir naraz\u0131l\u0131q etm\u0259yib. Bu ay Az\u0259rbaycanda Avropa Oyunlar\u0131 ke\u00e7irilir. Siyasi m\u0259hbuslar\u0131n oldu\u011fu \u00f6lk\u0259d\u0259 oyunun ke\u00e7irilm\u0259si, m\u0259nc\u0259, d\u00fczg\u00fcn deyil. M\u0259n bir \u015feyi bilir\u0259m, siyasi m\u0259hbuslar azad olunmal\u0131d\u0131r. B\u00fct\u00fcn beyn\u0259lxalq ictimaiyy\u0259t Az\u0259rbaycanda ba\u015f ver\u0259n hadis\u0259l\u0259rd\u0259n x\u0259b\u0259rdard\u0131r. Hakimiyy\u0259t \u00f6z\u00fcn\u00fc daha g\u00fcl\u00fcnc v\u0259ziyy\u0259t\u0259 salmamal\u0131d\u0131r.\n<\/p>\n<p>\n  Az\u0259rbaycanda ba\u015f ver\u0259n hadis\u0259l\u0259ri he\u00e7 bir Avropa Oyunlar\u0131 il\u0259 \u00f6rt-basd\u0131r etm\u0259k m\u00fcmk\u00fcn deyil. \u018fg\u0259r cavan bir idman\u00e7\u0131 olsam, i\u015fimi yerin\u0259 yetir\u0259r\u0259m, amma insan haqlar\u0131n\u0131n pozulmas\u0131na da bir insan olaraq, etiraz ed\u0259r\u0259m. S\u00f6hb\u0259t \u0259g\u0259r insandan, insan haqlar\u0131ndan v\u0259 m\u0259n\u0259vi d\u0259y\u0259rl\u0259rd\u0259n gedirs\u0259, d\u00fcnya ictimaiyy\u0259ti h\u0259r yerd\u0259 ba\u015f ver\u0259n haqs\u0131zl\u0131qlara qar\u015f\u0131 \u00f6z m\u00f6vqeyini bildirm\u0259lidir. B\u00fct\u00fcn m\u00fcnasib\u0259tl\u0259r bu prinsipl\u0259r \u0259sas\u0131nda qurulmal\u0131d\u0131r.\n<\/p>\n<p>\n  Bizim problem \u00f6lk\u0259nin daxilind\u0259dir. K\u0259nardan b\u0259lk\u0259 yax\u015f\u0131 g\u00f6r\u00fcn\u0259 bil\u0259rik, amma problem bizim\u00a0 i\u00e7imizd\u0259dir. \u00d6lk\u0259 i\u00e7ind\u0259dir. Az\u0259rbaycanda ke\u00e7iril\u0259c\u0259k bu oyunlara g\u0259l\u0259n turistl\u0259r, xarici jurnalistl\u0259r, idman\u00e7\u0131lar burda demokratiyan\u0131n qurulmas\u0131n\u0131 t\u0259min ed\u0259 bilm\u0259zl\u0259r.\u00a0 Hakimiyy\u0259t d\u00fc\u015f\u00fcnc\u0259 t\u0259rzini d\u0259yi\u015fm\u0259yinc\u0259, xalqa xidm\u0259t etm\u0259yinc\u0259 Az\u0259rbaycanda he\u00e7 bir demokratiyadan s\u00f6z ged\u0259 bilm\u0259z.<br \/>\n  <br \/>\n  \u015e\u0259xs\u0259n m\u0259n bu oyunlara baxmayaca\u011fam. M\u0259nim 70-d\u0259n yuxar\u0131 ya\u015f\u0131m var. M\u0259n Azarbaycan\u0131m\u0131n ayd\u0131n fikirli, azad d\u00fc\u015f\u00fcn\u0259n insanlar\u0131n\u0131n azadl\u0131\u011fa \u00e7\u0131xmas\u0131na baxmaq ist\u0259yir\u0259m.\n<\/p>\n<figure class=\"wp-block-image size-large\">\n  <img decoding=\"async\" src=\"https:\/\/www.meydan.tv\/az\/26384\/\" alt=\"\" class=\"wp-image-26384\"\/><figcaption><\/figcaption><\/figure><\/p>\n","protected":false},"excerpt":{"rendered":"<p>Avropa Oyunlar\u0131 il\u0259 \u00f6rt-basd\u0131r etm\u0259k<\/p>\n","protected":false},"author":11,"featured_media":26378,"comment_status":"closed","ping_status":"open","sticky":false,"template":"","format":"standard","meta":{"_acf_changed":false,"_sitemap_exclude":false,"_sitemap_priority":"","_sitemap_frequency":"","footnotes":""},"categories":[57],"tags":[],"class_list":["post-168322","post","type-post","status-publish","format-standard","has-post-thumbnail","hentry","category-menim-fikrimce","infinite-scroll-item","generate-columns","tablet-grid-50","mobile-grid-100","grid-parent","grid-33","no-featured-image-padding"],"acf":[],"yoast_head":"<!-- This site is optimized with the Yoast SEO plugin v27.5 - https:\/\/yoast.com\/product\/yoast-seo-wordpress\/ -->\n<title>M\u0259n cavan bir idman\u00e7\u0131 olsayd\u0131m\u2026 - MEYDAN.TV<\/title>\n<meta name=\"robots\" content=\"index, follow, max-snippet:-1, max-image-preview:large, max-video-preview:-1\" \/>\n<link rel=\"canonical\" href=\"https:\/\/www.meydan.tv\/az\/article\/men-cavan-bir-idmanci-olsaydim\/\" \/>\n<meta property=\"og:locale\" content=\"az_AZ\" \/>\n<meta property=\"og:type\" content=\"article\" \/>\n<meta property=\"og:title\" content=\"M\u0259n cavan bir idman\u00e7\u0131 olsayd\u0131m\u2026 - MEYDAN.TV\" \/>\n<meta property=\"og:description\" content=\"Avropa Oyunlar\u0131 il\u0259 \u00f6rt-basd\u0131r etm\u0259k\" \/>\n<meta property=\"og:url\" content=\"https:\/\/www.meydan.tv\/az\/article\/men-cavan-bir-idmanci-olsaydim\/\" \/>\n<meta property=\"og:site_name\" content=\"MEYDAN.TV\" \/>\n<meta property=\"article:published_time\" content=\"2015-06-10T16:08:30+00:00\" \/>\n<meta property=\"og:image\" content=\"https:\/\/www.meydan.tv\/wp-content\/uploads\/9699.jpg\" \/>\n\t<meta property=\"og:image:width\" content=\"740\" \/>\n\t<meta property=\"og:image:height\" content=\"383\" \/>\n\t<meta property=\"og:image:type\" content=\"image\/jpeg\" \/>\n<meta name=\"author\" content=\"user-manager\" \/>\n<meta name=\"twitter:card\" content=\"summary_large_image\" \/>\n<script type=\"application\/ld+json\" class=\"yoast-schema-graph\">{\"@context\":\"https:\\\/\\\/schema.org\",\"@graph\":[{\"@type\":\"Article\",\"@id\":\"https:\\\/\\\/www.meydan.tv\\\/az\\\/article\\\/men-cavan-bir-idmanci-olsaydim\\\/#article\",\"isPartOf\":{\"@id\":\"https:\\\/\\\/www.meydan.tv\\\/az\\\/article\\\/men-cavan-bir-idmanci-olsaydim\\\/\"},\"author\":{\"name\":\"user-manager\",\"@id\":\"https:\\\/\\\/www.meydan.tv\\\/az\\\/#\\\/schema\\\/person\\\/10d11eccf6da3662cf5fdab9806ea91a\"},\"headline\":\"M\u0259n cavan bir idman\u00e7\u0131 olsayd\u0131m\u2026\",\"datePublished\":\"2015-06-10T16:08:30+00:00\",\"mainEntityOfPage\":{\"@id\":\"https:\\\/\\\/www.meydan.tv\\\/az\\\/article\\\/men-cavan-bir-idmanci-olsaydim\\\/\"},\"wordCount\":391,\"publisher\":{\"@id\":\"https:\\\/\\\/www.meydan.tv\\\/az\\\/#organization\"},\"image\":{\"@id\":\"https:\\\/\\\/www.meydan.tv\\\/az\\\/article\\\/men-cavan-bir-idmanci-olsaydim\\\/#primaryimage\"},\"thumbnailUrl\":\"https:\\\/\\\/www.meydan.tv\\\/wp-content\\\/uploads\\\/9699.jpg\",\"articleSection\":[\"M\u0259nim Fikrimc\u0259\"],\"inLanguage\":\"az\"},{\"@type\":\"WebPage\",\"@id\":\"https:\\\/\\\/www.meydan.tv\\\/az\\\/article\\\/men-cavan-bir-idmanci-olsaydim\\\/\",\"url\":\"https:\\\/\\\/www.meydan.tv\\\/az\\\/article\\\/men-cavan-bir-idmanci-olsaydim\\\/\",\"name\":\"M\u0259n cavan bir idman\u00e7\u0131 olsayd\u0131m\u2026 - MEYDAN.TV\",\"isPartOf\":{\"@id\":\"https:\\\/\\\/www.meydan.tv\\\/az\\\/#website\"},\"primaryImageOfPage\":{\"@id\":\"https:\\\/\\\/www.meydan.tv\\\/az\\\/article\\\/men-cavan-bir-idmanci-olsaydim\\\/#primaryimage\"},\"image\":{\"@id\":\"https:\\\/\\\/www.meydan.tv\\\/az\\\/article\\\/men-cavan-bir-idmanci-olsaydim\\\/#primaryimage\"},\"thumbnailUrl\":\"https:\\\/\\\/www.meydan.tv\\\/wp-content\\\/uploads\\\/9699.jpg\",\"datePublished\":\"2015-06-10T16:08:30+00:00\",\"breadcrumb\":{\"@id\":\"https:\\\/\\\/www.meydan.tv\\\/az\\\/article\\\/men-cavan-bir-idmanci-olsaydim\\\/#breadcrumb\"},\"inLanguage\":\"az\",\"potentialAction\":[{\"@type\":\"ReadAction\",\"target\":[\"https:\\\/\\\/www.meydan.tv\\\/az\\\/article\\\/men-cavan-bir-idmanci-olsaydim\\\/\"]}]},{\"@type\":\"ImageObject\",\"inLanguage\":\"az\",\"@id\":\"https:\\\/\\\/www.meydan.tv\\\/az\\\/article\\\/men-cavan-bir-idmanci-olsaydim\\\/#primaryimage\",\"url\":\"https:\\\/\\\/www.meydan.tv\\\/wp-content\\\/uploads\\\/9699.jpg\",\"contentUrl\":\"https:\\\/\\\/www.meydan.tv\\\/wp-content\\\/uploads\\\/9699.jpg\",\"width\":740,\"height\":383,\"caption\":\"Source:\"},{\"@type\":\"BreadcrumbList\",\"@id\":\"https:\\\/\\\/www.meydan.tv\\\/az\\\/article\\\/men-cavan-bir-idmanci-olsaydim\\\/#breadcrumb\",\"itemListElement\":[{\"@type\":\"ListItem\",\"position\":1,\"name\":\"Ana s\u0259hif\u0259\",\"item\":\"https:\\\/\\\/www.meydan.tv\\\/az\\\/\"},{\"@type\":\"ListItem\",\"position\":2,\"name\":\"M\u0259nim Fikrimc\u0259\",\"item\":\"https:\\\/\\\/www.meydan.tv\\\/az\\\/section\\\/menim-fikrimce\\\/\"},{\"@type\":\"ListItem\",\"position\":3,\"name\":\"M\u0259n cavan bir idman\u00e7\u0131 olsayd\u0131m\u2026\"}]},{\"@type\":\"WebSite\",\"@id\":\"https:\\\/\\\/www.meydan.tv\\\/az\\\/#website\",\"url\":\"https:\\\/\\\/www.meydan.tv\\\/az\\\/\",\"name\":\"MEYDAN.TV\",\"description\":\"Meydan TV Az\u0259rbaycan\u0131n media m\u0259kan\u0131ndak\u0131 alternativ s\u0259sidir\",\"publisher\":{\"@id\":\"https:\\\/\\\/www.meydan.tv\\\/az\\\/#organization\"},\"potentialAction\":[{\"@type\":\"SearchAction\",\"target\":{\"@type\":\"EntryPoint\",\"urlTemplate\":\"https:\\\/\\\/www.meydan.tv\\\/az\\\/?s={search_term_string}\"},\"query-input\":{\"@type\":\"PropertyValueSpecification\",\"valueRequired\":true,\"valueName\":\"search_term_string\"}}],\"inLanguage\":\"az\"},{\"@type\":\"Organization\",\"@id\":\"https:\\\/\\\/www.meydan.tv\\\/az\\\/#organization\",\"name\":\"Meydan TV\",\"url\":\"https:\\\/\\\/www.meydan.tv\\\/az\\\/\",\"logo\":{\"@type\":\"ImageObject\",\"inLanguage\":\"az\",\"@id\":\"https:\\\/\\\/www.meydan.tv\\\/az\\\/#\\\/schema\\\/logo\\\/image\\\/\",\"url\":\"https:\\\/\\\/www.meydan.tv\\\/wp-content\\\/uploads\\\/2021\\\/07\\\/meydan-logo.svg\",\"contentUrl\":\"https:\\\/\\\/www.meydan.tv\\\/wp-content\\\/uploads\\\/2021\\\/07\\\/meydan-logo.svg\",\"width\":195,\"height\":46,\"caption\":\"Meydan TV\"},\"image\":{\"@id\":\"https:\\\/\\\/www.meydan.tv\\\/az\\\/#\\\/schema\\\/logo\\\/image\\\/\"}},{\"@type\":\"Person\",\"@id\":\"https:\\\/\\\/www.meydan.tv\\\/az\\\/#\\\/schema\\\/person\\\/10d11eccf6da3662cf5fdab9806ea91a\",\"name\":\"user-manager\"}]}<\/script>\n<!-- \/ Yoast SEO plugin. -->","yoast_head_json":{"title":"M\u0259n cavan bir idman\u00e7\u0131 olsayd\u0131m\u2026 - MEYDAN.TV","robots":{"index":"index","follow":"follow","max-snippet":"max-snippet:-1","max-image-preview":"max-image-preview:large","max-video-preview":"max-video-preview:-1"},"canonical":"https:\/\/www.meydan.tv\/az\/article\/men-cavan-bir-idmanci-olsaydim\/","og_locale":"az_AZ","og_type":"article","og_title":"M\u0259n cavan bir idman\u00e7\u0131 olsayd\u0131m\u2026 - MEYDAN.TV","og_description":"Avropa Oyunlar\u0131 il\u0259 \u00f6rt-basd\u0131r etm\u0259k","og_url":"https:\/\/www.meydan.tv\/az\/article\/men-cavan-bir-idmanci-olsaydim\/","og_site_name":"MEYDAN.TV","article_published_time":"2015-06-10T16:08:30+00:00","og_image":[{"width":740,"height":383,"url":"https:\/\/www.meydan.tv\/wp-content\/uploads\/9699.jpg","type":"image\/jpeg"}],"author":"user-manager","twitter_card":"summary_large_image","schema":{"@context":"https:\/\/schema.org","@graph":[{"@type":"Article","@id":"https:\/\/www.meydan.tv\/az\/article\/men-cavan-bir-idmanci-olsaydim\/#article","isPartOf":{"@id":"https:\/\/www.meydan.tv\/az\/article\/men-cavan-bir-idmanci-olsaydim\/"},"author":{"name":"user-manager","@id":"https:\/\/www.meydan.tv\/az\/#\/schema\/person\/10d11eccf6da3662cf5fdab9806ea91a"},"headline":"M\u0259n cavan bir idman\u00e7\u0131 olsayd\u0131m\u2026","datePublished":"2015-06-10T16:08:30+00:00","mainEntityOfPage":{"@id":"https:\/\/www.meydan.tv\/az\/article\/men-cavan-bir-idmanci-olsaydim\/"},"wordCount":391,"publisher":{"@id":"https:\/\/www.meydan.tv\/az\/#organization"},"image":{"@id":"https:\/\/www.meydan.tv\/az\/article\/men-cavan-bir-idmanci-olsaydim\/#primaryimage"},"thumbnailUrl":"https:\/\/www.meydan.tv\/wp-content\/uploads\/9699.jpg","articleSection":["M\u0259nim Fikrimc\u0259"],"inLanguage":"az"},{"@type":"WebPage","@id":"https:\/\/www.meydan.tv\/az\/article\/men-cavan-bir-idmanci-olsaydim\/","url":"https:\/\/www.meydan.tv\/az\/article\/men-cavan-bir-idmanci-olsaydim\/","name":"M\u0259n cavan bir idman\u00e7\u0131 olsayd\u0131m\u2026 - MEYDAN.TV","isPartOf":{"@id":"https:\/\/www.meydan.tv\/az\/#website"},"primaryImageOfPage":{"@id":"https:\/\/www.meydan.tv\/az\/article\/men-cavan-bir-idmanci-olsaydim\/#primaryimage"},"image":{"@id":"https:\/\/www.meydan.tv\/az\/article\/men-cavan-bir-idmanci-olsaydim\/#primaryimage"},"thumbnailUrl":"https:\/\/www.meydan.tv\/wp-content\/uploads\/9699.jpg","datePublished":"2015-06-10T16:08:30+00:00","breadcrumb":{"@id":"https:\/\/www.meydan.tv\/az\/article\/men-cavan-bir-idmanci-olsaydim\/#breadcrumb"},"inLanguage":"az","potentialAction":[{"@type":"ReadAction","target":["https:\/\/www.meydan.tv\/az\/article\/men-cavan-bir-idmanci-olsaydim\/"]}]},{"@type":"ImageObject","inLanguage":"az","@id":"https:\/\/www.meydan.tv\/az\/article\/men-cavan-bir-idmanci-olsaydim\/#primaryimage","url":"https:\/\/www.meydan.tv\/wp-content\/uploads\/9699.jpg","contentUrl":"https:\/\/www.meydan.tv\/wp-content\/uploads\/9699.jpg","width":740,"height":383,"caption":"Source:"},{"@type":"BreadcrumbList","@id":"https:\/\/www.meydan.tv\/az\/article\/men-cavan-bir-idmanci-olsaydim\/#breadcrumb","itemListElement":[{"@type":"ListItem","position":1,"name":"Ana s\u0259hif\u0259","item":"https:\/\/www.meydan.tv\/az\/"},{"@type":"ListItem","position":2,"name":"M\u0259nim Fikrimc\u0259","item":"https:\/\/www.meydan.tv\/az\/section\/menim-fikrimce\/"},{"@type":"ListItem","position":3,"name":"M\u0259n cavan bir idman\u00e7\u0131 olsayd\u0131m\u2026"}]},{"@type":"WebSite","@id":"https:\/\/www.meydan.tv\/az\/#website","url":"https:\/\/www.meydan.tv\/az\/","name":"MEYDAN.TV","description":"Meydan TV Az\u0259rbaycan\u0131n media m\u0259kan\u0131ndak\u0131 alternativ s\u0259sidir","publisher":{"@id":"https:\/\/www.meydan.tv\/az\/#organization"},"potentialAction":[{"@type":"SearchAction","target":{"@type":"EntryPoint","urlTemplate":"https:\/\/www.meydan.tv\/az\/?s={search_term_string}"},"query-input":{"@type":"PropertyValueSpecification","valueRequired":true,"valueName":"search_term_string"}}],"inLanguage":"az"},{"@type":"Organization","@id":"https:\/\/www.meydan.tv\/az\/#organization","name":"Meydan TV","url":"https:\/\/www.meydan.tv\/az\/","logo":{"@type":"ImageObject","inLanguage":"az","@id":"https:\/\/www.meydan.tv\/az\/#\/schema\/logo\/image\/","url":"https:\/\/www.meydan.tv\/wp-content\/uploads\/2021\/07\/meydan-logo.svg","contentUrl":"https:\/\/www.meydan.tv\/wp-content\/uploads\/2021\/07\/meydan-logo.svg","width":195,"height":46,"caption":"Meydan TV"},"image":{"@id":"https:\/\/www.meydan.tv\/az\/#\/schema\/logo\/image\/"}},{"@type":"Person","@id":"https:\/\/www.meydan.tv\/az\/#\/schema\/person\/10d11eccf6da3662cf5fdab9806ea91a","name":"user-manager"}]}},"_links":{"self":[{"href":"https:\/\/www.meydan.tv\/az\/wp-json\/wp\/v2\/posts\/168322","targetHints":{"allow":["GET"]}}],"collection":[{"href":"https:\/\/www.meydan.tv\/az\/wp-json\/wp\/v2\/posts"}],"about":[{"href":"https:\/\/www.meydan.tv\/az\/wp-json\/wp\/v2\/types\/post"}],"author":[{"embeddable":true,"href":"https:\/\/www.meydan.tv\/az\/wp-json\/wp\/v2\/users\/11"}],"replies":[{"embeddable":true,"href":"https:\/\/www.meydan.tv\/az\/wp-json\/wp\/v2\/comments?post=168322"}],"version-history":[{"count":0,"href":"https:\/\/www.meydan.tv\/az\/wp-json\/wp\/v2\/posts\/168322\/revisions"}],"wp:featuredmedia":[{"embeddable":true,"href":"https:\/\/www.meydan.tv\/az\/wp-json\/wp\/v2\/media\/26378"}],"wp:attachment":[{"href":"https:\/\/www.meydan.tv\/az\/wp-json\/wp\/v2\/media?parent=168322"}],"wp:term":[{"taxonomy":"category","embeddable":true,"href":"https:\/\/www.meydan.tv\/az\/wp-json\/wp\/v2\/categories?post=168322"},{"taxonomy":"post_tag","embeddable":true,"href":"https:\/\/www.meydan.tv\/az\/wp-json\/wp\/v2\/tags?post=168322"}],"curies":[{"name":"wp","href":"https:\/\/api.w.org\/{rel}","templated":true}]}}