{"id":168291,"date":"2015-06-08T22:22:46","date_gmt":"2015-06-08T22:22:46","guid":{"rendered":"https:\/\/www.meydan.tv\/article\/avropalilara-xos-olsun-deye\/"},"modified":"2015-06-08T22:22:46","modified_gmt":"2015-06-08T22:22:46","slug":"avropalilara-xos-olsun-deye","status":"publish","type":"post","link":"https:\/\/www.meydan.tv\/az\/article\/avropalilara-xos-olsun-deye\/","title":{"rendered":"Avropal\u0131lara xo\u015f olsun dey\u0259\u2026"},"content":{"rendered":"<figure class=\"wp-block-image size-large\">\n  <img decoding=\"async\" src=\"https:\/\/www.meydan.tv\/az\/26234\/\" alt=\"\" class=\"wp-image-26234\"\/><figcaption><\/figcaption><\/figure>\n<figure class=\"wp-block-image size-large\">\n  <img decoding=\"async\" src=\"https:\/\/www.meydan.tv\/az\/26240\/\" alt=\"\" class=\"wp-image-26240\"\/><figcaption><\/figcaption><\/figure>\n<p>\n  Yax\u0131n g\u00fcnl\u0259rd\u0259 Bak\u0131ya Avropa Oyunlar\u0131 il\u0259 \u0259laq\u0259d\u0259r xaricd\u0259n xeyli insan g\u0259l\u0259c\u0259k. Bu oyunlar\u0131n m\u0259hz Az\u0259rbaycanda ke\u00e7irilm\u0259si biz\u0259 n\u0259 q\u0259d\u0259r ziyan vurdu\u011fu, n\u0259 q\u0259d\u0259r ziyan vuraca\u011f\u0131 ki\u00e7ikd\u0259n-b\u00f6y\u00fcy\u0259 h\u0259r k\u0259s\u0259 m\u0259lumdur. \u0130qtidar m\u0259s\u0259l\u0259nin bizim xeyirimiz\u0259 olma\u011f\u0131n\u0131 n\u0259 q\u0259d\u0259r iddia ets\u0259 d\u0259, ortada a\u00e7\u0131q-a\u015fkar xalq\u0131n \u0259ziyy\u0259t \u00e7\u0259kdiyi, a\u00e7\u0131q des\u0259k, oyunlara g\u00f6r\u0259 s\u00fcr\u00fcnm\u0259 h\u0259ddin\u0259 \u00e7atd\u0131\u011f\u0131 g\u00f6z qaba\u011f\u0131ndad\u0131r. X\u0259rcl\u0259n\u0259n pullar, n\u0259 q\u0259d\u0259r g\u0259lir, n\u0259 q\u0259d\u0259r ziyan olaca\u011f\u0131 haqq\u0131nda yazmaq ist\u0259mir\u0259m, iqtisad\u00e7\u0131lar\u0131n i\u015fidir. Erm\u0259nistan\u0131n pulunun \u00f6d\u0259nilm\u0259si haqq\u0131nda da h\u0259r hans\u0131 bir fikir bildirm\u0259k niyy\u0259tind\u0259 deyil\u0259m, onlarla yana\u015f\u0131 \u00f6zg\u0259 d\u00f6vl\u0259tl\u0259rin d\u0259 pulu \u00f6d\u0259nirs\u0259, normald\u0131.\n<\/p>\n<p>\n  Bu g\u00fcnl\u0259rd\u0259 Bak\u0131 metrosuna kondisanerli qatarlar g\u0259lib. \u00dcst\u0259lik, avtobuslar da&#8230; Ham\u0131 kimi m\u0259n d\u0259 sevindim. N\u0259hayy\u0259t, biz d\u0259 normal \u015f\u0259kild\u0259 metrodan, avtobusdan istifad\u0259 ed\u0259 bil\u0259c\u0259yik.\n<\/p>\n<p>\n  \u015e\u0259h\u0259rin m\u0259rk\u0259zind\u0259 k\u00fc\u00e7\u0259 musiqisi v\u0259 k\u00fc\u00e7\u0259d\u0259 r\u0259ssaml\u0131qla m\u0259\u015f\u011ful olmaq xuliqanl\u0131q say\u0131l\u0131rd\u0131sa, indi k\u00fc\u00e7\u0259d\u0259 n\u0259 bir musiqi\u00e7iy\u0259, n\u0259 d\u0259 bir r\u0259ssama g\u00f6z\u00fcn \u00fcst\u0259 qa\u015f\u0131n var dey\u0259 bil\u0259rl\u0259r. \u00d6z n\u00f6vb\u0259sind\u0259 bu da sevindiricidir. N\u0259hayy\u0259t, biz d\u0259 k\u00fc\u00e7\u0259d\u0259 g\u0259z\u0259nd\u0259 istedadl\u0131 insanlar\u0131n g\u00f6rd\u00fcy\u00fc i\u015fl\u0259rd\u0259n \u00fcr\u0259k dolusu z\u00f6vq ala bil\u0259cik.\n<\/p>\n<p>\n  \u015e\u0259h\u0259rin m\u0259rk\u0259zi z\u00f6vqs\u00fcz d\u0259 olsa g\u00f6z\u0259ll\u0259\u015fdirilir. Durmadan abadl\u0131q i\u015fl\u0259ri apar\u0131l\u0131r.\n<\/p>\n<p>\n  Q\u0131sa bir xat\u0131rlatma edim: Binalar\u0131n \u00fczl\u0259nm\u0259sin\u0259 sevinm\u0259yim he\u00e7 d\u0259 \u00e7ox \u00e7\u0259km\u0259di hans\u0131 ki, insanlar\u0131n i\u00e7ind\u0259 diri-diri yanmas\u0131na s\u0259b\u0259b oldu. Bu da bizim sevincimizin h\u0259ddini bilm\u0259yimiz\u0259 g\u00f6st\u0259rici oldu.\n<\/p>\n<p>\n  Ba\u015fqa bir ne\u00e7\u0259 qada\u011falar da qoyulub ki, bu da haradasa normal \u00f6lk\u0259l\u0259rd\u0259 qada\u011fa \u015f\u0259klind\u0259 yox, vaxt\u0131nda v\u0259tanda\u015f\u0131n rahatl\u0131\u011f\u0131 \u00fc\u00e7\u00fcn hesablanm\u0131\u015f q\u0259rarlar olur. Heyf ki, bizd\u0259 gecikib v\u0259 bir m\u00fcdd\u0259tlik olub. Amma diqq\u0259tli olsaq, bu qada\u011falar\u0131n \u00f6z\u00fcnd\u0259 d\u0259 bir m\u0259nas\u0131zl\u0131q g\u00f6r\u0259rik. V\u0259 n\u0259tic\u0259d\u0259 bu m\u0259nas\u0131zl\u0131\u011fa g\u00f6r\u0259, yen\u0259 v\u0259tanda\u015f \u0259ziyy\u0259t \u00e7\u0259kir. M\u0259s\u0259l\u0259n, rayonlara aid olan ma\u015f\u0131nlar Bak\u0131ya burx\u0131lm\u0131r, s\u0259b\u0259b t\u0131xac \u015f\u0259h\u0259rd\u0259 t\u0131xac yaratmas\u0131d\u0131r. Bu da insanlar\u0131n rahatl\u0131\u011f\u0131 \u00fc\u00e7\u00fcn hesablan\u0131b. \u0130nsanlar\u0131n rahatl\u0131\u011f\u0131 \u00fc\u00e7\u00fcn ba\u015fqa \u00e7\u0131x\u0131\u015f yolu yoxdur. Bel\u0259 des\u0259k, \u201cba\u011f\u0131\u015flay\u0131n buna m\u0259cburuq amma sizin \u00fc\u00e7\u00fcn ba\u015fqa xidm\u0259t t\u0259klif edirik\u201d, &#8211; dey\u0259n olmad\u0131. El\u0259c\u0259 d\u0259 oyunlara g\u00f6r\u0259 yollara \u00e7\u0259kilmi\u015f sar\u0131 zolaqlar v\u0259 bu zolaqlar\u0131n \u00fcst\u00fcnd\u0259n ke\u00e7dikd\u0259 k\u0259sil\u0259n c\u0259rim\u0259l\u0259r&#8230; Hans\u0131 ki, n\u0259 yollar bu standartlara cavab verir, n\u0259 d\u0259 s\u00fcr\u00fcc\u00fcl\u0259r. S\u00fcr\u00fcc\u00fcl\u0259rin bir qismi yoldan asl\u0131 olmayaraq onsuz da qayda-qanun bilmir, \u00e7\u00fcnki vaxt\u0131nda r\u00fc\u015fv\u0259t verib s\u00fcr\u00fcc\u00fcl\u00fck v\u0259siq\u0259si al\u0131b. Normal s\u00fcr\u00fcc\u00fcd\u0259n s\u00f6hb\u0259t gedirs\u0259, o zaman ortaya yollar\u0131n normal olmamas\u0131 \u00e7\u0131x\u0131r ki, \u00a0onsuz oyunlara g\u00f6r\u0259, kas\u0131blayan insanlar \u0259lav\u0259 olaraq bir d\u0259 buna g\u00f6r\u0259 c\u0259rim\u0259 \u00f6d\u0259yir. Bundan \u0259lav\u0259 bir ne\u00e7\u0259 d\u0259f\u0259 h\u0259min zola\u011fa g\u00f6r\u0259 yollarda q\u0259zalar\u0131n oldu\u011funun da \u015fahidi olmu\u015fuq.\n<\/p>\n<p>\n  Bax bel\u0259, hakimiyy\u0259t \u00e7al\u0131\u015fd\u0131 ki, g\u0259l\u0259n xarici qonaqlar \u00f6lk\u0259nin normal v\u0259ziyy\u0259td\u0259 oldu\u011funu g\u00f6rs\u00fcn. Amma n\u0259tic\u0259 olaraq v\u0259tanda\u015flar s\u00fcr\u00fcnd\u00fc, \u0259ziyy\u0259t \u00e7\u0259kdi, \u00e7a\u015f-ba\u015f qald\u0131. El\u0259c\u0259 d\u0259 hakimiyy\u0259t tam olaraq ist\u0259diyin\u0259 nail olmad\u0131. 20 ild\u0259n bir q\u0259d\u0259r \u00e7ox m\u00fcdd\u0259td\u0259 edilm\u0259li olan i\u015fl\u0259r bir il \u0259rzind\u0259 edilm\u0259si m\u00fcmk\u00fcn deyil. Birinci, bu qanun-qaydalar, insanlar\u0131n rahatl\u0131\u011f\u0131 \u00fc\u00e7\u00fcn g\u00f6r\u00fcl\u0259n i\u015fl\u0259r \u00f6lk\u0259d\u0259 ya\u015fayan v\u0259tanda\u015flar \u00fc\u00e7\u00fcn hesablanmal\u0131 idi. Universiteti r\u00fc\u015fv\u0259tl\u0259 bitir\u0259n bizim t\u0259l\u0259b\u0259l\u0259rdi, q\u0259bul imtahan\u0131nda 80 faiz \u015fagirdin 200 bal\u0131 ke\u00e7\u0259 bilm\u0259m\u0259si bu \u00f6lk\u0259nin reall\u0131\u011f\u0131d\u0131r, binalara \u00e7\u0259kilmi\u015f \u00fczl\u00fckl\u0259rin hesab\u0131na yan\u0131b k\u00fcl olan insanlar bu \u00f6lk\u0259nin itkisidir, sar\u0131 zolaqlar\u0131n \u00fcst\u00fcnd\u0259n ke\u00e7ib c\u0259rm\u0259l\u0259n\u0259n, rayondan Bak\u0131ya burax\u0131lmayan insanlar bizim insanlard\u0131. Y\u00fczl\u0259rl\u0259 siyasi m\u0259hbusu da\u015f d\u00f6\u015f\u0259m\u0259l\u0259rd\u0259, qaranl\u0131q kameralarda \u00e7\u00fcr\u00fcd\u00fcl\u0259n bizim Avropa Oyunlar\u0131n\u0131n ke\u00e7irildiyi yer. Bir s\u00f6zl\u0259, sevincimiz d\u0259 \u0259ziyy\u0259timiz d\u0259 \u00f6z\u00fcm\u00fcz\u0259 qal\u0131r.\n<\/p>\n<p>\n  H\u0259r atd\u0131\u011f\u0131n\u0131z add\u0131m\u0131 avropal\u0131lara xo\u015f olsun dey\u0259, at\u0131rs\u0131n\u0131z. Sual edir\u0259m: B\u0259s, biz insan deyilik? Biz sevin\u0259 bilm\u0259rik? Biz normal \u00f6lk\u0259d\u0259 ya\u015faya bilm\u0259rik? Niy\u0259 bu i\u015fl\u0259r ill\u0259r \u0259vv\u0259l g\u00f6r\u00fclm\u0259yib, niy\u0259 bu \u00f6lk\u0259nin g\u00f6z\u0259lliyi saxtad\u0131r, niy\u0259 h\u0259l\u0259 d\u0259 qanun yoxdur? Niy\u0259 m\u0259hz xaricd\u0259n g\u0259l\u0259n qonaqlar rahat olsun dey\u0259, biz \u0259ziyy\u0259t \u00e7\u0259km\u0259liyik. Bu suallar h\u0259m v\u0259t\u0259nda\u015flara, h\u0259m d\u0259 hakim q\u00fcvv\u0259l\u0259r\u0259dir.<\/p>\n","protected":false},"excerpt":{"rendered":"<p>Biz insan deyilik?<\/p>\n","protected":false},"author":11,"featured_media":26234,"comment_status":"closed","ping_status":"open","sticky":false,"template":"","format":"standard","meta":{"_acf_changed":false,"_sitemap_exclude":false,"_sitemap_priority":"","_sitemap_frequency":"","footnotes":""},"categories":[57],"tags":[],"class_list":["post-168291","post","type-post","status-publish","format-standard","has-post-thumbnail","hentry","category-menim-fikrimce","infinite-scroll-item","generate-columns","tablet-grid-50","mobile-grid-100","grid-parent","grid-33","no-featured-image-padding"],"acf":[],"yoast_head":"<!-- This site is optimized with the Yoast SEO plugin v27.5 - https:\/\/yoast.com\/product\/yoast-seo-wordpress\/ -->\n<title>Avropal\u0131lara xo\u015f olsun dey\u0259\u2026 - MEYDAN.TV<\/title>\n<meta name=\"robots\" content=\"index, follow, max-snippet:-1, max-image-preview:large, max-video-preview:-1\" \/>\n<link rel=\"canonical\" href=\"https:\/\/www.meydan.tv\/az\/article\/avropalilara-xos-olsun-deye\/\" \/>\n<meta property=\"og:locale\" content=\"az_AZ\" \/>\n<meta property=\"og:type\" content=\"article\" \/>\n<meta property=\"og:title\" content=\"Avropal\u0131lara xo\u015f olsun dey\u0259\u2026 - MEYDAN.TV\" \/>\n<meta property=\"og:description\" content=\"Biz insan deyilik?\" \/>\n<meta property=\"og:url\" content=\"https:\/\/www.meydan.tv\/az\/article\/avropalilara-xos-olsun-deye\/\" \/>\n<meta property=\"og:site_name\" content=\"MEYDAN.TV\" \/>\n<meta property=\"article:published_time\" content=\"2015-06-08T22:22:46+00:00\" \/>\n<meta property=\"og:image\" content=\"https:\/\/www.meydan.tv\/wp-content\/uploads\/9628.jpg\" \/>\n\t<meta property=\"og:image:width\" content=\"500\" \/>\n\t<meta property=\"og:image:height\" content=\"500\" \/>\n\t<meta property=\"og:image:type\" content=\"image\/jpeg\" \/>\n<meta name=\"author\" content=\"user-manager\" \/>\n<meta name=\"twitter:card\" content=\"summary_large_image\" \/>\n<script type=\"application\/ld+json\" class=\"yoast-schema-graph\">{\"@context\":\"https:\\\/\\\/schema.org\",\"@graph\":[{\"@type\":\"Article\",\"@id\":\"https:\\\/\\\/www.meydan.tv\\\/az\\\/article\\\/avropalilara-xos-olsun-deye\\\/#article\",\"isPartOf\":{\"@id\":\"https:\\\/\\\/www.meydan.tv\\\/az\\\/article\\\/avropalilara-xos-olsun-deye\\\/\"},\"author\":{\"name\":\"user-manager\",\"@id\":\"https:\\\/\\\/www.meydan.tv\\\/az\\\/#\\\/schema\\\/person\\\/10d11eccf6da3662cf5fdab9806ea91a\"},\"headline\":\"Avropal\u0131lara xo\u015f olsun dey\u0259\u2026\",\"datePublished\":\"2015-06-08T22:22:46+00:00\",\"mainEntityOfPage\":{\"@id\":\"https:\\\/\\\/www.meydan.tv\\\/az\\\/article\\\/avropalilara-xos-olsun-deye\\\/\"},\"wordCount\":923,\"publisher\":{\"@id\":\"https:\\\/\\\/www.meydan.tv\\\/az\\\/#organization\"},\"image\":{\"@id\":\"https:\\\/\\\/www.meydan.tv\\\/az\\\/article\\\/avropalilara-xos-olsun-deye\\\/#primaryimage\"},\"thumbnailUrl\":\"https:\\\/\\\/www.meydan.tv\\\/wp-content\\\/uploads\\\/9628.jpg\",\"articleSection\":[\"M\u0259nim Fikrimc\u0259\"],\"inLanguage\":\"az\"},{\"@type\":\"WebPage\",\"@id\":\"https:\\\/\\\/www.meydan.tv\\\/az\\\/article\\\/avropalilara-xos-olsun-deye\\\/\",\"url\":\"https:\\\/\\\/www.meydan.tv\\\/az\\\/article\\\/avropalilara-xos-olsun-deye\\\/\",\"name\":\"Avropal\u0131lara xo\u015f olsun dey\u0259\u2026 - MEYDAN.TV\",\"isPartOf\":{\"@id\":\"https:\\\/\\\/www.meydan.tv\\\/az\\\/#website\"},\"primaryImageOfPage\":{\"@id\":\"https:\\\/\\\/www.meydan.tv\\\/az\\\/article\\\/avropalilara-xos-olsun-deye\\\/#primaryimage\"},\"image\":{\"@id\":\"https:\\\/\\\/www.meydan.tv\\\/az\\\/article\\\/avropalilara-xos-olsun-deye\\\/#primaryimage\"},\"thumbnailUrl\":\"https:\\\/\\\/www.meydan.tv\\\/wp-content\\\/uploads\\\/9628.jpg\",\"datePublished\":\"2015-06-08T22:22:46+00:00\",\"breadcrumb\":{\"@id\":\"https:\\\/\\\/www.meydan.tv\\\/az\\\/article\\\/avropalilara-xos-olsun-deye\\\/#breadcrumb\"},\"inLanguage\":\"az\",\"potentialAction\":[{\"@type\":\"ReadAction\",\"target\":[\"https:\\\/\\\/www.meydan.tv\\\/az\\\/article\\\/avropalilara-xos-olsun-deye\\\/\"]}]},{\"@type\":\"ImageObject\",\"inLanguage\":\"az\",\"@id\":\"https:\\\/\\\/www.meydan.tv\\\/az\\\/article\\\/avropalilara-xos-olsun-deye\\\/#primaryimage\",\"url\":\"https:\\\/\\\/www.meydan.tv\\\/wp-content\\\/uploads\\\/9628.jpg\",\"contentUrl\":\"https:\\\/\\\/www.meydan.tv\\\/wp-content\\\/uploads\\\/9628.jpg\",\"width\":500,\"height\":500,\"caption\":\"Source:\"},{\"@type\":\"BreadcrumbList\",\"@id\":\"https:\\\/\\\/www.meydan.tv\\\/az\\\/article\\\/avropalilara-xos-olsun-deye\\\/#breadcrumb\",\"itemListElement\":[{\"@type\":\"ListItem\",\"position\":1,\"name\":\"Ana s\u0259hif\u0259\",\"item\":\"https:\\\/\\\/www.meydan.tv\\\/az\\\/\"},{\"@type\":\"ListItem\",\"position\":2,\"name\":\"M\u0259nim Fikrimc\u0259\",\"item\":\"https:\\\/\\\/www.meydan.tv\\\/az\\\/section\\\/menim-fikrimce\\\/\"},{\"@type\":\"ListItem\",\"position\":3,\"name\":\"Avropal\u0131lara xo\u015f olsun dey\u0259\u2026\"}]},{\"@type\":\"WebSite\",\"@id\":\"https:\\\/\\\/www.meydan.tv\\\/az\\\/#website\",\"url\":\"https:\\\/\\\/www.meydan.tv\\\/az\\\/\",\"name\":\"MEYDAN.TV\",\"description\":\"Meydan TV Az\u0259rbaycan\u0131n media m\u0259kan\u0131ndak\u0131 alternativ s\u0259sidir\",\"publisher\":{\"@id\":\"https:\\\/\\\/www.meydan.tv\\\/az\\\/#organization\"},\"potentialAction\":[{\"@type\":\"SearchAction\",\"target\":{\"@type\":\"EntryPoint\",\"urlTemplate\":\"https:\\\/\\\/www.meydan.tv\\\/az\\\/?s={search_term_string}\"},\"query-input\":{\"@type\":\"PropertyValueSpecification\",\"valueRequired\":true,\"valueName\":\"search_term_string\"}}],\"inLanguage\":\"az\"},{\"@type\":\"Organization\",\"@id\":\"https:\\\/\\\/www.meydan.tv\\\/az\\\/#organization\",\"name\":\"Meydan TV\",\"url\":\"https:\\\/\\\/www.meydan.tv\\\/az\\\/\",\"logo\":{\"@type\":\"ImageObject\",\"inLanguage\":\"az\",\"@id\":\"https:\\\/\\\/www.meydan.tv\\\/az\\\/#\\\/schema\\\/logo\\\/image\\\/\",\"url\":\"https:\\\/\\\/www.meydan.tv\\\/wp-content\\\/uploads\\\/2021\\\/07\\\/meydan-logo.svg\",\"contentUrl\":\"https:\\\/\\\/www.meydan.tv\\\/wp-content\\\/uploads\\\/2021\\\/07\\\/meydan-logo.svg\",\"width\":195,\"height\":46,\"caption\":\"Meydan TV\"},\"image\":{\"@id\":\"https:\\\/\\\/www.meydan.tv\\\/az\\\/#\\\/schema\\\/logo\\\/image\\\/\"}},{\"@type\":\"Person\",\"@id\":\"https:\\\/\\\/www.meydan.tv\\\/az\\\/#\\\/schema\\\/person\\\/10d11eccf6da3662cf5fdab9806ea91a\",\"name\":\"user-manager\"}]}<\/script>\n<!-- \/ Yoast SEO plugin. -->","yoast_head_json":{"title":"Avropal\u0131lara xo\u015f olsun dey\u0259\u2026 - MEYDAN.TV","robots":{"index":"index","follow":"follow","max-snippet":"max-snippet:-1","max-image-preview":"max-image-preview:large","max-video-preview":"max-video-preview:-1"},"canonical":"https:\/\/www.meydan.tv\/az\/article\/avropalilara-xos-olsun-deye\/","og_locale":"az_AZ","og_type":"article","og_title":"Avropal\u0131lara xo\u015f olsun dey\u0259\u2026 - MEYDAN.TV","og_description":"Biz insan deyilik?","og_url":"https:\/\/www.meydan.tv\/az\/article\/avropalilara-xos-olsun-deye\/","og_site_name":"MEYDAN.TV","article_published_time":"2015-06-08T22:22:46+00:00","og_image":[{"width":500,"height":500,"url":"https:\/\/www.meydan.tv\/wp-content\/uploads\/9628.jpg","type":"image\/jpeg"}],"author":"user-manager","twitter_card":"summary_large_image","schema":{"@context":"https:\/\/schema.org","@graph":[{"@type":"Article","@id":"https:\/\/www.meydan.tv\/az\/article\/avropalilara-xos-olsun-deye\/#article","isPartOf":{"@id":"https:\/\/www.meydan.tv\/az\/article\/avropalilara-xos-olsun-deye\/"},"author":{"name":"user-manager","@id":"https:\/\/www.meydan.tv\/az\/#\/schema\/person\/10d11eccf6da3662cf5fdab9806ea91a"},"headline":"Avropal\u0131lara xo\u015f olsun dey\u0259\u2026","datePublished":"2015-06-08T22:22:46+00:00","mainEntityOfPage":{"@id":"https:\/\/www.meydan.tv\/az\/article\/avropalilara-xos-olsun-deye\/"},"wordCount":923,"publisher":{"@id":"https:\/\/www.meydan.tv\/az\/#organization"},"image":{"@id":"https:\/\/www.meydan.tv\/az\/article\/avropalilara-xos-olsun-deye\/#primaryimage"},"thumbnailUrl":"https:\/\/www.meydan.tv\/wp-content\/uploads\/9628.jpg","articleSection":["M\u0259nim Fikrimc\u0259"],"inLanguage":"az"},{"@type":"WebPage","@id":"https:\/\/www.meydan.tv\/az\/article\/avropalilara-xos-olsun-deye\/","url":"https:\/\/www.meydan.tv\/az\/article\/avropalilara-xos-olsun-deye\/","name":"Avropal\u0131lara xo\u015f olsun dey\u0259\u2026 - MEYDAN.TV","isPartOf":{"@id":"https:\/\/www.meydan.tv\/az\/#website"},"primaryImageOfPage":{"@id":"https:\/\/www.meydan.tv\/az\/article\/avropalilara-xos-olsun-deye\/#primaryimage"},"image":{"@id":"https:\/\/www.meydan.tv\/az\/article\/avropalilara-xos-olsun-deye\/#primaryimage"},"thumbnailUrl":"https:\/\/www.meydan.tv\/wp-content\/uploads\/9628.jpg","datePublished":"2015-06-08T22:22:46+00:00","breadcrumb":{"@id":"https:\/\/www.meydan.tv\/az\/article\/avropalilara-xos-olsun-deye\/#breadcrumb"},"inLanguage":"az","potentialAction":[{"@type":"ReadAction","target":["https:\/\/www.meydan.tv\/az\/article\/avropalilara-xos-olsun-deye\/"]}]},{"@type":"ImageObject","inLanguage":"az","@id":"https:\/\/www.meydan.tv\/az\/article\/avropalilara-xos-olsun-deye\/#primaryimage","url":"https:\/\/www.meydan.tv\/wp-content\/uploads\/9628.jpg","contentUrl":"https:\/\/www.meydan.tv\/wp-content\/uploads\/9628.jpg","width":500,"height":500,"caption":"Source:"},{"@type":"BreadcrumbList","@id":"https:\/\/www.meydan.tv\/az\/article\/avropalilara-xos-olsun-deye\/#breadcrumb","itemListElement":[{"@type":"ListItem","position":1,"name":"Ana s\u0259hif\u0259","item":"https:\/\/www.meydan.tv\/az\/"},{"@type":"ListItem","position":2,"name":"M\u0259nim Fikrimc\u0259","item":"https:\/\/www.meydan.tv\/az\/section\/menim-fikrimce\/"},{"@type":"ListItem","position":3,"name":"Avropal\u0131lara xo\u015f olsun dey\u0259\u2026"}]},{"@type":"WebSite","@id":"https:\/\/www.meydan.tv\/az\/#website","url":"https:\/\/www.meydan.tv\/az\/","name":"MEYDAN.TV","description":"Meydan TV Az\u0259rbaycan\u0131n media m\u0259kan\u0131ndak\u0131 alternativ s\u0259sidir","publisher":{"@id":"https:\/\/www.meydan.tv\/az\/#organization"},"potentialAction":[{"@type":"SearchAction","target":{"@type":"EntryPoint","urlTemplate":"https:\/\/www.meydan.tv\/az\/?s={search_term_string}"},"query-input":{"@type":"PropertyValueSpecification","valueRequired":true,"valueName":"search_term_string"}}],"inLanguage":"az"},{"@type":"Organization","@id":"https:\/\/www.meydan.tv\/az\/#organization","name":"Meydan TV","url":"https:\/\/www.meydan.tv\/az\/","logo":{"@type":"ImageObject","inLanguage":"az","@id":"https:\/\/www.meydan.tv\/az\/#\/schema\/logo\/image\/","url":"https:\/\/www.meydan.tv\/wp-content\/uploads\/2021\/07\/meydan-logo.svg","contentUrl":"https:\/\/www.meydan.tv\/wp-content\/uploads\/2021\/07\/meydan-logo.svg","width":195,"height":46,"caption":"Meydan TV"},"image":{"@id":"https:\/\/www.meydan.tv\/az\/#\/schema\/logo\/image\/"}},{"@type":"Person","@id":"https:\/\/www.meydan.tv\/az\/#\/schema\/person\/10d11eccf6da3662cf5fdab9806ea91a","name":"user-manager"}]}},"_links":{"self":[{"href":"https:\/\/www.meydan.tv\/az\/wp-json\/wp\/v2\/posts\/168291","targetHints":{"allow":["GET"]}}],"collection":[{"href":"https:\/\/www.meydan.tv\/az\/wp-json\/wp\/v2\/posts"}],"about":[{"href":"https:\/\/www.meydan.tv\/az\/wp-json\/wp\/v2\/types\/post"}],"author":[{"embeddable":true,"href":"https:\/\/www.meydan.tv\/az\/wp-json\/wp\/v2\/users\/11"}],"replies":[{"embeddable":true,"href":"https:\/\/www.meydan.tv\/az\/wp-json\/wp\/v2\/comments?post=168291"}],"version-history":[{"count":0,"href":"https:\/\/www.meydan.tv\/az\/wp-json\/wp\/v2\/posts\/168291\/revisions"}],"wp:featuredmedia":[{"embeddable":true,"href":"https:\/\/www.meydan.tv\/az\/wp-json\/wp\/v2\/media\/26234"}],"wp:attachment":[{"href":"https:\/\/www.meydan.tv\/az\/wp-json\/wp\/v2\/media?parent=168291"}],"wp:term":[{"taxonomy":"category","embeddable":true,"href":"https:\/\/www.meydan.tv\/az\/wp-json\/wp\/v2\/categories?post=168291"},{"taxonomy":"post_tag","embeddable":true,"href":"https:\/\/www.meydan.tv\/az\/wp-json\/wp\/v2\/tags?post=168291"}],"curies":[{"name":"wp","href":"https:\/\/api.w.org\/{rel}","templated":true}]}}