{"id":168275,"date":"2015-06-08T00:03:16","date_gmt":"2015-06-08T00:03:16","guid":{"rendered":"https:\/\/www.meydan.tv\/article\/cin-admirali-zheng-ve-tehsilimiz\/"},"modified":"2015-06-08T00:03:16","modified_gmt":"2015-06-08T00:03:16","slug":"cin-admirali-zheng-ve-tehsilimiz","status":"publish","type":"post","link":"https:\/\/www.meydan.tv\/az\/article\/cin-admirali-zheng-ve-tehsilimiz\/","title":{"rendered":"\u00c7in admiral\u0131 Zheng v\u0259 t\u0259hsilimiz"},"content":{"rendered":"<figure class=\"wp-block-image size-large\">\n  <img decoding=\"async\" src=\"https:\/\/www.meydan.tv\/az\/24303\/\" alt=\"\" class=\"wp-image-24303\"\/><figcaption><\/figcaption><\/figure>\n<figure class=\"wp-block-image size-large\">\n  <img decoding=\"async\" src=\"https:\/\/www.meydan.tv\/az\/24306\/\" alt=\"\" class=\"wp-image-24306\"\/><figcaption><\/figcaption><\/figure>\n<p>\n  Son zamanlar t\u0259hilimizd\u0259 ba\u015f ver\u0259n d\u0259h\u015f\u0259tli geril\u0259m\u0259l\u0259r, \u015fagirdl\u0259rin g\u00fcn\u00fc-g\u00fcnd\u0259n savads\u0131zla\u015fmas\u0131, savadl\u0131 m\u00fc\u0259lliml\u0259rin say\u0131n\u0131n azalmas\u0131, r\u00fc\u015fv\u0259t v\u0259 korrupsiyan\u0131n tu\u011fyan etm\u0259si, t\u0259hsil sistemin tamamil\u0259 iflic duruma d\u00fc\u015fm\u0259si, \u00f6lk\u0259d\u0259 ba\u015f ver\u0259n prosesl\u0259r\u0259 laqeyd olmayan v\u0259t\u0259nda\u015flar\u0131m\u0131z\u0131\u00a0 ciddi narahat etm\u0259kd\u0259dir. \u00d6lk\u0259nin \u0259sas strateji sah\u0259si olmal\u0131 t\u0259hsil\u0259, h\u00f6k\u00fcm\u0259tin bu \u015f\u0259kild\u0259, bil\u0259r\u0259kd\u0259n (bu ehtimal\u0131n daha do\u011fru oldu\u011funu d\u00fc\u015f\u00fcn\u00fcr\u0259m) v\u0259 ya bilm\u0259y\u0259r\u0259kd\u0259n laqeyd yana\u015fmas\u0131, \u00f6lk\u0259mizin u\u011furlu g\u0259l\u0259c\u0259yin\u0259 a\u011f\u0131r z\u0259rb\u0259 vurur.<br \/>\n  <br \/>\n  T\u0259hsilsiziyin, savads\u0131zl\u0131\u011f\u0131n \u00f6z\u00fc il\u0259 birg\u0259 g\u0259tir\u0259c\u0259yi daha ciddi v\u0259 qorxulu f\u0259sadlar\u0131, hadis\u0259l\u0259r dy\u0259s\u0259n \u00e7ox uzaqda deyil art\u0131q. T\u0259hsild\u0259 geril\u0259m\u0259 sakit v\u0259 hiss olunmadan getdiyi \u00fc\u00e7\u00fcn insanlar bunu g\u00fcnd\u0259lik h\u0259yatlar\u0131nda hiss etmirl\u0259r. Daha d\u0259qiq bu geril\u0259m\u0259nin \u015f\u0259rtl\u0259rin\u0259 \u00f6yr\u0259\u015fdikc\u0259, \u0259vv\u0259lki durumlar\u0131 unudurlar. T\u0259hsilin b\u0259rbad olmas\u0131n\u0131n yan t\u0259sirl\u0259rind\u0259n biri at\u0131q tibb sah\u0259sind\u0259 \u00f6z\u00fcn\u00fc g\u00f6st\u0259rm\u0259kd\u0259dir. Art\u0131q Az\u0259rbaycanda ham\u0131, h\u0259tta h\u0259kiml\u0259rin \u00f6zl\u0259ri bel\u0259, m\u00fcalic\u0259 \u00fc\u00e7\u00fcn ba\u015fqa \u00f6lk\u0259l\u0259r\u0259 \u00fcz tuturlar.<br \/>\n  <br \/>\n  Bir ne\u00e7\u0259 g\u00fcnd\u00fcr insanlar sosial \u015f\u0259b\u0259k\u0259l\u0259rd\u0259 v\u0259 mediada T\u0259l\u0259b\u0259 Q\u0259bulu \u00fczr\u0259 D\u00f6vl\u0259t Komissiyas\u0131n\u0131n \u0259vv\u0259lki ill\u0259rin m\u0259zunu olan abituriyentl\u0259rl\u0259 ba\u011fl\u0131 a\u00e7\u0131qlad\u0131\u011f\u0131 imtahan n\u0259tic\u0259l\u0259ri m\u00fczakir\u0259 edib. S\u0259b\u0259b is\u0259 b\u00fct\u00fcn qruplar \u00fczr\u0259 imtananlara qat\u0131lan 28 mind\u0259n \u00e7ox abuturiyentin 85%-d\u0259n \u00e7oxu 0-200 aral\u0131\u011f\u0131nda bal toplamas\u0131 olub.<br \/>\n  <br \/>\n  Bununla ba\u011fl\u0131 Azadl\u0131q Radiosu insanlar aras\u0131nda internet \u00fcz\u0259rind\u0259n soru\u011fu ke\u00e7irdi. Bu g\u00fcnki n\u0259tic\u0259l\u0259r\u0259 g\u00f6r\u0259,\u00a0 sor\u011fuya qat\u0131lanlar\u0131n 65,7% t\u0259hsild\u0259 geril\u0259m\u0259nin \u0259sas s\u0259b\u0259bi kimi \u201c<br \/>\n  <a href=\"http:\/\/www.azadliq.org\/content\/article\/27053383.html\" target=\"_blank\" rel=\"noopener\"><br \/>\n    <b><br \/>\n      T\u0259hsil sisteminin pis idar\u0259 edilm\u0259si, r\u00fc\u015fv\u0259txorluq<br \/>\n    <\/b><br \/>\n  <\/a><br \/>\n  \u201d fakt\u0131n\u0131 g\u00f6st\u0259ribl\u0259r.<\/p>\n<p>  T\u0259hsil inistitunun sistemli \u015f\u0259kild\u0259 tamamil\u0259 s\u0131radan \u00e7\u0131xar\u0131lmas\u0131n\u0131n hans\u0131 f\u0259sadlar t\u00f6r\u0259d\u0259c\u0259yini t\u0259hsill\u0259 ba\u011fl\u0131 yaz\u0131 \u00fc\u00e7\u00fcn bir az q\u0259rib\u0259 s\u0259sl\u0259n\u0259c\u0259k tarixi m\u00fcqayis\u0259l\u0259r il\u0259 ba\u015flamaq ist\u0259yir\u0259m.\n<\/p>\n<p>\n  Farid Zakaria (Fareed Zakaria) \u201cAmerikadan Sonrak\u0131 D\u00fcnya\u201d \u0259s\u0259rind\u0259 yaz\u0131r:\n<\/p>\n<p>\n  \u201cXristofor Kolumb 1492-ci ild\u0259, o zamanki texnoloji \u015f\u0259rtl\u0259r daxilind\u0259 \u00e7ox c\u0259sar\u0259tli bir add\u0131m ataraq, Hindistan\u0131 tapmaq \u00fc\u00e7\u00fcn Atlantik Okean\u0131nda s\u0259f\u0259r\u0259 \u00e7\u0131xd\u0131\u011f\u0131n\u0131 u\u015faql\u0131-b\u00f6y\u00fckl\u00fc ham\u0131m\u0131z bilirik. Amma bizim \u00e7oxumuzun bilm\u0259diyi ba\u015fqa bir m\u0259lumat odur ki, uzaq \u00c7ind\u0259, \u00e7inli admiral Zenq Hi (Zheng He) Kolumbdan 87 il \u0259vv\u0259l bu tipli s\u0259f\u0259rl\u0259ri art\u0131q ger\u00e7\u0259kl\u0259\u015fdirmi\u015fdi. Zenqin \u00fczd\u00fcy\u00fc g\u0259mi \u00f6z \u00f6l\u00e7\u00fcl\u0259rin\u0259, texniki t\u0259chizat\u0131na g\u00f6r\u0259 Xrsitofor Kolumbun, Vasqodo Qaman\u0131n v\u0259 dig\u0259r ist\u0259nil\u0259n Avropa d\u00f6vl\u0259tinin g\u0259mil\u0259rind\u0259n daha yax\u015f\u0131 durumda idi. M\u0259s\u0259l\u0259n, o ilk s\u0259f\u0259rind\u0259 28 min hey\u0259ti da\u015f\u0131ya bil\u0259n 317 g\u0259mi il\u0259 s\u0259f\u0259r\u0259 \u00e7\u0131x\u0131r. Kolumbu is\u0259 c\u0259mi 4 g\u0259mi v\u0259 150 d\u0259niz\u00e7i il\u0259 s\u0259f\u0259r\u0259 \u00e7\u0131xm\u0131\u015fd\u0131.<br \/>\n  <br \/>\n  Zenqin ekspedisyas\u0131nda i\u015ftirak ed\u0259n \u0259n b\u00f6y\u00fck g\u0259minin h\u0259cmi Kolumbun idar\u0259 etdiyi g\u0259mid\u0259n 4 d\u0259f\u0259 b\u00f6y\u00fck olub. Zenqin ba\u015f\u00e7\u0131l\u0131q etdiyi g\u0259mil\u0259rin ham\u0131s\u0131 h\u0259min d\u00f6vr\u00fcn \u0259n b\u00f6y\u00fck v\u0259 inki\u015faf etmi\u015f portu olan Nanjingd\u0259 istehsal edilirdi. C\u0259mi \u00fc\u00e7 il \u0259rzind\u0259 (1405-1408) bu portda 1,681 g\u0259mi h\u0259m istehsal edilib v\u0259 ya t\u0259mir olunmu\u015fdu. Bu anlamda he\u00e7 bir \u00f6lk\u0259, Avropa qit\u0259sinin \u00f6z\u00fc bel\u0259, \u00c7inl\u0259 m\u00fcqayis\u0259 edil\u0259 bilm\u0259zdi. 1405-1433-c\u00fc ill\u0259r aral\u0131\u011f\u0131nda Zenq Hind Okean\u0131 v\u0259 C\u0259nubi \u015e\u0259rqi Asiya sahil\u0259rin\u0259 s\u0259f\u0259rl\u0259r etmi\u015f, h\u0259rbi h\u00fccumlar ger\u00e7\u0259kl\u0259\u015fdirmi\u015f, q\u0259nim\u0259tl\u0259r \u0259ld\u0259 etmi\u015fdi.\n<\/p>\n<p>\n  Amma Zenqin bu s\u0259f\u0259rl\u0259ri q\u0259fil bir q\u0259rar il\u0259 dayan\u0131r. 1430-cu ild\u0259 hakimiyy\u0259t\u0259 g\u0259l\u0259n yeni imperator g\u0259mi il\u0259 s\u0259f\u0259rl\u0259r\u0259 \u00e7\u0131xma\u011f\u0131 qada\u011fa edir. \u0130nsanlar bu \u0259mrd\u0259n yay\u0131n\u0131b, s\u0259f\u0259rl\u0259ri ger\u00e7k\u0259l\u0259\u015fdirdiyi \u00fc\u00e7\u00fcn 1500-c\u00fc ild\u0259 m\u0259hk\u0259m\u0259 q\u0259rar verir ki, g\u0259mi d\u00fcz\u0259ld\u0259n h\u0259r bir k\u0259s edam olunacaq. 1525-ci ild\u0259 d\u0259nizk\u0259nar\u0131 n\u0259zar\u0259t\u00e7il\u0259r\u0259 \u0259mr g\u0259lir ki, g\u0259mi g\u00f6rd\u00fckd\u0259 onu m\u0259hv etsinl\u0259r v\u0259 onlar\u0131n sahibl\u0259rini zindanlara ats\u0131nlar. 1551-ci ild\u0259 g\u0259mi il\u0259 ist\u0259nil\u0259n s\u0259f\u0259r cinay\u0259t say\u0131l\u0131r. B\u00fct\u00fcn bu g\u00f6r\u00fcl\u0259n t\u0259dbirl\u0259r arzuolunan n\u0259tic\u0259y\u0259 g\u0259tirib \u00e7\u0131xard\u0131r. \u00c7inin g\u0259miqay\u0131rma s\u0259nayesi tamamil\u0259 \u00e7\u00f6k\u00fcr. Zenqin ax\u0131r\u0131nc\u0131 s\u0259f\u0259rind\u0259n\u00a0 sonra Q\u0259rb\u0259 m\u0259xsus minl\u0259rl\u0259 g\u0259mi Hindistan v\u0259 \u00c7inin sahill\u0259rin\u0259 yan ald\u0131, amma \u00c7inin \u00f6z\u00fc, haz\u0131rlad\u0131\u011f\u0131 g\u0259mi il\u0259 yaln\u0131z 1851-ci ild\u0259 Londona s\u0259f\u0259r ed\u0259 bildi\u201d.\n<\/p>\n<p>\n  \u0130mperatorun bu q\u0259rar\u0131, h\u0259min d\u00f6vr tarixi konketsind\u0259 m\u00fcxt\u0259lif s\u0259b\u0259bl\u0259rl\u0259 ba\u011fl\u0131 \u0259sasland\u0131r\u0131lsa da, onun n\u0259tic\u0259l\u0259ri g\u0259l\u0259c\u0259k \u00c7in \u00fc\u00e7\u00fcn \u00e7ox a\u011f\u0131r oldu.<br \/>\n  <br \/>\n  Bu misal onu g\u00f6st\u0259rir ki, sistemli \u015f\u0259kild\u0259 m\u0259hv edil\u0259n bir \u0259n\u0259n\u0259, institutun b\u0259rpas\u0131 \u00e7ox \u00e7\u0259tin v\u0259 a\u011fr\u0131l\u0131 bir proses olur. Haz\u0131rki t\u0259hsilimizin d\u00fc\u015f\u00fcr\u00fcld\u00fcy\u00fc b\u0259rbad durumdan \u00e7\u0131xmas\u0131 \u00fc\u00e7\u00fcn \u00e7ox uzun ill\u0259r laz\u0131m olacaq. H\u0259r il ke\u00e7dikc\u0259 m\u0259kt\u0259bl\u0259r v\u0259 universitetl\u0259r m\u00fcasir d\u00f6vr\u00fcn t\u0259l\u0259bl\u0259rin\u0259 q\u0259tiyy\u0259n cavab verm\u0259y\u0259n onminl\u0259l\u0259r\u0259 m\u0259zun burax\u0131rlar. Amerikansaya\u011f\u0131 f\u0259rdi u\u011fura imza atm\u0131\u015f insanlar\u0131n u\u011fur hekay\u0259l\u0259ri bizl\u0259ri \u00e7a\u015fd\u0131rmamal\u0131d\u0131r. C\u0259miyy\u0259tin \u00f6z\u00fc k\u00fctl\u0259vi formada savads\u0131zl\u0131\u011fa yuvarlan\u0131rsa, onun g\u0259tir\u0259c\u0259yi f\u0259lak\u0259tin qar\u015f\u0131s\u0131n\u0131 he\u00e7 bir f\u0259rd ala bilm\u0259y\u0259c\u0259k. H\u0259y\u0259can t\u0259bili \u00e7oxdan \u00e7al\u0131n\u0131b, amma biz bu t\u0259bil\u0259 d\u0259 \u00f6yr\u0259\u015fmi\u015fik.\n<\/p>\n<p>\n  N\u0259 edilm\u0259lidir sual\u0131n\u0131 verm\u0259yin. Birinci, problemin \u00f6z\u00fc d\u0259rinin\u0259 d\u0259rk edilm\u0259lidir ki, daha sonra ona uy\u011fun \u0259laclar fikirl\u0259\u015f\u0259 bil\u0259k. \u018fg\u0259r problemi tam anlam\u0131 il\u0259 qavrasayd\u0131q, \u00e7oxdan h\u0259r\u0259k\u0259t\u0259 ke\u00e7mi\u015fdik. Dem\u0259k ki, problemin n\u0259(l\u0259r) oldu\u011funu h\u0259l\u0259 tam anlam\u0131r\u0131q.\n<\/p>\n<p>\n  <b><br \/>\n    Yaz\u0131dak\u0131 fikirl\u0259r m\u00fc\u0259llif\u0259 m\u0259xsusdur v\u0259 onlara g\u00f6r\u0259 Meydan TV m\u0259suliyy\u0259t da\u015f\u0131m\u0131r.<br \/>\n  <\/b><\/p>\n","protected":false},"excerpt":{"rendered":"<p>U\u011fur hekay\u0259l\u0259ri bizl\u0259ri \u00e7a\u015fd\u0131rmamal\u0131d\u0131r.<\/p>\n","protected":false},"author":11,"featured_media":24303,"comment_status":"closed","ping_status":"open","sticky":false,"template":"","format":"standard","meta":{"_acf_changed":false,"_sitemap_exclude":false,"_sitemap_priority":"","_sitemap_frequency":"","footnotes":""},"categories":[57],"tags":[],"class_list":["post-168275","post","type-post","status-publish","format-standard","has-post-thumbnail","hentry","category-menim-fikrimce","infinite-scroll-item","generate-columns","tablet-grid-50","mobile-grid-100","grid-parent","grid-33","no-featured-image-padding"],"acf":[],"yoast_head":"<!-- This site is optimized with the Yoast SEO plugin v27.5 - https:\/\/yoast.com\/product\/yoast-seo-wordpress\/ -->\n<title>\u00c7in admiral\u0131 Zheng v\u0259 t\u0259hsilimiz - MEYDAN.TV<\/title>\n<meta name=\"robots\" content=\"index, follow, max-snippet:-1, max-image-preview:large, max-video-preview:-1\" \/>\n<link rel=\"canonical\" href=\"https:\/\/www.meydan.tv\/az\/article\/cin-admirali-zheng-ve-tehsilimiz\/\" \/>\n<meta property=\"og:locale\" content=\"az_AZ\" \/>\n<meta property=\"og:type\" content=\"article\" \/>\n<meta property=\"og:title\" content=\"\u00c7in admiral\u0131 Zheng v\u0259 t\u0259hsilimiz - MEYDAN.TV\" \/>\n<meta property=\"og:description\" content=\"U\u011fur hekay\u0259l\u0259ri bizl\u0259ri \u00e7a\u015fd\u0131rmamal\u0131d\u0131r.\" \/>\n<meta property=\"og:url\" content=\"https:\/\/www.meydan.tv\/az\/article\/cin-admirali-zheng-ve-tehsilimiz\/\" \/>\n<meta property=\"og:site_name\" content=\"MEYDAN.TV\" \/>\n<meta property=\"article:published_time\" content=\"2015-06-08T00:03:16+00:00\" \/>\n<meta property=\"og:image\" content=\"https:\/\/www.meydan.tv\/wp-content\/uploads\/8849.jpg\" \/>\n\t<meta property=\"og:image:width\" content=\"500\" \/>\n\t<meta property=\"og:image:height\" content=\"500\" \/>\n\t<meta property=\"og:image:type\" content=\"image\/jpeg\" \/>\n<meta name=\"author\" content=\"user-manager\" \/>\n<meta name=\"twitter:card\" content=\"summary_large_image\" \/>\n<script type=\"application\/ld+json\" class=\"yoast-schema-graph\">{\"@context\":\"https:\\\/\\\/schema.org\",\"@graph\":[{\"@type\":\"Article\",\"@id\":\"https:\\\/\\\/www.meydan.tv\\\/az\\\/article\\\/cin-admirali-zheng-ve-tehsilimiz\\\/#article\",\"isPartOf\":{\"@id\":\"https:\\\/\\\/www.meydan.tv\\\/az\\\/article\\\/cin-admirali-zheng-ve-tehsilimiz\\\/\"},\"author\":{\"name\":\"user-manager\",\"@id\":\"https:\\\/\\\/www.meydan.tv\\\/az\\\/#\\\/schema\\\/person\\\/10d11eccf6da3662cf5fdab9806ea91a\"},\"headline\":\"\u00c7in admiral\u0131 Zheng v\u0259 t\u0259hsilimiz\",\"datePublished\":\"2015-06-08T00:03:16+00:00\",\"mainEntityOfPage\":{\"@id\":\"https:\\\/\\\/www.meydan.tv\\\/az\\\/article\\\/cin-admirali-zheng-ve-tehsilimiz\\\/\"},\"wordCount\":1168,\"publisher\":{\"@id\":\"https:\\\/\\\/www.meydan.tv\\\/az\\\/#organization\"},\"image\":{\"@id\":\"https:\\\/\\\/www.meydan.tv\\\/az\\\/article\\\/cin-admirali-zheng-ve-tehsilimiz\\\/#primaryimage\"},\"thumbnailUrl\":\"https:\\\/\\\/www.meydan.tv\\\/wp-content\\\/uploads\\\/8849.jpg\",\"articleSection\":[\"M\u0259nim Fikrimc\u0259\"],\"inLanguage\":\"az\"},{\"@type\":\"WebPage\",\"@id\":\"https:\\\/\\\/www.meydan.tv\\\/az\\\/article\\\/cin-admirali-zheng-ve-tehsilimiz\\\/\",\"url\":\"https:\\\/\\\/www.meydan.tv\\\/az\\\/article\\\/cin-admirali-zheng-ve-tehsilimiz\\\/\",\"name\":\"\u00c7in admiral\u0131 Zheng v\u0259 t\u0259hsilimiz - MEYDAN.TV\",\"isPartOf\":{\"@id\":\"https:\\\/\\\/www.meydan.tv\\\/az\\\/#website\"},\"primaryImageOfPage\":{\"@id\":\"https:\\\/\\\/www.meydan.tv\\\/az\\\/article\\\/cin-admirali-zheng-ve-tehsilimiz\\\/#primaryimage\"},\"image\":{\"@id\":\"https:\\\/\\\/www.meydan.tv\\\/az\\\/article\\\/cin-admirali-zheng-ve-tehsilimiz\\\/#primaryimage\"},\"thumbnailUrl\":\"https:\\\/\\\/www.meydan.tv\\\/wp-content\\\/uploads\\\/8849.jpg\",\"datePublished\":\"2015-06-08T00:03:16+00:00\",\"breadcrumb\":{\"@id\":\"https:\\\/\\\/www.meydan.tv\\\/az\\\/article\\\/cin-admirali-zheng-ve-tehsilimiz\\\/#breadcrumb\"},\"inLanguage\":\"az\",\"potentialAction\":[{\"@type\":\"ReadAction\",\"target\":[\"https:\\\/\\\/www.meydan.tv\\\/az\\\/article\\\/cin-admirali-zheng-ve-tehsilimiz\\\/\"]}]},{\"@type\":\"ImageObject\",\"inLanguage\":\"az\",\"@id\":\"https:\\\/\\\/www.meydan.tv\\\/az\\\/article\\\/cin-admirali-zheng-ve-tehsilimiz\\\/#primaryimage\",\"url\":\"https:\\\/\\\/www.meydan.tv\\\/wp-content\\\/uploads\\\/8849.jpg\",\"contentUrl\":\"https:\\\/\\\/www.meydan.tv\\\/wp-content\\\/uploads\\\/8849.jpg\",\"width\":500,\"height\":500,\"caption\":\"Source:\"},{\"@type\":\"BreadcrumbList\",\"@id\":\"https:\\\/\\\/www.meydan.tv\\\/az\\\/article\\\/cin-admirali-zheng-ve-tehsilimiz\\\/#breadcrumb\",\"itemListElement\":[{\"@type\":\"ListItem\",\"position\":1,\"name\":\"Ana s\u0259hif\u0259\",\"item\":\"https:\\\/\\\/www.meydan.tv\\\/az\\\/\"},{\"@type\":\"ListItem\",\"position\":2,\"name\":\"M\u0259nim Fikrimc\u0259\",\"item\":\"https:\\\/\\\/www.meydan.tv\\\/az\\\/section\\\/menim-fikrimce\\\/\"},{\"@type\":\"ListItem\",\"position\":3,\"name\":\"\u00c7in admiral\u0131 Zheng v\u0259 t\u0259hsilimiz\"}]},{\"@type\":\"WebSite\",\"@id\":\"https:\\\/\\\/www.meydan.tv\\\/az\\\/#website\",\"url\":\"https:\\\/\\\/www.meydan.tv\\\/az\\\/\",\"name\":\"MEYDAN.TV\",\"description\":\"Meydan TV Az\u0259rbaycan\u0131n media m\u0259kan\u0131ndak\u0131 alternativ s\u0259sidir\",\"publisher\":{\"@id\":\"https:\\\/\\\/www.meydan.tv\\\/az\\\/#organization\"},\"potentialAction\":[{\"@type\":\"SearchAction\",\"target\":{\"@type\":\"EntryPoint\",\"urlTemplate\":\"https:\\\/\\\/www.meydan.tv\\\/az\\\/?s={search_term_string}\"},\"query-input\":{\"@type\":\"PropertyValueSpecification\",\"valueRequired\":true,\"valueName\":\"search_term_string\"}}],\"inLanguage\":\"az\"},{\"@type\":\"Organization\",\"@id\":\"https:\\\/\\\/www.meydan.tv\\\/az\\\/#organization\",\"name\":\"Meydan TV\",\"url\":\"https:\\\/\\\/www.meydan.tv\\\/az\\\/\",\"logo\":{\"@type\":\"ImageObject\",\"inLanguage\":\"az\",\"@id\":\"https:\\\/\\\/www.meydan.tv\\\/az\\\/#\\\/schema\\\/logo\\\/image\\\/\",\"url\":\"https:\\\/\\\/www.meydan.tv\\\/wp-content\\\/uploads\\\/2021\\\/07\\\/meydan-logo.svg\",\"contentUrl\":\"https:\\\/\\\/www.meydan.tv\\\/wp-content\\\/uploads\\\/2021\\\/07\\\/meydan-logo.svg\",\"width\":195,\"height\":46,\"caption\":\"Meydan TV\"},\"image\":{\"@id\":\"https:\\\/\\\/www.meydan.tv\\\/az\\\/#\\\/schema\\\/logo\\\/image\\\/\"}},{\"@type\":\"Person\",\"@id\":\"https:\\\/\\\/www.meydan.tv\\\/az\\\/#\\\/schema\\\/person\\\/10d11eccf6da3662cf5fdab9806ea91a\",\"name\":\"user-manager\"}]}<\/script>\n<!-- \/ Yoast SEO plugin. -->","yoast_head_json":{"title":"\u00c7in admiral\u0131 Zheng v\u0259 t\u0259hsilimiz - MEYDAN.TV","robots":{"index":"index","follow":"follow","max-snippet":"max-snippet:-1","max-image-preview":"max-image-preview:large","max-video-preview":"max-video-preview:-1"},"canonical":"https:\/\/www.meydan.tv\/az\/article\/cin-admirali-zheng-ve-tehsilimiz\/","og_locale":"az_AZ","og_type":"article","og_title":"\u00c7in admiral\u0131 Zheng v\u0259 t\u0259hsilimiz - MEYDAN.TV","og_description":"U\u011fur hekay\u0259l\u0259ri bizl\u0259ri \u00e7a\u015fd\u0131rmamal\u0131d\u0131r.","og_url":"https:\/\/www.meydan.tv\/az\/article\/cin-admirali-zheng-ve-tehsilimiz\/","og_site_name":"MEYDAN.TV","article_published_time":"2015-06-08T00:03:16+00:00","og_image":[{"width":500,"height":500,"url":"https:\/\/www.meydan.tv\/wp-content\/uploads\/8849.jpg","type":"image\/jpeg"}],"author":"user-manager","twitter_card":"summary_large_image","schema":{"@context":"https:\/\/schema.org","@graph":[{"@type":"Article","@id":"https:\/\/www.meydan.tv\/az\/article\/cin-admirali-zheng-ve-tehsilimiz\/#article","isPartOf":{"@id":"https:\/\/www.meydan.tv\/az\/article\/cin-admirali-zheng-ve-tehsilimiz\/"},"author":{"name":"user-manager","@id":"https:\/\/www.meydan.tv\/az\/#\/schema\/person\/10d11eccf6da3662cf5fdab9806ea91a"},"headline":"\u00c7in admiral\u0131 Zheng v\u0259 t\u0259hsilimiz","datePublished":"2015-06-08T00:03:16+00:00","mainEntityOfPage":{"@id":"https:\/\/www.meydan.tv\/az\/article\/cin-admirali-zheng-ve-tehsilimiz\/"},"wordCount":1168,"publisher":{"@id":"https:\/\/www.meydan.tv\/az\/#organization"},"image":{"@id":"https:\/\/www.meydan.tv\/az\/article\/cin-admirali-zheng-ve-tehsilimiz\/#primaryimage"},"thumbnailUrl":"https:\/\/www.meydan.tv\/wp-content\/uploads\/8849.jpg","articleSection":["M\u0259nim Fikrimc\u0259"],"inLanguage":"az"},{"@type":"WebPage","@id":"https:\/\/www.meydan.tv\/az\/article\/cin-admirali-zheng-ve-tehsilimiz\/","url":"https:\/\/www.meydan.tv\/az\/article\/cin-admirali-zheng-ve-tehsilimiz\/","name":"\u00c7in admiral\u0131 Zheng v\u0259 t\u0259hsilimiz - MEYDAN.TV","isPartOf":{"@id":"https:\/\/www.meydan.tv\/az\/#website"},"primaryImageOfPage":{"@id":"https:\/\/www.meydan.tv\/az\/article\/cin-admirali-zheng-ve-tehsilimiz\/#primaryimage"},"image":{"@id":"https:\/\/www.meydan.tv\/az\/article\/cin-admirali-zheng-ve-tehsilimiz\/#primaryimage"},"thumbnailUrl":"https:\/\/www.meydan.tv\/wp-content\/uploads\/8849.jpg","datePublished":"2015-06-08T00:03:16+00:00","breadcrumb":{"@id":"https:\/\/www.meydan.tv\/az\/article\/cin-admirali-zheng-ve-tehsilimiz\/#breadcrumb"},"inLanguage":"az","potentialAction":[{"@type":"ReadAction","target":["https:\/\/www.meydan.tv\/az\/article\/cin-admirali-zheng-ve-tehsilimiz\/"]}]},{"@type":"ImageObject","inLanguage":"az","@id":"https:\/\/www.meydan.tv\/az\/article\/cin-admirali-zheng-ve-tehsilimiz\/#primaryimage","url":"https:\/\/www.meydan.tv\/wp-content\/uploads\/8849.jpg","contentUrl":"https:\/\/www.meydan.tv\/wp-content\/uploads\/8849.jpg","width":500,"height":500,"caption":"Source:"},{"@type":"BreadcrumbList","@id":"https:\/\/www.meydan.tv\/az\/article\/cin-admirali-zheng-ve-tehsilimiz\/#breadcrumb","itemListElement":[{"@type":"ListItem","position":1,"name":"Ana s\u0259hif\u0259","item":"https:\/\/www.meydan.tv\/az\/"},{"@type":"ListItem","position":2,"name":"M\u0259nim Fikrimc\u0259","item":"https:\/\/www.meydan.tv\/az\/section\/menim-fikrimce\/"},{"@type":"ListItem","position":3,"name":"\u00c7in admiral\u0131 Zheng v\u0259 t\u0259hsilimiz"}]},{"@type":"WebSite","@id":"https:\/\/www.meydan.tv\/az\/#website","url":"https:\/\/www.meydan.tv\/az\/","name":"MEYDAN.TV","description":"Meydan TV Az\u0259rbaycan\u0131n media m\u0259kan\u0131ndak\u0131 alternativ s\u0259sidir","publisher":{"@id":"https:\/\/www.meydan.tv\/az\/#organization"},"potentialAction":[{"@type":"SearchAction","target":{"@type":"EntryPoint","urlTemplate":"https:\/\/www.meydan.tv\/az\/?s={search_term_string}"},"query-input":{"@type":"PropertyValueSpecification","valueRequired":true,"valueName":"search_term_string"}}],"inLanguage":"az"},{"@type":"Organization","@id":"https:\/\/www.meydan.tv\/az\/#organization","name":"Meydan TV","url":"https:\/\/www.meydan.tv\/az\/","logo":{"@type":"ImageObject","inLanguage":"az","@id":"https:\/\/www.meydan.tv\/az\/#\/schema\/logo\/image\/","url":"https:\/\/www.meydan.tv\/wp-content\/uploads\/2021\/07\/meydan-logo.svg","contentUrl":"https:\/\/www.meydan.tv\/wp-content\/uploads\/2021\/07\/meydan-logo.svg","width":195,"height":46,"caption":"Meydan TV"},"image":{"@id":"https:\/\/www.meydan.tv\/az\/#\/schema\/logo\/image\/"}},{"@type":"Person","@id":"https:\/\/www.meydan.tv\/az\/#\/schema\/person\/10d11eccf6da3662cf5fdab9806ea91a","name":"user-manager"}]}},"_links":{"self":[{"href":"https:\/\/www.meydan.tv\/az\/wp-json\/wp\/v2\/posts\/168275","targetHints":{"allow":["GET"]}}],"collection":[{"href":"https:\/\/www.meydan.tv\/az\/wp-json\/wp\/v2\/posts"}],"about":[{"href":"https:\/\/www.meydan.tv\/az\/wp-json\/wp\/v2\/types\/post"}],"author":[{"embeddable":true,"href":"https:\/\/www.meydan.tv\/az\/wp-json\/wp\/v2\/users\/11"}],"replies":[{"embeddable":true,"href":"https:\/\/www.meydan.tv\/az\/wp-json\/wp\/v2\/comments?post=168275"}],"version-history":[{"count":0,"href":"https:\/\/www.meydan.tv\/az\/wp-json\/wp\/v2\/posts\/168275\/revisions"}],"wp:featuredmedia":[{"embeddable":true,"href":"https:\/\/www.meydan.tv\/az\/wp-json\/wp\/v2\/media\/24303"}],"wp:attachment":[{"href":"https:\/\/www.meydan.tv\/az\/wp-json\/wp\/v2\/media?parent=168275"}],"wp:term":[{"taxonomy":"category","embeddable":true,"href":"https:\/\/www.meydan.tv\/az\/wp-json\/wp\/v2\/categories?post=168275"},{"taxonomy":"post_tag","embeddable":true,"href":"https:\/\/www.meydan.tv\/az\/wp-json\/wp\/v2\/tags?post=168275"}],"curies":[{"name":"wp","href":"https:\/\/api.w.org\/{rel}","templated":true}]}}