{"id":168274,"date":"2015-06-07T23:43:24","date_gmt":"2015-06-07T23:43:24","guid":{"rendered":"https:\/\/www.meydan.tv\/article\/azerbaycanli-rusdillilerin-bir-xeyri-varmi\/"},"modified":"2015-06-07T23:43:24","modified_gmt":"2015-06-07T23:43:24","slug":"azerbaycanli-rusdillilerin-bir-xeyri-varmi","status":"publish","type":"post","link":"https:\/\/www.meydan.tv\/az\/article\/azerbaycanli-rusdillilerin-bir-xeyri-varmi\/","title":{"rendered":"Az\u0259rbaycanl\u0131 rusdillil\u0259rin bir xeyri varm\u0131?"},"content":{"rendered":"<figure class=\"wp-block-image size-large\">\n  <img decoding=\"async\" src=\"https:\/\/www.meydan.tv\/az\/26105\/\" alt=\"\" class=\"wp-image-26105\"\/><figcaption><\/figcaption><\/figure>\n<figure class=\"wp-block-image size-large\">\n  <img decoding=\"async\" src=\"https:\/\/www.meydan.tv\/az\/26108\/\" alt=\"\" class=\"wp-image-26108\"\/><figcaption><\/figcaption><\/figure>\n<p>\n  Ax\u0131r\u0131nc\u0131 iki ayda m\u0259n\u0259, Facebookun az\u0259rbaycan seqmentind\u0259\u00a0 rus dilind\u0259 t\u0259rtib edilmi\u015f \u00fc\u00e7 m\u00fc\u015ft\u0259r\u0259k \u0259riz\u0259y\u0259 imza atmaq t\u0259klif olunub.<\/p>\n<p>  1.Prezidentin xan\u0131m\u0131n\u0131n ad\u0131na , \u201c sahibsiz itl\u0259ri \u00f6ld\u00fcrm\u0259yi dayand\u0131rmaq\u201d xahi\u015fi il\u0259.<\/p>\n<p>  2. Prezidentin ad\u0131na, minik yolunda qad\u0131n s\u00fcr\u00fcc\u00fcy\u0259 vurulmu\u015f \u015fill\u0259 hadis\u0259sini \u201c \u00f6z\u00fcn\u00fcn \u015f\u0259xsi n\u0259zar\u0259tin\u0259 \u201c g\u00f6t\u00fcrm\u0259si\u00a0 xahi\u015fi il\u0259.<\/p>\n<p>  3. Yenid\u0259n prezidentin ad\u0131na, bu d\u0259f\u0259 is\u0259 \u00e7oxm\u0259rt\u0259b\u0259li evd\u0259ki faci\u0259d\u0259n\u00a0 sonra efird\u0259 \u201cm\u0259\u015fhurla\u015fm\u0131\u015f\u201d apar\u0131c\u0131n\u0131n i\u015fd\u0259n \u00e7\u0131xar\u0131lmas\u0131 xahi\u015fi il\u0259.<\/p>\n<p>  M\u0259nim\u00a0 insanlara h\u0259r hans\u0131 \u0259lam\u0259tin\u0259 g\u00f6r\u0259 ri\u015fx\u0259nd el\u0259m\u0259k ad\u0259tim yoxdur&#8230;Lakin, rusdilli f\u0259allar\u0131n\u00a0 yeni dal\u011fas\u0131 m\u0259n\u0259 se\u00e7im imkan\u0131 qoymad\u0131, v\u0259 m\u0259n \u00fcmumi m\u0259nz\u0259r\u0259ni x\u0131rdalama\u011fa m\u0259cburam. \u00dcmidvaram ki, onlardan kims\u0259 indi bu yaz\u0131n\u0131 oxuyur.<br \/>\n  <br \/>\n  Bizim rusofon f\u0259al\u0131m\u0131z, sahibsiz itl\u0259r m\u0259hv edil\u0259nd\u0259 aktivl\u0259\u015fir. Amma, qon\u015fu k\u00fc\u00e7\u0259d\u0259 sakinl\u0259rin \u0259mlak\u0131 qanunsiz olaraq da\u011f\u0131d\u0131landa susur. Az\u0259rfon is\u0259 h\u0259r iki halda s\u0259sini \u00e7\u0131xarm\u0131r, ist\u0259r heyvan olsun, ist\u0259r insan.<br \/>\n  <br \/>\n  Rusdilli aktivist hesab edir ki, m\u0259d\u0259ni qad\u0131nla m\u0259d\u0259niyy\u0259tsiz ki\u015finin yolda, m\u0259i\u015f\u0259t s\u0259viyy\u0259sind\u0259ki didi\u015fm\u0259si \u2013 prezidentin \u00f6lk\u0259 \u00fc\u00e7\u00fcn bu taley\u00fckl\u00fc m\u0259s\u0259l\u0259ni \u00f6z\u00a0 n\u0259zar\u0259tin\u0259 g\u00f6t\u00fcr\u00fcb \u015f\u0259xs\u0259n m\u00fcdaxil\u0259 etm\u0259li oldu\u011fu bir hadis\u0259dir. Milli dilli d\u0259 hesab edir ki, bu ki\u015fiy\u0259 yara\u015fan h\u0259r\u0259k\u0259t deyil, amma bu i\u015fin taleyi h\u00fcquq-m\u00fchafiz\u0259 orqanlar\u0131 t\u0259r\u0259find\u0259n\u00a0 h\u0259ll edilm\u0259lidir, d\u00f6vl\u0259t ba\u015f\u00e7\u0131s\u0131 t\u0259r\u0259find\u0259n yox.\u00a0 H\u0259m d\u0259, az\u0259rfon d\u0259qiq xat\u0131rlay\u0131r ki, ax\u0131r\u0131nc\u0131 d\u0259f\u0259\u00a0 prezident yumurtalar\u0131\u00a0 n\u0259zar\u0259t\u0259 g\u00f6t\u00fcrm\u00fc\u015fd\u00fc, v\u0259 indiki hadis\u0259nin yumurtaya he\u00e7 bir d\u0259xli yoxdur..<\/p>\n<p>  Rusdillinin inanc\u0131na g\u00f6r\u0259 , efir\u0259 n\u0259zar\u0259t d\u00f6vl\u0259t ba\u015f\u00e7\u0131n\u0131n \u0259lind\u0259dir, v\u0259 arzuolunmaz \u015f\u0259xs\u00a0 ancaq\u00a0 onun m\u00fcdaxil\u0259sind\u0259n sonra ged\u0259\u00a0 bil\u0259r. Rusofonun a\u011fl\u0131na da g\u0259lmir ki, prezidentin apriori bel\u0259 bir\u00a0 funksiyas\u0131 v\u0259 m\u00fcdaxil\u0259y\u0259 h\u00fcququ yoxdur. Bu inamla\u00a0 da d\u00f6vl\u0259t ba\u015f\u00e7\u0131s\u0131na kollektiv \u0259riz\u0259 yaz\u0131r.<\/p>\n<p>  Milli dilli is\u0259 anadan olandan\u00a0 bilir ki, prezident m\u00fc\u015ft\u0259r\u0259k \u0259riz\u0259-zad\u00a0 oxuyan deyil.<br \/>\n  <br \/>\n  \u0130nki\u015faf etmi\u015f\u00a0 rusdillinin m\u0259\u015f\u011fuliyy\u0259ti n\u0259dir?<\/p>\n<p>  \u0130stirah\u0259t g\u00fcnl\u0259ri \u015f\u0259h\u0259rin\u00a0 iki-\u00fc\u00e7 populyar\u00a0 klubundan birin\u0259 gedib yara\u015f\u0131ql\u0131 q\u0131zlar v\u0259 ya sa\u00e7\u0131 q\u0259\u015f\u0259ng daranm\u0131\u015f o\u011flanlar\u0131n \u0259hat\u0259sind\u0259\u00a0 bi-iki \u015f\u0259kil \u00e7\u0259kdirm\u0259k. Ya da, \u00e7ox da m\u0259\u015fhur olmayan rus\u00a0 m\u00fc\u011f\u0259nnil\u0259rinin \u00e7\u0131x\u0131\u015f el\u0259diyi ucuz klublar\u0131n birind\u0259 \u201ccheck in\u201d etm\u0259k. 1news.-da b\u0259sit c\u0131zma-qaralar\u0131\u00a0\u00a0 like-lamaq v\u0259 ya azsektor kimi imtahanlar\u0131 pulla verm\u0259k. Ata-anas\u0131n\u0131n \u0259laq\u0259l\u0259rind\u0259n istifad\u0259 edib \u201cg\u0259lirli i\u015f\u0259\u201d d\u00fcz\u0259lm\u0259k\u00a0 v\u0259 ya\u00a0 \u0259traf\u0131ndak\u0131 k\u0259nd\u00e7il\u0259rd\u0259n tam\u00a0 t\u0259crid olunub, qulaqc\u0131qlar\u0131ndak\u0131\u00a0 qeyri-\u0259n\u0259n\u0259vi musiqini\u00a0 dinl\u0259yib\u00a0 \u00f6z d\u00fcnyas\u0131nda ya\u015famaq.<\/p>\n<p>  Yox, yox, \u0259lb\u0259tt\u0259 ki, b\u00fct\u00fcn bunlar\u0131n ham\u0131s\u0131 d\u00fcz deyil, yalan v\u0259\u00a0 m\u00fcbali\u011f\u0259dir. Bizim a\u011f\u0131ll\u0131 v\u0259 yara\u015f\u0131ql\u0131 rusdillil\u0259rimiz bir \u00e7ox maraql\u0131, m\u00fcxt\u0259lif v\u0259 g\u0259lirli i\u015fl\u0259rl\u0259 m\u0259\u015f\u011fuldurlar. Amma bunlar\u0131n he\u00e7 birinin \u00f6lk\u0259y\u0259 v\u0259 v\u0259t\u0259nda\u015f c\u0259miyy\u0259tinin inkifa\u015f\u0131na d\u0259xli yoxdur. Rusdilli z\u00fcmr\u0259nin b\u00fct\u00fcn \u00e7ox\u015fax\u0259li\u00a0 i\u015fl\u0259ri ancaq \u00f6zl\u0259rinin v\u0259 \u00e7ox m\u0259hdud \u00e7evr\u0259d\u0259ki adamlar\u0131n\u00a0 mara\u011f\u0131n\u0131 g\u00fcd\u00fcr. M\u0259d\u0259ni xalqlar klubundan k\u0259narda qalm\u0131\u015f, amma h\u0259mi\u015f\u0259 n\u0259yi il\u0259s\u0259 \u00f6y\u00fcnm\u0259y\u0259 \u00e7al\u0131\u015fan \u00f6lk\u0259 \u00fc\u00e7\u00fcn\u00a0 o q\u0259d\u0259r d\u0259 perspektivli deyil. Yaddan\u00a0 da \u00e7\u0131xarmayaq ki, \u00f6lk\u0259nin g\u0259l\u0259c\u0259yini h\u0259mi\u015f\u0259 g\u0259ncl\u0259r\u0259 ba\u011flay\u0131rlar.<\/p>\n<p>  \u018flb\u0259tt\u0259, rusdillil\u0259r tam deqradasiyaya u\u011framay\u0131blar v\u0259 onlar\u0131n h\u0259l\u0259 m\u00fcsb\u0259t c\u0259h\u0259tl\u0259ri qal\u0131r. Rusdilli zibili p\u0259nc\u0259r\u0259d\u0259n atm\u0131r, n\u00f6vb\u0259d\u0259 s\u0259birsizlik g\u00f6st\u0259rmir, q\u0131zlara sata\u015fm\u0131r. Bu keyfiyy\u0259tl\u0259r, \u015f\u00fcbh\u0259siz,onlar\u0131 dig\u0259rl\u0259rinin g\u00f6z\u00fcnd\u0259 ucald\u0131r. Amma\u00a0 g\u00f6z\u0259l davran\u0131\u015fdan biz\u0259 n\u0259?! Onlar\u0131 papuaslara da \u00f6yr\u0259tm\u0259k olar, \u0259g\u0259r art\u0131q \u00f6yr\u0259nm\u0259yibl\u0259rs\u0259&#8230;<\/p>\n<p>  Orta statistik rusdilli z\u00fcmr\u0259nin c\u0259miyy\u0259t v\u0259 \u00f6lk\u0259 \u00fc\u00e7\u00fcn he\u00e7 bir xeyri yoxdur. Bu \u2013 g\u00fcn kimi ayd\u0131nd\u0131r. Ucqar k\u0259ndd\u0259n g\u0259l\u0259n \u0259yal\u0259t adam\u0131 il\u0259\u00a0 hesabla\u015fan olmad\u0131\u011f\u0131 kimi, onunla da he\u00e7 kim hesabla\u015fm\u0131r. \u0130ctimai aktivlik, siyasi bax\u0131\u015flar\u0131n m\u00f6vcudlu\u011fu, \u00f6lk\u0259nin taleyin\u0259 cavabdehlik kimi s\u00f6z y\u0131\u011f\u0131n\u0131n\u0131n rus b\u00f6lm\u0259sind\u0259n ba\u015fqa kim\u0259 ist\u0259s\u0259n, d\u0259xli var. Bu \u00f6z\u00fcnd\u0259nraz\u0131 z\u00fcmr\u0259, bu c\u00fcr\u00a0 a\u011f\u0131ll\u0131 s\u00f6zl\u0259rd\u0259n n\u0259y\u0259 g\u00f6r\u0259s\u0259 vahim\u0259y\u0259 d\u00fc\u015f\u00fcr.<\/p>\n<p>  Onlar\u0131n aras\u0131ndak\u0131\u00a0 irad\u0259siz am\u00f6bl\u0259rin say\u0131 adamba\u015f\u0131na d\u00fc\u015f\u0259n hesab\u0131n\u00a0\u00a0 art\u0131q b\u00fct\u00fcn a\u011fla s\u0131\u011fan v\u0259 s\u0131\u011fmayan g\u00f6st\u0259ricil\u0259rini\u00a0 \u00f6t\u00fcb ke\u00e7ib. Amma onlar \u00f6zl\u0259rini \u0259m\u0259lli-ba\u015fl\u0131 dart\u0131rlar v\u0259 snob hesab edirl\u0259r. Rus dilind\u0259 says\u0131z-hesabs\u0131z sintaktik s\u0259hvl\u0259r etm\u0259l\u0259ri d\u0259 vecl\u0259rin\u0259 deyil. \u018fsas \u2013 rus dilind\u0259 dan\u0131\u015fmaqd\u0131r, nec\u0259 dan\u0131\u015fma\u011f\u0131n is\u0259 m\u0259s\u0259l\u0259y\u0259 az d\u0259xli var. Rastla\u015fd\u0131\u011f\u0131m Bak\u0131 snoblar\u0131n\u0131n \u00e7oxusu is\u0259, b\u0259lk\u0259 d\u0259 ham\u0131s\u0131 az\u0259rbaycandilli olublar. Rus dilind\u0259 rusofonlardan da yax\u015f\u0131 dan\u0131\u015f\u0131rlar.<\/p>\n<p>  Ancaq, \u015f\u0259xs\u0259n\u00a0 m\u0259ni \u0259n \u00e7ox q\u0131c\u0131qland\u0131ranlar \u2013 onlardan olan jurnalistl\u0259rdir. Kopi-p\u0259stinq v\u0259 s\u0259viyy\u0259siz\u00a0 sifari\u015fl\u0259rl\u0259 m\u0259\u015f\u011ful olan\u00a0\u00a0 hiyl\u0259g\u0259r ofis planktonlar\u0131. Onlar\u0131n i\u015fl\u0259diyi idar\u0259l\u0259ri\u00a0 hakimiyy\u0259t maliyy\u0259l\u0259\u015fdirir, redaksiyan\u0131n h\u0259m hey\u0259ti, h\u0259m d\u0259 siyas\u0259tinin\u00a0 PA-n\u0131n t\u0259l\u0259bl\u0259rin\u0259 cavab verm\u0259si m\u0259ntiq\u0259 uy\u011fundur. Onlar\u0131n daimi oxucusu \u2013 p\u0259nc\u0259r\u0259sind\u0259n zibil atmayan, q\u0131zlara sata\u015fmayan, c\u00fcm\u0259 g\u00fcnl\u0259ri klublardan birin\u0259 ged\u0259n h\u0259min o\u00a0 \u015f\u0259rti m\u00fc\u015ft\u0259ridir.<\/p>\n<p>  Bu \u00f6lk\u0259nin pe\u015f\u0259kar v\u0259 istedadl\u0131 jurnalistl\u0259ri ya azadl\u0131qdan m\u0259hrum edilibl\u0259r, ya da art\u0131q dustaqxanada yat\u0131b-\u00e7\u0131x\u0131blar. B\u0259zil\u0259ri ba\u015f\u0131n\u0131 g\u00f6t\u00fcr\u00fcb xaric\u0259 qa\u00e7\u0131b. Xatirimd\u0259dir,\u00a0 rus dilind\u0259 yazan birc\u0259 jurnalist qal\u0131b. D\u00fczd\u00fcr, istisnalar var, amma onlar Az\u0259rbaycandak\u0131 rusdilli jurnalistikan\u0131n ac\u0131nacaql\u0131 v\u0259ziyy\u0259tin \u00fcmumi m\u0259nz\u0259r\u0259sini d\u0259yi\u015f\u0259 bilmirl\u0259r.<\/p>\n<p>  Biz \u0259vv\u0259ll\u0259r \u0259min idik ki, \u0259halinin k\u00fctl\u0259\u015fdirilm\u0259si kimi vacib siyasi tap\u015f\u0131r\u0131\u011f\u0131 ancaq\u00a0 az\u0259rbaycan televiziyas\u0131 yerin\u0259 yetirir , amma indi \u0130nternetin az\u0259rbaycan b\u00f6lm\u0259si\u00a0 bu v\u0259zif\u0259ni daha effektiv h\u0259yata ke\u00e7irir. Bu n\u00f6qteyi-n\u0259z\u0259rd\u0259n bizim rusofonlar az\u0259rfonlardan\u00a0 he\u00e7 d\u0259 geri qalm\u0131rlar. Onlar eynil\u0259 , h\u0259tta daha b\u00f6y\u00fck \u015f\u00f6vql\u0259 a\u011falar\u0131n\u0131n pullar\u0131n\u0131 layiqinc\u0259 do\u011fruldurlar v\u0259 vaxta\u015f\u0131r\u0131 a\u011f\u0131ll\u0131 g\u00f6r\u00fcn\u00fc\u015f \u00fc\u00e7\u00fcn \u0130lham \u018fliyevd\u0259n\u00a0 m\u00fc\u015ft\u0259r\u0259k \u0259riz\u0259 \u015f\u0259klind\u0259 n\u0259s\u0259 ist\u0259yirl\u0259r.<\/p>\n<p>  Deyirl\u0259r ki, rus b\u00f6lm\u0259si veril\u0259n t\u0259hsilin keyfiyy\u0259tin\u0259, y\u00fcks\u0259k fikirl\u0259r\u0259, d\u00fcnyaya f\u0259rqli bax\u0131\u015fa v\u0259 sair\u0259y\u0259 g\u00f6r\u0259\u00a0 \u00fcst\u00fcnl\u00fcy\u0259 malikdir. Bir az daha sad\u0259 des\u0259k : Az\u0259rbaycanda oturu\u015fmu\u015f bir d\u00fc\u015f\u00fcnc\u0259 var, rusofondursa \u2013 dem\u0259li, daha qaba\u011fa getmi\u015fdir. Bu k\u00f6hn\u0259 sovet stereotipi onlar\u0131n \u00e7ox xo\u015funa g\u0259lir.<\/p>\n<p>  Amma m\u0259n\u00a0\u00a0 d\u0259qiq bilir\u0259m, yax\u015f\u0131 t\u0259hsil alm\u0131\u015f rusofonlar \u00f6zl\u0259rinin ki\u00e7ik\u00a0 d\u00fcnyalar\u0131nda gic-gic i\u015fl\u0259rl\u0259 m\u0259\u015f\u011ful oldu\u011fu vaxtda , onlar\u0131n az\u0259rbaycandilli h\u0259mv\u0259t\u0259nl\u0259ri \u00e7ox m\u0259hdud start imkanlar\u0131na baxmayaraq\u00a0 intellektual inki\u015faf\u0131n yeni m\u0259rh\u0259l\u0259sin\u0259 ke\u00e7irl\u0259r. Onlar\u0131n daha \u00fcr\u0259kli v\u0259 q\u0259tiyy\u0259tli olmalar\u0131 da az \u0259h\u0259miyy\u0259t\u0259 malik deyil.<\/p>\n<p>  B\u0259s, rusdillil\u0259rin Az\u0259rbaycana\u00a0 bir xeyri yoxdurmu ? Dey\u0259s\u0259n, m\u0259n cavab\u0131 bilir\u0259m.<br \/>\n  <br \/>\n  Moskvadan bir m\u0259mur g\u0259l\u0259nd\u0259, ona\u00a0 rus b\u00f6lm\u0259sind\u0259 oxuyan\u00a0 m\u00fclayim v\u0259 yara\u015f\u0131ql\u0131 bir o\u011flan\u0131 g\u00f6st\u0259rib dem\u0259k olar:<br \/>\n  <br \/>\n  Bir bax\u0131n, bizd\u0259 bel\u0259l\u0259ri d\u0259 var v\u0259 biz onlar\u0131 \u00e7ox sevirik.\n<\/p>\n<p>\n  <b><br \/>\n    Yaz\u0131dak\u0131 fikirl\u0259r m\u00fc\u0259llif\u0259 m\u0259xsusdur v\u0259 onlara g\u00f6r\u0259 Meydan TV m\u0259suliyy\u0259t da\u015f\u0131m\u0131r.<br \/>\n  <\/b><\/p>\n","protected":false},"excerpt":{"rendered":"<p>P\u0259nc\u0259r\u0259d\u0259n zibil atmayan, q\u0131zlara sata\u015fmayan&#8230;<\/p>\n","protected":false},"author":11,"featured_media":26105,"comment_status":"closed","ping_status":"open","sticky":false,"template":"","format":"standard","meta":{"_acf_changed":false,"_sitemap_exclude":false,"_sitemap_priority":"","_sitemap_frequency":"","footnotes":""},"categories":[57],"tags":[],"class_list":["post-168274","post","type-post","status-publish","format-standard","has-post-thumbnail","hentry","category-menim-fikrimce","infinite-scroll-item","generate-columns","tablet-grid-50","mobile-grid-100","grid-parent","grid-33","no-featured-image-padding"],"acf":[],"yoast_head":"<!-- This site is optimized with the Yoast SEO plugin v27.5 - https:\/\/yoast.com\/product\/yoast-seo-wordpress\/ -->\n<title>Az\u0259rbaycanl\u0131 rusdillil\u0259rin bir xeyri varm\u0131? - MEYDAN.TV<\/title>\n<meta name=\"robots\" content=\"index, follow, max-snippet:-1, max-image-preview:large, max-video-preview:-1\" \/>\n<link rel=\"canonical\" href=\"https:\/\/www.meydan.tv\/az\/article\/azerbaycanli-rusdillilerin-bir-xeyri-varmi\/\" \/>\n<meta property=\"og:locale\" content=\"az_AZ\" \/>\n<meta property=\"og:type\" content=\"article\" \/>\n<meta property=\"og:title\" content=\"Az\u0259rbaycanl\u0131 rusdillil\u0259rin bir xeyri varm\u0131? - MEYDAN.TV\" \/>\n<meta property=\"og:description\" content=\"P\u0259nc\u0259r\u0259d\u0259n zibil atmayan, q\u0131zlara sata\u015fmayan...\" \/>\n<meta property=\"og:url\" content=\"https:\/\/www.meydan.tv\/az\/article\/azerbaycanli-rusdillilerin-bir-xeyri-varmi\/\" \/>\n<meta property=\"og:site_name\" content=\"MEYDAN.TV\" \/>\n<meta property=\"article:published_time\" content=\"2015-06-07T23:43:24+00:00\" \/>\n<meta property=\"og:image\" content=\"https:\/\/www.meydan.tv\/wp-content\/uploads\/9581.png\" \/>\n\t<meta property=\"og:image:width\" content=\"500\" \/>\n\t<meta property=\"og:image:height\" content=\"500\" \/>\n\t<meta property=\"og:image:type\" content=\"image\/png\" \/>\n<meta name=\"author\" content=\"user-manager\" \/>\n<meta name=\"twitter:card\" content=\"summary_large_image\" \/>\n<script type=\"application\/ld+json\" class=\"yoast-schema-graph\">{\"@context\":\"https:\\\/\\\/schema.org\",\"@graph\":[{\"@type\":\"Article\",\"@id\":\"https:\\\/\\\/www.meydan.tv\\\/az\\\/article\\\/azerbaycanli-rusdillilerin-bir-xeyri-varmi\\\/#article\",\"isPartOf\":{\"@id\":\"https:\\\/\\\/www.meydan.tv\\\/az\\\/article\\\/azerbaycanli-rusdillilerin-bir-xeyri-varmi\\\/\"},\"author\":{\"name\":\"user-manager\",\"@id\":\"https:\\\/\\\/www.meydan.tv\\\/az\\\/#\\\/schema\\\/person\\\/10d11eccf6da3662cf5fdab9806ea91a\"},\"headline\":\"Az\u0259rbaycanl\u0131 rusdillil\u0259rin bir xeyri varm\u0131?\",\"datePublished\":\"2015-06-07T23:43:24+00:00\",\"mainEntityOfPage\":{\"@id\":\"https:\\\/\\\/www.meydan.tv\\\/az\\\/article\\\/azerbaycanli-rusdillilerin-bir-xeyri-varmi\\\/\"},\"wordCount\":1473,\"publisher\":{\"@id\":\"https:\\\/\\\/www.meydan.tv\\\/az\\\/#organization\"},\"image\":{\"@id\":\"https:\\\/\\\/www.meydan.tv\\\/az\\\/article\\\/azerbaycanli-rusdillilerin-bir-xeyri-varmi\\\/#primaryimage\"},\"thumbnailUrl\":\"https:\\\/\\\/www.meydan.tv\\\/wp-content\\\/uploads\\\/9581.png\",\"articleSection\":[\"M\u0259nim Fikrimc\u0259\"],\"inLanguage\":\"az\"},{\"@type\":\"WebPage\",\"@id\":\"https:\\\/\\\/www.meydan.tv\\\/az\\\/article\\\/azerbaycanli-rusdillilerin-bir-xeyri-varmi\\\/\",\"url\":\"https:\\\/\\\/www.meydan.tv\\\/az\\\/article\\\/azerbaycanli-rusdillilerin-bir-xeyri-varmi\\\/\",\"name\":\"Az\u0259rbaycanl\u0131 rusdillil\u0259rin bir xeyri varm\u0131? - MEYDAN.TV\",\"isPartOf\":{\"@id\":\"https:\\\/\\\/www.meydan.tv\\\/az\\\/#website\"},\"primaryImageOfPage\":{\"@id\":\"https:\\\/\\\/www.meydan.tv\\\/az\\\/article\\\/azerbaycanli-rusdillilerin-bir-xeyri-varmi\\\/#primaryimage\"},\"image\":{\"@id\":\"https:\\\/\\\/www.meydan.tv\\\/az\\\/article\\\/azerbaycanli-rusdillilerin-bir-xeyri-varmi\\\/#primaryimage\"},\"thumbnailUrl\":\"https:\\\/\\\/www.meydan.tv\\\/wp-content\\\/uploads\\\/9581.png\",\"datePublished\":\"2015-06-07T23:43:24+00:00\",\"breadcrumb\":{\"@id\":\"https:\\\/\\\/www.meydan.tv\\\/az\\\/article\\\/azerbaycanli-rusdillilerin-bir-xeyri-varmi\\\/#breadcrumb\"},\"inLanguage\":\"az\",\"potentialAction\":[{\"@type\":\"ReadAction\",\"target\":[\"https:\\\/\\\/www.meydan.tv\\\/az\\\/article\\\/azerbaycanli-rusdillilerin-bir-xeyri-varmi\\\/\"]}]},{\"@type\":\"ImageObject\",\"inLanguage\":\"az\",\"@id\":\"https:\\\/\\\/www.meydan.tv\\\/az\\\/article\\\/azerbaycanli-rusdillilerin-bir-xeyri-varmi\\\/#primaryimage\",\"url\":\"https:\\\/\\\/www.meydan.tv\\\/wp-content\\\/uploads\\\/9581.png\",\"contentUrl\":\"https:\\\/\\\/www.meydan.tv\\\/wp-content\\\/uploads\\\/9581.png\",\"width\":500,\"height\":500,\"caption\":\"Source:\"},{\"@type\":\"BreadcrumbList\",\"@id\":\"https:\\\/\\\/www.meydan.tv\\\/az\\\/article\\\/azerbaycanli-rusdillilerin-bir-xeyri-varmi\\\/#breadcrumb\",\"itemListElement\":[{\"@type\":\"ListItem\",\"position\":1,\"name\":\"Ana s\u0259hif\u0259\",\"item\":\"https:\\\/\\\/www.meydan.tv\\\/az\\\/\"},{\"@type\":\"ListItem\",\"position\":2,\"name\":\"M\u0259nim Fikrimc\u0259\",\"item\":\"https:\\\/\\\/www.meydan.tv\\\/az\\\/section\\\/menim-fikrimce\\\/\"},{\"@type\":\"ListItem\",\"position\":3,\"name\":\"Az\u0259rbaycanl\u0131 rusdillil\u0259rin bir xeyri varm\u0131?\"}]},{\"@type\":\"WebSite\",\"@id\":\"https:\\\/\\\/www.meydan.tv\\\/az\\\/#website\",\"url\":\"https:\\\/\\\/www.meydan.tv\\\/az\\\/\",\"name\":\"MEYDAN.TV\",\"description\":\"Meydan TV Az\u0259rbaycan\u0131n media m\u0259kan\u0131ndak\u0131 alternativ s\u0259sidir\",\"publisher\":{\"@id\":\"https:\\\/\\\/www.meydan.tv\\\/az\\\/#organization\"},\"potentialAction\":[{\"@type\":\"SearchAction\",\"target\":{\"@type\":\"EntryPoint\",\"urlTemplate\":\"https:\\\/\\\/www.meydan.tv\\\/az\\\/?s={search_term_string}\"},\"query-input\":{\"@type\":\"PropertyValueSpecification\",\"valueRequired\":true,\"valueName\":\"search_term_string\"}}],\"inLanguage\":\"az\"},{\"@type\":\"Organization\",\"@id\":\"https:\\\/\\\/www.meydan.tv\\\/az\\\/#organization\",\"name\":\"Meydan TV\",\"url\":\"https:\\\/\\\/www.meydan.tv\\\/az\\\/\",\"logo\":{\"@type\":\"ImageObject\",\"inLanguage\":\"az\",\"@id\":\"https:\\\/\\\/www.meydan.tv\\\/az\\\/#\\\/schema\\\/logo\\\/image\\\/\",\"url\":\"https:\\\/\\\/www.meydan.tv\\\/wp-content\\\/uploads\\\/2021\\\/07\\\/meydan-logo.svg\",\"contentUrl\":\"https:\\\/\\\/www.meydan.tv\\\/wp-content\\\/uploads\\\/2021\\\/07\\\/meydan-logo.svg\",\"width\":195,\"height\":46,\"caption\":\"Meydan TV\"},\"image\":{\"@id\":\"https:\\\/\\\/www.meydan.tv\\\/az\\\/#\\\/schema\\\/logo\\\/image\\\/\"}},{\"@type\":\"Person\",\"@id\":\"https:\\\/\\\/www.meydan.tv\\\/az\\\/#\\\/schema\\\/person\\\/10d11eccf6da3662cf5fdab9806ea91a\",\"name\":\"user-manager\"}]}<\/script>\n<!-- \/ Yoast SEO plugin. -->","yoast_head_json":{"title":"Az\u0259rbaycanl\u0131 rusdillil\u0259rin bir xeyri varm\u0131? - MEYDAN.TV","robots":{"index":"index","follow":"follow","max-snippet":"max-snippet:-1","max-image-preview":"max-image-preview:large","max-video-preview":"max-video-preview:-1"},"canonical":"https:\/\/www.meydan.tv\/az\/article\/azerbaycanli-rusdillilerin-bir-xeyri-varmi\/","og_locale":"az_AZ","og_type":"article","og_title":"Az\u0259rbaycanl\u0131 rusdillil\u0259rin bir xeyri varm\u0131? - MEYDAN.TV","og_description":"P\u0259nc\u0259r\u0259d\u0259n zibil atmayan, q\u0131zlara sata\u015fmayan...","og_url":"https:\/\/www.meydan.tv\/az\/article\/azerbaycanli-rusdillilerin-bir-xeyri-varmi\/","og_site_name":"MEYDAN.TV","article_published_time":"2015-06-07T23:43:24+00:00","og_image":[{"width":500,"height":500,"url":"https:\/\/www.meydan.tv\/wp-content\/uploads\/9581.png","type":"image\/png"}],"author":"user-manager","twitter_card":"summary_large_image","schema":{"@context":"https:\/\/schema.org","@graph":[{"@type":"Article","@id":"https:\/\/www.meydan.tv\/az\/article\/azerbaycanli-rusdillilerin-bir-xeyri-varmi\/#article","isPartOf":{"@id":"https:\/\/www.meydan.tv\/az\/article\/azerbaycanli-rusdillilerin-bir-xeyri-varmi\/"},"author":{"name":"user-manager","@id":"https:\/\/www.meydan.tv\/az\/#\/schema\/person\/10d11eccf6da3662cf5fdab9806ea91a"},"headline":"Az\u0259rbaycanl\u0131 rusdillil\u0259rin bir xeyri varm\u0131?","datePublished":"2015-06-07T23:43:24+00:00","mainEntityOfPage":{"@id":"https:\/\/www.meydan.tv\/az\/article\/azerbaycanli-rusdillilerin-bir-xeyri-varmi\/"},"wordCount":1473,"publisher":{"@id":"https:\/\/www.meydan.tv\/az\/#organization"},"image":{"@id":"https:\/\/www.meydan.tv\/az\/article\/azerbaycanli-rusdillilerin-bir-xeyri-varmi\/#primaryimage"},"thumbnailUrl":"https:\/\/www.meydan.tv\/wp-content\/uploads\/9581.png","articleSection":["M\u0259nim Fikrimc\u0259"],"inLanguage":"az"},{"@type":"WebPage","@id":"https:\/\/www.meydan.tv\/az\/article\/azerbaycanli-rusdillilerin-bir-xeyri-varmi\/","url":"https:\/\/www.meydan.tv\/az\/article\/azerbaycanli-rusdillilerin-bir-xeyri-varmi\/","name":"Az\u0259rbaycanl\u0131 rusdillil\u0259rin bir xeyri varm\u0131? - MEYDAN.TV","isPartOf":{"@id":"https:\/\/www.meydan.tv\/az\/#website"},"primaryImageOfPage":{"@id":"https:\/\/www.meydan.tv\/az\/article\/azerbaycanli-rusdillilerin-bir-xeyri-varmi\/#primaryimage"},"image":{"@id":"https:\/\/www.meydan.tv\/az\/article\/azerbaycanli-rusdillilerin-bir-xeyri-varmi\/#primaryimage"},"thumbnailUrl":"https:\/\/www.meydan.tv\/wp-content\/uploads\/9581.png","datePublished":"2015-06-07T23:43:24+00:00","breadcrumb":{"@id":"https:\/\/www.meydan.tv\/az\/article\/azerbaycanli-rusdillilerin-bir-xeyri-varmi\/#breadcrumb"},"inLanguage":"az","potentialAction":[{"@type":"ReadAction","target":["https:\/\/www.meydan.tv\/az\/article\/azerbaycanli-rusdillilerin-bir-xeyri-varmi\/"]}]},{"@type":"ImageObject","inLanguage":"az","@id":"https:\/\/www.meydan.tv\/az\/article\/azerbaycanli-rusdillilerin-bir-xeyri-varmi\/#primaryimage","url":"https:\/\/www.meydan.tv\/wp-content\/uploads\/9581.png","contentUrl":"https:\/\/www.meydan.tv\/wp-content\/uploads\/9581.png","width":500,"height":500,"caption":"Source:"},{"@type":"BreadcrumbList","@id":"https:\/\/www.meydan.tv\/az\/article\/azerbaycanli-rusdillilerin-bir-xeyri-varmi\/#breadcrumb","itemListElement":[{"@type":"ListItem","position":1,"name":"Ana s\u0259hif\u0259","item":"https:\/\/www.meydan.tv\/az\/"},{"@type":"ListItem","position":2,"name":"M\u0259nim Fikrimc\u0259","item":"https:\/\/www.meydan.tv\/az\/section\/menim-fikrimce\/"},{"@type":"ListItem","position":3,"name":"Az\u0259rbaycanl\u0131 rusdillil\u0259rin bir xeyri varm\u0131?"}]},{"@type":"WebSite","@id":"https:\/\/www.meydan.tv\/az\/#website","url":"https:\/\/www.meydan.tv\/az\/","name":"MEYDAN.TV","description":"Meydan TV Az\u0259rbaycan\u0131n media m\u0259kan\u0131ndak\u0131 alternativ s\u0259sidir","publisher":{"@id":"https:\/\/www.meydan.tv\/az\/#organization"},"potentialAction":[{"@type":"SearchAction","target":{"@type":"EntryPoint","urlTemplate":"https:\/\/www.meydan.tv\/az\/?s={search_term_string}"},"query-input":{"@type":"PropertyValueSpecification","valueRequired":true,"valueName":"search_term_string"}}],"inLanguage":"az"},{"@type":"Organization","@id":"https:\/\/www.meydan.tv\/az\/#organization","name":"Meydan TV","url":"https:\/\/www.meydan.tv\/az\/","logo":{"@type":"ImageObject","inLanguage":"az","@id":"https:\/\/www.meydan.tv\/az\/#\/schema\/logo\/image\/","url":"https:\/\/www.meydan.tv\/wp-content\/uploads\/2021\/07\/meydan-logo.svg","contentUrl":"https:\/\/www.meydan.tv\/wp-content\/uploads\/2021\/07\/meydan-logo.svg","width":195,"height":46,"caption":"Meydan TV"},"image":{"@id":"https:\/\/www.meydan.tv\/az\/#\/schema\/logo\/image\/"}},{"@type":"Person","@id":"https:\/\/www.meydan.tv\/az\/#\/schema\/person\/10d11eccf6da3662cf5fdab9806ea91a","name":"user-manager"}]}},"_links":{"self":[{"href":"https:\/\/www.meydan.tv\/az\/wp-json\/wp\/v2\/posts\/168274","targetHints":{"allow":["GET"]}}],"collection":[{"href":"https:\/\/www.meydan.tv\/az\/wp-json\/wp\/v2\/posts"}],"about":[{"href":"https:\/\/www.meydan.tv\/az\/wp-json\/wp\/v2\/types\/post"}],"author":[{"embeddable":true,"href":"https:\/\/www.meydan.tv\/az\/wp-json\/wp\/v2\/users\/11"}],"replies":[{"embeddable":true,"href":"https:\/\/www.meydan.tv\/az\/wp-json\/wp\/v2\/comments?post=168274"}],"version-history":[{"count":0,"href":"https:\/\/www.meydan.tv\/az\/wp-json\/wp\/v2\/posts\/168274\/revisions"}],"wp:featuredmedia":[{"embeddable":true,"href":"https:\/\/www.meydan.tv\/az\/wp-json\/wp\/v2\/media\/26105"}],"wp:attachment":[{"href":"https:\/\/www.meydan.tv\/az\/wp-json\/wp\/v2\/media?parent=168274"}],"wp:term":[{"taxonomy":"category","embeddable":true,"href":"https:\/\/www.meydan.tv\/az\/wp-json\/wp\/v2\/categories?post=168274"},{"taxonomy":"post_tag","embeddable":true,"href":"https:\/\/www.meydan.tv\/az\/wp-json\/wp\/v2\/tags?post=168274"}],"curies":[{"name":"wp","href":"https:\/\/api.w.org\/{rel}","templated":true}]}}