{"id":168272,"date":"2015-06-07T17:30:19","date_gmt":"2015-06-07T17:30:19","guid":{"rendered":"https:\/\/www.meydan.tv\/article\/bele-seyler-hec-30-40-ci-illerde-de-olmayib\/"},"modified":"2015-06-07T17:30:19","modified_gmt":"2015-06-07T17:30:19","slug":"bele-seyler-hec-30-40-ci-illerde-de-olmayib","status":"publish","type":"post","link":"https:\/\/www.meydan.tv\/az\/article\/bele-seyler-hec-30-40-ci-illerde-de-olmayib\/","title":{"rendered":"Bel\u0259 \u015feyl\u0259r he\u00e7 30-40-c\u0131 ill\u0259rd\u0259 d\u0259 olmay\u0131b"},"content":{"rendered":"<figure class=\"wp-block-image size-large\">\n  <img decoding=\"async\" src=\"https:\/\/www.meydan.tv\/az\/26153\/\" alt=\"\" class=\"wp-image-26153\"\/><figcaption><\/figcaption><\/figure>\n<p>\n  <b><br \/>\n    \u0130slam Konfrans\u0131 T\u0259\u015fkilat\u0131n\u0131n Avropa \u0130ttifaq\u0131 yan\u0131ndak\u0131 n\u00fcmay\u0259nd\u0259 hey\u0259tinin haz\u0131rk\u0131 r\u0259hb\u0259ri\u00a0Arif M\u0259mm\u0259dov \u015f\u0259xsi facebook s\u0259hif\u0259sind\u0259\u00a0 yeni b\u0259yanat yay\u0131b. Meydan TV bu b\u0259yanat\u0131 diqq\u0259tiniz\u0259 \u00e7atd\u0131r\u0131r:<br \/>\n  <\/b><\/p>\n<p>  <i><br \/>\n    \u018fziz dostlar, bac\u0131 v\u0259 qarda\u015flar, uca Az\u0259rbaycan xalq\u0131!<br \/>\n  <\/i><\/p>\n<p>  <i><br \/>\n    \u00d6lk\u0259nin \u0259n yax\u015f\u0131 diplomatlar\u0131na qar\u015f\u0131 t\u0259\u015fkil edil\u0259n ovdan h\u0259dsiz t\u0259\u0259cc\u00fcbd\u0259y\u0259m. Repressiyalar \u00fc\u00e7\u00fcn \u0259mr \u00f6lk\u0259nin repressiya fabrikind\u0259n verilib. Bu hakimiyy\u0259t\u0259 yaln\u0131z Eynulla v\u0259 onun kimil\u0259r laz\u0131md\u0131r. M\u0259nim Bak\u0131dak\u0131 yan\u011f\u0131n zaman\u0131 faci\u0259li \u015f\u0259kild\u0259 h\u0259lak olanlar\u0131n ail\u0259l\u0259rin\u0259 verdiyim ba\u015fsa\u011fl\u0131\u011f\u0131n\u0131 facebookda \u00ab like \u00bb ed\u0259n \u00f6lk\u0259nin \u0259n yax\u015f\u0131 diplomatlar\u0131n\u0131n i\u015fd\u0259n k\u0259narla\u015fd\u0131r\u0131lmas\u0131 he\u00e7 bir anlay\u0131\u015fa s\u0131\u011fm\u0131r.<br \/>\n  <\/i><\/p>\n<p>  <i><br \/>\n    Diplomatlar\u0131 al\u00e7ald\u0131c\u0131 \u0259riz\u0259l\u0259r yazma\u011fa m\u0259cbur edirl\u0259r. \u0130ndi bir \u00e7oxlar\u0131 bu repressiyalar\u0131 SSR\u0130-d\u0259, 30- cu ill\u0259rin sonlar\u0131nda ba\u015f ver\u0259n repressiyalarla m\u00fcqayis\u0259 edir. M\u0259n hesab edir\u0259m k, indi ba\u015f ver\u0259nl\u0259ri hakimiyy\u0259tin sarsaql\u0131\u011f\u0131ndan ba\u015fqa he\u00e7 n\u0259 il\u0259 izah etm\u0259k m\u00fcmk\u00fcn deyil.<br \/>\n  <\/i><\/p>\n<p>  <i><br \/>\n    Bel\u0259 \u015feyl\u0259r he\u00e7 30-cu, 40-c\u0131 ill\u0259rd\u0259 bel\u0259, olmay\u0131b.<br \/>\n  <\/i><\/p>\n<p>  <i><br \/>\n    M\u0259n X\u0130N sistemind\u0259 20 ild\u0259n art\u0131q \u00e7al\u0131\u015fm\u0131\u015fam. Bu Nazirlikd\u0259 \u00f6lk\u0259nin maraqlar\u0131n\u0131 b\u00fct\u00fcn d\u00fcnyada qoruyan olduqca namuslu v\u0259 ciddi insanlar var.<br \/>\n  <\/i><\/p>\n<p>  <i><br \/>\n    D\u00fcn\u0259n ezamiyy\u0259td\u0259n Bel\u00e7ikaya d\u00f6nd\u00fcm v\u0259 Bel\u00e7ikan\u0131n Xarici \u0130\u015fl\u0259r Nazirliyind\u0259, el\u0259c\u0259 d\u0259 dig\u0259r Avropa strukturlar\u0131nda bu anlams\u0131z m\u0259s\u0259l\u0259 il\u0259 ba\u011fl\u0131 ham\u0131n\u0131n m\u0259lumatl\u0131 olmas\u0131ndan heyr\u0259tl\u0259ndim. M\u0259nim v\u0259 ail\u0259min t\u0259hl\u00fck\u0259sizliyi \u00fc\u00e7\u00fcn Bel\u00e7ikan\u0131n Xarici \u0130\u015fl\u0259r Nazirliyi m\u00fchafiz\u0259 t\u0259klif etdi. M\u0259n imtina etdim, amma onlar t\u0259kidl\u0259 bunu etm\u0259k ist\u0259yirl\u0259r.<br \/>\n  <\/i><\/p>\n<p>  <i><br \/>\n    B\u0259zi K\u0130V-l\u0259r bildiribl\u0259r ki, guya m\u0259n Norve\u00e7d\u0259n siyasi s\u0131\u011f\u0131nacaq ist\u0259mi\u015f\u0259m.<br \/>\n  <\/i><br \/>\n  <br \/>\n  <i><br \/>\n    Bunu g\u00f6rm\u0259y\u0259c\u0259ksiniz !<br \/>\n  <\/i><br \/>\n  <br \/>\n  <i><br \/>\n    Bu c\u0259hal\u0259tl\u0259 v\u0259 m\u0259nim uca xalq\u0131ma qar\u015f\u0131 \u0259dal\u0259tsilikl\u0259rl\u0259 m\u00fcbariz\u0259 q\u0259tiyy\u0259tim h\u00fcdudsuzdur.<br \/>\n  <\/i><\/p>\n<p>  <i><br \/>\n    Az\u0259rbaycan X\u0130N-d\u0259 bu m\u0259s\u0259l\u0259 il\u0259 ba\u011fl\u0131 z\u0259r\u0259 \u00e7\u0259k\u0259n diplomatlara m\u00fcraci\u0259t edir\u0259m. Namusuma and i\u00e7ir\u0259m ki, Az\u0259rbaycan xalq\u0131 \u0259dal\u0259ti b\u0259rq\u0259rar ed\u0259c\u0259k v\u0259 o zaman siz \u0259n y\u00fcks\u0259k d\u00f6vl\u0259t m\u00f6vqel\u0259rind\u0259 olacaqs\u0131n\u0131z.<br \/>\n  <\/i><\/p>\n<p>  <i><br \/>\n    V\u0259 bunu \u00e7ox g\u00f6zl\u0259m\u0259k laz\u0131m g\u0259lm\u0259y\u0259c\u0259k.<br \/>\n  <\/i><\/p>\n","protected":false},"excerpt":{"rendered":"<p>S\u0259firin yeni  b\u0259yanat\u0131<\/p>\n","protected":false},"author":11,"featured_media":26153,"comment_status":"closed","ping_status":"open","sticky":false,"template":"","format":"standard","meta":{"_acf_changed":false,"_sitemap_exclude":false,"_sitemap_priority":"","_sitemap_frequency":"","footnotes":""},"categories":[57],"tags":[],"class_list":["post-168272","post","type-post","status-publish","format-standard","has-post-thumbnail","hentry","category-menim-fikrimce","infinite-scroll-item","generate-columns","tablet-grid-50","mobile-grid-100","grid-parent","grid-33","no-featured-image-padding"],"acf":[],"yoast_head":"<!-- This site is optimized with the Yoast SEO plugin v27.5 - https:\/\/yoast.com\/product\/yoast-seo-wordpress\/ -->\n<title>Bel\u0259 \u015feyl\u0259r he\u00e7 30-40-c\u0131 ill\u0259rd\u0259 d\u0259 olmay\u0131b - MEYDAN.TV<\/title>\n<meta name=\"robots\" content=\"index, follow, max-snippet:-1, max-image-preview:large, max-video-preview:-1\" \/>\n<link rel=\"canonical\" href=\"https:\/\/www.meydan.tv\/az\/article\/bele-seyler-hec-30-40-ci-illerde-de-olmayib\/\" \/>\n<meta property=\"og:locale\" content=\"az_AZ\" \/>\n<meta property=\"og:type\" content=\"article\" \/>\n<meta property=\"og:title\" content=\"Bel\u0259 \u015feyl\u0259r he\u00e7 30-40-c\u0131 ill\u0259rd\u0259 d\u0259 olmay\u0131b - MEYDAN.TV\" \/>\n<meta property=\"og:description\" content=\"S\u0259firin yeni b\u0259yanat\u0131\" \/>\n<meta property=\"og:url\" content=\"https:\/\/www.meydan.tv\/az\/article\/bele-seyler-hec-30-40-ci-illerde-de-olmayib\/\" \/>\n<meta property=\"og:site_name\" content=\"MEYDAN.TV\" \/>\n<meta property=\"article:published_time\" content=\"2015-06-07T17:30:19+00:00\" \/>\n<meta property=\"og:image\" content=\"https:\/\/www.meydan.tv\/wp-content\/uploads\/9596.jpg\" \/>\n\t<meta property=\"og:image:width\" content=\"500\" \/>\n\t<meta property=\"og:image:height\" content=\"500\" \/>\n\t<meta property=\"og:image:type\" content=\"image\/jpeg\" \/>\n<meta name=\"author\" content=\"user-manager\" \/>\n<meta name=\"twitter:card\" content=\"summary_large_image\" \/>\n<script type=\"application\/ld+json\" class=\"yoast-schema-graph\">{\"@context\":\"https:\\\/\\\/schema.org\",\"@graph\":[{\"@type\":\"Article\",\"@id\":\"https:\\\/\\\/www.meydan.tv\\\/az\\\/article\\\/bele-seyler-hec-30-40-ci-illerde-de-olmayib\\\/#article\",\"isPartOf\":{\"@id\":\"https:\\\/\\\/www.meydan.tv\\\/az\\\/article\\\/bele-seyler-hec-30-40-ci-illerde-de-olmayib\\\/\"},\"author\":{\"name\":\"user-manager\",\"@id\":\"https:\\\/\\\/www.meydan.tv\\\/az\\\/#\\\/schema\\\/person\\\/10d11eccf6da3662cf5fdab9806ea91a\"},\"headline\":\"Bel\u0259 \u015feyl\u0259r he\u00e7 30-40-c\u0131 ill\u0259rd\u0259 d\u0259 olmay\u0131b\",\"datePublished\":\"2015-06-07T17:30:19+00:00\",\"mainEntityOfPage\":{\"@id\":\"https:\\\/\\\/www.meydan.tv\\\/az\\\/article\\\/bele-seyler-hec-30-40-ci-illerde-de-olmayib\\\/\"},\"wordCount\":453,\"publisher\":{\"@id\":\"https:\\\/\\\/www.meydan.tv\\\/az\\\/#organization\"},\"image\":{\"@id\":\"https:\\\/\\\/www.meydan.tv\\\/az\\\/article\\\/bele-seyler-hec-30-40-ci-illerde-de-olmayib\\\/#primaryimage\"},\"thumbnailUrl\":\"https:\\\/\\\/www.meydan.tv\\\/wp-content\\\/uploads\\\/9596.jpg\",\"articleSection\":[\"M\u0259nim Fikrimc\u0259\"],\"inLanguage\":\"az\"},{\"@type\":\"WebPage\",\"@id\":\"https:\\\/\\\/www.meydan.tv\\\/az\\\/article\\\/bele-seyler-hec-30-40-ci-illerde-de-olmayib\\\/\",\"url\":\"https:\\\/\\\/www.meydan.tv\\\/az\\\/article\\\/bele-seyler-hec-30-40-ci-illerde-de-olmayib\\\/\",\"name\":\"Bel\u0259 \u015feyl\u0259r he\u00e7 30-40-c\u0131 ill\u0259rd\u0259 d\u0259 olmay\u0131b - MEYDAN.TV\",\"isPartOf\":{\"@id\":\"https:\\\/\\\/www.meydan.tv\\\/az\\\/#website\"},\"primaryImageOfPage\":{\"@id\":\"https:\\\/\\\/www.meydan.tv\\\/az\\\/article\\\/bele-seyler-hec-30-40-ci-illerde-de-olmayib\\\/#primaryimage\"},\"image\":{\"@id\":\"https:\\\/\\\/www.meydan.tv\\\/az\\\/article\\\/bele-seyler-hec-30-40-ci-illerde-de-olmayib\\\/#primaryimage\"},\"thumbnailUrl\":\"https:\\\/\\\/www.meydan.tv\\\/wp-content\\\/uploads\\\/9596.jpg\",\"datePublished\":\"2015-06-07T17:30:19+00:00\",\"breadcrumb\":{\"@id\":\"https:\\\/\\\/www.meydan.tv\\\/az\\\/article\\\/bele-seyler-hec-30-40-ci-illerde-de-olmayib\\\/#breadcrumb\"},\"inLanguage\":\"az\",\"potentialAction\":[{\"@type\":\"ReadAction\",\"target\":[\"https:\\\/\\\/www.meydan.tv\\\/az\\\/article\\\/bele-seyler-hec-30-40-ci-illerde-de-olmayib\\\/\"]}]},{\"@type\":\"ImageObject\",\"inLanguage\":\"az\",\"@id\":\"https:\\\/\\\/www.meydan.tv\\\/az\\\/article\\\/bele-seyler-hec-30-40-ci-illerde-de-olmayib\\\/#primaryimage\",\"url\":\"https:\\\/\\\/www.meydan.tv\\\/wp-content\\\/uploads\\\/9596.jpg\",\"contentUrl\":\"https:\\\/\\\/www.meydan.tv\\\/wp-content\\\/uploads\\\/9596.jpg\",\"width\":500,\"height\":500,\"caption\":\"Source:\"},{\"@type\":\"BreadcrumbList\",\"@id\":\"https:\\\/\\\/www.meydan.tv\\\/az\\\/article\\\/bele-seyler-hec-30-40-ci-illerde-de-olmayib\\\/#breadcrumb\",\"itemListElement\":[{\"@type\":\"ListItem\",\"position\":1,\"name\":\"Ana s\u0259hif\u0259\",\"item\":\"https:\\\/\\\/www.meydan.tv\\\/az\\\/\"},{\"@type\":\"ListItem\",\"position\":2,\"name\":\"M\u0259nim Fikrimc\u0259\",\"item\":\"https:\\\/\\\/www.meydan.tv\\\/az\\\/section\\\/menim-fikrimce\\\/\"},{\"@type\":\"ListItem\",\"position\":3,\"name\":\"Bel\u0259 \u015feyl\u0259r he\u00e7 30-40-c\u0131 ill\u0259rd\u0259 d\u0259 olmay\u0131b\"}]},{\"@type\":\"WebSite\",\"@id\":\"https:\\\/\\\/www.meydan.tv\\\/az\\\/#website\",\"url\":\"https:\\\/\\\/www.meydan.tv\\\/az\\\/\",\"name\":\"MEYDAN.TV\",\"description\":\"Meydan TV Az\u0259rbaycan\u0131n media m\u0259kan\u0131ndak\u0131 alternativ s\u0259sidir\",\"publisher\":{\"@id\":\"https:\\\/\\\/www.meydan.tv\\\/az\\\/#organization\"},\"potentialAction\":[{\"@type\":\"SearchAction\",\"target\":{\"@type\":\"EntryPoint\",\"urlTemplate\":\"https:\\\/\\\/www.meydan.tv\\\/az\\\/?s={search_term_string}\"},\"query-input\":{\"@type\":\"PropertyValueSpecification\",\"valueRequired\":true,\"valueName\":\"search_term_string\"}}],\"inLanguage\":\"az\"},{\"@type\":\"Organization\",\"@id\":\"https:\\\/\\\/www.meydan.tv\\\/az\\\/#organization\",\"name\":\"Meydan TV\",\"url\":\"https:\\\/\\\/www.meydan.tv\\\/az\\\/\",\"logo\":{\"@type\":\"ImageObject\",\"inLanguage\":\"az\",\"@id\":\"https:\\\/\\\/www.meydan.tv\\\/az\\\/#\\\/schema\\\/logo\\\/image\\\/\",\"url\":\"https:\\\/\\\/www.meydan.tv\\\/wp-content\\\/uploads\\\/2021\\\/07\\\/meydan-logo.svg\",\"contentUrl\":\"https:\\\/\\\/www.meydan.tv\\\/wp-content\\\/uploads\\\/2021\\\/07\\\/meydan-logo.svg\",\"width\":195,\"height\":46,\"caption\":\"Meydan TV\"},\"image\":{\"@id\":\"https:\\\/\\\/www.meydan.tv\\\/az\\\/#\\\/schema\\\/logo\\\/image\\\/\"}},{\"@type\":\"Person\",\"@id\":\"https:\\\/\\\/www.meydan.tv\\\/az\\\/#\\\/schema\\\/person\\\/10d11eccf6da3662cf5fdab9806ea91a\",\"name\":\"user-manager\"}]}<\/script>\n<!-- \/ Yoast SEO plugin. -->","yoast_head_json":{"title":"Bel\u0259 \u015feyl\u0259r he\u00e7 30-40-c\u0131 ill\u0259rd\u0259 d\u0259 olmay\u0131b - MEYDAN.TV","robots":{"index":"index","follow":"follow","max-snippet":"max-snippet:-1","max-image-preview":"max-image-preview:large","max-video-preview":"max-video-preview:-1"},"canonical":"https:\/\/www.meydan.tv\/az\/article\/bele-seyler-hec-30-40-ci-illerde-de-olmayib\/","og_locale":"az_AZ","og_type":"article","og_title":"Bel\u0259 \u015feyl\u0259r he\u00e7 30-40-c\u0131 ill\u0259rd\u0259 d\u0259 olmay\u0131b - MEYDAN.TV","og_description":"S\u0259firin yeni b\u0259yanat\u0131","og_url":"https:\/\/www.meydan.tv\/az\/article\/bele-seyler-hec-30-40-ci-illerde-de-olmayib\/","og_site_name":"MEYDAN.TV","article_published_time":"2015-06-07T17:30:19+00:00","og_image":[{"width":500,"height":500,"url":"https:\/\/www.meydan.tv\/wp-content\/uploads\/9596.jpg","type":"image\/jpeg"}],"author":"user-manager","twitter_card":"summary_large_image","schema":{"@context":"https:\/\/schema.org","@graph":[{"@type":"Article","@id":"https:\/\/www.meydan.tv\/az\/article\/bele-seyler-hec-30-40-ci-illerde-de-olmayib\/#article","isPartOf":{"@id":"https:\/\/www.meydan.tv\/az\/article\/bele-seyler-hec-30-40-ci-illerde-de-olmayib\/"},"author":{"name":"user-manager","@id":"https:\/\/www.meydan.tv\/az\/#\/schema\/person\/10d11eccf6da3662cf5fdab9806ea91a"},"headline":"Bel\u0259 \u015feyl\u0259r he\u00e7 30-40-c\u0131 ill\u0259rd\u0259 d\u0259 olmay\u0131b","datePublished":"2015-06-07T17:30:19+00:00","mainEntityOfPage":{"@id":"https:\/\/www.meydan.tv\/az\/article\/bele-seyler-hec-30-40-ci-illerde-de-olmayib\/"},"wordCount":453,"publisher":{"@id":"https:\/\/www.meydan.tv\/az\/#organization"},"image":{"@id":"https:\/\/www.meydan.tv\/az\/article\/bele-seyler-hec-30-40-ci-illerde-de-olmayib\/#primaryimage"},"thumbnailUrl":"https:\/\/www.meydan.tv\/wp-content\/uploads\/9596.jpg","articleSection":["M\u0259nim Fikrimc\u0259"],"inLanguage":"az"},{"@type":"WebPage","@id":"https:\/\/www.meydan.tv\/az\/article\/bele-seyler-hec-30-40-ci-illerde-de-olmayib\/","url":"https:\/\/www.meydan.tv\/az\/article\/bele-seyler-hec-30-40-ci-illerde-de-olmayib\/","name":"Bel\u0259 \u015feyl\u0259r he\u00e7 30-40-c\u0131 ill\u0259rd\u0259 d\u0259 olmay\u0131b - MEYDAN.TV","isPartOf":{"@id":"https:\/\/www.meydan.tv\/az\/#website"},"primaryImageOfPage":{"@id":"https:\/\/www.meydan.tv\/az\/article\/bele-seyler-hec-30-40-ci-illerde-de-olmayib\/#primaryimage"},"image":{"@id":"https:\/\/www.meydan.tv\/az\/article\/bele-seyler-hec-30-40-ci-illerde-de-olmayib\/#primaryimage"},"thumbnailUrl":"https:\/\/www.meydan.tv\/wp-content\/uploads\/9596.jpg","datePublished":"2015-06-07T17:30:19+00:00","breadcrumb":{"@id":"https:\/\/www.meydan.tv\/az\/article\/bele-seyler-hec-30-40-ci-illerde-de-olmayib\/#breadcrumb"},"inLanguage":"az","potentialAction":[{"@type":"ReadAction","target":["https:\/\/www.meydan.tv\/az\/article\/bele-seyler-hec-30-40-ci-illerde-de-olmayib\/"]}]},{"@type":"ImageObject","inLanguage":"az","@id":"https:\/\/www.meydan.tv\/az\/article\/bele-seyler-hec-30-40-ci-illerde-de-olmayib\/#primaryimage","url":"https:\/\/www.meydan.tv\/wp-content\/uploads\/9596.jpg","contentUrl":"https:\/\/www.meydan.tv\/wp-content\/uploads\/9596.jpg","width":500,"height":500,"caption":"Source:"},{"@type":"BreadcrumbList","@id":"https:\/\/www.meydan.tv\/az\/article\/bele-seyler-hec-30-40-ci-illerde-de-olmayib\/#breadcrumb","itemListElement":[{"@type":"ListItem","position":1,"name":"Ana s\u0259hif\u0259","item":"https:\/\/www.meydan.tv\/az\/"},{"@type":"ListItem","position":2,"name":"M\u0259nim Fikrimc\u0259","item":"https:\/\/www.meydan.tv\/az\/section\/menim-fikrimce\/"},{"@type":"ListItem","position":3,"name":"Bel\u0259 \u015feyl\u0259r he\u00e7 30-40-c\u0131 ill\u0259rd\u0259 d\u0259 olmay\u0131b"}]},{"@type":"WebSite","@id":"https:\/\/www.meydan.tv\/az\/#website","url":"https:\/\/www.meydan.tv\/az\/","name":"MEYDAN.TV","description":"Meydan TV Az\u0259rbaycan\u0131n media m\u0259kan\u0131ndak\u0131 alternativ s\u0259sidir","publisher":{"@id":"https:\/\/www.meydan.tv\/az\/#organization"},"potentialAction":[{"@type":"SearchAction","target":{"@type":"EntryPoint","urlTemplate":"https:\/\/www.meydan.tv\/az\/?s={search_term_string}"},"query-input":{"@type":"PropertyValueSpecification","valueRequired":true,"valueName":"search_term_string"}}],"inLanguage":"az"},{"@type":"Organization","@id":"https:\/\/www.meydan.tv\/az\/#organization","name":"Meydan TV","url":"https:\/\/www.meydan.tv\/az\/","logo":{"@type":"ImageObject","inLanguage":"az","@id":"https:\/\/www.meydan.tv\/az\/#\/schema\/logo\/image\/","url":"https:\/\/www.meydan.tv\/wp-content\/uploads\/2021\/07\/meydan-logo.svg","contentUrl":"https:\/\/www.meydan.tv\/wp-content\/uploads\/2021\/07\/meydan-logo.svg","width":195,"height":46,"caption":"Meydan TV"},"image":{"@id":"https:\/\/www.meydan.tv\/az\/#\/schema\/logo\/image\/"}},{"@type":"Person","@id":"https:\/\/www.meydan.tv\/az\/#\/schema\/person\/10d11eccf6da3662cf5fdab9806ea91a","name":"user-manager"}]}},"_links":{"self":[{"href":"https:\/\/www.meydan.tv\/az\/wp-json\/wp\/v2\/posts\/168272","targetHints":{"allow":["GET"]}}],"collection":[{"href":"https:\/\/www.meydan.tv\/az\/wp-json\/wp\/v2\/posts"}],"about":[{"href":"https:\/\/www.meydan.tv\/az\/wp-json\/wp\/v2\/types\/post"}],"author":[{"embeddable":true,"href":"https:\/\/www.meydan.tv\/az\/wp-json\/wp\/v2\/users\/11"}],"replies":[{"embeddable":true,"href":"https:\/\/www.meydan.tv\/az\/wp-json\/wp\/v2\/comments?post=168272"}],"version-history":[{"count":0,"href":"https:\/\/www.meydan.tv\/az\/wp-json\/wp\/v2\/posts\/168272\/revisions"}],"wp:featuredmedia":[{"embeddable":true,"href":"https:\/\/www.meydan.tv\/az\/wp-json\/wp\/v2\/media\/26153"}],"wp:attachment":[{"href":"https:\/\/www.meydan.tv\/az\/wp-json\/wp\/v2\/media?parent=168272"}],"wp:term":[{"taxonomy":"category","embeddable":true,"href":"https:\/\/www.meydan.tv\/az\/wp-json\/wp\/v2\/categories?post=168272"},{"taxonomy":"post_tag","embeddable":true,"href":"https:\/\/www.meydan.tv\/az\/wp-json\/wp\/v2\/tags?post=168272"}],"curies":[{"name":"wp","href":"https:\/\/api.w.org\/{rel}","templated":true}]}}