{"id":168262,"date":"2015-06-06T18:14:08","date_gmt":"2015-06-06T18:14:08","guid":{"rendered":"https:\/\/www.meydan.tv\/article\/kend-gencinin-baki-nagili\/"},"modified":"2015-06-06T18:14:08","modified_gmt":"2015-06-06T18:14:08","slug":"kend-gencinin-baki-nagili","status":"publish","type":"post","link":"https:\/\/www.meydan.tv\/az\/article\/kend-gencinin-baki-nagili\/","title":{"rendered":"K\u0259nd g\u0259ncinin Bak\u0131 na\u011f\u0131l\u0131"},"content":{"rendered":"<figure class=\"wp-block-image size-large\">\n  <img decoding=\"async\" src=\"https:\/\/www.meydan.tv\/az\/21166\/\" alt=\"\" class=\"wp-image-21166\"\/><figcaption><\/figcaption><\/figure>\n<figure class=\"wp-block-image size-large\">\n  <img decoding=\"async\" src=\"https:\/\/www.meydan.tv\/az\/21169\/\" alt=\"\" class=\"wp-image-21169\"\/><figcaption><\/figcaption><\/figure>\n<p>\n  2015-ci ild\u0259 bitirdiyim ilk \u0259s\u0259r, Nobel m\u00fckafat\u0131 laureat\u0131 Knut Hamsunun \u201cTorpa\u011f\u0131n b\u0259r\u0259k\u0259ti\u201d \u0259s\u0259ri oldu. A\u00e7\u0131\u011f\u0131, \u0259s\u0259r m\u0259nim \u00fc\u00e7\u00fcn f\u00f6vq\u0259lad\u0259 maraql\u0131 olmad\u0131. Y\u0259ni \u00e7ox t\u0259sirli v\u0259 ax\u0131c\u0131 deyildi. \u018fksin\u0259, gec oxuyub, qurtard\u0131\u011f\u0131m \u0259s\u0259rl\u0259rd\u0259n oldu. \u00c7ox fundamentalist t\u0259sir ba\u011f\u0131\u015flad\u0131. Amma \u0259n\u0259n\u0259vi olaraq, kitabdan \u00e7ox \u015fey g\u00f6t\u00fcrd\u00fcm, \u00f6yr\u0259ndiyim \u00e7ox \u015fey oldu.\n<\/p>\n<p>\n  Bak\u0131da do\u011fulub, ya\u015fasam da, u\u015faql\u0131qdan bayram\u00a0v\u0259 yay t\u0259till\u0259rimi k\u0259ndd\u0259 ke\u00e7irmi\u015f\u0259m. K\u0259ndimizd\u0259 t\u0259s\u0259rr\u00fcfatda, torpaqda \u00e7al\u0131\u015fm\u0131\u015fam. \u018fkin-bi\u00e7in i\u015fi, heyvan-qaraya baxmaq m\u0259n\u0259 yad i\u015fl\u0259r deyil. Ot bi\u00e7m\u0259k, kartof, bib\u0259r, qar\u011f\u0131dal\u0131, qarp\u0131z \u0259km\u0259kd\u0259n, toplamaqdan, at \u00e7apmaqdan, heyvan suvarmaq, qoyun-quzunu otarmaqdan x\u00fcsusi z\u00f6vq alm\u0131\u015fam. Aylarla k\u0259ndd\u0259 ya\u015fam\u0131\u015fam. Bu \u00fczd\u0259n, \u0259s\u0259r m\u0259n\u0259 do\u011fma g\u0259ldi. H\u0259tta kitab\u0131 bitir\u0259n\u0259 yax\u0131n q\u0259h\u0259rl\u0259ndim d\u0259. Ona g\u00f6r\u0259 ki, m\u0259n\u0259 do\u011fma g\u0259l\u0259n h\u0259yat t\u0259rzi v\u0259 q\u0259hr\u0259manlarla vidala\u015f\u0131rd\u0131m.<br \/>\n  \n<\/p>\n<p>\n  \u018fs\u0259r haqq\u0131nda. \u00abTorpa\u011f\u0131n b\u0259r\u0259k\u0259ti\u00bb (1917) roman\u0131 XX \u0259sr d\u00fcnya \u0259d\u0259biyyat\u0131n\u0131n \u0259n monumental epik \u0259s\u0259rl\u0259rind\u0259n biridir. \u018fs\u0259rin t\u0259hkiy\u0259si onun q\u0259hr\u0259manlar\u0131n\u0131n h\u0259yat\u0131 kimi araml\u0131 v\u0259 sakitdir. Bo\u015f, he\u00e7 k\u0259s t\u0259r\u0259find\u0259n bec\u0259rilm\u0259y\u0259n d\u00f6vl\u0259t\u0259 m\u0259xsus me\u015f\u0259lik sah\u0259y\u0259 \u0130saak adl\u0131 bir adam g\u0259lib, burada i\u015fl\u0259m\u0259y\u0259 ba\u015flay\u0131r. Bir m\u00fcdd\u0259td\u0259n sonra onun yan\u0131na bataql\u0131qdak\u0131 c\u0131\u011f\u0131rdan ke\u00e7\u0259r\u0259k, \u0130nger adl\u0131 bir qad\u0131n da g\u0259lir. \u018fvv\u0259lc\u0259 o, \u0130saak\u0131n yan\u0131nda i\u015f\u00e7i kimi \u00e7al\u0131\u015f\u0131r, sonra is\u0259 onlar evl\u0259nirl\u0259r\u2026<br \/>\n  <br \/>\n  \u0130saak v\u0259 \u0130ngerin d\u00fc\u015f\u00fcnc\u0259l\u0259ri, duy\u011fular\u0131, z\u0259hm\u0259t v\u0259 xo\u015fb\u0259xtlik dolu h\u0259yatlar\u0131t\u0259k sad\u0259 olsa da, primitiv deyil. Lakin \u0130nger t\u0259z\u0259 do\u011fulmu\u015f dov\u015fandodaq q\u0131z\u0131n\u0131 t\u0259l\u0259f etdiyi \u00fc\u00e7\u00fcn h\u0259bs olunur v\u0259 \u0130saak yeddi il t\u0259k qalmal\u0131 olur.<br \/>\n  <br \/>\n  Roman \u00fcr\u0259yind\u0259 torpaq sevgisi olanlara m\u0259n\u0259vi qida verir. Hamsun a\u00e7\u0131q publisistikaya m\u00fcraci\u0259t etm\u0259d\u0259n, s\u0131rf b\u0259dii vasit\u0259l\u0259rd\u0259n istifad\u0259 etm\u0259kl\u0259, k\u0259nd h\u0259yat\u0131n\u0131n \u015f\u0259h\u0259rd\u0259n \u00fcst\u00fcnl\u00fcy\u00fc ideyas\u0131n\u0131 ir\u0259li s\u00fcr\u00fcr. Onun torpa\u011fa ba\u011fl\u0131 olan b\u00fct\u00fcn q\u0259hr\u0259manlar\u0131 h\u0259yat\u0131n \u00e7\u0259tinlikl\u0259rin\u0259 v\u0259 s\u0131naqlar\u0131na \u0259zml\u0259 sin\u0259 g\u0259rirl\u0259r. Do\u011fma torpaqdan uzaq d\u00fc\u015f\u0259nl\u0259r is\u0259 narahat, qeyri-sabit h\u0259yat s\u00fcr\u0259r\u0259k b\u0259db\u0259xt insanlara \u00e7evrilirl\u0259r.<br \/>\n  <br \/>\n  \u018fs\u0259r \u00e7ox b\u00f6y\u00fck u\u011fur qazanaraq, 1920-ci ild\u0259 Nobel s\u00fclh m\u00fckafat\u0131na layiq g\u00f6r\u00fclm\u00fc\u015f, d\u00fcnyan\u0131n \u0259ks\u0259r dill\u0259rin\u0259 t\u0259rc\u00fcm\u0259 olunaraq, m\u00fc\u0259llifin\u0259 d\u00fcnya \u015f\u00f6hr\u0259ti qazand\u0131r\u0131b.\n<\/p>\n<p>\n  O q\u0259d\u0259r d\u0259 \u00e7ox b\u0259y\u0259nm\u0259diyim bir \u0259s\u0259r haqq\u0131nda bu q\u0259d\u0259r \u015fey yazma\u011f\u0131mda t\u0259bii ki, s\u0259b\u0259b var. Bu g\u00fcn Az\u0259rbaycan k\u0259ndlisi torpaqda i\u015fl\u0259m\u0259k ist\u0259mir. El\u0259 olmasa, zat\u0259n \u0130ran v\u0259 T\u00fcrkiy\u0259d\u0259n g\u0259tiril\u0259n \u00e7e\u015fidli v\u0259 az keyfiyy\u0259tli k\u0259nd t\u0259s\u0259rr\u00fcfat\u0131 mallar\u0131n\u0131 istehlak etm\u0259zdik. H\u0259min az keyfiyy\u0259tli mallar\u0131 ad\u0131n\u0131 \u00e7\u0259kdiyim \u00f6lk\u0259l\u0259rd\u0259 \u00e7ox insanlar istifad\u0259 etmirl\u0259r. \u00c7oxunun vaxt\u0131 ke\u00e7ir v\u0259 ucuz qiym\u0259t\u0259 o keyfiyy\u0259tsiz mallar\u0131 el\u0259 \u00f6z\u00fcm\u00fczk\u00fcl\u0259r bizim 9 iqlim\u0259 v\u0259 z\u0259ngin t\u0259bi\u0259t\u0259 malik \u00f6lk\u0259miz\u0259 da\u015f\u0131y\u0131rlar. Bizl\u0259r d\u0259 h\u0259min \u201cotxod\u201dlar\u0131 yeyir, sonra is\u0259 \u00f6z\u00fcm\u00fczd\u0259 min c\u00fcr x\u0259st\u0259lik oldu\u011funu a\u015fikar ed\u0259r\u0259k, \u00f6lk\u0259mizin aptek bazar\u0131na y\u00fcks\u0259k g\u0259lir g\u0259tiririk.\n<\/p>\n<p>\n  H\u0259r \u015feyi h\u00f6k\u00fcm\u0259tin \u00fcst\u00fcn\u0259 at\u0131b, \u015fikay\u0259t etm\u0259k ay\u0131bd\u0131r. H\u0259r k\u0259s yax\u015f\u0131 anlay\u0131r ki, sistemd\u0259 b\u00f6y\u00fck bo\u015fluqlar var v\u0259 h\u0259min sistem insanlar\u0131 h\u0259r i\u015fd\u0259 d\u00fcr\u00fcst v\u0259 yax\u015f\u0131 adam olma\u011fa s\u0259sl\u0259mir. Amma bu, ona imkan vermir ki, sistemi bayraq edib, g\u00fcn\u00fc-g\u00fcnd\u0259n passivl\u0259\u015f\u0259s\u0259n. Knut Hamsun el\u0259-bel\u0259d\u0259n \u0259s\u0259rinin ad\u0131n\u0131 \u201cTorpa\u011f\u0131n b\u0259r\u0259k\u0259ti\u201d adland\u0131rmay\u0131b. O torpa\u011f\u0131n orada z\u0259hm\u0259tl\u0259 i\u015fl\u0259dikc\u0259 nec\u0259 insana b\u0259r\u0259k\u0259t g\u0259tirdiyini b\u00fct\u00fcn detallar\u0131 il\u0259 a\u00e7\u0131qlay\u0131r. Knut Hamsunun \u00f6z\u00fcn\u00fcn \u00e7ox a\u011f\u0131r h\u0259yat\u0131 olub v\u0259 o, \u00f6z\u00fcd\u0259 ya\u015fad\u0131\u011f\u0131 Norve\u00e7d\u0259 m\u0259hz \u0259s\u0259rind\u0259 oldu\u011fu kimi torpaqdan b\u0259r\u0259k\u0259t al\u0131b.\n<\/p>\n<p>\n  M\u0259n adam tan\u0131y\u0131ram, rayonda yax\u015f\u0131 heyvan-qaras\u0131, geni\u015f meyv\u0259 v\u0259 \u0259kin\u00e7ilik sah\u0259si olmas\u0131na r\u0259\u011fm\u0259n, valideynl\u0259rin\u0259 k\u00f6m\u0259k etm\u0259kd\u0259n imtina edib. Bak\u0131da kiray\u0259 ev tutaraq, hans\u0131sa tikinti \u015firk\u0259tind\u0259 f\u0259hl\u0259lik etm\u0259yi \u00fcst\u00fcn tutmu\u015fdu. H\u0259qiq\u0259t\u0259n d\u0259 h\u0259min geni\u015f v\u0259 z\u0259ngin torpaqlar\u0131 i\u015fl\u0259dikc\u0259, onlara b\u0259r\u0259k\u0259t g\u0259tirirdi. H\u0259min o\u011flan is\u0259 k\u0259ndd\u0259 i\u015fl\u0259yib, m\u0259hsuldarl\u0131\u011f\u0131 art\u0131rmaq \u0259v\u0259zin\u0259, Bak\u0131n\u0131n d\u0259bd\u0259b\u0259li v\u0259 i\u015f\u0131ql\u0131 g\u00f6r\u00fcn\u00fc\u015f\u00fcn\u0259 aldand\u0131. Burdak\u0131 q\u0259\u015f\u0259ng, yara\u015f\u0131ql\u0131 binalar, qad\u0131nlar v\u0259 bulvar onun \u00fc\u00e7\u00fcn sanki t\u0259\u015fn\u0259sind\u0259 oldu\u011fu azadl\u0131q kimi bir \u015fey idi.\n<\/p>\n<p>\n  N\u0259tic\u0259d\u0259 n\u0259 oldu? O oldu ki, h\u0259min \u201cazadl\u0131q v\u0259 d\u0259bd\u0259b\u0259\u201d e\u015fqi ona baha ba\u015fa g\u0259ldi. Adam i\u015fl\u0259diyi tikinti \u015firk\u0259tind\u0259 y\u0131x\u0131laraq, a\u011f\u0131r onur\u011fa travmas\u0131 ald\u0131. Bu g\u00fcn h\u0259min o\u011flan yen\u0259d\u0259 \u00f6z k\u0259ndl\u0259rind\u0259dir v\u0259 ald\u0131\u011f\u0131 travmada sonra yerim\u0259diyi \u00fc\u00e7\u00fcn, \u0259lil arabas\u0131ndan istifad\u0259 edir. Bak\u0131da bir d\u0259f\u0259 onunla reabilitasiya m\u0259rk\u0259zind\u0259 olanda anas\u0131 biz\u0259 demi\u015fdi ki, \u201cN\u0259 q\u0259d\u0259r yalvard\u0131m, getm\u0259 Bak\u0131ya. Dedim, qal, biz\u0259 k\u00f6m\u0259k et. Yax\u015f\u0131 da g\u0259lirimiz var idi. Xeyri olmad\u0131\u201d.\n<\/p>\n<p>\n  H\u0259min o\u011flan\u0131n qarda\u015f\u0131 da bu g\u00fcn Bak\u0131da kiray\u0259 qal\u0131r v\u0259 ba\u011f-ba\u011f\u00e7a ustas\u0131 kimi f\u0259aliyy\u0259t g\u00f6st\u0259rir. Z\u0259hm\u0259ti \u00e7\u0259k\u0259n is\u0259 ya\u015f\u0131 55 d\u0259n yuxar\u0131 olan valideynl\u0259rdi.\n<\/p>\n<p>\n  Bel\u0259 adamlar \u00e7oxdu Bak\u0131da. Onlar b\u00f6y\u00fck i\u015f\u0131\u011fa toplanm\u0131\u015f p\u0259rvan\u0259 kimidil\u0259r. Onlar n\u0259 t\u0259hsil almaq ist\u0259yir, n\u0259 d\u0259 \u00f6z h\u0259y\u0259t-bacalar\u0131nda i\u015fl\u0259m\u0259k ist\u0259mirl\u0259r. Bak\u0131ya d\u00fc\u015f\u0259n kimi, f\u0259hl\u0259\u00e7ilikd\u0259n \u0259ld\u0259 etdikl\u0259ri ilk maa\u015fla \u0259n bahal\u0131 mobil telefonu kredit\u0259 g\u00f6t\u00fcr\u0259r\u0259k, sosial \u015f\u0259b\u0259k\u0259l\u0259rd\u0259 v\u0259 tan\u0131\u015fl\u0131q \u00e7atlar\u0131nda qeydiyyatdan ke\u00e7ib, xan\u0131mlarla tan\u0131\u015f olma\u011fa \u00e7al\u0131\u015f\u0131rlar. Istirah\u0259t g\u00fcnl\u0259rind\u0259 d\u0259 \u015f\u0259h\u0259rin can\u0131na d\u00fc\u015f\u00fcb, onun-bunun q\u0131z\u0131na, g\u0259linin\u0259 sata\u015f\u0131rlar.\n<\/p>\n<p>\n  \u00c7ox vaxt k\u0259nd\u0259 ged\u0259nd\u0259, m\u00fc\u015fahid\u0259 etdiyim bir \u015feyi yazmaq ist\u0259yir\u0259m siz\u0259. K\u0259ndd\u0259ki qohum v\u0259 qon\u015fular\u0131m\u0131z\u0131n sutkan\u0131n \u00e7oxunu yuxuda olmas\u0131d\u0131r. Adamlar s\u0259h\u0259r doqquzda-onda g\u00fccl\u0259 durub, s\u0259h\u0259r yem\u0259yi yeyib, bir az heyvan-qaran\u0131 yeml\u0259yib, \u0259kin sah\u0259sin\u0259 su verdikd\u0259n sonra, g\u00fcnorta saat bir-iki olan kimi ham\u0131l\u0131qla yat\u0131rlar. Bir d\u0259 saat alt\u0131-yeddid\u0259 oyan\u0131b dig\u0259r yar\u0131m\u00e7\u0131q qalan i\u015fl\u0259rini davam etdirirl\u0259r. M\u0259n \u00f6m\u00fcr-billah he\u00e7 vaxt k\u0259ndd\u0259 g\u00fcnortalar yatm\u0131ram. \u00dcmumiyy\u0259tl\u0259, \u00e7ox yatan biri deyil\u0259m. M\u00fc\u015fahid\u0259m onu bildirir ki, insanlar \u00e7ox az i\u015fl\u0259yirl\u0259r. \u018fsas da g\u0259ncl\u0259r t\u0259hsil\u0259 sanki bir d\u00fc\u015fm\u0259n\u0259 bax\u0131rm\u0131\u015f kimi bax\u0131b, bacard\u0131qca uzaq g\u0259z\u0259r\u0259k, telefonda baya\u011f\u0131 musiqil\u0259ri dinl\u0259yib, t\u0259nb\u0259l manqurtlara \u00e7evrilirl\u0259r.\n<\/p>\n<p>\n  Bu, \u00e7ox cidddi m\u0259s\u0259l\u0259di v\u0259 b\u00f6y\u00fck islahata ehtiyac var. Bunun \u00fc\u00e7\u00fcn d\u0259 t\u0259nb\u0259lliyin da\u015f\u0131n\u0131 at\u0131b, torpaqda \u00e7al\u0131\u015faraq, ora b\u0259r\u0259k\u0259t g\u0259tirm\u0259liyik. Bilmir\u0259m, m\u00fcqayis\u0259 n\u0259 d\u0259r\u0259c\u0259d\u0259 d\u00fczg\u00fcn olacaq, amma Norve\u00e7 y\u00fcz il bundan \u0259vv\u0259lki \u0130saak v\u0259 \u0130ngerl\u0259rin z\u0259hm\u0259ti hesab\u0131na Norve\u00e7 olub. Bu g\u00fcn is\u0259 bizim \u00f6lk\u0259 t\u0259kc\u0259 k\u0259nd t\u0259s\u0259rr\u00fcfat\u0131 deyil, b\u00fct\u00fcn sah\u0259l\u0259r \u00fczr\u0259 onlardan y\u00fcz il gerid\u0259yik. N\u0259tic\u0259 \u00e7ixartma\u011f\u0131 siz\u0259 burax\u0131ram.\n<\/p>\n<p>\n  <b><br \/>\n    Yaz\u0131dak\u0131 fikirl\u0259r m\u00fc\u0259llif\u0259 m\u0259xsusdur v\u0259 onlara g\u00f6r\u0259 Meydan TV m\u0259suliyy\u0259t da\u015f\u0131m\u0131r.<br \/>\n  <\/b><\/p>\n","protected":false},"excerpt":{"rendered":"<p>Maldarlqdan f\u0259hl\u0259liy\u0259 aparan arzular&#8230;<\/p>\n","protected":false},"author":11,"featured_media":21166,"comment_status":"closed","ping_status":"open","sticky":false,"template":"","format":"standard","meta":{"_acf_changed":false,"_sitemap_exclude":false,"_sitemap_priority":"","_sitemap_frequency":"","footnotes":""},"categories":[57],"tags":[],"class_list":["post-168262","post","type-post","status-publish","format-standard","has-post-thumbnail","hentry","category-menim-fikrimce","infinite-scroll-item","generate-columns","tablet-grid-50","mobile-grid-100","grid-parent","grid-33","no-featured-image-padding"],"acf":[],"yoast_head":"<!-- This site is optimized with the Yoast SEO plugin v27.5 - https:\/\/yoast.com\/product\/yoast-seo-wordpress\/ -->\n<title>K\u0259nd g\u0259ncinin Bak\u0131 na\u011f\u0131l\u0131 - MEYDAN.TV<\/title>\n<meta name=\"robots\" content=\"index, follow, max-snippet:-1, max-image-preview:large, max-video-preview:-1\" \/>\n<link rel=\"canonical\" href=\"https:\/\/www.meydan.tv\/az\/article\/kend-gencinin-baki-nagili\/\" \/>\n<meta property=\"og:locale\" content=\"az_AZ\" \/>\n<meta property=\"og:type\" content=\"article\" \/>\n<meta property=\"og:title\" content=\"K\u0259nd g\u0259ncinin Bak\u0131 na\u011f\u0131l\u0131 - MEYDAN.TV\" \/>\n<meta property=\"og:description\" content=\"Maldarlqdan f\u0259hl\u0259liy\u0259 aparan arzular...\" \/>\n<meta property=\"og:url\" content=\"https:\/\/www.meydan.tv\/az\/article\/kend-gencinin-baki-nagili\/\" \/>\n<meta property=\"og:site_name\" content=\"MEYDAN.TV\" \/>\n<meta property=\"article:published_time\" content=\"2015-06-06T18:14:08+00:00\" \/>\n<meta property=\"og:image\" content=\"https:\/\/www.meydan.tv\/wp-content\/uploads\/7879.jpg\" \/>\n\t<meta property=\"og:image:width\" content=\"500\" \/>\n\t<meta property=\"og:image:height\" content=\"500\" \/>\n\t<meta property=\"og:image:type\" content=\"image\/jpeg\" \/>\n<meta name=\"author\" content=\"user-manager\" \/>\n<meta name=\"twitter:card\" content=\"summary_large_image\" \/>\n<script type=\"application\/ld+json\" class=\"yoast-schema-graph\">{\"@context\":\"https:\\\/\\\/schema.org\",\"@graph\":[{\"@type\":\"Article\",\"@id\":\"https:\\\/\\\/www.meydan.tv\\\/az\\\/article\\\/kend-gencinin-baki-nagili\\\/#article\",\"isPartOf\":{\"@id\":\"https:\\\/\\\/www.meydan.tv\\\/az\\\/article\\\/kend-gencinin-baki-nagili\\\/\"},\"author\":{\"name\":\"user-manager\",\"@id\":\"https:\\\/\\\/www.meydan.tv\\\/az\\\/#\\\/schema\\\/person\\\/10d11eccf6da3662cf5fdab9806ea91a\"},\"headline\":\"K\u0259nd g\u0259ncinin Bak\u0131 na\u011f\u0131l\u0131\",\"datePublished\":\"2015-06-06T18:14:08+00:00\",\"mainEntityOfPage\":{\"@id\":\"https:\\\/\\\/www.meydan.tv\\\/az\\\/article\\\/kend-gencinin-baki-nagili\\\/\"},\"wordCount\":1479,\"publisher\":{\"@id\":\"https:\\\/\\\/www.meydan.tv\\\/az\\\/#organization\"},\"image\":{\"@id\":\"https:\\\/\\\/www.meydan.tv\\\/az\\\/article\\\/kend-gencinin-baki-nagili\\\/#primaryimage\"},\"thumbnailUrl\":\"https:\\\/\\\/www.meydan.tv\\\/wp-content\\\/uploads\\\/7879.jpg\",\"articleSection\":[\"M\u0259nim Fikrimc\u0259\"],\"inLanguage\":\"az\"},{\"@type\":\"WebPage\",\"@id\":\"https:\\\/\\\/www.meydan.tv\\\/az\\\/article\\\/kend-gencinin-baki-nagili\\\/\",\"url\":\"https:\\\/\\\/www.meydan.tv\\\/az\\\/article\\\/kend-gencinin-baki-nagili\\\/\",\"name\":\"K\u0259nd g\u0259ncinin Bak\u0131 na\u011f\u0131l\u0131 - MEYDAN.TV\",\"isPartOf\":{\"@id\":\"https:\\\/\\\/www.meydan.tv\\\/az\\\/#website\"},\"primaryImageOfPage\":{\"@id\":\"https:\\\/\\\/www.meydan.tv\\\/az\\\/article\\\/kend-gencinin-baki-nagili\\\/#primaryimage\"},\"image\":{\"@id\":\"https:\\\/\\\/www.meydan.tv\\\/az\\\/article\\\/kend-gencinin-baki-nagili\\\/#primaryimage\"},\"thumbnailUrl\":\"https:\\\/\\\/www.meydan.tv\\\/wp-content\\\/uploads\\\/7879.jpg\",\"datePublished\":\"2015-06-06T18:14:08+00:00\",\"breadcrumb\":{\"@id\":\"https:\\\/\\\/www.meydan.tv\\\/az\\\/article\\\/kend-gencinin-baki-nagili\\\/#breadcrumb\"},\"inLanguage\":\"az\",\"potentialAction\":[{\"@type\":\"ReadAction\",\"target\":[\"https:\\\/\\\/www.meydan.tv\\\/az\\\/article\\\/kend-gencinin-baki-nagili\\\/\"]}]},{\"@type\":\"ImageObject\",\"inLanguage\":\"az\",\"@id\":\"https:\\\/\\\/www.meydan.tv\\\/az\\\/article\\\/kend-gencinin-baki-nagili\\\/#primaryimage\",\"url\":\"https:\\\/\\\/www.meydan.tv\\\/wp-content\\\/uploads\\\/7879.jpg\",\"contentUrl\":\"https:\\\/\\\/www.meydan.tv\\\/wp-content\\\/uploads\\\/7879.jpg\",\"width\":500,\"height\":500,\"caption\":\"Source:\"},{\"@type\":\"BreadcrumbList\",\"@id\":\"https:\\\/\\\/www.meydan.tv\\\/az\\\/article\\\/kend-gencinin-baki-nagili\\\/#breadcrumb\",\"itemListElement\":[{\"@type\":\"ListItem\",\"position\":1,\"name\":\"Ana s\u0259hif\u0259\",\"item\":\"https:\\\/\\\/www.meydan.tv\\\/az\\\/\"},{\"@type\":\"ListItem\",\"position\":2,\"name\":\"M\u0259nim Fikrimc\u0259\",\"item\":\"https:\\\/\\\/www.meydan.tv\\\/az\\\/section\\\/menim-fikrimce\\\/\"},{\"@type\":\"ListItem\",\"position\":3,\"name\":\"K\u0259nd g\u0259ncinin Bak\u0131 na\u011f\u0131l\u0131\"}]},{\"@type\":\"WebSite\",\"@id\":\"https:\\\/\\\/www.meydan.tv\\\/az\\\/#website\",\"url\":\"https:\\\/\\\/www.meydan.tv\\\/az\\\/\",\"name\":\"MEYDAN.TV\",\"description\":\"Meydan TV Az\u0259rbaycan\u0131n media m\u0259kan\u0131ndak\u0131 alternativ s\u0259sidir\",\"publisher\":{\"@id\":\"https:\\\/\\\/www.meydan.tv\\\/az\\\/#organization\"},\"potentialAction\":[{\"@type\":\"SearchAction\",\"target\":{\"@type\":\"EntryPoint\",\"urlTemplate\":\"https:\\\/\\\/www.meydan.tv\\\/az\\\/?s={search_term_string}\"},\"query-input\":{\"@type\":\"PropertyValueSpecification\",\"valueRequired\":true,\"valueName\":\"search_term_string\"}}],\"inLanguage\":\"az\"},{\"@type\":\"Organization\",\"@id\":\"https:\\\/\\\/www.meydan.tv\\\/az\\\/#organization\",\"name\":\"Meydan TV\",\"url\":\"https:\\\/\\\/www.meydan.tv\\\/az\\\/\",\"logo\":{\"@type\":\"ImageObject\",\"inLanguage\":\"az\",\"@id\":\"https:\\\/\\\/www.meydan.tv\\\/az\\\/#\\\/schema\\\/logo\\\/image\\\/\",\"url\":\"https:\\\/\\\/www.meydan.tv\\\/wp-content\\\/uploads\\\/2021\\\/07\\\/meydan-logo.svg\",\"contentUrl\":\"https:\\\/\\\/www.meydan.tv\\\/wp-content\\\/uploads\\\/2021\\\/07\\\/meydan-logo.svg\",\"width\":195,\"height\":46,\"caption\":\"Meydan TV\"},\"image\":{\"@id\":\"https:\\\/\\\/www.meydan.tv\\\/az\\\/#\\\/schema\\\/logo\\\/image\\\/\"}},{\"@type\":\"Person\",\"@id\":\"https:\\\/\\\/www.meydan.tv\\\/az\\\/#\\\/schema\\\/person\\\/10d11eccf6da3662cf5fdab9806ea91a\",\"name\":\"user-manager\"}]}<\/script>\n<!-- \/ Yoast SEO plugin. -->","yoast_head_json":{"title":"K\u0259nd g\u0259ncinin Bak\u0131 na\u011f\u0131l\u0131 - MEYDAN.TV","robots":{"index":"index","follow":"follow","max-snippet":"max-snippet:-1","max-image-preview":"max-image-preview:large","max-video-preview":"max-video-preview:-1"},"canonical":"https:\/\/www.meydan.tv\/az\/article\/kend-gencinin-baki-nagili\/","og_locale":"az_AZ","og_type":"article","og_title":"K\u0259nd g\u0259ncinin Bak\u0131 na\u011f\u0131l\u0131 - MEYDAN.TV","og_description":"Maldarlqdan f\u0259hl\u0259liy\u0259 aparan arzular...","og_url":"https:\/\/www.meydan.tv\/az\/article\/kend-gencinin-baki-nagili\/","og_site_name":"MEYDAN.TV","article_published_time":"2015-06-06T18:14:08+00:00","og_image":[{"width":500,"height":500,"url":"https:\/\/www.meydan.tv\/wp-content\/uploads\/7879.jpg","type":"image\/jpeg"}],"author":"user-manager","twitter_card":"summary_large_image","schema":{"@context":"https:\/\/schema.org","@graph":[{"@type":"Article","@id":"https:\/\/www.meydan.tv\/az\/article\/kend-gencinin-baki-nagili\/#article","isPartOf":{"@id":"https:\/\/www.meydan.tv\/az\/article\/kend-gencinin-baki-nagili\/"},"author":{"name":"user-manager","@id":"https:\/\/www.meydan.tv\/az\/#\/schema\/person\/10d11eccf6da3662cf5fdab9806ea91a"},"headline":"K\u0259nd g\u0259ncinin Bak\u0131 na\u011f\u0131l\u0131","datePublished":"2015-06-06T18:14:08+00:00","mainEntityOfPage":{"@id":"https:\/\/www.meydan.tv\/az\/article\/kend-gencinin-baki-nagili\/"},"wordCount":1479,"publisher":{"@id":"https:\/\/www.meydan.tv\/az\/#organization"},"image":{"@id":"https:\/\/www.meydan.tv\/az\/article\/kend-gencinin-baki-nagili\/#primaryimage"},"thumbnailUrl":"https:\/\/www.meydan.tv\/wp-content\/uploads\/7879.jpg","articleSection":["M\u0259nim Fikrimc\u0259"],"inLanguage":"az"},{"@type":"WebPage","@id":"https:\/\/www.meydan.tv\/az\/article\/kend-gencinin-baki-nagili\/","url":"https:\/\/www.meydan.tv\/az\/article\/kend-gencinin-baki-nagili\/","name":"K\u0259nd g\u0259ncinin Bak\u0131 na\u011f\u0131l\u0131 - MEYDAN.TV","isPartOf":{"@id":"https:\/\/www.meydan.tv\/az\/#website"},"primaryImageOfPage":{"@id":"https:\/\/www.meydan.tv\/az\/article\/kend-gencinin-baki-nagili\/#primaryimage"},"image":{"@id":"https:\/\/www.meydan.tv\/az\/article\/kend-gencinin-baki-nagili\/#primaryimage"},"thumbnailUrl":"https:\/\/www.meydan.tv\/wp-content\/uploads\/7879.jpg","datePublished":"2015-06-06T18:14:08+00:00","breadcrumb":{"@id":"https:\/\/www.meydan.tv\/az\/article\/kend-gencinin-baki-nagili\/#breadcrumb"},"inLanguage":"az","potentialAction":[{"@type":"ReadAction","target":["https:\/\/www.meydan.tv\/az\/article\/kend-gencinin-baki-nagili\/"]}]},{"@type":"ImageObject","inLanguage":"az","@id":"https:\/\/www.meydan.tv\/az\/article\/kend-gencinin-baki-nagili\/#primaryimage","url":"https:\/\/www.meydan.tv\/wp-content\/uploads\/7879.jpg","contentUrl":"https:\/\/www.meydan.tv\/wp-content\/uploads\/7879.jpg","width":500,"height":500,"caption":"Source:"},{"@type":"BreadcrumbList","@id":"https:\/\/www.meydan.tv\/az\/article\/kend-gencinin-baki-nagili\/#breadcrumb","itemListElement":[{"@type":"ListItem","position":1,"name":"Ana s\u0259hif\u0259","item":"https:\/\/www.meydan.tv\/az\/"},{"@type":"ListItem","position":2,"name":"M\u0259nim Fikrimc\u0259","item":"https:\/\/www.meydan.tv\/az\/section\/menim-fikrimce\/"},{"@type":"ListItem","position":3,"name":"K\u0259nd g\u0259ncinin Bak\u0131 na\u011f\u0131l\u0131"}]},{"@type":"WebSite","@id":"https:\/\/www.meydan.tv\/az\/#website","url":"https:\/\/www.meydan.tv\/az\/","name":"MEYDAN.TV","description":"Meydan TV Az\u0259rbaycan\u0131n media m\u0259kan\u0131ndak\u0131 alternativ s\u0259sidir","publisher":{"@id":"https:\/\/www.meydan.tv\/az\/#organization"},"potentialAction":[{"@type":"SearchAction","target":{"@type":"EntryPoint","urlTemplate":"https:\/\/www.meydan.tv\/az\/?s={search_term_string}"},"query-input":{"@type":"PropertyValueSpecification","valueRequired":true,"valueName":"search_term_string"}}],"inLanguage":"az"},{"@type":"Organization","@id":"https:\/\/www.meydan.tv\/az\/#organization","name":"Meydan TV","url":"https:\/\/www.meydan.tv\/az\/","logo":{"@type":"ImageObject","inLanguage":"az","@id":"https:\/\/www.meydan.tv\/az\/#\/schema\/logo\/image\/","url":"https:\/\/www.meydan.tv\/wp-content\/uploads\/2021\/07\/meydan-logo.svg","contentUrl":"https:\/\/www.meydan.tv\/wp-content\/uploads\/2021\/07\/meydan-logo.svg","width":195,"height":46,"caption":"Meydan TV"},"image":{"@id":"https:\/\/www.meydan.tv\/az\/#\/schema\/logo\/image\/"}},{"@type":"Person","@id":"https:\/\/www.meydan.tv\/az\/#\/schema\/person\/10d11eccf6da3662cf5fdab9806ea91a","name":"user-manager"}]}},"_links":{"self":[{"href":"https:\/\/www.meydan.tv\/az\/wp-json\/wp\/v2\/posts\/168262","targetHints":{"allow":["GET"]}}],"collection":[{"href":"https:\/\/www.meydan.tv\/az\/wp-json\/wp\/v2\/posts"}],"about":[{"href":"https:\/\/www.meydan.tv\/az\/wp-json\/wp\/v2\/types\/post"}],"author":[{"embeddable":true,"href":"https:\/\/www.meydan.tv\/az\/wp-json\/wp\/v2\/users\/11"}],"replies":[{"embeddable":true,"href":"https:\/\/www.meydan.tv\/az\/wp-json\/wp\/v2\/comments?post=168262"}],"version-history":[{"count":0,"href":"https:\/\/www.meydan.tv\/az\/wp-json\/wp\/v2\/posts\/168262\/revisions"}],"wp:featuredmedia":[{"embeddable":true,"href":"https:\/\/www.meydan.tv\/az\/wp-json\/wp\/v2\/media\/21166"}],"wp:attachment":[{"href":"https:\/\/www.meydan.tv\/az\/wp-json\/wp\/v2\/media?parent=168262"}],"wp:term":[{"taxonomy":"category","embeddable":true,"href":"https:\/\/www.meydan.tv\/az\/wp-json\/wp\/v2\/categories?post=168262"},{"taxonomy":"post_tag","embeddable":true,"href":"https:\/\/www.meydan.tv\/az\/wp-json\/wp\/v2\/tags?post=168262"}],"curies":[{"name":"wp","href":"https:\/\/api.w.org\/{rel}","templated":true}]}}