{"id":168251,"date":"2015-06-06T02:15:16","date_gmt":"2015-06-06T02:15:16","guid":{"rendered":"https:\/\/www.meydan.tv\/article\/baki-seher-icra-hakimiyyetinde-sikayetcini-aglatdilar-video\/"},"modified":"2015-06-06T02:15:16","modified_gmt":"2015-06-06T02:15:16","slug":"baki-seher-icra-hakimiyyetinde-sikayetcini-aglatdilar-video","status":"publish","type":"post","link":"https:\/\/www.meydan.tv\/az\/article\/baki-seher-icra-hakimiyyetinde-sikayetcini-aglatdilar-video\/","title":{"rendered":"Bak\u0131 \u015e\u0259h\u0259r \u0130cra Hakimiyy\u0259tind\u0259 \u015fikay\u0259t\u00e7ini a\u011flatd\u0131lar (V\u0130DEO)"},"content":{"rendered":"<figure class=\"wp-block-embed is-type-video is-provider-youtube wp-block-embed-youtube wp-embed-aspect-16-9 wp-has-aspect-ratio\">\n<div class=\"wp-block-embed__wrapper\">\n    <iframe loading=\"lazy\"\ttitle=\"\" width=\"1200\" height=\"675\" src=\"https:\/\/www.youtube.com\/embed\/GH9nnSYsjN4\"\tframeborder=\"0\"\tallow=\"accelerometer; autoplay; clipboard-write; encrypted-media; gyroscope; picture-in-picture\" allowfullscreen><\/iframe>\n  <\/div><figcaption><\/figcaption><\/figure>\n<p>\n  \u015e\u0259hid ail\u0259si G\u00fclg\u0259z M\u0259mm\u0259dova Bak\u0131 \u015e\u0259h\u0259r \u0130cra Hakimiyy\u0259tin\u0259 \u015fikay\u0259t\u0259 g\u0259ls\u0259 d\u0259, onu q\u0259bul etm\u0259kd\u0259n imtina edibl\u0259r. \u015eikay\u0259t\u00e7inin s\u00f6zl\u0259rin\u0259 g\u00f6r\u0259, iki il \u0259vv\u0259l evi plana d\u00fc\u015f\u00fcb, ancaq o, m\u0259nzilin\u0259 g\u00f6r\u0259 veril\u0259n m\u0259bl\u0259\u011fl\u0259 raz\u0131la\u015fmay\u0131b. Qad\u0131n iddia edir ki, onu m\u0259nzilind\u0259n silah g\u00fcc\u00fcn\u0259 \u00e7\u0131xar\u0131blar: \u201c\u0130cra Hakimiyy\u0259tinin departamentind\u0259 \u00e7al\u0131\u015fan Vidadi m\u00fc\u0259llim \u00fcst\u00fcm\u0259 silah \u00e7\u0259kdi. Anam bu hadis\u0259d\u0259 d\u00fcnyas\u0131n\u0131 d\u0259yi\u015fib. M\u0259n onlar\u0131n verdiyi pulla raz\u0131la\u015fm\u0131ram, ev ist\u0259yir\u0259m. S\u00f6z verdil\u0259r, aldad\u0131b m\u0259n\u0259 qol \u00e7\u0259kdirdil\u0259r, indi d\u0259 Hac\u0131bala Abutal\u0131bov m\u0259ni q\u0259bul etmir, s\u0259n\u0259dl\u0259rimi \u0259limd\u0259n al\u0131blar\u201d.<br \/>\n  <br \/>\n  G\u00fclg\u0259z M\u0259mm\u0259dova problemi h\u0259ll olunmazsa, intihar ed\u0259c\u0259yini deyir: \u201cM\u0259n \u015f\u0259hid ail\u0259siy\u0259m. \u0130ki \u00f6vlad\u0131m\u0131 v\u0259 h\u0259yat yolda\u015f\u0131m\u0131 erm\u0259nil\u0259r yand\u0131r\u0131b. \u0130ndi d\u0259 m\u0259n \u00f6z\u00fcm\u00fc yand\u0131racam\u201d.<br \/>\n  <br \/>\n  Meydan TV Bak\u0131 \u015f\u0259h\u0259r \u0130cra Hakimiyy\u0259tini d\u0259f\u0259l\u0259rl\u0259 arasa da, m\u0259s\u0259l\u0259y\u0259 m\u00fcnasib\u0259t bildirm\u0259k ist\u0259m\u0259yibl\u0259r.<\/p>\n","protected":false},"excerpt":{"rendered":"<p>\u015e\u0259hid ail\u0259si G\u00fclg\u0259z M\u0259mm\u0259dova Bak\u0131 \u015e\u0259h\u0259r \u0130cra Hakimiyy\u0259tin\u0259 \u015fikay\u0259t\u0259 g\u0259ls\u0259 d\u0259, onu q\u0259bul etm\u0259kd\u0259n imtina edibl\u0259r. \u015eikay\u0259t\u00e7inin s\u00f6zl\u0259rin\u0259 g\u00f6r\u0259, iki il \u0259vv\u0259l evi plana d\u00fc\u015f\u00fcb, ancaq o, m\u0259nzilin\u0259 g\u00f6r\u0259 veril\u0259n m\u0259bl\u0259\u011fl\u0259 raz\u0131la\u015fmay\u0131b.<\/p>\n","protected":false},"author":11,"featured_media":26077,"comment_status":"closed","ping_status":"open","sticky":false,"template":"","format":"standard","meta":{"_acf_changed":false,"_sitemap_exclude":false,"_sitemap_priority":"","_sitemap_frequency":"","footnotes":""},"categories":[63],"tags":[],"class_list":["post-168251","post","type-post","status-publish","format-standard","has-post-thumbnail","hentry","category-video-2","infinite-scroll-item","generate-columns","tablet-grid-50","mobile-grid-100","grid-parent","grid-33","no-featured-image-padding"],"acf":[],"yoast_head":"<!-- This site is optimized with the Yoast SEO plugin v28.3 - https:\/\/yoast.com\/product\/yoast-seo-wordpress\/ -->\n<title>Bak\u0131 \u015e\u0259h\u0259r \u0130cra Hakimiyy\u0259tind\u0259 \u015fikay\u0259t\u00e7ini a\u011flatd\u0131lar (V\u0130DEO) - MEYDAN.TV<\/title>\n<meta name=\"robots\" content=\"index, follow, max-snippet:-1, max-image-preview:large, max-video-preview:-1\" \/>\n<link rel=\"canonical\" href=\"https:\/\/www.meydan.tv\/az\/article\/baki-seher-icra-hakimiyyetinde-sikayetcini-aglatdilar-video\/\" \/>\n<meta property=\"og:locale\" content=\"az_AZ\" \/>\n<meta property=\"og:type\" content=\"article\" \/>\n<meta property=\"og:title\" content=\"Bak\u0131 \u015e\u0259h\u0259r \u0130cra Hakimiyy\u0259tind\u0259 \u015fikay\u0259t\u00e7ini a\u011flatd\u0131lar (V\u0130DEO) - MEYDAN.TV\" \/>\n<meta property=\"og:description\" content=\"\u015e\u0259hid ail\u0259si G\u00fclg\u0259z M\u0259mm\u0259dova Bak\u0131 \u015e\u0259h\u0259r \u0130cra Hakimiyy\u0259tin\u0259 \u015fikay\u0259t\u0259 g\u0259ls\u0259 d\u0259, onu q\u0259bul etm\u0259kd\u0259n imtina edibl\u0259r. \u015eikay\u0259t\u00e7inin s\u00f6zl\u0259rin\u0259 g\u00f6r\u0259, iki il \u0259vv\u0259l evi plana d\u00fc\u015f\u00fcb, ancaq o, m\u0259nzilin\u0259 g\u00f6r\u0259 veril\u0259n m\u0259bl\u0259\u011fl\u0259 raz\u0131la\u015fmay\u0131b.\" \/>\n<meta property=\"og:url\" content=\"https:\/\/www.meydan.tv\/az\/article\/baki-seher-icra-hakimiyyetinde-sikayetcini-aglatdilar-video\/\" \/>\n<meta property=\"og:site_name\" content=\"MEYDAN.TV\" \/>\n<meta property=\"article:published_time\" content=\"2015-06-06T02:15:16+00:00\" \/>\n<meta property=\"og:image\" content=\"https:\/\/www.meydan.tv\/wp-content\/uploads\/9566.jpg\" \/>\n\t<meta property=\"og:image:width\" content=\"854\" \/>\n\t<meta property=\"og:image:height\" content=\"467\" \/>\n\t<meta property=\"og:image:type\" content=\"image\/jpeg\" \/>\n<meta name=\"twitter:card\" content=\"summary_large_image\" \/>\n<!-- \/ Yoast SEO plugin. -->","yoast_head_json":{"title":"Bak\u0131 \u015e\u0259h\u0259r \u0130cra Hakimiyy\u0259tind\u0259 \u015fikay\u0259t\u00e7ini a\u011flatd\u0131lar (V\u0130DEO) - MEYDAN.TV","robots":{"index":"index","follow":"follow","max-snippet":"max-snippet:-1","max-image-preview":"max-image-preview:large","max-video-preview":"max-video-preview:-1"},"canonical":"https:\/\/www.meydan.tv\/az\/article\/baki-seher-icra-hakimiyyetinde-sikayetcini-aglatdilar-video\/","og_locale":"az_AZ","og_type":"article","og_title":"Bak\u0131 \u015e\u0259h\u0259r \u0130cra Hakimiyy\u0259tind\u0259 \u015fikay\u0259t\u00e7ini a\u011flatd\u0131lar (V\u0130DEO) - MEYDAN.TV","og_description":"\u015e\u0259hid ail\u0259si G\u00fclg\u0259z M\u0259mm\u0259dova Bak\u0131 \u015e\u0259h\u0259r \u0130cra Hakimiyy\u0259tin\u0259 \u015fikay\u0259t\u0259 g\u0259ls\u0259 d\u0259, onu q\u0259bul etm\u0259kd\u0259n imtina edibl\u0259r. \u015eikay\u0259t\u00e7inin s\u00f6zl\u0259rin\u0259 g\u00f6r\u0259, iki il \u0259vv\u0259l evi plana d\u00fc\u015f\u00fcb, ancaq o, m\u0259nzilin\u0259 g\u00f6r\u0259 veril\u0259n m\u0259bl\u0259\u011fl\u0259 raz\u0131la\u015fmay\u0131b.","og_url":"https:\/\/www.meydan.tv\/az\/article\/baki-seher-icra-hakimiyyetinde-sikayetcini-aglatdilar-video\/","og_site_name":"MEYDAN.TV","article_published_time":"2015-06-06T02:15:16+00:00","og_image":[{"width":854,"height":467,"url":"https:\/\/www.meydan.tv\/wp-content\/uploads\/9566.jpg","type":"image\/jpeg"}],"twitter_card":"summary_large_image","schema":{"@context":"https:\/\/schema.org","@graph":[{"@type":"Article","@id":"https:\/\/www.meydan.tv\/az\/article\/baki-seher-icra-hakimiyyetinde-sikayetcini-aglatdilar-video\/#article","isPartOf":{"@id":"https:\/\/www.meydan.tv\/az\/article\/baki-seher-icra-hakimiyyetinde-sikayetcini-aglatdilar-video\/"},"author":{"name":"user-manager","@id":"https:\/\/www.meydan.tv\/az\/#\/schema\/person\/10d11eccf6da3662cf5fdab9806ea91a"},"headline":"Bak\u0131 \u015e\u0259h\u0259r \u0130cra Hakimiyy\u0259tind\u0259 \u015fikay\u0259t\u00e7ini a\u011flatd\u0131lar (V\u0130DEO)","datePublished":"2015-06-06T02:15:16+00:00","mainEntityOfPage":{"@id":"https:\/\/www.meydan.tv\/az\/article\/baki-seher-icra-hakimiyyetinde-sikayetcini-aglatdilar-video\/"},"wordCount":226,"publisher":{"@id":"https:\/\/www.meydan.tv\/az\/#organization"},"image":{"@id":"https:\/\/www.meydan.tv\/az\/article\/baki-seher-icra-hakimiyyetinde-sikayetcini-aglatdilar-video\/#primaryimage"},"thumbnailUrl":"https:\/\/www.meydan.tv\/wp-content\/uploads\/9566.jpg","articleSection":["Video"],"inLanguage":"az"},{"@type":"WebPage","@id":"https:\/\/www.meydan.tv\/az\/article\/baki-seher-icra-hakimiyyetinde-sikayetcini-aglatdilar-video\/","url":"https:\/\/www.meydan.tv\/az\/article\/baki-seher-icra-hakimiyyetinde-sikayetcini-aglatdilar-video\/","name":"Bak\u0131 \u015e\u0259h\u0259r \u0130cra Hakimiyy\u0259tind\u0259 \u015fikay\u0259t\u00e7ini a\u011flatd\u0131lar (V\u0130DEO) - MEYDAN.TV","isPartOf":{"@id":"https:\/\/www.meydan.tv\/az\/#website"},"primaryImageOfPage":{"@id":"https:\/\/www.meydan.tv\/az\/article\/baki-seher-icra-hakimiyyetinde-sikayetcini-aglatdilar-video\/#primaryimage"},"image":{"@id":"https:\/\/www.meydan.tv\/az\/article\/baki-seher-icra-hakimiyyetinde-sikayetcini-aglatdilar-video\/#primaryimage"},"thumbnailUrl":"https:\/\/www.meydan.tv\/wp-content\/uploads\/9566.jpg","datePublished":"2015-06-06T02:15:16+00:00","breadcrumb":{"@id":"https:\/\/www.meydan.tv\/az\/article\/baki-seher-icra-hakimiyyetinde-sikayetcini-aglatdilar-video\/#breadcrumb"},"inLanguage":"az","potentialAction":[{"@type":"ReadAction","target":["https:\/\/www.meydan.tv\/az\/article\/baki-seher-icra-hakimiyyetinde-sikayetcini-aglatdilar-video\/"]}]},{"@type":"ImageObject","inLanguage":"az","@id":"https:\/\/www.meydan.tv\/az\/article\/baki-seher-icra-hakimiyyetinde-sikayetcini-aglatdilar-video\/#primaryimage","url":"https:\/\/www.meydan.tv\/wp-content\/uploads\/9566.jpg","contentUrl":"https:\/\/www.meydan.tv\/wp-content\/uploads\/9566.jpg","width":854,"height":467,"caption":"Source:"},{"@type":"BreadcrumbList","@id":"https:\/\/www.meydan.tv\/az\/article\/baki-seher-icra-hakimiyyetinde-sikayetcini-aglatdilar-video\/#breadcrumb","itemListElement":[{"@type":"ListItem","position":1,"name":"Ana s\u0259hif\u0259","item":"https:\/\/www.meydan.tv\/az\/"},{"@type":"ListItem","position":2,"name":"Video","item":"https:\/\/www.meydan.tv\/az\/section\/video-2\/"},{"@type":"ListItem","position":3,"name":"Bak\u0131 \u015e\u0259h\u0259r \u0130cra Hakimiyy\u0259tind\u0259 \u015fikay\u0259t\u00e7ini a\u011flatd\u0131lar (V\u0130DEO)"}]},{"@type":"WebSite","@id":"https:\/\/www.meydan.tv\/az\/#website","url":"https:\/\/www.meydan.tv\/az\/","name":"MEYDAN.TV","description":"Meydan TV Az\u0259rbaycan\u0131n media m\u0259kan\u0131ndak\u0131 alternativ s\u0259sidir","publisher":{"@id":"https:\/\/www.meydan.tv\/az\/#organization"},"potentialAction":[{"@type":"SearchAction","target":{"@type":"EntryPoint","urlTemplate":"https:\/\/www.meydan.tv\/az\/?s={search_term_string}"},"query-input":{"@type":"PropertyValueSpecification","valueRequired":true,"valueName":"search_term_string"}}],"inLanguage":"az"},{"@type":"Organization","@id":"https:\/\/www.meydan.tv\/az\/#organization","name":"Meydan TV","url":"https:\/\/www.meydan.tv\/az\/","logo":{"@type":"ImageObject","inLanguage":"az","@id":"https:\/\/www.meydan.tv\/az\/#\/schema\/logo\/image\/","url":"https:\/\/www.meydan.tv\/wp-content\/uploads\/2021\/07\/meydan-logo.svg","contentUrl":"https:\/\/www.meydan.tv\/wp-content\/uploads\/2021\/07\/meydan-logo.svg","width":195,"height":46,"caption":"Meydan TV"},"image":{"@id":"https:\/\/www.meydan.tv\/az\/#\/schema\/logo\/image\/"}},{"@type":"Person","@id":"https:\/\/www.meydan.tv\/az\/#\/schema\/person\/10d11eccf6da3662cf5fdab9806ea91a","name":"user-manager"}]}},"_links":{"self":[{"href":"https:\/\/www.meydan.tv\/az\/wp-json\/wp\/v2\/posts\/168251","targetHints":{"allow":["GET"]}}],"collection":[{"href":"https:\/\/www.meydan.tv\/az\/wp-json\/wp\/v2\/posts"}],"about":[{"href":"https:\/\/www.meydan.tv\/az\/wp-json\/wp\/v2\/types\/post"}],"author":[{"embeddable":true,"href":"https:\/\/www.meydan.tv\/az\/wp-json\/wp\/v2\/users\/11"}],"replies":[{"embeddable":true,"href":"https:\/\/www.meydan.tv\/az\/wp-json\/wp\/v2\/comments?post=168251"}],"version-history":[{"count":0,"href":"https:\/\/www.meydan.tv\/az\/wp-json\/wp\/v2\/posts\/168251\/revisions"}],"wp:featuredmedia":[{"embeddable":true,"href":"https:\/\/www.meydan.tv\/az\/wp-json\/wp\/v2\/media\/26077"}],"wp:attachment":[{"href":"https:\/\/www.meydan.tv\/az\/wp-json\/wp\/v2\/media?parent=168251"}],"wp:term":[{"taxonomy":"category","embeddable":true,"href":"https:\/\/www.meydan.tv\/az\/wp-json\/wp\/v2\/categories?post=168251"},{"taxonomy":"post_tag","embeddable":true,"href":"https:\/\/www.meydan.tv\/az\/wp-json\/wp\/v2\/tags?post=168251"}],"curies":[{"name":"wp","href":"https:\/\/api.w.org\/{rel}","templated":true}]}}