{"id":168249,"date":"2015-06-05T23:01:02","date_gmt":"2015-06-05T23:01:02","guid":{"rendered":"https:\/\/www.meydan.tv\/article\/hec-vaxt-texnoloji-yeniliyin-eleyhine-olmamisam\/"},"modified":"2015-06-05T23:01:02","modified_gmt":"2015-06-05T23:01:02","slug":"hec-vaxt-texnoloji-yeniliyin-eleyhine-olmamisam","status":"publish","type":"post","link":"https:\/\/www.meydan.tv\/az\/article\/hec-vaxt-texnoloji-yeniliyin-eleyhine-olmamisam\/","title":{"rendered":"He\u00e7 vaxt texnoloji yeniliyin \u0259leyhin\u0259 olmam\u0131\u015fam&#8230;"},"content":{"rendered":"<figure class=\"wp-block-image size-large\">\n  <img decoding=\"async\" src=\"https:\/\/www.meydan.tv\/az\/26026\/\" alt=\"\" class=\"wp-image-26026\"\/><figcaption><\/figcaption><\/figure>\n<\/p>\n<figure class=\"wp-block-image size-large\">\n  <img decoding=\"async\" src=\"https:\/\/www.meydan.tv\/az\/26029\/\" alt=\"\" class=\"wp-image-26029\"\/><figcaption><\/figcaption><\/figure>\n<p>\n  \u018fzizl\u0259rim, g\u00f6r\u00fcr\u0259m, m\u0259nim bu g\u00fcnk\u00fc \u00e7\u0131x\u0131\u015f\u0131m birm\u0259nal\u0131 reaksiya do\u011furmay\u0131b. Bunu t\u0259bii qar\u015f\u0131lay\u0131r v\u0259 s\u0259sl\u0259n\u0259n b\u00fct\u00fcn fikirl\u0259r\u0259 h\u00f6rm\u0259tl\u0259 yana\u015f\u0131ram. M\u0259s\u0259l\u0259 bel\u0259dir: m\u0259n he\u00e7 bir halda texnoloji yeniliyin \u0259leyhin\u0259 olmam\u0131\u015fam. Sosial \u015f\u0259b\u0259k\u0259l\u0259r d\u0259 texnoloji yeniliyin m\u0259hsuludur. C\u0259miyy\u0259timiz\u0259 xeyri d\u0259 var, ziyan\u0131 da. El\u0259 bir d\u00f6vrd\u0259 ya\u015fay\u0131r\u0131q ki, ziyan\u0131n\u0131 da hiss edirik. T\u0259bii ki, bir \u00e7ox \u015feyl\u0259rin zamanla t\u0259nziml\u0259nm\u0259sin\u0259, yetkinl\u0259\u015fm\u0259sin\u0259 ehtiyac var.\n<\/p>\n<p>\n  El\u0259c\u0259 d\u0259 bizl\u0259rin sosial \u015f\u0259b\u0259k\u0259l\u0259rd\u0259n istifad\u0259 m\u0259d\u0259niyy\u0259tinin formala\u015fmas\u0131na da. Bunun s\u0259viyy\u0259sind\u0259n as\u0131l\u0131 olmayaraq sosial \u015f\u0259b\u0259k\u0259l\u0259r\u0259, h\u0259m\u00e7inin texnoloji yenilikl\u0259rin g\u0259tirdiyi m\u0259s\u0259l\u0259l\u0259r\u0259 m\u00fcnasib\u0259timiz birm\u0259nal\u0131 \u015f\u0259kild\u0259 inzibati m\u00fcst\u0259vid\u0259 olmamal\u0131d\u0131r. M\u0259tbuat \u015euras\u0131n\u0131n f\u0259aliyy\u0259ti d\u0259 m\u0259hz bu prinsip\u0259 \u0259saslan\u0131r.\n<\/p>\n<p>\n  M\u0259n bu g\u00fcnk\u00fc toplant\u0131da konkret olaraq bir profill\u0259 ba\u011fl\u0131 fikir bildirmi\u015f\u0259m. Yen\u0259 d\u0259 o d\u00fc\u015f\u00fcnc\u0259d\u0259y\u0259m ki, insanlar\u0131n \u015f\u0259r\u0259f v\u0259 l\u0259yaq\u0259tini a\u015fa\u011f\u0131lamaq, i\u015fg\u00fczar n\u00fcfuzunu l\u0259k\u0259l\u0259m\u0259k yolu tutan sosial \u015f\u0259b\u0259k\u0259 profill\u0259rin\u0259 m\u00fcnasib\u0259td\u0259 s\u0259rt \u00f6l\u00e7\u00fc t\u0259dbiri g\u00f6t\u00fcr\u00fclm\u0259lidir. D\u00fcnyan\u0131n bir \u00e7ox demokratik \u00f6lk\u0259l\u0259rind\u0259 bununla ba\u011fl\u0131 prosedurlar h\u0259yata ke\u00e7irilm\u0259kd\u0259dir. Y\u0259ni texnoloji yeniliyin g\u0259tirdiyi imkanlar he\u00e7 d\u0259 kiml\u0259r \u00fc\u00e7\u00fcns\u0259 c\u0259miyy\u0259td\u0259 qar\u0131\u015f\u0131ql\u0131q yaratmaq m\u0259ram\u0131na s\u00f6yk\u0259nm\u0259m\u0259lidir.\n<\/p>\n<p>\n  Bunun ac\u0131 n\u0259tic\u0259l\u0259rini Yax\u0131n \u015e\u0259rqd\u0259 ba\u015f ver\u0259n prosesl\u0259rd\u0259 g\u00f6rd\u00fck. Eyni ssenarinin \u00f6lk\u0259mizd\u0259 t\u0259krarlanmas\u0131 bizl\u0259r \u00fc\u00e7\u00fcn m\u00fcsb\u0259t perspektiv v\u0259d etmir. Buna g\u00f6r\u0259 d\u0259, hesab edir\u0259m ki, ilk n\u00f6vb\u0259d\u0259 ictimaiyy\u0259tin m\u0259s\u0259l\u0259y\u0259 d\u00fczg\u00fcn v\u0259 q\u0259ti reaksiyas\u0131n\u0131n olmas\u0131 m\u00fctl\u0259qdir. \u018fg\u0259r hans\u0131sa profild\u0259 Az\u0259rbaycan\u0131 a\u015fa\u011f\u0131layan fikirl\u0259r yer al\u0131rsa v\u0259 bu, m\u0259qs\u0259dy\u00f6nl\u00fc \u015f\u0259kild\u0259 h\u0259yata ke\u00e7irilirs\u0259, t\u0259bii ki, m\u0259s\u0259l\u0259y\u0259 m\u00fcnasib\u0259td\u0259 d\u0259 konkret m\u00f6vqenin ortaya qoyulmas\u0131 vacibdir.\n<\/p>\n<p>\n  \u0130nsan\u0131 t\u0259hqir ed\u0259n h\u0259r hans\u0131 profill\u0259 ba\u011fl\u0131 Az\u0259rbaycan v\u0259t\u0259nda\u015f\u0131 \u00f6z h\u00fcquqlar\u0131n\u0131 m\u00fcdafi\u0259 etm\u0259k imkan\u0131na malik deyils\u0259, n\u0259z\u0259r\u0259 alaq ki, bu da insan haqlar\u0131 pozuntusudur. Bir \u00e7ox serverl\u0259r \u00f6lk\u0259d\u0259n k\u0259narda yerl\u0259\u015fir. Onlara t\u0259sir mexanizmi yoxdur. Bel\u0259 olan halda n\u0259 etm\u0259liyik?\n<\/p>\n<p>\n  Bunun yolu Facebook sosial \u015f\u0259b\u0259k\u0259sini idar\u0259 ed\u0259nl\u0259r\u0259 etiraz bildirm\u0259kd\u0259n ke\u00e7ir. Bel\u0259 profill\u0259rin ba\u011flanmas\u0131na nail olmal\u0131y\u0131q. Dedikl\u0259rim bunlardan ibar\u0259t idi. O ki qald\u0131 fikirl\u0259rimin facebookun ba\u011flanmas\u0131na \u00e7a\u011f\u0131r\u0131\u015f kimi qiym\u0259tl\u0259ndirilm\u0259sin\u0259, \u0259zizl\u0259rim, tam \u0259min olun ki, Az\u0259rbaycanda bel\u0259 bir geriy\u0259 add\u0131m he\u00e7 vaxt ola bilm\u0259z. Sad\u0259c\u0259 ir\u0259liy\u0259 do\u011fru add\u0131mlar\u0131m\u0131z h\u0259r bir k\u0259sin h\u00fcquqlar\u0131na h\u00f6rm\u0259t \u00fcz\u0259rind\u0259 qurulmal\u0131d\u0131r.\n<\/p>\n<p>\n  H\u0259r biriniz\u0259 u\u011furlar.<\/p>\n","protected":false},"excerpt":{"rendered":"<p>Bu da insan haqlar\u0131 pozuntusudur&#8230;<\/p>\n","protected":false},"author":11,"featured_media":26026,"comment_status":"closed","ping_status":"open","sticky":false,"template":"","format":"standard","meta":{"_acf_changed":false,"_sitemap_exclude":false,"_sitemap_priority":"","_sitemap_frequency":"","footnotes":""},"categories":[57],"tags":[],"class_list":["post-168249","post","type-post","status-publish","format-standard","has-post-thumbnail","hentry","category-menim-fikrimce","infinite-scroll-item","generate-columns","tablet-grid-50","mobile-grid-100","grid-parent","grid-33","no-featured-image-padding"],"acf":[],"yoast_head":"<!-- This site is optimized with the Yoast SEO plugin v27.5 - https:\/\/yoast.com\/product\/yoast-seo-wordpress\/ -->\n<title>He\u00e7 vaxt texnoloji yeniliyin \u0259leyhin\u0259 olmam\u0131\u015fam... - MEYDAN.TV<\/title>\n<meta name=\"robots\" content=\"index, follow, max-snippet:-1, max-image-preview:large, max-video-preview:-1\" \/>\n<link rel=\"canonical\" href=\"https:\/\/www.meydan.tv\/az\/article\/hec-vaxt-texnoloji-yeniliyin-eleyhine-olmamisam\/\" \/>\n<meta property=\"og:locale\" content=\"az_AZ\" \/>\n<meta property=\"og:type\" content=\"article\" \/>\n<meta property=\"og:title\" content=\"He\u00e7 vaxt texnoloji yeniliyin \u0259leyhin\u0259 olmam\u0131\u015fam... - MEYDAN.TV\" \/>\n<meta property=\"og:description\" content=\"Bu da insan haqlar\u0131 pozuntusudur...\" \/>\n<meta property=\"og:url\" content=\"https:\/\/www.meydan.tv\/az\/article\/hec-vaxt-texnoloji-yeniliyin-eleyhine-olmamisam\/\" \/>\n<meta property=\"og:site_name\" content=\"MEYDAN.TV\" \/>\n<meta property=\"article:published_time\" content=\"2015-06-05T23:01:02+00:00\" \/>\n<meta property=\"og:image\" content=\"https:\/\/www.meydan.tv\/wp-content\/uploads\/9557.jpg\" \/>\n\t<meta property=\"og:image:width\" content=\"400\" \/>\n\t<meta property=\"og:image:height\" content=\"400\" \/>\n\t<meta property=\"og:image:type\" content=\"image\/jpeg\" \/>\n<meta name=\"author\" content=\"user-manager\" \/>\n<meta name=\"twitter:card\" content=\"summary_large_image\" \/>\n<script type=\"application\/ld+json\" class=\"yoast-schema-graph\">{\"@context\":\"https:\\\/\\\/schema.org\",\"@graph\":[{\"@type\":\"Article\",\"@id\":\"https:\\\/\\\/www.meydan.tv\\\/az\\\/article\\\/hec-vaxt-texnoloji-yeniliyin-eleyhine-olmamisam\\\/#article\",\"isPartOf\":{\"@id\":\"https:\\\/\\\/www.meydan.tv\\\/az\\\/article\\\/hec-vaxt-texnoloji-yeniliyin-eleyhine-olmamisam\\\/\"},\"author\":{\"name\":\"user-manager\",\"@id\":\"https:\\\/\\\/www.meydan.tv\\\/az\\\/#\\\/schema\\\/person\\\/10d11eccf6da3662cf5fdab9806ea91a\"},\"headline\":\"He\u00e7 vaxt texnoloji yeniliyin \u0259leyhin\u0259 olmam\u0131\u015fam&#8230;\",\"datePublished\":\"2015-06-05T23:01:02+00:00\",\"mainEntityOfPage\":{\"@id\":\"https:\\\/\\\/www.meydan.tv\\\/az\\\/article\\\/hec-vaxt-texnoloji-yeniliyin-eleyhine-olmamisam\\\/\"},\"wordCount\":562,\"publisher\":{\"@id\":\"https:\\\/\\\/www.meydan.tv\\\/az\\\/#organization\"},\"image\":{\"@id\":\"https:\\\/\\\/www.meydan.tv\\\/az\\\/article\\\/hec-vaxt-texnoloji-yeniliyin-eleyhine-olmamisam\\\/#primaryimage\"},\"thumbnailUrl\":\"https:\\\/\\\/www.meydan.tv\\\/wp-content\\\/uploads\\\/9557.jpg\",\"articleSection\":[\"M\u0259nim Fikrimc\u0259\"],\"inLanguage\":\"az\"},{\"@type\":\"WebPage\",\"@id\":\"https:\\\/\\\/www.meydan.tv\\\/az\\\/article\\\/hec-vaxt-texnoloji-yeniliyin-eleyhine-olmamisam\\\/\",\"url\":\"https:\\\/\\\/www.meydan.tv\\\/az\\\/article\\\/hec-vaxt-texnoloji-yeniliyin-eleyhine-olmamisam\\\/\",\"name\":\"He\u00e7 vaxt texnoloji yeniliyin \u0259leyhin\u0259 olmam\u0131\u015fam... - MEYDAN.TV\",\"isPartOf\":{\"@id\":\"https:\\\/\\\/www.meydan.tv\\\/az\\\/#website\"},\"primaryImageOfPage\":{\"@id\":\"https:\\\/\\\/www.meydan.tv\\\/az\\\/article\\\/hec-vaxt-texnoloji-yeniliyin-eleyhine-olmamisam\\\/#primaryimage\"},\"image\":{\"@id\":\"https:\\\/\\\/www.meydan.tv\\\/az\\\/article\\\/hec-vaxt-texnoloji-yeniliyin-eleyhine-olmamisam\\\/#primaryimage\"},\"thumbnailUrl\":\"https:\\\/\\\/www.meydan.tv\\\/wp-content\\\/uploads\\\/9557.jpg\",\"datePublished\":\"2015-06-05T23:01:02+00:00\",\"breadcrumb\":{\"@id\":\"https:\\\/\\\/www.meydan.tv\\\/az\\\/article\\\/hec-vaxt-texnoloji-yeniliyin-eleyhine-olmamisam\\\/#breadcrumb\"},\"inLanguage\":\"az\",\"potentialAction\":[{\"@type\":\"ReadAction\",\"target\":[\"https:\\\/\\\/www.meydan.tv\\\/az\\\/article\\\/hec-vaxt-texnoloji-yeniliyin-eleyhine-olmamisam\\\/\"]}]},{\"@type\":\"ImageObject\",\"inLanguage\":\"az\",\"@id\":\"https:\\\/\\\/www.meydan.tv\\\/az\\\/article\\\/hec-vaxt-texnoloji-yeniliyin-eleyhine-olmamisam\\\/#primaryimage\",\"url\":\"https:\\\/\\\/www.meydan.tv\\\/wp-content\\\/uploads\\\/9557.jpg\",\"contentUrl\":\"https:\\\/\\\/www.meydan.tv\\\/wp-content\\\/uploads\\\/9557.jpg\",\"width\":400,\"height\":400,\"caption\":\"Source:\"},{\"@type\":\"BreadcrumbList\",\"@id\":\"https:\\\/\\\/www.meydan.tv\\\/az\\\/article\\\/hec-vaxt-texnoloji-yeniliyin-eleyhine-olmamisam\\\/#breadcrumb\",\"itemListElement\":[{\"@type\":\"ListItem\",\"position\":1,\"name\":\"Ana s\u0259hif\u0259\",\"item\":\"https:\\\/\\\/www.meydan.tv\\\/az\\\/\"},{\"@type\":\"ListItem\",\"position\":2,\"name\":\"M\u0259nim Fikrimc\u0259\",\"item\":\"https:\\\/\\\/www.meydan.tv\\\/az\\\/section\\\/menim-fikrimce\\\/\"},{\"@type\":\"ListItem\",\"position\":3,\"name\":\"He\u00e7 vaxt texnoloji yeniliyin \u0259leyhin\u0259 olmam\u0131\u015fam&#8230;\"}]},{\"@type\":\"WebSite\",\"@id\":\"https:\\\/\\\/www.meydan.tv\\\/az\\\/#website\",\"url\":\"https:\\\/\\\/www.meydan.tv\\\/az\\\/\",\"name\":\"MEYDAN.TV\",\"description\":\"Meydan TV Az\u0259rbaycan\u0131n media m\u0259kan\u0131ndak\u0131 alternativ s\u0259sidir\",\"publisher\":{\"@id\":\"https:\\\/\\\/www.meydan.tv\\\/az\\\/#organization\"},\"potentialAction\":[{\"@type\":\"SearchAction\",\"target\":{\"@type\":\"EntryPoint\",\"urlTemplate\":\"https:\\\/\\\/www.meydan.tv\\\/az\\\/?s={search_term_string}\"},\"query-input\":{\"@type\":\"PropertyValueSpecification\",\"valueRequired\":true,\"valueName\":\"search_term_string\"}}],\"inLanguage\":\"az\"},{\"@type\":\"Organization\",\"@id\":\"https:\\\/\\\/www.meydan.tv\\\/az\\\/#organization\",\"name\":\"Meydan TV\",\"url\":\"https:\\\/\\\/www.meydan.tv\\\/az\\\/\",\"logo\":{\"@type\":\"ImageObject\",\"inLanguage\":\"az\",\"@id\":\"https:\\\/\\\/www.meydan.tv\\\/az\\\/#\\\/schema\\\/logo\\\/image\\\/\",\"url\":\"https:\\\/\\\/www.meydan.tv\\\/wp-content\\\/uploads\\\/2021\\\/07\\\/meydan-logo.svg\",\"contentUrl\":\"https:\\\/\\\/www.meydan.tv\\\/wp-content\\\/uploads\\\/2021\\\/07\\\/meydan-logo.svg\",\"width\":195,\"height\":46,\"caption\":\"Meydan TV\"},\"image\":{\"@id\":\"https:\\\/\\\/www.meydan.tv\\\/az\\\/#\\\/schema\\\/logo\\\/image\\\/\"}},{\"@type\":\"Person\",\"@id\":\"https:\\\/\\\/www.meydan.tv\\\/az\\\/#\\\/schema\\\/person\\\/10d11eccf6da3662cf5fdab9806ea91a\",\"name\":\"user-manager\"}]}<\/script>\n<!-- \/ Yoast SEO plugin. -->","yoast_head_json":{"title":"He\u00e7 vaxt texnoloji yeniliyin \u0259leyhin\u0259 olmam\u0131\u015fam... - MEYDAN.TV","robots":{"index":"index","follow":"follow","max-snippet":"max-snippet:-1","max-image-preview":"max-image-preview:large","max-video-preview":"max-video-preview:-1"},"canonical":"https:\/\/www.meydan.tv\/az\/article\/hec-vaxt-texnoloji-yeniliyin-eleyhine-olmamisam\/","og_locale":"az_AZ","og_type":"article","og_title":"He\u00e7 vaxt texnoloji yeniliyin \u0259leyhin\u0259 olmam\u0131\u015fam... - MEYDAN.TV","og_description":"Bu da insan haqlar\u0131 pozuntusudur...","og_url":"https:\/\/www.meydan.tv\/az\/article\/hec-vaxt-texnoloji-yeniliyin-eleyhine-olmamisam\/","og_site_name":"MEYDAN.TV","article_published_time":"2015-06-05T23:01:02+00:00","og_image":[{"width":400,"height":400,"url":"https:\/\/www.meydan.tv\/wp-content\/uploads\/9557.jpg","type":"image\/jpeg"}],"author":"user-manager","twitter_card":"summary_large_image","schema":{"@context":"https:\/\/schema.org","@graph":[{"@type":"Article","@id":"https:\/\/www.meydan.tv\/az\/article\/hec-vaxt-texnoloji-yeniliyin-eleyhine-olmamisam\/#article","isPartOf":{"@id":"https:\/\/www.meydan.tv\/az\/article\/hec-vaxt-texnoloji-yeniliyin-eleyhine-olmamisam\/"},"author":{"name":"user-manager","@id":"https:\/\/www.meydan.tv\/az\/#\/schema\/person\/10d11eccf6da3662cf5fdab9806ea91a"},"headline":"He\u00e7 vaxt texnoloji yeniliyin \u0259leyhin\u0259 olmam\u0131\u015fam&#8230;","datePublished":"2015-06-05T23:01:02+00:00","mainEntityOfPage":{"@id":"https:\/\/www.meydan.tv\/az\/article\/hec-vaxt-texnoloji-yeniliyin-eleyhine-olmamisam\/"},"wordCount":562,"publisher":{"@id":"https:\/\/www.meydan.tv\/az\/#organization"},"image":{"@id":"https:\/\/www.meydan.tv\/az\/article\/hec-vaxt-texnoloji-yeniliyin-eleyhine-olmamisam\/#primaryimage"},"thumbnailUrl":"https:\/\/www.meydan.tv\/wp-content\/uploads\/9557.jpg","articleSection":["M\u0259nim Fikrimc\u0259"],"inLanguage":"az"},{"@type":"WebPage","@id":"https:\/\/www.meydan.tv\/az\/article\/hec-vaxt-texnoloji-yeniliyin-eleyhine-olmamisam\/","url":"https:\/\/www.meydan.tv\/az\/article\/hec-vaxt-texnoloji-yeniliyin-eleyhine-olmamisam\/","name":"He\u00e7 vaxt texnoloji yeniliyin \u0259leyhin\u0259 olmam\u0131\u015fam... - MEYDAN.TV","isPartOf":{"@id":"https:\/\/www.meydan.tv\/az\/#website"},"primaryImageOfPage":{"@id":"https:\/\/www.meydan.tv\/az\/article\/hec-vaxt-texnoloji-yeniliyin-eleyhine-olmamisam\/#primaryimage"},"image":{"@id":"https:\/\/www.meydan.tv\/az\/article\/hec-vaxt-texnoloji-yeniliyin-eleyhine-olmamisam\/#primaryimage"},"thumbnailUrl":"https:\/\/www.meydan.tv\/wp-content\/uploads\/9557.jpg","datePublished":"2015-06-05T23:01:02+00:00","breadcrumb":{"@id":"https:\/\/www.meydan.tv\/az\/article\/hec-vaxt-texnoloji-yeniliyin-eleyhine-olmamisam\/#breadcrumb"},"inLanguage":"az","potentialAction":[{"@type":"ReadAction","target":["https:\/\/www.meydan.tv\/az\/article\/hec-vaxt-texnoloji-yeniliyin-eleyhine-olmamisam\/"]}]},{"@type":"ImageObject","inLanguage":"az","@id":"https:\/\/www.meydan.tv\/az\/article\/hec-vaxt-texnoloji-yeniliyin-eleyhine-olmamisam\/#primaryimage","url":"https:\/\/www.meydan.tv\/wp-content\/uploads\/9557.jpg","contentUrl":"https:\/\/www.meydan.tv\/wp-content\/uploads\/9557.jpg","width":400,"height":400,"caption":"Source:"},{"@type":"BreadcrumbList","@id":"https:\/\/www.meydan.tv\/az\/article\/hec-vaxt-texnoloji-yeniliyin-eleyhine-olmamisam\/#breadcrumb","itemListElement":[{"@type":"ListItem","position":1,"name":"Ana s\u0259hif\u0259","item":"https:\/\/www.meydan.tv\/az\/"},{"@type":"ListItem","position":2,"name":"M\u0259nim Fikrimc\u0259","item":"https:\/\/www.meydan.tv\/az\/section\/menim-fikrimce\/"},{"@type":"ListItem","position":3,"name":"He\u00e7 vaxt texnoloji yeniliyin \u0259leyhin\u0259 olmam\u0131\u015fam&#8230;"}]},{"@type":"WebSite","@id":"https:\/\/www.meydan.tv\/az\/#website","url":"https:\/\/www.meydan.tv\/az\/","name":"MEYDAN.TV","description":"Meydan TV Az\u0259rbaycan\u0131n media m\u0259kan\u0131ndak\u0131 alternativ s\u0259sidir","publisher":{"@id":"https:\/\/www.meydan.tv\/az\/#organization"},"potentialAction":[{"@type":"SearchAction","target":{"@type":"EntryPoint","urlTemplate":"https:\/\/www.meydan.tv\/az\/?s={search_term_string}"},"query-input":{"@type":"PropertyValueSpecification","valueRequired":true,"valueName":"search_term_string"}}],"inLanguage":"az"},{"@type":"Organization","@id":"https:\/\/www.meydan.tv\/az\/#organization","name":"Meydan TV","url":"https:\/\/www.meydan.tv\/az\/","logo":{"@type":"ImageObject","inLanguage":"az","@id":"https:\/\/www.meydan.tv\/az\/#\/schema\/logo\/image\/","url":"https:\/\/www.meydan.tv\/wp-content\/uploads\/2021\/07\/meydan-logo.svg","contentUrl":"https:\/\/www.meydan.tv\/wp-content\/uploads\/2021\/07\/meydan-logo.svg","width":195,"height":46,"caption":"Meydan TV"},"image":{"@id":"https:\/\/www.meydan.tv\/az\/#\/schema\/logo\/image\/"}},{"@type":"Person","@id":"https:\/\/www.meydan.tv\/az\/#\/schema\/person\/10d11eccf6da3662cf5fdab9806ea91a","name":"user-manager"}]}},"_links":{"self":[{"href":"https:\/\/www.meydan.tv\/az\/wp-json\/wp\/v2\/posts\/168249","targetHints":{"allow":["GET"]}}],"collection":[{"href":"https:\/\/www.meydan.tv\/az\/wp-json\/wp\/v2\/posts"}],"about":[{"href":"https:\/\/www.meydan.tv\/az\/wp-json\/wp\/v2\/types\/post"}],"author":[{"embeddable":true,"href":"https:\/\/www.meydan.tv\/az\/wp-json\/wp\/v2\/users\/11"}],"replies":[{"embeddable":true,"href":"https:\/\/www.meydan.tv\/az\/wp-json\/wp\/v2\/comments?post=168249"}],"version-history":[{"count":0,"href":"https:\/\/www.meydan.tv\/az\/wp-json\/wp\/v2\/posts\/168249\/revisions"}],"wp:featuredmedia":[{"embeddable":true,"href":"https:\/\/www.meydan.tv\/az\/wp-json\/wp\/v2\/media\/26026"}],"wp:attachment":[{"href":"https:\/\/www.meydan.tv\/az\/wp-json\/wp\/v2\/media?parent=168249"}],"wp:term":[{"taxonomy":"category","embeddable":true,"href":"https:\/\/www.meydan.tv\/az\/wp-json\/wp\/v2\/categories?post=168249"},{"taxonomy":"post_tag","embeddable":true,"href":"https:\/\/www.meydan.tv\/az\/wp-json\/wp\/v2\/tags?post=168249"}],"curies":[{"name":"wp","href":"https:\/\/api.w.org\/{rel}","templated":true}]}}