{"id":168237,"date":"2015-06-05T19:06:52","date_gmt":"2015-06-05T19:06:52","guid":{"rendered":"https:\/\/www.meydan.tv\/article\/eflatun-amasovun-ayisi\/"},"modified":"2015-06-05T19:06:52","modified_gmt":"2015-06-05T19:06:52","slug":"eflatun-amasovun-ayisi","status":"publish","type":"post","link":"https:\/\/www.meydan.tv\/az\/article\/eflatun-amasovun-ayisi\/","title":{"rendered":"\u018fflatun Ama\u015fovun ay\u0131s\u0131"},"content":{"rendered":"<figure class=\"wp-block-image size-large\">\n  <img decoding=\"async\" src=\"https:\/\/www.meydan.tv\/az\/24755\/\" alt=\"\" class=\"wp-image-24755\"\/><figcaption><\/figcaption><\/figure>\n<figure class=\"wp-block-image size-large\">\n  <img decoding=\"async\" src=\"https:\/\/www.meydan.tv\/az\/24758\/\" alt=\"\" class=\"wp-image-24758\"\/><figcaption><\/figcaption><\/figure>\n<p>\n  <b><br \/>\n    \u015e\u0259xsi v\u0259 q\u0259r\u0259zli giri\u015f<br \/>\n  <\/b>\n<\/p>\n<p>\n  \u018fflatun Ama\u015fovdan c\u0259mi bir d\u0259f\u0259 m\u00fcsahib\u0259 alm\u0131\u015fam. Daha sonra \u015f\u0259xsin\u0259 maraq g\u00f6st\u0259rm\u0259m\u0259yimin s\u0259b\u0259bi bir olub. M\u0259murlar\u0131 sevmir\u0259m. H\u0259min yegan\u0259 m\u00fcsahib\u0259mizin sonunda \u018fflatun b\u0259y m\u0259n\u0259 balaca bir oyuncaq ay\u0131 h\u0259diyy\u0259 el\u0259di.\u00a0 V\u0259 q\u0259rib\u0259 bir s\u00f6z dedi: ist\u0259yir\u0259m, bu m\u00fcsahib\u0259ni he\u00e7 vaxt unutmayas\u0131n\u0131z.\u00a0 N\u0259 dem\u0259k ist\u0259diyini anlamad\u0131m, amma balaca oyuncaq ay\u0131n\u0131 folklorumuzdak\u0131 Simurq qu\u015funun t\u00fck\u00fc kimi q\u0259bul el\u0259dim \u2013 ba\u015f\u0131m d\u0259rd\u0259 d\u00fc\u015f\u0259nd\u0259, yand\u0131rsam, g\u0259l\u0259c\u0259kdi. (B\u0259z\u0259n\u00a0 c\u00fcml\u0259nin sonunda \u201csmaylik\u201d qoyulmas\u0131na ba\u015flamal\u0131y\u0131q art\u0131q. H\u0259rd\u0259n s\u00f6zl\u0259r emosiyalar\u0131 ifad\u0259\u00a0 etm\u0259kd\u0259 \u00e7\u0259tinlik \u00e7\u0259kir). Amma zarafat bir yana. Normal halda, normal \u015f\u0259rtl\u0259r alt\u0131nda, normal m\u00fcnasib\u0259tl\u0259rd\u0259 do\u011frudan da, bel\u0259 olmal\u0131 idi, bir jurnalistin ba\u015f\u0131 d\u0259rd\u0259 d\u00fc\u015f\u0259nd\u0259, haqlar\u0131 tapdananda, t\u0259qibl\u0259r\u0259 m\u0259ruz qalanda, onun Simurq qu\u015fu ola bil\u0259c\u0259k, olmal\u0131 bir qurumdu \u0259slind\u0259 \u018fflatun m\u00fc\u0259llimin s\u0259drlik el\u0259diyi M\u0259tbuat \u015euras\u0131.\n<\/p>\n<p>\n  O qurum ki, nizamnam\u0259sind\u0259 \u0259sas m\u0259qs\u0259dl\u0259rind\u0259n birinin s\u00f6z, fikir v\u0259 m\u0259lumat azadl\u0131\u011f\u0131na daha geni\u015f imkanlar yarad\u0131lmas\u0131ndan ibar\u0259t oldu\u011funu qeyd edir. Sa\u011f olsun, bu g\u00fcn biz\u0259 hans\u0131 s\u00f6z, fikir v\u0259 m\u0259lumat azadl\u0131\u011f\u0131n\u0131 yaratmaq ist\u0259diyini a\u00e7\u0131q \u015f\u0259kild\u0259 bildirdi&#8230;\n<\/p>\n<p>\n  <b><br \/>\n    Q\u0259r\u0259zsiz amma \u0259s\u0259bi<br \/>\n  <\/b>\n<\/p>\n<p>\n  \u018fg\u0259r bu g\u00fcn M\u0259tbuat \u015euras\u0131n\u0131n h\u00f6rm\u0259tli s\u0259drinin \u201cFacebook qada\u011fan olunmal\u0131d\u0131r\u201d b\u0259yanat\u0131n\u0131 e\u015fid\u0259nd\u0259 t\u0259sad\u00fcf\u0259n o ay\u0131c\u0131q g\u00f6z\u00fcm\u00fcn qar\u015f\u0131s\u0131ndayd\u0131. O ay\u0131 olmasayd\u0131, M\u0259tbuat \u015euras\u0131n\u0131n s\u0259drinin bu g\u00fcnk\u00fc b\u0259yanat\u0131na reaksiya verm\u0259k he\u00e7 yad\u0131ma da d\u00fc\u015fm\u0259y\u0259c\u0259kdi. Farslar demi\u015fk\u0259n, v\u0259li, s\u0259drin o v\u0259d kimi q\u0259bul el\u0259diyim jesti d\u0259&#8230;<br \/>\n  <br \/>\n  M\u0259qs\u0259di s\u00f6z, fikir v\u0259 m\u0259lumat azadl\u0131\u011f\u0131na daha geni\u015f imkanlar yarad\u0131lmas\u0131ndan ibar\u0259t olan h\u00f6rm\u0259tli \u018fflatun m\u00fc\u0259llim, s\u00f6z, fikir v\u0259 m\u0259lumat azadl\u0131\u011f\u0131na yaratmaq ist\u0259diyiniz imkanlar budurmu? Bu nec\u0259 imkand\u0131, n\u0259 bomba imkand\u0131, \u018fflatun m\u00fc\u0259llim!? H\u00f6rtm\u0259tli M\u015e s\u0259dri, facebooku ba\u011flatmaq t\u0259klifiniz d\u00f6vl\u0259t m\u0259murlar\u0131n\u0131n, media kapitanlar\u0131n\u0131n t\u0259hqir olunmas\u0131 il\u0259 \u0259laq\u0259l\u0259ndirirsiniz. \u018fflatun b\u0259y, b\u0259s X\u0259dic\u0259 \u0130smay\u0131l t\u0259hqir olunanda, onunla ba\u011fl\u0131 m\u00fcxt\u0259lif t\u0259hqiramiz capslar, karikaturalar, h\u0259dyanlar h\u0259min profill\u0259rd\u0259 yer alanda, niy\u0259 bel\u0259 bir t\u0259\u015f\u0259bb\u00fcsd\u0259 bulunmad\u0131n\u0131z? Niy\u0259 he\u00e7 s\u0259sinizi d\u0259 \u00e7\u0131xarmad\u0131n\u0131z? \u0130ll\u0259rdi facebookda m\u00fcxt\u0259lif s\u0259hif\u0259l\u0259rd\u0259 m\u00fcxt\u0259lif jurnalistl\u0259r t\u0259hqir olunur. N\u0259 vaxt, hans\u0131na qar\u015f\u0131 etiraz el\u0259misiniz?<br \/>\n  <br \/>\n  \u00d6lk\u0259d\u0259 al\u0259m bir-birin\u0259 d\u0259yir, s\u0259siniz \u00e7\u0131xm\u0131r. Jurnalistl\u0259r d\u00f6y\u00fcl\u00fcr, s\u0259siniz \u00e7\u0131xm\u0131r. H\u0259bs olunurlar, s\u0259siniz \u00e7\u0131xm\u0131r. Q\u0259zetl\u0259rin, radiolar\u0131n ofisl\u0259ri m\u00f6h\u00fcrl\u0259nir, s\u0259siniz \u00e7\u0131xm\u0131r. Bir gec\u0259nin i\u00e7ind\u0259 30 n\u0259f\u0259r jurnalisti polis b\u00f6lm\u0259sin\u0259 apar\u0131rlar, s\u0259siniz \u00e7\u0131xm\u0131r. \u0130ndi siz\u0259 n\u0259 olub? N\u0259yin qorxusudur bu sosial \u015f\u0259b\u0259k\u0259l\u0259rd\u0259n qorxmaq, \u00e7\u0259kinm\u0259k?<br \/>\n  <br \/>\n  Media kapitanlar\u0131 imi\u015f. Kimdir o media kapitanlar\u0131? Kim verib onlara kapitan r\u00fctb\u0259l\u0259rin? Kimd\u0259dir o s\u0259lahiyy\u0259t? Siz M\u0259tbuat \u015euras\u0131n\u0131 s\u0259drisiniz, yoxsa ad\u0131n\u0131 media kapitanlar\u0131 qoydu\u011funuz adamlar\u0131n sosial \u015f\u0259b\u0259k\u0259l\u0259rd\u0259 PR menceri? Siz kimin M\u0259tbuat \u015euras\u0131s\u0131n\u0131z? \u00dcmumiyy\u0259tl\u0259, m\u0259n\u0259 maraql\u0131d\u0131r, siz n\u0259 i\u015fl\u0259 m\u0259\u015f\u011fulsunuz?<br \/>\n  <br \/>\n  Q\u0259r\u0259zsiz v\u0259 romantik&#8230;\n<\/p>\n<p>\n  \u018fflatun m\u00fc\u0259llim, sizd\u0259n he\u00e7 kim incimir. Daha \u00f6z\u00fcn\u00fcz\u00fc yorub, m\u0259rh\u0259l\u0259r-m\u0259rh\u0259l\u0259 niy\u0259 r\u00fcsvay edirsiniz \u00f6z\u00fcn\u00fcz\u00fc? El\u0259 bird\u0259f\u0259lik b\u0259yanat verin ki, b\u00fct\u00fcn q\u0259zetl\u0259r, saytlar ba\u011flanmal\u0131d\u0131r, \u00f6lk\u0259d\u0259 jurnalist olmamal\u0131d\u0131r, deyin ki, \u00fcmumiyy\u0259tl\u0259 n\u0259y\u0259 laz\u0131md\u0131 m\u0259tbuat? M\u0259tbuat el\u0259 bir \u015feydir ki, \u015euras\u0131, s\u0259dri v\u0259 kapitanlar\u0131 oldu, b\u0259sdir. Qalan\u0131 olmasa da, olar. \u0130nan\u0131n ki, daha s\u0259mimi, daha ger\u00e7\u0259k\u00e7i g\u00f6r\u00fcn\u0259c\u0259ksiz v\u0259 ham\u0131 da bel\u0259 konkret bir b\u0259yanata g\u00f6r\u0259 siz\u0259 h\u00f6rm\u0259t ed\u0259c\u0259k&#8230;\n<\/p>\n<p>\n  <b><br \/>\n    Yaz\u0131dak\u0131 fikirl\u0259r m\u00fc\u0259llif\u0259 m\u0259xsusdur v\u0259 onlara g\u00f6r\u0259 Meydan TV m\u0259suliyy\u0259t da\u015f\u0131m\u0131r.<br \/>\n  <\/b><\/p>\n","protected":false},"excerpt":{"rendered":"<p>X\u0259dic\u0259 t\u0259hqir olunanda niy\u0259 bunu ist\u0259mirdiniz?<\/p>\n","protected":false},"author":11,"featured_media":24755,"comment_status":"closed","ping_status":"open","sticky":false,"template":"","format":"standard","meta":{"_acf_changed":false,"_sitemap_exclude":false,"_sitemap_priority":"","_sitemap_frequency":"","footnotes":""},"categories":[57],"tags":[],"class_list":["post-168237","post","type-post","status-publish","format-standard","has-post-thumbnail","hentry","category-menim-fikrimce","infinite-scroll-item","generate-columns","tablet-grid-50","mobile-grid-100","grid-parent","grid-33","no-featured-image-padding"],"acf":[],"yoast_head":"<!-- This site is optimized with the Yoast SEO plugin v27.5 - https:\/\/yoast.com\/product\/yoast-seo-wordpress\/ -->\n<title>\u018fflatun Ama\u015fovun ay\u0131s\u0131 - MEYDAN.TV<\/title>\n<meta name=\"robots\" content=\"index, follow, max-snippet:-1, max-image-preview:large, max-video-preview:-1\" \/>\n<link rel=\"canonical\" href=\"https:\/\/www.meydan.tv\/az\/article\/eflatun-amasovun-ayisi\/\" \/>\n<meta property=\"og:locale\" content=\"az_AZ\" \/>\n<meta property=\"og:type\" content=\"article\" \/>\n<meta property=\"og:title\" content=\"\u018fflatun Ama\u015fovun ay\u0131s\u0131 - MEYDAN.TV\" \/>\n<meta property=\"og:description\" content=\"X\u0259dic\u0259 t\u0259hqir olunanda niy\u0259 bunu ist\u0259mirdiniz?\" \/>\n<meta property=\"og:url\" content=\"https:\/\/www.meydan.tv\/az\/article\/eflatun-amasovun-ayisi\/\" \/>\n<meta property=\"og:site_name\" content=\"MEYDAN.TV\" \/>\n<meta property=\"article:published_time\" content=\"2015-06-05T19:06:52+00:00\" \/>\n<meta property=\"og:image\" content=\"https:\/\/www.meydan.tv\/wp-content\/uploads\/9035.jpg\" \/>\n\t<meta property=\"og:image:width\" content=\"500\" \/>\n\t<meta property=\"og:image:height\" content=\"500\" \/>\n\t<meta property=\"og:image:type\" content=\"image\/jpeg\" \/>\n<meta name=\"author\" content=\"user-manager\" \/>\n<meta name=\"twitter:card\" content=\"summary_large_image\" \/>\n<script type=\"application\/ld+json\" class=\"yoast-schema-graph\">{\"@context\":\"https:\\\/\\\/schema.org\",\"@graph\":[{\"@type\":\"Article\",\"@id\":\"https:\\\/\\\/www.meydan.tv\\\/az\\\/article\\\/eflatun-amasovun-ayisi\\\/#article\",\"isPartOf\":{\"@id\":\"https:\\\/\\\/www.meydan.tv\\\/az\\\/article\\\/eflatun-amasovun-ayisi\\\/\"},\"author\":{\"name\":\"user-manager\",\"@id\":\"https:\\\/\\\/www.meydan.tv\\\/az\\\/#\\\/schema\\\/person\\\/10d11eccf6da3662cf5fdab9806ea91a\"},\"headline\":\"\u018fflatun Ama\u015fovun ay\u0131s\u0131\",\"datePublished\":\"2015-06-05T19:06:52+00:00\",\"mainEntityOfPage\":{\"@id\":\"https:\\\/\\\/www.meydan.tv\\\/az\\\/article\\\/eflatun-amasovun-ayisi\\\/\"},\"wordCount\":780,\"publisher\":{\"@id\":\"https:\\\/\\\/www.meydan.tv\\\/az\\\/#organization\"},\"image\":{\"@id\":\"https:\\\/\\\/www.meydan.tv\\\/az\\\/article\\\/eflatun-amasovun-ayisi\\\/#primaryimage\"},\"thumbnailUrl\":\"https:\\\/\\\/www.meydan.tv\\\/wp-content\\\/uploads\\\/9035.jpg\",\"articleSection\":[\"M\u0259nim Fikrimc\u0259\"],\"inLanguage\":\"az\"},{\"@type\":\"WebPage\",\"@id\":\"https:\\\/\\\/www.meydan.tv\\\/az\\\/article\\\/eflatun-amasovun-ayisi\\\/\",\"url\":\"https:\\\/\\\/www.meydan.tv\\\/az\\\/article\\\/eflatun-amasovun-ayisi\\\/\",\"name\":\"\u018fflatun Ama\u015fovun ay\u0131s\u0131 - MEYDAN.TV\",\"isPartOf\":{\"@id\":\"https:\\\/\\\/www.meydan.tv\\\/az\\\/#website\"},\"primaryImageOfPage\":{\"@id\":\"https:\\\/\\\/www.meydan.tv\\\/az\\\/article\\\/eflatun-amasovun-ayisi\\\/#primaryimage\"},\"image\":{\"@id\":\"https:\\\/\\\/www.meydan.tv\\\/az\\\/article\\\/eflatun-amasovun-ayisi\\\/#primaryimage\"},\"thumbnailUrl\":\"https:\\\/\\\/www.meydan.tv\\\/wp-content\\\/uploads\\\/9035.jpg\",\"datePublished\":\"2015-06-05T19:06:52+00:00\",\"breadcrumb\":{\"@id\":\"https:\\\/\\\/www.meydan.tv\\\/az\\\/article\\\/eflatun-amasovun-ayisi\\\/#breadcrumb\"},\"inLanguage\":\"az\",\"potentialAction\":[{\"@type\":\"ReadAction\",\"target\":[\"https:\\\/\\\/www.meydan.tv\\\/az\\\/article\\\/eflatun-amasovun-ayisi\\\/\"]}]},{\"@type\":\"ImageObject\",\"inLanguage\":\"az\",\"@id\":\"https:\\\/\\\/www.meydan.tv\\\/az\\\/article\\\/eflatun-amasovun-ayisi\\\/#primaryimage\",\"url\":\"https:\\\/\\\/www.meydan.tv\\\/wp-content\\\/uploads\\\/9035.jpg\",\"contentUrl\":\"https:\\\/\\\/www.meydan.tv\\\/wp-content\\\/uploads\\\/9035.jpg\",\"width\":500,\"height\":500,\"caption\":\"Source:\"},{\"@type\":\"BreadcrumbList\",\"@id\":\"https:\\\/\\\/www.meydan.tv\\\/az\\\/article\\\/eflatun-amasovun-ayisi\\\/#breadcrumb\",\"itemListElement\":[{\"@type\":\"ListItem\",\"position\":1,\"name\":\"Ana s\u0259hif\u0259\",\"item\":\"https:\\\/\\\/www.meydan.tv\\\/az\\\/\"},{\"@type\":\"ListItem\",\"position\":2,\"name\":\"M\u0259nim Fikrimc\u0259\",\"item\":\"https:\\\/\\\/www.meydan.tv\\\/az\\\/section\\\/menim-fikrimce\\\/\"},{\"@type\":\"ListItem\",\"position\":3,\"name\":\"\u018fflatun Ama\u015fovun ay\u0131s\u0131\"}]},{\"@type\":\"WebSite\",\"@id\":\"https:\\\/\\\/www.meydan.tv\\\/az\\\/#website\",\"url\":\"https:\\\/\\\/www.meydan.tv\\\/az\\\/\",\"name\":\"MEYDAN.TV\",\"description\":\"Meydan TV Az\u0259rbaycan\u0131n media m\u0259kan\u0131ndak\u0131 alternativ s\u0259sidir\",\"publisher\":{\"@id\":\"https:\\\/\\\/www.meydan.tv\\\/az\\\/#organization\"},\"potentialAction\":[{\"@type\":\"SearchAction\",\"target\":{\"@type\":\"EntryPoint\",\"urlTemplate\":\"https:\\\/\\\/www.meydan.tv\\\/az\\\/?s={search_term_string}\"},\"query-input\":{\"@type\":\"PropertyValueSpecification\",\"valueRequired\":true,\"valueName\":\"search_term_string\"}}],\"inLanguage\":\"az\"},{\"@type\":\"Organization\",\"@id\":\"https:\\\/\\\/www.meydan.tv\\\/az\\\/#organization\",\"name\":\"Meydan TV\",\"url\":\"https:\\\/\\\/www.meydan.tv\\\/az\\\/\",\"logo\":{\"@type\":\"ImageObject\",\"inLanguage\":\"az\",\"@id\":\"https:\\\/\\\/www.meydan.tv\\\/az\\\/#\\\/schema\\\/logo\\\/image\\\/\",\"url\":\"https:\\\/\\\/www.meydan.tv\\\/wp-content\\\/uploads\\\/2021\\\/07\\\/meydan-logo.svg\",\"contentUrl\":\"https:\\\/\\\/www.meydan.tv\\\/wp-content\\\/uploads\\\/2021\\\/07\\\/meydan-logo.svg\",\"width\":195,\"height\":46,\"caption\":\"Meydan TV\"},\"image\":{\"@id\":\"https:\\\/\\\/www.meydan.tv\\\/az\\\/#\\\/schema\\\/logo\\\/image\\\/\"}},{\"@type\":\"Person\",\"@id\":\"https:\\\/\\\/www.meydan.tv\\\/az\\\/#\\\/schema\\\/person\\\/10d11eccf6da3662cf5fdab9806ea91a\",\"name\":\"user-manager\"}]}<\/script>\n<!-- \/ Yoast SEO plugin. -->","yoast_head_json":{"title":"\u018fflatun Ama\u015fovun ay\u0131s\u0131 - MEYDAN.TV","robots":{"index":"index","follow":"follow","max-snippet":"max-snippet:-1","max-image-preview":"max-image-preview:large","max-video-preview":"max-video-preview:-1"},"canonical":"https:\/\/www.meydan.tv\/az\/article\/eflatun-amasovun-ayisi\/","og_locale":"az_AZ","og_type":"article","og_title":"\u018fflatun Ama\u015fovun ay\u0131s\u0131 - MEYDAN.TV","og_description":"X\u0259dic\u0259 t\u0259hqir olunanda niy\u0259 bunu ist\u0259mirdiniz?","og_url":"https:\/\/www.meydan.tv\/az\/article\/eflatun-amasovun-ayisi\/","og_site_name":"MEYDAN.TV","article_published_time":"2015-06-05T19:06:52+00:00","og_image":[{"width":500,"height":500,"url":"https:\/\/www.meydan.tv\/wp-content\/uploads\/9035.jpg","type":"image\/jpeg"}],"author":"user-manager","twitter_card":"summary_large_image","schema":{"@context":"https:\/\/schema.org","@graph":[{"@type":"Article","@id":"https:\/\/www.meydan.tv\/az\/article\/eflatun-amasovun-ayisi\/#article","isPartOf":{"@id":"https:\/\/www.meydan.tv\/az\/article\/eflatun-amasovun-ayisi\/"},"author":{"name":"user-manager","@id":"https:\/\/www.meydan.tv\/az\/#\/schema\/person\/10d11eccf6da3662cf5fdab9806ea91a"},"headline":"\u018fflatun Ama\u015fovun ay\u0131s\u0131","datePublished":"2015-06-05T19:06:52+00:00","mainEntityOfPage":{"@id":"https:\/\/www.meydan.tv\/az\/article\/eflatun-amasovun-ayisi\/"},"wordCount":780,"publisher":{"@id":"https:\/\/www.meydan.tv\/az\/#organization"},"image":{"@id":"https:\/\/www.meydan.tv\/az\/article\/eflatun-amasovun-ayisi\/#primaryimage"},"thumbnailUrl":"https:\/\/www.meydan.tv\/wp-content\/uploads\/9035.jpg","articleSection":["M\u0259nim Fikrimc\u0259"],"inLanguage":"az"},{"@type":"WebPage","@id":"https:\/\/www.meydan.tv\/az\/article\/eflatun-amasovun-ayisi\/","url":"https:\/\/www.meydan.tv\/az\/article\/eflatun-amasovun-ayisi\/","name":"\u018fflatun Ama\u015fovun ay\u0131s\u0131 - MEYDAN.TV","isPartOf":{"@id":"https:\/\/www.meydan.tv\/az\/#website"},"primaryImageOfPage":{"@id":"https:\/\/www.meydan.tv\/az\/article\/eflatun-amasovun-ayisi\/#primaryimage"},"image":{"@id":"https:\/\/www.meydan.tv\/az\/article\/eflatun-amasovun-ayisi\/#primaryimage"},"thumbnailUrl":"https:\/\/www.meydan.tv\/wp-content\/uploads\/9035.jpg","datePublished":"2015-06-05T19:06:52+00:00","breadcrumb":{"@id":"https:\/\/www.meydan.tv\/az\/article\/eflatun-amasovun-ayisi\/#breadcrumb"},"inLanguage":"az","potentialAction":[{"@type":"ReadAction","target":["https:\/\/www.meydan.tv\/az\/article\/eflatun-amasovun-ayisi\/"]}]},{"@type":"ImageObject","inLanguage":"az","@id":"https:\/\/www.meydan.tv\/az\/article\/eflatun-amasovun-ayisi\/#primaryimage","url":"https:\/\/www.meydan.tv\/wp-content\/uploads\/9035.jpg","contentUrl":"https:\/\/www.meydan.tv\/wp-content\/uploads\/9035.jpg","width":500,"height":500,"caption":"Source:"},{"@type":"BreadcrumbList","@id":"https:\/\/www.meydan.tv\/az\/article\/eflatun-amasovun-ayisi\/#breadcrumb","itemListElement":[{"@type":"ListItem","position":1,"name":"Ana s\u0259hif\u0259","item":"https:\/\/www.meydan.tv\/az\/"},{"@type":"ListItem","position":2,"name":"M\u0259nim Fikrimc\u0259","item":"https:\/\/www.meydan.tv\/az\/section\/menim-fikrimce\/"},{"@type":"ListItem","position":3,"name":"\u018fflatun Ama\u015fovun ay\u0131s\u0131"}]},{"@type":"WebSite","@id":"https:\/\/www.meydan.tv\/az\/#website","url":"https:\/\/www.meydan.tv\/az\/","name":"MEYDAN.TV","description":"Meydan TV Az\u0259rbaycan\u0131n media m\u0259kan\u0131ndak\u0131 alternativ s\u0259sidir","publisher":{"@id":"https:\/\/www.meydan.tv\/az\/#organization"},"potentialAction":[{"@type":"SearchAction","target":{"@type":"EntryPoint","urlTemplate":"https:\/\/www.meydan.tv\/az\/?s={search_term_string}"},"query-input":{"@type":"PropertyValueSpecification","valueRequired":true,"valueName":"search_term_string"}}],"inLanguage":"az"},{"@type":"Organization","@id":"https:\/\/www.meydan.tv\/az\/#organization","name":"Meydan TV","url":"https:\/\/www.meydan.tv\/az\/","logo":{"@type":"ImageObject","inLanguage":"az","@id":"https:\/\/www.meydan.tv\/az\/#\/schema\/logo\/image\/","url":"https:\/\/www.meydan.tv\/wp-content\/uploads\/2021\/07\/meydan-logo.svg","contentUrl":"https:\/\/www.meydan.tv\/wp-content\/uploads\/2021\/07\/meydan-logo.svg","width":195,"height":46,"caption":"Meydan TV"},"image":{"@id":"https:\/\/www.meydan.tv\/az\/#\/schema\/logo\/image\/"}},{"@type":"Person","@id":"https:\/\/www.meydan.tv\/az\/#\/schema\/person\/10d11eccf6da3662cf5fdab9806ea91a","name":"user-manager"}]}},"_links":{"self":[{"href":"https:\/\/www.meydan.tv\/az\/wp-json\/wp\/v2\/posts\/168237","targetHints":{"allow":["GET"]}}],"collection":[{"href":"https:\/\/www.meydan.tv\/az\/wp-json\/wp\/v2\/posts"}],"about":[{"href":"https:\/\/www.meydan.tv\/az\/wp-json\/wp\/v2\/types\/post"}],"author":[{"embeddable":true,"href":"https:\/\/www.meydan.tv\/az\/wp-json\/wp\/v2\/users\/11"}],"replies":[{"embeddable":true,"href":"https:\/\/www.meydan.tv\/az\/wp-json\/wp\/v2\/comments?post=168237"}],"version-history":[{"count":0,"href":"https:\/\/www.meydan.tv\/az\/wp-json\/wp\/v2\/posts\/168237\/revisions"}],"wp:featuredmedia":[{"embeddable":true,"href":"https:\/\/www.meydan.tv\/az\/wp-json\/wp\/v2\/media\/24755"}],"wp:attachment":[{"href":"https:\/\/www.meydan.tv\/az\/wp-json\/wp\/v2\/media?parent=168237"}],"wp:term":[{"taxonomy":"category","embeddable":true,"href":"https:\/\/www.meydan.tv\/az\/wp-json\/wp\/v2\/categories?post=168237"},{"taxonomy":"post_tag","embeddable":true,"href":"https:\/\/www.meydan.tv\/az\/wp-json\/wp\/v2\/tags?post=168237"}],"curies":[{"name":"wp","href":"https:\/\/api.w.org\/{rel}","templated":true}]}}