{"id":168220,"date":"2015-06-05T02:05:32","date_gmt":"2015-06-05T02:05:32","guid":{"rendered":"https:\/\/www.meydan.tv\/article\/sahbaz-ve-nino-meselesi-haqqinda\/"},"modified":"2015-06-05T02:05:32","modified_gmt":"2015-06-05T02:05:32","slug":"sahbaz-ve-nino-meselesi-haqqinda","status":"publish","type":"post","link":"https:\/\/www.meydan.tv\/az\/article\/sahbaz-ve-nino-meselesi-haqqinda\/","title":{"rendered":"\u201c\u015eahbaz v\u0259 Nino\u201d m\u0259s\u0259l\u0259si haqq\u0131nda"},"content":{"rendered":"<figure class=\"wp-block-image size-large\">\n  <img decoding=\"async\" src=\"https:\/\/www.meydan.tv\/az\/24078\/\" alt=\"\" class=\"wp-image-24078\"\/><figcaption><\/figcaption><\/figure>\n<\/p>\n<figure class=\"wp-block-image size-large\">\n  <img decoding=\"async\" src=\"https:\/\/www.meydan.tv\/az\/24084\/\" alt=\"\" class=\"wp-image-24084\"\/><figcaption><\/figcaption><\/figure>\n<p>\n  \u0130lk ba\u015fda onu deyim ki, h\u0259r biri ayr\u0131ca bir kommersiya qurulu\u015fu olan \u201cQanun\u201d n\u0259\u015friyyat\u0131 v\u0259 \u201c\u018fli v\u0259 Nino\u201d kitab evl\u0259ri \u015f\u0259b\u0259k\u0259si yazarlar\u0131n kitablar\u0131n\u0131 \u00e7ap etm\u0259kd\u0259 v\u0259 ya satmaqda tamam\u0259n s\u0259rb\u0259stdirl\u0259r. Hans\u0131 \u00f6lk\u0259d\u0259 ya\u015fad\u0131\u011f\u0131m\u0131z\u0131 bilirik, ki\u00e7ik \u015firk\u0259tl\u0259rin ayaqda durmas\u0131n\u0131n hans\u0131 \u00e7\u0259tinlikl\u0259r\u0259 ba\u015fa g\u0259ldiyini t\u0259s\u0259vv\u00fcr ed\u0259 bil\u0259rik. Yazardan f\u0259rqli olaraq kitab satan insan yarad\u0131c\u0131l\u0131q m\u0259tb\u0259xini daha ayd\u0131n g\u00f6r\u00fcr, onlarla deyil, y\u00fczl\u0259rl\u0259 g\u0259nc v\u0259 ya\u015fl\u0131 yazar durmadan \u015feir, hekay\u0259, roman yaz\u0131r v\u0259 onlar\u0131n \u00fcz tutdu\u011fu ilk \u00fcnvan \u201c\u018fli v\u0259 Nino\u201d d\u00fckanlar\u0131d\u0131r. Vergiyl\u0259, kiray\u0259 v\u0259 maa\u015flarla \u0259lb\u0259yaxa olan d\u00fckan sahibi bir yerd\u0259 stop d\u00fcym\u0259sini basa bil\u0259r v\u0259 bu t\u0259sad\u00fcf\u0259n Qan Tural\u0131n\u0131n kitab\u0131n\u0131n \u00e7\u0131xd\u0131\u011f\u0131 vaxta d\u00fc\u015f\u0259 bil\u0259r.\n<\/p>\n<p>\n  V\u0259 ya vergi m\u0259murunun \u0259li n\u0259\u015friyyat\u0131n bo\u011faz\u0131nda oldu\u011fu bir anda \u015eahbaz\u0131n telefonu z\u0259ng \u00e7alar, z\u0259ng ed\u0259n d\u0259 kim olsa yax\u015f\u0131d\u0131r, Murad K\u00f6hn\u0259qala, n\u0259 ist\u0259yir, \u00f6z\u00fcn\u00fcn yazd\u0131\u011f\u0131 kitablardan 5 \u0259d\u0259d. H\u0259m yazar, h\u0259m na\u015fir, h\u0259m sat\u0131\u015f \u015f\u0259b\u0259k\u0259si \u00fc\u00e7\u00fcn ac\u0131nacaql\u0131 hald\u0131r. Baykot \u00e7a\u011f\u0131r\u0131\u015flar\u0131n\u0131 e\u015fid\u0259n oxucunun hal\u0131 lap k\u0259ll\u0259-m\u00fc\u0259ll\u0259qdir. G\u00fcneylil\u0259r demi\u015fk\u0259n, bu q\u0259d\u0259r hayb\u0131d\u0131r\u011fdan sonra, he\u00e7 g\u00f6r\u00fcn bir d\u00f6vl\u0259t m\u0259nuru, bir mill\u0259t v\u0259kili, bir M\u0259d\u0259niyy\u0259t v\u0259 Turizm nazirinin \u015f\u00f6b\u0259 m\u00fcd\u00fcr\u00fc, n\u0259\u015friyyat, yay\u0131m-bas\u0131m i\u015fl\u0259rind\u0259n sorumlu olan bir kims\u0259 s\u0259sini \u00e7\u0131xard\u0131m\u0131? Kitab (yazar-na\u015fir-kitabsatan-oxucu) m\u0259s\u0259l\u0259si bizim \u00f6lk\u0259d\u0259 t\u0259nziml\u0259nm\u0259yib. Kitab satanla kartof satana Vergil\u0259r Nazirliyinin m\u00fcnasib\u0259ti eynidir. Buna g\u00f6r\u0259 d\u0259, n\u0259tic\u0259 olaraq kitab satan, h\u0259r n\u0259 q\u0259d\u0259r humanist niyy\u0259tl\u0259rl\u0259 yola \u00e7\u0131xsa da, ax\u0131rda simas\u0131n\u0131 itirir, kitab onun \u00fc\u00e7\u00fcn m\u00fcmk\u00fcn q\u0259d\u0259r tez sat\u0131l\u0131b pula \u00e7evril\u0259c\u0259k bir n\u0259sn\u0259dir, dolay\u0131s\u0131yla, kartofdan f\u0259rqli deyil.\n<\/p>\n<p>\n  Bir d\u0259f\u0259, 28-d\u0259ki kitab d\u00fckan\u0131 sahibl\u0259rind\u0259n birin\u0259 el\u0259 bel\u0259 d\u0259 demi\u015f\u0259m, \u201cyax\u015f\u0131s\u0131 budur, get kartof sat\u201d, adam Bertran Rasselin kitab\u0131n\u0131 \u0259lind\u0259 o t\u0259r\u0259f bu t\u0259r\u0259f\u0259 \u00e7evirir, sat\u0131lacaq-sat\u0131lmayacaq dey\u0259 t\u0259r\u0259dd\u00fcd edirdi.\n<\/p>\n<p>\n  \u0130ndi g\u0259l\u0259lim Nigar xan\u0131ma. Mad\u0259m bel\u0259 ticari qabiliyy\u0259tin vard\u0131, n\u0259y\u0259 g\u00f6r\u0259 tekstil, bij\u00fcteriya, qalanteriya, parf\u00fcmeriya d\u00fckanlar\u0131 a\u00e7m\u0131rd\u0131n? Daha \u00e7ox satar, daha \u00e7ox kar ed\u0259rdin. V\u0259 ya, ay \u015eahbaz Xuduo\u011flu, mad\u0259m \u0259d\u0259biyyat\u0131m\u0131z\u0131n canl\u0131 klassiki Murad K\u00f6hn\u0259qalaya 5 kitab ver\u0259 bilm\u0259y\u0259c\u0259kdin, niy\u0259 gedib ayaqqab\u0131 sexi a\u00e7m\u0131rd\u0131n v\u0259 s.\n<\/p>\n<p>\n  \u015eahbaza v\u0259 Nigara kims\u0259 bir s\u00f6z dey\u0259 bilm\u0259z v\u0259 dem\u0259m\u0259lidir. H\u00fcquqi c\u0259h\u0259td\u0259n onlar haql\u0131d\u0131r, bu ayd\u0131n m\u0259s\u0259l\u0259dir. Pul \u00e7ox \u00f6n\u0259mlidir. H\u0259m d\u0259 son d\u00f6n\u0259ml\u0259rd\u0259 lap \u00f6n\u0259mlidir. Bizim, biz yaz\u0131\u00e7\u0131lar\u0131n, h\u0259r biri bir ziyal\u0131 olan bu adamlardanbir umaca\u011f\u0131m\u0131z var: onlar\u0131 h\u0259yatda puldan daha d\u0259yrli olan \u015feyl\u0259r oldu\u011funu bil\u0259n insanlar kimi g\u00f6rm\u0259k ist\u0259yirik. Bu q\u0259d\u0259r q\u0131naqlara cavabnam\u0259l\u0259r yazmaqdansa bir az anlay\u0131\u015f g\u00f6st\u0259rm\u0259l\u0259rini, yalandan da olsa s\u0259hv etdikl\u0259rini, m\u00f6vcud durumun onlar\u0131 q\u0259ddarla\u015fd\u0131rd\u0131\u011f\u0131n\u0131 etiraf etm\u0259l\u0259rini g\u00f6zl\u0259yirik. \u015eahbaz v\u0259 Nino birl\u0259\u015f\u0259r\u0259k kitab bazar\u0131nda inhisar yaratmaq ist\u0259dikl\u0259ri g\u00f6z qaba\u011f\u0131ndad\u0131r. H\u0259tta b\u00fct\u00fcn yerli yazarlarla d\u00fc\u015fm\u0259n olmaq d\u0259r\u0259c\u0259sind\u0259 buna iddial\u0131d\u0131rlar. A\u00e7\u0131q-a\u00e7\u0131\u011f\u0131na he\u00e7 k\u0259si h\u0259rl\u0259m\u0259dikl\u0259rini ifad\u0259 edirl\u0259r. Amma v\u0259 lakin&#8230;\n<\/p>\n<p>\n  Bir az uzaqdan ba\u015flamaq ist\u0259yir\u0259m. S\u0259m\u0259d Vur\u011fun demi\u015fk\u0259n: qara qullar d\u00fcnyas\u0131n\u0131n intiqam\u0131 yaman olur. Penoplast yan\u011f\u0131n\u0131 zaman\u0131nda ibr\u0259tamiz bir hadis\u0259 oldu. Rayondan g\u0259lmi\u015f qarabala bir cocuq, kimin kim oldu\u011funu d\u00fc\u015f\u00fcnm\u0259d\u0259n can\u0131n\u0131 oda atd\u0131 v\u0259 ne\u00e7\u0259 adam\u0131 xilas etdi. Yanl\u0131\u015f bir \u015fey s\u00f6yl\u0259s\u0259m, m\u0259ni ba\u011f\u0131\u015flay\u0131n. B\u0259lk\u0259 d\u0259 xilas etdiyi adamlardan kims\u0259 daha \u00f6nc\u0259 ona rast g\u0259ls\u0259ydi, bir az uzaqdan dolanar, bu g\u0259ncin onlarla eyni havadan n\u0259f\u0259s almas\u0131n\u0131 da ona \u00e7ox g\u00f6r\u0259rdil\u0259r. B\u0259lk\u0259, imkan\u0131 olsa o g\u0259nc, he\u00e7 bir t\u0259m\u0259nna g\u00fcdm\u0259d\u0259n \u0259n \u201celitar\u201d insan\u0131 da, m\u0259s\u0259l\u0259n \u00c7ingiz Abdullayevi, Anar\u0131, El\u00e7ini d\u0259 xilas ed\u0259rdi. O adamlar\u0131 ki, rayondan g\u0259lmi\u015f g\u0259nc yazarlar\u0131 \u201cl\u00fcmpen\u201d, \u201cden\u015fik\u201d adland\u0131rm\u0131\u015fd\u0131. Baxmayaraq ki, bu adamlar\u0131n h\u0259r biri bir v\u0259 ya iki n\u0259sil \u00f6nc\u0259 k\u0259ndli ail\u0259sind\u0259n \u00e7\u0131x\u0131b \u015f\u0259h\u0259r\u0259 yerl\u0259\u015fibl\u0259r, t\u0259bir caizs\u0259, \u201cikinci \u0259l bak\u0131l\u0131d\u0131rlar\u201d&#8230;\n<\/p>\n<p>\n  Bax, \u015eahbaz\u0131n kitablar\u0131n\u0131 \u00e7ap etm\u0259diyi v\u0259 Nigar\u0131n kitablar\u0131n\u0131 satmad\u0131\u011f\u0131 bizim ryonlardan g\u0259lmi\u015f g\u0259nc yazarlar\u0131m\u0131z, el\u0259 h\u0259min o g\u0259nc kimi, \u015eahbaz\u0131n ba\u015f\u0131 vergil\u0259rl\u0259 d\u0259rdd\u0259 olanda, Nigar\u0131n biznesi t\u0259k\u0259r\u0259 d\u00fc\u015f\u0259nd\u0259, bir ehtimal, \u00f6z etiraz s\u0259sl\u0259rini qald\u0131racaqlar, onlra\u0131n yan\u011f\u0131n haray\u0131na ilk qo\u015fanlar olacaqlar. Nec\u0259 ki, \u0259v\u0259l\u0131l\u0259r d\u0259 bunu edibl\u0259r.\n<\/p>\n<p>\n  Yen\u0259 d\u0259 t\u0259krar edir\u0259m, \u015eahbaz v\u0259 Nigar h\u00fcquqi v\u0259 ticari bax\u0131mdan tam haql\u0131d\u0131rlar. H\u0259yat onlara bir az daha m\u00fcdrik olma\u011f\u0131 \u00f6yr\u0259d\u0259c\u0259k. \u018fn az\u0131ndan h\u0259r \u015feyin f\u0259rdi \u00e7\u0131xarlarla \u00f6l\u00e7\u00fclm\u0259diyini. H\u0259l\u0259lik, g\u0259nc olmalar\u0131 onlar\u0131 b\u0259sir\u0259tli davranma\u011fa qoymur.\n<\/p>\n<p>\n  <b><br \/>\n    Yaz\u0131dak\u0131 fikirl\u0259r m\u00fc\u0259llif\u0259 m\u0259xsusdur v\u0259 onlara g\u00f6r\u0259 Meydan TV m\u0259suliyy\u0259t da\u015f\u0131m\u0131r.<br \/>\n    <br \/>\n    Meydan TV m\u0259tnd\u0259 adlar\u0131 ke\u00e7\u0259n \u015f\u0259xsl\u0259rin fikrini d\u0259rc etm\u0259y\u0259 haz\u0131rd\u0131r.<br \/>\n    <br \/>\n  <\/b><\/p>\n","protected":false},"excerpt":{"rendered":"<p>Kitab satanla kartofsatan&#8230;<\/p>\n","protected":false},"author":11,"featured_media":24078,"comment_status":"closed","ping_status":"open","sticky":false,"template":"","format":"standard","meta":{"_acf_changed":false,"_sitemap_exclude":false,"_sitemap_priority":"","_sitemap_frequency":"","footnotes":""},"categories":[57],"tags":[],"class_list":["post-168220","post","type-post","status-publish","format-standard","has-post-thumbnail","hentry","category-menim-fikrimce","infinite-scroll-item","generate-columns","tablet-grid-50","mobile-grid-100","grid-parent","grid-33","no-featured-image-padding"],"acf":[],"yoast_head":"<!-- This site is optimized with the Yoast SEO plugin v27.5 - https:\/\/yoast.com\/product\/yoast-seo-wordpress\/ -->\n<title>\u201c\u015eahbaz v\u0259 Nino\u201d m\u0259s\u0259l\u0259si haqq\u0131nda - MEYDAN.TV<\/title>\n<meta name=\"robots\" content=\"index, follow, max-snippet:-1, max-image-preview:large, max-video-preview:-1\" \/>\n<link rel=\"canonical\" href=\"https:\/\/www.meydan.tv\/az\/article\/sahbaz-ve-nino-meselesi-haqqinda\/\" \/>\n<meta property=\"og:locale\" content=\"az_AZ\" \/>\n<meta property=\"og:type\" content=\"article\" \/>\n<meta property=\"og:title\" content=\"\u201c\u015eahbaz v\u0259 Nino\u201d m\u0259s\u0259l\u0259si haqq\u0131nda - MEYDAN.TV\" \/>\n<meta property=\"og:description\" content=\"Kitab satanla kartofsatan...\" \/>\n<meta property=\"og:url\" content=\"https:\/\/www.meydan.tv\/az\/article\/sahbaz-ve-nino-meselesi-haqqinda\/\" \/>\n<meta property=\"og:site_name\" content=\"MEYDAN.TV\" \/>\n<meta property=\"article:published_time\" content=\"2015-06-05T02:05:32+00:00\" \/>\n<meta property=\"og:image\" content=\"https:\/\/www.meydan.tv\/wp-content\/uploads\/8767.png\" \/>\n\t<meta property=\"og:image:width\" content=\"500\" \/>\n\t<meta property=\"og:image:height\" content=\"500\" \/>\n\t<meta property=\"og:image:type\" content=\"image\/png\" \/>\n<meta name=\"author\" content=\"user-manager\" \/>\n<meta name=\"twitter:card\" content=\"summary_large_image\" \/>\n<script type=\"application\/ld+json\" class=\"yoast-schema-graph\">{\"@context\":\"https:\\\/\\\/schema.org\",\"@graph\":[{\"@type\":\"Article\",\"@id\":\"https:\\\/\\\/www.meydan.tv\\\/az\\\/article\\\/sahbaz-ve-nino-meselesi-haqqinda\\\/#article\",\"isPartOf\":{\"@id\":\"https:\\\/\\\/www.meydan.tv\\\/az\\\/article\\\/sahbaz-ve-nino-meselesi-haqqinda\\\/\"},\"author\":{\"name\":\"user-manager\",\"@id\":\"https:\\\/\\\/www.meydan.tv\\\/az\\\/#\\\/schema\\\/person\\\/10d11eccf6da3662cf5fdab9806ea91a\"},\"headline\":\"\u201c\u015eahbaz v\u0259 Nino\u201d m\u0259s\u0259l\u0259si haqq\u0131nda\",\"datePublished\":\"2015-06-05T02:05:32+00:00\",\"mainEntityOfPage\":{\"@id\":\"https:\\\/\\\/www.meydan.tv\\\/az\\\/article\\\/sahbaz-ve-nino-meselesi-haqqinda\\\/\"},\"wordCount\":1054,\"publisher\":{\"@id\":\"https:\\\/\\\/www.meydan.tv\\\/az\\\/#organization\"},\"image\":{\"@id\":\"https:\\\/\\\/www.meydan.tv\\\/az\\\/article\\\/sahbaz-ve-nino-meselesi-haqqinda\\\/#primaryimage\"},\"thumbnailUrl\":\"https:\\\/\\\/www.meydan.tv\\\/wp-content\\\/uploads\\\/8767.png\",\"articleSection\":[\"M\u0259nim Fikrimc\u0259\"],\"inLanguage\":\"az\"},{\"@type\":\"WebPage\",\"@id\":\"https:\\\/\\\/www.meydan.tv\\\/az\\\/article\\\/sahbaz-ve-nino-meselesi-haqqinda\\\/\",\"url\":\"https:\\\/\\\/www.meydan.tv\\\/az\\\/article\\\/sahbaz-ve-nino-meselesi-haqqinda\\\/\",\"name\":\"\u201c\u015eahbaz v\u0259 Nino\u201d m\u0259s\u0259l\u0259si haqq\u0131nda - MEYDAN.TV\",\"isPartOf\":{\"@id\":\"https:\\\/\\\/www.meydan.tv\\\/az\\\/#website\"},\"primaryImageOfPage\":{\"@id\":\"https:\\\/\\\/www.meydan.tv\\\/az\\\/article\\\/sahbaz-ve-nino-meselesi-haqqinda\\\/#primaryimage\"},\"image\":{\"@id\":\"https:\\\/\\\/www.meydan.tv\\\/az\\\/article\\\/sahbaz-ve-nino-meselesi-haqqinda\\\/#primaryimage\"},\"thumbnailUrl\":\"https:\\\/\\\/www.meydan.tv\\\/wp-content\\\/uploads\\\/8767.png\",\"datePublished\":\"2015-06-05T02:05:32+00:00\",\"breadcrumb\":{\"@id\":\"https:\\\/\\\/www.meydan.tv\\\/az\\\/article\\\/sahbaz-ve-nino-meselesi-haqqinda\\\/#breadcrumb\"},\"inLanguage\":\"az\",\"potentialAction\":[{\"@type\":\"ReadAction\",\"target\":[\"https:\\\/\\\/www.meydan.tv\\\/az\\\/article\\\/sahbaz-ve-nino-meselesi-haqqinda\\\/\"]}]},{\"@type\":\"ImageObject\",\"inLanguage\":\"az\",\"@id\":\"https:\\\/\\\/www.meydan.tv\\\/az\\\/article\\\/sahbaz-ve-nino-meselesi-haqqinda\\\/#primaryimage\",\"url\":\"https:\\\/\\\/www.meydan.tv\\\/wp-content\\\/uploads\\\/8767.png\",\"contentUrl\":\"https:\\\/\\\/www.meydan.tv\\\/wp-content\\\/uploads\\\/8767.png\",\"width\":500,\"height\":500,\"caption\":\"Source:\"},{\"@type\":\"BreadcrumbList\",\"@id\":\"https:\\\/\\\/www.meydan.tv\\\/az\\\/article\\\/sahbaz-ve-nino-meselesi-haqqinda\\\/#breadcrumb\",\"itemListElement\":[{\"@type\":\"ListItem\",\"position\":1,\"name\":\"Ana s\u0259hif\u0259\",\"item\":\"https:\\\/\\\/www.meydan.tv\\\/az\\\/\"},{\"@type\":\"ListItem\",\"position\":2,\"name\":\"M\u0259nim Fikrimc\u0259\",\"item\":\"https:\\\/\\\/www.meydan.tv\\\/az\\\/section\\\/menim-fikrimce\\\/\"},{\"@type\":\"ListItem\",\"position\":3,\"name\":\"\u201c\u015eahbaz v\u0259 Nino\u201d m\u0259s\u0259l\u0259si haqq\u0131nda\"}]},{\"@type\":\"WebSite\",\"@id\":\"https:\\\/\\\/www.meydan.tv\\\/az\\\/#website\",\"url\":\"https:\\\/\\\/www.meydan.tv\\\/az\\\/\",\"name\":\"MEYDAN.TV\",\"description\":\"Meydan TV Az\u0259rbaycan\u0131n media m\u0259kan\u0131ndak\u0131 alternativ s\u0259sidir\",\"publisher\":{\"@id\":\"https:\\\/\\\/www.meydan.tv\\\/az\\\/#organization\"},\"potentialAction\":[{\"@type\":\"SearchAction\",\"target\":{\"@type\":\"EntryPoint\",\"urlTemplate\":\"https:\\\/\\\/www.meydan.tv\\\/az\\\/?s={search_term_string}\"},\"query-input\":{\"@type\":\"PropertyValueSpecification\",\"valueRequired\":true,\"valueName\":\"search_term_string\"}}],\"inLanguage\":\"az\"},{\"@type\":\"Organization\",\"@id\":\"https:\\\/\\\/www.meydan.tv\\\/az\\\/#organization\",\"name\":\"Meydan TV\",\"url\":\"https:\\\/\\\/www.meydan.tv\\\/az\\\/\",\"logo\":{\"@type\":\"ImageObject\",\"inLanguage\":\"az\",\"@id\":\"https:\\\/\\\/www.meydan.tv\\\/az\\\/#\\\/schema\\\/logo\\\/image\\\/\",\"url\":\"https:\\\/\\\/www.meydan.tv\\\/wp-content\\\/uploads\\\/2021\\\/07\\\/meydan-logo.svg\",\"contentUrl\":\"https:\\\/\\\/www.meydan.tv\\\/wp-content\\\/uploads\\\/2021\\\/07\\\/meydan-logo.svg\",\"width\":195,\"height\":46,\"caption\":\"Meydan TV\"},\"image\":{\"@id\":\"https:\\\/\\\/www.meydan.tv\\\/az\\\/#\\\/schema\\\/logo\\\/image\\\/\"}},{\"@type\":\"Person\",\"@id\":\"https:\\\/\\\/www.meydan.tv\\\/az\\\/#\\\/schema\\\/person\\\/10d11eccf6da3662cf5fdab9806ea91a\",\"name\":\"user-manager\"}]}<\/script>\n<!-- \/ Yoast SEO plugin. -->","yoast_head_json":{"title":"\u201c\u015eahbaz v\u0259 Nino\u201d m\u0259s\u0259l\u0259si haqq\u0131nda - MEYDAN.TV","robots":{"index":"index","follow":"follow","max-snippet":"max-snippet:-1","max-image-preview":"max-image-preview:large","max-video-preview":"max-video-preview:-1"},"canonical":"https:\/\/www.meydan.tv\/az\/article\/sahbaz-ve-nino-meselesi-haqqinda\/","og_locale":"az_AZ","og_type":"article","og_title":"\u201c\u015eahbaz v\u0259 Nino\u201d m\u0259s\u0259l\u0259si haqq\u0131nda - MEYDAN.TV","og_description":"Kitab satanla kartofsatan...","og_url":"https:\/\/www.meydan.tv\/az\/article\/sahbaz-ve-nino-meselesi-haqqinda\/","og_site_name":"MEYDAN.TV","article_published_time":"2015-06-05T02:05:32+00:00","og_image":[{"width":500,"height":500,"url":"https:\/\/www.meydan.tv\/wp-content\/uploads\/8767.png","type":"image\/png"}],"author":"user-manager","twitter_card":"summary_large_image","schema":{"@context":"https:\/\/schema.org","@graph":[{"@type":"Article","@id":"https:\/\/www.meydan.tv\/az\/article\/sahbaz-ve-nino-meselesi-haqqinda\/#article","isPartOf":{"@id":"https:\/\/www.meydan.tv\/az\/article\/sahbaz-ve-nino-meselesi-haqqinda\/"},"author":{"name":"user-manager","@id":"https:\/\/www.meydan.tv\/az\/#\/schema\/person\/10d11eccf6da3662cf5fdab9806ea91a"},"headline":"\u201c\u015eahbaz v\u0259 Nino\u201d m\u0259s\u0259l\u0259si haqq\u0131nda","datePublished":"2015-06-05T02:05:32+00:00","mainEntityOfPage":{"@id":"https:\/\/www.meydan.tv\/az\/article\/sahbaz-ve-nino-meselesi-haqqinda\/"},"wordCount":1054,"publisher":{"@id":"https:\/\/www.meydan.tv\/az\/#organization"},"image":{"@id":"https:\/\/www.meydan.tv\/az\/article\/sahbaz-ve-nino-meselesi-haqqinda\/#primaryimage"},"thumbnailUrl":"https:\/\/www.meydan.tv\/wp-content\/uploads\/8767.png","articleSection":["M\u0259nim Fikrimc\u0259"],"inLanguage":"az"},{"@type":"WebPage","@id":"https:\/\/www.meydan.tv\/az\/article\/sahbaz-ve-nino-meselesi-haqqinda\/","url":"https:\/\/www.meydan.tv\/az\/article\/sahbaz-ve-nino-meselesi-haqqinda\/","name":"\u201c\u015eahbaz v\u0259 Nino\u201d m\u0259s\u0259l\u0259si haqq\u0131nda - MEYDAN.TV","isPartOf":{"@id":"https:\/\/www.meydan.tv\/az\/#website"},"primaryImageOfPage":{"@id":"https:\/\/www.meydan.tv\/az\/article\/sahbaz-ve-nino-meselesi-haqqinda\/#primaryimage"},"image":{"@id":"https:\/\/www.meydan.tv\/az\/article\/sahbaz-ve-nino-meselesi-haqqinda\/#primaryimage"},"thumbnailUrl":"https:\/\/www.meydan.tv\/wp-content\/uploads\/8767.png","datePublished":"2015-06-05T02:05:32+00:00","breadcrumb":{"@id":"https:\/\/www.meydan.tv\/az\/article\/sahbaz-ve-nino-meselesi-haqqinda\/#breadcrumb"},"inLanguage":"az","potentialAction":[{"@type":"ReadAction","target":["https:\/\/www.meydan.tv\/az\/article\/sahbaz-ve-nino-meselesi-haqqinda\/"]}]},{"@type":"ImageObject","inLanguage":"az","@id":"https:\/\/www.meydan.tv\/az\/article\/sahbaz-ve-nino-meselesi-haqqinda\/#primaryimage","url":"https:\/\/www.meydan.tv\/wp-content\/uploads\/8767.png","contentUrl":"https:\/\/www.meydan.tv\/wp-content\/uploads\/8767.png","width":500,"height":500,"caption":"Source:"},{"@type":"BreadcrumbList","@id":"https:\/\/www.meydan.tv\/az\/article\/sahbaz-ve-nino-meselesi-haqqinda\/#breadcrumb","itemListElement":[{"@type":"ListItem","position":1,"name":"Ana s\u0259hif\u0259","item":"https:\/\/www.meydan.tv\/az\/"},{"@type":"ListItem","position":2,"name":"M\u0259nim Fikrimc\u0259","item":"https:\/\/www.meydan.tv\/az\/section\/menim-fikrimce\/"},{"@type":"ListItem","position":3,"name":"\u201c\u015eahbaz v\u0259 Nino\u201d m\u0259s\u0259l\u0259si haqq\u0131nda"}]},{"@type":"WebSite","@id":"https:\/\/www.meydan.tv\/az\/#website","url":"https:\/\/www.meydan.tv\/az\/","name":"MEYDAN.TV","description":"Meydan TV Az\u0259rbaycan\u0131n media m\u0259kan\u0131ndak\u0131 alternativ s\u0259sidir","publisher":{"@id":"https:\/\/www.meydan.tv\/az\/#organization"},"potentialAction":[{"@type":"SearchAction","target":{"@type":"EntryPoint","urlTemplate":"https:\/\/www.meydan.tv\/az\/?s={search_term_string}"},"query-input":{"@type":"PropertyValueSpecification","valueRequired":true,"valueName":"search_term_string"}}],"inLanguage":"az"},{"@type":"Organization","@id":"https:\/\/www.meydan.tv\/az\/#organization","name":"Meydan TV","url":"https:\/\/www.meydan.tv\/az\/","logo":{"@type":"ImageObject","inLanguage":"az","@id":"https:\/\/www.meydan.tv\/az\/#\/schema\/logo\/image\/","url":"https:\/\/www.meydan.tv\/wp-content\/uploads\/2021\/07\/meydan-logo.svg","contentUrl":"https:\/\/www.meydan.tv\/wp-content\/uploads\/2021\/07\/meydan-logo.svg","width":195,"height":46,"caption":"Meydan TV"},"image":{"@id":"https:\/\/www.meydan.tv\/az\/#\/schema\/logo\/image\/"}},{"@type":"Person","@id":"https:\/\/www.meydan.tv\/az\/#\/schema\/person\/10d11eccf6da3662cf5fdab9806ea91a","name":"user-manager"}]}},"_links":{"self":[{"href":"https:\/\/www.meydan.tv\/az\/wp-json\/wp\/v2\/posts\/168220","targetHints":{"allow":["GET"]}}],"collection":[{"href":"https:\/\/www.meydan.tv\/az\/wp-json\/wp\/v2\/posts"}],"about":[{"href":"https:\/\/www.meydan.tv\/az\/wp-json\/wp\/v2\/types\/post"}],"author":[{"embeddable":true,"href":"https:\/\/www.meydan.tv\/az\/wp-json\/wp\/v2\/users\/11"}],"replies":[{"embeddable":true,"href":"https:\/\/www.meydan.tv\/az\/wp-json\/wp\/v2\/comments?post=168220"}],"version-history":[{"count":0,"href":"https:\/\/www.meydan.tv\/az\/wp-json\/wp\/v2\/posts\/168220\/revisions"}],"wp:featuredmedia":[{"embeddable":true,"href":"https:\/\/www.meydan.tv\/az\/wp-json\/wp\/v2\/media\/24078"}],"wp:attachment":[{"href":"https:\/\/www.meydan.tv\/az\/wp-json\/wp\/v2\/media?parent=168220"}],"wp:term":[{"taxonomy":"category","embeddable":true,"href":"https:\/\/www.meydan.tv\/az\/wp-json\/wp\/v2\/categories?post=168220"},{"taxonomy":"post_tag","embeddable":true,"href":"https:\/\/www.meydan.tv\/az\/wp-json\/wp\/v2\/tags?post=168220"}],"curies":[{"name":"wp","href":"https:\/\/api.w.org\/{rel}","templated":true}]}}