{"id":168215,"date":"2015-06-04T22:16:43","date_gmt":"2015-06-04T22:16:43","guid":{"rendered":"https:\/\/www.meydan.tv\/article\/ziyalilara-aciq-mektub\/"},"modified":"2015-06-04T22:16:43","modified_gmt":"2015-06-04T22:16:43","slug":"ziyalilara-aciq-mektub","status":"publish","type":"post","link":"https:\/\/www.meydan.tv\/az\/article\/ziyalilara-aciq-mektub\/","title":{"rendered":"Ziyal\u0131lara a\u00e7\u0131q m\u0259ktub"},"content":{"rendered":"<figure class=\"wp-block-image size-large\">\n  <img decoding=\"async\" src=\"https:\/\/www.meydan.tv\/az\/25943\/\" alt=\"\" class=\"wp-image-25943\"\/><figcaption><\/figcaption><\/figure>\n<figure class=\"wp-block-image size-large\">\n  <img decoding=\"async\" src=\"https:\/\/www.meydan.tv\/az\/25949\/\" alt=\"\" class=\"wp-image-25949\"\/><figcaption><\/figcaption><\/figure>\n<p>\n  H\u0259r zaman raz\u0131la\u015fmasam da, soz\u00fcn\u0259, d\u00fc\u015f\u00fcnc\u0259sin\u0259 h\u00f6rm\u0259t etdiyim, Facebookda maraqla oxudu\u011fum \u018fli \u018fkb\u0259r, Erkin Q\u0259dirli, Seymur Baycan, G\u00fcnel M\u00f6vlud!\n<\/p>\n<p>\n  B\u0259zi \u015feyl\u0259r bar\u0259d\u0259 he\u00e7 d\u00fc\u015f\u00fcnd\u00fcn\u00fczm\u00fc?\n<\/p>\n<p>\n  He\u00e7 d\u00fcs\u00fcnd\u00fcn\u00fczm\u00fc ki, bu rejim hakimiyy\u0259td\u0259n gets\u0259, n\u0259 ba\u015f ver\u0259c\u0259k?\n<\/p>\n<p>\n  N\u0259 il\u0259 \u0259v\u0259zl\u0259n\u0259c\u0259k?\n<\/p>\n<p>\n  Hal-haz\u0131rda Az\u0259rbaycandak\u0131 siyasi quvv\u0259l\u0259r balans\u0131 nec\u0259dir?\n<\/p>\n<p>\n  Bunlar bar\u0259d\u0259 d\u00fc\u015f\u00fcnd\u00fcn\u00fczm\u00fc?\n<\/p>\n<p>\n  Must\u0259qillikd\u0259n sonra \u00f6lk\u0259d\u0259 din sur\u0259tl\u0259 yay\u0131lma\u011fa ba\u015flad\u0131, m\u00fcxt\u0259lif m\u0259zh\u0259bl\u0259rin \u0259sas\u0131 qoyuldu. X\u00fcsus\u0259n d\u0259 2000-ci ill\u0259rd\u0259n ba\u015flyaraq Az\u0259rbaycan \u0259halisinin k\u00fctl\u0259vi olaraq dindarla\u015fmas\u0131n\u0131 m\u00fc\u015fahid\u0259 edirik. Son bir ne\u00e7\u0259 ild\u0259 bu art\u0131q ayd\u0131n \u015f\u0259kild\u0259 \u00f6z\u00fcn\u00fc b\u00fcruz\u0259 verm\u0259y\u0259 ba\u015flay\u0131b. H\u0259l\u0259 siyasil\u0259\u015fm\u0259s\u0259 d\u0259, bu g\u00fcn Az\u0259rbaycanda \u0259n dinamik q\u00fcvv\u0259 dindarlard\u0131r. Onlar\u0131 birl\u0259\u015fdir\u0259n cox g\u00fccl\u00fc dini ideologiyad\u0131r.\n<\/p>\n<p>\n  Qeyd etm\u0259k lazimd\u0131r ki, Az\u0259rbaycanda d\u00fcny\u0259vi (sekulyar) \u0259hali h\u0259l\u0259 \u0259ks\u0259riyy\u0259ti t\u0259\u015fkil ets\u0259 d\u0259, onlar\u0131 birl\u0259\u015fdir\u0259n vahid ideya yoxdur. Bu g\u00fcn demokratik d\u00fc\u015f\u0259rg\u0259, siyasi s\u0259hn\u0259 par\u00e7alan\u0131b. \u00dcmumiyy\u0259tl\u0259, demokratiyan\u0131n xarakteristik t\u0259r\u0259fl\u0259rind\u0259n biri d\u0259, b\u0259z\u0259n sad\u0259 g\u00f6r\u00fcn\u0259n trivial m\u0259s\u0259l\u0259l\u0259rd\u0259 fikir birliyinin olmamas\u0131d\u0131r.\u00a0 Fikir ayr\u0131l\u0131\u011f\u0131, m\u00fcxt\u0259lif ziddiy\u0259tli d\u00fc\u015f\u00fcnc\u0259l\u0259r demokratiya \u015f\u0259raitind\u0259 normald\u0131r v\u0259 h\u0259tta arzu edil\u0259ndir.\n<\/p>\n<p>\n  Ona gor\u0259 d\u0259, yaln\u0131z v\u0259hd\u0259t hal\u0131nda olan dindarlar bu hakimiyy\u0259t\u0259 real alternativ kimi yeti\u015fir. Hakimiyy\u0259t\u0259 g\u0259lm\u0259s\u0259l\u0259r d\u0259, \u0259n az\u0131ndan hakimiyy\u0259tin onlarla hesabla\u015fmas\u0131 laz\u0131m g\u0259l\u0259c\u0259k. C\u0259miyy\u0259tin aktiv t\u0259\u015fkilatlar\u0131, liderl\u0259ri, ist\u0259r iqtidarda ya muxalif\u0259td\u0259, bu trendi n\u0259z\u0259r\u0259 alamasa, bir t\u0259dbir g\u00f6rm\u0259s\u0259, g\u0259l\u0259c\u0259kd\u0259 \u00f6lk\u0259nin idar\u0259 etm\u0259 sistemind\u0259 dini elementl\u0259rin \u0259m\u0259l\u0259 g\u0259lm\u0259sinin \u015fahidi ola bil\u0259c\u0259yik. B\u00fct\u00fcn bunlar bu g\u00fcn normal q\u0259bul olunan azadl\u0131qlar\u0131n da itirilm\u0259sin\u0259 g\u0259tirib c\u0131xara bil\u0259r.\n<\/p>\n<p>\n  Ay\u0131q olun, t\u0259hl\u00fck\u0259ni sezin.\n<\/p>\n<p>\n  M\u0259nc\u0259 m\u00fcbariz\u0259 yanl\u0131\u015f yerd\u0259di.\n<\/p>\n<p>\n  Bu mill\u0259t din sora\u011f\u0131nda,<br \/>\n  <br \/>\n  Quldur imam qaba\u011f\u0131nda,<br \/>\n  <br \/>\n  \u201cAmin\u201d vardil-doda\u011f\u0131nda,<br \/>\n  <br \/>\n  Yatm\u0131s\u0131z fil qula\u011f\u0131nda!\n<\/p>\n<p>\n  <b><br \/>\n    Yaz\u0131dak\u0131 fikirl\u0259r m\u00fc\u0259llif\u0259 m\u0259xsusdur v\u0259 onlara g\u00f6r\u0259 Meydan TV m\u0259suliyy\u0259t da\u015f\u0131m\u0131r.<br \/>\n    <br \/>\n  <\/b><\/p>\n","protected":false},"excerpt":{"rendered":"<p>Az\u0259rbaycanda \u0259n dinamik q\u00fcvv\u0259 dindarlard\u0131r\u2026<\/p>\n","protected":false},"author":11,"featured_media":25943,"comment_status":"closed","ping_status":"open","sticky":false,"template":"","format":"standard","meta":{"_acf_changed":false,"_sitemap_exclude":false,"_sitemap_priority":"","_sitemap_frequency":"","footnotes":""},"categories":[57],"tags":[],"class_list":["post-168215","post","type-post","status-publish","format-standard","has-post-thumbnail","hentry","category-menim-fikrimce","infinite-scroll-item","generate-columns","tablet-grid-50","mobile-grid-100","grid-parent","grid-33","no-featured-image-padding"],"acf":[],"yoast_head":"<!-- This site is optimized with the Yoast SEO plugin v27.5 - https:\/\/yoast.com\/product\/yoast-seo-wordpress\/ -->\n<title>Ziyal\u0131lara a\u00e7\u0131q m\u0259ktub - MEYDAN.TV<\/title>\n<meta name=\"robots\" content=\"index, follow, max-snippet:-1, max-image-preview:large, max-video-preview:-1\" \/>\n<link rel=\"canonical\" href=\"https:\/\/www.meydan.tv\/az\/article\/ziyalilara-aciq-mektub\/\" \/>\n<meta property=\"og:locale\" content=\"az_AZ\" \/>\n<meta property=\"og:type\" content=\"article\" \/>\n<meta property=\"og:title\" content=\"Ziyal\u0131lara a\u00e7\u0131q m\u0259ktub - MEYDAN.TV\" \/>\n<meta property=\"og:description\" content=\"Az\u0259rbaycanda \u0259n dinamik q\u00fcvv\u0259 dindarlard\u0131r\u2026\" \/>\n<meta property=\"og:url\" content=\"https:\/\/www.meydan.tv\/az\/article\/ziyalilara-aciq-mektub\/\" \/>\n<meta property=\"og:site_name\" content=\"MEYDAN.TV\" \/>\n<meta property=\"article:published_time\" content=\"2015-06-04T22:16:43+00:00\" \/>\n<meta property=\"og:image\" content=\"https:\/\/www.meydan.tv\/wp-content\/uploads\/9522.jpg\" \/>\n\t<meta property=\"og:image:width\" content=\"500\" \/>\n\t<meta property=\"og:image:height\" content=\"500\" \/>\n\t<meta property=\"og:image:type\" content=\"image\/jpeg\" \/>\n<meta name=\"author\" content=\"user-manager\" \/>\n<meta name=\"twitter:card\" content=\"summary_large_image\" \/>\n<script type=\"application\/ld+json\" class=\"yoast-schema-graph\">{\"@context\":\"https:\\\/\\\/schema.org\",\"@graph\":[{\"@type\":\"Article\",\"@id\":\"https:\\\/\\\/www.meydan.tv\\\/az\\\/article\\\/ziyalilara-aciq-mektub\\\/#article\",\"isPartOf\":{\"@id\":\"https:\\\/\\\/www.meydan.tv\\\/az\\\/article\\\/ziyalilara-aciq-mektub\\\/\"},\"author\":{\"name\":\"user-manager\",\"@id\":\"https:\\\/\\\/www.meydan.tv\\\/az\\\/#\\\/schema\\\/person\\\/10d11eccf6da3662cf5fdab9806ea91a\"},\"headline\":\"Ziyal\u0131lara a\u00e7\u0131q m\u0259ktub\",\"datePublished\":\"2015-06-04T22:16:43+00:00\",\"mainEntityOfPage\":{\"@id\":\"https:\\\/\\\/www.meydan.tv\\\/az\\\/article\\\/ziyalilara-aciq-mektub\\\/\"},\"wordCount\":445,\"publisher\":{\"@id\":\"https:\\\/\\\/www.meydan.tv\\\/az\\\/#organization\"},\"image\":{\"@id\":\"https:\\\/\\\/www.meydan.tv\\\/az\\\/article\\\/ziyalilara-aciq-mektub\\\/#primaryimage\"},\"thumbnailUrl\":\"https:\\\/\\\/www.meydan.tv\\\/wp-content\\\/uploads\\\/9522.jpg\",\"articleSection\":[\"M\u0259nim Fikrimc\u0259\"],\"inLanguage\":\"az\"},{\"@type\":\"WebPage\",\"@id\":\"https:\\\/\\\/www.meydan.tv\\\/az\\\/article\\\/ziyalilara-aciq-mektub\\\/\",\"url\":\"https:\\\/\\\/www.meydan.tv\\\/az\\\/article\\\/ziyalilara-aciq-mektub\\\/\",\"name\":\"Ziyal\u0131lara a\u00e7\u0131q m\u0259ktub - MEYDAN.TV\",\"isPartOf\":{\"@id\":\"https:\\\/\\\/www.meydan.tv\\\/az\\\/#website\"},\"primaryImageOfPage\":{\"@id\":\"https:\\\/\\\/www.meydan.tv\\\/az\\\/article\\\/ziyalilara-aciq-mektub\\\/#primaryimage\"},\"image\":{\"@id\":\"https:\\\/\\\/www.meydan.tv\\\/az\\\/article\\\/ziyalilara-aciq-mektub\\\/#primaryimage\"},\"thumbnailUrl\":\"https:\\\/\\\/www.meydan.tv\\\/wp-content\\\/uploads\\\/9522.jpg\",\"datePublished\":\"2015-06-04T22:16:43+00:00\",\"breadcrumb\":{\"@id\":\"https:\\\/\\\/www.meydan.tv\\\/az\\\/article\\\/ziyalilara-aciq-mektub\\\/#breadcrumb\"},\"inLanguage\":\"az\",\"potentialAction\":[{\"@type\":\"ReadAction\",\"target\":[\"https:\\\/\\\/www.meydan.tv\\\/az\\\/article\\\/ziyalilara-aciq-mektub\\\/\"]}]},{\"@type\":\"ImageObject\",\"inLanguage\":\"az\",\"@id\":\"https:\\\/\\\/www.meydan.tv\\\/az\\\/article\\\/ziyalilara-aciq-mektub\\\/#primaryimage\",\"url\":\"https:\\\/\\\/www.meydan.tv\\\/wp-content\\\/uploads\\\/9522.jpg\",\"contentUrl\":\"https:\\\/\\\/www.meydan.tv\\\/wp-content\\\/uploads\\\/9522.jpg\",\"width\":500,\"height\":500,\"caption\":\"Source:\"},{\"@type\":\"BreadcrumbList\",\"@id\":\"https:\\\/\\\/www.meydan.tv\\\/az\\\/article\\\/ziyalilara-aciq-mektub\\\/#breadcrumb\",\"itemListElement\":[{\"@type\":\"ListItem\",\"position\":1,\"name\":\"Ana s\u0259hif\u0259\",\"item\":\"https:\\\/\\\/www.meydan.tv\\\/az\\\/\"},{\"@type\":\"ListItem\",\"position\":2,\"name\":\"M\u0259nim Fikrimc\u0259\",\"item\":\"https:\\\/\\\/www.meydan.tv\\\/az\\\/section\\\/menim-fikrimce\\\/\"},{\"@type\":\"ListItem\",\"position\":3,\"name\":\"Ziyal\u0131lara a\u00e7\u0131q m\u0259ktub\"}]},{\"@type\":\"WebSite\",\"@id\":\"https:\\\/\\\/www.meydan.tv\\\/az\\\/#website\",\"url\":\"https:\\\/\\\/www.meydan.tv\\\/az\\\/\",\"name\":\"MEYDAN.TV\",\"description\":\"Meydan TV Az\u0259rbaycan\u0131n media m\u0259kan\u0131ndak\u0131 alternativ s\u0259sidir\",\"publisher\":{\"@id\":\"https:\\\/\\\/www.meydan.tv\\\/az\\\/#organization\"},\"potentialAction\":[{\"@type\":\"SearchAction\",\"target\":{\"@type\":\"EntryPoint\",\"urlTemplate\":\"https:\\\/\\\/www.meydan.tv\\\/az\\\/?s={search_term_string}\"},\"query-input\":{\"@type\":\"PropertyValueSpecification\",\"valueRequired\":true,\"valueName\":\"search_term_string\"}}],\"inLanguage\":\"az\"},{\"@type\":\"Organization\",\"@id\":\"https:\\\/\\\/www.meydan.tv\\\/az\\\/#organization\",\"name\":\"Meydan TV\",\"url\":\"https:\\\/\\\/www.meydan.tv\\\/az\\\/\",\"logo\":{\"@type\":\"ImageObject\",\"inLanguage\":\"az\",\"@id\":\"https:\\\/\\\/www.meydan.tv\\\/az\\\/#\\\/schema\\\/logo\\\/image\\\/\",\"url\":\"https:\\\/\\\/www.meydan.tv\\\/wp-content\\\/uploads\\\/2021\\\/07\\\/meydan-logo.svg\",\"contentUrl\":\"https:\\\/\\\/www.meydan.tv\\\/wp-content\\\/uploads\\\/2021\\\/07\\\/meydan-logo.svg\",\"width\":195,\"height\":46,\"caption\":\"Meydan TV\"},\"image\":{\"@id\":\"https:\\\/\\\/www.meydan.tv\\\/az\\\/#\\\/schema\\\/logo\\\/image\\\/\"}},{\"@type\":\"Person\",\"@id\":\"https:\\\/\\\/www.meydan.tv\\\/az\\\/#\\\/schema\\\/person\\\/10d11eccf6da3662cf5fdab9806ea91a\",\"name\":\"user-manager\"}]}<\/script>\n<!-- \/ Yoast SEO plugin. -->","yoast_head_json":{"title":"Ziyal\u0131lara a\u00e7\u0131q m\u0259ktub - MEYDAN.TV","robots":{"index":"index","follow":"follow","max-snippet":"max-snippet:-1","max-image-preview":"max-image-preview:large","max-video-preview":"max-video-preview:-1"},"canonical":"https:\/\/www.meydan.tv\/az\/article\/ziyalilara-aciq-mektub\/","og_locale":"az_AZ","og_type":"article","og_title":"Ziyal\u0131lara a\u00e7\u0131q m\u0259ktub - MEYDAN.TV","og_description":"Az\u0259rbaycanda \u0259n dinamik q\u00fcvv\u0259 dindarlard\u0131r\u2026","og_url":"https:\/\/www.meydan.tv\/az\/article\/ziyalilara-aciq-mektub\/","og_site_name":"MEYDAN.TV","article_published_time":"2015-06-04T22:16:43+00:00","og_image":[{"width":500,"height":500,"url":"https:\/\/www.meydan.tv\/wp-content\/uploads\/9522.jpg","type":"image\/jpeg"}],"author":"user-manager","twitter_card":"summary_large_image","schema":{"@context":"https:\/\/schema.org","@graph":[{"@type":"Article","@id":"https:\/\/www.meydan.tv\/az\/article\/ziyalilara-aciq-mektub\/#article","isPartOf":{"@id":"https:\/\/www.meydan.tv\/az\/article\/ziyalilara-aciq-mektub\/"},"author":{"name":"user-manager","@id":"https:\/\/www.meydan.tv\/az\/#\/schema\/person\/10d11eccf6da3662cf5fdab9806ea91a"},"headline":"Ziyal\u0131lara a\u00e7\u0131q m\u0259ktub","datePublished":"2015-06-04T22:16:43+00:00","mainEntityOfPage":{"@id":"https:\/\/www.meydan.tv\/az\/article\/ziyalilara-aciq-mektub\/"},"wordCount":445,"publisher":{"@id":"https:\/\/www.meydan.tv\/az\/#organization"},"image":{"@id":"https:\/\/www.meydan.tv\/az\/article\/ziyalilara-aciq-mektub\/#primaryimage"},"thumbnailUrl":"https:\/\/www.meydan.tv\/wp-content\/uploads\/9522.jpg","articleSection":["M\u0259nim Fikrimc\u0259"],"inLanguage":"az"},{"@type":"WebPage","@id":"https:\/\/www.meydan.tv\/az\/article\/ziyalilara-aciq-mektub\/","url":"https:\/\/www.meydan.tv\/az\/article\/ziyalilara-aciq-mektub\/","name":"Ziyal\u0131lara a\u00e7\u0131q m\u0259ktub - MEYDAN.TV","isPartOf":{"@id":"https:\/\/www.meydan.tv\/az\/#website"},"primaryImageOfPage":{"@id":"https:\/\/www.meydan.tv\/az\/article\/ziyalilara-aciq-mektub\/#primaryimage"},"image":{"@id":"https:\/\/www.meydan.tv\/az\/article\/ziyalilara-aciq-mektub\/#primaryimage"},"thumbnailUrl":"https:\/\/www.meydan.tv\/wp-content\/uploads\/9522.jpg","datePublished":"2015-06-04T22:16:43+00:00","breadcrumb":{"@id":"https:\/\/www.meydan.tv\/az\/article\/ziyalilara-aciq-mektub\/#breadcrumb"},"inLanguage":"az","potentialAction":[{"@type":"ReadAction","target":["https:\/\/www.meydan.tv\/az\/article\/ziyalilara-aciq-mektub\/"]}]},{"@type":"ImageObject","inLanguage":"az","@id":"https:\/\/www.meydan.tv\/az\/article\/ziyalilara-aciq-mektub\/#primaryimage","url":"https:\/\/www.meydan.tv\/wp-content\/uploads\/9522.jpg","contentUrl":"https:\/\/www.meydan.tv\/wp-content\/uploads\/9522.jpg","width":500,"height":500,"caption":"Source:"},{"@type":"BreadcrumbList","@id":"https:\/\/www.meydan.tv\/az\/article\/ziyalilara-aciq-mektub\/#breadcrumb","itemListElement":[{"@type":"ListItem","position":1,"name":"Ana s\u0259hif\u0259","item":"https:\/\/www.meydan.tv\/az\/"},{"@type":"ListItem","position":2,"name":"M\u0259nim Fikrimc\u0259","item":"https:\/\/www.meydan.tv\/az\/section\/menim-fikrimce\/"},{"@type":"ListItem","position":3,"name":"Ziyal\u0131lara a\u00e7\u0131q m\u0259ktub"}]},{"@type":"WebSite","@id":"https:\/\/www.meydan.tv\/az\/#website","url":"https:\/\/www.meydan.tv\/az\/","name":"MEYDAN.TV","description":"Meydan TV Az\u0259rbaycan\u0131n media m\u0259kan\u0131ndak\u0131 alternativ s\u0259sidir","publisher":{"@id":"https:\/\/www.meydan.tv\/az\/#organization"},"potentialAction":[{"@type":"SearchAction","target":{"@type":"EntryPoint","urlTemplate":"https:\/\/www.meydan.tv\/az\/?s={search_term_string}"},"query-input":{"@type":"PropertyValueSpecification","valueRequired":true,"valueName":"search_term_string"}}],"inLanguage":"az"},{"@type":"Organization","@id":"https:\/\/www.meydan.tv\/az\/#organization","name":"Meydan TV","url":"https:\/\/www.meydan.tv\/az\/","logo":{"@type":"ImageObject","inLanguage":"az","@id":"https:\/\/www.meydan.tv\/az\/#\/schema\/logo\/image\/","url":"https:\/\/www.meydan.tv\/wp-content\/uploads\/2021\/07\/meydan-logo.svg","contentUrl":"https:\/\/www.meydan.tv\/wp-content\/uploads\/2021\/07\/meydan-logo.svg","width":195,"height":46,"caption":"Meydan TV"},"image":{"@id":"https:\/\/www.meydan.tv\/az\/#\/schema\/logo\/image\/"}},{"@type":"Person","@id":"https:\/\/www.meydan.tv\/az\/#\/schema\/person\/10d11eccf6da3662cf5fdab9806ea91a","name":"user-manager"}]}},"_links":{"self":[{"href":"https:\/\/www.meydan.tv\/az\/wp-json\/wp\/v2\/posts\/168215","targetHints":{"allow":["GET"]}}],"collection":[{"href":"https:\/\/www.meydan.tv\/az\/wp-json\/wp\/v2\/posts"}],"about":[{"href":"https:\/\/www.meydan.tv\/az\/wp-json\/wp\/v2\/types\/post"}],"author":[{"embeddable":true,"href":"https:\/\/www.meydan.tv\/az\/wp-json\/wp\/v2\/users\/11"}],"replies":[{"embeddable":true,"href":"https:\/\/www.meydan.tv\/az\/wp-json\/wp\/v2\/comments?post=168215"}],"version-history":[{"count":0,"href":"https:\/\/www.meydan.tv\/az\/wp-json\/wp\/v2\/posts\/168215\/revisions"}],"wp:featuredmedia":[{"embeddable":true,"href":"https:\/\/www.meydan.tv\/az\/wp-json\/wp\/v2\/media\/25943"}],"wp:attachment":[{"href":"https:\/\/www.meydan.tv\/az\/wp-json\/wp\/v2\/media?parent=168215"}],"wp:term":[{"taxonomy":"category","embeddable":true,"href":"https:\/\/www.meydan.tv\/az\/wp-json\/wp\/v2\/categories?post=168215"},{"taxonomy":"post_tag","embeddable":true,"href":"https:\/\/www.meydan.tv\/az\/wp-json\/wp\/v2\/tags?post=168215"}],"curies":[{"name":"wp","href":"https:\/\/api.w.org\/{rel}","templated":true}]}}