{"id":168209,"date":"2015-06-04T17:58:58","date_gmt":"2015-06-04T17:58:58","guid":{"rendered":"https:\/\/www.meydan.tv\/article\/gercekden-de-gulunclukdur\/"},"modified":"2015-06-04T17:58:58","modified_gmt":"2015-06-04T17:58:58","slug":"gercekden-de-gulunclukdur","status":"publish","type":"post","link":"https:\/\/www.meydan.tv\/az\/article\/gercekden-de-gulunclukdur\/","title":{"rendered":"Ger\u00e7\u0259kd\u0259n d\u0259 g\u00fcl\u00fcncl\u00fckd\u00fcr"},"content":{"rendered":"<figure class=\"wp-block-image size-large\">\n  <img decoding=\"async\" src=\"https:\/\/www.meydan.tv\/az\/25924\/\" alt=\"\" class=\"wp-image-25924\"\/><figcaption><\/figcaption><\/figure>\n<figure class=\"wp-block-image size-large\">\n  <img decoding=\"async\" src=\"https:\/\/www.meydan.tv\/az\/25930\/\" alt=\"\" class=\"wp-image-25930\"\/><figcaption><\/figcaption><\/figure>\n<p>\n  Dil\u00e7ilikl\u0259 ba\u011fl\u0131 m\u0259s\u0259l\u0259l\u0259r c\u0259miyy\u0259td\u0259ki b\u00fct\u00fcn f\u0259rdl\u0259r\u0259 aid oldu\u011fundan daim diqq\u0259t m\u0259rk\u0259zind\u0259 olur. Pe\u015f\u0259sind\u0259n v\u0259 ya\u015f\u0131ndan as\u0131l\u0131 olmayaraq, ham\u0131 onunla maraqlan\u0131r. M\u0259ntiqi olaraq da, ham\u0131 \u00f6z dilinin qorunmas\u0131nda maraql\u0131d\u0131r, nec\u0259 dey\u0259rl\u0259r, dil, m\u0259n\u0259vi varl\u0131q m\u0259s\u0259l\u0259sidir. Purizmv\u0259 ya dilin t\u0259mizl\u0259nm\u0259si prosesi d\u0259 bu bax\u0131mdan \u00f6z aktualla\u0131\u011f\u0131n\u0131 qoruyub, saxlamaqdad\u0131r. Bu x\u00fcsusda he\u00e7 kim he\u00e7 kim\u0259 g\u00fcz\u0259\u015ft\u0259 getmir. H\u0259l\u0259 vaxtil\u0259 rus \u015fairi A. Pu\u015fkin \u00f6z\u00fcn\u00fcn m\u0259\u015fhur \u201cYevgeni Onegin\u201d\u00a0 m\u0259nzum roman\u0131n\u0131 yazanda, ad\u0131 \u00e7\u0259kil\u0259n \u0259s\u0259rinVIII\u00a0 f\u0259slind\u0259 varvarizm\u0259 qar\u015f\u0131 k\u0259skin \u00e7\u0131x\u0131\u015flar\u0131 il\u0259 m\u0259\u015fhur olan rus dilcisi \u015ei\u015fkovu c\u0131rnad\u0131rd\u0131:\n<\/p>\n<p>\n  &#8211;\u00a0\u00a0\u00a0\u00a0\u00a0\u00a0\u00a0\u00a0\u00a0 Du\u0441\u043emm\u0435 ilfaut&#8230; (\u0428\u0438\u0448\u043a\u043e\u0432, \u043f\u0440\u043e\u0441\u0442\u0438: \u041d\u0435 \u0437\u043d\u0430\u044e, \u043a\u0430\u043a \u043f\u0435\u0440\u0435\u0432\u0435\u0441\u0442\u0438.)\n<\/p>\n<p>\n  \u0130ndi tarixin arxivl\u0259rind\u0259 qalm\u0131\u015f Sovet d\u00f6vl\u0259tinin r\u0259hb\u0259ri olmu\u015f V. Lenin rus dilinin\u00a0 l\u00fczumsuz \u0259cn\u0259bi s\u00f6zl\u0259rl\u0259 kirl\u0259ndiyin\u0259 etiraz edirdi, \u201cizyan\u201d yerin\u0259 \u201cdefekt, nedou\u00e7yot- yerin\u0259 defitsit i\u015fl\u0259tm\u0259k olmaz&#8230; Ekstraordinarl\u0131\u011f\u0131 il\u0259 tan\u0131nan, \u0259sl pe\u015f\u0259si t\u00fcrkoloq olan V. Jirinovski ( bir zamanlar T\u00fcrkiy\u0259d\u0259, \u018fla\u011fa q\u0259s\u0259b\u0259sind\u0259 t\u0259rc\u00fcm\u0259\u00e7i d\u0259 i\u015fl\u0259mi\u015f, oradak\u0131 i\u015f\u00e7il\u0259r\u0259 Leninin \u015f\u0259kli olan d\u00f6\u015f ni\u015fanlar\u0131 paylad\u0131\u011f\u0131 \u00fc\u00e7\u00fcn \u00f6lk\u0259d\u0259n \u00e7\u0131xar\u0131lm\u0131\u015f, Zaqafqaziya H\u0259rbi Dair\u0259sind\u0259 m\u00fct\u0259rcim olararaq, h\u0259rbi xidm\u0259t d\u0259 ke\u00e7mi\u015fdir ) D\u00f6vl\u0259t Dumas\u0131nda \u00e7\u0131x\u0131\u015f ed\u0259r\u0259k,<br \/>\n  <b><br \/>\n    prezident<br \/>\n  <\/b><br \/>\n  s\u00f6z\u00fcn\u00fc rus m\u0259n\u015f\u0259li<br \/>\n  <b><br \/>\n    qlava, mer<br \/>\n  <\/b><br \/>\n  s\u00f6z\u00fcn\u00fc is\u0259<br \/>\n  <b><br \/>\n    qradona\u00e7alnik<br \/>\n  <\/b><br \/>\n  s\u00f6z\u00fc il\u0259 \u0259v\u0259z etm\u0259yi ir\u0259lis\u00fcrm\u00fc\u015fd\u00fcr.\n<\/p>\n<p>\n  Terminoloji ara\u015fd\u0131rmalar sah\u0259sind\u0259 b\u00f6y\u00fck xidm\u0259tl\u0259ri olmu\u015f m\u0259rhum dil\u00e7i M\u0259mm\u0259d Qas\u0131mov dild\u0259 v\u0259t\u0259nda\u015fl\u0131q qazanm\u0131\u015f s\u00f6zl\u0259rin yenisi il\u0259 \u0259v\u0259zl\u0259nm\u0259sini he\u00e7 xo\u015flamazd\u0131. M\u0259s\u0259l\u0259n, k\u00f6m\u0259k-d\u0259st\u0259k, m\u0259rt\u0259b\u0259-qat, m\u0259zuniyy\u0259t-dinc\u0259li\u015f, kvorum-yet\u0259rsay paralelliyind\u0259 birincil\u0259r\u0259 \u00fcst\u00fcnl\u00fck verirdi. Ke\u00e7\u0259n \u0259srin 30-cu ill\u0259rind\u0259 respublikam\u0131zda n\u0259\u015fr olunmu\u015f d\u0259rslikl\u0259r\u0259 baxd\u0131qda indi biz\u0259 q\u0259rib\u0259 g\u0259l\u0259n \u00e7ox s\u00f6zl\u0259r\u0259 t\u0259sad\u00fcf etm\u0259k olar. M\u0259s\u0259l\u0259n- m\u00fcs\u0259ll\u0259s\u00fcl-m\u00fcxt\u0259lif\u00fcl-\u0259zla- m\u00fcxt\u0259lif t\u0259r\u0259fli \u00fc\u00e7bucaq, m\u00fcdd\u0259yi-\u00fcmumi- prokuror, paramasium-t\u0259rlik, \u015fim\u0259ndif\u0259r-d\u0259miryolu vs.\n<\/p>\n<p>\n  Dilin funksionall\u0131\u011f\u0131 onun da\u015f\u0131y\u0131c\u0131lar\u0131n\u0131n siyasi-iqtisadi, elmi-m\u0259d\u0259ni s\u0259viyy\u0259si \u0259sas\u0131nda t\u0259nziml\u0259nir.\u00a0 S\u00f6z ehtiyat\u0131n\u0131n z\u0259nginl\u0259\u015fm\u0259sind\u0259\u00a0\u00a0 ziyal\u0131lar \u00e7ox \u00f6n\u0259mli rola sahibdirl\u0259r. Vaxtil\u0259<br \/>\n  <b><br \/>\n    \u00e7im\u0259rlik, d\u0259rgi, toplu, a\u00e7\u0131q\u00e7a, ba\u011flama, fara\u015f, il\u011f\u0131m<br \/>\n  <\/b><br \/>\n  s\u00f6zl\u0259rinin i\u015fl\u0259nm\u0259sin\u0259 qar\u015f\u0131 k\u0259skin \u00e7\u0131x\u0131\u015flar olmu\u015fdur. D\u00fcnyadan nakam getmi\u015fM\u00fc\u015ffiq<br \/>\n  <b><br \/>\n    Qa\u015flardan qa\u015flara s\u00fcz, romantikam! K\u00f6n\u00fcl sular\u0131nda \u00fcz, romantikam. Ulduzlar s\u0259nindir, g\u00fcll\u0259r s\u0259nindir, \u00c7\u0131rp\u0131ns\u0131n \u015f\u00f6vq\u00fcnl\u0259 s\u00f6z, romantikam<br \/>\n  <\/b><br \/>\n  ! misralar\u0131n\u0131 yazanda t\u0259nqid\u00e7il\u0259r \u015feird\u0259<br \/>\n  <b><br \/>\n    \u201c\u00fcf\u00fcq<br \/>\n  <\/b><br \/>\n  \u201d\u00a0 s\u00f6z\u00fc yerin\u0259 \u015fairin \u201c<br \/>\n  <b><br \/>\n    qa\u015f<br \/>\n  <\/b><br \/>\n  \u201d dem\u0259sini ona ba\u011f\u0131\u015flaya bilmirdil\u0259r. Halbuki, dilimizd\u0259 \u201cqa\u015f qarald\u0131, qa\u015f qaralanda\u201d ifad\u0259l\u0259ri var. S\u00f6z n\u00fcv\u0259 silah\u0131ndan da g\u00fc\u00e7l\u00fc v\u0259 q\u00fcdr\u0259tlidir, yarad\u0131c\u0131d\u0131r, da\u011f\u0131t\u0131c\u0131d\u0131r. T\u0259sad\u00fcfi deyil ki, t\u0259s\u0259vv\u00fcfd\u0259 \u201cALLAH al\u0259ml\u0259ri he\u00e7d\u0259n yaratd\u0131\u201d dem\u0259k g\u00fcnah say\u0131l\u0131r. M\u00fct\u0259ss\u0259vv\u00fcfl\u0259r\u0259 g\u00f6r\u0259, al\u0259ml\u0259r s\u00f6zd\u0259n yaranm\u0131\u015fd\u0131r ( Ol, yaran!-\u0259mrind\u0259n ). \u018fhdi-c\u0259did el\u0259 bu c\u00fcr d\u0259 ba\u015flay\u0131r: Ba\u015flan\u011f\u0131cda s\u00f6z vard\u0131 &#8211; Inprincipio erat Verbum.\n<\/p>\n<p>\n  Bizim korifeyl\u0259rimiz, g\u00fcv\u0259ndikl\u0259rimiz, inand\u0131qlar\u0131m\u0131z, s\u00f6z ustadlar\u0131m\u0131zh\u0259r zaman s\u00f6z\u00fc q\u0259na\u0259tl\u0259, yerind\u0259 i\u015fl\u0259tmi\u015f, fikirl\u0259rini do\u011fru zamanda, do\u011fru m\u0259kanda, do\u011fru ifad\u0259yl\u0259 \u0259ks etdirmi\u015fl\u0259r. M\u0259s\u0259l\u0259n: H\u0259r s\u00f6z\u00fc az des\u0259n, daha xo\u015f olar (Nizami G\u0259nc\u0259vi ), G\u0259r \u00e7ox ist\u0259rs\u0259n, F\u00fczuli, izz\u0259tin, az et s\u00f6z\u00fc (F\u00fczuli), S\u00f6z uzansa h\u0259cv \u00e7\u0131xar qur\u015fa\u011fa ( A\u015f\u0131q \u018fl\u0259sk\u0259r).\n<\/p>\n<p>\n  Dill\u0259 ba\u011fl\u0131 m\u0259s\u0259l\u0259l\u0259rd\u0259 f\u0259rqli m\u00fcnasib\u0259tl\u0259rin s\u0259rgil\u0259nm\u0259si dilin yarar\u0131nad\u0131r. Q\u0259l\u0259min\u0259 sa\u011fl\u0131q, d\u0259y\u0259rli bilginimizin\u00a0 \u201cdo\u011fa\u201d s\u00f6z\u00fc haqq\u0131nda irad\u0131n\u0131 oxudu\u011fumda m\u0259rhum dil\u00e7i Faruk Kadri Timurta\u015f\u0131n ( 1925\u20141983) 1979-cu ilin mart ay\u0131nda\u00a0 yay\u0131nlanm\u0131\u015f \u201cUydurma olan ve olmayan yeni kelimeler s\u00f6zl\u00fc\u011f\u00fc\u201d \u0259s\u0259rini xat\u0131rlad\u0131m. Timurta\u015f \u015fikay\u0259tl\u0259nir ki,<br \/>\n  <b><br \/>\n    \u201ctabiat\u201d kelimesi yerine \u201cdo\u011fa\u201d, \u201ctabii\u201d kelimesi yerine \u201cdo\u011fal\u201d getirilmek isteniyor.<br \/>\n    <i><br \/>\n      Do\u011fa ve do\u011fal<br \/>\n    <\/i><br \/>\n    kelimeleri \u015fekil bak\u0131m\u0131ndan oldu\u011fu kadar, mefhum bak\u0131m\u0131ndan da yanl\u0131\u015f olan kelimeler i\u00e7in iyi bir \u00f6rnek te\u015fkil etmektedir\u201d<br \/>\n  <\/b><br \/>\n  ( s.33). Ba\u015fqa s\u00f6zl\u0259, r\u0259hm\u0259tlik Faruk b\u0259y<br \/>\n  <b><br \/>\n    do\u011fa<br \/>\n  <\/b><br \/>\n  v\u0259<br \/>\n  <b><br \/>\n    do\u011fal<br \/>\n  <\/b><br \/>\n  s\u00f6z\u00fcn\u00fc\u00a0 b\u0259y\u0259nm\u0259mi\u015f, onun i\u015fl\u0259k olmad\u0131\u011f\u0131n\u0131 d\u00fc\u015f\u00fcnm\u00fc\u015fd\u00fcr. Maraqlananlar \u00fc\u00e7\u00fcn qeyd ed\u0259k ki, r\u0259smi demoqrafik statistikaya g\u00f6r\u0259, t\u0259k\u00e7\u0259T\u00fcrkiy\u0259d\u0259 9359 \u015f\u0259xs Do\u011fa ad\u0131n\u0131 da\u015f\u0131y\u0131r. Bundan \u0259lav\u0259, \u0130zmird\u0259, K\u00fctahyada v\u0259 Bal\u0131k\u0259sird\u0259 Do\u011fa adl\u0131 toponimik vahidl\u0259r m\u00f6vcuddur. Uzun\u00e7uluq olsa da,\u00a0 -do\u011fa- s\u00f6z\u00fcn\u00fcn Anadolu t\u00fcrk\u00e7\u0259sind\u0259ki m\u0259nalar\u0131n\u0131 xat\u0131rlatmaq ist\u0259yir\u0259m:\n<\/p>\n<ol>\n<li>\n      Her var olan\u0131n do\u011fu\u015funda \u00f6z\u00fcn\u00fc kuran \u015fey.\n    <\/li>\n<li>\n      \u0130nsan\u0131n koydu\u011fu kurulu\u015flar, bi\u00e7imlerle (k\u00fclt\u00fcr, sanat, teknik) kar\u015f\u0131tl\u0131k i\u00e7inde, kendi kendine olu\u015fan, bi\u00e7imlenen.\n    <\/li>\n<li>\n      \u0130nsan\u0131n kar\u015f\u0131s\u0131nda olan, ona yabanc\u0131, bu y\u00fczden de bilinmeyen, kendi g\u00fcc\u00fcn\u00fcn \u00fcst\u00fcnde olan, onun d\u0131\u015f\u0131nda olan.\n    <\/li>\n<li>\n      Koyumlar\u0131n (konulmu\u015f olan\u0131n\u0131n = thesei) kar\u015f\u0131s\u0131nda, kendili\u011finden olan; yapma olana kar\u015f\u0131 do\u011fal olan.\n    <\/li>\n<li>\n      Duyulur, alg\u0131lan\u0131r d\u0131\u015f nesnelerin t\u00fcm\u00fc.\n    <\/li>\n<li>\n      \u00a0Evren.\n    <\/li>\n<li>\n      Her\u015feyi ku\u015fatan ger\u00e7ekli\u011fin t\u00fcm\u00fc (do\u011fa ya da Tanr\u0131).\n    <\/li>\n<li>\n      Yarat\u0131c\u0131, olu\u015fturucu g\u00fc\u00e7.\n    <\/li>\n<li>\n      \u00a0Do\u011furucu, besleyici, koruyucu &#8220;do\u011fa ana.&#8221;\n    <\/li>\n<li>\n      Do\u011fa bilimlerinin konusu olarak, de\u011ferlerin d\u0131\u015f\u0131nda olan ger\u00e7eklik: canl\u0131 ve cans\u0131z do\u011fa.\n    <\/li>\n<li>\n      Nedensellik yasas\u0131n\u0131n egemen oldu\u011fu alan.\n    <\/li>\n<li>\n      D\u00fc\u015f\u00fcncel (ideal) varl\u0131klardan ayr\u0131 olarak ger\u00e7ek olan\u0131n varl\u0131kbilimsel ilkesi.\n    <\/li>\n<li>\n      Bir bireyin kendine \u00f6zg\u00fc \u00e7izgilerinin t\u00fcm\u00fc; bir bireye \u00f6zg\u00fc olan nitelikler, \u00f6zel belirtiler.\n    <\/li>\n<li>\n      Bir varl\u0131k t\u00fcr\u00fcnde bireysel ya da toplumsal deneylerle kazan\u0131lm\u0131\u015f olana kar\u015f\u0131t olarak, onda do\u011fu\u015ftan olan, kendili\u011finden olan her \u015fey.\n    <\/li>\n<li>\n      (Varolu\u015f\u00e7u felsefede) Bireyde \u00f6zg\u00fcr isten\u00e7ten ba\u011f\u0131ms\u0131z olan; ama insan, \u00f6z\u00fc bak\u0131m\u0131ndan \u00f6zg\u00fcrl\u00fck oldu\u011funa g\u00f6re, onda ba\u015ftan olmayan, \u00d6zg\u00fcrl\u00fck, insan\u0131n kendisine bir do\u011fa kazand\u0131rmas\u0131d\u0131r, ya da sonsuz do\u011fa olanaklar\u0131ndan birini se\u00e7mesidir.\n    <\/li>\n<li>\n      <b><br \/>\n        K\u00fc\u00e7\u00fck kulakl\u0131 davar<br \/>\n      <\/b><br \/>\n      .\n    <\/li>\n<li>\n      <b><br \/>\n        A\u015f\u0131k kemi\u011finin \u00fcst ve d\u00fcz olan yan\u0131<br \/>\n      <\/b><br \/>\n      .\n    <\/li>\n<li>\n      <b><br \/>\n        Baba hindi<br \/>\n      <\/b><br \/>\n      .\n    <\/li>\n<li>\n      <b><br \/>\n        \u0130\u00e7inde canl\u0131lar\u0131n ya\u015fad\u0131\u011f\u0131 yerk\u00fcre, \u00e7evre.<br \/>\n      <\/b><br \/>\n      Tabiat.\n    <\/li>\n<\/ol>\n<p>\n  \u018fski \u00d6zt\u00fcrk\u00e7\u0259 s\u00f6zl\u00fckd\u0259 \u0259ks olunmu\u015f 1335-c\u00fc s\u00f6z \u201c<br \/>\n  <b><br \/>\n    do\u011fa<br \/>\n  <\/b><br \/>\n  \u201d s\u00f6z\u00fcd\u00fcr. 1335. DO\u011eA: 1- Tabiat, do\u011fall\u0131k, ortaya \u00e7\u0131k\u0131\u015f \u00a02- Huy, yarad\u0131l\u0131\u015f, f\u0131trat (Maraqlananlar elektron kitabxanadan Eski \u00d6z T\u00fcrk\u00e7e S\u00f6zl\u00fck<br \/>\n  <a href=\"http:\/\/gokturkanitlari.appspot.com\/eskiturkcesozluk.html\"><br \/>\n    http:\/\/gokturkanitlari.appspot.com\/eskiturkcesozluk.html<br \/>\n  <\/a><br \/>\n  portal\u0131ndan yararlana bil\u0259rl\u0259r.). Qaynaqlarda t\u0259sbit olunmu\u015f Do\u011fahan, Do\u011fan, Do\u011fab\u0259y, Do\u011fang\u00fcn, Do\u011fanbik\u0259, Do\u011fanay, Do\u011fant\u0259n \u2013 kimi onomastik vahidl\u0259rd\u0259 bu s\u00f6z\u00fcn h\u0259yatiliyind\u0259n x\u0259b\u0259r verir.\n<\/p>\n<\/p>\n<p>\n  \u0627\u0644\u0637\u0651\u064e\u0628\u0650\u064a\u0639\u064e\u0629\u064f : \u0627\u0644\u0633\u0651\u064e\u062c\u0650\u064a\u0651\u064e\u0629\u064f . \u0627\u0644\u0637\u0651\u064e\u0628\u0650\u064a\u0639\u064e\u0629\u064f \u0645\u0650\u0632\u0627\u062c\u064f \u0627\u0644\u0625\u0646\u0633\u0627\u0646\u0650 \u0627\u0644\u0645\u0631\u0643\u0651\u064e\u0628\u064f \u0645\u0646 \u0627\u0644\u0623\u064e\u062e\u0644\u0627\u0637\u0650 \u0627\u0644\u0637\u0651\u064e\u0628\u0650\u064a\u0639\u064e\u0629\u064f \u0627\u0644\u0642\u0648\u0651\u064e\u0629\u064f \u0627\u0644\u0633\u0627\u0631\u064a\u064e\u0629\u064f \u0641\u064a \u0627\u0644\u0623\u064e\u062c\u0633\u0627\u0645 \u0627\u0644\u062a\u064a \u0628\u0647\u0627 \u064a\u0635\u0644\u064f \u0627\u0644\u062c\u0633\u0645\u064f \u0625\u0644\u0649\n<\/p>\n<p>\n  \u0643\u0645\u0627\u0644\u0650\u0647\u0650 \u0627\u0644\u0637\u0628\u064a\u0639\u064a\u0651 . \u0637\u0628\u064a\u0639\u0629\u064f \u0627\u0644\u0646\u0627\u0631 \u0623\u064e\u0648 \u0627\u0644\u062f\u0651\u064e\u0648\u0627\u0621\u0650 \u0623\u064e\u0648 \u0646\u062d\u0648\u0650\u0647 : \u0645\u0627 \u0633\u062e\u0651\u064e\u0631\u064e \u0627\u0644\u0644\u0647\u064f \u0645\u0650\u0632\u064e\u0627\u062c\u0650\u0647\u0650 . \u0648\u0627\u0644\u062c\u0645\u0639 : \u0637\u0628\u0627\u0626\u0639\u064f) . \u0627\u0644\u0645\u0639\u062c\u0645: \u0627\u0644\u0645\u0639\u062c\u0645 \u0627\u0644\u0648\u0633\u064a\u0637(\n<\/p>\n<p>\n  \u018fr\u0259b dilind\u0259ki<br \/>\n  <b><br \/>\n    t\u0259bi\u0259t<br \/>\n  <\/b><br \/>\n  s\u00f6z\u00fc, yerin\u0259 g\u00f6r\u0259, zat, xasiyy\u0259t, xilq\u0259t, fitr\u0259t, miza\u00e7, tin\u0259t, ad\u0259t, c\u0259b\u0259ll\u0259t, n\u0259hiz\u0259t, s\u0259ciyy\u0259 v\u0259 s s\u00f6zl\u0259rl\u0259 d\u0259 ifad\u0259 edil\u0259 bilir v\u0259 bu s\u00f6zl\u0259r, bilavasit\u0259 insan\u0131n anadang\u0259lm\u0259\u2014do\u011fu\u015fdan olan xarakterini g\u00f6st\u0259rir. \u0130ngilisl\u0259rin m\u0259\u015fhur \u201c<br \/>\n  <b><br \/>\n    Habit is a second nature\u201d<br \/>\n  <\/b><br \/>\n  \u2013 (V\u0259rdi\u015f ikinci anadang\u0259lm\u0259 xasiyy\u0259tdir (\u043f\u0440\u0438\u0432\u044b\u0447\u043a\u0430 \u0432\u0442\u043e\u0440\u0430\u044f \u043d\u0430\u0442\u0443\u0440\u0430,<br \/>\n  <b><br \/>\n    \u0639\u0627\u062f\u062a \u0637\u0628\u06cc\u0639\u062a \u062f\u0648\u0645 \u0627\u0633\u062a<br \/>\n  <\/b><br \/>\n  ) deyimi bu m\u0259nada d\u00fc\u015f\u00fcnd\u00fcr\u00fcc\u00fcd\u00fcr. Rus dilind\u0259ki \u201c\u043d\u0430\u0442\u0443\u0440\u0430\u201d s\u00f6z\u00fc \u2014 \u043f\u0440\u0438\u0440\u043e\u0434\u0430, \u0445\u0430\u0440\u0430\u043a\u0442\u0435\u0440, \u043d\u0440\u0430\u0432, \u0442\u0435\u043c\u043f\u0435\u0440\u0430\u043c\u0435\u043d\u0442, \u0441\u043e\u0432\u043e\u043a\u0443\u043f\u043d\u043e\u0441\u0442\u044c \u0441\u0432\u043e\u0439\u0441\u0442\u0432, \u0430 \u0442\u0430\u043a\u0436\u0435 \u0447\u0435\u043b\u043e\u0432\u0435\u043a, \u043d\u043e\u0441\u0438\u0442\u0435\u043b\u044c \u044d\u0442\u0438\u0445 \u0441\u0432\u043e\u0439\u0441\u0442\u0432- \u015f\u0259klind\u0259 \u015f\u0259rh edilir. R\u0259ssamlar\u0131n qar\u015f\u0131s\u0131nda anadang\u0259lm\u0259 \u015f\u0259kild\u0259 poz v\u0259r\u0259nl\u0259r\u0259 d\u0259 ruslar \u201c<br \/>\n  <b><br \/>\n    natur\u015fik, natur\u015fitsa<br \/>\n  <\/b><br \/>\n  \u201d d\u00e9yirl\u0259r. Yeri g\u0259lmi\u015fk\u0259n, lat\u0131n m\u0259n\u015f\u0259li \u2013<br \/>\n  <b><br \/>\n    naturae<br \/>\n  <\/b><br \/>\n  &#8211; (ingilis ve\u00a0 frans\u0131zcada- nature, almancada-natur, \u0130talyancada-natura ) s\u00f6z\u00fcn\u00fcn &#8211;<br \/>\n  <b><br \/>\n    natsci<br \/>\n  <\/b><br \/>\n  &#8211;\u00a0 do\u011fulmu\u015f- k\u0259lm\u0259sind\u0259n yarand\u0131\u011f\u0131 bar\u0259d\u0259 etimoloji iddialar m\u00f6vcuddur.\n<\/p>\n<p>\n  \u015e\u0259xsi q\u0259na\u0259tim\u0259 g\u00f6r\u0259, ist\u0259nil\u0259n dild\u0259 sinomimliyin z\u0259ngin v\u0259 geni\u015f olmas\u0131 dilin xeyrin\u0259dir. H\u0259r adam \u00f6z qabiliyy\u0259tin\u0259, m\u00fctali\u0259 s\u0259viy\u0259sin\u0259 v\u0259 bacar\u0131\u011f\u0131na g\u00f6r\u0259 s\u00f6zl\u0259rd\u0259n yararlanaraq fikrini \u00e7atd\u0131rma\u011fa \u00e7al\u0131\u015f\u0131r. Burada\u00a0 kim\u0259s\u0259 s\u0259dd \u00e7\u0259km\u0259k, n\u0259yi is\u0259 yasaqlamaq olmaz. Adam al\u0131\u015f\u0131q oldu\u011fundan, v\u0259rdi\u015find\u0259n asanl\u0131qla \u0259l \u00e7\u0259k\u0259 bilmir. Farslar \u201cT\u0259rk-\u0259 ad\u0259tb\u0259moc\u0259b-\u0259 m\u0259r\u0259z\u0259st\u201d\u2014d\u00e9yirl\u0259r. T\u00fcrk yaz\u0131c\u0131s\u0131 Y. Kadri xatir\u0259l\u0259rind\u0259 etiraf edir ki, \u201csay\u0131n\u201d yazmaq ist\u0259yir\u0259m, q\u0259l\u0259mim \u201cmuht\u0259r\u0259m\u201d yaz\u0131r.\n<\/p>\n<p>\n  M\u00fc\u0259yy\u0259n zaman sinoniml\u0259rin b\u0259zil\u0259ri h\u0259tta paralel c\u00fctl\u00fck \u015f\u0259klind\u0259 d\u0259 i\u015fl\u0259nir. M\u0259s\u0259l\u0259n<br \/>\n  <b><br \/>\n    : q\u0131z\u0131l-\u0259hm\u0259ri<br \/>\n  <\/b><br \/>\n  <i><br \/>\n    ( yanl\u0131\u015f olaraq<br \/>\n    <b><br \/>\n      q\u0131z\u0131l\u0259hm\u0259di<br \/>\n    <\/b><br \/>\n    deyirl\u0259r<br \/>\n  <\/i><br \/>\n  <b><br \/>\n    ), \u00a0l\u00fct-mad\u0259rzad, uzun-diraz, a\u00e7ar-kilid, bic-v\u0259l\u0259dizina<br \/>\n  <\/b><br \/>\n  vs. B\u0259lli\u00a0 zaman s\u00fcr\u0259sind\u0259n sonra o s\u00f6zl\u0259rd\u0259n biri t\u0259dric\u0259n arxaikl\u0259\u015fir, istifad\u0259d\u0259n \u00e7\u0131x\u0131r. M\u0259s\u0259l\u0259n<br \/>\n  <b><br \/>\n    : us-a\u011f\u0131l, \u0259sr\u00fck-s\u0259rxo\u015f, damu-c\u0259h\u0259nn\u0259m, u\u00e7maq-behi\u015ft, \u00f6ys\u0259l-dabaq, s\u00fc-ordu<br \/>\n  <\/b><br \/>\n  vs. Bir yaz\u0131, m\u0259tn \u0259sas\u0131nda b\u00fct\u00fcnl\u00fckd\u0259 bir dil haqq\u0131nda q\u0259ti fikir s\u00f6yl\u0259m\u0259k\u00a0 do\u011fru d\u00e9yil. M\u0259s\u0259l\u0259n,\u00a0 K\u00fcl tikin,\u00a0 Tonyukuk, Bilg\u0259 ka\u011fan abid\u0259l\u0259rind\u0259 \u2013c, h, x, j, f, v- s\u0259sl\u0259rinin olmamas\u0131, T\u00fcrk\u00e7\u0259d\u0259 h\u0259min s\u0259sl\u0259rin olmamas\u0131n\u0131 d\u00fc\u015f\u00fcnm\u0259y\u0259 \u0259sas verm\u0259m\u0259lidir. T\u0259s\u0259vv\u00fcr \u00e9din ki, A\u015f\u0131q \u018fl\u0259sg\u0259rin dodaqd\u0259ym\u0259zl\u0259rind\u0259n ibar\u0259t bir m\u0259tni inc\u0259l\u0259y\u0259n ara\u015fd\u0131rma\u00e7\u0131- t\u00fcrkc\u0259d\u0259 \u2013 b, p, m- s\u0259sl\u0259riyoxdur d\u00e9yir v\u0259 fikrini h\u0259min m\u0259tinl\u0259\u00a0 s\u00fcbuta y\u00e9tirm\u0259y\u0259 \u00e7al\u0131\u015f\u0131r. G\u00f6yt\u00fcrk abid\u0259l\u0259rind\u0259 6 min\u0259 yax\u0131n s\u00f6z var. Onlar 893 s\u00f6z\u00fcn derivatlar\u0131d\u0131r, bunlardan 141-nin onomastik vahidl\u0259r oldu\u011funu n\u0259z\u0259r\u0259 alsaq, bel\u0259 \u00e7\u0131x\u0131r ki,\u00a0 bizim\u00a0 d\u0259d\u0259l\u0259rimizin k\u0259lim\u0259 da\u011farc\u0131\u011f\u0131 c\u0259mi 752 s\u00f6z olub? Sad\u0259c\u0259, o m\u0259tinl\u0259rd\u0259 o q\u0259d\u0259r s\u00f6z\u00a0 i\u015fl\u0259nmi\u015fdir.\n<\/p>\n<p>\n  D\u00fcnyada ya\u015fayan h\u0259r 18 adamdan biri t\u00fcrkc\u0259 dan\u0131\u015f\u0131r. Bu r\u0259q\u0259m\u0259 Az\u0259rbaycan v\u0259 T\u00fcrkiy\u0259 ba\u015fda olmaqla \u0130ran, \u00c7in, Qazax\u0131stan, \u00d6zb\u0259kistan,\u00a0 T\u00fcrkm\u0259nistan, Q\u0131r\u011f\u0131zistan, Rusiya, G\u00fcrc\u00fcstan v\u0259 d\u0259 d\u00fcnyan\u0131n \u0259n ucqar nr\u00f6qt\u0259l\u0259rin\u0259 q\u0259d\u0259r geni\u015f bir \u0259razid\u0259 ya\u015fayan soyda\u015flar\u0131m\u0131z daxildir. Y\u00e9r\u0259-g\u00f6y\u0259 s\u0131\u011fmayan mill\u0259tin dili, \u0259lb\u0259tt\u0259, \u00e7ox z\u0259ngindir. Orta \u0259srl\u0259rin m\u0259\u015fhur \u0259dibl\u0259rind\u0259n olan Cahiz t\u00fcrkl\u0259r\u0259 aid iki \u00f6z\u0259l \u0259s\u0259r yazm\u0131\u015fd\u0131r: Kitabi fi f\u0259zil\u0259ti\u0259trak\u201d ( T\u00fcrkl\u0259rin f\u0259zil\u0259tl\u0259ri haqq\u0131nda kitab), Risal\u0259ti fi m\u0259naki bi\u0259trak ( T\u00fcrkl\u0259rin m\u0259nk\u0131b\u0259l\u0259ri haqq\u0131nda risal\u0259). Birinci kitabda qeyd edir ki, t\u00fcrkl\u0259r \u00fc\u00e7 d\u0259f\u0259 d\u00fcnyaya hakim olacaqlar. \u0130ki d\u0259f\u0259sind\u0259n siz\u0259 qurtulu\u015f var, \u00fc\u00e7\u00fcnc\u00fcs\u00fcnd\u0259n \u00fcmid ancaq Allahad\u0131r. Qo\u015funlar\u0131n\u0131n say\u0131 o q\u0259d\u0259r \u00e7ox olacaq ki, F\u0259rat onlar\u0131n ke\u00e7idind\u0259n \u00e7\u00f6l\u0259 d\u00f6n\u0259c\u0259k v\u0259 sonuncu \u0259sk\u0259r oradan ke\u00e7\u0259nd\u0259 \u201cbir zamanlar burada su varm\u0131\u015f\u201d dey\u0259c\u0259k.\n<\/p>\n<p>\n  Bu m\u00fck\u0259mm\u0259l bir mill\u0259tin okean \u0259nginliyind\u0259 s\u00f6z ehtiyat\u0131 olmal\u0131d\u0131r. O q\u0259d\u0259r z\u0259ngin ki, eyni m\u0259nan\u0131 h\u0259r d\u0259f\u0259 f\u0259rqli leksik vahidl\u0259rl\u0259 ifad\u0259 etsin, monotonluqdan uzaq olsun. Bu i\u015f\u0259 ham\u0131l\u0131qla qat\u0131lmal\u0131y\u0131q.\u00a0 G\u00fcman\u0131m\u0131z g\u0259l\u0259nl\u0259rin ham\u0131s\u0131n\u0131n biliyin\u0259 ehtiyac var. K\u0259ndl\u0259rd\u0259, \u015f\u0259h\u0259rl\u0259rd\u0259 dilimizin ayr\u0131-ayr\u0131\u00a0 unudulmu\u015f s\u00f6zl\u0259rini i\u015fl\u0259d\u0259nl\u0259r var ki! Yeri g\u0259lmi\u015fk\u0259n, d\u0259d\u0259m \u201czakaznoy\u201d yerin\u0259 \u201cbuyurtma\u201d s\u00f6z\u00fc i\u015fl\u0259dirdi. Qoca ki\u015fiydi, nurani.\u00a0 K\u0259ndd\u0259n k\u0259nara getm\u0259diyind\u0259n nitqini \u015f\u0259h\u0259r m\u0259d\u0259niyy\u0259ti kirl\u0259d\u0259 bilm\u0259mi\u015fdi. \u0130\u00e7ind\u0259 bir \u0130stanbul h\u0259sr\u0259ti vard\u0131. M\u0259nd\u0259n aradabir \u0130stanbula ne\u00e7\u0259 d\u0259f\u0259 getdiyimi soru\u015fard\u0131.\u201c<br \/>\n  <b><br \/>\n    7 d\u0259f\u0259 gets\u0259n, bir d\u0259f\u0259 M\u0259kk\u0259ni ziyar\u0259t etmi\u015f kimis\u0259n<br \/>\n  <\/b><br \/>\n  \u201d-dey\u0259rdi. Onun n\u0259z\u0259rind\u0259 \u0130stanbul \u0259mniyy\u0259tin, h\u00fczurun m\u0259rk\u0259ziydi. Ora \u0130slam\u0131n bol \u015f\u0259h\u0259riymi\u015f. O\u011furluq-filan olmazm\u0131\u015f orada.<br \/>\n  <b><br \/>\n    Oras\u0131 t\u00fcrkl\u00fcy\u00fcn bayda\u011f\u0131ym\u0131\u015f<br \/>\n  <\/b><br \/>\n  . M\u0259n h\u0259qiq\u0259tl\u0259ri ona s\u00f6yl\u0259m\u0259dim, s\u00f6yl\u0259y\u0259 bilm\u0259dim. D\u0259d\u0259m,\u00a0 \u0130stanbulu g\u00f6rm\u0259k ist\u0259diyi kimi t\u0259s\u0259vv\u00fcr edib ya\u015fad\u0131.\n<\/p>\n<p>\n  Ziya G\u00f6kalp da \u0130stanbul \u015fiv\u0259sini t\u00fcrkl\u0259r \u00fc\u00e7\u00fcn \u0259n g\u00f6z\u0259l variant olaraq g\u00f6r\u00fcrd\u00fc:\n<\/p>\n<p>\n  G\u00fczel dil T\u00fcrk\u00e7e bize,<br \/>\n  <br \/>\n  Ba\u015fka dil gece \u00a0bize.<br \/>\n  <br \/>\n  \u0130stanbul konu\u015fmas\u0131<br \/>\n  <br \/>\n  En saf, en ince bize.\n<\/p>\n<p>\n  Bizim \u00fc\u00e7\u00fcn Z. G\u00f6kalp\u0131n suby\u00e9ktiv fikri \u00e9talon v\u0259 h\u00f6km d\u00e9yil. Az\u0259rbaycanT\u00fcrk\u00e7\u0259sinin \u0130stanbul \u015fiv\u0259sind\u0259n \u00e7ox daha \u00fcst\u00fcn t\u0259r\u0259fl\u0259ri var. M\u0259s\u0259l\u0259n, t\u00fcrk dilinin \u0259sas dilcilik qanunu olan s\u0259sli uyumu \u0130stanbul \u015fiv\u0259sind\u0259 t\u00fcrk s\u00f6zl\u0259rind\u0259 d\u0259 b\u0259z\u0259n pozulur: ana-anne, qarda\u015f-karde\u015f, alma-elma. Zarafatla armud da ermud olsun deyir\u0259m. Bir d\u00fc\u015f\u00fcn\u00fcn, anneyasa yox, anayasa, anne dili d\u00e9yil ana dili, anne m\u00fchalifet yox, anam\u00fchalifet yaz\u0131l\u0131r v\u0259 d\u00e9yilir. B\u0259z\u0259n d\u00fc\u015f\u00fcn\u0259nd\u0259 ki, Anadolu t\u00fcrkl\u0259ri bizim \u201cP\u0131\u00e7\u0131lda\u015f\u0131n l\u0259p\u0259l\u0259r\u201d, \u201capard\u0131 sell\u0259r\u201d, \u201cdilim s\u0259ni haraylar\u201d, \u201cg\u00f6z\u00fcm onu soraqlar\u201d, \u201cs\u0259ni g\u00f6rd\u00fcm, b\u0259nd oldum\u201d, \u201cnisgilim s\u0259ns\u0259n\u201d, \u201cm\u0259n d\u0259m\u0259m, d\u0259d\u0259m d\u0259 d\u0259m\u201d, \u201csada\u011fas\u0131 olum mi\u015fkin xallar\u0131n\u201d v\u0259 y\u00fczl\u0259rl\u0259 di\u011f\u0259r ifad\u0259l\u0259rimizi d\u0259rk \u00e9tmirl\u0259r ( \u00e9l\u0259 bu s\u00f6z\u00fc d\u0259 f\u0259hm \u00e9tmirl\u0259r \u2013 t\u0259\u0259ss\u00fcf ki, bu s\u00f6z\u00fc d\u0259 anlam\u0131rlar- \u00e7ox \u00fcz\u00fcl\u00fcr\u0259m. Bir d\u0259f\u0259 bir T\u00fcrkiy\u0259li m\u00fc\u0259lliml\u0259 dan\u0131\u015fd\u0131\u011f\u0131m \u0259snada radioda mahn\u0131 oxunurdu. Ad\u0131n\u0131 bilm\u0259diyim bir m\u00fc\u011f\u0259nni: \u201cPrahot gelende ver\u0259i fitini\u201d deyirdi. T\u00fcrkiy\u0259li m\u00fc\u0259llim m\u0259n\u0259-\u201cHocam, ne s\u00f6yledi\u011fini anl\u0131yor musunuz?\u201d- d\u00e9y\u0259 soru\u015fdu. M\u0259nd\u0259 \u201canl\u0131y\u0131ram, b\u0259s ( b\u0259s s\u00f6z\u00fcn\u00fc bilmirl\u0259r ) siz nec\u0259?\u201d- dedim. M\u00fc\u0259llim \u201cevet, evet, bizim \u015fark\u0131 ya\u201d- d\u00e9y\u0259 cavab ver\u0259nd\u0259, \u201cprahot\u201d (\u0259lb\u0259tt\u0259 ki, \u201cparoxod\u201d), \u201cfit\u201d s\u00f6zl\u0259rinin m\u0259nas\u0131 n\u0259?-suallar\u0131 qar\u015f\u0131s\u0131nda aciz qald\u0131. Onlar \u201cfit\u201d s\u00f6z\u00fcn\u00fc ba\u015fqa anlamda qavray\u0131rlar. S\u00f6z\u00fcm\u00fcn can\u0131, b\u0259zi soyda\u015flar\u0131m\u0131z\u0131n iki g\u00fcn \u0130stanbulda\u00a0 olandan sonra Bak\u0131ya qay\u0131td\u0131qlar\u0131nda dan\u0131\u015fmalar\u0131nda yol verdikl\u0259ri yanl\u0131\u015fl\u0131qlar, g\u00e9r\u00e7\u0259kd\u0259n d\u0259, g\u00fcl\u00fcncl\u00fckd\u00fcr. Bir t\u0259l\u0259b\u0259 q\u0131z, g\u00fcya m\u0259d\u0259ni oldu\u011funu g\u00f6st\u0259rm\u0259k \u00fc\u00e7\u00fcn, \u201cmarocnu\u201d ( j i\u015fl\u0259tm\u0259k k\u0259nd\u00e7ilikmi\u015f!) ald\u0131m, \u201csapa\u00e7kil\u0259rim\u201d (kreativliy\u0259 bax\u0131n!) buland\u0131\u201d t\u0259rzind\u0259 dan\u0131\u015f\u0131rd\u0131. Biri d\u0259 \u201c zontikimin ru\u00e7kas\u0131 slonov\u0131y kostdand\u0131r- \u00e7\u0259tirimin d\u0259st\u0259yi fil s\u00fcm\u00fcy\u00fcnd\u0259ndir\u201d deyirdi. Eyni il\u0259, \u0130stanbulda bir \u201cz\u00fcpp\u0259\u201dnin evl\u0259nm\u0259k ist\u0259diyi q\u0131z\u0131n atas\u0131na s\u00f6yl\u0259diyi \u201ckerimenizin dest-i izdivac\u0131na talibim\u201d s\u00f6yl\u0259m\u0259si, v\u0259 ya \u201cM\u0259\u015f\u0259di \u0130bad\u201d filmind\u0259ki m\u00fch\u0259rrir Rza \u0259f\u0259ndi kimi&#8230; T\u00fcrk dili b\u00f6y\u00fck bir co\u011frafi \u0259razid\u0259 ya\u015fayanlar\u0131n \u00fcmumi dilidir. Biz birlikd\u0259 \u00e7ox g\u00fccl\u00fcy\u00fck.\n<\/p>\n<p>\n  Dil \u00f6z axar\u0131nda varl\u0131\u011f\u0131n\u0131 s\u00fcrd\u00fcr\u00fcb ged\u0259c\u0259k. Bak\u0131da, T\u0259brizd\u0259, Ankarada, \u0130stanbulda, Da\u015fk\u0259ndd\u0259, Kazanda, D\u0259rb\u0259ndd\u0259 v\u0259 h\u0259r yerd\u0259 t\u00fcrk\u00e7\u0259nin daha ba\u015far\u0131l\u0131, daha verimli ( bu s\u00f6z\u00fc C. Cabbarl\u0131yarad\u0131b- vel\u00fcd\/ m\u00fcnbit- ), daha \u00fcst\u00fcn s\u00f6z bilicil\u0259ri yeti\u015fm\u0259kd\u0259dir. M\u0259n bu g\u00fcn \u0259li yeni q\u0259l\u0259m tutan balacalara\u00a0 \u00fcz tuturam:\n<\/p>\n<p>\n  <i><br \/>\n    He\u00e7 xalq\u0131n, he\u00e7 mill\u0259tin dilini danmaq olmaz,<br \/>\n  <\/i><br \/>\n  <br \/>\n  <i><br \/>\n    S\u0259nd\u0259, ay T\u00dcRK BALASI! T\u00fcrk dilind\u0259 oxu, yaz!<br \/>\n  <\/i>\n<\/p>\n<p>\n  <b><br \/>\n    Yaz\u0131dak\u0131 fikirl\u0259r m\u00fc\u0259llif\u0259 m\u0259xsusdur v\u0259 onlara g\u00f6r\u0259 Meydan TV m\u0259suliyy\u0259t da\u015f\u0131m\u0131r.<br \/>\n    <br \/>\n  <\/b><\/p>\n","protected":false},"excerpt":{"rendered":"<p>Turan\u0131n bir dili var&#8230;<\/p>\n","protected":false},"author":11,"featured_media":25924,"comment_status":"closed","ping_status":"open","sticky":false,"template":"","format":"standard","meta":{"_acf_changed":false,"_sitemap_exclude":false,"_sitemap_priority":"","_sitemap_frequency":"","footnotes":""},"categories":[57],"tags":[],"class_list":["post-168209","post","type-post","status-publish","format-standard","has-post-thumbnail","hentry","category-menim-fikrimce","infinite-scroll-item","generate-columns","tablet-grid-50","mobile-grid-100","grid-parent","grid-33","no-featured-image-padding"],"acf":[],"yoast_head":"<!-- This site is optimized with the Yoast SEO plugin v27.5 - https:\/\/yoast.com\/product\/yoast-seo-wordpress\/ -->\n<title>Ger\u00e7\u0259kd\u0259n d\u0259 g\u00fcl\u00fcncl\u00fckd\u00fcr - MEYDAN.TV<\/title>\n<meta name=\"robots\" content=\"index, follow, max-snippet:-1, max-image-preview:large, max-video-preview:-1\" \/>\n<link rel=\"canonical\" href=\"https:\/\/www.meydan.tv\/az\/article\/gercekden-de-gulunclukdur\/\" \/>\n<meta property=\"og:locale\" content=\"az_AZ\" \/>\n<meta property=\"og:type\" content=\"article\" \/>\n<meta property=\"og:title\" content=\"Ger\u00e7\u0259kd\u0259n d\u0259 g\u00fcl\u00fcncl\u00fckd\u00fcr - MEYDAN.TV\" \/>\n<meta property=\"og:description\" content=\"Turan\u0131n bir dili var...\" \/>\n<meta property=\"og:url\" content=\"https:\/\/www.meydan.tv\/az\/article\/gercekden-de-gulunclukdur\/\" \/>\n<meta property=\"og:site_name\" content=\"MEYDAN.TV\" \/>\n<meta property=\"article:published_time\" content=\"2015-06-04T17:58:58+00:00\" \/>\n<meta property=\"og:image\" content=\"https:\/\/www.meydan.tv\/wp-content\/uploads\/9512.jpg\" \/>\n\t<meta property=\"og:image:width\" content=\"500\" \/>\n\t<meta property=\"og:image:height\" content=\"500\" \/>\n\t<meta property=\"og:image:type\" content=\"image\/jpeg\" \/>\n<meta name=\"author\" content=\"user-manager\" \/>\n<meta name=\"twitter:card\" content=\"summary_large_image\" \/>\n<script type=\"application\/ld+json\" class=\"yoast-schema-graph\">{\"@context\":\"https:\\\/\\\/schema.org\",\"@graph\":[{\"@type\":\"Article\",\"@id\":\"https:\\\/\\\/www.meydan.tv\\\/az\\\/article\\\/gercekden-de-gulunclukdur\\\/#article\",\"isPartOf\":{\"@id\":\"https:\\\/\\\/www.meydan.tv\\\/az\\\/article\\\/gercekden-de-gulunclukdur\\\/\"},\"author\":{\"name\":\"user-manager\",\"@id\":\"https:\\\/\\\/www.meydan.tv\\\/az\\\/#\\\/schema\\\/person\\\/10d11eccf6da3662cf5fdab9806ea91a\"},\"headline\":\"Ger\u00e7\u0259kd\u0259n d\u0259 g\u00fcl\u00fcncl\u00fckd\u00fcr\",\"datePublished\":\"2015-06-04T17:58:58+00:00\",\"mainEntityOfPage\":{\"@id\":\"https:\\\/\\\/www.meydan.tv\\\/az\\\/article\\\/gercekden-de-gulunclukdur\\\/\"},\"wordCount\":3610,\"publisher\":{\"@id\":\"https:\\\/\\\/www.meydan.tv\\\/az\\\/#organization\"},\"image\":{\"@id\":\"https:\\\/\\\/www.meydan.tv\\\/az\\\/article\\\/gercekden-de-gulunclukdur\\\/#primaryimage\"},\"thumbnailUrl\":\"https:\\\/\\\/www.meydan.tv\\\/wp-content\\\/uploads\\\/9512.jpg\",\"articleSection\":[\"M\u0259nim Fikrimc\u0259\"],\"inLanguage\":\"az\"},{\"@type\":\"WebPage\",\"@id\":\"https:\\\/\\\/www.meydan.tv\\\/az\\\/article\\\/gercekden-de-gulunclukdur\\\/\",\"url\":\"https:\\\/\\\/www.meydan.tv\\\/az\\\/article\\\/gercekden-de-gulunclukdur\\\/\",\"name\":\"Ger\u00e7\u0259kd\u0259n d\u0259 g\u00fcl\u00fcncl\u00fckd\u00fcr - MEYDAN.TV\",\"isPartOf\":{\"@id\":\"https:\\\/\\\/www.meydan.tv\\\/az\\\/#website\"},\"primaryImageOfPage\":{\"@id\":\"https:\\\/\\\/www.meydan.tv\\\/az\\\/article\\\/gercekden-de-gulunclukdur\\\/#primaryimage\"},\"image\":{\"@id\":\"https:\\\/\\\/www.meydan.tv\\\/az\\\/article\\\/gercekden-de-gulunclukdur\\\/#primaryimage\"},\"thumbnailUrl\":\"https:\\\/\\\/www.meydan.tv\\\/wp-content\\\/uploads\\\/9512.jpg\",\"datePublished\":\"2015-06-04T17:58:58+00:00\",\"breadcrumb\":{\"@id\":\"https:\\\/\\\/www.meydan.tv\\\/az\\\/article\\\/gercekden-de-gulunclukdur\\\/#breadcrumb\"},\"inLanguage\":\"az\",\"potentialAction\":[{\"@type\":\"ReadAction\",\"target\":[\"https:\\\/\\\/www.meydan.tv\\\/az\\\/article\\\/gercekden-de-gulunclukdur\\\/\"]}]},{\"@type\":\"ImageObject\",\"inLanguage\":\"az\",\"@id\":\"https:\\\/\\\/www.meydan.tv\\\/az\\\/article\\\/gercekden-de-gulunclukdur\\\/#primaryimage\",\"url\":\"https:\\\/\\\/www.meydan.tv\\\/wp-content\\\/uploads\\\/9512.jpg\",\"contentUrl\":\"https:\\\/\\\/www.meydan.tv\\\/wp-content\\\/uploads\\\/9512.jpg\",\"width\":500,\"height\":500,\"caption\":\"Source:\"},{\"@type\":\"BreadcrumbList\",\"@id\":\"https:\\\/\\\/www.meydan.tv\\\/az\\\/article\\\/gercekden-de-gulunclukdur\\\/#breadcrumb\",\"itemListElement\":[{\"@type\":\"ListItem\",\"position\":1,\"name\":\"Ana s\u0259hif\u0259\",\"item\":\"https:\\\/\\\/www.meydan.tv\\\/az\\\/\"},{\"@type\":\"ListItem\",\"position\":2,\"name\":\"M\u0259nim Fikrimc\u0259\",\"item\":\"https:\\\/\\\/www.meydan.tv\\\/az\\\/section\\\/menim-fikrimce\\\/\"},{\"@type\":\"ListItem\",\"position\":3,\"name\":\"Ger\u00e7\u0259kd\u0259n d\u0259 g\u00fcl\u00fcncl\u00fckd\u00fcr\"}]},{\"@type\":\"WebSite\",\"@id\":\"https:\\\/\\\/www.meydan.tv\\\/az\\\/#website\",\"url\":\"https:\\\/\\\/www.meydan.tv\\\/az\\\/\",\"name\":\"MEYDAN.TV\",\"description\":\"Meydan TV Az\u0259rbaycan\u0131n media m\u0259kan\u0131ndak\u0131 alternativ s\u0259sidir\",\"publisher\":{\"@id\":\"https:\\\/\\\/www.meydan.tv\\\/az\\\/#organization\"},\"potentialAction\":[{\"@type\":\"SearchAction\",\"target\":{\"@type\":\"EntryPoint\",\"urlTemplate\":\"https:\\\/\\\/www.meydan.tv\\\/az\\\/?s={search_term_string}\"},\"query-input\":{\"@type\":\"PropertyValueSpecification\",\"valueRequired\":true,\"valueName\":\"search_term_string\"}}],\"inLanguage\":\"az\"},{\"@type\":\"Organization\",\"@id\":\"https:\\\/\\\/www.meydan.tv\\\/az\\\/#organization\",\"name\":\"Meydan TV\",\"url\":\"https:\\\/\\\/www.meydan.tv\\\/az\\\/\",\"logo\":{\"@type\":\"ImageObject\",\"inLanguage\":\"az\",\"@id\":\"https:\\\/\\\/www.meydan.tv\\\/az\\\/#\\\/schema\\\/logo\\\/image\\\/\",\"url\":\"https:\\\/\\\/www.meydan.tv\\\/wp-content\\\/uploads\\\/2021\\\/07\\\/meydan-logo.svg\",\"contentUrl\":\"https:\\\/\\\/www.meydan.tv\\\/wp-content\\\/uploads\\\/2021\\\/07\\\/meydan-logo.svg\",\"width\":195,\"height\":46,\"caption\":\"Meydan TV\"},\"image\":{\"@id\":\"https:\\\/\\\/www.meydan.tv\\\/az\\\/#\\\/schema\\\/logo\\\/image\\\/\"}},{\"@type\":\"Person\",\"@id\":\"https:\\\/\\\/www.meydan.tv\\\/az\\\/#\\\/schema\\\/person\\\/10d11eccf6da3662cf5fdab9806ea91a\",\"name\":\"user-manager\"}]}<\/script>\n<!-- \/ Yoast SEO plugin. -->","yoast_head_json":{"title":"Ger\u00e7\u0259kd\u0259n d\u0259 g\u00fcl\u00fcncl\u00fckd\u00fcr - MEYDAN.TV","robots":{"index":"index","follow":"follow","max-snippet":"max-snippet:-1","max-image-preview":"max-image-preview:large","max-video-preview":"max-video-preview:-1"},"canonical":"https:\/\/www.meydan.tv\/az\/article\/gercekden-de-gulunclukdur\/","og_locale":"az_AZ","og_type":"article","og_title":"Ger\u00e7\u0259kd\u0259n d\u0259 g\u00fcl\u00fcncl\u00fckd\u00fcr - MEYDAN.TV","og_description":"Turan\u0131n bir dili var...","og_url":"https:\/\/www.meydan.tv\/az\/article\/gercekden-de-gulunclukdur\/","og_site_name":"MEYDAN.TV","article_published_time":"2015-06-04T17:58:58+00:00","og_image":[{"width":500,"height":500,"url":"https:\/\/www.meydan.tv\/wp-content\/uploads\/9512.jpg","type":"image\/jpeg"}],"author":"user-manager","twitter_card":"summary_large_image","schema":{"@context":"https:\/\/schema.org","@graph":[{"@type":"Article","@id":"https:\/\/www.meydan.tv\/az\/article\/gercekden-de-gulunclukdur\/#article","isPartOf":{"@id":"https:\/\/www.meydan.tv\/az\/article\/gercekden-de-gulunclukdur\/"},"author":{"name":"user-manager","@id":"https:\/\/www.meydan.tv\/az\/#\/schema\/person\/10d11eccf6da3662cf5fdab9806ea91a"},"headline":"Ger\u00e7\u0259kd\u0259n d\u0259 g\u00fcl\u00fcncl\u00fckd\u00fcr","datePublished":"2015-06-04T17:58:58+00:00","mainEntityOfPage":{"@id":"https:\/\/www.meydan.tv\/az\/article\/gercekden-de-gulunclukdur\/"},"wordCount":3610,"publisher":{"@id":"https:\/\/www.meydan.tv\/az\/#organization"},"image":{"@id":"https:\/\/www.meydan.tv\/az\/article\/gercekden-de-gulunclukdur\/#primaryimage"},"thumbnailUrl":"https:\/\/www.meydan.tv\/wp-content\/uploads\/9512.jpg","articleSection":["M\u0259nim Fikrimc\u0259"],"inLanguage":"az"},{"@type":"WebPage","@id":"https:\/\/www.meydan.tv\/az\/article\/gercekden-de-gulunclukdur\/","url":"https:\/\/www.meydan.tv\/az\/article\/gercekden-de-gulunclukdur\/","name":"Ger\u00e7\u0259kd\u0259n d\u0259 g\u00fcl\u00fcncl\u00fckd\u00fcr - MEYDAN.TV","isPartOf":{"@id":"https:\/\/www.meydan.tv\/az\/#website"},"primaryImageOfPage":{"@id":"https:\/\/www.meydan.tv\/az\/article\/gercekden-de-gulunclukdur\/#primaryimage"},"image":{"@id":"https:\/\/www.meydan.tv\/az\/article\/gercekden-de-gulunclukdur\/#primaryimage"},"thumbnailUrl":"https:\/\/www.meydan.tv\/wp-content\/uploads\/9512.jpg","datePublished":"2015-06-04T17:58:58+00:00","breadcrumb":{"@id":"https:\/\/www.meydan.tv\/az\/article\/gercekden-de-gulunclukdur\/#breadcrumb"},"inLanguage":"az","potentialAction":[{"@type":"ReadAction","target":["https:\/\/www.meydan.tv\/az\/article\/gercekden-de-gulunclukdur\/"]}]},{"@type":"ImageObject","inLanguage":"az","@id":"https:\/\/www.meydan.tv\/az\/article\/gercekden-de-gulunclukdur\/#primaryimage","url":"https:\/\/www.meydan.tv\/wp-content\/uploads\/9512.jpg","contentUrl":"https:\/\/www.meydan.tv\/wp-content\/uploads\/9512.jpg","width":500,"height":500,"caption":"Source:"},{"@type":"BreadcrumbList","@id":"https:\/\/www.meydan.tv\/az\/article\/gercekden-de-gulunclukdur\/#breadcrumb","itemListElement":[{"@type":"ListItem","position":1,"name":"Ana s\u0259hif\u0259","item":"https:\/\/www.meydan.tv\/az\/"},{"@type":"ListItem","position":2,"name":"M\u0259nim Fikrimc\u0259","item":"https:\/\/www.meydan.tv\/az\/section\/menim-fikrimce\/"},{"@type":"ListItem","position":3,"name":"Ger\u00e7\u0259kd\u0259n d\u0259 g\u00fcl\u00fcncl\u00fckd\u00fcr"}]},{"@type":"WebSite","@id":"https:\/\/www.meydan.tv\/az\/#website","url":"https:\/\/www.meydan.tv\/az\/","name":"MEYDAN.TV","description":"Meydan TV Az\u0259rbaycan\u0131n media m\u0259kan\u0131ndak\u0131 alternativ s\u0259sidir","publisher":{"@id":"https:\/\/www.meydan.tv\/az\/#organization"},"potentialAction":[{"@type":"SearchAction","target":{"@type":"EntryPoint","urlTemplate":"https:\/\/www.meydan.tv\/az\/?s={search_term_string}"},"query-input":{"@type":"PropertyValueSpecification","valueRequired":true,"valueName":"search_term_string"}}],"inLanguage":"az"},{"@type":"Organization","@id":"https:\/\/www.meydan.tv\/az\/#organization","name":"Meydan TV","url":"https:\/\/www.meydan.tv\/az\/","logo":{"@type":"ImageObject","inLanguage":"az","@id":"https:\/\/www.meydan.tv\/az\/#\/schema\/logo\/image\/","url":"https:\/\/www.meydan.tv\/wp-content\/uploads\/2021\/07\/meydan-logo.svg","contentUrl":"https:\/\/www.meydan.tv\/wp-content\/uploads\/2021\/07\/meydan-logo.svg","width":195,"height":46,"caption":"Meydan TV"},"image":{"@id":"https:\/\/www.meydan.tv\/az\/#\/schema\/logo\/image\/"}},{"@type":"Person","@id":"https:\/\/www.meydan.tv\/az\/#\/schema\/person\/10d11eccf6da3662cf5fdab9806ea91a","name":"user-manager"}]}},"_links":{"self":[{"href":"https:\/\/www.meydan.tv\/az\/wp-json\/wp\/v2\/posts\/168209","targetHints":{"allow":["GET"]}}],"collection":[{"href":"https:\/\/www.meydan.tv\/az\/wp-json\/wp\/v2\/posts"}],"about":[{"href":"https:\/\/www.meydan.tv\/az\/wp-json\/wp\/v2\/types\/post"}],"author":[{"embeddable":true,"href":"https:\/\/www.meydan.tv\/az\/wp-json\/wp\/v2\/users\/11"}],"replies":[{"embeddable":true,"href":"https:\/\/www.meydan.tv\/az\/wp-json\/wp\/v2\/comments?post=168209"}],"version-history":[{"count":0,"href":"https:\/\/www.meydan.tv\/az\/wp-json\/wp\/v2\/posts\/168209\/revisions"}],"wp:featuredmedia":[{"embeddable":true,"href":"https:\/\/www.meydan.tv\/az\/wp-json\/wp\/v2\/media\/25924"}],"wp:attachment":[{"href":"https:\/\/www.meydan.tv\/az\/wp-json\/wp\/v2\/media?parent=168209"}],"wp:term":[{"taxonomy":"category","embeddable":true,"href":"https:\/\/www.meydan.tv\/az\/wp-json\/wp\/v2\/categories?post=168209"},{"taxonomy":"post_tag","embeddable":true,"href":"https:\/\/www.meydan.tv\/az\/wp-json\/wp\/v2\/tags?post=168209"}],"curies":[{"name":"wp","href":"https:\/\/api.w.org\/{rel}","templated":true}]}}