{"id":168195,"date":"2015-06-04T01:08:20","date_gmt":"2015-06-04T01:08:20","guid":{"rendered":"https:\/\/www.meydan.tv\/article\/usaqligimin-isgal-olmus-goygolu\/"},"modified":"2015-06-04T01:08:20","modified_gmt":"2015-06-04T01:08:20","slug":"usaqligimin-isgal-olmus-goygolu","status":"publish","type":"post","link":"https:\/\/www.meydan.tv\/az\/article\/usaqligimin-isgal-olmus-goygolu\/","title":{"rendered":"U\u015faql\u0131\u011f\u0131m\u0131n i\u015f\u011fal olmu\u015f G\u00f6yg\u00f6l\u00fc&#8230;"},"content":{"rendered":"<figure class=\"wp-block-image size-large\">\n  <img decoding=\"async\" src=\"https:\/\/www.meydan.tv\/az\/25042\/\" alt=\"\" class=\"wp-image-25042\"\/><figcaption><\/figcaption><\/figure>\n<figure class=\"wp-block-image size-large\">\n  <img decoding=\"async\" src=\"https:\/\/www.meydan.tv\/az\/25045\/\" alt=\"\" class=\"wp-image-25045\"\/><figcaption><\/figcaption><\/figure>\n<p>\n  H\u0259r d\u0259f\u0259 sosial \u015f\u0259b\u0259k\u0259l\u0259rd\u0259, ke\u00e7mi\u015f ail\u0259 \u015f\u0259kill\u0259rimizd\u0259 v\u0259 ya hans\u0131sa k\u00f6hn\u0259 xalq musiqil\u0259rinin klipl\u0259rind\u0259 G\u00f6yg\u00f6l\u00fc g\u00f6r\u0259nd\u0259 q\u0259rib\u0259 duy\u011fu g\u0259lir i\u00e7im\u0259. Qaraba\u011fl\u0131lar \u00f6z yurd-obalar\u0131n\u0131 h\u0259min vasit\u0259l\u0259rl\u0259 g\u00f6r\u0259nd\u0259 nec\u0259 hissl\u0259r ke\u00e7irir, m\u0259nc\u0259 eyni hissl\u0259rdir m\u0259nd\u0259ki d\u0259. \u00c7\u00fcnki art\u0131q 10 il\u0259 yax\u0131nd\u0131r oralar bizd\u0259 deyil ax\u0131. Sanki d\u00fc\u015fm\u0259n i\u015f\u011fal edibmi\u015f kimi, \u0259sg\u0259r postlar\u0131 ay\u0131r\u0131r oran\u0131 bizd\u0259n. S\u0259b\u0259bl\u0259r\u0259 sonra g\u0259l\u0259c\u0259m. Xatir\u0259l\u0259rimi b\u00f6l\u00fc\u015fm\u0259k, d\u0259rdimi dan\u0131\u015fmaq ist\u0259yir\u0259m azca.<br \/>\n  <br \/>\n  U\u015faql\u0131qda G\u00f6yg\u00f6l\u00fcn 40 kilometrliyind\u0259 qal\u0131rd\u0131q dey\u0259, dem\u0259k olar yaylarda \u0259n az\u0131 10 d\u0259f\u0259 gedirdik, b\u00fct\u00fcn ba\u015fqa rayonlardan g\u0259l\u0259n ail\u0259 qonaqlar\u0131m\u0131z\u0131 da ora apar\u0131rd\u0131q. H\u0259tda dar\u0131x\u0131rd\u0131q dey\u0259 G\u00f6yg\u00f6ls\u00fcz q\u0131\u015fda da bir-iki d\u0259f\u0259 gedirdik. G\u00f6l t\u0259miz buz tutur, g\u00f6z\u0259lliyi t\u0259svir etm\u0259k m\u00fcmk\u00fcn deyil, G\u00f6yg\u00f6l\u00fc canl\u0131 g\u00f6r\u0259nl\u0259r yax\u015f\u0131 ba\u015fa d\u00fc\u015f\u0259r m\u0259ni. O biri d\u00fcnya \u00fc\u00e7\u00fcn dindarlar c\u0259nn\u0259ti t\u0259svir ed\u0259nd\u0259, oralar g\u0259lir g\u00f6z\u00fcm\u00fcn qaba\u011f\u0131na. G\u00f6yg\u00f6l t\u0259k deyil, ondan yuxar\u0131 t\u0259r\u0259f\u0259 daha 6 g\u00f6l s\u0131ra il\u0259 bir-birini \u0259v\u0259zl\u0259yir. Sanki m\u0259nz\u0259r\u0259ni tamamlamaq ist\u0259yirl\u0259r. \u018fn son Maralg\u00f6ld\u00fcr, ham\u0131s\u0131n\u0131 A\u011fsu \u00e7ay\u0131 birl\u0259\u015fdirir. El\u0259 bil, G\u0259nc\u0259d\u0259 8 \u0259sr qabaq ba\u015f vermi\u015f z\u0259lz\u0259l\u0259nin m\u0259qs\u0259di orda c\u0259nn\u0259ti qurmaq olub. Bu xatir\u0259l\u0259ri dan\u0131\u015fanda \u00f6z\u00fcm\u00fcn indi ora ged\u0259 bilm\u0259m\u0259yim\u0259 \u00e7ox pis olsam da, h\u0259yat\u0131nda bir d\u0259f\u0259 d\u0259 olsa g\u00f6rm\u0259y\u0259n az\u0259rbaycanl\u0131lar\u0131n olmas\u0131n\u0131 bil\u0259nd\u0259 d\u0259h\u015f\u0259t\u0259 g\u0259lir\u0259m. Nec\u0259 y\u0259ni Az\u0259rbaycan\u0131n olan bir \u0259raziy\u0259, milli parka, qoru\u011fa v\u0259t\u0259nda\u015flar ged\u0259 bilm\u0259sin?! \u0130sve\u00e7r\u0259nin g\u00f6ll\u0259rind\u0259n b\u0259h-b\u0259hl\u0259 dan\u0131\u015fan turistl\u0259ri niy\u0259 oran\u0131 g\u00f6st\u0259rib susdurmayasan ki&#8230;\n<\/p>\n<p>\n  AB\u015e-da ya\u015fayan vaxt\u0131 evimizin yax\u0131nl\u0131\u011f\u0131nda t\u0259xmin\u0259n G\u00f6yg\u00f6ld\u0259n bir az balaca g\u00f6l var idi. Tez-tez gedirdim. Amerikal\u0131lar ordan nec\u0259 z\u00f6vq ald\u0131\u011f\u0131n\u0131 g\u00f6r\u0259nd\u0259 i\u00e7im ac\u0131y\u0131rd\u0131 ki, niy\u0259 m\u0259nim xalq\u0131m bundan qat-qat g\u00f6z\u0259l, K\u0259p\u0259z da\u011f\u0131n\u0131n me\u015f\u0259 il\u0259, me\u015f\u0259nin qoynunda g\u00f6l il\u0259 qovu\u015fmu\u015f c\u0259nn\u0259ti g\u00f6r\u0259 bilm\u0259sinl\u0259r?! S\u0259b\u0259b \u00e7ox sad\u0259, amma d\u0259h\u015f\u0259tlidir. B\u0259lk\u0259 \u00e7oxunuz bilirsiniz, amma bu s\u0259b\u0259bi yenid\u0259n yazmal\u0131yam, tarix\u0259 ke\u00e7irm\u0259liy\u0259m, m\u00fctl\u0259q, biz sussaq da, bu s\u0259b\u0259b\u0259 tarix susmamal\u0131d\u0131r, susmayacaqd\u0131r.\n<\/p>\n<p>\n  B\u0259li, G\u00f6yg\u00f6l\u00fc n\u0259 erm\u0259nil\u0259r i\u015f\u011fal edib, n\u0259 d\u0259 ora getm\u0259k t\u0259hl\u00fck\u0259lidir. Orda c\u0259nab prezidentin malikan\u0259si yerl\u0259\u015fir v\u0259 ild\u0259 2-3 g\u00fcnl\u00fck istirah\u0259t \u00fc\u00e7\u00fcn ora g\u0259lir. H\u0259rd\u0259n AB\u015e-da olanda ist\u0259yirdim ki, amerikanl\u0131lara yax\u0131nla\u015f\u0131m deyim \u201cb\u0259s bizim g\u00f6l\u00fcm\u00fcz var, burdan qat-qat g\u00f6z\u0259ldir, amma prezidentimizin orada evi var dey\u0259 biz ora 10 ildir ged\u0259 bilmirik\u201d Amma sonra d\u0259li-filan deyib g\u00fcl\u0259c\u0259kl\u0259rind\u0259n \u00e7\u0259kinirdim. \u00c7\u00fcnki normal \u00f6lk\u0259d\u0259 a\u011f\u0131ll\u0131 adam n\u0259 bu m\u0259s\u0259l\u0259y\u0259 inanard\u0131, n\u0259 d\u0259 etdirm\u0259zdi. H\u0259rd\u0259n az\u0259rbaycanl\u0131lardan s\u0259brim art\u0131q da\u015f\u0131r m\u0259s\u0259lini e\u015fid\u0259nd\u0259 g\u00fclm\u0259yim g\u0259lir. Bizim s\u0259br st\u0259kan\u0131m\u0131z de\u015fikdir, ax\u0131d\u0131r yan\u0131ndan, he\u00e7 vaxtda dolub da\u015fmayacaq kimi g\u0259lir adama. Yoxsa, G\u00f6yg\u00f6l\u00fc g\u00f6rm\u0259m\u0259y\u0259 he\u00e7 bir s\u0259br-filan d\u00f6zm\u0259z. A\u015fa\u011f\u0131da c\u0259nab prezidentin G\u00f6yg\u00f6ld\u0259ki malikan\u0259sinin \u015f\u0259klini qoyuram, bax\u0131n k\u00f6ks \u00f6t\u00fcr\u00fcn. El\u0259 bilm\u0259yin, kims\u0259 turist kimi gedib \u00e7\u0259kib, yox yox bunu orada i\u015fl\u0259y\u0259n, vicdan\u0131 s\u0131z\u0131ldayan bir f\u0259hl\u0259 \u00e7\u0259kib, el\u0259 bil Az\u0259rbaycan xalq\u0131na mms-l\u0259 g\u00f6nd\u0259rib dem\u0259k ist\u0259yib ki, \u201cvicdan\u0131n\u0131z olsun, nec\u0259 d\u00f6z\u00fcrs\u00fcn\u00fcz!\u201d\n<\/p>\n<\/p>\n<figure class=\"wp-block-image size-large\">\n  <img decoding=\"async\" src=\"https:\/\/www.meydan.tv\/az\/25867\/\" alt=\"\" class=\"wp-image-25867\"\/><figcaption><\/figcaption><\/figure>\n<p>\n  Sonda. C\u0259nab r\u0259hb\u0259rl\u0259r, h\u0259qiq\u0259t\u0259n d\u0259y\u0259rmi 3-4 g\u00fcnl\u00fck istirah\u0259t\u0259 g\u00f6r\u0259 10 ildir milyonlarla insan\u0131 o g\u00f6z\u0259l m\u0259kana buraxmama\u011f\u0131n\u0131za? Turizmi inki\u015faf el\u0259tdirm\u0259k ist\u0259yirsiniz, Az\u0259rbaycana g\u0259l\u0259n turisti birinci el\u0259 yerl\u0259r\u0259 aparmaq laz\u0131m deyilmi? Neyn\u0259yir 2 min illik da\u015f-divar\u0131n i\u00e7ind\u0259 b\u00f6y\u00fcm\u00fc\u015f avropal\u0131 bizim a\u011fard\u0131lm\u0131\u015f, yanan, saxta, penoplastl\u0131 binalar\u0131m\u0131z\u0131? M\u0259n bu oyunlar\u0131 t\u0259\u015fkil ets\u0259ydim, \u00f6lk\u0259miz\u0259 g\u0259l\u0259n qonaqlara G\u00f6yg\u00f6l\u00fc g\u00f6st\u0259r\u0259rdim. Amma \u00fczr ist\u0259yir\u0259m, he\u00e7 olmasa h\u0259min \u0259r\u0259f\u0259d\u0259 sizin villan\u0131z\u0131n \u00fcst\u00fcn\u00fc a\u011faclarla filan kamuflyaj etm\u0259k laz\u0131md\u0131r, yoxsa parklar\u0131nda s\u0259kil\u0259r\u0259 bel\u0259 da\u015f vurmayan avropal\u0131ya nec\u0259 ba\u015fa salasan ki, biz milli parkda villa tikirik, a\u011faclar\u0131 k\u0259sirik, he\u00e7 kimi buraxm\u0131r\u0131q?!\n<\/p>\n<p>\n  <b><br \/>\n    Yaz\u0131dak\u0131 fikirl\u0259r m\u00fc\u0259llif\u0259 m\u0259xsusdur v\u0259 onlara g\u00f6r\u0259 Meydan TV m\u0259suliyy\u0259t da\u015f\u0131m\u0131r.<br \/>\n    <br \/>\n  <\/b><\/p>\n","protected":false},"excerpt":{"rendered":"<p>G\u0259l\u0259n qonaqlara \u201cG\u00f6yg\u00f6l\u201d-\u00fc g\u00f6st\u0259r\u0259rdim!<\/p>\n","protected":false},"author":11,"featured_media":25042,"comment_status":"closed","ping_status":"open","sticky":false,"template":"","format":"standard","meta":{"_acf_changed":false,"_sitemap_exclude":false,"_sitemap_priority":"","_sitemap_frequency":"","footnotes":""},"categories":[57],"tags":[],"class_list":["post-168195","post","type-post","status-publish","format-standard","has-post-thumbnail","hentry","category-menim-fikrimce","infinite-scroll-item","generate-columns","tablet-grid-50","mobile-grid-100","grid-parent","grid-33","no-featured-image-padding"],"acf":[],"yoast_head":"<!-- This site is optimized with the Yoast SEO plugin v27.5 - https:\/\/yoast.com\/product\/yoast-seo-wordpress\/ -->\n<title>U\u015faql\u0131\u011f\u0131m\u0131n i\u015f\u011fal olmu\u015f G\u00f6yg\u00f6l\u00fc... - MEYDAN.TV<\/title>\n<meta name=\"robots\" content=\"index, follow, max-snippet:-1, max-image-preview:large, max-video-preview:-1\" \/>\n<link rel=\"canonical\" href=\"https:\/\/www.meydan.tv\/az\/article\/usaqligimin-isgal-olmus-goygolu\/\" \/>\n<meta property=\"og:locale\" content=\"az_AZ\" \/>\n<meta property=\"og:type\" content=\"article\" \/>\n<meta property=\"og:title\" content=\"U\u015faql\u0131\u011f\u0131m\u0131n i\u015f\u011fal olmu\u015f G\u00f6yg\u00f6l\u00fc... - MEYDAN.TV\" \/>\n<meta property=\"og:description\" content=\"G\u0259l\u0259n qonaqlara \u201cG\u00f6yg\u00f6l\u201d-\u00fc g\u00f6st\u0259r\u0259rdim!\" \/>\n<meta property=\"og:url\" content=\"https:\/\/www.meydan.tv\/az\/article\/usaqligimin-isgal-olmus-goygolu\/\" \/>\n<meta property=\"og:site_name\" content=\"MEYDAN.TV\" \/>\n<meta property=\"article:published_time\" content=\"2015-06-04T01:08:20+00:00\" \/>\n<meta property=\"og:image\" content=\"https:\/\/www.meydan.tv\/wp-content\/uploads\/9151.jpg\" \/>\n\t<meta property=\"og:image:width\" content=\"500\" \/>\n\t<meta property=\"og:image:height\" content=\"500\" \/>\n\t<meta property=\"og:image:type\" content=\"image\/jpeg\" \/>\n<meta name=\"author\" content=\"user-manager\" \/>\n<meta name=\"twitter:card\" content=\"summary_large_image\" \/>\n<script type=\"application\/ld+json\" class=\"yoast-schema-graph\">{\"@context\":\"https:\\\/\\\/schema.org\",\"@graph\":[{\"@type\":\"Article\",\"@id\":\"https:\\\/\\\/www.meydan.tv\\\/az\\\/article\\\/usaqligimin-isgal-olmus-goygolu\\\/#article\",\"isPartOf\":{\"@id\":\"https:\\\/\\\/www.meydan.tv\\\/az\\\/article\\\/usaqligimin-isgal-olmus-goygolu\\\/\"},\"author\":{\"name\":\"user-manager\",\"@id\":\"https:\\\/\\\/www.meydan.tv\\\/az\\\/#\\\/schema\\\/person\\\/10d11eccf6da3662cf5fdab9806ea91a\"},\"headline\":\"U\u015faql\u0131\u011f\u0131m\u0131n i\u015f\u011fal olmu\u015f G\u00f6yg\u00f6l\u00fc&#8230;\",\"datePublished\":\"2015-06-04T01:08:20+00:00\",\"mainEntityOfPage\":{\"@id\":\"https:\\\/\\\/www.meydan.tv\\\/az\\\/article\\\/usaqligimin-isgal-olmus-goygolu\\\/\"},\"wordCount\":928,\"publisher\":{\"@id\":\"https:\\\/\\\/www.meydan.tv\\\/az\\\/#organization\"},\"image\":{\"@id\":\"https:\\\/\\\/www.meydan.tv\\\/az\\\/article\\\/usaqligimin-isgal-olmus-goygolu\\\/#primaryimage\"},\"thumbnailUrl\":\"https:\\\/\\\/www.meydan.tv\\\/wp-content\\\/uploads\\\/9151.jpg\",\"articleSection\":[\"M\u0259nim Fikrimc\u0259\"],\"inLanguage\":\"az\"},{\"@type\":\"WebPage\",\"@id\":\"https:\\\/\\\/www.meydan.tv\\\/az\\\/article\\\/usaqligimin-isgal-olmus-goygolu\\\/\",\"url\":\"https:\\\/\\\/www.meydan.tv\\\/az\\\/article\\\/usaqligimin-isgal-olmus-goygolu\\\/\",\"name\":\"U\u015faql\u0131\u011f\u0131m\u0131n i\u015f\u011fal olmu\u015f G\u00f6yg\u00f6l\u00fc... - MEYDAN.TV\",\"isPartOf\":{\"@id\":\"https:\\\/\\\/www.meydan.tv\\\/az\\\/#website\"},\"primaryImageOfPage\":{\"@id\":\"https:\\\/\\\/www.meydan.tv\\\/az\\\/article\\\/usaqligimin-isgal-olmus-goygolu\\\/#primaryimage\"},\"image\":{\"@id\":\"https:\\\/\\\/www.meydan.tv\\\/az\\\/article\\\/usaqligimin-isgal-olmus-goygolu\\\/#primaryimage\"},\"thumbnailUrl\":\"https:\\\/\\\/www.meydan.tv\\\/wp-content\\\/uploads\\\/9151.jpg\",\"datePublished\":\"2015-06-04T01:08:20+00:00\",\"breadcrumb\":{\"@id\":\"https:\\\/\\\/www.meydan.tv\\\/az\\\/article\\\/usaqligimin-isgal-olmus-goygolu\\\/#breadcrumb\"},\"inLanguage\":\"az\",\"potentialAction\":[{\"@type\":\"ReadAction\",\"target\":[\"https:\\\/\\\/www.meydan.tv\\\/az\\\/article\\\/usaqligimin-isgal-olmus-goygolu\\\/\"]}]},{\"@type\":\"ImageObject\",\"inLanguage\":\"az\",\"@id\":\"https:\\\/\\\/www.meydan.tv\\\/az\\\/article\\\/usaqligimin-isgal-olmus-goygolu\\\/#primaryimage\",\"url\":\"https:\\\/\\\/www.meydan.tv\\\/wp-content\\\/uploads\\\/9151.jpg\",\"contentUrl\":\"https:\\\/\\\/www.meydan.tv\\\/wp-content\\\/uploads\\\/9151.jpg\",\"width\":500,\"height\":500,\"caption\":\"Source:\"},{\"@type\":\"BreadcrumbList\",\"@id\":\"https:\\\/\\\/www.meydan.tv\\\/az\\\/article\\\/usaqligimin-isgal-olmus-goygolu\\\/#breadcrumb\",\"itemListElement\":[{\"@type\":\"ListItem\",\"position\":1,\"name\":\"Ana s\u0259hif\u0259\",\"item\":\"https:\\\/\\\/www.meydan.tv\\\/az\\\/\"},{\"@type\":\"ListItem\",\"position\":2,\"name\":\"M\u0259nim Fikrimc\u0259\",\"item\":\"https:\\\/\\\/www.meydan.tv\\\/az\\\/section\\\/menim-fikrimce\\\/\"},{\"@type\":\"ListItem\",\"position\":3,\"name\":\"U\u015faql\u0131\u011f\u0131m\u0131n i\u015f\u011fal olmu\u015f G\u00f6yg\u00f6l\u00fc&#8230;\"}]},{\"@type\":\"WebSite\",\"@id\":\"https:\\\/\\\/www.meydan.tv\\\/az\\\/#website\",\"url\":\"https:\\\/\\\/www.meydan.tv\\\/az\\\/\",\"name\":\"MEYDAN.TV\",\"description\":\"Meydan TV Az\u0259rbaycan\u0131n media m\u0259kan\u0131ndak\u0131 alternativ s\u0259sidir\",\"publisher\":{\"@id\":\"https:\\\/\\\/www.meydan.tv\\\/az\\\/#organization\"},\"potentialAction\":[{\"@type\":\"SearchAction\",\"target\":{\"@type\":\"EntryPoint\",\"urlTemplate\":\"https:\\\/\\\/www.meydan.tv\\\/az\\\/?s={search_term_string}\"},\"query-input\":{\"@type\":\"PropertyValueSpecification\",\"valueRequired\":true,\"valueName\":\"search_term_string\"}}],\"inLanguage\":\"az\"},{\"@type\":\"Organization\",\"@id\":\"https:\\\/\\\/www.meydan.tv\\\/az\\\/#organization\",\"name\":\"Meydan TV\",\"url\":\"https:\\\/\\\/www.meydan.tv\\\/az\\\/\",\"logo\":{\"@type\":\"ImageObject\",\"inLanguage\":\"az\",\"@id\":\"https:\\\/\\\/www.meydan.tv\\\/az\\\/#\\\/schema\\\/logo\\\/image\\\/\",\"url\":\"https:\\\/\\\/www.meydan.tv\\\/wp-content\\\/uploads\\\/2021\\\/07\\\/meydan-logo.svg\",\"contentUrl\":\"https:\\\/\\\/www.meydan.tv\\\/wp-content\\\/uploads\\\/2021\\\/07\\\/meydan-logo.svg\",\"width\":195,\"height\":46,\"caption\":\"Meydan TV\"},\"image\":{\"@id\":\"https:\\\/\\\/www.meydan.tv\\\/az\\\/#\\\/schema\\\/logo\\\/image\\\/\"}},{\"@type\":\"Person\",\"@id\":\"https:\\\/\\\/www.meydan.tv\\\/az\\\/#\\\/schema\\\/person\\\/10d11eccf6da3662cf5fdab9806ea91a\",\"name\":\"user-manager\"}]}<\/script>\n<!-- \/ Yoast SEO plugin. -->","yoast_head_json":{"title":"U\u015faql\u0131\u011f\u0131m\u0131n i\u015f\u011fal olmu\u015f G\u00f6yg\u00f6l\u00fc... - MEYDAN.TV","robots":{"index":"index","follow":"follow","max-snippet":"max-snippet:-1","max-image-preview":"max-image-preview:large","max-video-preview":"max-video-preview:-1"},"canonical":"https:\/\/www.meydan.tv\/az\/article\/usaqligimin-isgal-olmus-goygolu\/","og_locale":"az_AZ","og_type":"article","og_title":"U\u015faql\u0131\u011f\u0131m\u0131n i\u015f\u011fal olmu\u015f G\u00f6yg\u00f6l\u00fc... - MEYDAN.TV","og_description":"G\u0259l\u0259n qonaqlara \u201cG\u00f6yg\u00f6l\u201d-\u00fc g\u00f6st\u0259r\u0259rdim!","og_url":"https:\/\/www.meydan.tv\/az\/article\/usaqligimin-isgal-olmus-goygolu\/","og_site_name":"MEYDAN.TV","article_published_time":"2015-06-04T01:08:20+00:00","og_image":[{"width":500,"height":500,"url":"https:\/\/www.meydan.tv\/wp-content\/uploads\/9151.jpg","type":"image\/jpeg"}],"author":"user-manager","twitter_card":"summary_large_image","schema":{"@context":"https:\/\/schema.org","@graph":[{"@type":"Article","@id":"https:\/\/www.meydan.tv\/az\/article\/usaqligimin-isgal-olmus-goygolu\/#article","isPartOf":{"@id":"https:\/\/www.meydan.tv\/az\/article\/usaqligimin-isgal-olmus-goygolu\/"},"author":{"name":"user-manager","@id":"https:\/\/www.meydan.tv\/az\/#\/schema\/person\/10d11eccf6da3662cf5fdab9806ea91a"},"headline":"U\u015faql\u0131\u011f\u0131m\u0131n i\u015f\u011fal olmu\u015f G\u00f6yg\u00f6l\u00fc&#8230;","datePublished":"2015-06-04T01:08:20+00:00","mainEntityOfPage":{"@id":"https:\/\/www.meydan.tv\/az\/article\/usaqligimin-isgal-olmus-goygolu\/"},"wordCount":928,"publisher":{"@id":"https:\/\/www.meydan.tv\/az\/#organization"},"image":{"@id":"https:\/\/www.meydan.tv\/az\/article\/usaqligimin-isgal-olmus-goygolu\/#primaryimage"},"thumbnailUrl":"https:\/\/www.meydan.tv\/wp-content\/uploads\/9151.jpg","articleSection":["M\u0259nim Fikrimc\u0259"],"inLanguage":"az"},{"@type":"WebPage","@id":"https:\/\/www.meydan.tv\/az\/article\/usaqligimin-isgal-olmus-goygolu\/","url":"https:\/\/www.meydan.tv\/az\/article\/usaqligimin-isgal-olmus-goygolu\/","name":"U\u015faql\u0131\u011f\u0131m\u0131n i\u015f\u011fal olmu\u015f G\u00f6yg\u00f6l\u00fc... - MEYDAN.TV","isPartOf":{"@id":"https:\/\/www.meydan.tv\/az\/#website"},"primaryImageOfPage":{"@id":"https:\/\/www.meydan.tv\/az\/article\/usaqligimin-isgal-olmus-goygolu\/#primaryimage"},"image":{"@id":"https:\/\/www.meydan.tv\/az\/article\/usaqligimin-isgal-olmus-goygolu\/#primaryimage"},"thumbnailUrl":"https:\/\/www.meydan.tv\/wp-content\/uploads\/9151.jpg","datePublished":"2015-06-04T01:08:20+00:00","breadcrumb":{"@id":"https:\/\/www.meydan.tv\/az\/article\/usaqligimin-isgal-olmus-goygolu\/#breadcrumb"},"inLanguage":"az","potentialAction":[{"@type":"ReadAction","target":["https:\/\/www.meydan.tv\/az\/article\/usaqligimin-isgal-olmus-goygolu\/"]}]},{"@type":"ImageObject","inLanguage":"az","@id":"https:\/\/www.meydan.tv\/az\/article\/usaqligimin-isgal-olmus-goygolu\/#primaryimage","url":"https:\/\/www.meydan.tv\/wp-content\/uploads\/9151.jpg","contentUrl":"https:\/\/www.meydan.tv\/wp-content\/uploads\/9151.jpg","width":500,"height":500,"caption":"Source:"},{"@type":"BreadcrumbList","@id":"https:\/\/www.meydan.tv\/az\/article\/usaqligimin-isgal-olmus-goygolu\/#breadcrumb","itemListElement":[{"@type":"ListItem","position":1,"name":"Ana s\u0259hif\u0259","item":"https:\/\/www.meydan.tv\/az\/"},{"@type":"ListItem","position":2,"name":"M\u0259nim Fikrimc\u0259","item":"https:\/\/www.meydan.tv\/az\/section\/menim-fikrimce\/"},{"@type":"ListItem","position":3,"name":"U\u015faql\u0131\u011f\u0131m\u0131n i\u015f\u011fal olmu\u015f G\u00f6yg\u00f6l\u00fc&#8230;"}]},{"@type":"WebSite","@id":"https:\/\/www.meydan.tv\/az\/#website","url":"https:\/\/www.meydan.tv\/az\/","name":"MEYDAN.TV","description":"Meydan TV Az\u0259rbaycan\u0131n media m\u0259kan\u0131ndak\u0131 alternativ s\u0259sidir","publisher":{"@id":"https:\/\/www.meydan.tv\/az\/#organization"},"potentialAction":[{"@type":"SearchAction","target":{"@type":"EntryPoint","urlTemplate":"https:\/\/www.meydan.tv\/az\/?s={search_term_string}"},"query-input":{"@type":"PropertyValueSpecification","valueRequired":true,"valueName":"search_term_string"}}],"inLanguage":"az"},{"@type":"Organization","@id":"https:\/\/www.meydan.tv\/az\/#organization","name":"Meydan TV","url":"https:\/\/www.meydan.tv\/az\/","logo":{"@type":"ImageObject","inLanguage":"az","@id":"https:\/\/www.meydan.tv\/az\/#\/schema\/logo\/image\/","url":"https:\/\/www.meydan.tv\/wp-content\/uploads\/2021\/07\/meydan-logo.svg","contentUrl":"https:\/\/www.meydan.tv\/wp-content\/uploads\/2021\/07\/meydan-logo.svg","width":195,"height":46,"caption":"Meydan TV"},"image":{"@id":"https:\/\/www.meydan.tv\/az\/#\/schema\/logo\/image\/"}},{"@type":"Person","@id":"https:\/\/www.meydan.tv\/az\/#\/schema\/person\/10d11eccf6da3662cf5fdab9806ea91a","name":"user-manager"}]}},"_links":{"self":[{"href":"https:\/\/www.meydan.tv\/az\/wp-json\/wp\/v2\/posts\/168195","targetHints":{"allow":["GET"]}}],"collection":[{"href":"https:\/\/www.meydan.tv\/az\/wp-json\/wp\/v2\/posts"}],"about":[{"href":"https:\/\/www.meydan.tv\/az\/wp-json\/wp\/v2\/types\/post"}],"author":[{"embeddable":true,"href":"https:\/\/www.meydan.tv\/az\/wp-json\/wp\/v2\/users\/11"}],"replies":[{"embeddable":true,"href":"https:\/\/www.meydan.tv\/az\/wp-json\/wp\/v2\/comments?post=168195"}],"version-history":[{"count":0,"href":"https:\/\/www.meydan.tv\/az\/wp-json\/wp\/v2\/posts\/168195\/revisions"}],"wp:featuredmedia":[{"embeddable":true,"href":"https:\/\/www.meydan.tv\/az\/wp-json\/wp\/v2\/media\/25042"}],"wp:attachment":[{"href":"https:\/\/www.meydan.tv\/az\/wp-json\/wp\/v2\/media?parent=168195"}],"wp:term":[{"taxonomy":"category","embeddable":true,"href":"https:\/\/www.meydan.tv\/az\/wp-json\/wp\/v2\/categories?post=168195"},{"taxonomy":"post_tag","embeddable":true,"href":"https:\/\/www.meydan.tv\/az\/wp-json\/wp\/v2\/tags?post=168195"}],"curies":[{"name":"wp","href":"https:\/\/api.w.org\/{rel}","templated":true}]}}