{"id":168161,"date":"2015-06-01T21:59:02","date_gmt":"2015-06-01T21:59:02","guid":{"rendered":"https:\/\/www.meydan.tv\/article\/axcp-uzvune-6-il-hebs-verildi-video\/"},"modified":"2015-06-01T21:59:02","modified_gmt":"2015-06-01T21:59:02","slug":"axcp-uzvune-6-il-hebs-verildi-video","status":"publish","type":"post","link":"https:\/\/www.meydan.tv\/az\/article\/axcp-uzvune-6-il-hebs-verildi-video\/","title":{"rendered":"AXCP \u00fczv\u00fcn\u0259 6 il h\u0259bs verildi (V\u0130DEO)"},"content":{"rendered":"<figure class=\"wp-block-embed is-type-video is-provider-youtube wp-block-embed-youtube wp-embed-aspect-16-9 wp-has-aspect-ratio\">\n<div class=\"wp-block-embed__wrapper\">\n    <iframe loading=\"lazy\"\ttitle=\"\" width=\"1200\" height=\"675\" src=\"https:\/\/www.youtube.com\/embed\/9K280QnHFOc\"\tframeborder=\"0\"\tallow=\"accelerometer; autoplay; clipboard-write; encrypted-media; gyroscope; picture-in-picture\" allowfullscreen><\/iframe>\n  <\/div><figcaption><\/figcaption><\/figure>\n<p>\n  \u0130yunun 1-d\u0259 Bak\u0131 A\u011f\u0131r Cinay\u0259tl\u0259r m\u0259hk\u0259m\u0259sind\u0259 c\u0259bh\u0259\u00e7i f\u0259al Elvin Abdullayev\u0259 6 il h\u00f6km oxundu. Elvin Abdullayev\u00a0 son s\u00f6z\u00fcnd\u0259 bunlar\u0131 dedi: &#8220;M\u0259n xo\u015fb\u0259xt\u0259m, \u00e7\u00fcnki m\u0259n qalib\u0259m. \u00c7\u00fcnki m\u0259n siyasi m\u0259hbusam. Zal\u0131m diktatorun m\u0259ni zindana salmas\u0131 m\u0259nim q\u0259l\u0259b\u0259mdir. M\u0259ni Allahdan ba\u015fqa he\u00e7 kim m\u00fchakim\u0259 ed\u0259 bilm\u0259z. Prezident \u0130lham \u018fliyev ba\u015fda olmaqla bu zal\u0131m sistem d\u0259 burada m\u00fchakim\u0259 olunacaq. Bu \u0259dal\u0259tsizlikl\u0259rin hesab\u0131 sorulacaq. M\u0259n he\u00e7 n\u0259y\u0259 g\u00f6r\u0259 pe\u015fman deyil\u0259m. \u00c7\u00fcnki cinay\u0259t t\u00f6r\u0259tm\u0259mi\u015f\u0259m. \u018fsl cinay\u0259tkarlar oturub v\u0259zif\u0259l\u0259rd\u0259. E\u015fq olsun haqq\u0131 nahaqqa satmayana, ya\u015fas\u0131n z\u00fclm\u0259 boyun \u0259ym\u0259y\u0259nl\u0259r, ya\u015fas\u0131n Xalq C\u0259bh\u0259si!&#8221;.\n<\/p>\n<p>\n  C\u0259bh\u0259\u00e7i f\u0259al k\u00fclli miqdarda narkotik madd\u0259 saxlamaqda t\u0259qsirl\u0259ndirilir.\u00a0 Amma Elvin Abdullayev v\u0259\u00a0 onun ail\u0259si h\u0259bsi siyasi sifari\u015f hesab edirl\u0259r.<\/p>\n","protected":false},"excerpt":{"rendered":"<p>&#8220;M\u0259n xo\u015fb\u0259xt\u0259m, \u00e7\u00fcnki m\u0259n qalib\u0259m. \u00c7\u00fcnki m\u0259n siyasi m\u0259hbusam. Zal\u0131m diktatorun m\u0259ni zindana salmas\u0131 m\u0259nim q\u0259l\u0259b\u0259mdir.<\/p>\n","protected":false},"author":11,"featured_media":25716,"comment_status":"closed","ping_status":"open","sticky":false,"template":"","format":"standard","meta":{"_acf_changed":false,"_sitemap_exclude":false,"_sitemap_priority":"","_sitemap_frequency":"","footnotes":""},"categories":[63],"tags":[],"class_list":["post-168161","post","type-post","status-publish","format-standard","has-post-thumbnail","hentry","category-video-2","infinite-scroll-item","generate-columns","tablet-grid-50","mobile-grid-100","grid-parent","grid-33","no-featured-image-padding"],"acf":[],"yoast_head":"<!-- This site is optimized with the Yoast SEO plugin v28.3 - https:\/\/yoast.com\/product\/yoast-seo-wordpress\/ -->\n<title>AXCP \u00fczv\u00fcn\u0259 6 il h\u0259bs verildi (V\u0130DEO) - MEYDAN.TV<\/title>\n<meta name=\"robots\" content=\"index, follow, max-snippet:-1, max-image-preview:large, max-video-preview:-1\" \/>\n<link rel=\"canonical\" href=\"https:\/\/www.meydan.tv\/az\/article\/axcp-uzvune-6-il-hebs-verildi-video\/\" \/>\n<meta property=\"og:locale\" content=\"az_AZ\" \/>\n<meta property=\"og:type\" content=\"article\" \/>\n<meta property=\"og:title\" content=\"AXCP \u00fczv\u00fcn\u0259 6 il h\u0259bs verildi (V\u0130DEO) - MEYDAN.TV\" \/>\n<meta property=\"og:description\" content=\"&quot;M\u0259n xo\u015fb\u0259xt\u0259m, \u00e7\u00fcnki m\u0259n qalib\u0259m. \u00c7\u00fcnki m\u0259n siyasi m\u0259hbusam. Zal\u0131m diktatorun m\u0259ni zindana salmas\u0131 m\u0259nim q\u0259l\u0259b\u0259mdir.\" \/>\n<meta property=\"og:url\" content=\"https:\/\/www.meydan.tv\/az\/article\/axcp-uzvune-6-il-hebs-verildi-video\/\" \/>\n<meta property=\"og:site_name\" content=\"MEYDAN.TV\" \/>\n<meta property=\"article:published_time\" content=\"2015-06-01T21:59:02+00:00\" \/>\n<meta property=\"og:image\" content=\"https:\/\/www.meydan.tv\/wp-content\/uploads\/9431.jpg\" \/>\n\t<meta property=\"og:image:width\" content=\"857\" \/>\n\t<meta property=\"og:image:height\" content=\"473\" \/>\n\t<meta property=\"og:image:type\" content=\"image\/jpeg\" \/>\n<meta name=\"twitter:card\" content=\"summary_large_image\" \/>\n<!-- \/ Yoast SEO plugin. -->","yoast_head_json":{"title":"AXCP \u00fczv\u00fcn\u0259 6 il h\u0259bs verildi (V\u0130DEO) - MEYDAN.TV","robots":{"index":"index","follow":"follow","max-snippet":"max-snippet:-1","max-image-preview":"max-image-preview:large","max-video-preview":"max-video-preview:-1"},"canonical":"https:\/\/www.meydan.tv\/az\/article\/axcp-uzvune-6-il-hebs-verildi-video\/","og_locale":"az_AZ","og_type":"article","og_title":"AXCP \u00fczv\u00fcn\u0259 6 il h\u0259bs verildi (V\u0130DEO) - MEYDAN.TV","og_description":"\"M\u0259n xo\u015fb\u0259xt\u0259m, \u00e7\u00fcnki m\u0259n qalib\u0259m. \u00c7\u00fcnki m\u0259n siyasi m\u0259hbusam. Zal\u0131m diktatorun m\u0259ni zindana salmas\u0131 m\u0259nim q\u0259l\u0259b\u0259mdir.","og_url":"https:\/\/www.meydan.tv\/az\/article\/axcp-uzvune-6-il-hebs-verildi-video\/","og_site_name":"MEYDAN.TV","article_published_time":"2015-06-01T21:59:02+00:00","og_image":[{"width":857,"height":473,"url":"https:\/\/www.meydan.tv\/wp-content\/uploads\/9431.jpg","type":"image\/jpeg"}],"twitter_card":"summary_large_image","schema":{"@context":"https:\/\/schema.org","@graph":[{"@type":"Article","@id":"https:\/\/www.meydan.tv\/az\/article\/axcp-uzvune-6-il-hebs-verildi-video\/#article","isPartOf":{"@id":"https:\/\/www.meydan.tv\/az\/article\/axcp-uzvune-6-il-hebs-verildi-video\/"},"author":{"name":"user-manager","@id":"https:\/\/www.meydan.tv\/az\/#\/schema\/person\/10d11eccf6da3662cf5fdab9806ea91a"},"headline":"AXCP \u00fczv\u00fcn\u0259 6 il h\u0259bs verildi (V\u0130DEO)","datePublished":"2015-06-01T21:59:02+00:00","mainEntityOfPage":{"@id":"https:\/\/www.meydan.tv\/az\/article\/axcp-uzvune-6-il-hebs-verildi-video\/"},"wordCount":181,"publisher":{"@id":"https:\/\/www.meydan.tv\/az\/#organization"},"image":{"@id":"https:\/\/www.meydan.tv\/az\/article\/axcp-uzvune-6-il-hebs-verildi-video\/#primaryimage"},"thumbnailUrl":"https:\/\/www.meydan.tv\/wp-content\/uploads\/9431.jpg","articleSection":["Video"],"inLanguage":"az"},{"@type":"WebPage","@id":"https:\/\/www.meydan.tv\/az\/article\/axcp-uzvune-6-il-hebs-verildi-video\/","url":"https:\/\/www.meydan.tv\/az\/article\/axcp-uzvune-6-il-hebs-verildi-video\/","name":"AXCP \u00fczv\u00fcn\u0259 6 il h\u0259bs verildi (V\u0130DEO) - MEYDAN.TV","isPartOf":{"@id":"https:\/\/www.meydan.tv\/az\/#website"},"primaryImageOfPage":{"@id":"https:\/\/www.meydan.tv\/az\/article\/axcp-uzvune-6-il-hebs-verildi-video\/#primaryimage"},"image":{"@id":"https:\/\/www.meydan.tv\/az\/article\/axcp-uzvune-6-il-hebs-verildi-video\/#primaryimage"},"thumbnailUrl":"https:\/\/www.meydan.tv\/wp-content\/uploads\/9431.jpg","datePublished":"2015-06-01T21:59:02+00:00","breadcrumb":{"@id":"https:\/\/www.meydan.tv\/az\/article\/axcp-uzvune-6-il-hebs-verildi-video\/#breadcrumb"},"inLanguage":"az","potentialAction":[{"@type":"ReadAction","target":["https:\/\/www.meydan.tv\/az\/article\/axcp-uzvune-6-il-hebs-verildi-video\/"]}]},{"@type":"ImageObject","inLanguage":"az","@id":"https:\/\/www.meydan.tv\/az\/article\/axcp-uzvune-6-il-hebs-verildi-video\/#primaryimage","url":"https:\/\/www.meydan.tv\/wp-content\/uploads\/9431.jpg","contentUrl":"https:\/\/www.meydan.tv\/wp-content\/uploads\/9431.jpg","width":857,"height":473,"caption":"Source:"},{"@type":"BreadcrumbList","@id":"https:\/\/www.meydan.tv\/az\/article\/axcp-uzvune-6-il-hebs-verildi-video\/#breadcrumb","itemListElement":[{"@type":"ListItem","position":1,"name":"Ana s\u0259hif\u0259","item":"https:\/\/www.meydan.tv\/az\/"},{"@type":"ListItem","position":2,"name":"Video","item":"https:\/\/www.meydan.tv\/az\/section\/video-2\/"},{"@type":"ListItem","position":3,"name":"AXCP \u00fczv\u00fcn\u0259 6 il h\u0259bs verildi (V\u0130DEO)"}]},{"@type":"WebSite","@id":"https:\/\/www.meydan.tv\/az\/#website","url":"https:\/\/www.meydan.tv\/az\/","name":"MEYDAN.TV","description":"Meydan TV Az\u0259rbaycan\u0131n media m\u0259kan\u0131ndak\u0131 alternativ s\u0259sidir","publisher":{"@id":"https:\/\/www.meydan.tv\/az\/#organization"},"potentialAction":[{"@type":"SearchAction","target":{"@type":"EntryPoint","urlTemplate":"https:\/\/www.meydan.tv\/az\/?s={search_term_string}"},"query-input":{"@type":"PropertyValueSpecification","valueRequired":true,"valueName":"search_term_string"}}],"inLanguage":"az"},{"@type":"Organization","@id":"https:\/\/www.meydan.tv\/az\/#organization","name":"Meydan TV","url":"https:\/\/www.meydan.tv\/az\/","logo":{"@type":"ImageObject","inLanguage":"az","@id":"https:\/\/www.meydan.tv\/az\/#\/schema\/logo\/image\/","url":"https:\/\/www.meydan.tv\/wp-content\/uploads\/2021\/07\/meydan-logo.svg","contentUrl":"https:\/\/www.meydan.tv\/wp-content\/uploads\/2021\/07\/meydan-logo.svg","width":195,"height":46,"caption":"Meydan TV"},"image":{"@id":"https:\/\/www.meydan.tv\/az\/#\/schema\/logo\/image\/"}},{"@type":"Person","@id":"https:\/\/www.meydan.tv\/az\/#\/schema\/person\/10d11eccf6da3662cf5fdab9806ea91a","name":"user-manager"}]}},"_links":{"self":[{"href":"https:\/\/www.meydan.tv\/az\/wp-json\/wp\/v2\/posts\/168161","targetHints":{"allow":["GET"]}}],"collection":[{"href":"https:\/\/www.meydan.tv\/az\/wp-json\/wp\/v2\/posts"}],"about":[{"href":"https:\/\/www.meydan.tv\/az\/wp-json\/wp\/v2\/types\/post"}],"author":[{"embeddable":true,"href":"https:\/\/www.meydan.tv\/az\/wp-json\/wp\/v2\/users\/11"}],"replies":[{"embeddable":true,"href":"https:\/\/www.meydan.tv\/az\/wp-json\/wp\/v2\/comments?post=168161"}],"version-history":[{"count":0,"href":"https:\/\/www.meydan.tv\/az\/wp-json\/wp\/v2\/posts\/168161\/revisions"}],"wp:featuredmedia":[{"embeddable":true,"href":"https:\/\/www.meydan.tv\/az\/wp-json\/wp\/v2\/media\/25716"}],"wp:attachment":[{"href":"https:\/\/www.meydan.tv\/az\/wp-json\/wp\/v2\/media?parent=168161"}],"wp:term":[{"taxonomy":"category","embeddable":true,"href":"https:\/\/www.meydan.tv\/az\/wp-json\/wp\/v2\/categories?post=168161"},{"taxonomy":"post_tag","embeddable":true,"href":"https:\/\/www.meydan.tv\/az\/wp-json\/wp\/v2\/tags?post=168161"}],"curies":[{"name":"wp","href":"https:\/\/api.w.org\/{rel}","templated":true}]}}