{"id":168160,"date":"2015-06-01T17:25:32","date_gmt":"2015-06-01T17:25:32","guid":{"rendered":"https:\/\/www.meydan.tv\/article\/rehman-bedelovun-menasi\/"},"modified":"2015-06-01T17:25:32","modified_gmt":"2015-06-01T17:25:32","slug":"rehman-bedelovun-menasi","status":"publish","type":"post","link":"https:\/\/www.meydan.tv\/az\/article\/rehman-bedelovun-menasi\/","title":{"rendered":"R\u0259hman B\u0259d\u0259lovun m\u0259nas\u0131"},"content":{"rendered":"<figure class=\"wp-block-image size-large\">\n  <img decoding=\"async\" src=\"https:\/\/www.meydan.tv\/az\/25710\/\" alt=\"\" class=\"wp-image-25710\"\/><figcaption><\/figcaption><\/figure>\n<\/p>\n<figure class=\"wp-block-image size-large\">\n  <img decoding=\"async\" src=\"https:\/\/www.meydan.tv\/az\/25711\/\" alt=\"\" class=\"wp-image-25711\"\/><figcaption><\/figcaption><\/figure>\n<p>\n  Bu yaz\u0131n\u0131, G\u00fcnelin v\u0259 Seymurun yerin\u0259 R\u0259hman B\u0259d\u0259lova verilmi\u015f cavab kimi q\u0259bul etm\u0259yin. Yaz\u0131, s\u0259sli d\u00fc\u015f\u00fcnm\u0259k c\u0259hdind\u0259n ba\u015fqa bir \u015fey deyil. R\u0259hman B\u0259d\u0259lovun, Kamal Abdullan\u0131n yarad\u0131c\u0131l\u0131\u011f\u0131na h\u0259sr olunmu\u015f m\u0259lum yaz\u0131s\u0131n\u0131n<br \/>\n  <a href=\"http:\/\/kultura.az\/\" target=\"_blank\" rel=\"noopener\"><br \/>\n    kultura.az<br \/>\n  <\/a><br \/>\n  \u00a0portal\u0131nda d\u0259rc olunmamas\u0131ndan v\u0259 professorun h\u0259l\u0259 o vaxt g\u00f6st\u0259rdiyi s\u0259rt reaksiyadan sonra s\u0259sli d\u00fc\u015f\u00fcnm\u0259k ist\u0259mi\u015fdim, amma q\u0131ymam\u0131\u015fd\u0131m \u2013 ill\u0259rin \u0259m\u0259kda\u015fl\u0131\u011f\u0131, s\u0259mimi m\u00fcnasib\u0259ti saxlam\u0131\u015fd\u0131 m\u0259ni.\n<\/p>\n<p>\n  R\u0259hman m\u00fc\u0259llim gileyl\u0259nir ki, \u201cad\u0131m\u0131 kultura.az-\u0131n m\u00fc\u0259llifl\u0259ri siyah\u0131s\u0131ndan \u00e7\u0131xar\u0131blar\u201d. Professor, insaf yax\u015f\u0131 \u015feydir. \u201cAd\u0131m\u0131 d\u0259rhal m\u00fc\u0259llifl\u0259rin siyah\u0131s\u0131ndan silin!\u201d \u0259mrini ne\u00e7\u0259 n\u0259f\u0259r\u0259 \u00fcnvanlam\u0131\u015fd\u0131n\u0131z, xat\u0131rlay\u0131rs\u0131n\u0131z? Yad\u0131n\u0131za sala bil\u0259r\u0259m \u2013 saytdan ad silm\u0259k imkan\u0131 olan v\u0259 olmayan az\u0131 5 n\u0259f\u0259r\u0259. T\u0259l\u0259biniz bu q\u0259d\u0259r s\u0259rt v\u0259 intensiv olunca da, ad\u0131n\u0131z\u0131 ordan silm\u0259kd\u0259n ba\u015fqa \u0259lac qalmam\u0131\u015fd\u0131. Ola bilsin, \u00fcr\u0259yinizd\u0259 k\u00f6rp\u0259 bir \u00fcmid k\u00f6z\u0259rirdi ki, \u201cb\u0259lk\u0259 silm\u0259zl\u0259r, yalvararlar, araya minn\u0259t\u00e7i salarlar\u201d, amma olmad\u0131. Bilirsiniz, professor, indi ham\u0131m\u0131z vaxt darl\u0131\u011f\u0131 ya\u015fay\u0131r\u0131q, bel\u0259 i\u015fl\u0259rl\u0259 m\u0259\u015f\u011ful olacaq q\u0259d\u0259r bekar deyilik.\n<\/p>\n<p>\n  Kultura.Az portal\u0131ndan ad\u0131n\u0131z, sizin t\u0259l\u0259biniz \u00fczr\u0259 silinib. Xahi\u015f edir\u0259m, d\u0259qiq olaq.\n<\/p>\n<p>\n  Sonra yaz\u0131rs\u0131n\u0131z ki, \u201c\u0130mkan daxilind\u0259 sinfi yana\u015fmadan qa\u00e7\u0131n. \u201cBizimkil\u0259r\u201d d\u0259st\u0259sin\u0259, \u201cbizimkil\u0259r\u201d d\u0259rn\u0259yin\u0259 \u00e7evrilm\u0259yin.\u201d\n<\/p>\n<p>\n  Bu \u00e7a\u011f\u0131r\u0131\u015f\u0131n\u0131z da \u00e7ox t\u0259\u0259cc\u00fcbl\u00fcd\u00fcr. Portalla sizin aran\u0131zdak\u0131 konflikt, m\u0259hz el\u0259 sizin portal\u0131 \u201cbizimkil\u0259r klubu\u201dna \u00e7evirm\u0259k c\u0259hdinizd\u0259n sonra ba\u015flamad\u0131m\u0131? \u201cR\u0259hman B\u0259d\u0259lov<br \/>\n  <a href=\"http:\/\/kultura.az\/\" target=\"_blank\" rel=\"noopener\"><br \/>\n    kultura.az<br \/>\n  <\/a><br \/>\n  \u00a0portal\u0131n\u0131 son d\u00f6n\u0259md\u0259 Kamal Abdullan\u0131n t\u0259bli\u011fat meydan\u0131na \u00e7evirib\u201d q\u0259na\u0259ti t\u0259kc\u0259 Seymurun, G\u00fcnelin, m\u0259nim yox, h\u0259m\u00e7inin bir \u00e7ox oxucumuzun v\u0259 m\u00fc\u0259llifimizin ortaq q\u0259na\u0259ti olmu\u015fdu. \u0130nsaf\u0259n, siz d\u0259 t\u0259kc\u0259 kultura.az-da yox, m\u00fcmk\u00fcn olan h\u0259r yerd\u0259 Kamal Abdullan\u0131 t\u0259bli\u011f v\u0259 t\u0259rif edirdiniz.\n<\/p>\n<p>\n  \u201cBizimkil\u0259r klubu\u201d ittiham\u0131 h\u0259m d\u0259 ona g\u00f6r\u0259 t\u0259nqid\u0259 d\u00f6zm\u00fcr ki, yaz\u0131n\u0131z\u0131n h\u0259d\u0259fi olan adamlar\u0131n s\u00f6z sahibi olduqlar\u0131 layih\u0259l\u0259r (<br \/>\n  <a href=\"http:\/\/kultura.az\/\" target=\"_blank\" rel=\"noopener\"><br \/>\n    kultura.az<br \/>\n  <\/a><br \/>\n  \u00a0v\u0259<br \/>\n  <a href=\"http:\/\/meydan.tv\/\" target=\"_blank\" rel=\"noopener\"><br \/>\n    meydan.tv<br \/>\n  <\/a><br \/>\n  ) g\u0259nc olsun, ya\u015fl\u0131 olsun \u2013 h\u0259r k\u0259sin \u00fcz\u00fcn\u0259 a\u00e7\u0131qd\u0131r. H\u0259r k\u0259s\u0259 \u00f6z\u00fcn\u00fc s\u0131namaq, d\u00fc\u015f\u00fcnc\u0259l\u0259rini payla\u015fmaq f\u00fcrs\u0259tini tan\u0131y\u0131r. Seymuru senzor adland\u0131r\u0131rs\u0131n\u0131z, amma Seymurun senzorlu\u011fu da Kamal Abdulla haqq\u0131nda on yaz\u0131 yazm\u0131\u015f m\u00fc\u0259llifin on birinci yaz\u0131s\u0131na \u201cStop\u201d dem\u0259kd\u0259n ba\u015fqa bir \u015fey deyil. Senzorluq budursa, o zaman m\u0259n\u0259 bir media resurs ad\u0131 \u00e7\u0259kin ki, siz orda Kamal Abdulla, ya da qeyrisi haqda, dalbadal 2-3 yaz\u0131 ver\u0259 bil\u0259rsiniz. Eyni m\u0259zmunlu ikinci yaz\u0131n\u0131zda, siz\u0259 art\u0131q \u201cStop\u201d qoyard\u0131lar.\n<\/p>\n<p>\n  Kultura.Az-\u0131n t\u0259sis\u00e7isiy\u0259m deyirsiniz. Kultura.Az portal\u0131 m\u0259nim ve Elmir Mirz\u0259yevin birg\u0259 layih\u0259mizdir. Onu biz yaratd\u0131q v\u0259 maliyy\u0259 d\u0259st\u0259yi tapd\u0131q. Sonra, sayta m\u00fc\u0259llifl\u0259ri c\u0259lb etm\u0259y\u0259 ba\u015flad\u0131q. Bu portal say\u0259sind\u0259 tan\u0131nd\u0131q, sizi d\u0259 tan\u0131td\u0131q. Kultura.Az portal\u0131ndan sonra R\u0259hman B\u0259d\u0259lova, Niyazi Mehdiy\u0259 yaz\u0131 yazd\u0131rmaq, t\u0259bdbirl\u0259r\u0259 d\u0259v\u0259t etm\u0259k, \u201ca\u011fsaqqal\u201d dem\u0259k d\u0259b oldu. Biz sizi trend\u0259 \u00e7evirdik. G\u0259ncl\u0259ri ba\u015f\u0131n\u0131za toplad\u0131n\u0131z, m\u00fcxt\u0259lif qruplara \u00e7\u0131x\u0131\u015f tapd\u0131n\u0131z. G\u0259nc n\u0259slin sizl\u0259r\u0259 \u201ch\u00f6rm\u0259tli professor\u201d dey\u0259 xitab etm\u0259y\u0259 ba\u015flamas\u0131, m\u0259hz kultura.az-\u0131n xidm\u0259tidir.\n<\/p>\n<p>\n  Bunlar\u0131 minn\u0259t \u00fc\u00e7\u00fcn demir\u0259m. Biz bir-birimizi tan\u0131td\u0131q, bir-bizimizi ucaltd\u0131q. Biz tan\u0131nd\u0131qca, siz d\u0259 tan\u0131nd\u0131n\u0131z. Siz tan\u0131nd\u0131qca, biz tan\u0131nd\u0131q. Amma t\u0259\u015f\u0259bb\u00fcs bizim oldu, buzlar\u0131 biz \u0259ritdik, bu bayqu\u015fxanada<br \/>\n  <a href=\"http:\/\/kultura.az\/\" target=\"_blank\" rel=\"noopener\"><br \/>\n    kultura.az<br \/>\n  <\/a><br \/>\n  \u00a0bir n\u0259f\u0259slik oldu, t\u0259miz hava oldu, meydanoxuma oldu. L\u00fctf\u0259n, professor, m\u0259n\u0259 cavab yazacaqs\u0131n\u0131zsa, bunlar\u0131 da etiraf edin. Yoxsa G\u00fcnel\u0259 v\u0259 Seymura yazd\u0131\u011f\u0131n\u0131z yaz\u0131n\u0131 oxuyub \u201cR\u0259hman m\u00fc\u0259llim bunlar\u0131 n\u0259 zor c\u0131rd\u0131\u201d dey\u0259n v\u0259 ekstaza d\u00fc\u015f\u0259n zavall\u0131lar\u0131n s\u00f6hb\u0259tl\u0259rd\u0259n x\u0259b\u0259ri yoxdur. Etiraf edin ki, \u0259vv\u0259l bo\u015fluq v\u0259 s\u0259ssizlik vard\u0131. Sonra<br \/>\n  <a href=\"http:\/\/kultura.az\/\" target=\"_blank\" rel=\"noopener\"><br \/>\n    kultura.az<br \/>\n  <\/a><br \/>\n  \u00a0oldu. Kultura.az-\u0131 da bu adamlar yoxdan var etdil\u0259r. Bu etiraf\u0131 sizd\u0259n g\u00f6zl\u0259m\u0259k haqq\u0131m\u0131zd\u0131r, xahi\u015f edir\u0259m \u00e7ox yax\u0131n tarixi t\u0259hrif etm\u0259yin.\n<\/p>\n<p>\n  Sual edirsiniz ki, \u201cKamal Abdullaya niy\u0259 yaltaqlalan\u0131m? M\u0259n\u0259 onun pulu laz\u0131md\u0131r, xarici s\u0259yah\u0259tl\u0259ri laz\u0131md\u0131r?\u201d v\u0259 s. Cavab, sual\u0131n \u00f6z\u00fcnd\u0259 gizlidir, h\u00f6rm\u0259tli professor. Bel\u0259 \u201cfreydist\u201d sual\u0131 sizd\u0259n g\u00f6zl\u0259m\u0259zdim do\u011frusu. B\u0259li, Kamal Abdulla siz\u0259 h\u0259m pul, h\u0259m d\u0259 xarici s\u0259f\u0259rl\u0259r t\u0259min edir ki, h\u0259m pul, h\u0259m d\u0259 xarici s\u0259f\u0259rl\u0259r sizin haqq\u0131n\u0131zd\u0131r. Siz intellektinizi, z\u0259hm\u0259tinizi sat\u0131rs\u0131n\u0131z. Biz d\u0259 h\u0259min i\u015fl\u0259 m\u0259\u015f\u011fuluq. Kamal Abdulladan pul v\u0259 s\u0259yah\u0259t \u0259ld\u0259 etm\u0259kd\u0259 q\u0259bah\u0259t i\u015f yoxdur. Q\u0259bah\u0259t odur ki, bu pulun v\u0259 s\u0259f\u0259rl\u0259rin m\u00fcqabilind\u0259 yaln\u0131z onun \u015f\u0259nini ucaltmaqla m\u00fck\u0259ll\u0259f olursunuz. K\u0259d\u0259rli olan da budur.\n<\/p>\n<p>\n  Professor, Kamal Abdulla haqda yazd\u0131\u011f\u0131n\u0131z t\u0259rif dolu yaz\u0131 kultura.az-da getm\u0259y\u0259nd\u0259n sonra, \u00e7ox q\u0259z\u0259bl\u0259ndiniz. \u00dcmumiyy\u0259tl\u0259, \u00e7ox s\u0259rt v\u0259 ac\u0131ql\u0131 g\u00f6r\u00fcr\u0259m sizi. Faci\u0259nizi d\u0259 n\u0259z\u0259r\u0259 al\u0131ram. Ac\u0131lar\u0131n\u0131z\u0131 b\u00f6l\u00fc\u015f\u00fcr\u0259m. H\u0259d\u0259f\u0259 ald\u0131\u011f\u0131n\u0131z adamlar\u0131n siz\u0259 cavab verm\u0259m\u0259sin\u0259 s\u0259b\u0259b d\u0259 \u00a0sizin faci\u0259nizdir. Lakin siz q\u0259z\u0259binizi sosial \u015f\u0259b\u0259k\u0259l\u0259rd\u0259n \u00e7\u0131xar\u0131b, mediada tirajlama\u011fa ba\u015flay\u0131nca, kims\u0259 bu ittihamlara ayd\u0131nl\u0131q g\u0259tirm\u0259li idi.\n<\/p>\n<p>\n  Siz h\u0259r zaman bel\u0259 q\u0259z\u0259bli v\u0259 prinsipial olmursunuz, professor. Yad\u0131n\u0131zdad\u0131r, R\u00fcst\u0259m \u0130brahimb\u0259yovun kinofestival\u0131nda, Anar Rzayev g\u0259lib ba\u015f\u0131n\u0131z\u0131n \u00fcst\u00fcnd\u0259 dayand\u0131, siz\u0259 nec\u0259 \u00e7\u0259mkirdi? Siz, m\u0259d\u0259ni adam, orda nec\u0259 p\u0259rt oldunuz, nec\u0259 pis v\u0259ziyy\u0259t\u0259 d\u00fc\u015fd\u00fcn\u00fcz? N\u0259 o vaxt, n\u0259 d\u0259 ondan sonra, siz Anara layiq oldu\u011fu cavab\u0131 verm\u0259diniz. Professor, Anar\u0131n z\u0259hmi, eyn\u0259yi v\u0259 q\u0259lyan\u0131 qar\u015f\u0131s\u0131nda nec\u0259 \u0259zildiyinizi biz \u00e7ox yax\u015f\u0131 xat\u0131rlay\u0131r\u0131q. Sizin s\u0259s tonunuz d\u0259yi\u015fmi\u015fdi, \u0259sirdiniz. B\u00fck\u00fclm\u00fc\u015fd\u00fcn\u00fcz. Anar is\u0259 z\u0259f\u0259r qazanm\u0131\u015f s\u0259rk\u0259rd\u0259 kimi dayanm\u0131\u015fd\u0131 ba\u015f\u0131n\u0131z\u0131n \u00fcst\u00fcnd\u0259. Sizi \u0259zdikc\u0259 \u0259zirdi.\n<\/p>\n<p>\n  Yad\u0131n\u0131zdad\u0131r, professor, teatr\u015f\u00fcnas bir arvad vard\u0131, ad\u0131 da Zara. H\u0259mi\u015f\u0259 onu yan\u0131n\u0131zda g\u0259zdirirdiniz, ya da o sizi yan\u0131nda g\u0259zdirirdi. Arvad \u00c7e\u00e7enistandan g\u0259lmi\u015fdi, Bak\u0131ya yerl\u0259\u015fmi\u015fdi v\u0259 el\u0259 bilirdi ki, bu \u015f\u0259h\u0259rin sakinl\u0259rinin ham\u0131s\u0131, R\u0259hman B\u0259d\u0259lov kimi m\u00fclayim v\u0259 \u00fcz\u00fcyola adamlard\u0131r. Bir g\u00fcn siz m\u0259ni bu arvadla tan\u0131\u015f etdiniz, yan\u0131m\u0131zda \u00dclvi Mehdi d\u0259 vard\u0131. M\u0259rk\u0259zd\u0259 bir kafed\u0259 oturduq, arvad dan\u0131\u015fma\u011fa ba\u015flad\u0131. Co\u015fduqca co\u015furdu, ittiham\u0131n biri bir q\u0259pik, t\u0259miz buraxm\u0131\u015fd\u0131 \u00f6z\u00fcn\u00fc. Biz\u0259 a\u011f\u0131l \u00f6yr\u0259dirdi, siz\u0259 g\u00f6z a\u011fard\u0131rd\u0131, \u00f6z\u00fcnd\u0259n raz\u0131 \u0259dalar\u0131 il\u0259 restoran\u0131n atmosferini korlay\u0131rd\u0131. Yad\u0131n\u0131zdad\u0131r, professor, siz susmu\u015fdunuz, q\u0131r\u0131q-q\u0131r\u0131q n\u0259s\u0259 dem\u0259y\u0259 \u00e7al\u0131\u015f\u0131rd\u0131n\u0131z. Sonda d\u00f6zm\u0259y\u0259n yen\u0259 m\u0259n oldum. \u00c7e\u00e7enistandan g\u0259lmi\u015f teatr\u015f\u00fcnas arvada dedim ki, \u201cdur s&#8230;r burdan\u201d. Q\u0131sa v\u0259 konkret, professor. Bilirsiniz ki, t\u0259rzim budur. Bu t\u0259rzimi \u00e7ox sevir\u0259m.\n<\/p>\n<p>\n  Sizin is\u0259 gic-gic adamlar\u0131n qar\u015f\u0131s\u0131nda \u0259zilm\u0259yinizi, amma n\u00f6vb\u0259 bizl\u0259r\u0259 \u00e7atanda aslana \u00e7evrilm\u0259yinizi h\u0259zm ed\u0259 bilmir\u0259m. M\u0259n g\u00f6rm\u0259mi\u015f\u0259m professor, amma g\u00f6r\u0259nl\u0259r dan\u0131\u015f\u0131r ki, Kamal Abdullan\u0131n qar\u015f\u0131s\u0131ndak\u0131 pozan\u0131z \u00fcr\u0259yimizi a\u011fr\u0131d\u0131r. Bu poza ac\u0131nacaql\u0131d\u0131r, professor.\n<\/p>\n<p>\n  M\u0259n bilmir\u0259m, o hans\u0131 q\u00fcvv\u0259dir ki, sizi Kamal Abdullan\u0131n m\u0259tbuat katibin\u0259, PR menecerin\u0259 \u00e7evirib? Bu h\u0259r n\u0259dirs\u0259, puldan v\u0259 xarici s\u0259f\u0259rl\u0259rd\u0259n daha b\u00f6y\u00fck bir \u015feydir. Deyirsiniz ki, \u201cKamal Abdulla D\u0259d\u0259 Qorqudu dan\u0131\u015fd\u0131r\u0131b\u201d. G\u00f6zl\u0259rinizi a\u00e7\u0131n professor, Kamal Abdulla sizd\u0259n ba\u015fqa he\u00e7 k\u0259si dan\u0131\u015fd\u0131ra bilm\u0259yib. Dan\u0131\u015fan ancaq sizsiniz. Kama Abdullan\u0131n titulu, pulu, v\u0259zif\u0259l\u0259ri olmasa, onun ad\u0131na he\u00e7 bir d\u0259ft\u0259rd\u0259, kitabda rast g\u0259lm\u0259k olmaz.\n<\/p>\n<p>\n  Yaz\u0131rs\u0131n\u0131z ki, \u201cM\u0259na tapmayanda s\u0131nmama\u011f\u0131\u201d \u00f6yr\u0259nmisiniz. N\u0259 g\u00f6z\u0259l. Dem\u0259li Kamal Abdullada m\u0259na tapm\u0131s\u0131n\u0131z ki, s\u0131nm\u0131s\u0131n\u0131z. S\u0131nma\u011fa d\u0259y\u0259rdimi?\n<\/p>\n<p>\n  Olmaz olsun bel\u0259 m\u0259na.<\/p>\n","protected":false},"excerpt":{"rendered":"<p>Sizi Kamal Abdullan\u0131n PR menecerin\u0259 \u00e7evir\u0259n q\u00fcvv\u0259&#8230;<\/p>\n","protected":false},"author":11,"featured_media":25710,"comment_status":"closed","ping_status":"open","sticky":false,"template":"","format":"standard","meta":{"_acf_changed":false,"_sitemap_exclude":false,"_sitemap_priority":"","_sitemap_frequency":"","footnotes":""},"categories":[57],"tags":[],"class_list":["post-168160","post","type-post","status-publish","format-standard","has-post-thumbnail","hentry","category-menim-fikrimce","infinite-scroll-item","generate-columns","tablet-grid-50","mobile-grid-100","grid-parent","grid-33","no-featured-image-padding"],"acf":[],"yoast_head":"<!-- This site is optimized with the Yoast SEO plugin v27.5 - https:\/\/yoast.com\/product\/yoast-seo-wordpress\/ -->\n<title>R\u0259hman B\u0259d\u0259lovun m\u0259nas\u0131 - MEYDAN.TV<\/title>\n<meta name=\"robots\" content=\"index, follow, max-snippet:-1, max-image-preview:large, max-video-preview:-1\" \/>\n<link rel=\"canonical\" href=\"https:\/\/www.meydan.tv\/az\/article\/rehman-bedelovun-menasi\/\" \/>\n<meta property=\"og:locale\" content=\"az_AZ\" \/>\n<meta property=\"og:type\" content=\"article\" \/>\n<meta property=\"og:title\" content=\"R\u0259hman B\u0259d\u0259lovun m\u0259nas\u0131 - MEYDAN.TV\" \/>\n<meta property=\"og:description\" content=\"Sizi Kamal Abdullan\u0131n PR menecerin\u0259 \u00e7evir\u0259n q\u00fcvv\u0259...\" \/>\n<meta property=\"og:url\" content=\"https:\/\/www.meydan.tv\/az\/article\/rehman-bedelovun-menasi\/\" \/>\n<meta property=\"og:site_name\" content=\"MEYDAN.TV\" \/>\n<meta property=\"article:published_time\" content=\"2015-06-01T17:25:32+00:00\" \/>\n<meta property=\"og:image\" content=\"https:\/\/www.meydan.tv\/wp-content\/uploads\/9427.jpg\" \/>\n\t<meta property=\"og:image:width\" content=\"500\" \/>\n\t<meta property=\"og:image:height\" content=\"500\" \/>\n\t<meta property=\"og:image:type\" content=\"image\/jpeg\" \/>\n<meta name=\"author\" content=\"user-manager\" \/>\n<meta name=\"twitter:card\" content=\"summary_large_image\" \/>\n<script type=\"application\/ld+json\" class=\"yoast-schema-graph\">{\"@context\":\"https:\\\/\\\/schema.org\",\"@graph\":[{\"@type\":\"Article\",\"@id\":\"https:\\\/\\\/www.meydan.tv\\\/az\\\/article\\\/rehman-bedelovun-menasi\\\/#article\",\"isPartOf\":{\"@id\":\"https:\\\/\\\/www.meydan.tv\\\/az\\\/article\\\/rehman-bedelovun-menasi\\\/\"},\"author\":{\"name\":\"user-manager\",\"@id\":\"https:\\\/\\\/www.meydan.tv\\\/az\\\/#\\\/schema\\\/person\\\/10d11eccf6da3662cf5fdab9806ea91a\"},\"headline\":\"R\u0259hman B\u0259d\u0259lovun m\u0259nas\u0131\",\"datePublished\":\"2015-06-01T17:25:32+00:00\",\"mainEntityOfPage\":{\"@id\":\"https:\\\/\\\/www.meydan.tv\\\/az\\\/article\\\/rehman-bedelovun-menasi\\\/\"},\"wordCount\":1600,\"publisher\":{\"@id\":\"https:\\\/\\\/www.meydan.tv\\\/az\\\/#organization\"},\"image\":{\"@id\":\"https:\\\/\\\/www.meydan.tv\\\/az\\\/article\\\/rehman-bedelovun-menasi\\\/#primaryimage\"},\"thumbnailUrl\":\"https:\\\/\\\/www.meydan.tv\\\/wp-content\\\/uploads\\\/9427.jpg\",\"articleSection\":[\"M\u0259nim Fikrimc\u0259\"],\"inLanguage\":\"az\"},{\"@type\":\"WebPage\",\"@id\":\"https:\\\/\\\/www.meydan.tv\\\/az\\\/article\\\/rehman-bedelovun-menasi\\\/\",\"url\":\"https:\\\/\\\/www.meydan.tv\\\/az\\\/article\\\/rehman-bedelovun-menasi\\\/\",\"name\":\"R\u0259hman B\u0259d\u0259lovun m\u0259nas\u0131 - MEYDAN.TV\",\"isPartOf\":{\"@id\":\"https:\\\/\\\/www.meydan.tv\\\/az\\\/#website\"},\"primaryImageOfPage\":{\"@id\":\"https:\\\/\\\/www.meydan.tv\\\/az\\\/article\\\/rehman-bedelovun-menasi\\\/#primaryimage\"},\"image\":{\"@id\":\"https:\\\/\\\/www.meydan.tv\\\/az\\\/article\\\/rehman-bedelovun-menasi\\\/#primaryimage\"},\"thumbnailUrl\":\"https:\\\/\\\/www.meydan.tv\\\/wp-content\\\/uploads\\\/9427.jpg\",\"datePublished\":\"2015-06-01T17:25:32+00:00\",\"breadcrumb\":{\"@id\":\"https:\\\/\\\/www.meydan.tv\\\/az\\\/article\\\/rehman-bedelovun-menasi\\\/#breadcrumb\"},\"inLanguage\":\"az\",\"potentialAction\":[{\"@type\":\"ReadAction\",\"target\":[\"https:\\\/\\\/www.meydan.tv\\\/az\\\/article\\\/rehman-bedelovun-menasi\\\/\"]}]},{\"@type\":\"ImageObject\",\"inLanguage\":\"az\",\"@id\":\"https:\\\/\\\/www.meydan.tv\\\/az\\\/article\\\/rehman-bedelovun-menasi\\\/#primaryimage\",\"url\":\"https:\\\/\\\/www.meydan.tv\\\/wp-content\\\/uploads\\\/9427.jpg\",\"contentUrl\":\"https:\\\/\\\/www.meydan.tv\\\/wp-content\\\/uploads\\\/9427.jpg\",\"width\":500,\"height\":500,\"caption\":\"Source:\"},{\"@type\":\"BreadcrumbList\",\"@id\":\"https:\\\/\\\/www.meydan.tv\\\/az\\\/article\\\/rehman-bedelovun-menasi\\\/#breadcrumb\",\"itemListElement\":[{\"@type\":\"ListItem\",\"position\":1,\"name\":\"Ana s\u0259hif\u0259\",\"item\":\"https:\\\/\\\/www.meydan.tv\\\/az\\\/\"},{\"@type\":\"ListItem\",\"position\":2,\"name\":\"M\u0259nim Fikrimc\u0259\",\"item\":\"https:\\\/\\\/www.meydan.tv\\\/az\\\/section\\\/menim-fikrimce\\\/\"},{\"@type\":\"ListItem\",\"position\":3,\"name\":\"R\u0259hman B\u0259d\u0259lovun m\u0259nas\u0131\"}]},{\"@type\":\"WebSite\",\"@id\":\"https:\\\/\\\/www.meydan.tv\\\/az\\\/#website\",\"url\":\"https:\\\/\\\/www.meydan.tv\\\/az\\\/\",\"name\":\"MEYDAN.TV\",\"description\":\"Meydan TV Az\u0259rbaycan\u0131n media m\u0259kan\u0131ndak\u0131 alternativ s\u0259sidir\",\"publisher\":{\"@id\":\"https:\\\/\\\/www.meydan.tv\\\/az\\\/#organization\"},\"potentialAction\":[{\"@type\":\"SearchAction\",\"target\":{\"@type\":\"EntryPoint\",\"urlTemplate\":\"https:\\\/\\\/www.meydan.tv\\\/az\\\/?s={search_term_string}\"},\"query-input\":{\"@type\":\"PropertyValueSpecification\",\"valueRequired\":true,\"valueName\":\"search_term_string\"}}],\"inLanguage\":\"az\"},{\"@type\":\"Organization\",\"@id\":\"https:\\\/\\\/www.meydan.tv\\\/az\\\/#organization\",\"name\":\"Meydan TV\",\"url\":\"https:\\\/\\\/www.meydan.tv\\\/az\\\/\",\"logo\":{\"@type\":\"ImageObject\",\"inLanguage\":\"az\",\"@id\":\"https:\\\/\\\/www.meydan.tv\\\/az\\\/#\\\/schema\\\/logo\\\/image\\\/\",\"url\":\"https:\\\/\\\/www.meydan.tv\\\/wp-content\\\/uploads\\\/2021\\\/07\\\/meydan-logo.svg\",\"contentUrl\":\"https:\\\/\\\/www.meydan.tv\\\/wp-content\\\/uploads\\\/2021\\\/07\\\/meydan-logo.svg\",\"width\":195,\"height\":46,\"caption\":\"Meydan TV\"},\"image\":{\"@id\":\"https:\\\/\\\/www.meydan.tv\\\/az\\\/#\\\/schema\\\/logo\\\/image\\\/\"}},{\"@type\":\"Person\",\"@id\":\"https:\\\/\\\/www.meydan.tv\\\/az\\\/#\\\/schema\\\/person\\\/10d11eccf6da3662cf5fdab9806ea91a\",\"name\":\"user-manager\"}]}<\/script>\n<!-- \/ Yoast SEO plugin. -->","yoast_head_json":{"title":"R\u0259hman B\u0259d\u0259lovun m\u0259nas\u0131 - MEYDAN.TV","robots":{"index":"index","follow":"follow","max-snippet":"max-snippet:-1","max-image-preview":"max-image-preview:large","max-video-preview":"max-video-preview:-1"},"canonical":"https:\/\/www.meydan.tv\/az\/article\/rehman-bedelovun-menasi\/","og_locale":"az_AZ","og_type":"article","og_title":"R\u0259hman B\u0259d\u0259lovun m\u0259nas\u0131 - MEYDAN.TV","og_description":"Sizi Kamal Abdullan\u0131n PR menecerin\u0259 \u00e7evir\u0259n q\u00fcvv\u0259...","og_url":"https:\/\/www.meydan.tv\/az\/article\/rehman-bedelovun-menasi\/","og_site_name":"MEYDAN.TV","article_published_time":"2015-06-01T17:25:32+00:00","og_image":[{"width":500,"height":500,"url":"https:\/\/www.meydan.tv\/wp-content\/uploads\/9427.jpg","type":"image\/jpeg"}],"author":"user-manager","twitter_card":"summary_large_image","schema":{"@context":"https:\/\/schema.org","@graph":[{"@type":"Article","@id":"https:\/\/www.meydan.tv\/az\/article\/rehman-bedelovun-menasi\/#article","isPartOf":{"@id":"https:\/\/www.meydan.tv\/az\/article\/rehman-bedelovun-menasi\/"},"author":{"name":"user-manager","@id":"https:\/\/www.meydan.tv\/az\/#\/schema\/person\/10d11eccf6da3662cf5fdab9806ea91a"},"headline":"R\u0259hman B\u0259d\u0259lovun m\u0259nas\u0131","datePublished":"2015-06-01T17:25:32+00:00","mainEntityOfPage":{"@id":"https:\/\/www.meydan.tv\/az\/article\/rehman-bedelovun-menasi\/"},"wordCount":1600,"publisher":{"@id":"https:\/\/www.meydan.tv\/az\/#organization"},"image":{"@id":"https:\/\/www.meydan.tv\/az\/article\/rehman-bedelovun-menasi\/#primaryimage"},"thumbnailUrl":"https:\/\/www.meydan.tv\/wp-content\/uploads\/9427.jpg","articleSection":["M\u0259nim Fikrimc\u0259"],"inLanguage":"az"},{"@type":"WebPage","@id":"https:\/\/www.meydan.tv\/az\/article\/rehman-bedelovun-menasi\/","url":"https:\/\/www.meydan.tv\/az\/article\/rehman-bedelovun-menasi\/","name":"R\u0259hman B\u0259d\u0259lovun m\u0259nas\u0131 - MEYDAN.TV","isPartOf":{"@id":"https:\/\/www.meydan.tv\/az\/#website"},"primaryImageOfPage":{"@id":"https:\/\/www.meydan.tv\/az\/article\/rehman-bedelovun-menasi\/#primaryimage"},"image":{"@id":"https:\/\/www.meydan.tv\/az\/article\/rehman-bedelovun-menasi\/#primaryimage"},"thumbnailUrl":"https:\/\/www.meydan.tv\/wp-content\/uploads\/9427.jpg","datePublished":"2015-06-01T17:25:32+00:00","breadcrumb":{"@id":"https:\/\/www.meydan.tv\/az\/article\/rehman-bedelovun-menasi\/#breadcrumb"},"inLanguage":"az","potentialAction":[{"@type":"ReadAction","target":["https:\/\/www.meydan.tv\/az\/article\/rehman-bedelovun-menasi\/"]}]},{"@type":"ImageObject","inLanguage":"az","@id":"https:\/\/www.meydan.tv\/az\/article\/rehman-bedelovun-menasi\/#primaryimage","url":"https:\/\/www.meydan.tv\/wp-content\/uploads\/9427.jpg","contentUrl":"https:\/\/www.meydan.tv\/wp-content\/uploads\/9427.jpg","width":500,"height":500,"caption":"Source:"},{"@type":"BreadcrumbList","@id":"https:\/\/www.meydan.tv\/az\/article\/rehman-bedelovun-menasi\/#breadcrumb","itemListElement":[{"@type":"ListItem","position":1,"name":"Ana s\u0259hif\u0259","item":"https:\/\/www.meydan.tv\/az\/"},{"@type":"ListItem","position":2,"name":"M\u0259nim Fikrimc\u0259","item":"https:\/\/www.meydan.tv\/az\/section\/menim-fikrimce\/"},{"@type":"ListItem","position":3,"name":"R\u0259hman B\u0259d\u0259lovun m\u0259nas\u0131"}]},{"@type":"WebSite","@id":"https:\/\/www.meydan.tv\/az\/#website","url":"https:\/\/www.meydan.tv\/az\/","name":"MEYDAN.TV","description":"Meydan TV Az\u0259rbaycan\u0131n media m\u0259kan\u0131ndak\u0131 alternativ s\u0259sidir","publisher":{"@id":"https:\/\/www.meydan.tv\/az\/#organization"},"potentialAction":[{"@type":"SearchAction","target":{"@type":"EntryPoint","urlTemplate":"https:\/\/www.meydan.tv\/az\/?s={search_term_string}"},"query-input":{"@type":"PropertyValueSpecification","valueRequired":true,"valueName":"search_term_string"}}],"inLanguage":"az"},{"@type":"Organization","@id":"https:\/\/www.meydan.tv\/az\/#organization","name":"Meydan TV","url":"https:\/\/www.meydan.tv\/az\/","logo":{"@type":"ImageObject","inLanguage":"az","@id":"https:\/\/www.meydan.tv\/az\/#\/schema\/logo\/image\/","url":"https:\/\/www.meydan.tv\/wp-content\/uploads\/2021\/07\/meydan-logo.svg","contentUrl":"https:\/\/www.meydan.tv\/wp-content\/uploads\/2021\/07\/meydan-logo.svg","width":195,"height":46,"caption":"Meydan TV"},"image":{"@id":"https:\/\/www.meydan.tv\/az\/#\/schema\/logo\/image\/"}},{"@type":"Person","@id":"https:\/\/www.meydan.tv\/az\/#\/schema\/person\/10d11eccf6da3662cf5fdab9806ea91a","name":"user-manager"}]}},"_links":{"self":[{"href":"https:\/\/www.meydan.tv\/az\/wp-json\/wp\/v2\/posts\/168160","targetHints":{"allow":["GET"]}}],"collection":[{"href":"https:\/\/www.meydan.tv\/az\/wp-json\/wp\/v2\/posts"}],"about":[{"href":"https:\/\/www.meydan.tv\/az\/wp-json\/wp\/v2\/types\/post"}],"author":[{"embeddable":true,"href":"https:\/\/www.meydan.tv\/az\/wp-json\/wp\/v2\/users\/11"}],"replies":[{"embeddable":true,"href":"https:\/\/www.meydan.tv\/az\/wp-json\/wp\/v2\/comments?post=168160"}],"version-history":[{"count":0,"href":"https:\/\/www.meydan.tv\/az\/wp-json\/wp\/v2\/posts\/168160\/revisions"}],"wp:featuredmedia":[{"embeddable":true,"href":"https:\/\/www.meydan.tv\/az\/wp-json\/wp\/v2\/media\/25710"}],"wp:attachment":[{"href":"https:\/\/www.meydan.tv\/az\/wp-json\/wp\/v2\/media?parent=168160"}],"wp:term":[{"taxonomy":"category","embeddable":true,"href":"https:\/\/www.meydan.tv\/az\/wp-json\/wp\/v2\/categories?post=168160"},{"taxonomy":"post_tag","embeddable":true,"href":"https:\/\/www.meydan.tv\/az\/wp-json\/wp\/v2\/tags?post=168160"}],"curies":[{"name":"wp","href":"https:\/\/api.w.org\/{rel}","templated":true}]}}