{"id":168153,"date":"2015-05-31T22:49:25","date_gmt":"2015-05-31T22:49:25","guid":{"rendered":"https:\/\/www.meydan.tv\/article\/milli-meclisin-sedr-muavini-dedi-get-doy-pulunu-al-video\/"},"modified":"2015-05-31T22:49:25","modified_gmt":"2015-05-31T22:49:25","slug":"milli-meclisin-sedr-muavini-dedi-get-doy-pulunu-al-video","status":"publish","type":"post","link":"https:\/\/www.meydan.tv\/az\/article\/milli-meclisin-sedr-muavini-dedi-get-doy-pulunu-al-video\/","title":{"rendered":"Milli M\u0259clisin s\u0259dr m\u00fcavini dedi: &#8220;Get d\u00f6y, pulunu al&#8221; (V\u0130DEO)"},"content":{"rendered":"<figure class=\"wp-block-embed is-type-video is-provider-youtube wp-block-embed-youtube wp-embed-aspect-16-9 wp-has-aspect-ratio\">\n<div class=\"wp-block-embed__wrapper\">\n    <iframe loading=\"lazy\"\ttitle=\"\" width=\"1200\" height=\"675\" src=\"https:\/\/www.youtube.com\/embed\/omj3wcwwlXQ\"\tframeborder=\"0\"\tallow=\"accelerometer; autoplay; clipboard-write; encrypted-media; gyroscope; picture-in-picture\" allowfullscreen><\/iframe>\n  <\/div><figcaption><\/figcaption><\/figure>\n<p>\n  <i><br \/>\n    <b><br \/>\n      \u00a0Sakinl\u0259r n\u0259\u011fd \u00f6d\u0259ni\u015f etm\u0259kl\u0259 ald\u0131qlar\u0131 evl\u0259r\u0259 9 ildir k\u00f6\u00e7\u0259 bilmirl\u0259r<br \/>\n    <\/b><br \/>\n  <\/i>\n<\/p>\n<p>\n  2006-ci ild\u0259n \u201cYeni Yasamal\u201d MTK t\u0259r\u0259find\u0259n tikil\u0259n bina indiy\u0259 kimi sakinl\u0259r\u0259 t\u0259hvil verilm\u0259yib. Sakinl\u0259r deyir ki, evl\u0259ri m\u00fcqavil\u0259 il\u0259 n\u0259\u011fd \u00f6d\u0259ni\u015f etm\u0259kl\u0259 al\u0131blar. Binan\u0131n s\u0259dri Cahangir Al\u0131\u015fov d\u0259f\u0259l\u0259rl\u0259\u00a0 v\u0259d vers\u0259 d\u0259, sakinl\u0259r 9 ildir evl\u0259rin\u0259 k\u00f6\u00e7\u0259 bilm\u0259yibl\u0259r\n<\/p>\n<p>\n  \u201cN\u0259 vaxta kimi camaat evsiz qala bil\u0259r?\u00a0 Bura n\u0259\u011fd pul vermi\u015fik. Cahangir Al\u0131\u015fov deyir ki, kim\u0259 ist\u0259y\u0259r\u0259m ona da sataram. Sats\u0131n g\u00f6r\u00fcm nec\u0259 sat\u0131r\u201d.-dey\u0259 bina sakini dan\u0131\u015f\u0131r.\n<\/p>\n<p>\n  Bina sakini &#8211;\u00a0 \u201c\u0130ki ev sat\u0131b buran\u0131 alm\u0131\u015fam.5 ildir ki, kiray\u0259d\u0259 ya\u015fay\u0131ram. M\u0259nd\u0259n d\u0259 bet\u0259r v\u0259ziyy\u0259td\u0259 250 ail\u0259 var\u201d.\n<\/p>\n<p>\n  Cahangir Al\u0131\u015fovun v\u0259kili binan\u0131n q\u0131sa zamanda t\u0259hvil veril\u0259c\u0259yini bildirir.\n<\/p>\n<p>\n  Sakinl\u0259r\u00a0 bildirir ki, evl\u0259rin\u0259 z\u0259ng ed\u0259r\u0259k, 31 may toplant\u0131lar\u0131 il\u0259 ba\u011fl\u0131 x\u0259b\u0259rdarl\u0131q da edibl\u0259r. 9 ildir kiray\u0259l\u0259rd\u0259 qalan sakinl\u0259r evl\u0259ri t\u0259hvil veril\u0259n\u0259 q\u0259d\u0259r burada topla\u015facaqlar\u0131n\u0131 bildirirl\u0259r.\n<\/p><\/p>\n","protected":false},"excerpt":{"rendered":"<p>Sakinl\u0259r n\u0259\u011fd \u00f6d\u0259ni\u015f etm\u0259kl\u0259 ald\u0131qlar\u0131 evl\u0259r\u0259 9 ildir k\u00f6\u00e7\u0259 bilmirl\u0259r<\/p>\n","protected":false},"author":11,"featured_media":25638,"comment_status":"closed","ping_status":"open","sticky":false,"template":"","format":"standard","meta":{"_acf_changed":false,"_sitemap_exclude":false,"_sitemap_priority":"","_sitemap_frequency":"","footnotes":""},"categories":[63],"tags":[],"class_list":["post-168153","post","type-post","status-publish","format-standard","has-post-thumbnail","hentry","category-video-2","infinite-scroll-item","generate-columns","tablet-grid-50","mobile-grid-100","grid-parent","grid-33","no-featured-image-padding"],"acf":[],"yoast_head":"<!-- This site is optimized with the Yoast SEO plugin v28.3 - https:\/\/yoast.com\/product\/yoast-seo-wordpress\/ -->\n<title>Milli M\u0259clisin s\u0259dr m\u00fcavini dedi: &quot;Get d\u00f6y, pulunu al&quot; (V\u0130DEO) - MEYDAN.TV<\/title>\n<meta name=\"robots\" content=\"index, follow, max-snippet:-1, max-image-preview:large, max-video-preview:-1\" \/>\n<link rel=\"canonical\" href=\"https:\/\/www.meydan.tv\/az\/article\/milli-meclisin-sedr-muavini-dedi-get-doy-pulunu-al-video\/\" \/>\n<meta property=\"og:locale\" content=\"az_AZ\" \/>\n<meta property=\"og:type\" content=\"article\" \/>\n<meta property=\"og:title\" content=\"Milli M\u0259clisin s\u0259dr m\u00fcavini dedi: &quot;Get d\u00f6y, pulunu al&quot; (V\u0130DEO) - MEYDAN.TV\" \/>\n<meta property=\"og:description\" content=\"Sakinl\u0259r n\u0259\u011fd \u00f6d\u0259ni\u015f etm\u0259kl\u0259 ald\u0131qlar\u0131 evl\u0259r\u0259 9 ildir k\u00f6\u00e7\u0259 bilmirl\u0259r\" \/>\n<meta property=\"og:url\" content=\"https:\/\/www.meydan.tv\/az\/article\/milli-meclisin-sedr-muavini-dedi-get-doy-pulunu-al-video\/\" \/>\n<meta property=\"og:site_name\" content=\"MEYDAN.TV\" \/>\n<meta property=\"article:published_time\" content=\"2015-05-31T22:49:25+00:00\" \/>\n<meta property=\"og:image\" content=\"https:\/\/www.meydan.tv\/wp-content\/uploads\/9387.jpg\" \/>\n\t<meta property=\"og:image:width\" content=\"1266\" \/>\n\t<meta property=\"og:image:height\" content=\"700\" \/>\n\t<meta property=\"og:image:type\" content=\"image\/jpeg\" \/>\n<meta name=\"twitter:card\" content=\"summary_large_image\" \/>\n<!-- \/ Yoast SEO plugin. -->","yoast_head_json":{"title":"Milli M\u0259clisin s\u0259dr m\u00fcavini dedi: \"Get d\u00f6y, pulunu al\" (V\u0130DEO) - MEYDAN.TV","robots":{"index":"index","follow":"follow","max-snippet":"max-snippet:-1","max-image-preview":"max-image-preview:large","max-video-preview":"max-video-preview:-1"},"canonical":"https:\/\/www.meydan.tv\/az\/article\/milli-meclisin-sedr-muavini-dedi-get-doy-pulunu-al-video\/","og_locale":"az_AZ","og_type":"article","og_title":"Milli M\u0259clisin s\u0259dr m\u00fcavini dedi: \"Get d\u00f6y, pulunu al\" (V\u0130DEO) - MEYDAN.TV","og_description":"Sakinl\u0259r n\u0259\u011fd \u00f6d\u0259ni\u015f etm\u0259kl\u0259 ald\u0131qlar\u0131 evl\u0259r\u0259 9 ildir k\u00f6\u00e7\u0259 bilmirl\u0259r","og_url":"https:\/\/www.meydan.tv\/az\/article\/milli-meclisin-sedr-muavini-dedi-get-doy-pulunu-al-video\/","og_site_name":"MEYDAN.TV","article_published_time":"2015-05-31T22:49:25+00:00","og_image":[{"width":1266,"height":700,"url":"https:\/\/www.meydan.tv\/wp-content\/uploads\/9387.jpg","type":"image\/jpeg"}],"twitter_card":"summary_large_image","schema":{"@context":"https:\/\/schema.org","@graph":[{"@type":"Article","@id":"https:\/\/www.meydan.tv\/az\/article\/milli-meclisin-sedr-muavini-dedi-get-doy-pulunu-al-video\/#article","isPartOf":{"@id":"https:\/\/www.meydan.tv\/az\/article\/milli-meclisin-sedr-muavini-dedi-get-doy-pulunu-al-video\/"},"author":{"name":"user-manager","@id":"https:\/\/www.meydan.tv\/az\/#\/schema\/person\/10d11eccf6da3662cf5fdab9806ea91a"},"headline":"Milli M\u0259clisin s\u0259dr m\u00fcavini dedi: &#8220;Get d\u00f6y, pulunu al&#8221; (V\u0130DEO)","datePublished":"2015-05-31T22:49:25+00:00","mainEntityOfPage":{"@id":"https:\/\/www.meydan.tv\/az\/article\/milli-meclisin-sedr-muavini-dedi-get-doy-pulunu-al-video\/"},"wordCount":223,"publisher":{"@id":"https:\/\/www.meydan.tv\/az\/#organization"},"image":{"@id":"https:\/\/www.meydan.tv\/az\/article\/milli-meclisin-sedr-muavini-dedi-get-doy-pulunu-al-video\/#primaryimage"},"thumbnailUrl":"https:\/\/www.meydan.tv\/wp-content\/uploads\/9387.jpg","articleSection":["Video"],"inLanguage":"az"},{"@type":"WebPage","@id":"https:\/\/www.meydan.tv\/az\/article\/milli-meclisin-sedr-muavini-dedi-get-doy-pulunu-al-video\/","url":"https:\/\/www.meydan.tv\/az\/article\/milli-meclisin-sedr-muavini-dedi-get-doy-pulunu-al-video\/","name":"Milli M\u0259clisin s\u0259dr m\u00fcavini dedi: \"Get d\u00f6y, pulunu al\" (V\u0130DEO) - MEYDAN.TV","isPartOf":{"@id":"https:\/\/www.meydan.tv\/az\/#website"},"primaryImageOfPage":{"@id":"https:\/\/www.meydan.tv\/az\/article\/milli-meclisin-sedr-muavini-dedi-get-doy-pulunu-al-video\/#primaryimage"},"image":{"@id":"https:\/\/www.meydan.tv\/az\/article\/milli-meclisin-sedr-muavini-dedi-get-doy-pulunu-al-video\/#primaryimage"},"thumbnailUrl":"https:\/\/www.meydan.tv\/wp-content\/uploads\/9387.jpg","datePublished":"2015-05-31T22:49:25+00:00","breadcrumb":{"@id":"https:\/\/www.meydan.tv\/az\/article\/milli-meclisin-sedr-muavini-dedi-get-doy-pulunu-al-video\/#breadcrumb"},"inLanguage":"az","potentialAction":[{"@type":"ReadAction","target":["https:\/\/www.meydan.tv\/az\/article\/milli-meclisin-sedr-muavini-dedi-get-doy-pulunu-al-video\/"]}]},{"@type":"ImageObject","inLanguage":"az","@id":"https:\/\/www.meydan.tv\/az\/article\/milli-meclisin-sedr-muavini-dedi-get-doy-pulunu-al-video\/#primaryimage","url":"https:\/\/www.meydan.tv\/wp-content\/uploads\/9387.jpg","contentUrl":"https:\/\/www.meydan.tv\/wp-content\/uploads\/9387.jpg","width":1266,"height":700,"caption":"Source:"},{"@type":"BreadcrumbList","@id":"https:\/\/www.meydan.tv\/az\/article\/milli-meclisin-sedr-muavini-dedi-get-doy-pulunu-al-video\/#breadcrumb","itemListElement":[{"@type":"ListItem","position":1,"name":"Ana s\u0259hif\u0259","item":"https:\/\/www.meydan.tv\/az\/"},{"@type":"ListItem","position":2,"name":"Video","item":"https:\/\/www.meydan.tv\/az\/section\/video-2\/"},{"@type":"ListItem","position":3,"name":"Milli M\u0259clisin s\u0259dr m\u00fcavini dedi: &#8220;Get d\u00f6y, pulunu al&#8221; (V\u0130DEO)"}]},{"@type":"WebSite","@id":"https:\/\/www.meydan.tv\/az\/#website","url":"https:\/\/www.meydan.tv\/az\/","name":"MEYDAN.TV","description":"Meydan TV Az\u0259rbaycan\u0131n media m\u0259kan\u0131ndak\u0131 alternativ s\u0259sidir","publisher":{"@id":"https:\/\/www.meydan.tv\/az\/#organization"},"potentialAction":[{"@type":"SearchAction","target":{"@type":"EntryPoint","urlTemplate":"https:\/\/www.meydan.tv\/az\/?s={search_term_string}"},"query-input":{"@type":"PropertyValueSpecification","valueRequired":true,"valueName":"search_term_string"}}],"inLanguage":"az"},{"@type":"Organization","@id":"https:\/\/www.meydan.tv\/az\/#organization","name":"Meydan TV","url":"https:\/\/www.meydan.tv\/az\/","logo":{"@type":"ImageObject","inLanguage":"az","@id":"https:\/\/www.meydan.tv\/az\/#\/schema\/logo\/image\/","url":"https:\/\/www.meydan.tv\/wp-content\/uploads\/2021\/07\/meydan-logo.svg","contentUrl":"https:\/\/www.meydan.tv\/wp-content\/uploads\/2021\/07\/meydan-logo.svg","width":195,"height":46,"caption":"Meydan TV"},"image":{"@id":"https:\/\/www.meydan.tv\/az\/#\/schema\/logo\/image\/"}},{"@type":"Person","@id":"https:\/\/www.meydan.tv\/az\/#\/schema\/person\/10d11eccf6da3662cf5fdab9806ea91a","name":"user-manager"}]}},"_links":{"self":[{"href":"https:\/\/www.meydan.tv\/az\/wp-json\/wp\/v2\/posts\/168153","targetHints":{"allow":["GET"]}}],"collection":[{"href":"https:\/\/www.meydan.tv\/az\/wp-json\/wp\/v2\/posts"}],"about":[{"href":"https:\/\/www.meydan.tv\/az\/wp-json\/wp\/v2\/types\/post"}],"author":[{"embeddable":true,"href":"https:\/\/www.meydan.tv\/az\/wp-json\/wp\/v2\/users\/11"}],"replies":[{"embeddable":true,"href":"https:\/\/www.meydan.tv\/az\/wp-json\/wp\/v2\/comments?post=168153"}],"version-history":[{"count":0,"href":"https:\/\/www.meydan.tv\/az\/wp-json\/wp\/v2\/posts\/168153\/revisions"}],"wp:featuredmedia":[{"embeddable":true,"href":"https:\/\/www.meydan.tv\/az\/wp-json\/wp\/v2\/media\/25638"}],"wp:attachment":[{"href":"https:\/\/www.meydan.tv\/az\/wp-json\/wp\/v2\/media?parent=168153"}],"wp:term":[{"taxonomy":"category","embeddable":true,"href":"https:\/\/www.meydan.tv\/az\/wp-json\/wp\/v2\/categories?post=168153"},{"taxonomy":"post_tag","embeddable":true,"href":"https:\/\/www.meydan.tv\/az\/wp-json\/wp\/v2\/tags?post=168153"}],"curies":[{"name":"wp","href":"https:\/\/api.w.org\/{rel}","templated":true}]}}