{"id":168148,"date":"2015-05-31T00:32:26","date_gmt":"2015-05-31T00:32:26","guid":{"rendered":"https:\/\/www.meydan.tv\/article\/seymur-baycan-ve-gunel-movludun-cinovnik-davasi\/"},"modified":"2015-05-31T00:32:26","modified_gmt":"2015-05-31T00:32:26","slug":"seymur-baycan-ve-gunel-movludun-cinovnik-davasi","status":"publish","type":"post","link":"https:\/\/www.meydan.tv\/az\/article\/seymur-baycan-ve-gunel-movludun-cinovnik-davasi\/","title":{"rendered":"Seymur Baycan v\u0259 G\u00fcnel M\u00f6vludun &#8221;\u00e7inovnik davas\u0131&#8221;"},"content":{"rendered":"<figure class=\"wp-block-image size-large\">\n  <img decoding=\"async\" src=\"https:\/\/www.meydan.tv\/az\/25605\/\" alt=\"\" class=\"wp-image-25605\"\/><figcaption><\/figcaption><\/figure>\n<figure class=\"wp-block-image size-large\">\n  <img decoding=\"async\" src=\"https:\/\/www.meydan.tv\/az\/25611\/\" alt=\"\" class=\"wp-image-25611\"\/><figcaption><\/figcaption><\/figure>\n<p>\n  Soru\u015facaqs\u0131n\u0131z ki, 4 ay, 5 ay kecib, niy\u0259 bu m\u0259s\u0259l\u0259y\u0259 yenid\u0259n qay\u0131d\u0131ram?<\/p>\n<p>  Haql\u0131s\u0131n\u0131z, amma bir q\u0259d\u0259r d\u00fc\u015f\u00fcns\u0259niz, bu l\u0259ngim\u0259d\u0259 cavab tapars\u0131n\u0131z. H\u0259m ya\u015f, ist\u0259s\u0259n d\u0259, ist\u0259m\u0259s\u0259n d\u0259, l\u0259ngiyirs\u0259n. H\u0259m bu il, ke\u00e7\u0259n maydan bu t\u0259r\u0259f\u0259, h\u0259yat\u0131m\u0131n \u0259n a\u011f\u0131r ili&#8230;<\/p>\n<p>  Art\u0131q informasiya ax\u0131n\u0131nda ya\u015fam\u0131ram. M\u0259n\u0259 aid yaz\u0131lar bel\u0259, m\u0259ni gec tap\u0131r. \u018fks\u0259r hallarda fikir vermir\u0259m. M\u00fcbahis\u0259l\u0259rd\u0259n qa\u00e7\u0131ram. Yeni t\u0259kan m\u00f6vzuya qaytarmasa.<\/p>\n<p>  Bu d\u0259f\u0259 bel\u0259 oldu.<\/p>\n<p>  <b><br \/>\n    Niy\u0259 Seymur Baycana \u201cv\u0259zif\u0259\u201d verm\u0259k olmaz.<br \/>\n  <\/b>\n<\/p>\n<p>\n  M\u0259n \u201ckultura.az\u201d portal\u0131n\u0131n t\u0259sis\u00e7il\u0259rd\u0259n biri idim. Portalda bir kitabl\u0131q yaz\u0131lar \u00e7ap etmi\u015f\u0259m. \u018fsas meyar\u0131m, b\u0259sitlikd\u0259n qa\u00e7maqd\u0131r. D\u00fcz oldu, \u0259yri oldu, m\u0259nlik deyil. Zaman\u0131n i\u015fidir. \u00dczd\u0259 olan fikir olmas\u0131n.<\/p>\n<p>  Toplanm\u0131\u015f yaz\u0131lar\u0131m\u0131 kitab \u015f\u0259klind\u0259 \u00e7ap etm\u0259k olard\u0131. N\u0259 vaxt\u0131m var, n\u0259 h\u0259v\u0259sim.<\/p>\n<p>  Son yaz\u0131m\u0131 (To\u011frul Cuvarl\u0131 il\u0259 birlikd\u0259) \u201ckultura.az\u201da t\u0259qdim el\u0259y\u0259nd\u0259 m\u0259lum oldu ki, portal\u0131n senzoru var. Sahibi d\u0259 dem\u0259k olar. B\u00fct\u00fcn m\u0259s\u0259l\u0259l\u0259r\u0259 t\u0259k o bax\u0131r, \u201ch\u0259\u201d d\u0259 o deyir, \u201cyox\u201d da. B\u0259zil\u0259ri haqq\u0131nda m\u00fcsb\u0259t s\u00f6z dem\u0259k qada\u011fand\u0131r, \u201colmaz\u201d v\u0259ssalam, m\u00fctl\u0259q if\u015fa el\u0259m\u0259lis\u0259n, senzorun \u00fcr\u0259yind\u0259n olmal\u0131d\u0131r.<\/p>\n<p>  Do\u011frusu, \u0259s\u0259bil\u0259\u015fdim. Volterin m\u0259\u015fhur s\u00f6zl\u0259ri yad\u0131ma d\u00fc\u015fd\u00fc: \u201cm\u0259n sizin fikrinizl\u0259 raz\u0131 deyil\u0259m, amma \u00f6mr\u00fcm\u00fc ver\u0259r\u0259m ki, fikrinizi dey\u0259 bil\u0259siniz\u201d.<\/p>\n<p>  Volterin s\u00f6zl\u0259rin\u0259 d\u0259 ehtiyac yoxdur. S\u00f6z deyilm\u0259lidir, fikr\u0259 qada\u011fa olmaz, h\u0259r bir senzura formas\u0131 da\u011f\u0131d\u0131c\u0131 oldu\u011funa g\u00f6r\u0259 cinay\u0259tdir. Bu ayd\u0131n s\u00f6zl\u0259ri t\u0259krar dem\u0259y\u0259 ehtiyac da yoxdur.<\/p>\n<p>  D\u00fc\u015f\u00fcnd\u00fcm ki, ham\u0131 bu sad\u0259 h\u0259qiq\u0259ti ba\u015fa d\u00fc\u015f\u00fcr, d\u00fc\u015f\u00fcnd\u00fcm ki, ba\u015fqa t\u0259sis\u00e7il\u0259r d\u0259 m\u0259niml\u0259 h\u0259mr\u0259y olacaq, etirazlar\u0131n\u0131 bildir\u0259c\u0259k.<\/p>\n<p>  Yan\u0131ld\u0131m. N\u0259 etiraz oldu, n\u0259 qiyam. M\u0259nim ad\u0131m silindi, ba\u015fqalar\u0131 qald\u0131.<\/p>\n<p>  Ba\u015fa d\u00fc\u015fd\u00fcm ki \u201ckultura.az\u201d portal\u0131 ya bir n\u0259f\u0259rindir, ya da art\u0131q d\u0259rn\u0259kdir, d\u0259st\u0259dir, ruslar demi\u015fk\u0259n \u201ctusovkad\u0131r\u201d. Ba\u015fqalar\u0131na giri\u015f qada\u011fand\u0131r.<\/p>\n<p>  H\u0259qiq\u0259t namin\u0259 dem\u0259liy\u0259m ki, b\u00fct\u00fcn t\u0259sis\u00e7il\u0259r\u0259 m\u00fcraci\u0259t etm\u0259mi\u015fdim. R\u0259yl\u0259rini bilmir\u0259m.<\/p>\n<p>  <b><br \/>\n    \u0130sa H\u00fcseynov v\u0259 Heyd\u0259r \u018fliyev.<br \/>\n  <\/b>\n<\/p>\n<p>\n  Ne\u00e7\u0259 ildir kitab yaz\u0131ram. Siyas\u0259td\u0259n uzaqd\u0131r, birba\u015fa siyas\u0259t yoxdur. M\u0259d\u0259niyy\u0259t var, s\u0259n\u0259t var, yaz\u0131, film, tama\u015fa, v\u0259 s.<\/p>\n<p>  El\u0259 oldu ki, kitabla ba\u011fl\u0131 \u0130sa H\u00fcseynovun \u201cT\u00fct\u0259k s\u0259si\u201d \u0259s\u0259rini yenid\u0259n oxudum. Yen\u0259 o fikr\u0259 g\u0259ldim ki, \u0259d\u0259biyyat\u0131m\u0131z\u0131n, n\u0259srimizin, \u0259n parlaq \u0259s\u0259rl\u0259rind\u0259n biridir.<\/p>\n<p>  B\u0259zi ba\u015fqa \u0259s\u0259rl\u0259rini, intervyular\u0131n\u0131 oxudum. Onun \u0130sa Mu\u011fannaya \u00e7evrilm\u0259si haqq\u0131nda d\u00fc\u015f\u00fcnd\u00fcm.<\/p>\n<p>  \u0130sa Huseynovun Heyd\u0259r \u018fliyev haqq\u0131nda dedikl\u0259ri diqq\u0259timi \u00e7\u0259kdi. Yaz\u0131\u00e7\u0131n\u0131n dediyin\u0259 g\u00f6r\u0259, onu antisovetlikd\u0259 ittiham el\u0259yirdil\u0259r, Heyd\u0259r \u018fliyev onu q\u0259bul etdi, m\u00fcdafi\u0259 etdi, m\u0259sl\u0259h\u0259tl\u0259r verdi.<\/p>\n<p>  \u0130ttiham etm\u0259kd\u0259n, son verm\u0259kd\u0259n qa\u00e7aq. T\u0259l\u0259sm\u0259y\u0259k.<\/p>\n<p>  \u018fn az\u0131 iki b\u0259sitlikd\u0259n qa\u00e7ma\u011fa \u00e7al\u0131\u015faq.<\/p>\n<p>  \u201cHakim\u2013s\u0259n\u0259tkar\u201d m\u00fcnasib\u0259tl\u0259ri m\u00fcr\u0259kk\u0259b v\u0259 ziddiyy\u0259tli m\u00f6vzudur. T\u0259\u0259ss\u00fcf ki, (m\u0259nim \u00fc\u00e7\u00fcn bu t\u0259\u0259ss\u00fcfd\u00fcr, amma ba\u015fa d\u00fc\u015f\u00fcr\u0259m ki, \u201ct\u0259\u0259ss\u00fcfl\u00fcy\u00fcm\u201d \u00f6z\u00fc b\u0259sitdir) b\u00f6y\u00fck s\u0259n\u0259tkarlar da, b\u00f6y\u00fck aliml\u0259r d\u0259, bir \u00e7ox hallarda, \u201cideal\u201d olmur. Bununla bel\u0259, m\u00f6vzu olduqca vacibdir. \u0130st\u0259y\u0259rdim ki, kims\u0259 \u201cPasternak-Stalin\u201d, \u201cSoljenits\u0131n-Putin\u201d kontekstind\u0259 (ba\u015fqa adlar da \u00e7\u0259km\u0259k olar) \u201c\u0130sa H\u00fcseynov \u2013 Heyd\u0259r \u018fliyev \u201c m\u00fcnasib\u0259tl\u0259rini ara\u015fd\u0131rs\u0131n. Bir \u00e7ox qatlar\u0131 \u00fcz\u0259 \u00e7\u0131xarts\u0131n. T\u0259bii, ara\u015fd\u0131rma b\u0259sit olmas\u0131n.<\/p>\n<p>  Ba\u015fqa b\u0259sitlik. Ke\u00e7ir\u0259m m\u00fclahiz\u0259m\u0259, f\u0259rziy\u0259m\u0259. D\u00fczl\u00fcy\u00fcn\u0259, \u0259yriliyin\u0259 cavab ver\u0259 bilm\u0259r\u0259m.<\/p>\n<p>  \u00c7ox ehtimal ki r\u0259hb\u0259r \u00f6z al\u0259mind\u0259 yaz\u0131\u00e7\u0131ya \u201cqay\u011f\u0131\u201d g\u00f6st\u0259rdi. \u00d6yr\u0259tdi ki, eyb\u0259c\u0259rlikl\u0259rimizi gizl\u0259t, qeyri-adiliyini d\u00fcz\u0259lt, q\u0259rib\u0259 q\u0131r\u0131\u015flar\u0131n\u0131 hamarla, yaxud ba\u015fqalar\u0131na g\u00f6st\u0259rm\u0259. H\u0259yat\u0131 d\u0259yi\u015fdirm\u0259y\u0259c\u0259ks\u0259n, amma hamar olsan, siyas\u0259t\u00e7i olsan, m\u0259nim s\u00f6z\u00fcm\u00fc e\u015fits\u0259n, u\u011fur qazanarsan, san, ad, pul, ail\u0259 rifah\u0131, normal insan h\u0259yat\u0131. Onda m\u0259n, r\u0259hb\u0259r, s\u0259n\u0259 daimi himay\u0259 ola bil\u0259r\u0259m.<\/p>\n<p>  D\u00fczd\u00fc, \u0259yridi, m\u0259nim ehtimal\u0131md\u0131.<\/p>\n<p>  Birc\u0259 onu dey\u0259 bil\u0259r\u0259m ki, bu \u201cb\u0259sitlik t\u0259klifi\u201d, cazib\u0259li oldu\u011fu q\u0259d\u0259r, t\u0259hl\u00fck\u0259lidir.<\/p>\n<p>  Tilsimind\u0259n indi d\u0259 \u00e7\u0131xa bilmirik.<\/p>\n<p>  U\u011fur namin\u0259 \u00f6z\u00fcm\u00fcz \u00f6z\u00fcm\u00fczd\u0259n imtina etm\u0259y\u0259 haz\u0131r\u0131q.<\/p>\n<p>  <b><br \/>\n    Professor \u201c\u00e7inovnikd\u0259n\u201d t\u0259rif yaza bil\u0259rmi?<br \/>\n  <\/b>\n<\/p>\n<p>\n  \u018fvv\u0259la onu deyim ki \u201c\u0130sa H\u00fcseynov \u2013 Heyd\u0259r \u018fliyev \u201c m\u00fcnasib\u0259tl\u0259rinin m\u0259n\u0259 he\u00e7 bir aidiyy\u0259t\u0131 yoxdur. N\u0259 s\u0259n\u0259tkaram, n\u0259 hakimiyy\u0259tl\u0259 m\u00fcnasib\u0259tl\u0259rim olub, n\u0259 he\u00e7 vaxt hakimiyy\u0259td\u0259n \u015firnikl\u0259ndir\u0259n t\u0259klif almam\u0131\u015fam. T\u0259cridd\u0259 ya\u015fama\u011f\u0131 \u00fcst\u00fcn tutmu\u015fam, b\u0259xtim g\u0259tirib, qad\u0131n\u0131m m\u0259nd\u0259n ba\u015fqala\u015fmaq, ictimai nem\u0259tl\u0259rd\u0259n daha \u00e7ox dadmaq s\u00f6hb\u0259ti aparmay\u0131b. Bir s\u00f6zl\u0259, bel\u0259 ya\u015fam\u0131\u015fam, bel\u0259 ya\u015fay\u0131ram, v\u0259 bel\u0259 se\u00e7imimd\u0259 n\u0259 bir f\u0259dakarl\u0131q, n\u0259 d\u0259 bir q\u0259hr\u0259manl\u0131q g\u00f6r\u00fcr\u0259m. B\u0259lk\u0259 \u0259ksin\u0259, b\u0259lk\u0259 bu ki\u015fiy\u0259 yara\u015fmayan, qad\u0131n himay\u0259sind\u0259n art\u0131q utanm\u0131ram&#8230; B\u00fct\u00fcn hallarda, xahi\u015f edir\u0259m, t\u0259l\u0259sik, b\u0259sit q\u0259rar verm\u0259yin&#8230;<\/p>\n<p>  G\u00fcnel M\u00f6vludun yaz\u0131s\u0131n\u0131 bu g\u00fcn oxudum (dediyim kimi, m\u0259nd\u0259 bel\u0259 al\u0131nd\u0131, g\u00fcnah\u0131mdan ke\u00e7in) v\u0259 \u00e7ox t\u0259\u0259ss\u00fcfl\u0259ndim.<\/p>\n<p>  A\u00e7\u0131q deyim, b\u0259sit yaz\u0131d\u0131r.<\/p>\n<p>  H\u0259mi\u015f\u0259 demi\u015f\u0259m. Fikir s\u00f6yl\u0259yirsiniz, \u00e7ox g\u00f6z\u0259l, d\u00fc\u015f\u00fcn\u00fcn ki, bu bir otaqd\u0131r, qap\u0131s\u0131n\u0131 a\u00e7\u0131n, ke\u00e7in ba\u015fqa ota\u011fa. Bacard\u0131qca bir ne\u00e7\u0259 ota\u011f\u0131n qap\u0131s\u0131n\u0131 a\u00e7\u0131n, bacarmad\u0131n\u0131z, he\u00e7 olmasa, qap\u0131n\u0131 a\u00e7\u0131q saxlay\u0131n. Yoxsa qap\u0131lar ba\u011fl\u0131d\u0131rsa, sizin if\u015fa jestiniz, sizin ist\u0259yinizd\u0259n as\u0131l\u0131 olmayaraq, g\u00fcl\u00fcnc al\u0131na bil\u0259r.<\/p>\n<p>  Yaz\u0131dan bir ne\u00e7\u0259 misal g\u0259tirim.<\/p>\n<p>  G\u00fcnel xan\u0131m yaz\u0131r : \u201csayt r\u0259hb\u0259rliyi t\u0259rifnam\u0259, yar\u0131nma, tamada t\u0259rifi tipli yaz\u0131lar\u0131 do\u011fru hesab etm\u0259diyind\u0259n, R\u0259hman m\u00fc\u0259llimin yaz\u0131s\u0131n\u0131 sayta yerl\u0259\u015fdirm\u0259yib\u201d<\/p>\n<p>  &#8230; Bu \u201cr\u0259hb\u0259rlik\u201d kimdir, c\u0259m \u015f\u0259klind\u0259dil\u0259r (\u201cyerl\u0259\u015fdirm\u0259yibl\u0259r\u201d), ham\u0131l\u0131qla q\u0259rar veribl\u0259r? G\u00fcnel xan\u0131m \u00f6z\u00fc dedikl\u0259rin\u0259 inan\u0131r?<\/p>\n<p>  Bir d\u0259 G\u00fcnel xan\u0131m\u0131n fikrinc\u0259 t\u0259sis\u00e7il\u0259r\u0259 \u201cr\u0259hb\u0259r\u201d dem\u0259k olar, yoxsa, yox?<\/p>\n<p>  &#8230; Do\u011frudanm\u0131 G\u00fcnel xan\u0131m \u201ctamada t\u0259rifi tipli\u201d yaz\u0131lar\u0131 ba\u015fqa \u201ctipli\u201d yaz\u0131lardan se\u00e7\u0259 bilmir? Do\u011frudanm\u0131, o yaz\u0131n\u0131 oxuyub (o mifik \u201cr\u0259hb\u0259rl\u0259r\u201d kimi)? Yoxsa, o da sinfi m\u00fcnasib\u0259td\u0259n \u00e7\u0131x\u0131\u015f edir. \u201cOlmaz\u201dla s\u00f6hb\u0259t bitir.<\/p>\n<p>  G\u00fcnel xan\u0131m yaz\u0131r: \u201cg\u0259ncl\u0259rin tribunas\u0131 kimi tan\u0131nan\u201d<\/p>\n<p>  &#8230;Hans\u0131 \u201cg\u0259ncl\u0259rd\u0259n\u201d s\u00f6hb\u0259t gedir? Bu birc\u0259 ya\u015fd\u0131r, yoxsa ba\u015fqa meyar da var?<\/p>\n<p>  T\u0259sis\u00e7il\u0259rin ya\u015f\u0131na g\u0259ldikd\u0259, onlara n\u0259z\u0259r edibmi, yoxsa s\u00f6z namin\u0259 bu \u201cg\u0259ncl\u0259r\u201d yada d\u00fc\u015f\u00fcb?<\/p>\n<p>  G\u00fcnel xan\u0131m yaz\u0131r: \u201cR\u0259hman m\u00fc\u0259llim\u0259 h\u0259r zaman b\u00f6y\u00fck h\u00f6rm\u0259tim olub&#8230; (\u201ctost tipli\u201d davam\u0131n\u0131 ixtisar edir\u0259m)<\/p>\n<p>  &#8230; S\u00f6z\u00fcn\u00fc \u00f6z\u00fcm davam edir\u0259m: \u201camma m\u0259lum olub ki R\u0259hman m\u00fc\u0259llim biz ona c\u0131zd\u0131\u011f\u0131m\u0131z yolla getmir. Biz ona t\u0259\u0259ss\u00fcf\u00fcm\u00fcz\u00fc bildirm\u0259liyik v\u0259 ba\u015fa salmal\u0131y\u0131q ki, a\u011f\u0131llans\u0131n, d\u0259st\u0259miz\u0259 qay\u0131ts\u0131n\u201d. D\u00fczm\u00fc ifad\u0259 el\u0259yir\u0259m, yoxsa art\u0131q \u201ch\u00f6rm\u0259t\u0259\u201d qay\u0131tmaq m\u00fcmk\u00fcn deyil?<\/p>\n<p>  G\u00fcnel xan\u0131m yaz\u0131r: \u201cTutaq ki, lap yazd\u0131qlar\u0131 h\u0259qiq\u0259tdir. Lap el\u0259 h\u0259r \u015fey yazd\u0131\u011f\u0131 kimidir. Professor bunu niy\u0259 yazmal\u0131d\u0131r ki? Ziyal\u0131 niy\u0259 \u00ab\u00e7inovnik\u00bb bar\u0259d\u0259 t\u0259rif yazmal\u0131d\u0131r ax\u0131?\u201d<\/p>\n<p>  &#8230; \u015e\u0259rh etm\u0259y\u0259 ehtiyac g\u00f6rm\u00fcr\u0259m.<\/p>\n<p>  G\u00fcnel xan\u0131m yaz\u0131r: \u201cKamal Abdullan\u0131n ist\u0259r insan, ist\u0259r yaz\u0131\u00e7\u0131 kimi hans\u0131 keyfiyy\u0259tl\u0259ri var ki, o keyfiyy\u0259tl\u0259r m\u0259s\u0259l\u0259n, g\u0259nc yaz\u0131\u00e7\u0131 Mirmehdi A\u011fao\u011fluda yoxdur? \u018fg\u0259r ortada ba\u015fqa maraq yoxdursa, \u0259g\u0259r illah da ki, kimins\u0259 yarad\u0131c\u0131l\u0131\u011f\u0131n\u0131, \u015f\u0259xsiyy\u0259tini t\u0259rifl\u0259m\u0259y\u0259 ehtiyac varsa, professor niy\u0259 g\u00f6t\u00fcr\u00fcb, g\u0259nc yazarlardan birinin yarad\u0131c\u0131l\u0131\u011f\u0131na, \u015f\u0259xsiyy\u0259tin\u0259 yaz\u0131 h\u0259sr el\u0259mir?\u201d<\/p>\n<p>  &#8230; Do\u011frusu \u00e7a\u015f\u0131ram, bizim \u201csol\u00e7ulu\u011fumuz\u201d m\u0259ni \u00e7a\u015fd\u0131r\u0131r?<\/p>\n<p>  Bu \u201cMirmehdi A\u011fao\u011flu\u201d konkret adamd\u0131r, yoxsa m\u0259cazi m\u0259nada i\u015fl\u0259dilib? Konkretdirs\u0259, \u00e7ap etsinl\u0259r, yazs\u0131nlar, d\u00fcnyaya x\u0259b\u0259r yays\u0131nlar. B\u0259lk\u0259 m\u0259nd\u0259 qo\u015fuldum onlara. Yoxsa m\u0259cazd\u0131rsa, \u201czal\u0131ml\u0131q\u201d r\u0259mzidirs\u0259, m\u0259nlik deyil.<\/p>\n<p>  V\u0259 niy\u0259 \u201dprofessor\u201d kimins\u0259 sifari\u015fini q\u0259bul etm\u0259lidi? Niy\u0259 \u201cg\u0259n\u00e7 yazarlardan\u201d yazmal\u0131d\u0131r? Niy\u0259 se\u00e7imi \u00f6z\u00fc etm\u0259m\u0259lidir?<\/p>\n<p>  N\u0259hay\u0259t onu deyim ki, apar\u0131c\u0131 dilim rus dili olsa da, Az\u0259rbaycan dilini duyuram, G\u00fcnel xan\u0131m\u0131n yaz\u0131s\u0131nda \u00fcslub x\u0259talar\u0131 g\u00f6r\u00fcr\u0259m (m\u0259s\u0259l\u0259n, \u201cD\u0259rc etm\u0259yi do\u011fru hesab etm\u0259diyind\u0259n\u201d). Hiss olunur ki, birn\u0259f\u0259s\u0259 yaz\u0131r v\u0259 m\u0259tn \u00fcz\u0259rind\u0259 i\u015fl\u0259mir.<\/p>\n<p>  Kamal Abdullaya g\u0259ldikd\u0259, birc\u0259 onu deyim ki, m\u0259nc\u0259, m\u0259d\u0259niyy\u0259timizd\u0259 \u201cD\u0259d\u0259 Qorqudu\u201d b\u0259lk\u0259 \u0259n \u00e7ox \u201cdan\u0131\u015fd\u0131ran\u201d o olub. S\u00f6hb\u0259t t\u0259dqiqatdan getmir, m\u0259d\u0259ni m\u0259tnl\u0259r\u0259 m\u00fcnasib\u0259td\u0259n gedir. \u201cDan\u0131\u015fd\u0131rmaq\u201d s\u00f6z\u00fcn\u00fcn i\u015fl\u0259d\u0259rk\u0259n, m\u0259n Rus tarix\u00e7isi Mixail Gefrerin \u201c\u0440\u0430\u0437\u0433\u043e\u0432\u043e\u0440\u0438\u0442\u044c \u0438\u0441\u0442\u043e\u0440\u0438\u044e, \u0440\u0430\u0437\u0433\u043e\u0432\u043e\u0440\u0438\u0442\u044c \u043a\u0443\u043b\u044c\u0442\u0443\u0440\u0443\u00bb fikirl\u0259rin\u0259 istinad edir\u0259m.<\/p>\n<p>  Kamal Abdullan\u0131n \u201cGizli D\u0259d\u0259 Qorqud\u201d kitab\u0131n\u0131n giri\u015find\u0259 bunlardan yazm\u0131\u015fam.<\/p>\n<p>  G\u00fcnel xan\u0131m o giri\u015fi d\u0259 \u201ctost tipli\u201d yaz\u0131 saya bil\u0259r.<\/p>\n<p>  <b><br \/>\n    \u00d6z\u00fcm \u00f6z\u00fcm\u00fcn v\u0259kili<br \/>\n  <\/b>\n<\/p>\n<p>\n  \u201cAzadl\u0131q radiosunda\u201dintervyuma bel\u0259 ba\u015fl\u0131q vermi\u015fdil\u0259r \u201c\u00d6z\u00fcm \u00f6z\u00fcm\u00fcn bioqraf\u0131\u201d. \u0130ndi \u00f6z\u00fcm \u00f6z\u00fcm\u00fcn v\u0259kili oluram.<\/p>\n<p>  G\u00fcnel M\u00f6vludla iki d\u0259f\u0259 bir ne\u00e7\u0259 saat s\u00f6hb\u0259t etmi\u015fik. \u0130nan\u0131ram ki, h\u0259ssas qad\u0131nd\u0131r , m\u0259ni duya bildi.<\/p>\n<p>  Bu ilim\u0259 qay\u0131d\u0131m. A\u011fla\u015fman\u0131 da, k\u0259d\u0259ri d\u0259, k\u0259nara qoyaq.<\/p>\n<p>  \u0130st\u0259s\u0259m d\u0259, ist\u0259m\u0259s\u0259m d\u0259, h\u0259yat\u0131m\u0131 t\u0259fti\u015f etm\u0259li oldum. \u00d6z\u00fcm\u00fc d\u0259, yax\u0131nlar\u0131m\u0131 da, \u0259traf\u0131m\u0131 da, d\u00fcnyan\u0131 da.<\/p>\n<p>  Dindar olmad\u0131m, itkinin m\u0259nas\u0131n\u0131 tapa bilm\u0259dim. Ekzestensialistl\u0259r k\u00f6m\u0259yim\u0259 g\u0259ldil\u0259r. Absurd i\u00e7ind\u0259 l\u0259yaq\u0259t. M\u0259na tapmad\u0131qda s\u0131nmamaq.<\/p>\n<p>  A\u011fr\u0131n\u0131 gizl\u0259tmir\u0259m, amma he\u00e7 k\u0259sd\u0259, he\u00e7 n\u0259d\u0259 t\u0259s\u0259lli axtarm\u0131ram.<\/p>\n<p>  \u0130ndi G\u00fcnel xan\u0131mdan soru\u015furam, onun fikrinc\u0259 m\u0259nim y\u00fcks\u0259k r\u00fctb\u0259li m\u0259mura (\u201c\u00e7inovnik\u0259\u201d) \u201cyar\u0131nma\u011f\u0131m\u0131n\u201d m\u0259qs\u0259di n\u0259dir? M\u0259n ondan n\u0259l\u0259ri g\u00f6zl\u0259y\u0259 bil\u0259r\u0259m? San, \u015f\u00f6hr\u0259t, pul, m\u0259nzil, xarici s\u0259f\u0259rl\u0259r? B\u0259lk\u0259 \u201cF\u0259xri xiyaban\u201d, he\u00e7 olmasa \u201cikincid\u0259\u201d?<\/p>\n<p>  Bir d\u0259 t\u0259krar edim, b\u0259sitlik b\u00f6y\u00fck t\u0259hl\u00fck\u0259dir. T\u0259\u0259ss\u00fcf ki, qa\u00e7\u0131lmaz t\u0259hl\u00fck\u0259dir.<\/p>\n<p>  Ziyal\u0131lar\u0131m\u0131z, h\u0259l\u0259 \u0259sl f\u0259lak\u0259tl\u0259rimiz ba\u015flamam\u0131\u015f, imkan daxilind\u0259, o b\u0259ladan \u00e7\u0259kinm\u0259lidil\u0259r.<\/p>\n<p>  <b><br \/>\n    \u201cMeydan&#8221;a t\u00f6vsiyy\u0259m<br \/>\n  <\/b>\n<\/p>\n<p>\n  \u0130mkan daxilind\u0259 sinfi yana\u015fmadan qa\u00e7\u0131n. \u201cBizimkil\u0259r\u201d d\u0259st\u0259sin\u0259, \u201cbizimkil\u0259r\u201d d\u0259rn\u0259yin\u0259 \u00e7evrilm\u0259yin.<\/p>\n","protected":false},"excerpt":{"rendered":"<p>B\u0259sitliyin t\u0259hl\u00fck\u0259si<\/p>\n","protected":false},"author":11,"featured_media":25605,"comment_status":"closed","ping_status":"open","sticky":false,"template":"","format":"standard","meta":{"_acf_changed":false,"_sitemap_exclude":false,"_sitemap_priority":"","_sitemap_frequency":"","footnotes":""},"categories":[57],"tags":[],"class_list":["post-168148","post","type-post","status-publish","format-standard","has-post-thumbnail","hentry","category-menim-fikrimce","infinite-scroll-item","generate-columns","tablet-grid-50","mobile-grid-100","grid-parent","grid-33","no-featured-image-padding"],"acf":[],"yoast_head":"<!-- This site is optimized with the Yoast SEO plugin v27.5 - https:\/\/yoast.com\/product\/yoast-seo-wordpress\/ -->\n<title>Seymur Baycan v\u0259 G\u00fcnel M\u00f6vludun &#039;&#039;\u00e7inovnik davas\u0131&#039;&#039; - MEYDAN.TV<\/title>\n<meta name=\"robots\" content=\"index, follow, max-snippet:-1, max-image-preview:large, max-video-preview:-1\" \/>\n<link rel=\"canonical\" href=\"https:\/\/www.meydan.tv\/az\/article\/seymur-baycan-ve-gunel-movludun-cinovnik-davasi\/\" \/>\n<meta property=\"og:locale\" content=\"az_AZ\" \/>\n<meta property=\"og:type\" content=\"article\" \/>\n<meta property=\"og:title\" content=\"Seymur Baycan v\u0259 G\u00fcnel M\u00f6vludun &#039;&#039;\u00e7inovnik davas\u0131&#039;&#039; - MEYDAN.TV\" \/>\n<meta property=\"og:description\" content=\"B\u0259sitliyin t\u0259hl\u00fck\u0259si\" \/>\n<meta property=\"og:url\" content=\"https:\/\/www.meydan.tv\/az\/article\/seymur-baycan-ve-gunel-movludun-cinovnik-davasi\/\" \/>\n<meta property=\"og:site_name\" content=\"MEYDAN.TV\" \/>\n<meta property=\"article:published_time\" content=\"2015-05-31T00:32:26+00:00\" \/>\n<meta property=\"og:image\" content=\"https:\/\/www.meydan.tv\/wp-content\/uploads\/9376.jpg\" \/>\n\t<meta property=\"og:image:width\" content=\"500\" \/>\n\t<meta property=\"og:image:height\" content=\"500\" \/>\n\t<meta property=\"og:image:type\" content=\"image\/jpeg\" \/>\n<meta name=\"author\" content=\"user-manager\" \/>\n<meta name=\"twitter:card\" content=\"summary_large_image\" \/>\n<script type=\"application\/ld+json\" class=\"yoast-schema-graph\">{\"@context\":\"https:\\\/\\\/schema.org\",\"@graph\":[{\"@type\":\"Article\",\"@id\":\"https:\\\/\\\/www.meydan.tv\\\/az\\\/article\\\/seymur-baycan-ve-gunel-movludun-cinovnik-davasi\\\/#article\",\"isPartOf\":{\"@id\":\"https:\\\/\\\/www.meydan.tv\\\/az\\\/article\\\/seymur-baycan-ve-gunel-movludun-cinovnik-davasi\\\/\"},\"author\":{\"name\":\"user-manager\",\"@id\":\"https:\\\/\\\/www.meydan.tv\\\/az\\\/#\\\/schema\\\/person\\\/10d11eccf6da3662cf5fdab9806ea91a\"},\"headline\":\"Seymur Baycan v\u0259 G\u00fcnel M\u00f6vludun &#8221;\u00e7inovnik davas\u0131&#8221;\",\"datePublished\":\"2015-05-31T00:32:26+00:00\",\"mainEntityOfPage\":{\"@id\":\"https:\\\/\\\/www.meydan.tv\\\/az\\\/article\\\/seymur-baycan-ve-gunel-movludun-cinovnik-davasi\\\/\"},\"wordCount\":2432,\"publisher\":{\"@id\":\"https:\\\/\\\/www.meydan.tv\\\/az\\\/#organization\"},\"image\":{\"@id\":\"https:\\\/\\\/www.meydan.tv\\\/az\\\/article\\\/seymur-baycan-ve-gunel-movludun-cinovnik-davasi\\\/#primaryimage\"},\"thumbnailUrl\":\"https:\\\/\\\/www.meydan.tv\\\/wp-content\\\/uploads\\\/9376.jpg\",\"articleSection\":[\"M\u0259nim Fikrimc\u0259\"],\"inLanguage\":\"az\"},{\"@type\":\"WebPage\",\"@id\":\"https:\\\/\\\/www.meydan.tv\\\/az\\\/article\\\/seymur-baycan-ve-gunel-movludun-cinovnik-davasi\\\/\",\"url\":\"https:\\\/\\\/www.meydan.tv\\\/az\\\/article\\\/seymur-baycan-ve-gunel-movludun-cinovnik-davasi\\\/\",\"name\":\"Seymur Baycan v\u0259 G\u00fcnel M\u00f6vludun ''\u00e7inovnik davas\u0131'' - MEYDAN.TV\",\"isPartOf\":{\"@id\":\"https:\\\/\\\/www.meydan.tv\\\/az\\\/#website\"},\"primaryImageOfPage\":{\"@id\":\"https:\\\/\\\/www.meydan.tv\\\/az\\\/article\\\/seymur-baycan-ve-gunel-movludun-cinovnik-davasi\\\/#primaryimage\"},\"image\":{\"@id\":\"https:\\\/\\\/www.meydan.tv\\\/az\\\/article\\\/seymur-baycan-ve-gunel-movludun-cinovnik-davasi\\\/#primaryimage\"},\"thumbnailUrl\":\"https:\\\/\\\/www.meydan.tv\\\/wp-content\\\/uploads\\\/9376.jpg\",\"datePublished\":\"2015-05-31T00:32:26+00:00\",\"breadcrumb\":{\"@id\":\"https:\\\/\\\/www.meydan.tv\\\/az\\\/article\\\/seymur-baycan-ve-gunel-movludun-cinovnik-davasi\\\/#breadcrumb\"},\"inLanguage\":\"az\",\"potentialAction\":[{\"@type\":\"ReadAction\",\"target\":[\"https:\\\/\\\/www.meydan.tv\\\/az\\\/article\\\/seymur-baycan-ve-gunel-movludun-cinovnik-davasi\\\/\"]}]},{\"@type\":\"ImageObject\",\"inLanguage\":\"az\",\"@id\":\"https:\\\/\\\/www.meydan.tv\\\/az\\\/article\\\/seymur-baycan-ve-gunel-movludun-cinovnik-davasi\\\/#primaryimage\",\"url\":\"https:\\\/\\\/www.meydan.tv\\\/wp-content\\\/uploads\\\/9376.jpg\",\"contentUrl\":\"https:\\\/\\\/www.meydan.tv\\\/wp-content\\\/uploads\\\/9376.jpg\",\"width\":500,\"height\":500,\"caption\":\"Source:\"},{\"@type\":\"BreadcrumbList\",\"@id\":\"https:\\\/\\\/www.meydan.tv\\\/az\\\/article\\\/seymur-baycan-ve-gunel-movludun-cinovnik-davasi\\\/#breadcrumb\",\"itemListElement\":[{\"@type\":\"ListItem\",\"position\":1,\"name\":\"Ana s\u0259hif\u0259\",\"item\":\"https:\\\/\\\/www.meydan.tv\\\/az\\\/\"},{\"@type\":\"ListItem\",\"position\":2,\"name\":\"M\u0259nim Fikrimc\u0259\",\"item\":\"https:\\\/\\\/www.meydan.tv\\\/az\\\/section\\\/menim-fikrimce\\\/\"},{\"@type\":\"ListItem\",\"position\":3,\"name\":\"Seymur Baycan v\u0259 G\u00fcnel M\u00f6vludun &#8221;\u00e7inovnik davas\u0131&#8221;\"}]},{\"@type\":\"WebSite\",\"@id\":\"https:\\\/\\\/www.meydan.tv\\\/az\\\/#website\",\"url\":\"https:\\\/\\\/www.meydan.tv\\\/az\\\/\",\"name\":\"MEYDAN.TV\",\"description\":\"Meydan TV Az\u0259rbaycan\u0131n media m\u0259kan\u0131ndak\u0131 alternativ s\u0259sidir\",\"publisher\":{\"@id\":\"https:\\\/\\\/www.meydan.tv\\\/az\\\/#organization\"},\"potentialAction\":[{\"@type\":\"SearchAction\",\"target\":{\"@type\":\"EntryPoint\",\"urlTemplate\":\"https:\\\/\\\/www.meydan.tv\\\/az\\\/?s={search_term_string}\"},\"query-input\":{\"@type\":\"PropertyValueSpecification\",\"valueRequired\":true,\"valueName\":\"search_term_string\"}}],\"inLanguage\":\"az\"},{\"@type\":\"Organization\",\"@id\":\"https:\\\/\\\/www.meydan.tv\\\/az\\\/#organization\",\"name\":\"Meydan TV\",\"url\":\"https:\\\/\\\/www.meydan.tv\\\/az\\\/\",\"logo\":{\"@type\":\"ImageObject\",\"inLanguage\":\"az\",\"@id\":\"https:\\\/\\\/www.meydan.tv\\\/az\\\/#\\\/schema\\\/logo\\\/image\\\/\",\"url\":\"https:\\\/\\\/www.meydan.tv\\\/wp-content\\\/uploads\\\/2021\\\/07\\\/meydan-logo.svg\",\"contentUrl\":\"https:\\\/\\\/www.meydan.tv\\\/wp-content\\\/uploads\\\/2021\\\/07\\\/meydan-logo.svg\",\"width\":195,\"height\":46,\"caption\":\"Meydan TV\"},\"image\":{\"@id\":\"https:\\\/\\\/www.meydan.tv\\\/az\\\/#\\\/schema\\\/logo\\\/image\\\/\"}},{\"@type\":\"Person\",\"@id\":\"https:\\\/\\\/www.meydan.tv\\\/az\\\/#\\\/schema\\\/person\\\/10d11eccf6da3662cf5fdab9806ea91a\",\"name\":\"user-manager\"}]}<\/script>\n<!-- \/ Yoast SEO plugin. -->","yoast_head_json":{"title":"Seymur Baycan v\u0259 G\u00fcnel M\u00f6vludun ''\u00e7inovnik davas\u0131'' - MEYDAN.TV","robots":{"index":"index","follow":"follow","max-snippet":"max-snippet:-1","max-image-preview":"max-image-preview:large","max-video-preview":"max-video-preview:-1"},"canonical":"https:\/\/www.meydan.tv\/az\/article\/seymur-baycan-ve-gunel-movludun-cinovnik-davasi\/","og_locale":"az_AZ","og_type":"article","og_title":"Seymur Baycan v\u0259 G\u00fcnel M\u00f6vludun ''\u00e7inovnik davas\u0131'' - MEYDAN.TV","og_description":"B\u0259sitliyin t\u0259hl\u00fck\u0259si","og_url":"https:\/\/www.meydan.tv\/az\/article\/seymur-baycan-ve-gunel-movludun-cinovnik-davasi\/","og_site_name":"MEYDAN.TV","article_published_time":"2015-05-31T00:32:26+00:00","og_image":[{"width":500,"height":500,"url":"https:\/\/www.meydan.tv\/wp-content\/uploads\/9376.jpg","type":"image\/jpeg"}],"author":"user-manager","twitter_card":"summary_large_image","schema":{"@context":"https:\/\/schema.org","@graph":[{"@type":"Article","@id":"https:\/\/www.meydan.tv\/az\/article\/seymur-baycan-ve-gunel-movludun-cinovnik-davasi\/#article","isPartOf":{"@id":"https:\/\/www.meydan.tv\/az\/article\/seymur-baycan-ve-gunel-movludun-cinovnik-davasi\/"},"author":{"name":"user-manager","@id":"https:\/\/www.meydan.tv\/az\/#\/schema\/person\/10d11eccf6da3662cf5fdab9806ea91a"},"headline":"Seymur Baycan v\u0259 G\u00fcnel M\u00f6vludun &#8221;\u00e7inovnik davas\u0131&#8221;","datePublished":"2015-05-31T00:32:26+00:00","mainEntityOfPage":{"@id":"https:\/\/www.meydan.tv\/az\/article\/seymur-baycan-ve-gunel-movludun-cinovnik-davasi\/"},"wordCount":2432,"publisher":{"@id":"https:\/\/www.meydan.tv\/az\/#organization"},"image":{"@id":"https:\/\/www.meydan.tv\/az\/article\/seymur-baycan-ve-gunel-movludun-cinovnik-davasi\/#primaryimage"},"thumbnailUrl":"https:\/\/www.meydan.tv\/wp-content\/uploads\/9376.jpg","articleSection":["M\u0259nim Fikrimc\u0259"],"inLanguage":"az"},{"@type":"WebPage","@id":"https:\/\/www.meydan.tv\/az\/article\/seymur-baycan-ve-gunel-movludun-cinovnik-davasi\/","url":"https:\/\/www.meydan.tv\/az\/article\/seymur-baycan-ve-gunel-movludun-cinovnik-davasi\/","name":"Seymur Baycan v\u0259 G\u00fcnel M\u00f6vludun ''\u00e7inovnik davas\u0131'' - MEYDAN.TV","isPartOf":{"@id":"https:\/\/www.meydan.tv\/az\/#website"},"primaryImageOfPage":{"@id":"https:\/\/www.meydan.tv\/az\/article\/seymur-baycan-ve-gunel-movludun-cinovnik-davasi\/#primaryimage"},"image":{"@id":"https:\/\/www.meydan.tv\/az\/article\/seymur-baycan-ve-gunel-movludun-cinovnik-davasi\/#primaryimage"},"thumbnailUrl":"https:\/\/www.meydan.tv\/wp-content\/uploads\/9376.jpg","datePublished":"2015-05-31T00:32:26+00:00","breadcrumb":{"@id":"https:\/\/www.meydan.tv\/az\/article\/seymur-baycan-ve-gunel-movludun-cinovnik-davasi\/#breadcrumb"},"inLanguage":"az","potentialAction":[{"@type":"ReadAction","target":["https:\/\/www.meydan.tv\/az\/article\/seymur-baycan-ve-gunel-movludun-cinovnik-davasi\/"]}]},{"@type":"ImageObject","inLanguage":"az","@id":"https:\/\/www.meydan.tv\/az\/article\/seymur-baycan-ve-gunel-movludun-cinovnik-davasi\/#primaryimage","url":"https:\/\/www.meydan.tv\/wp-content\/uploads\/9376.jpg","contentUrl":"https:\/\/www.meydan.tv\/wp-content\/uploads\/9376.jpg","width":500,"height":500,"caption":"Source:"},{"@type":"BreadcrumbList","@id":"https:\/\/www.meydan.tv\/az\/article\/seymur-baycan-ve-gunel-movludun-cinovnik-davasi\/#breadcrumb","itemListElement":[{"@type":"ListItem","position":1,"name":"Ana s\u0259hif\u0259","item":"https:\/\/www.meydan.tv\/az\/"},{"@type":"ListItem","position":2,"name":"M\u0259nim Fikrimc\u0259","item":"https:\/\/www.meydan.tv\/az\/section\/menim-fikrimce\/"},{"@type":"ListItem","position":3,"name":"Seymur Baycan v\u0259 G\u00fcnel M\u00f6vludun &#8221;\u00e7inovnik davas\u0131&#8221;"}]},{"@type":"WebSite","@id":"https:\/\/www.meydan.tv\/az\/#website","url":"https:\/\/www.meydan.tv\/az\/","name":"MEYDAN.TV","description":"Meydan TV Az\u0259rbaycan\u0131n media m\u0259kan\u0131ndak\u0131 alternativ s\u0259sidir","publisher":{"@id":"https:\/\/www.meydan.tv\/az\/#organization"},"potentialAction":[{"@type":"SearchAction","target":{"@type":"EntryPoint","urlTemplate":"https:\/\/www.meydan.tv\/az\/?s={search_term_string}"},"query-input":{"@type":"PropertyValueSpecification","valueRequired":true,"valueName":"search_term_string"}}],"inLanguage":"az"},{"@type":"Organization","@id":"https:\/\/www.meydan.tv\/az\/#organization","name":"Meydan TV","url":"https:\/\/www.meydan.tv\/az\/","logo":{"@type":"ImageObject","inLanguage":"az","@id":"https:\/\/www.meydan.tv\/az\/#\/schema\/logo\/image\/","url":"https:\/\/www.meydan.tv\/wp-content\/uploads\/2021\/07\/meydan-logo.svg","contentUrl":"https:\/\/www.meydan.tv\/wp-content\/uploads\/2021\/07\/meydan-logo.svg","width":195,"height":46,"caption":"Meydan TV"},"image":{"@id":"https:\/\/www.meydan.tv\/az\/#\/schema\/logo\/image\/"}},{"@type":"Person","@id":"https:\/\/www.meydan.tv\/az\/#\/schema\/person\/10d11eccf6da3662cf5fdab9806ea91a","name":"user-manager"}]}},"_links":{"self":[{"href":"https:\/\/www.meydan.tv\/az\/wp-json\/wp\/v2\/posts\/168148","targetHints":{"allow":["GET"]}}],"collection":[{"href":"https:\/\/www.meydan.tv\/az\/wp-json\/wp\/v2\/posts"}],"about":[{"href":"https:\/\/www.meydan.tv\/az\/wp-json\/wp\/v2\/types\/post"}],"author":[{"embeddable":true,"href":"https:\/\/www.meydan.tv\/az\/wp-json\/wp\/v2\/users\/11"}],"replies":[{"embeddable":true,"href":"https:\/\/www.meydan.tv\/az\/wp-json\/wp\/v2\/comments?post=168148"}],"version-history":[{"count":0,"href":"https:\/\/www.meydan.tv\/az\/wp-json\/wp\/v2\/posts\/168148\/revisions"}],"wp:featuredmedia":[{"embeddable":true,"href":"https:\/\/www.meydan.tv\/az\/wp-json\/wp\/v2\/media\/25605"}],"wp:attachment":[{"href":"https:\/\/www.meydan.tv\/az\/wp-json\/wp\/v2\/media?parent=168148"}],"wp:term":[{"taxonomy":"category","embeddable":true,"href":"https:\/\/www.meydan.tv\/az\/wp-json\/wp\/v2\/categories?post=168148"},{"taxonomy":"post_tag","embeddable":true,"href":"https:\/\/www.meydan.tv\/az\/wp-json\/wp\/v2\/tags?post=168148"}],"curies":[{"name":"wp","href":"https:\/\/api.w.org\/{rel}","templated":true}]}}