{"id":168135,"date":"2015-05-29T17:49:09","date_gmt":"2015-05-29T17:49:09","guid":{"rendered":"https:\/\/www.meydan.tv\/article\/parlament-oten-il-ucun-dovlet-budcesinin-icrasini-tesdiq-edib\/"},"modified":"2015-05-29T17:49:09","modified_gmt":"2015-05-29T17:49:09","slug":"parlament-oten-il-ucun-dovlet-budcesinin-icrasini-tesdiq-edib","status":"publish","type":"post","link":"https:\/\/www.meydan.tv\/az\/article\/parlament-oten-il-ucun-dovlet-budcesinin-icrasini-tesdiq-edib\/","title":{"rendered":"Parlament \u00f6t\u0259n il \u00fc\u00e7\u00fcn d\u00f6vl\u0259t b\u00fcdc\u0259sinin icras\u0131n\u0131 t\u0259sdiq edib"},"content":{"rendered":"<figure class=\"wp-block-image size-large\">\n  <img decoding=\"async\" src=\"https:\/\/www.meydan.tv\/az\/25492\/\" alt=\"\" class=\"wp-image-25492\"\/><figcaption><\/figcaption><\/figure>\n<figure class=\"wp-block-image size-large\">\n  <img decoding=\"async\" src=\"https:\/\/www.meydan.tv\/az\/25492\/\" alt=\"\" class=\"wp-image-25492\"\/><figcaption><\/figcaption><\/figure>\n<p>\n  <i><br \/>\n    \u00d6t\u0259n ilin yekunlar\u0131na g\u00f6r\u0259 b\u00fcdc\u0259 x\u0259zin\u0259si hesab\u0131nda v\u0259saitl\u0259rin s\u0259rb\u0259st qal\u0131\u011f\u0131 1 mlrd. 728 mln. 622,3 min manat olub<br \/>\n  <\/i>\n<\/p>\n<p>\n  May\u0131n 29-da Milli M\u0259clisin plenar iclas\u0131nda \u201c2014-c\u00fc il \u00fc\u00e7\u00fcn Az\u0259rbaycan Respublikas\u0131n\u0131n d\u00f6vl\u0259t b\u00fcdc\u0259sinin icras\u0131 haqq\u0131nda\u201d qanun layih\u0259si q\u0259bul edilib.\n<\/p>\n<p>\n  Hesablama Palatas\u0131n\u0131n s\u0259dri V\u00fcqar G\u00fclm\u0259mm\u0259dovun s\u00f6zl\u0259rin\u0259 g\u00f6r\u0259, \u00f6t\u0259n il yol v\u0259 torpaq vergil\u0259ri \u00fczr\u0259 proqnozlar a\u015fa\u011f\u0131 s\u0259viyy\u0259d\u0259 yerin\u0259 yetirilib. Bundan ba\u015fqa, d\u00f6vl\u0259t borcunun artmas\u0131 n\u0259z\u0259r\u0259 al\u0131nmaqla, o, onun azald\u0131lmas\u0131 \u00fczr\u0259 strategiya i\u015fl\u0259yib haz\u0131rlama\u011f\u0131 t\u0259klif edib.\n<\/p>\n<p>\n  M\u00fctl\u0259q g\u00f6st\u0259ricil\u0259rl\u0259 2014-c\u00fc ild\u0259 d\u00f6vl\u0259t b\u00fcdc\u0259sinin g\u0259lirl\u0259ri 18 mlrd. 400 mln. 565,23 min manat t\u0259\u015fkil edib.\n<\/p>\n<p>\n  Bu v\u0259saitin yar\u0131s\u0131ndan \u00e7oxu (50,74%) \u2013 9 mlrd. 337 mln. manat\u0131 D\u00f6vl\u0259t Neft Fondundan k\u00f6\u00e7\u00fcrm\u0259l\u0259rdir.\n<\/p>\n<p>\n  \u00dcmumi x\u0259rcl\u0259r 18 mlrd. 708 mln. 999,99 min manat t\u0259\u015fkil edib. Bu seqmentd\u0259 d\u00f6vl\u0259t investisiya infrastruktur layih\u0259l\u0259ri liderlik edir, bu layih\u0259l\u0259r\u0259 6 mlrd. 256 mln. 706,72 min manat x\u0259rcl\u0259nib.\n<\/p>\n<p>\n  \u018fsas siyah\u0131ya daxil edilm\u0259mi\u015f xidm\u0259tl\u0259r\u0259 2 mlrd. 580 mln. 776,15 min manat x\u0259rcl\u0259nib.\n<\/p>\n<p>\n  Maliyy\u0259 Nazirliyinin m\u0259lumat\u0131na g\u00f6r\u0259, \u00f6t\u0259n ilin yekunlar\u0131na g\u00f6r\u0259 b\u00fcdc\u0259 x\u0259zin\u0259si hesab\u0131nda v\u0259saitl\u0259rin s\u0259rb\u0259st qal\u0131\u011f\u0131 1 mlrd. 728 mln. 622,3 min manat olub. Bu v\u0259sait 2015-ci maliyy\u0259 ili \u00fc\u00e7\u00fcn d\u00f6vl\u0259t b\u00fcdc\u0259sinin hesab\u0131na k\u00f6\u00e7\u00fcr\u00fcl\u00fcb.<\/p>\n","protected":false},"excerpt":{"rendered":"<p>\u00d6t\u0259n ilin yekunlar\u0131na g\u00f6r\u0259 b\u00fcdc\u0259 x\u0259zin\u0259si hesab\u0131nda v\u0259saitl\u0259rin s\u0259rb\u0259st qal\u0131\u011f\u0131 1 mlrd. 728 mln. 622,3 min manat olub<\/p>\n","protected":false},"author":11,"featured_media":25492,"comment_status":"closed","ping_status":"open","sticky":false,"template":"","format":"standard","meta":{"_acf_changed":false,"_sitemap_exclude":false,"_sitemap_priority":"","_sitemap_frequency":"","footnotes":""},"categories":[56],"tags":[],"class_list":["post-168135","post","type-post","status-publish","format-standard","has-post-thumbnail","hentry","category-xeberler","infinite-scroll-item","generate-columns","tablet-grid-50","mobile-grid-100","grid-parent","grid-33","no-featured-image-padding"],"acf":[],"yoast_head":"<!-- This site is optimized with the Yoast SEO plugin v28.4 - https:\/\/yoast.com\/product\/yoast-seo-wordpress\/ -->\n<title>Parlament \u00f6t\u0259n il \u00fc\u00e7\u00fcn d\u00f6vl\u0259t b\u00fcdc\u0259sinin icras\u0131n\u0131 t\u0259sdiq edib - MEYDAN.TV<\/title>\n<meta name=\"robots\" content=\"index, follow, max-snippet:-1, max-image-preview:large, max-video-preview:-1\" \/>\n<link rel=\"canonical\" href=\"https:\/\/www.meydan.tv\/az\/article\/parlament-oten-il-ucun-dovlet-budcesinin-icrasini-tesdiq-edib\/\" \/>\n<meta property=\"og:locale\" content=\"az_AZ\" \/>\n<meta property=\"og:type\" content=\"article\" \/>\n<meta property=\"og:title\" content=\"Parlament \u00f6t\u0259n il \u00fc\u00e7\u00fcn d\u00f6vl\u0259t b\u00fcdc\u0259sinin icras\u0131n\u0131 t\u0259sdiq edib - MEYDAN.TV\" \/>\n<meta property=\"og:description\" content=\"\u00d6t\u0259n ilin yekunlar\u0131na g\u00f6r\u0259 b\u00fcdc\u0259 x\u0259zin\u0259si hesab\u0131nda v\u0259saitl\u0259rin s\u0259rb\u0259st qal\u0131\u011f\u0131 1 mlrd. 728 mln. 622,3 min manat olub\" \/>\n<meta property=\"og:url\" content=\"https:\/\/www.meydan.tv\/az\/article\/parlament-oten-il-ucun-dovlet-budcesinin-icrasini-tesdiq-edib\/\" \/>\n<meta property=\"og:site_name\" content=\"MEYDAN.TV\" \/>\n<meta property=\"article:published_time\" content=\"2015-05-29T17:49:09+00:00\" \/>\n<meta property=\"og:image\" content=\"https:\/\/www.meydan.tv\/wp-content\/uploads\/9336.jpg\" \/>\n\t<meta property=\"og:image:width\" content=\"400\" \/>\n\t<meta property=\"og:image:height\" content=\"300\" \/>\n\t<meta property=\"og:image:type\" content=\"image\/jpeg\" \/>\n<meta name=\"twitter:card\" content=\"summary_large_image\" \/>\n<!-- \/ Yoast SEO plugin. -->","yoast_head_json":{"title":"Parlament \u00f6t\u0259n il \u00fc\u00e7\u00fcn d\u00f6vl\u0259t b\u00fcdc\u0259sinin icras\u0131n\u0131 t\u0259sdiq edib - MEYDAN.TV","robots":{"index":"index","follow":"follow","max-snippet":"max-snippet:-1","max-image-preview":"max-image-preview:large","max-video-preview":"max-video-preview:-1"},"canonical":"https:\/\/www.meydan.tv\/az\/article\/parlament-oten-il-ucun-dovlet-budcesinin-icrasini-tesdiq-edib\/","og_locale":"az_AZ","og_type":"article","og_title":"Parlament \u00f6t\u0259n il \u00fc\u00e7\u00fcn d\u00f6vl\u0259t b\u00fcdc\u0259sinin icras\u0131n\u0131 t\u0259sdiq edib - MEYDAN.TV","og_description":"\u00d6t\u0259n ilin yekunlar\u0131na g\u00f6r\u0259 b\u00fcdc\u0259 x\u0259zin\u0259si hesab\u0131nda v\u0259saitl\u0259rin s\u0259rb\u0259st qal\u0131\u011f\u0131 1 mlrd. 728 mln. 622,3 min manat olub","og_url":"https:\/\/www.meydan.tv\/az\/article\/parlament-oten-il-ucun-dovlet-budcesinin-icrasini-tesdiq-edib\/","og_site_name":"MEYDAN.TV","article_published_time":"2015-05-29T17:49:09+00:00","og_image":[{"width":400,"height":300,"url":"https:\/\/www.meydan.tv\/wp-content\/uploads\/9336.jpg","type":"image\/jpeg"}],"twitter_card":"summary_large_image","schema":{"@context":"https:\/\/schema.org","@graph":[{"@type":"Article","@id":"https:\/\/www.meydan.tv\/az\/article\/parlament-oten-il-ucun-dovlet-budcesinin-icrasini-tesdiq-edib\/#article","isPartOf":{"@id":"https:\/\/www.meydan.tv\/az\/article\/parlament-oten-il-ucun-dovlet-budcesinin-icrasini-tesdiq-edib\/"},"author":{"name":"user-manager","@id":"https:\/\/www.meydan.tv\/az\/#\/schema\/person\/10d11eccf6da3662cf5fdab9806ea91a"},"headline":"Parlament \u00f6t\u0259n il \u00fc\u00e7\u00fcn d\u00f6vl\u0259t b\u00fcdc\u0259sinin icras\u0131n\u0131 t\u0259sdiq edib","datePublished":"2015-05-29T17:49:09+00:00","mainEntityOfPage":{"@id":"https:\/\/www.meydan.tv\/az\/article\/parlament-oten-il-ucun-dovlet-budcesinin-icrasini-tesdiq-edib\/"},"wordCount":281,"publisher":{"@id":"https:\/\/www.meydan.tv\/az\/#organization"},"image":{"@id":"https:\/\/www.meydan.tv\/az\/article\/parlament-oten-il-ucun-dovlet-budcesinin-icrasini-tesdiq-edib\/#primaryimage"},"thumbnailUrl":"https:\/\/www.meydan.tv\/wp-content\/uploads\/9336.jpg","articleSection":["X\u0259b\u0259rl\u0259r"],"inLanguage":"az"},{"@type":"WebPage","@id":"https:\/\/www.meydan.tv\/az\/article\/parlament-oten-il-ucun-dovlet-budcesinin-icrasini-tesdiq-edib\/","url":"https:\/\/www.meydan.tv\/az\/article\/parlament-oten-il-ucun-dovlet-budcesinin-icrasini-tesdiq-edib\/","name":"Parlament \u00f6t\u0259n il \u00fc\u00e7\u00fcn d\u00f6vl\u0259t b\u00fcdc\u0259sinin icras\u0131n\u0131 t\u0259sdiq edib - MEYDAN.TV","isPartOf":{"@id":"https:\/\/www.meydan.tv\/az\/#website"},"primaryImageOfPage":{"@id":"https:\/\/www.meydan.tv\/az\/article\/parlament-oten-il-ucun-dovlet-budcesinin-icrasini-tesdiq-edib\/#primaryimage"},"image":{"@id":"https:\/\/www.meydan.tv\/az\/article\/parlament-oten-il-ucun-dovlet-budcesinin-icrasini-tesdiq-edib\/#primaryimage"},"thumbnailUrl":"https:\/\/www.meydan.tv\/wp-content\/uploads\/9336.jpg","datePublished":"2015-05-29T17:49:09+00:00","breadcrumb":{"@id":"https:\/\/www.meydan.tv\/az\/article\/parlament-oten-il-ucun-dovlet-budcesinin-icrasini-tesdiq-edib\/#breadcrumb"},"inLanguage":"az","potentialAction":[{"@type":"ReadAction","target":["https:\/\/www.meydan.tv\/az\/article\/parlament-oten-il-ucun-dovlet-budcesinin-icrasini-tesdiq-edib\/"]}]},{"@type":"ImageObject","inLanguage":"az","@id":"https:\/\/www.meydan.tv\/az\/article\/parlament-oten-il-ucun-dovlet-budcesinin-icrasini-tesdiq-edib\/#primaryimage","url":"https:\/\/www.meydan.tv\/wp-content\/uploads\/9336.jpg","contentUrl":"https:\/\/www.meydan.tv\/wp-content\/uploads\/9336.jpg","width":400,"height":300,"caption":"Source:"},{"@type":"BreadcrumbList","@id":"https:\/\/www.meydan.tv\/az\/article\/parlament-oten-il-ucun-dovlet-budcesinin-icrasini-tesdiq-edib\/#breadcrumb","itemListElement":[{"@type":"ListItem","position":1,"name":"Ana s\u0259hif\u0259","item":"https:\/\/www.meydan.tv\/az\/"},{"@type":"ListItem","position":2,"name":"X\u0259b\u0259rl\u0259r","item":"https:\/\/www.meydan.tv\/az\/section\/xeberler\/"},{"@type":"ListItem","position":3,"name":"Parlament \u00f6t\u0259n il \u00fc\u00e7\u00fcn d\u00f6vl\u0259t b\u00fcdc\u0259sinin icras\u0131n\u0131 t\u0259sdiq edib"}]},{"@type":"WebSite","@id":"https:\/\/www.meydan.tv\/az\/#website","url":"https:\/\/www.meydan.tv\/az\/","name":"MEYDAN.TV","description":"Meydan TV Az\u0259rbaycan\u0131n media m\u0259kan\u0131ndak\u0131 alternativ s\u0259sidir","publisher":{"@id":"https:\/\/www.meydan.tv\/az\/#organization"},"potentialAction":[{"@type":"SearchAction","target":{"@type":"EntryPoint","urlTemplate":"https:\/\/www.meydan.tv\/az\/?s={search_term_string}"},"query-input":{"@type":"PropertyValueSpecification","valueRequired":true,"valueName":"search_term_string"}}],"inLanguage":"az"},{"@type":"Organization","@id":"https:\/\/www.meydan.tv\/az\/#organization","name":"Meydan TV","url":"https:\/\/www.meydan.tv\/az\/","logo":{"@type":"ImageObject","inLanguage":"az","@id":"https:\/\/www.meydan.tv\/az\/#\/schema\/logo\/image\/","url":"https:\/\/www.meydan.tv\/wp-content\/uploads\/2021\/07\/meydan-logo.svg","contentUrl":"https:\/\/www.meydan.tv\/wp-content\/uploads\/2021\/07\/meydan-logo.svg","width":195,"height":46,"caption":"Meydan TV"},"image":{"@id":"https:\/\/www.meydan.tv\/az\/#\/schema\/logo\/image\/"}},{"@type":"Person","@id":"https:\/\/www.meydan.tv\/az\/#\/schema\/person\/10d11eccf6da3662cf5fdab9806ea91a","name":"user-manager"}]}},"_links":{"self":[{"href":"https:\/\/www.meydan.tv\/az\/wp-json\/wp\/v2\/posts\/168135","targetHints":{"allow":["GET"]}}],"collection":[{"href":"https:\/\/www.meydan.tv\/az\/wp-json\/wp\/v2\/posts"}],"about":[{"href":"https:\/\/www.meydan.tv\/az\/wp-json\/wp\/v2\/types\/post"}],"author":[{"embeddable":true,"href":"https:\/\/www.meydan.tv\/az\/wp-json\/wp\/v2\/users\/11"}],"replies":[{"embeddable":true,"href":"https:\/\/www.meydan.tv\/az\/wp-json\/wp\/v2\/comments?post=168135"}],"version-history":[{"count":0,"href":"https:\/\/www.meydan.tv\/az\/wp-json\/wp\/v2\/posts\/168135\/revisions"}],"wp:featuredmedia":[{"embeddable":true,"href":"https:\/\/www.meydan.tv\/az\/wp-json\/wp\/v2\/media\/25492"}],"wp:attachment":[{"href":"https:\/\/www.meydan.tv\/az\/wp-json\/wp\/v2\/media?parent=168135"}],"wp:term":[{"taxonomy":"category","embeddable":true,"href":"https:\/\/www.meydan.tv\/az\/wp-json\/wp\/v2\/categories?post=168135"},{"taxonomy":"post_tag","embeddable":true,"href":"https:\/\/www.meydan.tv\/az\/wp-json\/wp\/v2\/tags?post=168135"}],"curies":[{"name":"wp","href":"https:\/\/api.w.org\/{rel}","templated":true}]}}