{"id":168133,"date":"2015-05-29T19:20:18","date_gmt":"2015-05-29T19:20:18","guid":{"rendered":"https:\/\/www.meydan.tv\/article\/azimport-sirketinin-sahibi-resad-memmedov-firildaqciliqda-ittiham-olunur\/"},"modified":"2015-05-29T19:20:18","modified_gmt":"2015-05-29T19:20:18","slug":"azimport-sirketinin-sahibi-resad-memmedov-firildaqciliqda-ittiham-olunur","status":"publish","type":"post","link":"https:\/\/www.meydan.tv\/az\/article\/azimport-sirketinin-sahibi-resad-memmedov-firildaqciliqda-ittiham-olunur\/","title":{"rendered":"Azimport \u015firk\u0259tinin sahibi R\u0259\u015fad M\u0259mm\u0259dov f\u0131r\u0131ldaq\u00e7\u0131l\u0131qda ittiham olunur"},"content":{"rendered":"<figure class=\"wp-block-image size-large\">\n  <img decoding=\"async\" src=\"https:\/\/www.meydan.tv\/az\/25495\/\" alt=\"\" class=\"wp-image-25495\"\/><figcaption><\/figcaption><\/figure>\n<figure class=\"wp-block-image size-large\">\n  <img decoding=\"async\" src=\"https:\/\/www.meydan.tv\/az\/25495\/\" alt=\"\" class=\"wp-image-25495\"\/><figcaption><\/figcaption><\/figure>\n<p>\n  <i><br \/>\n    \u00a0D\u00f6vl\u0259t Bayra\u011f\u0131 Meydan\u0131 kompleksinin ke\u00e7mi\u015f idar\u0259 r\u0259isi erm\u0259ni \u0259silli oldu\u011fu bar\u0259d\u0259 m\u0259lumatlar\u0131 t\u0259kzib edib<br \/>\n  <\/i>\n<\/p>\n<p>\n  Bu bar\u0259d\u0259 Turan-a \u0130\u015fg\u0259nc\u0259l\u0259r \u018fleyhin\u0259 Komit\u0259nin s\u0259dri El\u00e7in Behbudov bildirib. Behbudov may\u0131n 29-da MTN-in istintaq t\u0259cridxanas\u0131nda R\u0259\u015fad M\u0259mm\u0259dova v\u0259 bu i\u015f \u00fczr\u0259 onunla birg\u0259 ke\u00e7\u0259n \u0130sf\u0259ndiyar \u0130sf\u0259ndiyarova v\u0259 Arzu M\u0259mm\u0259dova ba\u015f \u00e7\u0259kib. Komit\u0259 s\u0259drinin s\u00f6zl\u0259rin\u0259 g\u00f6r\u0259, onlar saxlanma \u015f\u0259raitind\u0259n v\u0259 onlara qar\u015f\u0131 davran\u0131\u015fdan \u015fikay\u0259t etm\u0259yibl\u0259r. H\u0259m\u00e7inin istintaq\u0131n gedi\u015fat\u0131ndan naraz\u0131l\u0131q bildirm\u0259yibl\u0259r.\n<\/p>\n<p>\n  H\u0259bs edil\u0259nl\u0259r d\u00f6vl\u0259t v\u0259kill\u0259ri il\u0259 t\u0259min edilibl\u0259r. El\u00e7in Behbudov M\u0259mm\u0259dovdan K\u0130V-in onun erm\u0259ni \u0259silli oldu\u011fu bar\u0259d\u0259 m\u0259lumatlar\u0131n\u0131 soru\u015fub, amma m\u0259hbus bunu t\u0259kzib edib.\n<\/p>\n<p>\n  Azimport \u015firk\u0259ti son ill\u0259r d\u00f6vl\u0259t b\u00fcdc\u0259sinin v\u0259saiti il\u0259 Bak\u0131 v\u0259 Ab\u015feronun abadla\u015fd\u0131r\u0131lmas\u0131 \u00fczr\u0259 b\u00f6y\u00fck podratlar h\u0259yata ke\u00e7irib.<\/p>\n","protected":false},"excerpt":{"rendered":"<p>D\u00f6vl\u0259t Bayra\u011f\u0131 Meydan\u0131 kompleksinin ke\u00e7mi\u015f idar\u0259 r\u0259isi erm\u0259ni \u0259silli oldu\u011fu bar\u0259d\u0259 m\u0259lumatlar\u0131 t\u0259kzib edib<\/p>\n","protected":false},"author":11,"featured_media":25495,"comment_status":"closed","ping_status":"open","sticky":false,"template":"","format":"standard","meta":{"_acf_changed":false,"_sitemap_exclude":false,"_sitemap_priority":"","_sitemap_frequency":"","footnotes":""},"categories":[56],"tags":[],"class_list":["post-168133","post","type-post","status-publish","format-standard","has-post-thumbnail","hentry","category-xeberler","infinite-scroll-item","generate-columns","tablet-grid-50","mobile-grid-100","grid-parent","grid-33","no-featured-image-padding"],"acf":[],"yoast_head":"<!-- This site is optimized with the Yoast SEO plugin v28.4 - https:\/\/yoast.com\/product\/yoast-seo-wordpress\/ -->\n<title>Azimport \u015firk\u0259tinin sahibi R\u0259\u015fad M\u0259mm\u0259dov f\u0131r\u0131ldaq\u00e7\u0131l\u0131qda ittiham olunur - MEYDAN.TV<\/title>\n<meta name=\"robots\" content=\"index, follow, max-snippet:-1, max-image-preview:large, max-video-preview:-1\" \/>\n<link rel=\"canonical\" href=\"https:\/\/www.meydan.tv\/az\/article\/azimport-sirketinin-sahibi-resad-memmedov-firildaqciliqda-ittiham-olunur\/\" \/>\n<meta property=\"og:locale\" content=\"az_AZ\" \/>\n<meta property=\"og:type\" content=\"article\" \/>\n<meta property=\"og:title\" content=\"Azimport \u015firk\u0259tinin sahibi R\u0259\u015fad M\u0259mm\u0259dov f\u0131r\u0131ldaq\u00e7\u0131l\u0131qda ittiham olunur - MEYDAN.TV\" \/>\n<meta property=\"og:description\" content=\"D\u00f6vl\u0259t Bayra\u011f\u0131 Meydan\u0131 kompleksinin ke\u00e7mi\u015f idar\u0259 r\u0259isi erm\u0259ni \u0259silli oldu\u011fu bar\u0259d\u0259 m\u0259lumatlar\u0131 t\u0259kzib edib\" \/>\n<meta property=\"og:url\" content=\"https:\/\/www.meydan.tv\/az\/article\/azimport-sirketinin-sahibi-resad-memmedov-firildaqciliqda-ittiham-olunur\/\" \/>\n<meta property=\"og:site_name\" content=\"MEYDAN.TV\" \/>\n<meta property=\"article:published_time\" content=\"2015-05-29T19:20:18+00:00\" \/>\n<meta property=\"og:image\" content=\"https:\/\/www.meydan.tv\/wp-content\/uploads\/9337.jpg\" \/>\n\t<meta property=\"og:image:width\" content=\"400\" \/>\n\t<meta property=\"og:image:height\" content=\"286\" \/>\n\t<meta property=\"og:image:type\" content=\"image\/jpeg\" \/>\n<meta name=\"twitter:card\" content=\"summary_large_image\" \/>\n<!-- \/ Yoast SEO plugin. -->","yoast_head_json":{"title":"Azimport \u015firk\u0259tinin sahibi R\u0259\u015fad M\u0259mm\u0259dov f\u0131r\u0131ldaq\u00e7\u0131l\u0131qda ittiham olunur - MEYDAN.TV","robots":{"index":"index","follow":"follow","max-snippet":"max-snippet:-1","max-image-preview":"max-image-preview:large","max-video-preview":"max-video-preview:-1"},"canonical":"https:\/\/www.meydan.tv\/az\/article\/azimport-sirketinin-sahibi-resad-memmedov-firildaqciliqda-ittiham-olunur\/","og_locale":"az_AZ","og_type":"article","og_title":"Azimport \u015firk\u0259tinin sahibi R\u0259\u015fad M\u0259mm\u0259dov f\u0131r\u0131ldaq\u00e7\u0131l\u0131qda ittiham olunur - MEYDAN.TV","og_description":"D\u00f6vl\u0259t Bayra\u011f\u0131 Meydan\u0131 kompleksinin ke\u00e7mi\u015f idar\u0259 r\u0259isi erm\u0259ni \u0259silli oldu\u011fu bar\u0259d\u0259 m\u0259lumatlar\u0131 t\u0259kzib edib","og_url":"https:\/\/www.meydan.tv\/az\/article\/azimport-sirketinin-sahibi-resad-memmedov-firildaqciliqda-ittiham-olunur\/","og_site_name":"MEYDAN.TV","article_published_time":"2015-05-29T19:20:18+00:00","og_image":[{"width":400,"height":286,"url":"https:\/\/www.meydan.tv\/wp-content\/uploads\/9337.jpg","type":"image\/jpeg"}],"twitter_card":"summary_large_image","schema":{"@context":"https:\/\/schema.org","@graph":[{"@type":"Article","@id":"https:\/\/www.meydan.tv\/az\/article\/azimport-sirketinin-sahibi-resad-memmedov-firildaqciliqda-ittiham-olunur\/#article","isPartOf":{"@id":"https:\/\/www.meydan.tv\/az\/article\/azimport-sirketinin-sahibi-resad-memmedov-firildaqciliqda-ittiham-olunur\/"},"author":{"name":"user-manager","@id":"https:\/\/www.meydan.tv\/az\/#\/schema\/person\/10d11eccf6da3662cf5fdab9806ea91a"},"headline":"Azimport \u015firk\u0259tinin sahibi R\u0259\u015fad M\u0259mm\u0259dov f\u0131r\u0131ldaq\u00e7\u0131l\u0131qda ittiham olunur","datePublished":"2015-05-29T19:20:18+00:00","mainEntityOfPage":{"@id":"https:\/\/www.meydan.tv\/az\/article\/azimport-sirketinin-sahibi-resad-memmedov-firildaqciliqda-ittiham-olunur\/"},"wordCount":201,"publisher":{"@id":"https:\/\/www.meydan.tv\/az\/#organization"},"image":{"@id":"https:\/\/www.meydan.tv\/az\/article\/azimport-sirketinin-sahibi-resad-memmedov-firildaqciliqda-ittiham-olunur\/#primaryimage"},"thumbnailUrl":"https:\/\/www.meydan.tv\/wp-content\/uploads\/9337.jpg","articleSection":["X\u0259b\u0259rl\u0259r"],"inLanguage":"az"},{"@type":"WebPage","@id":"https:\/\/www.meydan.tv\/az\/article\/azimport-sirketinin-sahibi-resad-memmedov-firildaqciliqda-ittiham-olunur\/","url":"https:\/\/www.meydan.tv\/az\/article\/azimport-sirketinin-sahibi-resad-memmedov-firildaqciliqda-ittiham-olunur\/","name":"Azimport \u015firk\u0259tinin sahibi R\u0259\u015fad M\u0259mm\u0259dov f\u0131r\u0131ldaq\u00e7\u0131l\u0131qda ittiham olunur - MEYDAN.TV","isPartOf":{"@id":"https:\/\/www.meydan.tv\/az\/#website"},"primaryImageOfPage":{"@id":"https:\/\/www.meydan.tv\/az\/article\/azimport-sirketinin-sahibi-resad-memmedov-firildaqciliqda-ittiham-olunur\/#primaryimage"},"image":{"@id":"https:\/\/www.meydan.tv\/az\/article\/azimport-sirketinin-sahibi-resad-memmedov-firildaqciliqda-ittiham-olunur\/#primaryimage"},"thumbnailUrl":"https:\/\/www.meydan.tv\/wp-content\/uploads\/9337.jpg","datePublished":"2015-05-29T19:20:18+00:00","breadcrumb":{"@id":"https:\/\/www.meydan.tv\/az\/article\/azimport-sirketinin-sahibi-resad-memmedov-firildaqciliqda-ittiham-olunur\/#breadcrumb"},"inLanguage":"az","potentialAction":[{"@type":"ReadAction","target":["https:\/\/www.meydan.tv\/az\/article\/azimport-sirketinin-sahibi-resad-memmedov-firildaqciliqda-ittiham-olunur\/"]}]},{"@type":"ImageObject","inLanguage":"az","@id":"https:\/\/www.meydan.tv\/az\/article\/azimport-sirketinin-sahibi-resad-memmedov-firildaqciliqda-ittiham-olunur\/#primaryimage","url":"https:\/\/www.meydan.tv\/wp-content\/uploads\/9337.jpg","contentUrl":"https:\/\/www.meydan.tv\/wp-content\/uploads\/9337.jpg","width":400,"height":286,"caption":"Source:"},{"@type":"BreadcrumbList","@id":"https:\/\/www.meydan.tv\/az\/article\/azimport-sirketinin-sahibi-resad-memmedov-firildaqciliqda-ittiham-olunur\/#breadcrumb","itemListElement":[{"@type":"ListItem","position":1,"name":"Ana s\u0259hif\u0259","item":"https:\/\/www.meydan.tv\/az\/"},{"@type":"ListItem","position":2,"name":"X\u0259b\u0259rl\u0259r","item":"https:\/\/www.meydan.tv\/az\/section\/xeberler\/"},{"@type":"ListItem","position":3,"name":"Azimport \u015firk\u0259tinin sahibi R\u0259\u015fad M\u0259mm\u0259dov f\u0131r\u0131ldaq\u00e7\u0131l\u0131qda ittiham olunur"}]},{"@type":"WebSite","@id":"https:\/\/www.meydan.tv\/az\/#website","url":"https:\/\/www.meydan.tv\/az\/","name":"MEYDAN.TV","description":"Meydan TV Az\u0259rbaycan\u0131n media m\u0259kan\u0131ndak\u0131 alternativ s\u0259sidir","publisher":{"@id":"https:\/\/www.meydan.tv\/az\/#organization"},"potentialAction":[{"@type":"SearchAction","target":{"@type":"EntryPoint","urlTemplate":"https:\/\/www.meydan.tv\/az\/?s={search_term_string}"},"query-input":{"@type":"PropertyValueSpecification","valueRequired":true,"valueName":"search_term_string"}}],"inLanguage":"az"},{"@type":"Organization","@id":"https:\/\/www.meydan.tv\/az\/#organization","name":"Meydan TV","url":"https:\/\/www.meydan.tv\/az\/","logo":{"@type":"ImageObject","inLanguage":"az","@id":"https:\/\/www.meydan.tv\/az\/#\/schema\/logo\/image\/","url":"https:\/\/www.meydan.tv\/wp-content\/uploads\/2021\/07\/meydan-logo.svg","contentUrl":"https:\/\/www.meydan.tv\/wp-content\/uploads\/2021\/07\/meydan-logo.svg","width":195,"height":46,"caption":"Meydan TV"},"image":{"@id":"https:\/\/www.meydan.tv\/az\/#\/schema\/logo\/image\/"}},{"@type":"Person","@id":"https:\/\/www.meydan.tv\/az\/#\/schema\/person\/10d11eccf6da3662cf5fdab9806ea91a","name":"user-manager"}]}},"_links":{"self":[{"href":"https:\/\/www.meydan.tv\/az\/wp-json\/wp\/v2\/posts\/168133","targetHints":{"allow":["GET"]}}],"collection":[{"href":"https:\/\/www.meydan.tv\/az\/wp-json\/wp\/v2\/posts"}],"about":[{"href":"https:\/\/www.meydan.tv\/az\/wp-json\/wp\/v2\/types\/post"}],"author":[{"embeddable":true,"href":"https:\/\/www.meydan.tv\/az\/wp-json\/wp\/v2\/users\/11"}],"replies":[{"embeddable":true,"href":"https:\/\/www.meydan.tv\/az\/wp-json\/wp\/v2\/comments?post=168133"}],"version-history":[{"count":0,"href":"https:\/\/www.meydan.tv\/az\/wp-json\/wp\/v2\/posts\/168133\/revisions"}],"wp:featuredmedia":[{"embeddable":true,"href":"https:\/\/www.meydan.tv\/az\/wp-json\/wp\/v2\/media\/25495"}],"wp:attachment":[{"href":"https:\/\/www.meydan.tv\/az\/wp-json\/wp\/v2\/media?parent=168133"}],"wp:term":[{"taxonomy":"category","embeddable":true,"href":"https:\/\/www.meydan.tv\/az\/wp-json\/wp\/v2\/categories?post=168133"},{"taxonomy":"post_tag","embeddable":true,"href":"https:\/\/www.meydan.tv\/az\/wp-json\/wp\/v2\/tags?post=168133"}],"curies":[{"name":"wp","href":"https:\/\/api.w.org\/{rel}","templated":true}]}}