{"id":168132,"date":"2015-05-29T17:42:01","date_gmt":"2015-05-29T17:42:01","guid":{"rendered":"https:\/\/www.meydan.tv\/article\/mubariz-qurbanliya-qederki-sedrler-bir-ellerinde-sallaq-dini-icmalari-daim-hedeleyibler\/"},"modified":"2015-05-29T17:42:01","modified_gmt":"2015-05-29T17:42:01","slug":"mubariz-qurbanliya-qederki-sedrler-bir-ellerinde-sallaq-dini-icmalari-daim-hedeleyibler","status":"publish","type":"post","link":"https:\/\/www.meydan.tv\/az\/article\/mubariz-qurbanliya-qederki-sedrler-bir-ellerinde-sallaq-dini-icmalari-daim-hedeleyibler\/","title":{"rendered":"&#8220;M\u00fcbariz Qurbanl\u0131ya q\u0259d\u0259rki s\u0259drl\u0259r bir \u0259ll\u0259rind\u0259 \u015fallaq dini icmalar\u0131 daim h\u0259d\u0259l\u0259yibl\u0259r&#8221;"},"content":{"rendered":"<figure class=\"wp-block-image size-large\">\n  <img decoding=\"async\" src=\"https:\/\/www.meydan.tv\/az\/25489\/\" alt=\"\" class=\"wp-image-25489\"\/><figcaption><\/figcaption><\/figure>\n<figure class=\"wp-block-image size-large\">\n  <img decoding=\"async\" src=\"https:\/\/www.meydan.tv\/az\/25489\/\" alt=\"\" class=\"wp-image-25489\"\/><figcaption><\/figcaption><\/figure>\n<p>\n  Putin \u015eeyxi d\u0259 m\u00fckafatland\u0131rd\u0131\n<\/p>\n<p>\n  May\u0131n 29-da Qafqaz M\u00fcs\u0259lmanlar\u0131 \u0130dar\u0259sinin (QM\u0130) s\u0259dri, \u015eeyx\u00fclislam Allah\u015f\u00fck\u00fcr Pa\u015fazad\u0259nin diplomla t\u0259ltif olunmas\u0131 il\u0259 ba\u011fl\u0131 idar\u0259d\u0259 toplant\u0131 ke\u00e7irilib.\n<\/p>\n<p>\n  T\u0259dbird\u0259 \u00e7\u0131x\u0131\u015f ed\u0259n RF-nin Az\u0259rbaycandak\u0131 s\u0259firi Vladimir Doroxin bu il may\u0131n 12-d\u0259 RF prezidenti Vladimir Putinin A.Pa\u015fazad\u0259y\u0259 t\u0259\u015f\u0259kk\u00fcr elan etdiyini deyib v\u0259 t\u0259\u015f\u0259kk\u00fcr \u0259ksini tapan diplomu QM\u0130 s\u0259drin\u0259 t\u0259qdim edib. A.Pa\u015fazad\u0259 konfessiyalararas\u0131 f\u0259aliyy\u0259t sah\u0259sind\u0259 \u201cx\u00fcsusi xidm\u0259tl\u0259ri\u201dn\u0259 g\u00f6r\u0259 t\u0259\u015f\u0259kk\u00fcr\u0259 layiq g\u00f6r\u00fcl\u00fcb. S\u0259fir A.Pa\u015fazad\u0259nin Rusiyan\u0131n b\u00fct\u00fcn ordenl\u0259ril\u0259 t\u0259ltif edildiyini xat\u0131rladaraq, bundan sonra da t\u0259ltif olunaca\u011f\u0131 anonsu verib. QM\u0130 s\u0259drini f\u0259aliyy\u0259tini qar\u015f\u0131s\u0131na qoydu\u011fu \u015f\u0259kild\u0259 y\u00f6nl\u0259ndir\u0259n \u015f\u0259xs kimi d\u0259y\u0259rl\u0259ndir\u0259n s\u0259fir Az\u0259rbaycanda tolerant m\u00fchitin yarad\u0131lmas\u0131nda da A.Pa\u015fazad\u0259nin x\u00fcsusi rolu oldu\u011funu vur\u011fulay\u0131b. S\u0259fir V.Doroxin Az\u0259rbaycanda islam v\u0259 pravoslav xristian konfessiyalar\u0131 aras\u0131nda yax\u015f\u0131 m\u00fcnasib\u0259tl\u0259r oldu\u011funu dey\u0259r\u0259k, katolikl\u0259rl\u0259 pravoslavlar aras\u0131nda bel\u0259 m\u00fcnasib\u0259t olmad\u0131\u011f\u0131n\u0131 s\u00f6yl\u0259yib. Daha sonra diplomat h\u0259r iki \u00f6lk\u0259 aras\u0131nda \u0259laq\u0259l\u0259rin d\u0259 inki\u015faf etm\u0259si haqda dan\u0131\u015faraq, bu sah\u0259d\u0259 d\u0259 A.Pa\u015fazad\u0259nin rolu oldu\u011funu n\u0259z\u0259r\u0259 \u00e7atd\u0131r\u0131b.\n<\/p>\n<p>\n  Daha sonra QM\u0130 s\u0259dri \u00e7\u0131x\u0131\u015f ed\u0259r\u0259k, bu xo\u015f m\u00fcjd\u0259y\u0259 g\u00f6r\u0259 sevindiyini s\u00f6yl\u0259yib. Xarici \u00f6lk\u0259l\u0259rin 16 ordenini ald\u0131\u011f\u0131n\u0131 dey\u0259n A.Pa\u015fazad\u0259 bu s\u0131rada Rusiyadan ald\u0131\u011f\u0131 m\u00fckafatlar\u0131 daha qiym\u0259tli sayd\u0131\u011f\u0131n\u0131 deyib.\n<\/p>\n<p>\n  Az\u0259rbaycan v\u0259 Rusiya aras\u0131nda \u0259laq\u0259l\u0259rin y\u00fcks\u0259k d\u0259r\u0259c\u0259d\u0259 inki\u015faf etdiyini vur\u011fulay\u0131b. Daha sonra QM\u0130 s\u0259dri m\u00fcst\u0259qillikd\u0259n sonra b\u0259zi sovet \u00f6lk\u0259l\u0259rinin Rusiyadan \u00fcz \u00e7evirdiyini, amma Az\u0259rbaycan\u0131n m\u00fcnasib\u0259tl\u0259ri yax\u015f\u0131 s\u0259viyy\u0259d\u0259 saxlamas\u0131na diqq\u0259t \u00e7\u0259kib. Rus Pravoslav Kils\u0259sinin (RPK) ilk yeparxiyan\u0131\u00a0 Bak\u0131da a\u00e7mas\u0131n\u0131 A.Pa\u015fazad\u0259 bu m\u00fcnasib\u0259tl\u0259rin g\u00f6st\u0259ricisi kimi d\u0259y\u0259rl\u0259ndirib.\n<\/p>\n<p>\n  QM\u0130 s\u0259dri Qaraba\u011f m\u00fcnaqi\u015f\u0259sinin ilk ill\u0259rind\u0259 erm\u0259ni t\u0259r\u0259fin bunu dini z\u0259minli m\u00fcnaqi\u015f\u0259 kimi t\u0259qdim etm\u0259sinin qar\u015f\u0131s\u0131n\u0131 RPK-n\u0131n ald\u0131\u011f\u0131n\u0131 xat\u0131rlad\u0131b.\n<\/p>\n<p>\n  Rusiya il\u0259 Az\u0259rbaycan aras\u0131nda b\u0259zi naraz\u0131l\u0131qlara g\u0259linc\u0259, A.Pa\u015fazad\u0259y\u0259 g\u00f6r\u0259, bu, h\u0259r iki d\u00f6vl\u0259ti \u201cg\u00f6z\u00fc g\u00f6t\u00fcrm\u0259y\u0259n\u201d q\u00fcvv\u0259l\u0259rin i\u015fidir.\n<\/p>\n<p>\n  Daha sonra QM\u0130 s\u0259dri QM\u0130 v\u0259 Dini Qurumlarla i\u015f \u00fczr\u0259 D\u00f6vl\u0259t Komit\u0259si aras\u0131ndak\u0131 m\u00fcnasib\u0259tl\u0259r\u0259 toxunub. Onun s\u00f6zl\u0259rin\u0259 g\u00f6r\u0259, yaln\u0131z M\u00fcbariz Qurbanl\u0131n\u0131n s\u0259drliyi d\u00f6vr\u00fcnd\u0259 komit\u0259 il\u0259 QM\u0130 aras\u0131nda indiki kimi y\u00fcks\u0259k s\u0259viyy\u0259li \u0259laq\u0259l\u0259r olub. Onun s\u00f6zl\u0259rin\u0259 g\u00f6r\u0259, M.Qurbanl\u0131ya q\u0259d\u0259rki s\u0259drl\u0259r bir \u0259ll\u0259rind\u0259 \u015fallaq dini icmalar\u0131 daim h\u0259d\u0259l\u0259yibl\u0259r. Son olaraq, A.Pa\u015fazad\u0259 RF-ni Qaraba\u011f m\u00fcnaqi\u015f\u0259sini tezlikl\u0259 h\u0259ll etm\u0259y\u0259 \u00e7a\u011f\u0131r\u0131b (Turan \u0130A).\n<\/p><\/p>\n","protected":false},"excerpt":{"rendered":"<p>Putin \u015eeyxi d\u0259 m\u00fckafatland\u0131rd\u0131<\/p>\n","protected":false},"author":11,"featured_media":25489,"comment_status":"closed","ping_status":"open","sticky":false,"template":"","format":"standard","meta":{"_acf_changed":false,"_sitemap_exclude":false,"_sitemap_priority":"","_sitemap_frequency":"","footnotes":""},"categories":[56],"tags":[],"class_list":["post-168132","post","type-post","status-publish","format-standard","has-post-thumbnail","hentry","category-xeberler","infinite-scroll-item","generate-columns","tablet-grid-50","mobile-grid-100","grid-parent","grid-33","no-featured-image-padding"],"acf":[],"yoast_head":"<!-- This site is optimized with the Yoast SEO plugin v28.4 - https:\/\/yoast.com\/product\/yoast-seo-wordpress\/ -->\n<title>&quot;M\u00fcbariz Qurbanl\u0131ya q\u0259d\u0259rki s\u0259drl\u0259r bir \u0259ll\u0259rind\u0259 \u015fallaq dini icmalar\u0131 daim h\u0259d\u0259l\u0259yibl\u0259r&quot; - MEYDAN.TV<\/title>\n<meta name=\"robots\" content=\"index, follow, max-snippet:-1, max-image-preview:large, max-video-preview:-1\" \/>\n<link rel=\"canonical\" href=\"https:\/\/www.meydan.tv\/az\/article\/mubariz-qurbanliya-qederki-sedrler-bir-ellerinde-sallaq-dini-icmalari-daim-hedeleyibler\/\" \/>\n<meta property=\"og:locale\" content=\"az_AZ\" \/>\n<meta property=\"og:type\" content=\"article\" \/>\n<meta property=\"og:title\" content=\"&quot;M\u00fcbariz Qurbanl\u0131ya q\u0259d\u0259rki s\u0259drl\u0259r bir \u0259ll\u0259rind\u0259 \u015fallaq dini icmalar\u0131 daim h\u0259d\u0259l\u0259yibl\u0259r&quot; - MEYDAN.TV\" \/>\n<meta property=\"og:description\" content=\"Putin \u015eeyxi d\u0259 m\u00fckafatland\u0131rd\u0131\" \/>\n<meta property=\"og:url\" content=\"https:\/\/www.meydan.tv\/az\/article\/mubariz-qurbanliya-qederki-sedrler-bir-ellerinde-sallaq-dini-icmalari-daim-hedeleyibler\/\" \/>\n<meta property=\"og:site_name\" content=\"MEYDAN.TV\" \/>\n<meta property=\"article:published_time\" content=\"2015-05-29T17:42:01+00:00\" \/>\n<meta property=\"og:image\" content=\"https:\/\/www.meydan.tv\/wp-content\/uploads\/9338.jpg\" \/>\n\t<meta property=\"og:image:width\" content=\"720\" \/>\n\t<meta property=\"og:image:height\" content=\"500\" \/>\n\t<meta property=\"og:image:type\" content=\"image\/jpeg\" \/>\n<meta name=\"twitter:card\" content=\"summary_large_image\" \/>\n<!-- \/ Yoast SEO plugin. -->","yoast_head_json":{"title":"\"M\u00fcbariz Qurbanl\u0131ya q\u0259d\u0259rki s\u0259drl\u0259r bir \u0259ll\u0259rind\u0259 \u015fallaq dini icmalar\u0131 daim h\u0259d\u0259l\u0259yibl\u0259r\" - MEYDAN.TV","robots":{"index":"index","follow":"follow","max-snippet":"max-snippet:-1","max-image-preview":"max-image-preview:large","max-video-preview":"max-video-preview:-1"},"canonical":"https:\/\/www.meydan.tv\/az\/article\/mubariz-qurbanliya-qederki-sedrler-bir-ellerinde-sallaq-dini-icmalari-daim-hedeleyibler\/","og_locale":"az_AZ","og_type":"article","og_title":"\"M\u00fcbariz Qurbanl\u0131ya q\u0259d\u0259rki s\u0259drl\u0259r bir \u0259ll\u0259rind\u0259 \u015fallaq dini icmalar\u0131 daim h\u0259d\u0259l\u0259yibl\u0259r\" - MEYDAN.TV","og_description":"Putin \u015eeyxi d\u0259 m\u00fckafatland\u0131rd\u0131","og_url":"https:\/\/www.meydan.tv\/az\/article\/mubariz-qurbanliya-qederki-sedrler-bir-ellerinde-sallaq-dini-icmalari-daim-hedeleyibler\/","og_site_name":"MEYDAN.TV","article_published_time":"2015-05-29T17:42:01+00:00","og_image":[{"width":720,"height":500,"url":"https:\/\/www.meydan.tv\/wp-content\/uploads\/9338.jpg","type":"image\/jpeg"}],"twitter_card":"summary_large_image","schema":{"@context":"https:\/\/schema.org","@graph":[{"@type":"Article","@id":"https:\/\/www.meydan.tv\/az\/article\/mubariz-qurbanliya-qederki-sedrler-bir-ellerinde-sallaq-dini-icmalari-daim-hedeleyibler\/#article","isPartOf":{"@id":"https:\/\/www.meydan.tv\/az\/article\/mubariz-qurbanliya-qederki-sedrler-bir-ellerinde-sallaq-dini-icmalari-daim-hedeleyibler\/"},"author":{"name":"user-manager","@id":"https:\/\/www.meydan.tv\/az\/#\/schema\/person\/10d11eccf6da3662cf5fdab9806ea91a"},"headline":"&#8220;M\u00fcbariz Qurbanl\u0131ya q\u0259d\u0259rki s\u0259drl\u0259r bir \u0259ll\u0259rind\u0259 \u015fallaq dini icmalar\u0131 daim h\u0259d\u0259l\u0259yibl\u0259r&#8221;","datePublished":"2015-05-29T17:42:01+00:00","mainEntityOfPage":{"@id":"https:\/\/www.meydan.tv\/az\/article\/mubariz-qurbanliya-qederki-sedrler-bir-ellerinde-sallaq-dini-icmalari-daim-hedeleyibler\/"},"wordCount":586,"publisher":{"@id":"https:\/\/www.meydan.tv\/az\/#organization"},"image":{"@id":"https:\/\/www.meydan.tv\/az\/article\/mubariz-qurbanliya-qederki-sedrler-bir-ellerinde-sallaq-dini-icmalari-daim-hedeleyibler\/#primaryimage"},"thumbnailUrl":"https:\/\/www.meydan.tv\/wp-content\/uploads\/9338.jpg","articleSection":["X\u0259b\u0259rl\u0259r"],"inLanguage":"az"},{"@type":"WebPage","@id":"https:\/\/www.meydan.tv\/az\/article\/mubariz-qurbanliya-qederki-sedrler-bir-ellerinde-sallaq-dini-icmalari-daim-hedeleyibler\/","url":"https:\/\/www.meydan.tv\/az\/article\/mubariz-qurbanliya-qederki-sedrler-bir-ellerinde-sallaq-dini-icmalari-daim-hedeleyibler\/","name":"\"M\u00fcbariz Qurbanl\u0131ya q\u0259d\u0259rki s\u0259drl\u0259r bir \u0259ll\u0259rind\u0259 \u015fallaq dini icmalar\u0131 daim h\u0259d\u0259l\u0259yibl\u0259r\" - MEYDAN.TV","isPartOf":{"@id":"https:\/\/www.meydan.tv\/az\/#website"},"primaryImageOfPage":{"@id":"https:\/\/www.meydan.tv\/az\/article\/mubariz-qurbanliya-qederki-sedrler-bir-ellerinde-sallaq-dini-icmalari-daim-hedeleyibler\/#primaryimage"},"image":{"@id":"https:\/\/www.meydan.tv\/az\/article\/mubariz-qurbanliya-qederki-sedrler-bir-ellerinde-sallaq-dini-icmalari-daim-hedeleyibler\/#primaryimage"},"thumbnailUrl":"https:\/\/www.meydan.tv\/wp-content\/uploads\/9338.jpg","datePublished":"2015-05-29T17:42:01+00:00","breadcrumb":{"@id":"https:\/\/www.meydan.tv\/az\/article\/mubariz-qurbanliya-qederki-sedrler-bir-ellerinde-sallaq-dini-icmalari-daim-hedeleyibler\/#breadcrumb"},"inLanguage":"az","potentialAction":[{"@type":"ReadAction","target":["https:\/\/www.meydan.tv\/az\/article\/mubariz-qurbanliya-qederki-sedrler-bir-ellerinde-sallaq-dini-icmalari-daim-hedeleyibler\/"]}]},{"@type":"ImageObject","inLanguage":"az","@id":"https:\/\/www.meydan.tv\/az\/article\/mubariz-qurbanliya-qederki-sedrler-bir-ellerinde-sallaq-dini-icmalari-daim-hedeleyibler\/#primaryimage","url":"https:\/\/www.meydan.tv\/wp-content\/uploads\/9338.jpg","contentUrl":"https:\/\/www.meydan.tv\/wp-content\/uploads\/9338.jpg","width":720,"height":500,"caption":"Source:"},{"@type":"BreadcrumbList","@id":"https:\/\/www.meydan.tv\/az\/article\/mubariz-qurbanliya-qederki-sedrler-bir-ellerinde-sallaq-dini-icmalari-daim-hedeleyibler\/#breadcrumb","itemListElement":[{"@type":"ListItem","position":1,"name":"Ana s\u0259hif\u0259","item":"https:\/\/www.meydan.tv\/az\/"},{"@type":"ListItem","position":2,"name":"X\u0259b\u0259rl\u0259r","item":"https:\/\/www.meydan.tv\/az\/section\/xeberler\/"},{"@type":"ListItem","position":3,"name":"&#8220;M\u00fcbariz Qurbanl\u0131ya q\u0259d\u0259rki s\u0259drl\u0259r bir \u0259ll\u0259rind\u0259 \u015fallaq dini icmalar\u0131 daim h\u0259d\u0259l\u0259yibl\u0259r&#8221;"}]},{"@type":"WebSite","@id":"https:\/\/www.meydan.tv\/az\/#website","url":"https:\/\/www.meydan.tv\/az\/","name":"MEYDAN.TV","description":"Meydan TV Az\u0259rbaycan\u0131n media m\u0259kan\u0131ndak\u0131 alternativ s\u0259sidir","publisher":{"@id":"https:\/\/www.meydan.tv\/az\/#organization"},"potentialAction":[{"@type":"SearchAction","target":{"@type":"EntryPoint","urlTemplate":"https:\/\/www.meydan.tv\/az\/?s={search_term_string}"},"query-input":{"@type":"PropertyValueSpecification","valueRequired":true,"valueName":"search_term_string"}}],"inLanguage":"az"},{"@type":"Organization","@id":"https:\/\/www.meydan.tv\/az\/#organization","name":"Meydan TV","url":"https:\/\/www.meydan.tv\/az\/","logo":{"@type":"ImageObject","inLanguage":"az","@id":"https:\/\/www.meydan.tv\/az\/#\/schema\/logo\/image\/","url":"https:\/\/www.meydan.tv\/wp-content\/uploads\/2021\/07\/meydan-logo.svg","contentUrl":"https:\/\/www.meydan.tv\/wp-content\/uploads\/2021\/07\/meydan-logo.svg","width":195,"height":46,"caption":"Meydan TV"},"image":{"@id":"https:\/\/www.meydan.tv\/az\/#\/schema\/logo\/image\/"}},{"@type":"Person","@id":"https:\/\/www.meydan.tv\/az\/#\/schema\/person\/10d11eccf6da3662cf5fdab9806ea91a","name":"user-manager"}]}},"_links":{"self":[{"href":"https:\/\/www.meydan.tv\/az\/wp-json\/wp\/v2\/posts\/168132","targetHints":{"allow":["GET"]}}],"collection":[{"href":"https:\/\/www.meydan.tv\/az\/wp-json\/wp\/v2\/posts"}],"about":[{"href":"https:\/\/www.meydan.tv\/az\/wp-json\/wp\/v2\/types\/post"}],"author":[{"embeddable":true,"href":"https:\/\/www.meydan.tv\/az\/wp-json\/wp\/v2\/users\/11"}],"replies":[{"embeddable":true,"href":"https:\/\/www.meydan.tv\/az\/wp-json\/wp\/v2\/comments?post=168132"}],"version-history":[{"count":0,"href":"https:\/\/www.meydan.tv\/az\/wp-json\/wp\/v2\/posts\/168132\/revisions"}],"wp:featuredmedia":[{"embeddable":true,"href":"https:\/\/www.meydan.tv\/az\/wp-json\/wp\/v2\/media\/25489"}],"wp:attachment":[{"href":"https:\/\/www.meydan.tv\/az\/wp-json\/wp\/v2\/media?parent=168132"}],"wp:term":[{"taxonomy":"category","embeddable":true,"href":"https:\/\/www.meydan.tv\/az\/wp-json\/wp\/v2\/categories?post=168132"},{"taxonomy":"post_tag","embeddable":true,"href":"https:\/\/www.meydan.tv\/az\/wp-json\/wp\/v2\/tags?post=168132"}],"curies":[{"name":"wp","href":"https:\/\/api.w.org\/{rel}","templated":true}]}}