{"id":168131,"date":"2015-05-29T16:59:59","date_gmt":"2015-05-29T16:59:59","guid":{"rendered":"https:\/\/www.meydan.tv\/article\/cox-yuksek-cinli-siyasetciler-eliyevle-goruslerinde-hec-vaxt-insan-haqlari-meselesine-toxunmurlar\/"},"modified":"2015-05-29T16:59:59","modified_gmt":"2015-05-29T16:59:59","slug":"cox-yuksek-cinli-siyasetciler-eliyevle-goruslerinde-hec-vaxt-insan-haqlari-meselesine-toxunmurlar","status":"publish","type":"post","link":"https:\/\/www.meydan.tv\/az\/article\/cox-yuksek-cinli-siyasetciler-eliyevle-goruslerinde-hec-vaxt-insan-haqlari-meselesine-toxunmurlar\/","title":{"rendered":"&#8220;\u00c7ox y\u00fcks\u0259k \u00e7inli siyas\u0259t\u00e7il\u0259r \u018fliyevl\u0259 g\u00f6r\u00fc\u015fl\u0259rind\u0259 he\u00e7 vaxt insan haqlar\u0131 m\u0259s\u0259l\u0259sin\u0259 toxunmurlar&#8221;"},"content":{"rendered":"<figure class=\"wp-block-image size-large\">\n  <img decoding=\"async\" src=\"https:\/\/www.meydan.tv\/az\/25483\/\" alt=\"\" class=\"wp-image-25483\"\/><figcaption><\/figcaption><\/figure>\n<figure class=\"wp-block-image size-large\">\n  <img decoding=\"async\" src=\"https:\/\/www.meydan.tv\/az\/25483\/\" alt=\"\" class=\"wp-image-25483\"\/><figcaption><\/figcaption><\/figure>\n<p>\n  <i><br \/>\n    &#8220;M\u0259n \u00fczv d\u00f6vl\u0259tl\u0259ri, \u0259sas\u0259n bunu he\u00e7 vaxt etm\u0259y\u0259nl\u0259ri m\u0259s\u0259l\u0259nin h\u0259lli \u00fc\u00e7\u00fcn s\u0259sini qald\u0131rma\u011fa, siyasi n\u00fcfuzundan istifad\u0259y\u0259 \u00e7a\u011f\u0131r\u0131ram\u201d<br \/>\n  <\/i>\n<\/p>\n<p>\n  \u201cBizim Az\u0259rbaycana g\u00f6st\u0259rdiyimiz t\u0259zyiq el\u0259 d\u0259 b\u00f6y\u00fck deyil. Ancaq bu, he\u00e7 d\u0259 bizim Az\u0259rbaycana t\u0259sir g\u00f6st\u0259rm\u0259k c\u0259hdl\u0259rind\u0259n imtina etm\u0259yimiz anlam\u0131na g\u0259lmir\u201d, &#8211; Avropa \u0130ttifaq\u0131n\u0131n qon\u015fuluq siyas\u0259ti v\u0259 geni\u015fl\u0259nm\u0259 m\u0259s\u0259l\u0259l\u0259ri \u00fczr\u0259 komissar\u0131 Yohannes Han may\u0131n 28-d\u0259 Br\u00fcsseld\u0259 Konrad Adenauer\u00a0 Fondunun forumunda bildirib.\n<\/p>\n<p>\n  Bu a\u00e7\u0131qlaman\u0131 Azadl\u0131q Radiosu yay\u0131b.\n<\/p>\n<p>\n  Komissar etiraf edib ki, A\u0130 n\u00fcmay\u0259nd\u0259l\u0259ri bu m\u0259s\u0259l\u0259l\u0259ri Az\u0259rbaycan prezidenti \u0130lham \u018fliyevin v\u0259 dig\u0259r r\u0259smi \u015f\u0259xsl\u0259rin qar\u015f\u0131s\u0131nda qald\u0131r\u0131rlar. Lakin t\u0259r\u0259rl\u0259r aras\u0131nda fikir ayr\u0131l\u0131\u011f\u0131 var.\n<\/p>\n<p>\n  \u201cAncaq bir \u015feyi d\u0259 dem\u0259liy\u0259m ki, b\u0259zi A\u0130 d\u00f6vl\u0259tl\u0259rinin t\u0259msil\u00e7il\u0259ri \u2013 \u00e7ox y\u00fcks\u0259k \u00e7inli siyas\u0259t\u00e7il\u0259r \u2013 ikit\u0259r\u0259fli g\u00f6r\u00fc\u015fl\u0259rind\u0259 he\u00e7 vaxt bu m\u0259s\u0259l\u0259y\u0259 toxunmay\u0131blar.M\u0259s\u0259l\u0259ni izl\u0259y\u0259n el\u0259 Avropa \u0130ttifaq\u0131d\u0131r. M\u0259n \u00fczv d\u00f6vl\u0259tl\u0259ri, \u0259sas\u0259n bunu he\u00e7 vaxt etm\u0259y\u0259nl\u0259ri m\u0259s\u0259l\u0259nin h\u0259lli \u00fc\u00e7\u00fcn s\u0259sini qald\u0131rma\u011fa, siyasi n\u00fcfuzundan istifad\u0259y\u0259 \u00e7a\u011f\u0131r\u0131ram\u201d, &#8211; komissar vur\u011fulay\u0131b.<\/p>\n","protected":false},"excerpt":{"rendered":"<p>&#8220;M\u0259n \u00fczv d\u00f6vl\u0259tl\u0259ri, \u0259sas\u0259n bunu he\u00e7 vaxt etm\u0259y\u0259nl\u0259ri m\u0259s\u0259l\u0259nin h\u0259lli \u00fc\u00e7\u00fcn s\u0259sini qald\u0131rma\u011fa, siyasi n\u00fcfuzundan istifad\u0259y\u0259 \u00e7a\u011f\u0131r\u0131ram\u201d<\/p>\n","protected":false},"author":11,"featured_media":25483,"comment_status":"closed","ping_status":"open","sticky":false,"template":"","format":"standard","meta":{"_acf_changed":false,"_sitemap_exclude":false,"_sitemap_priority":"","_sitemap_frequency":"","footnotes":""},"categories":[56],"tags":[],"class_list":["post-168131","post","type-post","status-publish","format-standard","has-post-thumbnail","hentry","category-xeberler","infinite-scroll-item","generate-columns","tablet-grid-50","mobile-grid-100","grid-parent","grid-33","no-featured-image-padding"],"acf":[],"yoast_head":"<!-- This site is optimized with the Yoast SEO plugin v28.4 - https:\/\/yoast.com\/product\/yoast-seo-wordpress\/ -->\n<title>&quot;\u00c7ox y\u00fcks\u0259k \u00e7inli siyas\u0259t\u00e7il\u0259r \u018fliyevl\u0259 g\u00f6r\u00fc\u015fl\u0259rind\u0259 he\u00e7 vaxt insan haqlar\u0131 m\u0259s\u0259l\u0259sin\u0259 toxunmurlar&quot; - MEYDAN.TV<\/title>\n<meta name=\"robots\" content=\"index, follow, max-snippet:-1, max-image-preview:large, max-video-preview:-1\" \/>\n<link rel=\"canonical\" href=\"https:\/\/www.meydan.tv\/az\/article\/cox-yuksek-cinli-siyasetciler-eliyevle-goruslerinde-hec-vaxt-insan-haqlari-meselesine-toxunmurlar\/\" \/>\n<meta property=\"og:locale\" content=\"az_AZ\" \/>\n<meta property=\"og:type\" content=\"article\" \/>\n<meta property=\"og:title\" content=\"&quot;\u00c7ox y\u00fcks\u0259k \u00e7inli siyas\u0259t\u00e7il\u0259r \u018fliyevl\u0259 g\u00f6r\u00fc\u015fl\u0259rind\u0259 he\u00e7 vaxt insan haqlar\u0131 m\u0259s\u0259l\u0259sin\u0259 toxunmurlar&quot; - MEYDAN.TV\" \/>\n<meta property=\"og:description\" content=\"&quot;M\u0259n \u00fczv d\u00f6vl\u0259tl\u0259ri, \u0259sas\u0259n bunu he\u00e7 vaxt etm\u0259y\u0259nl\u0259ri m\u0259s\u0259l\u0259nin h\u0259lli \u00fc\u00e7\u00fcn s\u0259sini qald\u0131rma\u011fa, siyasi n\u00fcfuzundan istifad\u0259y\u0259 \u00e7a\u011f\u0131r\u0131ram\u201d\" \/>\n<meta property=\"og:url\" content=\"https:\/\/www.meydan.tv\/az\/article\/cox-yuksek-cinli-siyasetciler-eliyevle-goruslerinde-hec-vaxt-insan-haqlari-meselesine-toxunmurlar\/\" \/>\n<meta property=\"og:site_name\" content=\"MEYDAN.TV\" \/>\n<meta property=\"article:published_time\" content=\"2015-05-29T16:59:59+00:00\" \/>\n<meta property=\"og:image\" content=\"https:\/\/www.meydan.tv\/wp-content\/uploads\/9333.jpg\" \/>\n\t<meta property=\"og:image:width\" content=\"400\" \/>\n\t<meta property=\"og:image:height\" content=\"300\" \/>\n\t<meta property=\"og:image:type\" content=\"image\/jpeg\" \/>\n<meta name=\"twitter:card\" content=\"summary_large_image\" \/>\n<!-- \/ Yoast SEO plugin. -->","yoast_head_json":{"title":"\"\u00c7ox y\u00fcks\u0259k \u00e7inli siyas\u0259t\u00e7il\u0259r \u018fliyevl\u0259 g\u00f6r\u00fc\u015fl\u0259rind\u0259 he\u00e7 vaxt insan haqlar\u0131 m\u0259s\u0259l\u0259sin\u0259 toxunmurlar\" - MEYDAN.TV","robots":{"index":"index","follow":"follow","max-snippet":"max-snippet:-1","max-image-preview":"max-image-preview:large","max-video-preview":"max-video-preview:-1"},"canonical":"https:\/\/www.meydan.tv\/az\/article\/cox-yuksek-cinli-siyasetciler-eliyevle-goruslerinde-hec-vaxt-insan-haqlari-meselesine-toxunmurlar\/","og_locale":"az_AZ","og_type":"article","og_title":"\"\u00c7ox y\u00fcks\u0259k \u00e7inli siyas\u0259t\u00e7il\u0259r \u018fliyevl\u0259 g\u00f6r\u00fc\u015fl\u0259rind\u0259 he\u00e7 vaxt insan haqlar\u0131 m\u0259s\u0259l\u0259sin\u0259 toxunmurlar\" - MEYDAN.TV","og_description":"\"M\u0259n \u00fczv d\u00f6vl\u0259tl\u0259ri, \u0259sas\u0259n bunu he\u00e7 vaxt etm\u0259y\u0259nl\u0259ri m\u0259s\u0259l\u0259nin h\u0259lli \u00fc\u00e7\u00fcn s\u0259sini qald\u0131rma\u011fa, siyasi n\u00fcfuzundan istifad\u0259y\u0259 \u00e7a\u011f\u0131r\u0131ram\u201d","og_url":"https:\/\/www.meydan.tv\/az\/article\/cox-yuksek-cinli-siyasetciler-eliyevle-goruslerinde-hec-vaxt-insan-haqlari-meselesine-toxunmurlar\/","og_site_name":"MEYDAN.TV","article_published_time":"2015-05-29T16:59:59+00:00","og_image":[{"width":400,"height":300,"url":"https:\/\/www.meydan.tv\/wp-content\/uploads\/9333.jpg","type":"image\/jpeg"}],"twitter_card":"summary_large_image","schema":{"@context":"https:\/\/schema.org","@graph":[{"@type":"Article","@id":"https:\/\/www.meydan.tv\/az\/article\/cox-yuksek-cinli-siyasetciler-eliyevle-goruslerinde-hec-vaxt-insan-haqlari-meselesine-toxunmurlar\/#article","isPartOf":{"@id":"https:\/\/www.meydan.tv\/az\/article\/cox-yuksek-cinli-siyasetciler-eliyevle-goruslerinde-hec-vaxt-insan-haqlari-meselesine-toxunmurlar\/"},"author":{"name":"user-manager","@id":"https:\/\/www.meydan.tv\/az\/#\/schema\/person\/10d11eccf6da3662cf5fdab9806ea91a"},"headline":"&#8220;\u00c7ox y\u00fcks\u0259k \u00e7inli siyas\u0259t\u00e7il\u0259r \u018fliyevl\u0259 g\u00f6r\u00fc\u015fl\u0259rind\u0259 he\u00e7 vaxt insan haqlar\u0131 m\u0259s\u0259l\u0259sin\u0259 toxunmurlar&#8221;","datePublished":"2015-05-29T16:59:59+00:00","mainEntityOfPage":{"@id":"https:\/\/www.meydan.tv\/az\/article\/cox-yuksek-cinli-siyasetciler-eliyevle-goruslerinde-hec-vaxt-insan-haqlari-meselesine-toxunmurlar\/"},"wordCount":279,"publisher":{"@id":"https:\/\/www.meydan.tv\/az\/#organization"},"image":{"@id":"https:\/\/www.meydan.tv\/az\/article\/cox-yuksek-cinli-siyasetciler-eliyevle-goruslerinde-hec-vaxt-insan-haqlari-meselesine-toxunmurlar\/#primaryimage"},"thumbnailUrl":"https:\/\/www.meydan.tv\/wp-content\/uploads\/9333.jpg","articleSection":["X\u0259b\u0259rl\u0259r"],"inLanguage":"az"},{"@type":"WebPage","@id":"https:\/\/www.meydan.tv\/az\/article\/cox-yuksek-cinli-siyasetciler-eliyevle-goruslerinde-hec-vaxt-insan-haqlari-meselesine-toxunmurlar\/","url":"https:\/\/www.meydan.tv\/az\/article\/cox-yuksek-cinli-siyasetciler-eliyevle-goruslerinde-hec-vaxt-insan-haqlari-meselesine-toxunmurlar\/","name":"\"\u00c7ox y\u00fcks\u0259k \u00e7inli siyas\u0259t\u00e7il\u0259r \u018fliyevl\u0259 g\u00f6r\u00fc\u015fl\u0259rind\u0259 he\u00e7 vaxt insan haqlar\u0131 m\u0259s\u0259l\u0259sin\u0259 toxunmurlar\" - MEYDAN.TV","isPartOf":{"@id":"https:\/\/www.meydan.tv\/az\/#website"},"primaryImageOfPage":{"@id":"https:\/\/www.meydan.tv\/az\/article\/cox-yuksek-cinli-siyasetciler-eliyevle-goruslerinde-hec-vaxt-insan-haqlari-meselesine-toxunmurlar\/#primaryimage"},"image":{"@id":"https:\/\/www.meydan.tv\/az\/article\/cox-yuksek-cinli-siyasetciler-eliyevle-goruslerinde-hec-vaxt-insan-haqlari-meselesine-toxunmurlar\/#primaryimage"},"thumbnailUrl":"https:\/\/www.meydan.tv\/wp-content\/uploads\/9333.jpg","datePublished":"2015-05-29T16:59:59+00:00","breadcrumb":{"@id":"https:\/\/www.meydan.tv\/az\/article\/cox-yuksek-cinli-siyasetciler-eliyevle-goruslerinde-hec-vaxt-insan-haqlari-meselesine-toxunmurlar\/#breadcrumb"},"inLanguage":"az","potentialAction":[{"@type":"ReadAction","target":["https:\/\/www.meydan.tv\/az\/article\/cox-yuksek-cinli-siyasetciler-eliyevle-goruslerinde-hec-vaxt-insan-haqlari-meselesine-toxunmurlar\/"]}]},{"@type":"ImageObject","inLanguage":"az","@id":"https:\/\/www.meydan.tv\/az\/article\/cox-yuksek-cinli-siyasetciler-eliyevle-goruslerinde-hec-vaxt-insan-haqlari-meselesine-toxunmurlar\/#primaryimage","url":"https:\/\/www.meydan.tv\/wp-content\/uploads\/9333.jpg","contentUrl":"https:\/\/www.meydan.tv\/wp-content\/uploads\/9333.jpg","width":400,"height":300,"caption":"Source:"},{"@type":"BreadcrumbList","@id":"https:\/\/www.meydan.tv\/az\/article\/cox-yuksek-cinli-siyasetciler-eliyevle-goruslerinde-hec-vaxt-insan-haqlari-meselesine-toxunmurlar\/#breadcrumb","itemListElement":[{"@type":"ListItem","position":1,"name":"Ana s\u0259hif\u0259","item":"https:\/\/www.meydan.tv\/az\/"},{"@type":"ListItem","position":2,"name":"X\u0259b\u0259rl\u0259r","item":"https:\/\/www.meydan.tv\/az\/section\/xeberler\/"},{"@type":"ListItem","position":3,"name":"&#8220;\u00c7ox y\u00fcks\u0259k \u00e7inli siyas\u0259t\u00e7il\u0259r \u018fliyevl\u0259 g\u00f6r\u00fc\u015fl\u0259rind\u0259 he\u00e7 vaxt insan haqlar\u0131 m\u0259s\u0259l\u0259sin\u0259 toxunmurlar&#8221;"}]},{"@type":"WebSite","@id":"https:\/\/www.meydan.tv\/az\/#website","url":"https:\/\/www.meydan.tv\/az\/","name":"MEYDAN.TV","description":"Meydan TV Az\u0259rbaycan\u0131n media m\u0259kan\u0131ndak\u0131 alternativ s\u0259sidir","publisher":{"@id":"https:\/\/www.meydan.tv\/az\/#organization"},"potentialAction":[{"@type":"SearchAction","target":{"@type":"EntryPoint","urlTemplate":"https:\/\/www.meydan.tv\/az\/?s={search_term_string}"},"query-input":{"@type":"PropertyValueSpecification","valueRequired":true,"valueName":"search_term_string"}}],"inLanguage":"az"},{"@type":"Organization","@id":"https:\/\/www.meydan.tv\/az\/#organization","name":"Meydan TV","url":"https:\/\/www.meydan.tv\/az\/","logo":{"@type":"ImageObject","inLanguage":"az","@id":"https:\/\/www.meydan.tv\/az\/#\/schema\/logo\/image\/","url":"https:\/\/www.meydan.tv\/wp-content\/uploads\/2021\/07\/meydan-logo.svg","contentUrl":"https:\/\/www.meydan.tv\/wp-content\/uploads\/2021\/07\/meydan-logo.svg","width":195,"height":46,"caption":"Meydan TV"},"image":{"@id":"https:\/\/www.meydan.tv\/az\/#\/schema\/logo\/image\/"}},{"@type":"Person","@id":"https:\/\/www.meydan.tv\/az\/#\/schema\/person\/10d11eccf6da3662cf5fdab9806ea91a","name":"user-manager"}]}},"_links":{"self":[{"href":"https:\/\/www.meydan.tv\/az\/wp-json\/wp\/v2\/posts\/168131","targetHints":{"allow":["GET"]}}],"collection":[{"href":"https:\/\/www.meydan.tv\/az\/wp-json\/wp\/v2\/posts"}],"about":[{"href":"https:\/\/www.meydan.tv\/az\/wp-json\/wp\/v2\/types\/post"}],"author":[{"embeddable":true,"href":"https:\/\/www.meydan.tv\/az\/wp-json\/wp\/v2\/users\/11"}],"replies":[{"embeddable":true,"href":"https:\/\/www.meydan.tv\/az\/wp-json\/wp\/v2\/comments?post=168131"}],"version-history":[{"count":0,"href":"https:\/\/www.meydan.tv\/az\/wp-json\/wp\/v2\/posts\/168131\/revisions"}],"wp:featuredmedia":[{"embeddable":true,"href":"https:\/\/www.meydan.tv\/az\/wp-json\/wp\/v2\/media\/25483"}],"wp:attachment":[{"href":"https:\/\/www.meydan.tv\/az\/wp-json\/wp\/v2\/media?parent=168131"}],"wp:term":[{"taxonomy":"category","embeddable":true,"href":"https:\/\/www.meydan.tv\/az\/wp-json\/wp\/v2\/categories?post=168131"},{"taxonomy":"post_tag","embeddable":true,"href":"https:\/\/www.meydan.tv\/az\/wp-json\/wp\/v2\/tags?post=168131"}],"curies":[{"name":"wp","href":"https:\/\/api.w.org\/{rel}","templated":true}]}}