{"id":168130,"date":"2015-05-29T16:01:45","date_gmt":"2015-05-29T16:01:45","guid":{"rendered":"https:\/\/www.meydan.tv\/article\/moskva-bakini-nece-teleye-saldi\/"},"modified":"2015-05-29T16:01:45","modified_gmt":"2015-05-29T16:01:45","slug":"moskva-bakini-nece-teleye-saldi","status":"publish","type":"post","link":"https:\/\/www.meydan.tv\/az\/article\/moskva-bakini-nece-teleye-saldi\/","title":{"rendered":"Moskva Bak\u0131n\u0131 nec\u0259 t\u0259l\u0259y\u0259 sald\u0131?"},"content":{"rendered":"<figure class=\"wp-block-image size-large\">\n  <img decoding=\"async\" src=\"https:\/\/www.meydan.tv\/az\/25225\/\" alt=\"\" class=\"wp-image-25225\"\/><figcaption><\/figcaption><\/figure>\n<figure class=\"wp-block-image size-large\">\n  <img decoding=\"async\" src=\"https:\/\/www.meydan.tv\/az\/25228\/\" alt=\"\" class=\"wp-image-25228\"\/><figcaption><\/figcaption><\/figure>\n<p>\n  <i><br \/>\n    Az\u0259rbaycan G\u00f6mr\u00fck \u0130ttifaq\u0131na \u015f\u0259rtl\u0259 qo\u015fula bil\u0259r, strateji m\u0259s\u0259l\u0259l\u0259rd\u0259 &#8211; enerji siyas\u0259ti, \u00fc\u00e7\u00fcnc\u00fc d\u00f6vl\u0259tl\u0259r\u0259 qar\u015f\u0131 iqtisadi v\u0259 tarif siyas\u0259ti, g\u0259l\u0259c\u0259k enerji layih\u0259l\u0259rind\u0259 q\u0259rar verm\u0259 ixtiyar\u0131n\u0131 \u00f6z\u00fcnd\u0259 saxlayar<br \/>\n  <\/i>\n<\/p>\n<p>\n  Az\u0259rbaycan\u0131n xarici i\u015fl\u0259r naziri Elmar M\u0259mm\u0259dyarovun bu g\u00fcnl\u0259rd\u0259 ger\u00e7\u0259kl\u0259\u015f\u0259n Moskva s\u0259f\u0259ri \u0259n m\u00fcxt\u0259lif rakurslardan t\u0259hlil edilm\u0259kd\u0259dir. \u018fn maraql\u0131 m\u0259qam ondan ibar\u0259tdir ki, ba\u015f diplomat\u0131m\u0131z\u0131n Rusiya paytaxt\u0131na s\u0259f\u0259ri Avropa \u0130ttifaq\u0131n\u0131n \u201c\u015e\u0259rq T\u0259r\u0259fda\u015fl\u0131\u011f\u0131\u201d proqram\u0131 \u00e7\u0259r\u00e7iv\u0259sind\u0259 Riqa sammiti ba\u015fa \u00e7atandan d\u0259rhal sonra realla\u015fd\u0131.\n<\/p>\n<p>\n  Az\u0259rbaycan prezidenti Riqaya getm\u0259di. Az\u0259rbaycan X\u0130N r\u0259hb\u0259ri is\u0259 RF paytaxt\u0131na s\u0259f\u0259r ed\u0259r\u0259k, son d\u0259r\u0259c\u0259 m\u00fch\u00fcm b\u0259yanatlarla \u00e7\u0131x\u0131\u015f etdi:\u201d Avrasiya \u0130qtisadi Birliyind\u0259 Avropa Birliyi il\u0259 assosiasiya sazi\u015find\u0259 oldu\u011fu kimi, \u015f\u0259rtl\u0259rd\u0259n biri azad ticar\u0259t zonas\u0131 haqdad\u0131r. Avropa Birliyi il\u0259 bu, m\u00fcmk\u00fcn deyil, \u00e7\u00fcnki biz D\u00fcnya Ticar\u0259t T\u0259\u015fkilat\u0131n\u0131n \u00fczv\u00fc deyilik. Avrasiya \u0130qtisadi Birliyin\u0259 g\u0259linc\u0259, burada G\u00f6mr\u00fck \u0130ttifaq\u0131 m\u00fch\u00fcm rol oynay\u0131r.<br \/>\n  <br \/>\n  Lakin Erm\u0259nistan t\u0259r\u0259find\u0259n torpaqlar\u0131m\u0131z\u0131n i\u015f\u011fal\u0131 G\u00f6mr\u00fck \u0130ttifaq\u0131nda bizim onunla birg\u0259 m\u00f6vcudlu\u011fumuza imkan vermir. \u018fg\u0259r Erm\u0259nistan \u00f6z silahl\u0131 q\u00fcvv\u0259l\u0259rini \u0259razil\u0259rimizd\u0259n \u00e7\u0131xarsa, o zaman s\u0259rh\u0259dl\u0259r a\u00e7\u0131lar v\u0259 \u0259g\u0259r situasiya normalla\u015farsa, Az\u0259rbaycanla Erm\u0259nistan aras\u0131nda iqtisadi m\u00fcnasib\u0259tl\u0259r yaranarsa, kim bilir sabah n\u0259 olacaq&#8230;\u201d\n<\/p>\n<p>\n  E. M\u0259mm\u0259dyarovun s\u00f6z\u00fcged\u0259n a\u00e7\u0131qlamas\u0131 diplomatik jest kimi d\u0259y\u0259rl\u0259ndiril\u0259 bil\u0259r. Lakin situasiyan\u0131n t\u0259hlili onu dem\u0259y\u0259 \u0259sas verir ki, Az\u0259rbaycan\u0131n bu qurumlara \u00fczv\u00fcl\u00fcy\u00fc milli maraqlara cavab vermir. RF prezidenti Vladimir Putinin SSR\u0130-ni b\u0259rpa etm\u0259y\u0259 y\u00f6n\u0259lmi\u015f bu layih\u0259l\u0259ri onlara qo\u015fulan \u00f6lk\u0259l\u0259rin suverenliyini m\u0259hdudla\u015fd\u0131r\u0131r. N\u0259z\u0259r\u0259 alsaq ki, Az\u0259rbaycanda biznes v\u0259 kommersiya sah\u0259l\u0259ri tam inhisara g\u00f6t\u00fcr\u00fcl\u00fcb, G\u00f6mr\u00fck \u0130ttifaq\u0131na \u00fczvl\u00fcy\u00fcn oliqarx-m\u0259murlar\u0131n maraqlar\u0131na zidd oldu\u011funu da ehtimal ed\u0259 bil\u0259rik. G\u00f6mr\u00fckd\u0259n ke\u00e7iril\u0259n avtomobil v\u0259 \u00f6lk\u0259y\u0259 g\u0259tiril\u0259n dig\u0259r mallara g\u00f6r\u0259 n\u0259z\u0259rd\u0259 tutulan v\u0259 h\u0259tta d\u00f6vl\u0259t vergisind\u0259n d\u0259 y\u00fcks\u0259k olan r\u00fc\u015fv\u0259t bu quruma \u00fczvl\u00fckl\u0259 aradan qalxa bil\u0259r. Bu, m\u0259murlar\u0131n milyardlarla pul itkisin\u0259 m\u0259ruz qalmas\u0131 dem\u0259kdir. \u0130nhisarlar\u0131n da\u011f\u0131d\u0131lmas\u0131n\u0131n \u0259lb\u0259tt\u0259 ki, m\u00fcsb\u0259t t\u0259r\u0259fl\u0259ri m\u00f6vcuddur. G\u00f6mr\u00fck \u0130ttifaq\u0131na \u00fczvl\u00fckl\u0259 minl\u0259rl\u0259 v\u0259t\u0259nda\u015f r\u00fc\u015fv\u0259td\u0259n azad olmaqdan savay\u0131 bank v\u0259 in\u015faat sah\u0259l\u0259rind\u0259ki inhisarlara da son qoyulmas\u0131 n\u0259tic\u0259sind\u0259 rahat n\u0259f\u0259s ala bil\u0259r. Lakin quruma \u00fczvl\u00fck dig\u0259r t\u0259b\u0259q\u0259l\u0259r, m\u0259s\u0259l\u0259n, k\u0259nd t\u0259s\u0259rr\u00fcfat\u0131 i\u015f\u00e7il\u0259rin\u0259 z\u0259rb\u0259 vura bil\u0259r. Bazara \u00e7\u0131xar\u0131lacaq m\u0259hsullar\u0131n Rusiya il\u0259 raz\u0131la\u015fd\u0131r\u0131lmas\u0131 da ciddi probleml\u0259r\u0259 s\u0259b\u0259b ola bil\u0259r. \u00dcmumiyy\u0259tl\u0259, G\u00f6mr\u00fck \u0130ttifaq\u0131 \u00fczvl\u0259rinin enerji siyas\u0259ti eynil\u0259\u015fdirilm\u0259lidir. Bu bax\u0131mdan, Az\u0259rbaycan Q\u0259rbl\u0259 h\u0259yata ke\u00e7ir\u0259c\u0259yi enerji layih\u0259l\u0259rind\u0259 dig\u0259r ittifaq \u00fczvl\u0259rinin maraqlar\u0131n\u0131 da n\u0259z\u0259r\u0259 almal\u0131d\u0131r. S\u00f6hb\u0259t cib\u0259 ged\u0259n milyardlar\u0131n kiminl\u0259s\u0259 b\u00f6l\u00fc\u015fd\u00fcr\u00fclm\u0259sind\u0259n gedir. Lakin Az\u0259rbaycan G\u00f6mr\u00fck \u0130ttifaq\u0131na \u015f\u0259rtl\u0259 qo\u015fula bil\u0259r, strateji m\u0259s\u0259l\u0259l\u0259rd\u0259 &#8211; enerji siyas\u0259ti, \u00fc\u00e7\u00fcnc\u00fc d\u00f6vl\u0259tl\u0259r\u0259 qar\u015f\u0131 iqtisadi v\u0259 tarif siyas\u0259ti, g\u0259l\u0259c\u0259k enerji layih\u0259l\u0259rind\u0259 q\u0259rar verm\u0259 ixtiyar\u0131n\u0131 \u00f6z\u00fcnd\u0259 saxlaya bil\u0259r. Lakin inhisarlar\u0131n da\u011f\u0131d\u0131lmas\u0131 Az\u0259rbaycan oliqarxlar\u0131n\u0131n milyardlarla dollardan m\u0259hrum olmas\u0131 dem\u0259kdir. Bak\u0131 bel\u0259 gedi\u015fata raz\u0131 ola bil\u0259rmi? Ritorik suald\u0131r.<br \/>\n  <br \/>\n  Prinsipc\u0259, E. M\u0259mm\u0259dyarovun dolay\u0131s\u0131 il\u0259 verdiyi \u201cQaraba\u011f\u0131 qaytar\u0131n, Kreml layih\u0259sin\u0259 \u00fczv olaq\u201d b\u0259yanat\u0131 Rusiyan\u0131n da maraqlar\u0131na cavab vermir. V. Putin xarakterc\u0259 diktatorlu\u011fa meyllidir v\u0259 \u00f6z\u00fcn\u00fc imperator kimi apar\u0131r. O, he\u00e7 bir zaman Az\u0259rbaycan v\u0259 ya ba\u015fqa m\u00fcst\u0259ml\u0259k\u0259 hesab etdiyi \u00f6lk\u0259l\u0259rin diqt\u0259si il\u0259 add\u0131mlama\u011f\u0131 q\u0259bul ed\u0259 bilm\u0259z. Dig\u0259r t\u0259r\u0259fd\u0259n, Qaraba\u011f\u0131n qaytar\u0131lmas\u0131 MDB m\u0259kan\u0131nda olan dig\u0259r separat\u00e7\u0131 rejiml\u0259rin d\u0259 maraqlar\u0131na ziddir. \u018fg\u0259r, Kreml Bak\u0131n\u0131n t\u0259klifi il\u0259 raz\u0131la\u015fsa v\u0259 Qaraba\u011f\u0131n qaytar\u0131lmas\u0131nda i\u015ftirak ets\u0259, bu, separat\u015f\u0131 rejiml\u0259rin \u0259sas himay\u0259dar\u0131 olan Rusiyaya Q\u0259rbin yeni t\u0259zyiql\u0259rin\u0259 yol a\u00e7a bil\u0259r. Y\u0259ni, art\u0131q presedent m\u00f6vcud olar v\u0259 Q\u0259rb dig\u0259r separat\u00e7\u0131 b\u00f6lg\u0259l\u0259ri d\u0259 problemi \u00f6lk\u0259l\u0259rin \u0259razi b\u00fct\u00f6vl\u00fcy\u00fc \u00e7\u0259r\u00e7iv\u0259sind\u0259 h\u0259ll etm\u0259y\u0259 s\u0259sl\u0259y\u0259 bil\u0259r.\n<\/p>\n<p>\n  Dig\u0259r t\u0259r\u0259fd\u0259n, Az\u0259rbaycana jest etm\u0259k Putin iqtidar\u0131na \u0259lav\u0259 probleml\u0259r d\u0259 yarada bil\u0259r. Bel\u0259 ki, Rusiyan\u0131n ictimai-siyasi, elmi v\u0259 yarad\u0131c\u0131 elitas\u0131nda erm\u0259ni lobbisinin t\u0259siri kifay\u0259t q\u0259d\u0259r g\u00fccl\u00fcd\u00fcr v\u0259 Putin bu daya\u011f\u0131n\u0131 itirm\u0259k ist\u0259m\u0259y\u0259c\u0259k. Bel\u0259 olan t\u0259qdird\u0259, E. M\u0259mm\u0259dyarovun t\u0259klifi n\u0259 anlama g\u0259lir? Faktiki olaraq, Bak\u0131 Moskvan\u0131n yaratd\u0131\u011f\u0131 qurumlara \u00fczv olmaq \u00fc\u00e7\u00fcn qeyri-mumkun \u015f\u0259rt ir\u0259li s\u00fcr\u00fcr. Lakin bu t\u0259klifin arxas\u0131nda ba\u015fqa bir m\u0259qam\u0131n dayand\u0131\u011f\u0131 \u00fcz\u0259 \u00e7\u0131x\u0131r. M\u0259tbuata s\u0131zan m\u0259lumatlardan b\u0259lli olur ki, Bak\u0131 v\u0259 Moskva aras\u0131nda bir ne\u00e7\u0259 i\u015f\u011fal olunmu\u015f rayonun qaytar\u0131lmas\u0131na dair anla\u015fma var. \u018fg\u0259r bu plan realla\u015farsa, Bak\u0131n\u0131 hans\u0131sa m\u00fch\u00fcm m\u0259s\u0259l\u0259l\u0259rd\u0259 g\u00fcz\u0259\u015ft\u0259 vadar ed\u0259n Kreml \u0130r\u0259vandak\u0131 siyasi situasiyan\u0131 da \u00f6z xeyrin\u0259 d\u0259yi\u015f\u0259 bil\u0259r. Maraql\u0131d\u0131r ki, son zamanlar Erm\u0259nistan prezidenti S\u0259rkisyan \u0130r\u0259van\u0131 Rusiyan\u0131n forpostu olmaqdan xilas etm\u0259k \u00fc\u00e7\u00fcn Q\u0259rbl\u0259 anla\u015fma\u011fa ba\u015flay\u0131b. Moskva Erm\u0259nistandak\u0131 situasiyan\u0131 S\u0259rkisyan\u0131n n\u0259zar\u0259tind\u0259n \u00e7\u0131xartmaq v\u0259 \u00f6z\u00fcn\u00fcn vassal\u0131 olan sabiq prezident Robert K\u00f6\u00e7\u0259ryan\u0131 hakimiyy\u0259t\u0259 qaytarmaq ist\u0259yir. Burada daha bir m\u0259qam\u0131 t\u0259hlil etm\u0259y\u0259 ehtiyac yaran\u0131r. Sava\u015f ba\u015flayarsa, \u0130r\u0259van \u00f6z t\u0259bli\u011fat\u0131n\u0131 bu istiqam\u0259td\u0259 qura bil\u0259r &#8211; \u201cmill\u0259tl\u0259rin \u00f6z\u00fcn\u00fc t\u0259yin etm\u0259 h\u00fcququna\u201d Bak\u0131 etnik t\u0259mizl\u0259m\u0259 il\u0259 cavab\u0131 verir. Bu m\u0259rh\u0259l\u0259d\u0259 sava\u015fa ba\u015flamaq g\u00f6r\u00fcnd\u00fcy\u00fc kimi sad\u0259 deyil. Lakin bu m\u00fcnaqi\u015f\u0259ni C\u0259nubi Qafqazda v\u0259 \u015e\u0259rqi Avropada m\u00f6vcud olan dig\u0259r m\u00fcnaqi\u015f\u0259l\u0259rl\u0259 eynil\u0259\u015fdirm\u0259k olmaz. \u018fn az\u0131 ona g\u00f6r\u0259 ki, Da\u011fl\u0131q Qaraba\u011f \u0259halisinin ham\u0131s\u0131 etnik erm\u0259nil\u0259rd\u0259n ibar\u0259t deyil, bu \u0259razid\u0259 ya\u015fayan Az\u0259rbaycan t\u00fcrkl\u0259rinin h\u00fcquqlar\u0131 da n\u0259z\u0259rd\u0259n qa\u00e7\u0131r\u0131la bilm\u0259z. Dig\u0259r t\u0259r\u0259fd\u0259n, i\u015f\u011fal alt\u0131nda olan \u0259razil\u0259rin \u0259halisinin \u0259ks\u0259riyy\u0259ti t\u00fcrkl\u0259rdir v\u0259 m\u0259s\u0259l\u0259y\u0259 milli t\u0259yin etm\u0259 prizmas\u0131ndan he\u00e7 c\u00fcr\u0259 bax\u0131la bilm\u0259z. Bir m\u0259qama da diqq\u0259t yetir\u0259k. Bel\u0259 bir fikir ir\u0259li s\u00fcr\u00fcl\u00fcr ki, \u0259g\u0259r Az\u0259rbaycan irimiqyasl\u0131 &#8211; i\u015f\u011fal olunmu\u015f \u0259razil\u0259rin \u0259n m\u00fcxt\u0259lif istiqam\u0259tl\u0259rind\u0259n azad olunmas\u0131na ba\u015flasa, Erm\u0259nistan bu q\u0259d\u0259r \u0259razini qorumaq imkan\u0131nda olmayacaq. Lakin unutmaq olmaz ki, sava\u015f ba\u015flayarsa, bu zaman proses\u0259 Rusiya m\u00fcdaxil\u0259 ed\u0259 v\u0259 Bak\u0131n\u0131 t\u0259l\u0259y\u0259 sala bil\u0259r. Lakin k\u0259nar bax\u0131\u015fla g\u00f6r\u00fcn\u0259n budur ki, Kreml Az\u0259rbaycan\u0131 yeni sava\u015fa \u015firnikl\u0259ndirir v\u0259 i\u015f\u011fal olunmu\u015f torpaqlar\u0131m\u0131z\u0131n azad olunaca\u011f\u0131na dolay\u0131s\u0131 il\u0259 yard\u0131m ed\u0259c\u0259yin\u0259 \u201cz\u0259man\u0259t\u201d verir. G\u00f6r\u00fcn\u0259n h\u0259m d\u0259 budur ki, Rusiyaya Qaraba\u011f\u0131n azad edilm\u0259si deyil, yeni sava\u015f laz\u0131md\u0131r. Ayd\u0131n m\u0259s\u0259l\u0259dir ki, sava\u015f ba\u015flayarsa, ruslar son anda \u00f6z tarixi m\u00fctt\u0259fiql\u0259ri olan erm\u0259nil\u0259r\u0259 yard\u0131m ed\u0259c\u0259kl\u0259r.\n<\/p>\n<p>\n  Lakin bu sava\u015f S\u0259rkisyan hakimiyy\u0259tinin sonunu g\u0259tirdiyi kimi, Az\u0259rbaycan hakimiyy\u0259tin\u0259 d\u0259 ciddi probleml\u0259r yaradacaq. Lakin Kreml h\u0259m d\u0259 \u201cc\u0131z\u0131\u011f\u0131ndan \u00e7\u0131xm\u0131\u015f\u201d S\u0259rkisyan\u0131 c\u0259zaland\u0131rmaq ist\u0259yir. Bu fonda S\u0259rkisyana qar\u015f\u0131 Moskvap\u0259r\u0259st m\u00fcxalif\u0259tin g\u00fccl\u0259ndirilm\u0259si Erm\u0259nistan prezidentini \u0259ks add\u0131mlar atma\u011fa vadar edir. 2 il \u00f6nc\u0259 Qagik Tsarukyan\u0131n r\u0259hb\u0259rlik etdiyi \u201c\u00c7i\u00e7\u0259kl\u0259n\u0259n Erm\u0259nistan\u201d Partiyas\u0131 il\u0259 sabiq prezident Levon Ter-Petyosyan\u0131n ba\u015f\u00e7\u0131l\u0131q etdiyi &#8220;Erm\u0259ni Milli Konqresi&#8221; birl\u0259\u015f\u0259r\u0259k, Kremlin \u00e7\u0259tiri alt\u0131na ke\u00e7di v\u0259 bu bax\u0131mdan kifay\u0259t q\u0259d\u0259r g\u00fccl\u00fc koalisiyanin bir ne\u00e7\u0259 ay \u00f6nc\u0259 S\u0259rkisyan t\u0259r\u0259find\u0259n darmada\u011f\u0131n edilm\u0259si, Kremli ehtiyat varinat kimi qorudu\u011fu K\u00f6\u00e7\u0259ryana yenid\u0259n \u201cstavka\u201d etm\u0259y\u0259 s\u00f6vq edir. Moskva Ko\u00e7aryan\u0131 hakimiyy\u0259t\u0259 qaytarmaq arzusundad\u0131r. Odur ki, bir ne\u00e7\u0259 i\u015f\u011fal edilmi\u015f rayonun \u0130r\u0259van\u0131n n\u0259zar\u0259tind\u0259n \u00e7\u0131xmas\u0131na yard\u0131m da ed\u0259 bil\u0259r. Bu plan S\u0259rkisyan\u0131n fiaskosuna v\u0259 Ko\u00e7aryan variant\u0131n\u0131n reanimasiyas\u0131na yardim ed\u0259 bil\u0259rdi. Amma diqq\u0259t \u00e7\u0259k\u0259n h\u0259m d\u0259 budur ki, Bak\u0131 Q\u0259rbl\u0259 oynad\u0131\u011f\u0131 &#8220;inteqrasiya&#8221; oyununu indi d\u0259 ruslarla davam etdirm\u0259k ist\u0259yir. Lakin Bak\u0131 il\u0259 m\u0259saf\u0259 saxlama\u011fa ba\u015flayan Q\u0259rbd\u0259n f\u0259rqli olaraq, Moskvan\u0131n bu halda hans\u0131 probleml\u0259r yarada bil\u0259c\u0259yini Az\u0259rbaycanda d\u00fczg\u00fcn d\u0259y\u0259rl\u0259ndirirl\u0259r. Bu oyunun fini\u015fi bel\u0259 g\u00f6r\u00fcn\u00fcr &#8211; Az\u0259rbaycan 2-3 rayonu qaytar\u0131r, Ko\u00e7aryan yenid\u0259n prezident olur, Moskva h\u0259r iki \u00f6lk\u0259d\u0259 \u00f6z\u00fcn\u0259 qar\u015f\u0131 loyal m\u00fcnasib\u0259t \u0259ld\u0259 edir. Bu oyunlar\u0131n p\u0259rd\u0259arxas\u0131n\u0131 bildiyind\u0259n Q\u0259rb regiondak\u0131 oyunlardan m\u0259saf\u0259l\u0259\u015fm\u0259k yolunu tutur. Amma bu da m\u0259lumdur ki, Q\u0259rb v\u0259 x\u00fcsusil\u0259 d\u0259 AB\u015e s\u00fcr\u0259tl\u0259 uzaqla\u015fd\u0131qlar\u0131 kimi, eyni s\u00fcr\u0259tl\u0259 d\u0259 geri d\u00f6nm\u0259k imkanlar\u0131na malikdirl\u0259r. Bel\u0259 olan t\u0259qdird\u0259, M\u0259mm\u0259dyarovun b\u0259yanat\u0131ndan \u00e7\u0131xan n\u0259tic\u0259ni v\u0259 yuxar\u0131da g\u00f6st\u0259ril\u0259n m\u00fcmk\u00fcm ssenarinin tamamlanm\u0131\u0131\u015f oldu\u011funu s\u00f6yl\u0259m\u0259k tezdir. \u201cAxsaq \u00f6rd\u0259yin\u201d hans\u0131 add\u0131mlar\u0131 ataca\u011f\u0131n\u0131 proqnozla\u015fd\u0131rmaq \u00e7\u0259tindir&#8230;<\/p>\n","protected":false},"excerpt":{"rendered":"<p>Az\u0259rbaycan G\u00f6mr\u00fck \u0130ttifaq\u0131na \u015f\u0259rtl\u0259 qo\u015fula bil\u0259r, strateji m\u0259s\u0259l\u0259l\u0259rd\u0259 &#8211; enerji siyas\u0259ti, \u00fc\u00e7\u00fcnc\u00fc d\u00f6vl\u0259tl\u0259r\u0259 qar\u015f\u0131 iqtisadi v\u0259 tarif siyas\u0259ti, g\u0259l\u0259c\u0259k enerji layih\u0259l\u0259rind\u0259 q\u0259rar verm\u0259 ixtiyar\u0131n\u0131 \u00f6z\u00fcnd\u0259 saxlayar<\/p>\n","protected":false},"author":11,"featured_media":25225,"comment_status":"closed","ping_status":"open","sticky":false,"template":"","format":"standard","meta":{"_acf_changed":false,"_sitemap_exclude":false,"_sitemap_priority":"","_sitemap_frequency":"","footnotes":""},"categories":[56],"tags":[],"class_list":["post-168130","post","type-post","status-publish","format-standard","has-post-thumbnail","hentry","category-xeberler","infinite-scroll-item","generate-columns","tablet-grid-50","mobile-grid-100","grid-parent","grid-33","no-featured-image-padding"],"acf":[],"yoast_head":"<!-- This site is optimized with the Yoast SEO plugin v28.4 - https:\/\/yoast.com\/product\/yoast-seo-wordpress\/ -->\n<title>Moskva Bak\u0131n\u0131 nec\u0259 t\u0259l\u0259y\u0259 sald\u0131? - MEYDAN.TV<\/title>\n<meta name=\"robots\" content=\"index, follow, max-snippet:-1, max-image-preview:large, max-video-preview:-1\" \/>\n<link rel=\"canonical\" href=\"https:\/\/www.meydan.tv\/az\/article\/moskva-bakini-nece-teleye-saldi\/\" \/>\n<meta property=\"og:locale\" content=\"az_AZ\" \/>\n<meta property=\"og:type\" content=\"article\" \/>\n<meta property=\"og:title\" content=\"Moskva Bak\u0131n\u0131 nec\u0259 t\u0259l\u0259y\u0259 sald\u0131? - MEYDAN.TV\" \/>\n<meta property=\"og:description\" content=\"Az\u0259rbaycan G\u00f6mr\u00fck \u0130ttifaq\u0131na \u015f\u0259rtl\u0259 qo\u015fula bil\u0259r, strateji m\u0259s\u0259l\u0259l\u0259rd\u0259 - enerji siyas\u0259ti, \u00fc\u00e7\u00fcnc\u00fc d\u00f6vl\u0259tl\u0259r\u0259 qar\u015f\u0131 iqtisadi v\u0259 tarif siyas\u0259ti, g\u0259l\u0259c\u0259k enerji layih\u0259l\u0259rind\u0259 q\u0259rar verm\u0259 ixtiyar\u0131n\u0131 \u00f6z\u00fcnd\u0259 saxlayar\" \/>\n<meta property=\"og:url\" content=\"https:\/\/www.meydan.tv\/az\/article\/moskva-bakini-nece-teleye-saldi\/\" \/>\n<meta property=\"og:site_name\" content=\"MEYDAN.TV\" \/>\n<meta property=\"article:published_time\" content=\"2015-05-29T16:01:45+00:00\" \/>\n<meta property=\"og:image\" content=\"https:\/\/www.meydan.tv\/wp-content\/uploads\/9331.jpg\" \/>\n\t<meta property=\"og:image:width\" content=\"500\" \/>\n\t<meta property=\"og:image:height\" content=\"304\" \/>\n\t<meta property=\"og:image:type\" content=\"image\/jpeg\" \/>\n<meta name=\"twitter:card\" content=\"summary_large_image\" \/>\n<!-- \/ Yoast SEO plugin. -->","yoast_head_json":{"title":"Moskva Bak\u0131n\u0131 nec\u0259 t\u0259l\u0259y\u0259 sald\u0131? - MEYDAN.TV","robots":{"index":"index","follow":"follow","max-snippet":"max-snippet:-1","max-image-preview":"max-image-preview:large","max-video-preview":"max-video-preview:-1"},"canonical":"https:\/\/www.meydan.tv\/az\/article\/moskva-bakini-nece-teleye-saldi\/","og_locale":"az_AZ","og_type":"article","og_title":"Moskva Bak\u0131n\u0131 nec\u0259 t\u0259l\u0259y\u0259 sald\u0131? - MEYDAN.TV","og_description":"Az\u0259rbaycan G\u00f6mr\u00fck \u0130ttifaq\u0131na \u015f\u0259rtl\u0259 qo\u015fula bil\u0259r, strateji m\u0259s\u0259l\u0259l\u0259rd\u0259 - enerji siyas\u0259ti, \u00fc\u00e7\u00fcnc\u00fc d\u00f6vl\u0259tl\u0259r\u0259 qar\u015f\u0131 iqtisadi v\u0259 tarif siyas\u0259ti, g\u0259l\u0259c\u0259k enerji layih\u0259l\u0259rind\u0259 q\u0259rar verm\u0259 ixtiyar\u0131n\u0131 \u00f6z\u00fcnd\u0259 saxlayar","og_url":"https:\/\/www.meydan.tv\/az\/article\/moskva-bakini-nece-teleye-saldi\/","og_site_name":"MEYDAN.TV","article_published_time":"2015-05-29T16:01:45+00:00","og_image":[{"width":500,"height":304,"url":"https:\/\/www.meydan.tv\/wp-content\/uploads\/9331.jpg","type":"image\/jpeg"}],"twitter_card":"summary_large_image","schema":{"@context":"https:\/\/schema.org","@graph":[{"@type":"Article","@id":"https:\/\/www.meydan.tv\/az\/article\/moskva-bakini-nece-teleye-saldi\/#article","isPartOf":{"@id":"https:\/\/www.meydan.tv\/az\/article\/moskva-bakini-nece-teleye-saldi\/"},"author":{"name":"user-manager","@id":"https:\/\/www.meydan.tv\/az\/#\/schema\/person\/10d11eccf6da3662cf5fdab9806ea91a"},"headline":"Moskva Bak\u0131n\u0131 nec\u0259 t\u0259l\u0259y\u0259 sald\u0131?","datePublished":"2015-05-29T16:01:45+00:00","mainEntityOfPage":{"@id":"https:\/\/www.meydan.tv\/az\/article\/moskva-bakini-nece-teleye-saldi\/"},"wordCount":1842,"publisher":{"@id":"https:\/\/www.meydan.tv\/az\/#organization"},"image":{"@id":"https:\/\/www.meydan.tv\/az\/article\/moskva-bakini-nece-teleye-saldi\/#primaryimage"},"thumbnailUrl":"https:\/\/www.meydan.tv\/wp-content\/uploads\/9331.jpg","articleSection":["X\u0259b\u0259rl\u0259r"],"inLanguage":"az"},{"@type":"WebPage","@id":"https:\/\/www.meydan.tv\/az\/article\/moskva-bakini-nece-teleye-saldi\/","url":"https:\/\/www.meydan.tv\/az\/article\/moskva-bakini-nece-teleye-saldi\/","name":"Moskva Bak\u0131n\u0131 nec\u0259 t\u0259l\u0259y\u0259 sald\u0131? - MEYDAN.TV","isPartOf":{"@id":"https:\/\/www.meydan.tv\/az\/#website"},"primaryImageOfPage":{"@id":"https:\/\/www.meydan.tv\/az\/article\/moskva-bakini-nece-teleye-saldi\/#primaryimage"},"image":{"@id":"https:\/\/www.meydan.tv\/az\/article\/moskva-bakini-nece-teleye-saldi\/#primaryimage"},"thumbnailUrl":"https:\/\/www.meydan.tv\/wp-content\/uploads\/9331.jpg","datePublished":"2015-05-29T16:01:45+00:00","breadcrumb":{"@id":"https:\/\/www.meydan.tv\/az\/article\/moskva-bakini-nece-teleye-saldi\/#breadcrumb"},"inLanguage":"az","potentialAction":[{"@type":"ReadAction","target":["https:\/\/www.meydan.tv\/az\/article\/moskva-bakini-nece-teleye-saldi\/"]}]},{"@type":"ImageObject","inLanguage":"az","@id":"https:\/\/www.meydan.tv\/az\/article\/moskva-bakini-nece-teleye-saldi\/#primaryimage","url":"https:\/\/www.meydan.tv\/wp-content\/uploads\/9331.jpg","contentUrl":"https:\/\/www.meydan.tv\/wp-content\/uploads\/9331.jpg","width":500,"height":304,"caption":"Source:"},{"@type":"BreadcrumbList","@id":"https:\/\/www.meydan.tv\/az\/article\/moskva-bakini-nece-teleye-saldi\/#breadcrumb","itemListElement":[{"@type":"ListItem","position":1,"name":"Ana s\u0259hif\u0259","item":"https:\/\/www.meydan.tv\/az\/"},{"@type":"ListItem","position":2,"name":"X\u0259b\u0259rl\u0259r","item":"https:\/\/www.meydan.tv\/az\/section\/xeberler\/"},{"@type":"ListItem","position":3,"name":"Moskva Bak\u0131n\u0131 nec\u0259 t\u0259l\u0259y\u0259 sald\u0131?"}]},{"@type":"WebSite","@id":"https:\/\/www.meydan.tv\/az\/#website","url":"https:\/\/www.meydan.tv\/az\/","name":"MEYDAN.TV","description":"Meydan TV Az\u0259rbaycan\u0131n media m\u0259kan\u0131ndak\u0131 alternativ s\u0259sidir","publisher":{"@id":"https:\/\/www.meydan.tv\/az\/#organization"},"potentialAction":[{"@type":"SearchAction","target":{"@type":"EntryPoint","urlTemplate":"https:\/\/www.meydan.tv\/az\/?s={search_term_string}"},"query-input":{"@type":"PropertyValueSpecification","valueRequired":true,"valueName":"search_term_string"}}],"inLanguage":"az"},{"@type":"Organization","@id":"https:\/\/www.meydan.tv\/az\/#organization","name":"Meydan TV","url":"https:\/\/www.meydan.tv\/az\/","logo":{"@type":"ImageObject","inLanguage":"az","@id":"https:\/\/www.meydan.tv\/az\/#\/schema\/logo\/image\/","url":"https:\/\/www.meydan.tv\/wp-content\/uploads\/2021\/07\/meydan-logo.svg","contentUrl":"https:\/\/www.meydan.tv\/wp-content\/uploads\/2021\/07\/meydan-logo.svg","width":195,"height":46,"caption":"Meydan TV"},"image":{"@id":"https:\/\/www.meydan.tv\/az\/#\/schema\/logo\/image\/"}},{"@type":"Person","@id":"https:\/\/www.meydan.tv\/az\/#\/schema\/person\/10d11eccf6da3662cf5fdab9806ea91a","name":"user-manager"}]}},"_links":{"self":[{"href":"https:\/\/www.meydan.tv\/az\/wp-json\/wp\/v2\/posts\/168130","targetHints":{"allow":["GET"]}}],"collection":[{"href":"https:\/\/www.meydan.tv\/az\/wp-json\/wp\/v2\/posts"}],"about":[{"href":"https:\/\/www.meydan.tv\/az\/wp-json\/wp\/v2\/types\/post"}],"author":[{"embeddable":true,"href":"https:\/\/www.meydan.tv\/az\/wp-json\/wp\/v2\/users\/11"}],"replies":[{"embeddable":true,"href":"https:\/\/www.meydan.tv\/az\/wp-json\/wp\/v2\/comments?post=168130"}],"version-history":[{"count":0,"href":"https:\/\/www.meydan.tv\/az\/wp-json\/wp\/v2\/posts\/168130\/revisions"}],"wp:featuredmedia":[{"embeddable":true,"href":"https:\/\/www.meydan.tv\/az\/wp-json\/wp\/v2\/media\/25225"}],"wp:attachment":[{"href":"https:\/\/www.meydan.tv\/az\/wp-json\/wp\/v2\/media?parent=168130"}],"wp:term":[{"taxonomy":"category","embeddable":true,"href":"https:\/\/www.meydan.tv\/az\/wp-json\/wp\/v2\/categories?post=168130"},{"taxonomy":"post_tag","embeddable":true,"href":"https:\/\/www.meydan.tv\/az\/wp-json\/wp\/v2\/tags?post=168130"}],"curies":[{"name":"wp","href":"https:\/\/api.w.org\/{rel}","templated":true}]}}