{"id":168129,"date":"2015-05-29T15:26:44","date_gmt":"2015-05-29T15:26:44","guid":{"rendered":"https:\/\/www.meydan.tv\/article\/vetendas-feali-elcin-memmed-baki-hava-limaninda-saxlanilib-yenilenib\/"},"modified":"2015-05-29T15:26:44","modified_gmt":"2015-05-29T15:26:44","slug":"vetendas-feali-elcin-memmed-baki-hava-limaninda-saxlanilib-yenilenib","status":"publish","type":"post","link":"https:\/\/www.meydan.tv\/az\/article\/vetendas-feali-elcin-memmed-baki-hava-limaninda-saxlanilib-yenilenib\/","title":{"rendered":"V\u0259t\u0259nda\u015f f\u0259al\u0131 El\u00e7in M\u0259mm\u0259d Bak\u0131 hava liman\u0131nda saxlan\u0131l\u0131b (yenil\u0259nib)"},"content":{"rendered":"<figure class=\"wp-block-image size-large\">\n  <img decoding=\"async\" src=\"https:\/\/www.meydan.tv\/az\/25486\/\" alt=\"\" class=\"wp-image-25486\"\/><figcaption><\/figcaption><\/figure>\n<figure class=\"wp-block-image size-large\">\n  <img decoding=\"async\" src=\"https:\/\/www.meydan.tv\/az\/25486\/\" alt=\"\" class=\"wp-image-25486\"\/><figcaption><\/figcaption><\/figure>\n<p>\n  <i><br \/>\n    Sumqay\u0131t G\u0259ncl\u0259rinin H\u00fcquqi Maarifl\u0259ndirm\u0259 \u0130ctimai Birliyinin s\u0259dri v\u0259 \u201cY\u00fcks\u0259li\u015f namin\u0259\u201d onlayn n\u0259\u015frinin ba\u015f redaktoru El\u00e7in M\u0259mm\u0259d bu g\u00fcn s\u0259h\u0259r saatlar\u0131ndan etibar\u0259n 12 saat saxland\u0131qdan sonra s\u0259rb\u0259st burax\u0131l\u0131b.<br \/>\n  <\/i>\n<\/p>\n<p>\n  &#8220;Turan \u0130A&#8221;-\u0131n m\u00fcxbiri il\u0259 s\u00f6hb\u0259tind\u0259 o bildirib ki, s\u0259h\u0259r saat 4-d\u0259 t\u0259yyar\u0259 il\u0259 Bak\u0131ya g\u0259lib, burada s\u0259rh\u0259d\u00e7il\u0259r t\u0259r\u0259find\u0259n Ba\u015f Prokurorlu\u011fun A\u011f\u0131r Cinay\u0259tl\u0259r \u00fczr\u0259 \u0130stintaq \u0130dar\u0259sind\u0259 bar\u0259sind\u0259 cinay\u0259t i\u015fi olmas\u0131 \u0259sas\u0131 il\u0259 saxlan\u0131l\u0131b.\n<\/p>\n<p>\n  O, 192 (qanunsuz sahibkarl\u0131q) v\u0259 309-c\u00fc (v\u0259zif\u0259 s\u0259lahiyy\u0259tl\u0259rini a\u015fma) madd\u0259l\u0259rl\u0259 ittiham olunur.\n<\/p>\n<p>\n  Bu ittihamlar aprelin 10-da ir\u0259li s\u00fcr\u00fcl\u00fcb, lakin f\u0259ala \u00f6lk\u0259ni t\u0259rk ed\u0259 bilm\u0259y\u0259c\u0259yi bar\u0259d\u0259 x\u0259b\u0259rdarl\u0131q edilm\u0259yib. Buna g\u00f6r\u0259 9 g\u00fcn sonra o, xidm\u0259ti ezamiyy\u0259t m\u0259qs\u0259dil\u0259 mane\u0259siz \u015f\u0259kild\u0259 \u00f6lk\u0259ni t\u0259rk edib.\n<\/p>\n<p>\n  Saxlan\u0131ld\u0131qdan sonra El\u00e7in M\u0259mm\u0259d aeroport polisin\u0259 t\u0259hvil verilib, oradan is\u0259 Az\u0259rbaycan Beyn\u0259lxalq Bank\u0131na kreditl\u0259rin qaytar\u0131lmamas\u0131 haqq\u0131nda ara\u015fd\u0131rma il\u0259 ba\u011fl\u0131 M\u00fct\u0259\u015f\u0259kkil Cinay\u0259tkarl\u0131\u011fa qar\u015f\u0131 M\u00fcbariz\u0259 Ba\u015f \u0130dar\u0259sin\u0259 apar\u0131l\u0131b.\n<\/p>\n<p>\n  \u201cBa\u015fa d\u00fc\u015fm\u00fcr\u0259m, m\u0259ni niy\u0259 oraya apar\u0131blar. M\u0259n oliqarx deyil\u0259m, biznesmen deyil\u0259m. Biz c\u0259mi 5 min manat kredit alm\u0131\u015f\u0131q. \u00d6d\u0259nil\u0259c\u0259k c\u0259mi 1800 manat qal\u0131b v\u0259 geri \u00f6d\u0259ni\u015f m\u00fcdd\u0259ti bitm\u0259yib\u201d, dey\u0259 M\u0259mm\u0259d bildirib. Sonda jurnalist s\u0259rb\u0259st burax\u0131l\u0131b, bir daha \u00e7a\u011f\u0131r\u0131laca\u011f\u0131 bildirilib.\n<\/p>\n<p>\n  <i><br \/>\n    2014-c\u00fc ilin noyabr\u0131ndan bir qrup QHT-nin f\u0259aliyy\u0259tinin ara\u015fd\u0131r\u0131lmas\u0131 i\u015fi \u00fczr\u0259 Ba\u015f Prokurorlu\u011fun A\u011f\u0131r Cinay\u0259tl\u0259r \u00fczr\u0259 \u0130stintaq \u0130dar\u0259sin\u0259 \u00e7a\u011f\u0131r\u0131lb<br \/>\n  <\/i>\n<\/p>\n<p>\n  Sumqay\u0131t G\u0259ncl\u0259rini H\u00fcquqi Maarifl\u0259ndirm\u0259 \u0130ctimai Birliyinin s\u0259dri v\u0259 \u201cY\u00fcks\u0259li\u015f namin\u0259\u201d q\u0259zetinin ba\u015f redaktoru El\u00e7in M\u0259mm\u0259d bu g\u00fcn Avropadan g\u0259l\u0259rk\u0259n Bak\u0131 aeroportunda saxlan\u0131l\u0131b.\n<\/p>\n<p>\n  M\u0259lumat\u0131 onun m\u00fcavini El\u00e7in H\u0259s\u0259nov yay\u0131b. Onun s\u00f6zl\u0259rin\u0259 g\u00f6r\u0259, insident s\u0259h\u0259r saat 4-d\u0259 ba\u015f verib. E.M\u0259mm\u0259d E.H\u0259s\u0259nova telefon edib saxland\u0131\u011f\u0131n\u0131 s\u00f6yl\u0259yib.\n<\/p>\n<p>\n  E.M\u0259mm\u0259d 2014-c\u00fc ilin noyabr\u0131ndan bir qrup QHT-nin f\u0259aliyy\u0259tinin ara\u015fd\u0131r\u0131lmas\u0131 i\u015fi \u00fczr\u0259 Ba\u015f Prokurorlu\u011fun A\u011f\u0131r Cinay\u0259tl\u0259r \u00fczr\u0259 \u0130stintaq \u0130dar\u0259sin\u0259 \u00e7a\u011f\u0131r\u0131lb.\n<\/p>\n<p>\n  Aprelin \u0259v\u0259lind\u0259 ona bildirilib ki, o ittiham olunan \u015f\u0259xs kimi c\u0259lb edilib. Bununla bel\u0259, E.M\u0259mm\u0259d aprelin 19-da \u00f6lk\u0259d\u0259n burax\u0131l\u0131b v\u0259 Strasburqa gedib, indiy\u0259d\u0259k Avropada olub.<\/p>\n","protected":false},"excerpt":{"rendered":"<p>2014-c\u00fc ilin noyabr\u0131ndan bir qrup QHT-nin f\u0259aliyy\u0259tinin ara\u015fd\u0131r\u0131lmas\u0131 i\u015fi \u00fczr\u0259 Ba\u015f Prokurorlu\u011fun A\u011f\u0131r Cinay\u0259tl\u0259r \u00fczr\u0259 \u0130stintaq \u0130dar\u0259sin\u0259 \u00e7a\u011f\u0131r\u0131lb<\/p>\n","protected":false},"author":11,"featured_media":25486,"comment_status":"closed","ping_status":"open","sticky":false,"template":"","format":"standard","meta":{"_acf_changed":false,"_sitemap_exclude":false,"_sitemap_priority":"","_sitemap_frequency":"","footnotes":""},"categories":[56],"tags":[],"class_list":["post-168129","post","type-post","status-publish","format-standard","has-post-thumbnail","hentry","category-xeberler","infinite-scroll-item","generate-columns","tablet-grid-50","mobile-grid-100","grid-parent","grid-33","no-featured-image-padding"],"acf":[],"yoast_head":"<!-- This site is optimized with the Yoast SEO plugin v28.4 - https:\/\/yoast.com\/product\/yoast-seo-wordpress\/ -->\n<title>V\u0259t\u0259nda\u015f f\u0259al\u0131 El\u00e7in M\u0259mm\u0259d Bak\u0131 hava liman\u0131nda saxlan\u0131l\u0131b (yenil\u0259nib) - MEYDAN.TV<\/title>\n<meta name=\"robots\" content=\"index, follow, max-snippet:-1, max-image-preview:large, max-video-preview:-1\" \/>\n<link rel=\"canonical\" href=\"https:\/\/www.meydan.tv\/az\/article\/vetendas-feali-elcin-memmed-baki-hava-limaninda-saxlanilib-yenilenib\/\" \/>\n<meta property=\"og:locale\" content=\"az_AZ\" \/>\n<meta property=\"og:type\" content=\"article\" \/>\n<meta property=\"og:title\" content=\"V\u0259t\u0259nda\u015f f\u0259al\u0131 El\u00e7in M\u0259mm\u0259d Bak\u0131 hava liman\u0131nda saxlan\u0131l\u0131b (yenil\u0259nib) - MEYDAN.TV\" \/>\n<meta property=\"og:description\" content=\"2014-c\u00fc ilin noyabr\u0131ndan bir qrup QHT-nin f\u0259aliyy\u0259tinin ara\u015fd\u0131r\u0131lmas\u0131 i\u015fi \u00fczr\u0259 Ba\u015f Prokurorlu\u011fun A\u011f\u0131r Cinay\u0259tl\u0259r \u00fczr\u0259 \u0130stintaq \u0130dar\u0259sin\u0259 \u00e7a\u011f\u0131r\u0131lb\" \/>\n<meta property=\"og:url\" content=\"https:\/\/www.meydan.tv\/az\/article\/vetendas-feali-elcin-memmed-baki-hava-limaninda-saxlanilib-yenilenib\/\" \/>\n<meta property=\"og:site_name\" content=\"MEYDAN.TV\" \/>\n<meta property=\"article:published_time\" content=\"2015-05-29T15:26:44+00:00\" \/>\n<meta property=\"og:image\" content=\"https:\/\/www.meydan.tv\/wp-content\/uploads\/9330.jpg\" \/>\n\t<meta property=\"og:image:width\" content=\"380\" \/>\n\t<meta property=\"og:image:height\" content=\"285\" \/>\n\t<meta property=\"og:image:type\" content=\"image\/jpeg\" \/>\n<meta name=\"twitter:card\" content=\"summary_large_image\" \/>\n<!-- \/ Yoast SEO plugin. -->","yoast_head_json":{"title":"V\u0259t\u0259nda\u015f f\u0259al\u0131 El\u00e7in M\u0259mm\u0259d Bak\u0131 hava liman\u0131nda saxlan\u0131l\u0131b (yenil\u0259nib) - MEYDAN.TV","robots":{"index":"index","follow":"follow","max-snippet":"max-snippet:-1","max-image-preview":"max-image-preview:large","max-video-preview":"max-video-preview:-1"},"canonical":"https:\/\/www.meydan.tv\/az\/article\/vetendas-feali-elcin-memmed-baki-hava-limaninda-saxlanilib-yenilenib\/","og_locale":"az_AZ","og_type":"article","og_title":"V\u0259t\u0259nda\u015f f\u0259al\u0131 El\u00e7in M\u0259mm\u0259d Bak\u0131 hava liman\u0131nda saxlan\u0131l\u0131b (yenil\u0259nib) - MEYDAN.TV","og_description":"2014-c\u00fc ilin noyabr\u0131ndan bir qrup QHT-nin f\u0259aliyy\u0259tinin ara\u015fd\u0131r\u0131lmas\u0131 i\u015fi \u00fczr\u0259 Ba\u015f Prokurorlu\u011fun A\u011f\u0131r Cinay\u0259tl\u0259r \u00fczr\u0259 \u0130stintaq \u0130dar\u0259sin\u0259 \u00e7a\u011f\u0131r\u0131lb","og_url":"https:\/\/www.meydan.tv\/az\/article\/vetendas-feali-elcin-memmed-baki-hava-limaninda-saxlanilib-yenilenib\/","og_site_name":"MEYDAN.TV","article_published_time":"2015-05-29T15:26:44+00:00","og_image":[{"width":380,"height":285,"url":"https:\/\/www.meydan.tv\/wp-content\/uploads\/9330.jpg","type":"image\/jpeg"}],"twitter_card":"summary_large_image","schema":{"@context":"https:\/\/schema.org","@graph":[{"@type":"Article","@id":"https:\/\/www.meydan.tv\/az\/article\/vetendas-feali-elcin-memmed-baki-hava-limaninda-saxlanilib-yenilenib\/#article","isPartOf":{"@id":"https:\/\/www.meydan.tv\/az\/article\/vetendas-feali-elcin-memmed-baki-hava-limaninda-saxlanilib-yenilenib\/"},"author":{"name":"user-manager","@id":"https:\/\/www.meydan.tv\/az\/#\/schema\/person\/10d11eccf6da3662cf5fdab9806ea91a"},"headline":"V\u0259t\u0259nda\u015f f\u0259al\u0131 El\u00e7in M\u0259mm\u0259d Bak\u0131 hava liman\u0131nda saxlan\u0131l\u0131b (yenil\u0259nib)","datePublished":"2015-05-29T15:26:44+00:00","mainEntityOfPage":{"@id":"https:\/\/www.meydan.tv\/az\/article\/vetendas-feali-elcin-memmed-baki-hava-limaninda-saxlanilib-yenilenib\/"},"wordCount":496,"publisher":{"@id":"https:\/\/www.meydan.tv\/az\/#organization"},"image":{"@id":"https:\/\/www.meydan.tv\/az\/article\/vetendas-feali-elcin-memmed-baki-hava-limaninda-saxlanilib-yenilenib\/#primaryimage"},"thumbnailUrl":"https:\/\/www.meydan.tv\/wp-content\/uploads\/9330.jpg","articleSection":["X\u0259b\u0259rl\u0259r"],"inLanguage":"az"},{"@type":"WebPage","@id":"https:\/\/www.meydan.tv\/az\/article\/vetendas-feali-elcin-memmed-baki-hava-limaninda-saxlanilib-yenilenib\/","url":"https:\/\/www.meydan.tv\/az\/article\/vetendas-feali-elcin-memmed-baki-hava-limaninda-saxlanilib-yenilenib\/","name":"V\u0259t\u0259nda\u015f f\u0259al\u0131 El\u00e7in M\u0259mm\u0259d Bak\u0131 hava liman\u0131nda saxlan\u0131l\u0131b (yenil\u0259nib) - MEYDAN.TV","isPartOf":{"@id":"https:\/\/www.meydan.tv\/az\/#website"},"primaryImageOfPage":{"@id":"https:\/\/www.meydan.tv\/az\/article\/vetendas-feali-elcin-memmed-baki-hava-limaninda-saxlanilib-yenilenib\/#primaryimage"},"image":{"@id":"https:\/\/www.meydan.tv\/az\/article\/vetendas-feali-elcin-memmed-baki-hava-limaninda-saxlanilib-yenilenib\/#primaryimage"},"thumbnailUrl":"https:\/\/www.meydan.tv\/wp-content\/uploads\/9330.jpg","datePublished":"2015-05-29T15:26:44+00:00","breadcrumb":{"@id":"https:\/\/www.meydan.tv\/az\/article\/vetendas-feali-elcin-memmed-baki-hava-limaninda-saxlanilib-yenilenib\/#breadcrumb"},"inLanguage":"az","potentialAction":[{"@type":"ReadAction","target":["https:\/\/www.meydan.tv\/az\/article\/vetendas-feali-elcin-memmed-baki-hava-limaninda-saxlanilib-yenilenib\/"]}]},{"@type":"ImageObject","inLanguage":"az","@id":"https:\/\/www.meydan.tv\/az\/article\/vetendas-feali-elcin-memmed-baki-hava-limaninda-saxlanilib-yenilenib\/#primaryimage","url":"https:\/\/www.meydan.tv\/wp-content\/uploads\/9330.jpg","contentUrl":"https:\/\/www.meydan.tv\/wp-content\/uploads\/9330.jpg","width":380,"height":285,"caption":"Source:"},{"@type":"BreadcrumbList","@id":"https:\/\/www.meydan.tv\/az\/article\/vetendas-feali-elcin-memmed-baki-hava-limaninda-saxlanilib-yenilenib\/#breadcrumb","itemListElement":[{"@type":"ListItem","position":1,"name":"Ana s\u0259hif\u0259","item":"https:\/\/www.meydan.tv\/az\/"},{"@type":"ListItem","position":2,"name":"X\u0259b\u0259rl\u0259r","item":"https:\/\/www.meydan.tv\/az\/section\/xeberler\/"},{"@type":"ListItem","position":3,"name":"V\u0259t\u0259nda\u015f f\u0259al\u0131 El\u00e7in M\u0259mm\u0259d Bak\u0131 hava liman\u0131nda saxlan\u0131l\u0131b (yenil\u0259nib)"}]},{"@type":"WebSite","@id":"https:\/\/www.meydan.tv\/az\/#website","url":"https:\/\/www.meydan.tv\/az\/","name":"MEYDAN.TV","description":"Meydan TV Az\u0259rbaycan\u0131n media m\u0259kan\u0131ndak\u0131 alternativ s\u0259sidir","publisher":{"@id":"https:\/\/www.meydan.tv\/az\/#organization"},"potentialAction":[{"@type":"SearchAction","target":{"@type":"EntryPoint","urlTemplate":"https:\/\/www.meydan.tv\/az\/?s={search_term_string}"},"query-input":{"@type":"PropertyValueSpecification","valueRequired":true,"valueName":"search_term_string"}}],"inLanguage":"az"},{"@type":"Organization","@id":"https:\/\/www.meydan.tv\/az\/#organization","name":"Meydan TV","url":"https:\/\/www.meydan.tv\/az\/","logo":{"@type":"ImageObject","inLanguage":"az","@id":"https:\/\/www.meydan.tv\/az\/#\/schema\/logo\/image\/","url":"https:\/\/www.meydan.tv\/wp-content\/uploads\/2021\/07\/meydan-logo.svg","contentUrl":"https:\/\/www.meydan.tv\/wp-content\/uploads\/2021\/07\/meydan-logo.svg","width":195,"height":46,"caption":"Meydan TV"},"image":{"@id":"https:\/\/www.meydan.tv\/az\/#\/schema\/logo\/image\/"}},{"@type":"Person","@id":"https:\/\/www.meydan.tv\/az\/#\/schema\/person\/10d11eccf6da3662cf5fdab9806ea91a","name":"user-manager"}]}},"_links":{"self":[{"href":"https:\/\/www.meydan.tv\/az\/wp-json\/wp\/v2\/posts\/168129","targetHints":{"allow":["GET"]}}],"collection":[{"href":"https:\/\/www.meydan.tv\/az\/wp-json\/wp\/v2\/posts"}],"about":[{"href":"https:\/\/www.meydan.tv\/az\/wp-json\/wp\/v2\/types\/post"}],"author":[{"embeddable":true,"href":"https:\/\/www.meydan.tv\/az\/wp-json\/wp\/v2\/users\/11"}],"replies":[{"embeddable":true,"href":"https:\/\/www.meydan.tv\/az\/wp-json\/wp\/v2\/comments?post=168129"}],"version-history":[{"count":0,"href":"https:\/\/www.meydan.tv\/az\/wp-json\/wp\/v2\/posts\/168129\/revisions"}],"wp:featuredmedia":[{"embeddable":true,"href":"https:\/\/www.meydan.tv\/az\/wp-json\/wp\/v2\/media\/25486"}],"wp:attachment":[{"href":"https:\/\/www.meydan.tv\/az\/wp-json\/wp\/v2\/media?parent=168129"}],"wp:term":[{"taxonomy":"category","embeddable":true,"href":"https:\/\/www.meydan.tv\/az\/wp-json\/wp\/v2\/categories?post=168129"},{"taxonomy":"post_tag","embeddable":true,"href":"https:\/\/www.meydan.tv\/az\/wp-json\/wp\/v2\/tags?post=168129"}],"curies":[{"name":"wp","href":"https:\/\/api.w.org\/{rel}","templated":true}]}}