{"id":168128,"date":"2015-05-29T15:21:18","date_gmt":"2015-05-29T15:21:18","guid":{"rendered":"https:\/\/www.meydan.tv\/article\/avropa-oyunlari-ile-elaqedar-mehdudiyyetlere-start-verildi\/"},"modified":"2015-05-29T15:21:18","modified_gmt":"2015-05-29T15:21:18","slug":"avropa-oyunlari-ile-elaqedar-mehdudiyyetlere-start-verildi","status":"publish","type":"post","link":"https:\/\/www.meydan.tv\/az\/article\/avropa-oyunlari-ile-elaqedar-mehdudiyyetlere-start-verildi\/","title":{"rendered":"Avropa Oyunlar\u0131 il\u0259 \u0259laq\u0259dar m\u0259hdudiyy\u0259tl\u0259r\u0259 start verildi"},"content":{"rendered":"<figure class=\"wp-block-image size-large\">\n  <img decoding=\"async\" src=\"https:\/\/www.meydan.tv\/az\/25477\/\" alt=\"\" class=\"wp-image-25477\"\/><figcaption><\/figcaption><\/figure>\n<figure class=\"wp-block-image size-large\">\n  <img decoding=\"async\" src=\"https:\/\/www.meydan.tv\/az\/25477\/\" alt=\"\" class=\"wp-image-25477\"\/><figcaption><\/figcaption><\/figure>\n<p>\n  <i><br \/>\n    S\u0259h\u0259r saatlar\u0131ndan ba\u015flayaraq Bak\u0131 \u015f\u0259h\u0259rind\u0259 avtomobill\u0259rin s\u0131xl\u0131\u011f\u0131 m\u00fc\u015fahid\u0259 olunur<br \/>\n  <\/i>\n<\/p>\n<p>\n  May\u0131n 29-da saat 00.00-dan ba\u015flayaraq I Avropa Oyunlar\u0131 il\u0259 \u0259laq\u0259dar Bak\u0131da n\u0259qliyyat\u0131n h\u0259r\u0259k\u0259ti \u00fc\u00e7\u00fcn n\u0259z\u0259rd\u0259 tutulan x\u00fcsusi zolaqlara giri\u015f\u0259 r\u0259sm\u0259n qada\u011fa qoyulub. Qada\u011fa Avropa Oyunlar\u0131 ba\u015fa \u00e7atanad\u0259k davam ed\u0259c\u0259k.\n<\/p>\n<p>\n  Daxili \u0130\u015fl\u0259r Nazirliyi Ba\u015f D\u00f6vl\u0259t Yol Polisi \u0130dar\u0259sinin m\u0259lumat\u0131na g\u00f6r\u0259, paytaxtda\u00a0 m\u00fc\u0259yy\u0259n edil\u0259n yollarda sar\u0131 r\u0259ngd\u0259 I Avropa Oyunlar\u0131n\u0131n loqosunun \u0259ks olundu\u011fu \u201cOyunlar zola\u011f\u0131\u201d \u00e7\u0259kilib, eyni zamanda, h\u0259min zolaqlar \u00fczr\u0259 h\u0259r\u0259k\u0259ti qada\u011fan ed\u0259n m\u00fcvafiq yol ni\u015fanlar\u0131 qura\u015fd\u0131r\u0131l\u0131b.\n<\/p>\n<p>\n  May\u0131n 29-dan Avropa Oyunlar\u0131 il\u0259 \u0259laq\u0259dar m\u00fc\u0259yy\u0259n edil\u0259n n\u0259qliyyat vasit\u0259l\u0259rind\u0259n ba\u015fqa avtomobill\u0259rin h\u0259min zola\u011fa \u00e7\u0131xmas\u0131na g\u00f6r\u0259 s\u00fcr\u00fcc\u00fcl\u0259r \u0130nzibati X\u0259talar M\u0259c\u0259ll\u0259sin\u0259 m\u00fcvafiq olaraq yol ni\u015fanlar\u0131n\u0131n v\u0259 ya yollar\u0131n h\u0259r\u0259k\u0259t hiss\u0259sinin i\u015far\u0259l\u0259rinin t\u0259l\u0259bl\u0259rin\u0259 riay\u0259t edilm\u0259m\u0259sin\u0259 g\u00f6r\u0259 40 manat c\u0259rim\u0259 olunacaqlar.\n<\/p>\n<p>\n  M\u0259lumata g\u00f6r\u0259, &#8220;Oyunlar zola\u011f\u0131&#8221; dig\u0259r zolaqlarla k\u0259si\u015firs\u0259, bu zaman, el\u0259c\u0259 d\u0259 x\u00fcsisi zolaqlar\u0131n oldu\u011fu yolayr\u0131clar\u0131nda h\u0259r\u0259k\u0259t \u00fcst\u00fcnl\u00fcy\u00fc x\u00fcsusi yola veril\u0259c\u0259k. Buna \u0259m\u0259l etm\u0259y\u0259n s\u00fcr\u00fcc\u00fcl\u0259ri d\u0259 c\u0259rim\u0259 g\u00f6zl\u0259yir.\n<\/p>\n<p>\n  K\u0259si\u015f\u0259n yolla h\u0259r\u0259k\u0259t ed\u0259n s\u00fcr\u00fcc\u00fc yaln\u0131z x\u00fcsusi yolda h\u0259r\u0259k\u0259t ed\u0259n avtomobili buraxd\u0131qdan sonra h\u0259r\u0259k\u0259tini davam etdir\u0259 bil\u0259r. Bunu etm\u0259y\u0259r\u0259k q\u0259za \u015f\u0259raiti yaradan s\u00fcr\u00fcc\u00fcl\u0259r 80 manat v\u0259\u00a0\u00a0 4 c\u0259rim\u0259 bal\u0131 il\u0259 c\u0259rim\u0259l\u0259n\u0259c\u0259kl\u0259r.\n<\/p>\n<p>\n  Art\u0131q may\u0131n 29-da s\u0259h\u0259r saatlar\u0131ndan ba\u015flayaraq Bak\u0131 \u015f\u0259h\u0259rind\u0259 avtomobill\u0259rin s\u0131xl\u0131\u011f\u0131 m\u00fc\u015fahid\u0259 olunur.\n<\/p>\n<p>\n  Haz\u0131rda Bak\u0131-Sumqay\u0131t \u015fosesind\u0259, Ziya B\u00fcnyadov prospektind\u0259, eyni il\u0259 d\u0259 paytaxt\u0131n m\u0259rk\u0259zi yollar\u0131nda avtomobil s\u0131xl\u0131\u011f\u0131 qeyd\u0259 al\u0131n\u0131r (Turan \u0130A).<\/p>\n","protected":false},"excerpt":{"rendered":"<p>S\u0259h\u0259r saatlar\u0131ndan ba\u015flayaraq Bak\u0131 \u015f\u0259h\u0259rind\u0259 avtomobill\u0259rin s\u0131xl\u0131\u011f\u0131 m\u00fc\u015fahid\u0259 olunur<\/p>\n","protected":false},"author":11,"featured_media":25477,"comment_status":"closed","ping_status":"open","sticky":false,"template":"","format":"standard","meta":{"_acf_changed":false,"_sitemap_exclude":false,"_sitemap_priority":"","_sitemap_frequency":"","footnotes":""},"categories":[56],"tags":[],"class_list":["post-168128","post","type-post","status-publish","format-standard","has-post-thumbnail","hentry","category-xeberler","infinite-scroll-item","generate-columns","tablet-grid-50","mobile-grid-100","grid-parent","grid-33","no-featured-image-padding"],"acf":[],"yoast_head":"<!-- This site is optimized with the Yoast SEO plugin v28.4 - https:\/\/yoast.com\/product\/yoast-seo-wordpress\/ -->\n<title>Avropa Oyunlar\u0131 il\u0259 \u0259laq\u0259dar m\u0259hdudiyy\u0259tl\u0259r\u0259 start verildi - MEYDAN.TV<\/title>\n<meta name=\"robots\" content=\"index, follow, max-snippet:-1, max-image-preview:large, max-video-preview:-1\" \/>\n<link rel=\"canonical\" href=\"https:\/\/www.meydan.tv\/az\/article\/avropa-oyunlari-ile-elaqedar-mehdudiyyetlere-start-verildi\/\" \/>\n<meta property=\"og:locale\" content=\"az_AZ\" \/>\n<meta property=\"og:type\" content=\"article\" \/>\n<meta property=\"og:title\" content=\"Avropa Oyunlar\u0131 il\u0259 \u0259laq\u0259dar m\u0259hdudiyy\u0259tl\u0259r\u0259 start verildi - MEYDAN.TV\" \/>\n<meta property=\"og:description\" content=\"S\u0259h\u0259r saatlar\u0131ndan ba\u015flayaraq Bak\u0131 \u015f\u0259h\u0259rind\u0259 avtomobill\u0259rin s\u0131xl\u0131\u011f\u0131 m\u00fc\u015fahid\u0259 olunur\" \/>\n<meta property=\"og:url\" content=\"https:\/\/www.meydan.tv\/az\/article\/avropa-oyunlari-ile-elaqedar-mehdudiyyetlere-start-verildi\/\" \/>\n<meta property=\"og:site_name\" content=\"MEYDAN.TV\" \/>\n<meta property=\"article:published_time\" content=\"2015-05-29T15:21:18+00:00\" \/>\n<meta property=\"og:image\" content=\"https:\/\/www.meydan.tv\/wp-content\/uploads\/9329.jpg\" \/>\n\t<meta property=\"og:image:width\" content=\"476\" \/>\n\t<meta property=\"og:image:height\" content=\"400\" \/>\n\t<meta property=\"og:image:type\" content=\"image\/jpeg\" \/>\n<meta name=\"twitter:card\" content=\"summary_large_image\" \/>\n<!-- \/ Yoast SEO plugin. -->","yoast_head_json":{"title":"Avropa Oyunlar\u0131 il\u0259 \u0259laq\u0259dar m\u0259hdudiyy\u0259tl\u0259r\u0259 start verildi - MEYDAN.TV","robots":{"index":"index","follow":"follow","max-snippet":"max-snippet:-1","max-image-preview":"max-image-preview:large","max-video-preview":"max-video-preview:-1"},"canonical":"https:\/\/www.meydan.tv\/az\/article\/avropa-oyunlari-ile-elaqedar-mehdudiyyetlere-start-verildi\/","og_locale":"az_AZ","og_type":"article","og_title":"Avropa Oyunlar\u0131 il\u0259 \u0259laq\u0259dar m\u0259hdudiyy\u0259tl\u0259r\u0259 start verildi - MEYDAN.TV","og_description":"S\u0259h\u0259r saatlar\u0131ndan ba\u015flayaraq Bak\u0131 \u015f\u0259h\u0259rind\u0259 avtomobill\u0259rin s\u0131xl\u0131\u011f\u0131 m\u00fc\u015fahid\u0259 olunur","og_url":"https:\/\/www.meydan.tv\/az\/article\/avropa-oyunlari-ile-elaqedar-mehdudiyyetlere-start-verildi\/","og_site_name":"MEYDAN.TV","article_published_time":"2015-05-29T15:21:18+00:00","og_image":[{"width":476,"height":400,"url":"https:\/\/www.meydan.tv\/wp-content\/uploads\/9329.jpg","type":"image\/jpeg"}],"twitter_card":"summary_large_image","schema":{"@context":"https:\/\/schema.org","@graph":[{"@type":"Article","@id":"https:\/\/www.meydan.tv\/az\/article\/avropa-oyunlari-ile-elaqedar-mehdudiyyetlere-start-verildi\/#article","isPartOf":{"@id":"https:\/\/www.meydan.tv\/az\/article\/avropa-oyunlari-ile-elaqedar-mehdudiyyetlere-start-verildi\/"},"author":{"name":"user-manager","@id":"https:\/\/www.meydan.tv\/az\/#\/schema\/person\/10d11eccf6da3662cf5fdab9806ea91a"},"headline":"Avropa Oyunlar\u0131 il\u0259 \u0259laq\u0259dar m\u0259hdudiyy\u0259tl\u0259r\u0259 start verildi","datePublished":"2015-05-29T15:21:18+00:00","mainEntityOfPage":{"@id":"https:\/\/www.meydan.tv\/az\/article\/avropa-oyunlari-ile-elaqedar-mehdudiyyetlere-start-verildi\/"},"wordCount":390,"publisher":{"@id":"https:\/\/www.meydan.tv\/az\/#organization"},"image":{"@id":"https:\/\/www.meydan.tv\/az\/article\/avropa-oyunlari-ile-elaqedar-mehdudiyyetlere-start-verildi\/#primaryimage"},"thumbnailUrl":"https:\/\/www.meydan.tv\/wp-content\/uploads\/9329.jpg","articleSection":["X\u0259b\u0259rl\u0259r"],"inLanguage":"az"},{"@type":"WebPage","@id":"https:\/\/www.meydan.tv\/az\/article\/avropa-oyunlari-ile-elaqedar-mehdudiyyetlere-start-verildi\/","url":"https:\/\/www.meydan.tv\/az\/article\/avropa-oyunlari-ile-elaqedar-mehdudiyyetlere-start-verildi\/","name":"Avropa Oyunlar\u0131 il\u0259 \u0259laq\u0259dar m\u0259hdudiyy\u0259tl\u0259r\u0259 start verildi - MEYDAN.TV","isPartOf":{"@id":"https:\/\/www.meydan.tv\/az\/#website"},"primaryImageOfPage":{"@id":"https:\/\/www.meydan.tv\/az\/article\/avropa-oyunlari-ile-elaqedar-mehdudiyyetlere-start-verildi\/#primaryimage"},"image":{"@id":"https:\/\/www.meydan.tv\/az\/article\/avropa-oyunlari-ile-elaqedar-mehdudiyyetlere-start-verildi\/#primaryimage"},"thumbnailUrl":"https:\/\/www.meydan.tv\/wp-content\/uploads\/9329.jpg","datePublished":"2015-05-29T15:21:18+00:00","breadcrumb":{"@id":"https:\/\/www.meydan.tv\/az\/article\/avropa-oyunlari-ile-elaqedar-mehdudiyyetlere-start-verildi\/#breadcrumb"},"inLanguage":"az","potentialAction":[{"@type":"ReadAction","target":["https:\/\/www.meydan.tv\/az\/article\/avropa-oyunlari-ile-elaqedar-mehdudiyyetlere-start-verildi\/"]}]},{"@type":"ImageObject","inLanguage":"az","@id":"https:\/\/www.meydan.tv\/az\/article\/avropa-oyunlari-ile-elaqedar-mehdudiyyetlere-start-verildi\/#primaryimage","url":"https:\/\/www.meydan.tv\/wp-content\/uploads\/9329.jpg","contentUrl":"https:\/\/www.meydan.tv\/wp-content\/uploads\/9329.jpg","width":476,"height":400,"caption":"Source:"},{"@type":"BreadcrumbList","@id":"https:\/\/www.meydan.tv\/az\/article\/avropa-oyunlari-ile-elaqedar-mehdudiyyetlere-start-verildi\/#breadcrumb","itemListElement":[{"@type":"ListItem","position":1,"name":"Ana s\u0259hif\u0259","item":"https:\/\/www.meydan.tv\/az\/"},{"@type":"ListItem","position":2,"name":"X\u0259b\u0259rl\u0259r","item":"https:\/\/www.meydan.tv\/az\/section\/xeberler\/"},{"@type":"ListItem","position":3,"name":"Avropa Oyunlar\u0131 il\u0259 \u0259laq\u0259dar m\u0259hdudiyy\u0259tl\u0259r\u0259 start verildi"}]},{"@type":"WebSite","@id":"https:\/\/www.meydan.tv\/az\/#website","url":"https:\/\/www.meydan.tv\/az\/","name":"MEYDAN.TV","description":"Meydan TV Az\u0259rbaycan\u0131n media m\u0259kan\u0131ndak\u0131 alternativ s\u0259sidir","publisher":{"@id":"https:\/\/www.meydan.tv\/az\/#organization"},"potentialAction":[{"@type":"SearchAction","target":{"@type":"EntryPoint","urlTemplate":"https:\/\/www.meydan.tv\/az\/?s={search_term_string}"},"query-input":{"@type":"PropertyValueSpecification","valueRequired":true,"valueName":"search_term_string"}}],"inLanguage":"az"},{"@type":"Organization","@id":"https:\/\/www.meydan.tv\/az\/#organization","name":"Meydan TV","url":"https:\/\/www.meydan.tv\/az\/","logo":{"@type":"ImageObject","inLanguage":"az","@id":"https:\/\/www.meydan.tv\/az\/#\/schema\/logo\/image\/","url":"https:\/\/www.meydan.tv\/wp-content\/uploads\/2021\/07\/meydan-logo.svg","contentUrl":"https:\/\/www.meydan.tv\/wp-content\/uploads\/2021\/07\/meydan-logo.svg","width":195,"height":46,"caption":"Meydan TV"},"image":{"@id":"https:\/\/www.meydan.tv\/az\/#\/schema\/logo\/image\/"}},{"@type":"Person","@id":"https:\/\/www.meydan.tv\/az\/#\/schema\/person\/10d11eccf6da3662cf5fdab9806ea91a","name":"user-manager"}]}},"_links":{"self":[{"href":"https:\/\/www.meydan.tv\/az\/wp-json\/wp\/v2\/posts\/168128","targetHints":{"allow":["GET"]}}],"collection":[{"href":"https:\/\/www.meydan.tv\/az\/wp-json\/wp\/v2\/posts"}],"about":[{"href":"https:\/\/www.meydan.tv\/az\/wp-json\/wp\/v2\/types\/post"}],"author":[{"embeddable":true,"href":"https:\/\/www.meydan.tv\/az\/wp-json\/wp\/v2\/users\/11"}],"replies":[{"embeddable":true,"href":"https:\/\/www.meydan.tv\/az\/wp-json\/wp\/v2\/comments?post=168128"}],"version-history":[{"count":0,"href":"https:\/\/www.meydan.tv\/az\/wp-json\/wp\/v2\/posts\/168128\/revisions"}],"wp:featuredmedia":[{"embeddable":true,"href":"https:\/\/www.meydan.tv\/az\/wp-json\/wp\/v2\/media\/25477"}],"wp:attachment":[{"href":"https:\/\/www.meydan.tv\/az\/wp-json\/wp\/v2\/media?parent=168128"}],"wp:term":[{"taxonomy":"category","embeddable":true,"href":"https:\/\/www.meydan.tv\/az\/wp-json\/wp\/v2\/categories?post=168128"},{"taxonomy":"post_tag","embeddable":true,"href":"https:\/\/www.meydan.tv\/az\/wp-json\/wp\/v2\/tags?post=168128"}],"curies":[{"name":"wp","href":"https:\/\/api.w.org\/{rel}","templated":true}]}}