{"id":168124,"date":"2015-05-29T03:06:45","date_gmt":"2015-05-29T03:06:45","guid":{"rendered":"https:\/\/www.meydan.tv\/article\/gedebeyde-oldurulduyu-iddia-edilen-herbcinin-anasi-danisdi\/"},"modified":"2015-05-29T03:06:45","modified_gmt":"2015-05-29T03:06:45","slug":"gedebeyde-oldurulduyu-iddia-edilen-herbcinin-anasi-danisdi","status":"publish","type":"post","link":"https:\/\/www.meydan.tv\/az\/article\/gedebeyde-oldurulduyu-iddia-edilen-herbcinin-anasi-danisdi\/","title":{"rendered":"G\u0259d\u0259b\u0259yd\u0259 \u00f6ld\u00fcr\u00fcld\u00fcy\u00fc iddia edil\u0259n h\u0259rb\u00e7inin anas\u0131 dan\u0131\u015fd\u0131"},"content":{"rendered":"<figure class=\"wp-block-image size-large\">\n  <img decoding=\"async\" src=\"https:\/\/www.meydan.tv\/az\/25420\/\" alt=\"\" class=\"wp-image-25420\"\/><figcaption><\/figcaption><\/figure>\n<figure class=\"wp-block-image size-large\">\n  <img decoding=\"async\" src=\"https:\/\/www.meydan.tv\/az\/25426\/\" alt=\"\" class=\"wp-image-25426\"\/><figcaption><\/figcaption><\/figure>\n<p>\n  <b><br \/>\n    \u018frkinaz M\u0259mm\u0259dova: \u201cS\u00fcp\u00fcrg\u0259\u00e7ilik etm\u0259kl\u0259 o\u011ful b\u00f6y\u00fctd\u00fcm, bu da sonu&#8230;\u201d<br \/>\n  <\/b>\n<\/p>\n<p>\n  Aprelin 21-d\u0259 171 sayl\u0131 h\u0259rbi hiss\u0259nin G\u0259d\u0259b\u0259yin Qartal II (Alag\u00f6ll\u0259r) deyil\u0259n b\u00f6l\u00fcy\u00fcnd\u0259 m\u00fcdd\u0259td\u0259n art\u0131q xidm\u0259t ke\u00e7\u0259n (MAXE) h\u0259rbi qulluq\u00e7u, 25 ya\u015fl\u0131 Miriyev S\u0259m\u0259d \u018fli o\u011flu m\u00fc\u0259mmal\u0131 \u015f\u0259kild\u0259 d\u00fcnyas\u0131n\u0131 d\u0259yi\u015fib. Yax\u0131nlar\u0131 onun MAXE yolda\u015flar\u0131 t\u0259r\u0259find\u0259n q\u0259tl\u0259 yetirildiyini iddia edirl\u0259r.<\/p>\n<p>  Redaksiyam\u0131za m\u00fcraci\u0259t ed\u0259n m\u0259rhumun anas\u0131, \u015e\u0259mkirin Posanl\u0131 k\u0259ndi, G\u0259ray \u018fs\u0259dov k\u00fc\u00e7\u0259si ev 38-d\u0259 ya\u015fayan M\u0259mm\u0259dova \u018frkinaz \u018fli q\u0131z\u0131 o\u011flunun\u00a0 \u00f6l\u00fcm\u00fc il\u0259 ba\u011fl\u0131 t\u00fck\u00fcrp\u0259dici faktlar a\u00e7\u0131qlad\u0131.\n<\/p>\n<p>\n  O, o\u011flunun d\u00f6rd n\u0259f\u0259r t\u0259r\u0259find\u0259n \u00f6ld\u00fcr\u00fcld\u00fcy\u00fcn\u00fc, fakt\u0131n \u00f6rt-basd\u0131r edilm\u0259si \u00fc\u00e7\u00fcn aidiyy\u0259ti orqanlar\u0131n onlara t\u0259zyiql\u0259r etdiyini,\n<\/p>\n<\/p>\n<p>\n  171 sayl\u0131 h\u0259rbi hiss\u0259nin komandiri, general R\u00f6v\u015f\u0259n \u018fkb\u0259rovun onu polis vasit\u0259sil\u0259 qovdurdu\u011funu deyir: \u201cO\u011flumu 4 n\u0259f\u0259r MAXE \u00f6ld\u00fcr\u00fcb. Korpusun n\u00fcmay\u0259nd\u0259l\u0259ri \u015fayi\u0259 buraxd\u0131lar ki, intihar edib. O\u011flumun meyitini iki n\u0259f\u0259r MAXE-nin \u0259lin\u0259 verdil\u0259r.<\/p>\n<p>  Meyitini bel\u0259 yuma\u011fa imkan verm\u0259dil\u0259r. \u0130cra ba\u015f\u00e7\u0131s\u0131n\u0131n t\u0259zyiqi il\u0259 o\u011flum d\u0259fn edildi. Dedil\u0259r ki, k\u00f6m\u0259k ed\u0259c\u0259yik, S\u0259m\u0259d\u0259 \u015f\u0259hid statusu ver\u0259c\u0259yik. Bunlar\u0131n he\u00e7 birini etm\u0259dil\u0259r. O\u011flum d\u0259fn edildiyi g\u00fcn\u00fcn s\u0259h\u0259ri Qaza\u011f\u0131n h\u0259rbi prokuroru \u015eahin Zamanovun q\u0259buluna getdim. Ekspertin cavab\u0131n\u0131 almadan dedi ki, \u00f6z\u00fc-\u00f6z\u00fcn\u00fc vurub. Dedim ki, n\u0259 \u00fc\u00e7\u00fcn ekspert r\u0259yi olmadan bel\u0259 deyirs\u0259n? O\u011flum \u00f6lm\u0259mi\u015fd\u0259n qabaq qarda\u015f\u0131 Nicata mesaj yaz\u0131b. MAXE Hac\u0131yev telefonu a\u00e7araq, mesaj\u0131 silib.\u00a0 Yaz\u0131b ki, m\u0259n \u00f6l\u00fcr\u0259m. Qan\u0131m\u0131 Cavadov, \u018fbilov, Hac\u0131yev v\u0259 Qarayevd\u0259n alarsan. \u018fsg\u0259rlikd\u0259 soyadla \u00e7a\u011f\u0131rd\u0131qlar\u0131na g\u00f6r\u0259 adlar\u0131n\u0131 m\u00fc\u0259yy\u0259nl\u0259\u015fdir\u0259 bilm\u0259mi\u015fik.\n<\/p>\n<figure class=\"wp-block-image size-large\">\n  <img decoding=\"async\" src=\"https:\/\/www.meydan.tv\/az\/25420\/\" alt=\"\" class=\"wp-image-25420\"\/><figcaption><\/figcaption><\/figure>\n<p>\n  Yaln\u0131z Camal Hac\u0131yevi bilir\u0259m. \u00d6l\u00fcm\u00fcn\u0259 s\u0259b\u0259b olanlar\u0131n bu \u015f\u0259xsl\u0259r oldu\u011funu o\u011flum mesajla bildirib. Mesajda o\u011flum yaz\u0131b ki, \u201dm\u0259ni s\u0131nd\u0131rmaq \u00fc\u00e7\u00fcn birl\u0259\u015fdil\u0259r, bacarmayanda dava sald\u0131lar&#8221;. Ondan sonra o\u011flumun son c\u00fcml\u0259si \u201cm\u0259ni ba\u011f\u0131\u015flay\u0131n\u201dd\u0131r. May\u0131n 5-d\u0259 toyu olmal\u0131 idi. Q\u0259sd\u0259n m\u0259zuniyy\u0259t\u0259 g\u00f6nd\u0259rm\u0259dil\u0259r.\n<\/p>\n<p>\n  Nicat qarda\u015f\u0131n\u0131n mesaj\u0131n\u0131 40 d\u0259qiq\u0259d\u0259n sonra\n<\/p>\n<figure class=\"wp-block-image size-large\">\n  <img decoding=\"async\" src=\"https:\/\/www.meydan.tv\/az\/25423\/\" alt=\"\" class=\"wp-image-25423\"\/><figcaption><\/figcaption><\/figure>\n<p>\n  g\u00f6r\u00fcb. Korpusa \u00e7atanda deyibl\u0259r ki,\u00a0 qarda\u015f\u0131n \u00f6l\u00fcb. Telefona z\u0259ng ed\u0259nd\u0259 Hac\u0131yev g\u00f6t\u00fcr\u00fcb. O\u011flum soru\u015fub ki, niy\u0259 s\u0259n telefonu g\u00f6t\u00fcr\u00fcrs\u0259n? Telefonu s\u00f6nd\u00fcr\u00fcb. O\u011flumun yazd\u0131\u011f\u0131 mesaj is\u0259 telefondan silinib. \u015eahin Zamanova sual verir\u0259m ki, n\u0259y\u0259 g\u00f6r\u0259 o\u011flum \u00f6l\u0259nd\u0259n sonra mesaj onun telefonundan silinir? Deyir ki, \u00f6z\u00fc silib. D\u0259h\u015f\u0259t\u0259 g\u0259lir\u0259m ki, insan \u00f6l\u0259nd\u0259n sonra mesaj silir? Bu q\u0259d\u0259r vicdans\u0131zl\u0131q olmaz. Sonra \u015eahin Zamanov deyir ki, Hac\u0131yevin \u00f6z telefonu yox imi\u015f, s\u0259nin o\u011flunun telefonu il\u0259 dan\u0131\u015f\u0131rm\u0131\u015f, \u0259li d\u0259yib mesaj silinib. Sual verdim ki, b\u0259s niy\u0259 bu \u015f\u0259xsl\u0259rin ad\u0131n\u0131 mesajda yaz\u0131b? Savab verm\u0259di&#8221;.<\/p>\n<p>  \u015eikay\u0259t\u00e7i qad\u0131n R\u00f6v\u015f\u0259n \u018fkb\u0259rovun onu qovdurmas\u0131ndan dan\u0131\u015fd\u0131: \u201cKorpusun komandiri R\u00f6v\u015f\u0259n \u018fkb\u0259rov polis vasit\u0259sil\u0259 m\u0259ni qovdurur. Mehdiyev m\u0259n\u0259 deyir ki, n\u0259 \u015fou \u00e7\u0131xar\u0131rsan? O\u011flumun \u00f6l\u00fcm\u00fcn\u00fc \u015fou hesab edirl\u0259r. \u018fbilov deyir ki, da\u011fdan y\u0131x\u0131l\u0131b, ba\u015f\u0131 g\u00f6y\u0259rib. Deyir\u0259m ki, \u00f6l\u0259n adam\u0131n ba\u015f\u0131 g\u00f6y\u0259rir? H\u0259tta dedil\u0259r ki, meyiti da\u011fdan endir\u0259nd\u0259, quca\u011f\u0131m\u0131zdan yer\u0259 d\u00fc\u015f\u00fcb. O\u011flumun b\u0259d\u0259nind\u0259 g\u00f6y\u0259rti izl\u0259ri var idi. H\u0259rbi komissar da g\u00f6r\u00fcb. Amma dem\u0259y\u0259 c\u0259sar\u0259ti \u00e7atmad\u0131. Deyirl\u0259r ki, b\u0259d\u0259nind\u0259ki g\u00f6yl\u0259r \u00f6l\u00fc l\u0259k\u0259sidir. Saat 5-d\u0259 \u00f6l\u0259n adam\u0131n, gec\u0259 2-d\u0259 b\u0259d\u0259nind\u0259 \u00f6l\u00fc l\u0259k\u0259si qalar? R\u00f6v\u015f\u0259n \u018fkb\u0259rov m\u0259ni korpusdan qovdurdu.\n<\/p>\n<p>\n  \u015eahin Zamanovun ikinci d\u0259f\u0259 q\u0259bulunda oldum. Deyir ki, o\u011flun s\u00f6y\u00fc\u015f\u0259 g\u00f6r\u0259 \u00f6z\u00fcn\u00fc \u00f6ld\u00fcr\u00fcb. S\u00f6y\u00fc\u015f\u0259 g\u00f6r\u0259 insan \u00f6z\u00fcn\u00fc \u00f6ld\u00fcr\u0259rmi? O\u011flum bankdan 1200 manat kredit g\u00f6t\u00fcr\u00fcb, MAXE i\u015fin\u0259 girdi\u201d.\n<\/p>\n<figure class=\"wp-block-image size-large\">\n  <img decoding=\"async\" src=\"https:\/\/www.meydan.tv\/az\/25429\/\" alt=\"\" class=\"wp-image-25429\"\/><figcaption><\/figcaption><\/figure>\n<p>\n  <br \/>\n  M\u0259rhumun anas\u0131 o\u011flunun bu ilin fevral\u0131nda ba\u015f\u0131na g\u0259l\u0259n hadis\u0259d\u0259n sonra daim h\u0259d\u0259l\u0259ndiyini d\u0259 qeyd etdi. Ana iddia edir ki, \u00f6vlad\u0131n\u0131n \u00f6l\u00fcm\u00fcn\u0259 bu amil s\u0259b\u0259b olub: \u201cBu ilin fevral\u0131nda S\u0259m\u0259d kursa getm\u0259k \u00fc\u00e7\u00fcn da\u011fdan d\u00fc\u015f\u0259nd\u0259 dumanda itmi\u015fdi. Bunun qaba\u011f\u0131na leytenant Elm\u0259ddin \u018fzizov adl\u0131 birisi \u00e7\u0131xmal\u0131 imi\u015f. O da \u00e7\u0131xmay\u0131b. N\u0259tic\u0259d\u0259 o\u011flum gec\u0259 saat 2-d\u0259 tap\u0131l\u0131r. Bu vaxta q\u0259d\u0259r \u00f6z\u00fcn\u00fc qorumaq \u00fc\u00e7\u00fcn b\u00fct\u00fcn m\u00fclk\u00fc paltarlar\u0131n\u0131 yand\u0131r\u0131r. Tapandan sonra sistem qoyub, \u00f6z\u00fcn\u0259 g\u0259tirirl\u0259r.\n<\/p>\n<p>\n  Elm\u0259ddin o\u011fluma deyib ki, komandir\u0259 dem\u0259, qar\u015f\u0131na \u00e7\u0131xmad\u0131\u011f\u0131m\u0131. S\u0259m\u0259d deyib ki, niy\u0259 m\u0259n \u00f6lm\u0259liydim? Elm\u0259ddin\u0259 \u015fidd\u0259tli t\u00f6hm\u0259t verirl\u0259r. Elm\u0259ddin o\u011fluma deyib ki, g\u00f6r s\u0259nin ba\u015f\u0131na n\u0259 oyun a\u00e7acam. Kursdan o\u011flum Saratovka k\u0259ndind\u0259 yerl\u0259\u015f\u0259n h\u0259rbi hiss\u0259y\u0259 qay\u0131td\u0131. M\u0259n\u0259 z\u0259ng etdi ki, burada El\u015f\u0259n Zeynalov adl\u0131 q\u0259rargah r\u0259isi m\u0259ni incidir. Bu hadis\u0259l\u0259ri t\u00f6r\u0259d\u0259nin ham\u0131s\u0131 Elm\u0259ddin \u018fzizov olub. Q\u0259rargah r\u0259isini d\u0259 \u00f6yr\u0259dib. O\u011flumu m\u0259zuniyy\u0259t\u0259 g\u00f6nd\u0259rm\u0259y\u0259n d\u0259 bu olub. Qaza\u011f\u0131n h\u0259rbi prokuroru \u015eahin Zamanov, \u015e\u0259mkirin icra ba\u015f\u00e7\u0131s\u0131 Alimpa\u015fa M\u0259mm\u0259dov v\u0259 R\u00f6v\u015f\u0259n \u018fkb\u0259rov bu i\u015fi \u00f6rt-basd\u0131r etm\u0259k ist\u0259yirl\u0259r. Yazd\u0131\u011f\u0131m m\u0259ktublara cavab ver\u0259n yoxdur. O\u011flumun g\u00f6z\u00fcn\u00fcn alt\u0131nda v\u0259 belind\u0259 d\u00f6y\u00fclm\u0259 izl\u0259ri var idi. Bu q\u0259d\u0259r qanunsuzluq olmaz. O\u011flumu \u00f6ld\u00fcr\u00fcb, \u00fcst\u00fcm\u0259 g\u00f6nd\u0259rdil\u0259r. Noyabr\u0131n 27-d\u0259 o\u011flum h\u0259rbi hiss\u0259y\u0259 gedib.\n<\/p>\n<figure class=\"wp-block-image size-large\">\n  <img decoding=\"async\" src=\"https:\/\/www.meydan.tv\/az\/25432\/\" alt=\"\" class=\"wp-image-25432\"\/><figcaption><\/figcaption><\/figure>\n<p>  Be\u015f ay\u0131n MAXE-si idi. O\u011flumun ba\u015f\u0131n\u0131 yedil\u0259r. \u018fsg\u0259rliyini il yar\u0131m Nax\u00e7\u0131vanda \u00e7\u0259kdi. \u015e\u0259mkirin icra ba\u015f\u00e7\u0131s\u0131 Alimpa\u015fa M\u0259mm\u0259dov m\u0259n\u0259 deyir ki, bu i\u015f h\u0259rbid\u0259 olub, get, onlar s\u0259n\u0259 k\u00f6m\u0259k etsin. Sonra ged\u0259nd\u0259 is\u0259 q\u0259bula buraxmad\u0131lar. O\u011flum d\u0259fn olunanda icra ba\u015f\u00e7\u0131s\u0131 m\u0259nim yan\u0131ma adam g\u00f6nd\u0259rdi ki, sakitl\u0259\u015f, vicdan\u0131mla bu i\u015f\u0259 baxacam. \u00c7\u00f6r\u0259k qazanan\u0131m\u0131 \u00f6ld\u00fcrd\u00fcl\u0259r. S\u00fcp\u00fcrg\u0259\u00e7i i\u015fl\u0259yir\u0259m, kas\u0131b adamam. \u00d6ld\u00fcr\u0259nl\u0259r puldan verib, o\u011flumun qan\u0131n\u0131 bat\u0131r\u0131rlar. \u015eahin Zamanov pul al\u0131b susur.\n<\/p>\n<p>\n  Bu bir anan\u0131n f\u0259ryad\u0131d\u0131r. D\u00f6vl\u0259t m\u0259murlar\u0131 o\u011flumun \u00f6l\u00fcm\u00fcnd\u0259n istifad\u0259 edib, pul qazanmaq ist\u0259yirl\u0259r. S\u00fcp\u00fcrg\u0259\u00e7ilik etm\u0259kl\u0259 o\u011ful b\u00f6y\u00fctd\u00fcm, bu da sonu&#8230; V\u0259t\u0259ni qoruyan snayper\u0259, idman\u00e7\u0131ya qoyulan h\u00f6rm\u0259t budur? \u018flb\u0259yaxa d\u00f6y\u00fc\u015f \u00fczr\u0259 yar\u0131\u015fmada o\u011flum diplom alm\u0131\u015fd\u0131. H\u0259rbi hiss\u0259d\u0259 onun ald\u0131\u011f\u0131 \u201dF\u0259xri f\u0259rman&#8221;\u0131 o\u011furlay\u0131blar&#8221;.\n<\/p>\n<figure class=\"wp-block-image size-large\">\n  <img decoding=\"async\" src=\"https:\/\/www.meydan.tv\/az\/25435\/\" alt=\"\" class=\"wp-image-25435\"\/><figcaption><\/figcaption><\/figure>\n<p>\n  <br \/>\n  \u018f.M\u0259mm\u0259dova o\u011fluna \u015f\u0259r at\u0131ld\u0131\u011f\u0131n\u0131 s\u00f6yl\u0259di: \u201cDeyirl\u0259r ki, o\u011flun h\u0259rbinin qanunlar\u0131na h\u00f6rm\u0259t etmirdi. Bel\u0259 idis\u0259, niy\u0259 h\u0259bs etmirdil\u0259r? \u015e\u0259mkird\u0259 qanunsuzluq ba\u015f al\u0131b gedir.\u00a0 K\u00fc\u00e7\u0259d\u0259n ke\u00e7\u0259n narkoman\u0131 bel\u0259, 3-4 min al\u0131b MAXE g\u00f6t\u00fcr\u00fcbl\u0259r. \u018fsl snayper\u00e7ini is\u0259 \u00f6ld\u00fcrd\u00fcl\u0259r. C\u0259nab prezident\u0259 m\u00fcraci\u0259t edir\u0259m. M\u0259n\u0259 k\u00f6m\u0259k etsin. Bu q\u0259d\u0259r qanunsuzlu\u011fu g\u00f6rm\u0259m\u0259k olmaz. Korpus komandiri imicin\u0259 x\u0259l\u0259l g\u0259lm\u0259sin dey\u0259, o\u011flumun qan\u0131n\u0131 bat\u0131rmaq ist\u0259yir. Polis \u00e7a\u011f\u0131r\u0131b m\u0259ni qovdurur. Niy\u0259 R\u00f6v\u015f\u0259n \u018fkb\u0259rov? O\u011flumun qatilini ist\u0259yir\u0259m, ona g\u00f6r\u0259? A\u00e7\u0131qca m\u0259n\u0259 deyirl\u0259r ki, g\u00fcnah\u0131 var idi. Sonra s\u00f6zl\u0259rini dan\u0131rlar. G\u00fcnah\u0131 olan\u0131 \u00f6ld\u00fcrm\u0259k laz\u0131md\u0131r? O\u011flumun t\u0259hsil ald\u0131\u011f\u0131 b\u00fct\u00fcn yerl\u0259rd\u0259n m\u00fcsb\u0259t xarakteristikas\u0131 var. \u00dcmumiyy\u0259tl\u0259, 171 sayl\u0131 h\u0259rbi hiss\u0259d\u0259 \u00f6l\u0259nl\u0259rin ham\u0131s\u0131na eyni s\u00f6z\u00fc deyirl\u0259r, \u00f6z\u00fc-\u00f6z\u00fcn\u00fc \u00f6ld\u00fcr\u00fcb. H\u0259rbid\u0259 \u00f6l\u0259nl\u0259rin ham\u0131s\u0131 \u00f6z\u00fc-\u00f6z\u00fcn\u00fc vurur? He\u00e7 k\u0259s maraqlanm\u0131r\u201d.<\/p>\n<p>  <b><br \/>\n    M\u00f6vzuda ad\u0131 ke\u00e7\u0259n \u015f\u0259xsl\u0259rin m\u00f6vqeyini d\u0259rc etm\u0259y\u0259 haz\u0131r\u0131q.<br \/>\n  <\/b><\/p>\n<p>  Yeni M\u00fcsavat &#8211; Cavan\u015fir ABBASLI<\/p>\n","protected":false},"excerpt":{"rendered":"<p>G\u0259d\u0259b\u0259y 171 sayl\u0131 h\u0259rbi hiss\u0259d\u0259 \u015e\u0259mkir rayonundan h\u0259rbi xidm\u0259t\u0259 yollanan \u00e7avu\u015f, MAXE S\u0259m\u0259d Miriyev 4 \u0259sg\u0259r yolda\u015f\u0131lar\u0131, zabit v\u0259 MAXE-l\u0259r t\u0259r\u0259find\u0259n d\u00f6y\u00fcl\u0259r\u0259k \u00f6ld\u00fcr\u00fcl\u00fcb.<\/p>\n","protected":false},"author":11,"featured_media":25420,"comment_status":"closed","ping_status":"open","sticky":false,"template":"","format":"standard","meta":{"_acf_changed":false,"_sitemap_exclude":false,"_sitemap_priority":"","_sitemap_frequency":"","footnotes":""},"categories":[56],"tags":[],"class_list":["post-168124","post","type-post","status-publish","format-standard","has-post-thumbnail","hentry","category-xeberler","infinite-scroll-item","generate-columns","tablet-grid-50","mobile-grid-100","grid-parent","grid-33","no-featured-image-padding"],"acf":[],"yoast_head":"<!-- This site is optimized with the Yoast SEO plugin v28.4 - https:\/\/yoast.com\/product\/yoast-seo-wordpress\/ -->\n<title>G\u0259d\u0259b\u0259yd\u0259 \u00f6ld\u00fcr\u00fcld\u00fcy\u00fc iddia edil\u0259n h\u0259rb\u00e7inin anas\u0131 dan\u0131\u015fd\u0131 - MEYDAN.TV<\/title>\n<meta name=\"robots\" content=\"index, follow, max-snippet:-1, max-image-preview:large, max-video-preview:-1\" \/>\n<link rel=\"canonical\" href=\"https:\/\/www.meydan.tv\/az\/article\/gedebeyde-oldurulduyu-iddia-edilen-herbcinin-anasi-danisdi\/\" \/>\n<meta property=\"og:locale\" content=\"az_AZ\" \/>\n<meta property=\"og:type\" content=\"article\" \/>\n<meta property=\"og:title\" content=\"G\u0259d\u0259b\u0259yd\u0259 \u00f6ld\u00fcr\u00fcld\u00fcy\u00fc iddia edil\u0259n h\u0259rb\u00e7inin anas\u0131 dan\u0131\u015fd\u0131 - MEYDAN.TV\" \/>\n<meta property=\"og:description\" content=\"G\u0259d\u0259b\u0259y 171 sayl\u0131 h\u0259rbi hiss\u0259d\u0259 \u015e\u0259mkir rayonundan h\u0259rbi xidm\u0259t\u0259 yollanan \u00e7avu\u015f, MAXE S\u0259m\u0259d Miriyev 4 \u0259sg\u0259r yolda\u015f\u0131lar\u0131, zabit v\u0259 MAXE-l\u0259r t\u0259r\u0259find\u0259n d\u00f6y\u00fcl\u0259r\u0259k \u00f6ld\u00fcr\u00fcl\u00fcb.\" \/>\n<meta property=\"og:url\" content=\"https:\/\/www.meydan.tv\/az\/article\/gedebeyde-oldurulduyu-iddia-edilen-herbcinin-anasi-danisdi\/\" \/>\n<meta property=\"og:site_name\" content=\"MEYDAN.TV\" \/>\n<meta property=\"article:published_time\" content=\"2015-05-29T03:06:45+00:00\" \/>\n<meta property=\"og:image\" content=\"https:\/\/www.meydan.tv\/wp-content\/uploads\/9315-rotated.jpg\" \/>\n\t<meta property=\"og:image:width\" content=\"640\" \/>\n\t<meta property=\"og:image:height\" content=\"360\" \/>\n\t<meta property=\"og:image:type\" content=\"image\/jpeg\" \/>\n<meta name=\"twitter:card\" content=\"summary_large_image\" \/>\n<!-- \/ Yoast SEO plugin. -->","yoast_head_json":{"title":"G\u0259d\u0259b\u0259yd\u0259 \u00f6ld\u00fcr\u00fcld\u00fcy\u00fc iddia edil\u0259n h\u0259rb\u00e7inin anas\u0131 dan\u0131\u015fd\u0131 - MEYDAN.TV","robots":{"index":"index","follow":"follow","max-snippet":"max-snippet:-1","max-image-preview":"max-image-preview:large","max-video-preview":"max-video-preview:-1"},"canonical":"https:\/\/www.meydan.tv\/az\/article\/gedebeyde-oldurulduyu-iddia-edilen-herbcinin-anasi-danisdi\/","og_locale":"az_AZ","og_type":"article","og_title":"G\u0259d\u0259b\u0259yd\u0259 \u00f6ld\u00fcr\u00fcld\u00fcy\u00fc iddia edil\u0259n h\u0259rb\u00e7inin anas\u0131 dan\u0131\u015fd\u0131 - MEYDAN.TV","og_description":"G\u0259d\u0259b\u0259y 171 sayl\u0131 h\u0259rbi hiss\u0259d\u0259 \u015e\u0259mkir rayonundan h\u0259rbi xidm\u0259t\u0259 yollanan \u00e7avu\u015f, MAXE S\u0259m\u0259d Miriyev 4 \u0259sg\u0259r yolda\u015f\u0131lar\u0131, zabit v\u0259 MAXE-l\u0259r t\u0259r\u0259find\u0259n d\u00f6y\u00fcl\u0259r\u0259k \u00f6ld\u00fcr\u00fcl\u00fcb.","og_url":"https:\/\/www.meydan.tv\/az\/article\/gedebeyde-oldurulduyu-iddia-edilen-herbcinin-anasi-danisdi\/","og_site_name":"MEYDAN.TV","article_published_time":"2015-05-29T03:06:45+00:00","og_image":[{"width":640,"height":360,"url":"https:\/\/www.meydan.tv\/wp-content\/uploads\/9315-rotated.jpg","type":"image\/jpeg"}],"twitter_card":"summary_large_image","schema":{"@context":"https:\/\/schema.org","@graph":[{"@type":"Article","@id":"https:\/\/www.meydan.tv\/az\/article\/gedebeyde-oldurulduyu-iddia-edilen-herbcinin-anasi-danisdi\/#article","isPartOf":{"@id":"https:\/\/www.meydan.tv\/az\/article\/gedebeyde-oldurulduyu-iddia-edilen-herbcinin-anasi-danisdi\/"},"author":{"name":"user-manager","@id":"https:\/\/www.meydan.tv\/az\/#\/schema\/person\/10d11eccf6da3662cf5fdab9806ea91a"},"headline":"G\u0259d\u0259b\u0259yd\u0259 \u00f6ld\u00fcr\u00fcld\u00fcy\u00fc iddia edil\u0259n h\u0259rb\u00e7inin anas\u0131 dan\u0131\u015fd\u0131","datePublished":"2015-05-29T03:06:45+00:00","mainEntityOfPage":{"@id":"https:\/\/www.meydan.tv\/az\/article\/gedebeyde-oldurulduyu-iddia-edilen-herbcinin-anasi-danisdi\/"},"wordCount":1535,"publisher":{"@id":"https:\/\/www.meydan.tv\/az\/#organization"},"image":{"@id":"https:\/\/www.meydan.tv\/az\/article\/gedebeyde-oldurulduyu-iddia-edilen-herbcinin-anasi-danisdi\/#primaryimage"},"thumbnailUrl":"https:\/\/www.meydan.tv\/wp-content\/uploads\/9315-rotated.jpg","articleSection":["X\u0259b\u0259rl\u0259r"],"inLanguage":"az"},{"@type":"WebPage","@id":"https:\/\/www.meydan.tv\/az\/article\/gedebeyde-oldurulduyu-iddia-edilen-herbcinin-anasi-danisdi\/","url":"https:\/\/www.meydan.tv\/az\/article\/gedebeyde-oldurulduyu-iddia-edilen-herbcinin-anasi-danisdi\/","name":"G\u0259d\u0259b\u0259yd\u0259 \u00f6ld\u00fcr\u00fcld\u00fcy\u00fc iddia edil\u0259n h\u0259rb\u00e7inin anas\u0131 dan\u0131\u015fd\u0131 - MEYDAN.TV","isPartOf":{"@id":"https:\/\/www.meydan.tv\/az\/#website"},"primaryImageOfPage":{"@id":"https:\/\/www.meydan.tv\/az\/article\/gedebeyde-oldurulduyu-iddia-edilen-herbcinin-anasi-danisdi\/#primaryimage"},"image":{"@id":"https:\/\/www.meydan.tv\/az\/article\/gedebeyde-oldurulduyu-iddia-edilen-herbcinin-anasi-danisdi\/#primaryimage"},"thumbnailUrl":"https:\/\/www.meydan.tv\/wp-content\/uploads\/9315-rotated.jpg","datePublished":"2015-05-29T03:06:45+00:00","breadcrumb":{"@id":"https:\/\/www.meydan.tv\/az\/article\/gedebeyde-oldurulduyu-iddia-edilen-herbcinin-anasi-danisdi\/#breadcrumb"},"inLanguage":"az","potentialAction":[{"@type":"ReadAction","target":["https:\/\/www.meydan.tv\/az\/article\/gedebeyde-oldurulduyu-iddia-edilen-herbcinin-anasi-danisdi\/"]}]},{"@type":"ImageObject","inLanguage":"az","@id":"https:\/\/www.meydan.tv\/az\/article\/gedebeyde-oldurulduyu-iddia-edilen-herbcinin-anasi-danisdi\/#primaryimage","url":"https:\/\/www.meydan.tv\/wp-content\/uploads\/9315-rotated.jpg","contentUrl":"https:\/\/www.meydan.tv\/wp-content\/uploads\/9315-rotated.jpg","width":640,"height":360,"caption":"Source:"},{"@type":"BreadcrumbList","@id":"https:\/\/www.meydan.tv\/az\/article\/gedebeyde-oldurulduyu-iddia-edilen-herbcinin-anasi-danisdi\/#breadcrumb","itemListElement":[{"@type":"ListItem","position":1,"name":"Ana s\u0259hif\u0259","item":"https:\/\/www.meydan.tv\/az\/"},{"@type":"ListItem","position":2,"name":"X\u0259b\u0259rl\u0259r","item":"https:\/\/www.meydan.tv\/az\/section\/xeberler\/"},{"@type":"ListItem","position":3,"name":"G\u0259d\u0259b\u0259yd\u0259 \u00f6ld\u00fcr\u00fcld\u00fcy\u00fc iddia edil\u0259n h\u0259rb\u00e7inin anas\u0131 dan\u0131\u015fd\u0131"}]},{"@type":"WebSite","@id":"https:\/\/www.meydan.tv\/az\/#website","url":"https:\/\/www.meydan.tv\/az\/","name":"MEYDAN.TV","description":"Meydan TV Az\u0259rbaycan\u0131n media m\u0259kan\u0131ndak\u0131 alternativ s\u0259sidir","publisher":{"@id":"https:\/\/www.meydan.tv\/az\/#organization"},"potentialAction":[{"@type":"SearchAction","target":{"@type":"EntryPoint","urlTemplate":"https:\/\/www.meydan.tv\/az\/?s={search_term_string}"},"query-input":{"@type":"PropertyValueSpecification","valueRequired":true,"valueName":"search_term_string"}}],"inLanguage":"az"},{"@type":"Organization","@id":"https:\/\/www.meydan.tv\/az\/#organization","name":"Meydan TV","url":"https:\/\/www.meydan.tv\/az\/","logo":{"@type":"ImageObject","inLanguage":"az","@id":"https:\/\/www.meydan.tv\/az\/#\/schema\/logo\/image\/","url":"https:\/\/www.meydan.tv\/wp-content\/uploads\/2021\/07\/meydan-logo.svg","contentUrl":"https:\/\/www.meydan.tv\/wp-content\/uploads\/2021\/07\/meydan-logo.svg","width":195,"height":46,"caption":"Meydan TV"},"image":{"@id":"https:\/\/www.meydan.tv\/az\/#\/schema\/logo\/image\/"}},{"@type":"Person","@id":"https:\/\/www.meydan.tv\/az\/#\/schema\/person\/10d11eccf6da3662cf5fdab9806ea91a","name":"user-manager"}]}},"_links":{"self":[{"href":"https:\/\/www.meydan.tv\/az\/wp-json\/wp\/v2\/posts\/168124","targetHints":{"allow":["GET"]}}],"collection":[{"href":"https:\/\/www.meydan.tv\/az\/wp-json\/wp\/v2\/posts"}],"about":[{"href":"https:\/\/www.meydan.tv\/az\/wp-json\/wp\/v2\/types\/post"}],"author":[{"embeddable":true,"href":"https:\/\/www.meydan.tv\/az\/wp-json\/wp\/v2\/users\/11"}],"replies":[{"embeddable":true,"href":"https:\/\/www.meydan.tv\/az\/wp-json\/wp\/v2\/comments?post=168124"}],"version-history":[{"count":0,"href":"https:\/\/www.meydan.tv\/az\/wp-json\/wp\/v2\/posts\/168124\/revisions"}],"wp:featuredmedia":[{"embeddable":true,"href":"https:\/\/www.meydan.tv\/az\/wp-json\/wp\/v2\/media\/25420"}],"wp:attachment":[{"href":"https:\/\/www.meydan.tv\/az\/wp-json\/wp\/v2\/media?parent=168124"}],"wp:term":[{"taxonomy":"category","embeddable":true,"href":"https:\/\/www.meydan.tv\/az\/wp-json\/wp\/v2\/categories?post=168124"},{"taxonomy":"post_tag","embeddable":true,"href":"https:\/\/www.meydan.tv\/az\/wp-json\/wp\/v2\/tags?post=168124"}],"curies":[{"name":"wp","href":"https:\/\/api.w.org\/{rel}","templated":true}]}}