{"id":168109,"date":"2015-05-28T15:22:59","date_gmt":"2015-05-28T15:22:59","guid":{"rendered":"https:\/\/www.meydan.tv\/article\/freedom-house-intiqam-eliyevin-heyati-tehlukededir\/"},"modified":"2015-05-28T15:22:59","modified_gmt":"2015-05-28T15:22:59","slug":"freedom-house-intiqam-eliyevin-heyati-tehlukededir","status":"publish","type":"post","link":"https:\/\/www.meydan.tv\/az\/article\/freedom-house-intiqam-eliyevin-heyati-tehlukededir\/","title":{"rendered":"Freedom House: \u0130ntiqam \u018fliyevin h\u0259yat\u0131 t\u0259hl\u00fck\u0259d\u0259dir"},"content":{"rendered":"<figure class=\"wp-block-image size-large\">\n  <img decoding=\"async\" src=\"https:\/\/www.meydan.tv\/az\/25405\/\" alt=\"\" class=\"wp-image-25405\"\/><figcaption><\/figcaption><\/figure>\n<figure class=\"wp-block-image size-large\">\n  <img decoding=\"async\" src=\"https:\/\/www.meydan.tv\/az\/25405\/\" alt=\"\" class=\"wp-image-25405\"\/><figcaption><\/figcaption><\/figure>\n<p>\n  <i><br \/>\n    \u201c\u0130ntiqam \u018fliyevl\u0259 bu c\u00fcr r\u00fcsvay\u00e7\u0131 davran\u0131\u015f 2009-cu ild\u0259 Rusiyada Sergey Maqnitsikinn i\u015fini xat\u0131rlad\u0131r&#8221;<br \/>\n  <\/i>\n<\/p>\n<p>\n  Az\u0259rbaycan hakimiyy\u0259ti h\u0259bsd\u0259 olan h\u00fcquq m\u00fcdafi\u0259\u00e7isi \u0130ntiqam \u018fliyev\u0259 laz\u0131mi tibbi yard\u0131m g\u00f6st\u0259rm\u0259kd\u0259n imtina etdikd\u0259n sonra Freedom House h\u00fcquq-m\u00fcdafi\u0259 t\u0259\u015fkilat\u0131 b\u0259yanatla \u00e7\u0131x\u0131\u015f edib.\n<\/p>\n<p>\n  \u201cAz\u0259rbaycan hakimiyy\u0259tinin uydurma ittihamla 7,5 il m\u00fcdd\u0259tin\u0259 azadl\u0131qdan m\u0259hrum edilmi\u015f h\u00fcquq m\u00fcdafi\u0259\u00e7isi \u0130ntiqam \u018fliyev\u0259 tibbi yard\u0131m g\u00f6st\u0259rm\u0259kd\u0259n imtina etm\u0259si qeyri-insani davran\u0131\u015fd\u0131r. Haz\u0131rda belind\u0259ki x\u0259sar\u0259t s\u0259b\u0259bind\u0259n o otura v\u0259 normal h\u0259r\u0259k\u0259t ed\u0259 bilmir ki,\u00a0 bu da ona b\u00f6y\u00fck \u0259ziyy\u0259t verir\u201d, &#8211; Freedom House-un proqram r\u0259hb\u0259ri Robert Herman bildirib.\n<\/p>\n<p>\n  \u201c\u0130ntiqam \u018fliyevl\u0259 bu c\u00fcr r\u00fcsvay\u00e7\u0131 davran\u0131\u015f 2009-cu ild\u0259 Rusiyada Sergey Maqnitsikinn i\u015fini xat\u0131rlad\u0131r. Odur ki, biz Az\u0259rbaycan hakimiyy\u0259tind\u0259n t\u0259l\u0259b edirik ki, b\u00fct\u00fcn dig\u0259r siyasi m\u0259hbuslar kini \u0130.\u018fliyev d\u0259rhal z\u0259ruri tibbi yard\u0131mla t\u0259min edilsin\u201d, &#8211; b\u0259yanatda vur\u011fulan\u0131r.\n<\/p>\n<p>\n  <i><br \/>\n    *52 ya\u015fl\u0131 \u0130ntiqam \u018fliyev uydurma \u201cqanunsuz sahibkarl\u0131q\u201d ittiham\u0131 il\u0259 h\u0259bs olunub.<br \/>\n  <\/i>\n<\/p>\n<p>\n  <i><br \/>\n    H\u00fcquq m\u00fcdafi\u0259\u00e7isi Avropa \u0130nsan H\u00fcquqlar\u0131 M\u0259hk\u0259m\u0259sin\u0259 t\u0259qdim edilm\u0259k \u00fc\u00e7\u00fcn 200-d\u0259n \u00e7ox i\u015f haz\u0131rlay\u0131b. Bu i\u015fl\u0259r v\u0259t\u0259nda\u015flar t\u0259r\u0259find\u0259n Az\u0259rbaycan h\u00f6kum\u0259tin\u0259 qar\u015f\u0131 qald\u0131r\u0131l\u0131b.<br \/>\n  <\/i>\n<\/p>\n<p>\n  <i><br \/>\n    Beyn\u0259lxalq birlik v\u0259 t\u0259\u015fkilatlar \u0130ntiqam \u018fliyevi siyasi m\u0259hbus hesab edirl\u0259r (Turan \u0130A).<br \/>\n  <\/i><\/p>\n","protected":false},"excerpt":{"rendered":"<p>\u201c\u0130ntiqam \u018fliyevl\u0259 bu c\u00fcr r\u00fcsvay\u00e7\u0131 davran\u0131\u015f 2009-cu ild\u0259 Rusiyada Sergey Maqnitsikinn i\u015fini xat\u0131rlad\u0131r&#8221;<\/p>\n","protected":false},"author":11,"featured_media":25405,"comment_status":"closed","ping_status":"open","sticky":false,"template":"","format":"standard","meta":{"_acf_changed":false,"_sitemap_exclude":false,"_sitemap_priority":"","_sitemap_frequency":"","footnotes":""},"categories":[56],"tags":[],"class_list":["post-168109","post","type-post","status-publish","format-standard","has-post-thumbnail","hentry","category-xeberler","infinite-scroll-item","generate-columns","tablet-grid-50","mobile-grid-100","grid-parent","grid-33","no-featured-image-padding"],"acf":[],"yoast_head":"<!-- This site is optimized with the Yoast SEO plugin v28.4 - https:\/\/yoast.com\/product\/yoast-seo-wordpress\/ -->\n<title>Freedom House: \u0130ntiqam \u018fliyevin h\u0259yat\u0131 t\u0259hl\u00fck\u0259d\u0259dir - MEYDAN.TV<\/title>\n<meta name=\"robots\" content=\"index, follow, max-snippet:-1, max-image-preview:large, max-video-preview:-1\" \/>\n<link rel=\"canonical\" href=\"https:\/\/www.meydan.tv\/az\/article\/freedom-house-intiqam-eliyevin-heyati-tehlukededir\/\" \/>\n<meta property=\"og:locale\" content=\"az_AZ\" \/>\n<meta property=\"og:type\" content=\"article\" \/>\n<meta property=\"og:title\" content=\"Freedom House: \u0130ntiqam \u018fliyevin h\u0259yat\u0131 t\u0259hl\u00fck\u0259d\u0259dir - MEYDAN.TV\" \/>\n<meta property=\"og:description\" content=\"\u201c\u0130ntiqam \u018fliyevl\u0259 bu c\u00fcr r\u00fcsvay\u00e7\u0131 davran\u0131\u015f 2009-cu ild\u0259 Rusiyada Sergey Maqnitsikinn i\u015fini xat\u0131rlad\u0131r&quot;\" \/>\n<meta property=\"og:url\" content=\"https:\/\/www.meydan.tv\/az\/article\/freedom-house-intiqam-eliyevin-heyati-tehlukededir\/\" \/>\n<meta property=\"og:site_name\" content=\"MEYDAN.TV\" \/>\n<meta property=\"article:published_time\" content=\"2015-05-28T15:22:59+00:00\" \/>\n<meta property=\"og:image\" content=\"https:\/\/www.meydan.tv\/wp-content\/uploads\/9291.jpg\" \/>\n\t<meta property=\"og:image:width\" content=\"398\" \/>\n\t<meta property=\"og:image:height\" content=\"300\" \/>\n\t<meta property=\"og:image:type\" content=\"image\/jpeg\" \/>\n<meta name=\"twitter:card\" content=\"summary_large_image\" \/>\n<!-- \/ Yoast SEO plugin. -->","yoast_head_json":{"title":"Freedom House: \u0130ntiqam \u018fliyevin h\u0259yat\u0131 t\u0259hl\u00fck\u0259d\u0259dir - MEYDAN.TV","robots":{"index":"index","follow":"follow","max-snippet":"max-snippet:-1","max-image-preview":"max-image-preview:large","max-video-preview":"max-video-preview:-1"},"canonical":"https:\/\/www.meydan.tv\/az\/article\/freedom-house-intiqam-eliyevin-heyati-tehlukededir\/","og_locale":"az_AZ","og_type":"article","og_title":"Freedom House: \u0130ntiqam \u018fliyevin h\u0259yat\u0131 t\u0259hl\u00fck\u0259d\u0259dir - MEYDAN.TV","og_description":"\u201c\u0130ntiqam \u018fliyevl\u0259 bu c\u00fcr r\u00fcsvay\u00e7\u0131 davran\u0131\u015f 2009-cu ild\u0259 Rusiyada Sergey Maqnitsikinn i\u015fini xat\u0131rlad\u0131r\"","og_url":"https:\/\/www.meydan.tv\/az\/article\/freedom-house-intiqam-eliyevin-heyati-tehlukededir\/","og_site_name":"MEYDAN.TV","article_published_time":"2015-05-28T15:22:59+00:00","og_image":[{"width":398,"height":300,"url":"https:\/\/www.meydan.tv\/wp-content\/uploads\/9291.jpg","type":"image\/jpeg"}],"twitter_card":"summary_large_image","schema":{"@context":"https:\/\/schema.org","@graph":[{"@type":"Article","@id":"https:\/\/www.meydan.tv\/az\/article\/freedom-house-intiqam-eliyevin-heyati-tehlukededir\/#article","isPartOf":{"@id":"https:\/\/www.meydan.tv\/az\/article\/freedom-house-intiqam-eliyevin-heyati-tehlukededir\/"},"author":{"name":"user-manager","@id":"https:\/\/www.meydan.tv\/az\/#\/schema\/person\/10d11eccf6da3662cf5fdab9806ea91a"},"headline":"Freedom House: \u0130ntiqam \u018fliyevin h\u0259yat\u0131 t\u0259hl\u00fck\u0259d\u0259dir","datePublished":"2015-05-28T15:22:59+00:00","mainEntityOfPage":{"@id":"https:\/\/www.meydan.tv\/az\/article\/freedom-house-intiqam-eliyevin-heyati-tehlukededir\/"},"wordCount":279,"publisher":{"@id":"https:\/\/www.meydan.tv\/az\/#organization"},"image":{"@id":"https:\/\/www.meydan.tv\/az\/article\/freedom-house-intiqam-eliyevin-heyati-tehlukededir\/#primaryimage"},"thumbnailUrl":"https:\/\/www.meydan.tv\/wp-content\/uploads\/9291.jpg","articleSection":["X\u0259b\u0259rl\u0259r"],"inLanguage":"az"},{"@type":"WebPage","@id":"https:\/\/www.meydan.tv\/az\/article\/freedom-house-intiqam-eliyevin-heyati-tehlukededir\/","url":"https:\/\/www.meydan.tv\/az\/article\/freedom-house-intiqam-eliyevin-heyati-tehlukededir\/","name":"Freedom House: \u0130ntiqam \u018fliyevin h\u0259yat\u0131 t\u0259hl\u00fck\u0259d\u0259dir - MEYDAN.TV","isPartOf":{"@id":"https:\/\/www.meydan.tv\/az\/#website"},"primaryImageOfPage":{"@id":"https:\/\/www.meydan.tv\/az\/article\/freedom-house-intiqam-eliyevin-heyati-tehlukededir\/#primaryimage"},"image":{"@id":"https:\/\/www.meydan.tv\/az\/article\/freedom-house-intiqam-eliyevin-heyati-tehlukededir\/#primaryimage"},"thumbnailUrl":"https:\/\/www.meydan.tv\/wp-content\/uploads\/9291.jpg","datePublished":"2015-05-28T15:22:59+00:00","breadcrumb":{"@id":"https:\/\/www.meydan.tv\/az\/article\/freedom-house-intiqam-eliyevin-heyati-tehlukededir\/#breadcrumb"},"inLanguage":"az","potentialAction":[{"@type":"ReadAction","target":["https:\/\/www.meydan.tv\/az\/article\/freedom-house-intiqam-eliyevin-heyati-tehlukededir\/"]}]},{"@type":"ImageObject","inLanguage":"az","@id":"https:\/\/www.meydan.tv\/az\/article\/freedom-house-intiqam-eliyevin-heyati-tehlukededir\/#primaryimage","url":"https:\/\/www.meydan.tv\/wp-content\/uploads\/9291.jpg","contentUrl":"https:\/\/www.meydan.tv\/wp-content\/uploads\/9291.jpg","width":398,"height":300,"caption":"Source:"},{"@type":"BreadcrumbList","@id":"https:\/\/www.meydan.tv\/az\/article\/freedom-house-intiqam-eliyevin-heyati-tehlukededir\/#breadcrumb","itemListElement":[{"@type":"ListItem","position":1,"name":"Ana s\u0259hif\u0259","item":"https:\/\/www.meydan.tv\/az\/"},{"@type":"ListItem","position":2,"name":"X\u0259b\u0259rl\u0259r","item":"https:\/\/www.meydan.tv\/az\/section\/xeberler\/"},{"@type":"ListItem","position":3,"name":"Freedom House: \u0130ntiqam \u018fliyevin h\u0259yat\u0131 t\u0259hl\u00fck\u0259d\u0259dir"}]},{"@type":"WebSite","@id":"https:\/\/www.meydan.tv\/az\/#website","url":"https:\/\/www.meydan.tv\/az\/","name":"MEYDAN.TV","description":"Meydan TV Az\u0259rbaycan\u0131n media m\u0259kan\u0131ndak\u0131 alternativ s\u0259sidir","publisher":{"@id":"https:\/\/www.meydan.tv\/az\/#organization"},"potentialAction":[{"@type":"SearchAction","target":{"@type":"EntryPoint","urlTemplate":"https:\/\/www.meydan.tv\/az\/?s={search_term_string}"},"query-input":{"@type":"PropertyValueSpecification","valueRequired":true,"valueName":"search_term_string"}}],"inLanguage":"az"},{"@type":"Organization","@id":"https:\/\/www.meydan.tv\/az\/#organization","name":"Meydan TV","url":"https:\/\/www.meydan.tv\/az\/","logo":{"@type":"ImageObject","inLanguage":"az","@id":"https:\/\/www.meydan.tv\/az\/#\/schema\/logo\/image\/","url":"https:\/\/www.meydan.tv\/wp-content\/uploads\/2021\/07\/meydan-logo.svg","contentUrl":"https:\/\/www.meydan.tv\/wp-content\/uploads\/2021\/07\/meydan-logo.svg","width":195,"height":46,"caption":"Meydan TV"},"image":{"@id":"https:\/\/www.meydan.tv\/az\/#\/schema\/logo\/image\/"}},{"@type":"Person","@id":"https:\/\/www.meydan.tv\/az\/#\/schema\/person\/10d11eccf6da3662cf5fdab9806ea91a","name":"user-manager"}]}},"_links":{"self":[{"href":"https:\/\/www.meydan.tv\/az\/wp-json\/wp\/v2\/posts\/168109","targetHints":{"allow":["GET"]}}],"collection":[{"href":"https:\/\/www.meydan.tv\/az\/wp-json\/wp\/v2\/posts"}],"about":[{"href":"https:\/\/www.meydan.tv\/az\/wp-json\/wp\/v2\/types\/post"}],"author":[{"embeddable":true,"href":"https:\/\/www.meydan.tv\/az\/wp-json\/wp\/v2\/users\/11"}],"replies":[{"embeddable":true,"href":"https:\/\/www.meydan.tv\/az\/wp-json\/wp\/v2\/comments?post=168109"}],"version-history":[{"count":0,"href":"https:\/\/www.meydan.tv\/az\/wp-json\/wp\/v2\/posts\/168109\/revisions"}],"wp:featuredmedia":[{"embeddable":true,"href":"https:\/\/www.meydan.tv\/az\/wp-json\/wp\/v2\/media\/25405"}],"wp:attachment":[{"href":"https:\/\/www.meydan.tv\/az\/wp-json\/wp\/v2\/media?parent=168109"}],"wp:term":[{"taxonomy":"category","embeddable":true,"href":"https:\/\/www.meydan.tv\/az\/wp-json\/wp\/v2\/categories?post=168109"},{"taxonomy":"post_tag","embeddable":true,"href":"https:\/\/www.meydan.tv\/az\/wp-json\/wp\/v2\/tags?post=168109"}],"curies":[{"name":"wp","href":"https:\/\/api.w.org\/{rel}","templated":true}]}}