{"id":168100,"date":"2015-05-27T22:16:31","date_gmt":"2015-05-27T22:16:31","guid":{"rendered":"https:\/\/www.meydan.tv\/article\/xezer-denizi-iqlim-deyisikliyinden-qetiyyen-muhafize-olunmur\/"},"modified":"2015-05-27T22:16:31","modified_gmt":"2015-05-27T22:16:31","slug":"xezer-denizi-iqlim-deyisikliyinden-qetiyyen-muhafize-olunmur","status":"publish","type":"post","link":"https:\/\/www.meydan.tv\/az\/article\/xezer-denizi-iqlim-deyisikliyinden-qetiyyen-muhafize-olunmur\/","title":{"rendered":"&#8220;X\u0259z\u0259r d\u0259nizi iqlim d\u0259yi\u015fikliyind\u0259n q\u0259tiyy\u0259n m\u00fchafiz\u0259 olunmur&#8221;"},"content":{"rendered":"<figure class=\"wp-block-image size-large\">\n  <img decoding=\"async\" src=\"https:\/\/www.meydan.tv\/az\/25324\/\" alt=\"\" class=\"wp-image-25324\"\/><figcaption><\/figcaption><\/figure>\n<figure class=\"wp-block-image size-large\">\n  <img decoding=\"async\" src=\"https:\/\/www.meydan.tv\/az\/25324\/\" alt=\"\" class=\"wp-image-25324\"\/><figcaption><\/figcaption><\/figure>\n<p>\n  <i><br \/>\n    &#8220;D\u00fczg\u00fcn texnologiyalar se\u00e7ilm\u0259s\u0259, 19 may faci\u0259si bir daha t\u0259krarlanar&#8221;<br \/>\n  <\/i>\n<\/p>\n<p>\n  May\u0131n 27-d\u0259 Fransan\u0131n Bak\u0131dak\u0131 s\u0259firliyind\u0259 s\u0259fir Paskal M\u00f6nye 30 noyabr-11 dekabr tarixl\u0259rind\u0259 Parisd\u0259 ke\u00e7iril\u0259c\u0259k \u0130qlim Konfrans\u0131 il\u0259 ba\u011fl\u0131 bir qrup media t\u0259msil\u00e7isi il\u0259 g\u00f6r\u00fc\u015f\u00fcb.\n<\/p>\n<p>\n  S\u0259fir bildirib ki, BMT-in iqlim d\u0259yi\u015fiklikl\u0259ri \u00fczr\u0259 Konvensiyas\u0131 \u0130\u015ftirak\u00e7\u0131lar\u0131n\u0131n 21-ci Konfrans\u0131 iqlim sah\u0259sind\u0259 n\u00f6vb\u0259ti b\u00f6y\u00fck g\u00f6r\u00fc\u015fd\u00fcr. Konfransda b\u00f6y\u00fck d\u00f6vl\u0259tl\u0259r \u00f6hd\u0259likl\u0259r g\u00f6t\u00fcr\u0259c\u0259kl\u0259r, y\u0259ni qlobal istil\u0259\u015fm\u0259 s\u0259viyy\u0259sinin +2 d\u0259r\u0259c\u0259d\u0259 saxlan\u0131lmas\u0131 t\u0259dbirl\u0259ri haqq\u0131nda universal raz\u0131l\u0131q \u0259ld\u0259 olunacaq. H\u0259m\u00e7inin &#8220;Ya\u015f\u0131l Fond&#8221;un yarad\u0131lmas\u0131 v\u0259 bunun kimi t\u0259sisatlar\u0131n qurulmas\u0131 n\u0259z\u0259rd\u0259 tutulub v\u0259 fonda ild\u0259 100 milyard dollar ke\u00e7iril\u0259c\u0259k. Art\u0131q d\u00f6vl\u0259tl\u0259r t\u00f6hf\u0259l\u0259rini g\u00f6nd\u0259rirl\u0259r: &#8220;Az\u0259rbaycan prezidenti d\u0259 konfransa d\u0259v\u0259tlidir, indi cavab\u0131 g\u00f6zl\u0259yirik&#8221;.\n<\/p>\n<p>\n  \u0130qlim d\u0259yi\u015fikliyinin g\u00f6zl\u0259nil\u0259n t\u0259hl\u00fck\u0259l\u0259rind\u0259n dan\u0131\u015fan s\u0259fir deyib ki, d\u00fcnyada h\u0259r g\u00fcn 1 milyard ton buzlaq \u0259riyir. \u018fg\u0259r he\u00e7 n\u0259 etm\u0259s\u0259k, \u0259srin sonuna q\u0259d\u0259r b\u00fct\u00fcn okeanlar\u0131n s\u0259viyy\u0259si 4 metr qalxacaq, n\u00f6vb\u0259ti \u0259srd\u0259 is\u0259 onlarla metr qalxma g\u00f6zl\u0259nilir. Bu is\u0259 sahilyan\u0131 \u00f6lk\u0259l\u0259rin su alt\u0131nda qalmas\u0131 v\u0259 n\u0259tic\u0259d\u0259 y\u00fcz milyonlarla insan\u0131n h\u0259yat\u0131n\u0131n d\u0259yi\u015fm\u0259si dem\u0259kdir. Bu proses 2050-ci il\u0259 q\u0259d\u0259r ba\u015f ver\u0259 bil\u0259r, bir daha deyir\u0259m, \u0259g\u0259r he\u00e7 n\u0259 etm\u0259s\u0259k. Ba\u015fqa bir t\u0259hl\u00fck\u0259 su \u00e7at\u0131\u015fmazl\u0131\u011f\u0131 il\u0259 ba\u011fl\u0131d\u0131r, 2080-ci il\u0259 q\u0259d\u0259r 1 milyardla 3 milyard civar\u0131nda insan\u0131n su \u00e7at\u0131\u015fmazl\u0131\u011f\u0131na m\u0259ruz qalaca\u011f\u0131 g\u00f6zl\u0259nilir: &#8220;Ona g\u00f6r\u0259 ham\u0131m\u0131z insanlar\u0131 h\u0259ssasla\u015fd\u0131rmal\u0131y\u0131q ki, onlar g\u0259l\u0259c\u0259k bar\u0259d\u0259 d\u00fc\u015f\u00fcns\u00fcnl\u0259r. \u0130qlim d\u0259yi\u015fikliyin\u0259 qar\u015f\u0131 m\u00fcbariz\u0259 iki formada h\u0259yata ke\u00e7irilir, b\u00f6y\u00fck s\u0259naye se\u00e7iml\u0259ri v\u0259 ki\u00e7ik add\u0131mlar, m\u0259s\u0259l\u0259nb, i\u015f\u0131\u011f\u0131n \u00e7ox yand\u0131r\u0131lmamas\u0131, Coco-Colo-n\u0131n \u00e7im\u0259rlikd\u0259n y\u0131\u011f\u0131lmas\u0131 v\u0259 s. Yaln\u0131z bir istiqam\u0259td\u0131\u0259 i\u015fl\u0259m\u0259k olmaz, bunlar\u0131n ham\u0131s\u0131n\u0131n rolu var. Sad\u0259c\u0259, insanlar\u0131n ad\u0259tl\u0259ri bir q\u0259d\u0259r d\u0259yi\u015fm\u0259lidir, m\u0259tbuat bu bar\u0259d\u0259 dan\u0131\u015fmasa c\u0259miyy\u0259t problem\u0259 h\u0259ssas yana\u015fmayacaq. &#8220;.\n<\/p>\n<figure class=\"wp-block-image size-large\">\n  <img decoding=\"async\" src=\"https:\/\/www.meydan.tv\/az\/25327\/\" alt=\"\" class=\"wp-image-25327\"\/><figcaption><\/figcaption><\/figure>\n<p>\n  Paskal M\u00f6nye deyib ki, ke\u00e7iril\u0259n konfransda X\u0259z\u0259r d\u0259nizind\u0259n d\u0259 dan\u0131\u015f\u0131lacaq: &#8220;X\u0259z\u0259r d\u0259nizi iqlim d\u0259yi\u015fikliyind\u0259n q\u0259tiyy\u0259n m\u00fchafiz\u0259 olunmur. D\u00fcnyan\u0131\u0259n bir s\u0131ra yerl\u0259rind\u0259 tornadolar g\u00f6zl\u0259nilirs\u0259, X\u0259z\u0259r d\u0259nizi olan h\u00f6vz\u0259l\u0259rd\u0259 quraql\u0131q, torpaqlar\u0131n artmas\u0131 \u00f6z\u00fcn\u00fc b\u00fcruz\u0259 verir ki, bununla d\u0259niz \u0259razisi ki\u00e7ilir. Bir s\u0131ra QHT-l\u0259r i\u015f g\u00f6r\u00fcr, m\u0259s\u0259l\u0259n, &#8220;T\u0259miz \u015f\u0259h\u0259r&#8221; layih\u0259sind\u0259n x\u0259b\u0259rdars\u0131n\u0131z, h\u0259m\u00e7inin, xarici \u015firk\u0259tl\u0259r bu y\u00f6nd\u0259 \u00e7al\u0131\u015f\u0131rlar. Knim, Sistra \u015firk\u0259ti, sonuncu \u015firk\u0259t Bak\u0131n\u0131n n\u0259qliyyat\u0131n\u0131 daha yax\u015f\u0131 etm\u0259si \u00fc\u00e7\u00fcn layih\u0259l\u0259r haz\u0131rlay\u0131r. Qlobal istil\u0259\u015fm\u0259l\u0259r bir \u00e7ox probleml\u0259r\u0259 yol a\u00e7\u0131r, \u0259g\u0259r d\u00fczg\u00fcn texnologiyalar se\u00e7ilm\u0259s\u0259, 19 mayda Bak\u0131da ba\u015f ver\u0259n faci\u0259 bir daha t\u0259krarlanar. Ona g\u00f6r\u0259 texnologiyalar\u0131n istifad\u0259si vacibdir. \u0130nan\u0131r\u0131q ki, media c\u0259miyy\u0259ti iqlim d\u0259yi\u015fikliyinin g\u0259tir\u0259 bil\u0259c\u0259yi f\u0259lak\u0259tl\u0259r\u0259 h\u0259ssasla\u015fd\u0131ra bil\u0259c\u0259k&#8221;.\n<\/p>\n<p>\n  S\u0259fir iyunun 5-d\u0259 Az\u0259rbaycan Diplomatiya Akademiyas\u0131nda iqlim d\u0259yi\u015fikliyi il\u0259 ba\u011fl\u0131 t\u0259dbir d\u0259 ke\u00e7iril\u0259c\u0259yini dedi: &#8220;M\u0259n median\u0131 t\u0259dbir\u0259 d\u0259v\u0259t edir\u0259m. Konfransda nazir H\u00fcseynqulu Ba\u011f\u0131rov, rektor Hafiz Pa\u015fayev v\u0259 m\u0259n a\u00e7\u0131l\u0131\u015f ed\u0259c\u0259yik.<\/p>\n","protected":false},"excerpt":{"rendered":"<p>&#8220;D\u00fczg\u00fcn texnologiyalar se\u00e7ilm\u0259s\u0259, 19 may faci\u0259si bir daha t\u0259krarlanar&#8221;<\/p>\n","protected":false},"author":11,"featured_media":25324,"comment_status":"closed","ping_status":"open","sticky":false,"template":"","format":"standard","meta":{"_acf_changed":false,"_sitemap_exclude":false,"_sitemap_priority":"","_sitemap_frequency":"","footnotes":""},"categories":[56],"tags":[],"class_list":["post-168100","post","type-post","status-publish","format-standard","has-post-thumbnail","hentry","category-xeberler","infinite-scroll-item","generate-columns","tablet-grid-50","mobile-grid-100","grid-parent","grid-33","no-featured-image-padding"],"acf":[],"yoast_head":"<!-- This site is optimized with the Yoast SEO plugin v28.4 - https:\/\/yoast.com\/product\/yoast-seo-wordpress\/ -->\n<title>&quot;X\u0259z\u0259r d\u0259nizi iqlim d\u0259yi\u015fikliyind\u0259n q\u0259tiyy\u0259n m\u00fchafiz\u0259 olunmur&quot; - MEYDAN.TV<\/title>\n<meta name=\"robots\" content=\"index, follow, max-snippet:-1, max-image-preview:large, max-video-preview:-1\" \/>\n<link rel=\"canonical\" href=\"https:\/\/www.meydan.tv\/az\/article\/xezer-denizi-iqlim-deyisikliyinden-qetiyyen-muhafize-olunmur\/\" \/>\n<meta property=\"og:locale\" content=\"az_AZ\" \/>\n<meta property=\"og:type\" content=\"article\" \/>\n<meta property=\"og:title\" content=\"&quot;X\u0259z\u0259r d\u0259nizi iqlim d\u0259yi\u015fikliyind\u0259n q\u0259tiyy\u0259n m\u00fchafiz\u0259 olunmur&quot; - MEYDAN.TV\" \/>\n<meta property=\"og:description\" content=\"&quot;D\u00fczg\u00fcn texnologiyalar se\u00e7ilm\u0259s\u0259, 19 may faci\u0259si bir daha t\u0259krarlanar&quot;\" \/>\n<meta property=\"og:url\" content=\"https:\/\/www.meydan.tv\/az\/article\/xezer-denizi-iqlim-deyisikliyinden-qetiyyen-muhafize-olunmur\/\" \/>\n<meta property=\"og:site_name\" content=\"MEYDAN.TV\" \/>\n<meta property=\"article:published_time\" content=\"2015-05-27T22:16:31+00:00\" \/>\n<meta property=\"og:image\" content=\"https:\/\/www.meydan.tv\/wp-content\/uploads\/9265.jpg\" \/>\n\t<meta property=\"og:image:width\" content=\"749\" \/>\n\t<meta property=\"og:image:height\" content=\"500\" \/>\n\t<meta property=\"og:image:type\" content=\"image\/jpeg\" \/>\n<meta name=\"twitter:card\" content=\"summary_large_image\" \/>\n<!-- \/ Yoast SEO plugin. -->","yoast_head_json":{"title":"\"X\u0259z\u0259r d\u0259nizi iqlim d\u0259yi\u015fikliyind\u0259n q\u0259tiyy\u0259n m\u00fchafiz\u0259 olunmur\" - MEYDAN.TV","robots":{"index":"index","follow":"follow","max-snippet":"max-snippet:-1","max-image-preview":"max-image-preview:large","max-video-preview":"max-video-preview:-1"},"canonical":"https:\/\/www.meydan.tv\/az\/article\/xezer-denizi-iqlim-deyisikliyinden-qetiyyen-muhafize-olunmur\/","og_locale":"az_AZ","og_type":"article","og_title":"\"X\u0259z\u0259r d\u0259nizi iqlim d\u0259yi\u015fikliyind\u0259n q\u0259tiyy\u0259n m\u00fchafiz\u0259 olunmur\" - MEYDAN.TV","og_description":"\"D\u00fczg\u00fcn texnologiyalar se\u00e7ilm\u0259s\u0259, 19 may faci\u0259si bir daha t\u0259krarlanar\"","og_url":"https:\/\/www.meydan.tv\/az\/article\/xezer-denizi-iqlim-deyisikliyinden-qetiyyen-muhafize-olunmur\/","og_site_name":"MEYDAN.TV","article_published_time":"2015-05-27T22:16:31+00:00","og_image":[{"width":749,"height":500,"url":"https:\/\/www.meydan.tv\/wp-content\/uploads\/9265.jpg","type":"image\/jpeg"}],"twitter_card":"summary_large_image","schema":{"@context":"https:\/\/schema.org","@graph":[{"@type":"Article","@id":"https:\/\/www.meydan.tv\/az\/article\/xezer-denizi-iqlim-deyisikliyinden-qetiyyen-muhafize-olunmur\/#article","isPartOf":{"@id":"https:\/\/www.meydan.tv\/az\/article\/xezer-denizi-iqlim-deyisikliyinden-qetiyyen-muhafize-olunmur\/"},"author":{"name":"user-manager","@id":"https:\/\/www.meydan.tv\/az\/#\/schema\/person\/10d11eccf6da3662cf5fdab9806ea91a"},"headline":"&#8220;X\u0259z\u0259r d\u0259nizi iqlim d\u0259yi\u015fikliyind\u0259n q\u0259tiyy\u0259n m\u00fchafiz\u0259 olunmur&#8221;","datePublished":"2015-05-27T22:16:31+00:00","mainEntityOfPage":{"@id":"https:\/\/www.meydan.tv\/az\/article\/xezer-denizi-iqlim-deyisikliyinden-qetiyyen-muhafize-olunmur\/"},"wordCount":718,"publisher":{"@id":"https:\/\/www.meydan.tv\/az\/#organization"},"image":{"@id":"https:\/\/www.meydan.tv\/az\/article\/xezer-denizi-iqlim-deyisikliyinden-qetiyyen-muhafize-olunmur\/#primaryimage"},"thumbnailUrl":"https:\/\/www.meydan.tv\/wp-content\/uploads\/9265.jpg","articleSection":["X\u0259b\u0259rl\u0259r"],"inLanguage":"az"},{"@type":"WebPage","@id":"https:\/\/www.meydan.tv\/az\/article\/xezer-denizi-iqlim-deyisikliyinden-qetiyyen-muhafize-olunmur\/","url":"https:\/\/www.meydan.tv\/az\/article\/xezer-denizi-iqlim-deyisikliyinden-qetiyyen-muhafize-olunmur\/","name":"\"X\u0259z\u0259r d\u0259nizi iqlim d\u0259yi\u015fikliyind\u0259n q\u0259tiyy\u0259n m\u00fchafiz\u0259 olunmur\" - MEYDAN.TV","isPartOf":{"@id":"https:\/\/www.meydan.tv\/az\/#website"},"primaryImageOfPage":{"@id":"https:\/\/www.meydan.tv\/az\/article\/xezer-denizi-iqlim-deyisikliyinden-qetiyyen-muhafize-olunmur\/#primaryimage"},"image":{"@id":"https:\/\/www.meydan.tv\/az\/article\/xezer-denizi-iqlim-deyisikliyinden-qetiyyen-muhafize-olunmur\/#primaryimage"},"thumbnailUrl":"https:\/\/www.meydan.tv\/wp-content\/uploads\/9265.jpg","datePublished":"2015-05-27T22:16:31+00:00","breadcrumb":{"@id":"https:\/\/www.meydan.tv\/az\/article\/xezer-denizi-iqlim-deyisikliyinden-qetiyyen-muhafize-olunmur\/#breadcrumb"},"inLanguage":"az","potentialAction":[{"@type":"ReadAction","target":["https:\/\/www.meydan.tv\/az\/article\/xezer-denizi-iqlim-deyisikliyinden-qetiyyen-muhafize-olunmur\/"]}]},{"@type":"ImageObject","inLanguage":"az","@id":"https:\/\/www.meydan.tv\/az\/article\/xezer-denizi-iqlim-deyisikliyinden-qetiyyen-muhafize-olunmur\/#primaryimage","url":"https:\/\/www.meydan.tv\/wp-content\/uploads\/9265.jpg","contentUrl":"https:\/\/www.meydan.tv\/wp-content\/uploads\/9265.jpg","width":749,"height":500,"caption":"Source:"},{"@type":"BreadcrumbList","@id":"https:\/\/www.meydan.tv\/az\/article\/xezer-denizi-iqlim-deyisikliyinden-qetiyyen-muhafize-olunmur\/#breadcrumb","itemListElement":[{"@type":"ListItem","position":1,"name":"Ana s\u0259hif\u0259","item":"https:\/\/www.meydan.tv\/az\/"},{"@type":"ListItem","position":2,"name":"X\u0259b\u0259rl\u0259r","item":"https:\/\/www.meydan.tv\/az\/section\/xeberler\/"},{"@type":"ListItem","position":3,"name":"&#8220;X\u0259z\u0259r d\u0259nizi iqlim d\u0259yi\u015fikliyind\u0259n q\u0259tiyy\u0259n m\u00fchafiz\u0259 olunmur&#8221;"}]},{"@type":"WebSite","@id":"https:\/\/www.meydan.tv\/az\/#website","url":"https:\/\/www.meydan.tv\/az\/","name":"MEYDAN.TV","description":"Meydan TV Az\u0259rbaycan\u0131n media m\u0259kan\u0131ndak\u0131 alternativ s\u0259sidir","publisher":{"@id":"https:\/\/www.meydan.tv\/az\/#organization"},"potentialAction":[{"@type":"SearchAction","target":{"@type":"EntryPoint","urlTemplate":"https:\/\/www.meydan.tv\/az\/?s={search_term_string}"},"query-input":{"@type":"PropertyValueSpecification","valueRequired":true,"valueName":"search_term_string"}}],"inLanguage":"az"},{"@type":"Organization","@id":"https:\/\/www.meydan.tv\/az\/#organization","name":"Meydan TV","url":"https:\/\/www.meydan.tv\/az\/","logo":{"@type":"ImageObject","inLanguage":"az","@id":"https:\/\/www.meydan.tv\/az\/#\/schema\/logo\/image\/","url":"https:\/\/www.meydan.tv\/wp-content\/uploads\/2021\/07\/meydan-logo.svg","contentUrl":"https:\/\/www.meydan.tv\/wp-content\/uploads\/2021\/07\/meydan-logo.svg","width":195,"height":46,"caption":"Meydan TV"},"image":{"@id":"https:\/\/www.meydan.tv\/az\/#\/schema\/logo\/image\/"}},{"@type":"Person","@id":"https:\/\/www.meydan.tv\/az\/#\/schema\/person\/10d11eccf6da3662cf5fdab9806ea91a","name":"user-manager"}]}},"_links":{"self":[{"href":"https:\/\/www.meydan.tv\/az\/wp-json\/wp\/v2\/posts\/168100","targetHints":{"allow":["GET"]}}],"collection":[{"href":"https:\/\/www.meydan.tv\/az\/wp-json\/wp\/v2\/posts"}],"about":[{"href":"https:\/\/www.meydan.tv\/az\/wp-json\/wp\/v2\/types\/post"}],"author":[{"embeddable":true,"href":"https:\/\/www.meydan.tv\/az\/wp-json\/wp\/v2\/users\/11"}],"replies":[{"embeddable":true,"href":"https:\/\/www.meydan.tv\/az\/wp-json\/wp\/v2\/comments?post=168100"}],"version-history":[{"count":0,"href":"https:\/\/www.meydan.tv\/az\/wp-json\/wp\/v2\/posts\/168100\/revisions"}],"wp:featuredmedia":[{"embeddable":true,"href":"https:\/\/www.meydan.tv\/az\/wp-json\/wp\/v2\/media\/25324"}],"wp:attachment":[{"href":"https:\/\/www.meydan.tv\/az\/wp-json\/wp\/v2\/media?parent=168100"}],"wp:term":[{"taxonomy":"category","embeddable":true,"href":"https:\/\/www.meydan.tv\/az\/wp-json\/wp\/v2\/categories?post=168100"},{"taxonomy":"post_tag","embeddable":true,"href":"https:\/\/www.meydan.tv\/az\/wp-json\/wp\/v2\/tags?post=168100"}],"curies":[{"name":"wp","href":"https:\/\/api.w.org\/{rel}","templated":true}]}}