{"id":168099,"date":"2015-05-27T21:26:39","date_gmt":"2015-05-27T21:26:39","guid":{"rendered":"https:\/\/www.meydan.tv\/article\/siyasi-mehbus-meselesini-birbasa-azerbaycan-hokumeti-ile-danismisiq\/"},"modified":"2015-05-27T21:26:39","modified_gmt":"2015-05-27T21:26:39","slug":"siyasi-mehbus-meselesini-birbasa-azerbaycan-hokumeti-ile-danismisiq","status":"publish","type":"post","link":"https:\/\/www.meydan.tv\/az\/article\/siyasi-mehbus-meselesini-birbasa-azerbaycan-hokumeti-ile-danismisiq\/","title":{"rendered":"&#8220;Siyasi m\u0259hbus m\u0259s\u0259l\u0259sini birba\u015fa Az\u0259rbaycan h\u00f6kum\u0259ti il\u0259 dan\u0131\u015fm\u0131\u015f\u0131q&#8221;"},"content":{"rendered":"<figure class=\"wp-block-image size-large\">\n  <img decoding=\"async\" src=\"https:\/\/www.meydan.tv\/az\/25321\/\" alt=\"\" class=\"wp-image-25321\"\/><figcaption><\/figcaption><\/figure>\n<figure class=\"wp-block-image size-large\">\n  <img decoding=\"async\" src=\"https:\/\/www.meydan.tv\/az\/25321\/\" alt=\"\" class=\"wp-image-25321\"\/><figcaption><\/figcaption><\/figure>\n<p>\n  <i><br \/>\n    S\u0259fir Paskal M\u00f6nye d\u00fc\u015f\u00fcn\u00fcr ki, r\u0259smi Bak\u0131 onlar\u0131n dostcas\u0131na dedikl\u0259rini d\u0259, dig\u0259r t\u0259\u015fkilatlar\u0131n aqressiv \u015f\u0259kild\u0259 olan qeydl\u0259rini d\u0259 e\u015fidir<br \/>\n  <\/i>\n<\/p>\n<p>\n  &#8220;Riqa Sammitinin yekun b\u0259yanat\u0131nda Az\u0259rbaycan\u0131n ad\u0131 Belarus v\u0259 Erm\u0259nistanla yana\u015f\u0131 \u00e7\u0259kils\u0259 d\u0259, siyasi m\u0259hbuslar\u0131n say\u0131 bax\u0131mdan r\u0259smi Bak\u0131 h\u0259r iki respublikan\u0131 qabaqlay\u0131r. Bu g\u00fcn Fransa Ali Legion Ordeninin m\u00fckafat\u00e7\u0131s\u0131 Leyla Yunus v\u0259 do\u011fum g\u00fcn\u00fc olan X\u0259dic\u0259 \u0130smay\u0131l h\u0259bsd\u0259dirl\u0259r. Bu m\u0259nada Fransan\u0131n Az\u0259rbaycanda siyasi m\u0259hbus m\u0259s\u0259l\u0259sin\u0259 m\u00fcnasib\u0259tini bilm\u0259k ist\u0259rdik&#8221;.\n<\/p>\n<p>\n  Bu sual\u0131 Meydan TV-in \u0259m\u0259kda\u015f\u0131 may\u0131n 27-d\u0259 Fransan\u0131n Az\u0259rbaycandak\u0131 s\u0259firi Paskal M\u00f6nyenin bir qrup jurnalistl\u0259 g\u00f6r\u00fc\u015f\u00fcnd\u0259 s\u0259sl\u0259ndirib.\n<\/p>\n<p>\n  S\u0259fir M\u00f6nye bildirib ki, \u00f6t\u0259n ilin may\u0131nda Leyla Yunus v\u0259 X\u0259dic\u0259 \u0130smay\u0131l sizin kimi s\u0259firlikd\u0259 idil\u0259r v\u0259 prezident Fransua Ollandla g\u00f6r\u00fc\u015f ke\u00e7irirdil\u0259r: &#8220;M\u0259lum h\u0259bsl\u0259rd\u0259n sonra adlar\u0131n\u0131 \u00e7\u0259kdikl\u0259riniz v\u0259 dig\u0259rl\u0259ri bar\u0259sind\u0259 olan m\u00fczakir\u0259l\u0259r h\u0259r siyasi kontakt zaman\u0131 g\u00fcnd\u0259m\u0259 g\u0259lib. Bunu a\u00e7\u0131q m\u0259tbuata yox, Az\u0259rbaycan h\u00f6kum\u0259ti il\u0259 birba\u015fa dan\u0131\u015fm\u0131\u015f\u0131q. \u00c7\u00fcnki bunun daha effektiv ola bil\u0259c\u0259yini hesab etmi\u015fik&#8221;.\n<\/p>\n<p>\n  S\u0259fir deyib ki, Az\u0259rbaycan bir \u00e7ox irimiqyasl\u0131 t\u0259dbirl\u0259r h\u0259yata ke\u00e7irir, y\u0259ni \u00f6lk\u0259niz diqq\u0259ti \u00f6z\u00fcn\u0259 c\u0259lb etm\u0259k niyy\u0259tind\u0259dir: &#8220;D\u00fc\u015f\u00fcn\u00fcr\u0259m ki, Az\u0259rbaycan h\u00f6kum\u0259ti imicini yax\u015f\u0131la\u015fd\u0131rmaq \u00fc\u00e7\u00fcn bel\u0259 t\u0259dbirl\u0259r ke\u00e7irir. Son 10 ild\u0259 \u00f6lk\u0259niz n\u0259l\u0259r\u0259 nail oldu\u011funu g\u00f6st\u0259rm\u0259k ist\u0259yir. \u0130nan\u0131n ki, Bak\u0131ya h\u0259r g\u0259l\u0259n paytaxt\u0131n\u0131za valeh olur. Amma m\u0259n bilirsiniz telekanallar\u0131n birin\u0259 m\u00fcsahib\u0259md\u0259 n\u0259 demi\u015fdim? Bildirmi\u015fdim ki, diqq\u0259ti \u00f6z\u00fcn\u0259 c\u0259lb ed\u0259n g\u0259r\u0259k m\u00fck\u0259mm\u0259l olsun, T\u0259s\u0259vv\u00fcr edin ki, m\u0259n bel\u0259 formada (qalstukunu \u0259yib arxaya at\u0131r) telekanala m\u00fcsahib\u0259 verir\u0259m, ham\u0131 m\u0259nim qalstukuma baxacaq, he\u00e7 k\u0259s dem\u0259k ist\u0259diyim mesaja diqq\u0259t ay\u0131rmayacaq. D\u00fc\u015f\u00fcn\u00fcr\u0259m ki, Az\u0259rbaycan h\u00f6kum\u0259ti bizim dostcas\u0131na dedikl\u0259rimizi d\u0259, dig\u0259r t\u0259\u015fkilatlar\u0131n aqressiv \u015f\u0259kild\u0259 olan qeydl\u0259rini d\u0259 e\u015fidir. Bu g\u00fcn d\u0259 prezident \u018fliyev diplomatik korpus qar\u015f\u0131s\u0131nda bildirmi\u015fdi ki, Az\u0259rbaycan\u0131n demokratiya sah\u0259sind\u0259 \u00f6hd\u0259likl\u0259ri vard\u0131r v\u0259 bunlar yerin\u0259 yetiril\u0259c\u0259k&#8221;.\n<\/p>\n<p>\n  S\u0259fir Az\u0259rbaycan X\u0130N-in \u00f6lk\u0259sin\u0259 etiraz notas\u0131na da ayd\u0131nl\u0131q g\u0259tir\u0259r\u0259k deyib ki, Fransa Senat\u0131n\u0131n Az\u0259rbaycanda Dostluq Qrupunun r\u0259hb\u0259ri Natali Qule Fransa h\u00f6kum\u0259tin\u0259 Qaraba\u011f separat\u00e7\u0131lar\u0131n\u0131n lideri Bako Saakyan\u0131n bu yax\u0131nlarda \u00f6lk\u0259y\u0259 s\u0259f\u0259ri zaman\u0131 bir s\u0131ra Fransa \u015f\u0259h\u0259rl\u0259rinin merl\u0259rinin onunla imzalad\u0131\u011f\u0131 sazi\u015fl\u0259rin qanuniliyini ara\u015fd\u0131rmaq \u00e7a\u011f\u0131r\u0131\u015f\u0131 il\u0259 m\u00fcraci\u0259t edib: &#8220;M\u0259n X\u0130N-in notas\u0131 bar\u0259d\u0259 \u00f6lk\u0259mi m\u0259lumatland\u0131rm\u0131\u015fam. Bilirsiniz, Fransa separatizmi t\u0259\u015fviq etmir v\u0259 Az\u0259rbaycan\u0131n narahatl\u0131\u011f\u0131na anlay\u0131\u015f g\u00f6st\u0259rir. Eyni zamanda, Fransa h\u00f6kum\u0259ti ayr\u0131-ayr\u0131 insanlar aras\u0131nda \u0259laq\u0259l\u0259rin qar\u015f\u0131s\u0131n\u0131 ala bilm\u0259z&#8221;.<\/p>\n","protected":false},"excerpt":{"rendered":"<p>S\u0259fir Paskal M\u00f6nye d\u00fc\u015f\u00fcn\u00fcr ki, r\u0259smi Bak\u0131 onlar\u0131n dostcas\u0131na dedikl\u0259rini d\u0259, dig\u0259r t\u0259\u015fkilatlar\u0131n aqressiv \u015f\u0259kild\u0259 olan qeydl\u0259rini d\u0259 e\u015fidir<\/p>\n","protected":false},"author":11,"featured_media":25321,"comment_status":"closed","ping_status":"open","sticky":false,"template":"","format":"standard","meta":{"_acf_changed":false,"_sitemap_exclude":false,"_sitemap_priority":"","_sitemap_frequency":"","footnotes":""},"categories":[56],"tags":[],"class_list":["post-168099","post","type-post","status-publish","format-standard","has-post-thumbnail","hentry","category-xeberler","infinite-scroll-item","generate-columns","tablet-grid-50","mobile-grid-100","grid-parent","grid-33","no-featured-image-padding"],"acf":[],"yoast_head":"<!-- This site is optimized with the Yoast SEO plugin v28.4 - https:\/\/yoast.com\/product\/yoast-seo-wordpress\/ -->\n<title>&quot;Siyasi m\u0259hbus m\u0259s\u0259l\u0259sini birba\u015fa Az\u0259rbaycan h\u00f6kum\u0259ti il\u0259 dan\u0131\u015fm\u0131\u015f\u0131q&quot; - MEYDAN.TV<\/title>\n<meta name=\"robots\" content=\"index, follow, max-snippet:-1, max-image-preview:large, max-video-preview:-1\" \/>\n<link rel=\"canonical\" href=\"https:\/\/www.meydan.tv\/az\/article\/siyasi-mehbus-meselesini-birbasa-azerbaycan-hokumeti-ile-danismisiq\/\" \/>\n<meta property=\"og:locale\" content=\"az_AZ\" \/>\n<meta property=\"og:type\" content=\"article\" \/>\n<meta property=\"og:title\" content=\"&quot;Siyasi m\u0259hbus m\u0259s\u0259l\u0259sini birba\u015fa Az\u0259rbaycan h\u00f6kum\u0259ti il\u0259 dan\u0131\u015fm\u0131\u015f\u0131q&quot; - MEYDAN.TV\" \/>\n<meta property=\"og:description\" content=\"S\u0259fir Paskal M\u00f6nye d\u00fc\u015f\u00fcn\u00fcr ki, r\u0259smi Bak\u0131 onlar\u0131n dostcas\u0131na dedikl\u0259rini d\u0259, dig\u0259r t\u0259\u015fkilatlar\u0131n aqressiv \u015f\u0259kild\u0259 olan qeydl\u0259rini d\u0259 e\u015fidir\" \/>\n<meta property=\"og:url\" content=\"https:\/\/www.meydan.tv\/az\/article\/siyasi-mehbus-meselesini-birbasa-azerbaycan-hokumeti-ile-danismisiq\/\" \/>\n<meta property=\"og:site_name\" content=\"MEYDAN.TV\" \/>\n<meta property=\"article:published_time\" content=\"2015-05-27T21:26:39+00:00\" \/>\n<meta property=\"og:image\" content=\"https:\/\/www.meydan.tv\/wp-content\/uploads\/9264.jpg\" \/>\n\t<meta property=\"og:image:width\" content=\"467\" \/>\n\t<meta property=\"og:image:height\" content=\"350\" \/>\n\t<meta property=\"og:image:type\" content=\"image\/jpeg\" \/>\n<meta name=\"twitter:card\" content=\"summary_large_image\" \/>\n<!-- \/ Yoast SEO plugin. -->","yoast_head_json":{"title":"\"Siyasi m\u0259hbus m\u0259s\u0259l\u0259sini birba\u015fa Az\u0259rbaycan h\u00f6kum\u0259ti il\u0259 dan\u0131\u015fm\u0131\u015f\u0131q\" - MEYDAN.TV","robots":{"index":"index","follow":"follow","max-snippet":"max-snippet:-1","max-image-preview":"max-image-preview:large","max-video-preview":"max-video-preview:-1"},"canonical":"https:\/\/www.meydan.tv\/az\/article\/siyasi-mehbus-meselesini-birbasa-azerbaycan-hokumeti-ile-danismisiq\/","og_locale":"az_AZ","og_type":"article","og_title":"\"Siyasi m\u0259hbus m\u0259s\u0259l\u0259sini birba\u015fa Az\u0259rbaycan h\u00f6kum\u0259ti il\u0259 dan\u0131\u015fm\u0131\u015f\u0131q\" - MEYDAN.TV","og_description":"S\u0259fir Paskal M\u00f6nye d\u00fc\u015f\u00fcn\u00fcr ki, r\u0259smi Bak\u0131 onlar\u0131n dostcas\u0131na dedikl\u0259rini d\u0259, dig\u0259r t\u0259\u015fkilatlar\u0131n aqressiv \u015f\u0259kild\u0259 olan qeydl\u0259rini d\u0259 e\u015fidir","og_url":"https:\/\/www.meydan.tv\/az\/article\/siyasi-mehbus-meselesini-birbasa-azerbaycan-hokumeti-ile-danismisiq\/","og_site_name":"MEYDAN.TV","article_published_time":"2015-05-27T21:26:39+00:00","og_image":[{"width":467,"height":350,"url":"https:\/\/www.meydan.tv\/wp-content\/uploads\/9264.jpg","type":"image\/jpeg"}],"twitter_card":"summary_large_image","schema":{"@context":"https:\/\/schema.org","@graph":[{"@type":"Article","@id":"https:\/\/www.meydan.tv\/az\/article\/siyasi-mehbus-meselesini-birbasa-azerbaycan-hokumeti-ile-danismisiq\/#article","isPartOf":{"@id":"https:\/\/www.meydan.tv\/az\/article\/siyasi-mehbus-meselesini-birbasa-azerbaycan-hokumeti-ile-danismisiq\/"},"author":{"name":"user-manager","@id":"https:\/\/www.meydan.tv\/az\/#\/schema\/person\/10d11eccf6da3662cf5fdab9806ea91a"},"headline":"&#8220;Siyasi m\u0259hbus m\u0259s\u0259l\u0259sini birba\u015fa Az\u0259rbaycan h\u00f6kum\u0259ti il\u0259 dan\u0131\u015fm\u0131\u015f\u0131q&#8221;","datePublished":"2015-05-27T21:26:39+00:00","mainEntityOfPage":{"@id":"https:\/\/www.meydan.tv\/az\/article\/siyasi-mehbus-meselesini-birbasa-azerbaycan-hokumeti-ile-danismisiq\/"},"wordCount":593,"publisher":{"@id":"https:\/\/www.meydan.tv\/az\/#organization"},"image":{"@id":"https:\/\/www.meydan.tv\/az\/article\/siyasi-mehbus-meselesini-birbasa-azerbaycan-hokumeti-ile-danismisiq\/#primaryimage"},"thumbnailUrl":"https:\/\/www.meydan.tv\/wp-content\/uploads\/9264.jpg","articleSection":["X\u0259b\u0259rl\u0259r"],"inLanguage":"az"},{"@type":"WebPage","@id":"https:\/\/www.meydan.tv\/az\/article\/siyasi-mehbus-meselesini-birbasa-azerbaycan-hokumeti-ile-danismisiq\/","url":"https:\/\/www.meydan.tv\/az\/article\/siyasi-mehbus-meselesini-birbasa-azerbaycan-hokumeti-ile-danismisiq\/","name":"\"Siyasi m\u0259hbus m\u0259s\u0259l\u0259sini birba\u015fa Az\u0259rbaycan h\u00f6kum\u0259ti il\u0259 dan\u0131\u015fm\u0131\u015f\u0131q\" - MEYDAN.TV","isPartOf":{"@id":"https:\/\/www.meydan.tv\/az\/#website"},"primaryImageOfPage":{"@id":"https:\/\/www.meydan.tv\/az\/article\/siyasi-mehbus-meselesini-birbasa-azerbaycan-hokumeti-ile-danismisiq\/#primaryimage"},"image":{"@id":"https:\/\/www.meydan.tv\/az\/article\/siyasi-mehbus-meselesini-birbasa-azerbaycan-hokumeti-ile-danismisiq\/#primaryimage"},"thumbnailUrl":"https:\/\/www.meydan.tv\/wp-content\/uploads\/9264.jpg","datePublished":"2015-05-27T21:26:39+00:00","breadcrumb":{"@id":"https:\/\/www.meydan.tv\/az\/article\/siyasi-mehbus-meselesini-birbasa-azerbaycan-hokumeti-ile-danismisiq\/#breadcrumb"},"inLanguage":"az","potentialAction":[{"@type":"ReadAction","target":["https:\/\/www.meydan.tv\/az\/article\/siyasi-mehbus-meselesini-birbasa-azerbaycan-hokumeti-ile-danismisiq\/"]}]},{"@type":"ImageObject","inLanguage":"az","@id":"https:\/\/www.meydan.tv\/az\/article\/siyasi-mehbus-meselesini-birbasa-azerbaycan-hokumeti-ile-danismisiq\/#primaryimage","url":"https:\/\/www.meydan.tv\/wp-content\/uploads\/9264.jpg","contentUrl":"https:\/\/www.meydan.tv\/wp-content\/uploads\/9264.jpg","width":467,"height":350,"caption":"Source:"},{"@type":"BreadcrumbList","@id":"https:\/\/www.meydan.tv\/az\/article\/siyasi-mehbus-meselesini-birbasa-azerbaycan-hokumeti-ile-danismisiq\/#breadcrumb","itemListElement":[{"@type":"ListItem","position":1,"name":"Ana s\u0259hif\u0259","item":"https:\/\/www.meydan.tv\/az\/"},{"@type":"ListItem","position":2,"name":"X\u0259b\u0259rl\u0259r","item":"https:\/\/www.meydan.tv\/az\/section\/xeberler\/"},{"@type":"ListItem","position":3,"name":"&#8220;Siyasi m\u0259hbus m\u0259s\u0259l\u0259sini birba\u015fa Az\u0259rbaycan h\u00f6kum\u0259ti il\u0259 dan\u0131\u015fm\u0131\u015f\u0131q&#8221;"}]},{"@type":"WebSite","@id":"https:\/\/www.meydan.tv\/az\/#website","url":"https:\/\/www.meydan.tv\/az\/","name":"MEYDAN.TV","description":"Meydan TV Az\u0259rbaycan\u0131n media m\u0259kan\u0131ndak\u0131 alternativ s\u0259sidir","publisher":{"@id":"https:\/\/www.meydan.tv\/az\/#organization"},"potentialAction":[{"@type":"SearchAction","target":{"@type":"EntryPoint","urlTemplate":"https:\/\/www.meydan.tv\/az\/?s={search_term_string}"},"query-input":{"@type":"PropertyValueSpecification","valueRequired":true,"valueName":"search_term_string"}}],"inLanguage":"az"},{"@type":"Organization","@id":"https:\/\/www.meydan.tv\/az\/#organization","name":"Meydan TV","url":"https:\/\/www.meydan.tv\/az\/","logo":{"@type":"ImageObject","inLanguage":"az","@id":"https:\/\/www.meydan.tv\/az\/#\/schema\/logo\/image\/","url":"https:\/\/www.meydan.tv\/wp-content\/uploads\/2021\/07\/meydan-logo.svg","contentUrl":"https:\/\/www.meydan.tv\/wp-content\/uploads\/2021\/07\/meydan-logo.svg","width":195,"height":46,"caption":"Meydan TV"},"image":{"@id":"https:\/\/www.meydan.tv\/az\/#\/schema\/logo\/image\/"}},{"@type":"Person","@id":"https:\/\/www.meydan.tv\/az\/#\/schema\/person\/10d11eccf6da3662cf5fdab9806ea91a","name":"user-manager"}]}},"_links":{"self":[{"href":"https:\/\/www.meydan.tv\/az\/wp-json\/wp\/v2\/posts\/168099","targetHints":{"allow":["GET"]}}],"collection":[{"href":"https:\/\/www.meydan.tv\/az\/wp-json\/wp\/v2\/posts"}],"about":[{"href":"https:\/\/www.meydan.tv\/az\/wp-json\/wp\/v2\/types\/post"}],"author":[{"embeddable":true,"href":"https:\/\/www.meydan.tv\/az\/wp-json\/wp\/v2\/users\/11"}],"replies":[{"embeddable":true,"href":"https:\/\/www.meydan.tv\/az\/wp-json\/wp\/v2\/comments?post=168099"}],"version-history":[{"count":0,"href":"https:\/\/www.meydan.tv\/az\/wp-json\/wp\/v2\/posts\/168099\/revisions"}],"wp:featuredmedia":[{"embeddable":true,"href":"https:\/\/www.meydan.tv\/az\/wp-json\/wp\/v2\/media\/25321"}],"wp:attachment":[{"href":"https:\/\/www.meydan.tv\/az\/wp-json\/wp\/v2\/media?parent=168099"}],"wp:term":[{"taxonomy":"category","embeddable":true,"href":"https:\/\/www.meydan.tv\/az\/wp-json\/wp\/v2\/categories?post=168099"},{"taxonomy":"post_tag","embeddable":true,"href":"https:\/\/www.meydan.tv\/az\/wp-json\/wp\/v2\/tags?post=168099"}],"curies":[{"name":"wp","href":"https:\/\/api.w.org\/{rel}","templated":true}]}}